{"id":10794,"date":"2025-10-21T04:17:47","date_gmt":"2025-10-21T02:17:47","guid":{"rendered":"https:\/\/vieassociative.be\/actualites\/la-plus-forte-elevation-du-niveau-de-la-mer-depuis-4-000-ans-certaines-parties-de-jakarta-sont-desormais-en-dessous-de-ce-niveau\/"},"modified":"2025-10-21T04:17:47","modified_gmt":"2025-10-21T02:17:47","slug":"la-plus-forte-elevation-du-niveau-de-la-mer-depuis-4-000-ans-certaines-parties-de-jakarta-sont-desormais-en-dessous-de-ce-niveau","status":"publish","type":"post","link":"https:\/\/vieassociative.be\/actualites\/la-plus-forte-elevation-du-niveau-de-la-mer-depuis-4-000-ans-certaines-parties-de-jakarta-sont-desormais-en-dessous-de-ce-niveau\/","title":{"rendered":"La plus forte \u00e9l\u00e9vation du niveau de la mer depuis 4 000 ans \u2013 certaines parties de Jakarta sont d\u00e9sormais en dessous de ce niveau"},"content":{"rendered":"<p><strong>Le niveau de la mer augmente depuis un certain temps. Une \u00e9tude montre d\u00e9sormais que cette augmentation est sans pr\u00e9c\u00e9dent depuis au moins 4 000 ans.<\/strong><\/p>\n<p><span id=\"more-427660\"><\/span>Le niveau de la mer \u00e0 l\u2019\u00e9chelle mondiale a augment\u00e9 beaucoup plus rapidement entre 1900 et 2020 qu\u2019\u00e0 tout autre moment au cours des 4\u00a0000 derni\u00e8res ann\u00e9es. C\u2019est ce qui ressort d\u2019une \u00e9tude portant sur les changements du niveau mondial de la mer au cours des pr\u00e8s de 12 000 derni\u00e8res ann\u00e9es.<\/p>\n<p>L&rsquo;augmentation actuelle du niveau de la mer \u00e0 l&rsquo;\u00e9chelle mondiale est principalement due \u00e0 deux effets, comme l&rsquo;\u00e9crit dans la revue Nature le groupe dirig\u00e9 par Yucheng Lin de l&rsquo;universit\u00e9 Rutgers de Piscataway (\u00c9tat am\u00e9ricain du New Jersey) : d&rsquo;une part, l&rsquo;eau des oc\u00e9ans se r\u00e9chauffe &#8211; et s&rsquo;\u00e9tend. D\u2019un autre c\u00f4t\u00e9, davantage d\u2019eau s\u2019\u00e9coule dans les oc\u00e9ans \u00e0 mesure que les glaciers de montagne et les calottes glaciaires du Groenland et de l\u2019Antarctique fondent.<\/p>\n<div id=\"attachment_164985\" class=\"wp-caption alignleft\" style=\"max-width: 300px\"><img fetchpriority=\"high\" decoding=\"async\" class=\"wp-image-164985 size-medium\" src=\"https:\/\/vieassociative.be\/actualites\/wp-content\/uploads\/2025\/10\/La-plus-forte-elevation-du-niveau-de-la-mer-depuis.jpeg\" alt=\"\" width=\"300\" height=\"200\"  ><\/div>\n<p>\u00ab\u00a0Les glaciers r\u00e9agissent plus rapidement parce qu&rsquo;ils sont plus petits que les calottes glaciaires, qui ont souvent la taille d&rsquo;un continent\u00a0\u00bb, a d\u00e9clar\u00e9 Lin dans un communiqu\u00e9 de son universit\u00e9. \u00ab\u00a0Au Groenland, nous assistons actuellement \u00e0 une acc\u00e9l\u00e9ration croissante.\u00a0\u00bb<\/p>\n<p>Selon l&rsquo;\u00e9tude, apr\u00e8s la fin de la derni\u00e8re p\u00e9riode glaciaire, le niveau de la mer a augment\u00e9 particuli\u00e8rement fortement entre il y a 11 700 ans et il y a 8 200 ans, soit une moyenne de 10,7 millim\u00e8tres par an. Il y a environ 6 000 ans, l&rsquo;augmentation annuelle \u00e9tait d&rsquo;environ 2,8 millim\u00e8tres. Il y a environ 3 000 ans, elle n&rsquo;\u00e9tait que de 0,4 millim\u00e8tre par an et a ensuite continu\u00e9 \u00e0 diminuer.<\/p>\n<p>Au cours des 4 000 derni\u00e8res ann\u00e9es, le niveau de la mer a l\u00e9g\u00e8rement fluctu\u00e9. Ce n&rsquo;est qu&rsquo;au XIXe si\u00e8cle qu&rsquo;un changement s&rsquo;op\u00e8re : dans la premi\u00e8re moiti\u00e9, le niveau de la mer n&rsquo;a augment\u00e9 que relativement peu, en moyenne de 0,1 millim\u00e8tre par an, et dans la seconde moiti\u00e9, de 0,76 millim\u00e8tre.<\/p>\n<p>Les scientifiques estiment l\u2019augmentation moyenne entre 1990 et 2020 \u00e0 1,51 millim\u00e8tres. D&rsquo;autres \u00e9tudes montrent que la hausse s&rsquo;est acc\u00e9l\u00e9r\u00e9e sur cette p\u00e9riode.<\/p>\n<div id=\"attachment_293787\" class=\"wp-caption alignleft\" style=\"max-width: 300px\"><img decoding=\"async\" class=\"wp-image-293787 size-medium\" src=\"https:\/\/vieassociative.be\/actualites\/wp-content\/uploads\/2025\/10\/1761013067_633_La-plus-forte-elevation-du-niveau-de-la-mer-depuis.jpeg\" alt=\"\" width=\"300\" height=\"200\"><\/div>\n<p><strong>\u2013 Causes diverses :<\/strong> Pour cette \u00e9tude, l\u2019\u00e9quipe a examin\u00e9 des milliers de donn\u00e9es provenant de diverses sources, notamment d\u2019anciens r\u00e9cifs coralliens et mangroves, qui servent d\u2019archives naturelles du niveau de la mer pass\u00e9. Ces donn\u00e9es ont \u00e9t\u00e9 introduites dans un logiciel de mod\u00e9lisation que Lin a lui-m\u00eame d\u00e9velopp\u00e9. Cela permet de distinguer diff\u00e9rentes causes de mont\u00e9e ou de baisse du niveau de la mer, dit-on.<\/p>\n<p>L&rsquo;immersion d&rsquo;une plaque de terre sous une autre peut provoquer le soul\u00e8vement de la plaque sup\u00e9rieure. En revanche, de nombreuses villes c\u00f4ti\u00e8res sont situ\u00e9es \u00e0 proximit\u00e9 des embouchures des rivi\u00e8res, o\u00f9 le sous-sol s\u00e9dimentaire est compact\u00e9 par la masse des b\u00e2timents et des routes, ce qui entra\u00eene un affaissement et donc une nouvelle \u00e9l\u00e9vation du niveau de la mer.<\/p>\n<p>Les chercheurs le montrent \u00e0 l\u2019aide d\u2019exemples provenant de la c\u00f4te sud-est de la Chine. Selon cette \u00e9tude, certaines parties de Shanghai ont coul\u00e9 de plus d&rsquo;un m\u00e8tre au XXe si\u00e8cle &#8211; non seulement en raison du tassement naturel du sous-sol, mais \u00e9galement en raison des niveaux \u00e9lev\u00e9s d&rsquo;extraction des eaux souterraines.<\/p>\n<p>D&rsquo;autres villes c\u00f4ti\u00e8res ont connu une situation encore pire : l&rsquo;ancienne capitale indon\u00e9sienne, Jakarta, a tellement coul\u00e9 que certaines parties de la ville se trouvent d\u00e9sormais sous le niveau de la mer et l&rsquo;eau doit y \u00eatre constamment pomp\u00e9e. (dpa)<\/p>\n","protected":false},"excerpt":{"rendered":"<p>Le niveau de la mer augmente depuis un certain temps. Une \u00e9tude montre d\u00e9sormais que cette augmentation est sans pr\u00e9c\u00e9dent depuis au moins 4 000<\/p>\n","protected":false},"author":1,"featured_media":10795,"comment_status":"","ping_status":"","sticky":false,"template":"","format":"standard","meta":{"footnotes":""},"categories":[298],"tags":[584,5968,1824,6,8978,8976,4868,8977,4704,3540,7837,18],"class_list":["post-10794","post","type-post","status-publish","format-standard","has-post-thumbnail","hentry","category-belgique","tag-ans","tag-certaines","tag-depuis","tag-desormais","tag-dessous","tag-elevation","tag-forte","tag-jakarta","tag-mer","tag-niveau","tag-parties","tag-sont","generate-columns","tablet-grid-50","mobile-grid-100","grid-parent","grid-33"],"yoast_head":"<!-- This site is optimized with the Yoast SEO plugin v24.0 - https:\/\/yoast.com\/wordpress\/plugins\/seo\/ -->\n<title>La plus forte \u00e9l\u00e9vation du niveau de la mer depuis 4 000 ans \u2013 certaines parties de Jakarta sont d\u00e9sormais en dessous de ce niveau | Vie Associative<\/title>\n<meta name=\"robots\" content=\"index, follow, max-snippet:-1, max-image-preview:large, max-video-preview:-1\" \/>\n<link rel=\"canonical\" href=\"https:\/\/vieassociative.be\/actualites\/la-plus-forte-elevation-du-niveau-de-la-mer-depuis-4-000-ans-certaines-parties-de-jakarta-sont-desormais-en-dessous-de-ce-niveau\/\" \/>\n<meta property=\"og:locale\" content=\"fr_FR\" \/>\n<meta property=\"og:type\" content=\"article\" \/>\n<meta property=\"og:title\" content=\"La plus forte \u00e9l\u00e9vation du niveau de la mer depuis 4 000 ans \u2013 certaines parties de Jakarta sont d\u00e9sormais en dessous de ce niveau | Vie Associative\" \/>\n<meta property=\"og:description\" content=\"Le niveau de la mer augmente depuis un certain temps. Une \u00e9tude montre d\u00e9sormais que cette augmentation est sans pr\u00e9c\u00e9dent depuis au moins 4 000\" \/>\n<meta property=\"og:url\" content=\"https:\/\/vieassociative.be\/actualites\/la-plus-forte-elevation-du-niveau-de-la-mer-depuis-4-000-ans-certaines-parties-de-jakarta-sont-desormais-en-dessous-de-ce-niveau\/\" \/>\n<meta property=\"og:site_name\" content=\"Vie Associative\" \/>\n<meta property=\"article:published_time\" content=\"2025-10-21T02:17:47+00:00\" \/>\n<meta property=\"og:image\" content=\"https:\/\/vieassociative.be\/actualites\/wp-content\/uploads\/2024\/09\/header_backgroundk-01-e1726694325946.png\" \/>\n\t<meta property=\"og:image:width\" content=\"279\" \/>\n\t<meta property=\"og:image:height\" content=\"92\" \/>\n\t<meta property=\"og:image:type\" content=\"image\/png\" \/>\n<meta name=\"author\" content=\"Julien\" \/>\n<meta name=\"twitter:card\" content=\"summary_large_image\" \/>\n<meta name=\"twitter:label1\" content=\"\u00c9crit par\" \/>\n\t<meta name=\"twitter:data1\" content=\"Julien\" \/>\n\t<meta name=\"twitter:label2\" content=\"Dur\u00e9e de lecture est.\" \/>\n\t<meta name=\"twitter:data2\" content=\"3 minutes\" \/>\n<script type=\"application\/ld+json\" class=\"yoast-schema-graph\">{\"@context\":\"https:\/\/schema.org\",\"@graph\":[{\"@type\":\"Article\",\"@id\":\"https:\/\/vieassociative.be\/actualites\/la-plus-forte-elevation-du-niveau-de-la-mer-depuis-4-000-ans-certaines-parties-de-jakarta-sont-desormais-en-dessous-de-ce-niveau\/#article\",\"isPartOf\":{\"@id\":\"https:\/\/vieassociative.be\/actualites\/la-plus-forte-elevation-du-niveau-de-la-mer-depuis-4-000-ans-certaines-parties-de-jakarta-sont-desormais-en-dessous-de-ce-niveau\/\"},\"author\":{\"name\":\"Julien\",\"@id\":\"https:\/\/vieassociative.be\/actualites\/#\/schema\/person\/b87ac4f82f9d4e7b7cec7395b679edc4\"},\"headline\":\"La plus forte \u00e9l\u00e9vation du niveau de la mer depuis 4 000 ans \u2013 certaines parties de Jakarta sont d\u00e9sormais en dessous de ce niveau\",\"datePublished\":\"2025-10-21T02:17:47+00:00\",\"dateModified\":\"2025-10-21T02:17:47+00:00\",\"mainEntityOfPage\":{\"@id\":\"https:\/\/vieassociative.be\/actualites\/la-plus-forte-elevation-du-niveau-de-la-mer-depuis-4-000-ans-certaines-parties-de-jakarta-sont-desormais-en-dessous-de-ce-niveau\/\"},\"wordCount\":650,\"publisher\":{\"@id\":\"https:\/\/vieassociative.be\/actualites\/#organization\"},\"image\":{\"@id\":\"https:\/\/vieassociative.be\/actualites\/la-plus-forte-elevation-du-niveau-de-la-mer-depuis-4-000-ans-certaines-parties-de-jakarta-sont-desormais-en-dessous-de-ce-niveau\/#primaryimage\"},\"thumbnailUrl\":\"https:\/\/vieassociative.be\/actualites\/wp-content\/uploads\/2025\/10\/La-plus-forte-elevation-du-niveau-de-la-mer-depuis.jpg\",\"keywords\":[\"ans\",\"Certaines\",\"depuis\",\"d\u00e9sormais\",\"dessous\",\"\u00e9l\u00e9vation\",\"Forte\",\"Jakarta\",\"mer\",\"niveau\",\"parties\",\"sont\"],\"articleSection\":[\"Belgique\"],\"inLanguage\":\"fr-BE\"},{\"@type\":\"WebPage\",\"@id\":\"https:\/\/vieassociative.be\/actualites\/la-plus-forte-elevation-du-niveau-de-la-mer-depuis-4-000-ans-certaines-parties-de-jakarta-sont-desormais-en-dessous-de-ce-niveau\/\",\"url\":\"https:\/\/vieassociative.be\/actualites\/la-plus-forte-elevation-du-niveau-de-la-mer-depuis-4-000-ans-certaines-parties-de-jakarta-sont-desormais-en-dessous-de-ce-niveau\/\",\"name\":\"La plus forte \u00e9l\u00e9vation du niveau de la mer depuis 4 000 ans \u2013 certaines parties de Jakarta sont d\u00e9sormais en dessous de ce niveau | Vie Associative\",\"isPartOf\":{\"@id\":\"https:\/\/vieassociative.be\/actualites\/#website\"},\"primaryImageOfPage\":{\"@id\":\"https:\/\/vieassociative.be\/actualites\/la-plus-forte-elevation-du-niveau-de-la-mer-depuis-4-000-ans-certaines-parties-de-jakarta-sont-desormais-en-dessous-de-ce-niveau\/#primaryimage\"},\"image\":{\"@id\":\"https:\/\/vieassociative.be\/actualites\/la-plus-forte-elevation-du-niveau-de-la-mer-depuis-4-000-ans-certaines-parties-de-jakarta-sont-desormais-en-dessous-de-ce-niveau\/#primaryimage\"},\"thumbnailUrl\":\"https:\/\/vieassociative.be\/actualites\/wp-content\/uploads\/2025\/10\/La-plus-forte-elevation-du-niveau-de-la-mer-depuis.jpg\",\"datePublished\":\"2025-10-21T02:17:47+00:00\",\"dateModified\":\"2025-10-21T02:17:47+00:00\",\"breadcrumb\":{\"@id\":\"https:\/\/vieassociative.be\/actualites\/la-plus-forte-elevation-du-niveau-de-la-mer-depuis-4-000-ans-certaines-parties-de-jakarta-sont-desormais-en-dessous-de-ce-niveau\/#breadcrumb\"},\"inLanguage\":\"fr-BE\",\"potentialAction\":[{\"@type\":\"ReadAction\",\"target\":[\"https:\/\/vieassociative.be\/actualites\/la-plus-forte-elevation-du-niveau-de-la-mer-depuis-4-000-ans-certaines-parties-de-jakarta-sont-desormais-en-dessous-de-ce-niveau\/\"]}]},{\"@type\":\"ImageObject\",\"inLanguage\":\"fr-BE\",\"@id\":\"https:\/\/vieassociative.be\/actualites\/la-plus-forte-elevation-du-niveau-de-la-mer-depuis-4-000-ans-certaines-parties-de-jakarta-sont-desormais-en-dessous-de-ce-niveau\/#primaryimage\",\"url\":\"https:\/\/vieassociative.be\/actualites\/wp-content\/uploads\/2025\/10\/La-plus-forte-elevation-du-niveau-de-la-mer-depuis.jpg\",\"contentUrl\":\"https:\/\/vieassociative.be\/actualites\/wp-content\/uploads\/2025\/10\/La-plus-forte-elevation-du-niveau-de-la-mer-depuis.jpg\",\"width\":1200,\"height\":800,\"caption\":\"La plus forte \u00e9l\u00e9vation du niveau de la mer depuis 4 000 ans \u2013 certaines parties de Jakarta sont d\u00e9sormais en dessous de ce niveau\"},{\"@type\":\"BreadcrumbList\",\"@id\":\"https:\/\/vieassociative.be\/actualites\/la-plus-forte-elevation-du-niveau-de-la-mer-depuis-4-000-ans-certaines-parties-de-jakarta-sont-desormais-en-dessous-de-ce-niveau\/#breadcrumb\",\"itemListElement\":[{\"@type\":\"ListItem\",\"position\":1,\"name\":\"Accueil\",\"item\":\"https:\/\/vieassociative.be\/actualites\/\"},{\"@type\":\"ListItem\",\"position\":2,\"name\":\"La plus forte \u00e9l\u00e9vation du niveau de la mer depuis 4 000 ans \u2013 certaines parties de Jakarta sont d\u00e9sormais en dessous de ce niveau\"}]},{\"@type\":\"WebSite\",\"@id\":\"https:\/\/vieassociative.be\/actualites\/#website\",\"url\":\"https:\/\/vieassociative.be\/actualites\/\",\"name\":\"Vie Associative\",\"description\":\"\",\"publisher\":{\"@id\":\"https:\/\/vieassociative.be\/actualites\/#organization\"},\"potentialAction\":[{\"@type\":\"SearchAction\",\"target\":{\"@type\":\"EntryPoint\",\"urlTemplate\":\"https:\/\/vieassociative.be\/actualites\/?s={search_term_string}\"},\"query-input\":{\"@type\":\"PropertyValueSpecification\",\"valueRequired\":true,\"valueName\":\"search_term_string\"}}],\"inLanguage\":\"fr-BE\"},{\"@type\":\"Organization\",\"@id\":\"https:\/\/vieassociative.be\/actualites\/#organization\",\"name\":\"Vie Associative\",\"url\":\"https:\/\/vieassociative.be\/actualites\/\",\"logo\":{\"@type\":\"ImageObject\",\"inLanguage\":\"fr-BE\",\"@id\":\"https:\/\/vieassociative.be\/actualites\/#\/schema\/logo\/image\/\",\"url\":\"https:\/\/vieassociative.be\/actualites\/wp-content\/uploads\/2024\/09\/cropped-vieassociative_favicon.ico.png\",\"contentUrl\":\"https:\/\/vieassociative.be\/actualites\/wp-content\/uploads\/2024\/09\/cropped-vieassociative_favicon.ico.png\",\"width\":512,\"height\":512,\"caption\":\"Vie Associative\"},\"image\":{\"@id\":\"https:\/\/vieassociative.be\/actualites\/#\/schema\/logo\/image\/\"}},{\"@type\":\"Person\",\"@id\":\"https:\/\/vieassociative.be\/actualites\/#\/schema\/person\/b87ac4f82f9d4e7b7cec7395b679edc4\",\"name\":\"Julien\",\"image\":{\"@type\":\"ImageObject\",\"inLanguage\":\"fr-BE\",\"@id\":\"https:\/\/vieassociative.be\/actualites\/#\/schema\/person\/image\/\",\"url\":\"https:\/\/vieassociative.be\/actualites\/wp-content\/uploads\/2024\/09\/vie-associative-1-150x150.jpg\",\"contentUrl\":\"https:\/\/vieassociative.be\/actualites\/wp-content\/uploads\/2024\/09\/vie-associative-1-150x150.jpg\",\"caption\":\"Julien\"},\"description\":\"Je suis Julien, r\u00e9dacteur pour Vie Associative. Passionn\u00e9 par le monde associatif depuis plus de 10 ans, j'ai \u00e0 c\u0153ur de partager des histoires inspirantes et de mettre en lumi\u00e8re les initiatives locales. Mon objectif est de sensibiliser et d'encourager l'engagement communautaire \u00e0 travers mes articles.\",\"sameAs\":[\"https:\/\/vieassociative.be\/\"]}]}<\/script>\n<!-- \/ Yoast SEO plugin. -->","yoast_head_json":{"title":"La plus forte \u00e9l\u00e9vation du niveau de la mer depuis 4 000 ans \u2013 certaines parties de Jakarta sont d\u00e9sormais en dessous de ce niveau | Vie Associative","robots":{"index":"index","follow":"follow","max-snippet":"max-snippet:-1","max-image-preview":"max-image-preview:large","max-video-preview":"max-video-preview:-1"},"canonical":"https:\/\/vieassociative.be\/actualites\/la-plus-forte-elevation-du-niveau-de-la-mer-depuis-4-000-ans-certaines-parties-de-jakarta-sont-desormais-en-dessous-de-ce-niveau\/","og_locale":"fr_FR","og_type":"article","og_title":"La plus forte \u00e9l\u00e9vation du niveau de la mer depuis 4 000 ans \u2013 certaines parties de Jakarta sont d\u00e9sormais en dessous de ce niveau | Vie Associative","og_description":"Le niveau de la mer augmente depuis un certain temps. Une \u00e9tude montre d\u00e9sormais que cette augmentation est sans pr\u00e9c\u00e9dent depuis au moins 4 000","og_url":"https:\/\/vieassociative.be\/actualites\/la-plus-forte-elevation-du-niveau-de-la-mer-depuis-4-000-ans-certaines-parties-de-jakarta-sont-desormais-en-dessous-de-ce-niveau\/","og_site_name":"Vie Associative","article_published_time":"2025-10-21T02:17:47+00:00","og_image":[{"width":279,"height":92,"url":"https:\/\/vieassociative.be\/actualites\/wp-content\/uploads\/2024\/09\/header_backgroundk-01-e1726694325946.png","type":"image\/png"}],"author":"Julien","twitter_card":"summary_large_image","twitter_misc":{"\u00c9crit par":"Julien","Dur\u00e9e de lecture est.":"3 minutes"},"schema":{"@context":"https:\/\/schema.org","@graph":[{"@type":"Article","@id":"https:\/\/vieassociative.be\/actualites\/la-plus-forte-elevation-du-niveau-de-la-mer-depuis-4-000-ans-certaines-parties-de-jakarta-sont-desormais-en-dessous-de-ce-niveau\/#article","isPartOf":{"@id":"https:\/\/vieassociative.be\/actualites\/la-plus-forte-elevation-du-niveau-de-la-mer-depuis-4-000-ans-certaines-parties-de-jakarta-sont-desormais-en-dessous-de-ce-niveau\/"},"author":{"name":"Julien","@id":"https:\/\/vieassociative.be\/actualites\/#\/schema\/person\/b87ac4f82f9d4e7b7cec7395b679edc4"},"headline":"La plus forte \u00e9l\u00e9vation du niveau de la mer depuis 4 000 ans \u2013 certaines parties de Jakarta sont d\u00e9sormais en dessous de ce niveau","datePublished":"2025-10-21T02:17:47+00:00","dateModified":"2025-10-21T02:17:47+00:00","mainEntityOfPage":{"@id":"https:\/\/vieassociative.be\/actualites\/la-plus-forte-elevation-du-niveau-de-la-mer-depuis-4-000-ans-certaines-parties-de-jakarta-sont-desormais-en-dessous-de-ce-niveau\/"},"wordCount":650,"publisher":{"@id":"https:\/\/vieassociative.be\/actualites\/#organization"},"image":{"@id":"https:\/\/vieassociative.be\/actualites\/la-plus-forte-elevation-du-niveau-de-la-mer-depuis-4-000-ans-certaines-parties-de-jakarta-sont-desormais-en-dessous-de-ce-niveau\/#primaryimage"},"thumbnailUrl":"https:\/\/vieassociative.be\/actualites\/wp-content\/uploads\/2025\/10\/La-plus-forte-elevation-du-niveau-de-la-mer-depuis.jpg","keywords":["ans","Certaines","depuis","d\u00e9sormais","dessous","\u00e9l\u00e9vation","Forte","Jakarta","mer","niveau","parties","sont"],"articleSection":["Belgique"],"inLanguage":"fr-BE"},{"@type":"WebPage","@id":"https:\/\/vieassociative.be\/actualites\/la-plus-forte-elevation-du-niveau-de-la-mer-depuis-4-000-ans-certaines-parties-de-jakarta-sont-desormais-en-dessous-de-ce-niveau\/","url":"https:\/\/vieassociative.be\/actualites\/la-plus-forte-elevation-du-niveau-de-la-mer-depuis-4-000-ans-certaines-parties-de-jakarta-sont-desormais-en-dessous-de-ce-niveau\/","name":"La plus forte \u00e9l\u00e9vation du niveau de la mer depuis 4 000 ans \u2013 certaines parties de Jakarta sont d\u00e9sormais en dessous de ce niveau | Vie Associative","isPartOf":{"@id":"https:\/\/vieassociative.be\/actualites\/#website"},"primaryImageOfPage":{"@id":"https:\/\/vieassociative.be\/actualites\/la-plus-forte-elevation-du-niveau-de-la-mer-depuis-4-000-ans-certaines-parties-de-jakarta-sont-desormais-en-dessous-de-ce-niveau\/#primaryimage"},"image":{"@id":"https:\/\/vieassociative.be\/actualites\/la-plus-forte-elevation-du-niveau-de-la-mer-depuis-4-000-ans-certaines-parties-de-jakarta-sont-desormais-en-dessous-de-ce-niveau\/#primaryimage"},"thumbnailUrl":"https:\/\/vieassociative.be\/actualites\/wp-content\/uploads\/2025\/10\/La-plus-forte-elevation-du-niveau-de-la-mer-depuis.jpg","datePublished":"2025-10-21T02:17:47+00:00","dateModified":"2025-10-21T02:17:47+00:00","breadcrumb":{"@id":"https:\/\/vieassociative.be\/actualites\/la-plus-forte-elevation-du-niveau-de-la-mer-depuis-4-000-ans-certaines-parties-de-jakarta-sont-desormais-en-dessous-de-ce-niveau\/#breadcrumb"},"inLanguage":"fr-BE","potentialAction":[{"@type":"ReadAction","target":["https:\/\/vieassociative.be\/actualites\/la-plus-forte-elevation-du-niveau-de-la-mer-depuis-4-000-ans-certaines-parties-de-jakarta-sont-desormais-en-dessous-de-ce-niveau\/"]}]},{"@type":"ImageObject","inLanguage":"fr-BE","@id":"https:\/\/vieassociative.be\/actualites\/la-plus-forte-elevation-du-niveau-de-la-mer-depuis-4-000-ans-certaines-parties-de-jakarta-sont-desormais-en-dessous-de-ce-niveau\/#primaryimage","url":"https:\/\/vieassociative.be\/actualites\/wp-content\/uploads\/2025\/10\/La-plus-forte-elevation-du-niveau-de-la-mer-depuis.jpg","contentUrl":"https:\/\/vieassociative.be\/actualites\/wp-content\/uploads\/2025\/10\/La-plus-forte-elevation-du-niveau-de-la-mer-depuis.jpg","width":1200,"height":800,"caption":"La plus forte \u00e9l\u00e9vation du niveau de la mer depuis 4 000 ans \u2013 certaines parties de Jakarta sont d\u00e9sormais en dessous de ce niveau"},{"@type":"BreadcrumbList","@id":"https:\/\/vieassociative.be\/actualites\/la-plus-forte-elevation-du-niveau-de-la-mer-depuis-4-000-ans-certaines-parties-de-jakarta-sont-desormais-en-dessous-de-ce-niveau\/#breadcrumb","itemListElement":[{"@type":"ListItem","position":1,"name":"Accueil","item":"https:\/\/vieassociative.be\/actualites\/"},{"@type":"ListItem","position":2,"name":"La plus forte \u00e9l\u00e9vation du niveau de la mer depuis 4 000 ans \u2013 certaines parties de Jakarta sont d\u00e9sormais en dessous de ce niveau"}]},{"@type":"WebSite","@id":"https:\/\/vieassociative.be\/actualites\/#website","url":"https:\/\/vieassociative.be\/actualites\/","name":"Vie Associative","description":"","publisher":{"@id":"https:\/\/vieassociative.be\/actualites\/#organization"},"potentialAction":[{"@type":"SearchAction","target":{"@type":"EntryPoint","urlTemplate":"https:\/\/vieassociative.be\/actualites\/?s={search_term_string}"},"query-input":{"@type":"PropertyValueSpecification","valueRequired":true,"valueName":"search_term_string"}}],"inLanguage":"fr-BE"},{"@type":"Organization","@id":"https:\/\/vieassociative.be\/actualites\/#organization","name":"Vie Associative","url":"https:\/\/vieassociative.be\/actualites\/","logo":{"@type":"ImageObject","inLanguage":"fr-BE","@id":"https:\/\/vieassociative.be\/actualites\/#\/schema\/logo\/image\/","url":"https:\/\/vieassociative.be\/actualites\/wp-content\/uploads\/2024\/09\/cropped-vieassociative_favicon.ico.png","contentUrl":"https:\/\/vieassociative.be\/actualites\/wp-content\/uploads\/2024\/09\/cropped-vieassociative_favicon.ico.png","width":512,"height":512,"caption":"Vie Associative"},"image":{"@id":"https:\/\/vieassociative.be\/actualites\/#\/schema\/logo\/image\/"}},{"@type":"Person","@id":"https:\/\/vieassociative.be\/actualites\/#\/schema\/person\/b87ac4f82f9d4e7b7cec7395b679edc4","name":"Julien","image":{"@type":"ImageObject","inLanguage":"fr-BE","@id":"https:\/\/vieassociative.be\/actualites\/#\/schema\/person\/image\/","url":"https:\/\/vieassociative.be\/actualites\/wp-content\/uploads\/2024\/09\/vie-associative-1-150x150.jpg","contentUrl":"https:\/\/vieassociative.be\/actualites\/wp-content\/uploads\/2024\/09\/vie-associative-1-150x150.jpg","caption":"Julien"},"description":"Je suis Julien, r\u00e9dacteur pour Vie Associative. Passionn\u00e9 par le monde associatif depuis plus de 10 ans, j'ai \u00e0 c\u0153ur de partager des histoires inspirantes et de mettre en lumi\u00e8re les initiatives locales. Mon objectif est de sensibiliser et d'encourager l'engagement communautaire \u00e0 travers mes articles.","sameAs":["https:\/\/vieassociative.be\/"]}]}},"_links":{"self":[{"href":"https:\/\/vieassociative.be\/actualites\/wp-json\/wp\/v2\/posts\/10794"}],"collection":[{"href":"https:\/\/vieassociative.be\/actualites\/wp-json\/wp\/v2\/posts"}],"about":[{"href":"https:\/\/vieassociative.be\/actualites\/wp-json\/wp\/v2\/types\/post"}],"author":[{"embeddable":true,"href":"https:\/\/vieassociative.be\/actualites\/wp-json\/wp\/v2\/users\/1"}],"replies":[{"embeddable":true,"href":"https:\/\/vieassociative.be\/actualites\/wp-json\/wp\/v2\/comments?post=10794"}],"version-history":[{"count":0,"href":"https:\/\/vieassociative.be\/actualites\/wp-json\/wp\/v2\/posts\/10794\/revisions"}],"wp:featuredmedia":[{"embeddable":true,"href":"https:\/\/vieassociative.be\/actualites\/wp-json\/wp\/v2\/media\/10795"}],"wp:attachment":[{"href":"https:\/\/vieassociative.be\/actualites\/wp-json\/wp\/v2\/media?parent=10794"}],"wp:term":[{"taxonomy":"category","embeddable":true,"href":"https:\/\/vieassociative.be\/actualites\/wp-json\/wp\/v2\/categories?post=10794"},{"taxonomy":"post_tag","embeddable":true,"href":"https:\/\/vieassociative.be\/actualites\/wp-json\/wp\/v2\/tags?post=10794"}],"curies":[{"name":"wp","href":"https:\/\/api.w.org\/{rel}","templated":true}]}}