{"id":10790,"date":"2025-10-21T02:19:08","date_gmt":"2025-10-21T00:19:08","guid":{"rendered":"https:\/\/vieassociative.be\/actualites\/la-panne-mondiale-daws-est-terminee-mais-il-y-a-toujours-des-raisons-de-sinquieter\/"},"modified":"2025-10-21T02:19:08","modified_gmt":"2025-10-21T00:19:08","slug":"la-panne-mondiale-daws-est-terminee-mais-il-y-a-toujours-des-raisons-de-sinquieter","status":"publish","type":"post","link":"https:\/\/vieassociative.be\/actualites\/la-panne-mondiale-daws-est-terminee-mais-il-y-a-toujours-des-raisons-de-sinquieter\/","title":{"rendered":"La panne mondiale d&rsquo;AWS est termin\u00e9e, mais il y a toujours des raisons de s&rsquo;inqui\u00e9ter"},"content":{"rendered":"<div class=\"mt-4 leading-6 md:mb-8\">Amazon l&rsquo;a r\u00e9par\u00e9, mais la panne met en \u00e9vidence la fragilit\u00e9 de notre Internet actuel.<\/div>\n<p><\/p>\n<p>Si vous avez eu du mal \u00e0 acc\u00e9der aux sites et services t\u00f4t lundi matin, vous n&rsquo;\u00eates pas seul. En fait, le reste du monde \u00e9tait \u00e9galement en difficult\u00e9. Pendant une courte p\u00e9riode, une panne mondiale a emp\u00each\u00e9 les gens d&rsquo;acc\u00e9der \u00e0 une grande vari\u00e9t\u00e9 de sites et de services, de Facebook \u00e0 <em>Fortnite<\/em>. <\/p>\n<p>Le probl\u00e8me provenait d&rsquo;Amazon Web Services (AWS), un produit Amazon qui propose un h\u00e9bergement cloud pour un grand nombre de sites Web et d&rsquo;entreprises. Si vous utilisez des produits connect\u00e9s \u00e0 Internet, il y a de fortes chances qu&rsquo;un bon nombre d&rsquo;entre eux s&rsquo;appuient sur AWS. Ainsi, lorsqu\u2019AWS tombe en panne, ces sites et services aussi. <\/p>\n<p>Cela inclut les plateformes de m\u00e9dias sociaux comme Facebook et Snapchat ; des d\u00e9taillants et des restaurants comme Amazon, AT&#038;T et McDonald&rsquo;s ; des services de streaming comme Prime Video, Hulu et Disney+ ; des applications de messagerie comme Signal ; des jeux comme <em>Fortnite<\/em>, <em>Roblox<\/em>et <em>Pok\u00e9mon<\/em>; les plateformes de crypto-monnaie comme Coinbase ; et les organisations m\u00e9diatiques comme <em>Le New York Times<\/em>. M\u00eame les services qui ne sont pas imm\u00e9diatement associ\u00e9s \u00e0 AWS semblent avoir connu des difficult\u00e9s au cours des 12 derni\u00e8res heures. Cela inclut notamment les services en ligne Apple comme Apple TV, Apple Music et l&rsquo;App Store. <\/p>\n<div class=\"mx-auto mb-12 mt-5 w-full max-w-3xl rounded-md border-2 border-gray-100 p-3 shadow-md md:px-7 md:pb-7 md:pt-5\" id=\"related-video\">\n<div class=\"mb-3 flex items-center md:mb-5\">\n        <img decoding=\"async\" class=\"mr-4 mt-0 h-10 w-10 md:mr-5 md:h-12 md:w-12\" src=\"https:\/\/vieassociative.be\/actualites\/wp-content\/uploads\/2025\/09\/1757726237_608_Meta-pourrait-devoiler-une-montre-intelligente-pour-controler-ses-lunettes.jpg\" alt=\"Logo du pirate de la vie\"><\/p><\/div>\n<div class=\"aspect-video w-full overflow-hidden rounded-md\">\n<div id=\"video-container-01K821CCWXM4RVK8N4M3RK3KAC\"><\/div>\n<\/p><\/div>\n<\/div>\n<p>Amazon affirme qu&rsquo;un probl\u00e8me avec l&rsquo;un de ses principaux produits de base de donn\u00e9es a provoqu\u00e9 la panne. Le premier rapport d&rsquo;AWS a \u00e9t\u00e9 publi\u00e9 \u00e0 00 h 11, heure du Pacifique (3 h 11 HE), notant \u00ab une augmentation des taux d&rsquo;erreur et des latences \u00bb, en particulier avec ses services autour de son centre de la r\u00e9gion US-East-1. Apr\u00e8s quelques mises \u00e0 jour suppl\u00e9mentaires, AWS a confirm\u00e9 avoir d\u00e9couvert une \u00ab cause premi\u00e8re potentielle \u00bb \u00e0 2 h 01 (heure du Pacifique). \u00c0 2 h 22 (heure du Pacifique), l&rsquo;entreprise avait d\u00e9ploy\u00e9 la premi\u00e8re de ses mesures d&rsquo;att\u00e9nuation pour r\u00e9soudre le probl\u00e8me et avait constat\u00e9 \u00ab les premiers signes de reprise \u00bb. Cinq minutes plus tard, ils ont signal\u00e9 \u00ab des signes significatifs de gu\u00e9rison \u00bb. \u00c0 3 h 35 (heure du Pacifique), AWS indique que le probl\u00e8me sous-jacent a \u00e9t\u00e9 r\u00e9solu et que la plupart des op\u00e9rations sont d\u00e9sormais normales, bien que certaines demandes puissent \u00eatre limit\u00e9es, tandis que certains services peuvent \u00e9galement fonctionner avec un retard. <\/p>\n<p>La question met en lumi\u00e8re la fragilit\u00e9 de l\u2019Internet actuel et de ses services : quand <em>donc<\/em> De nombreuses entreprises s&rsquo;appuient toutes sur le m\u00eame fournisseur pour l&rsquo;h\u00e9bergement cloud, tout probl\u00e8me critique li\u00e9 \u00e0 ce service d&rsquo;h\u00e9bergement cloud peut supprimer un grand nombre de sites et de services. <\/p>\n<p>Pour l\u2019instant, Internet dans son ensemble semble avoir repris ses activit\u00e9s normales, juste \u00e0 temps pour que quiconque sur la c\u00f4te Est puisse commencer \u00e0 travailler. <\/p>\n","protected":false},"excerpt":{"rendered":"<p>Amazon l&rsquo;a r\u00e9par\u00e9, mais la panne met en \u00e9vidence la fragilit\u00e9 de notre Internet actuel. Si vous avez eu du mal \u00e0 acc\u00e9der aux sites<\/p>\n","protected":false},"author":1,"featured_media":10791,"comment_status":"","ping_status":"","sticky":false,"template":"","format":"standard","meta":{"footnotes":""},"categories":[13],"tags":[8974,29,76,156,2990,1137,2692,5625,3120,572],"class_list":["post-10790","post","type-post","status-publish","format-standard","has-post-thumbnail","hentry","category-technologie","tag-daws","tag-des","tag-est","tag-mais","tag-mondiale","tag-panne","tag-raisons","tag-sinquieter","tag-terminee","tag-toujours","generate-columns","tablet-grid-50","mobile-grid-100","grid-parent","grid-33"],"yoast_head":"<!-- This site is optimized with the Yoast SEO plugin v24.0 - https:\/\/yoast.com\/wordpress\/plugins\/seo\/ -->\n<title>La panne mondiale d&#039;AWS est termin\u00e9e, mais il y a toujours des raisons de s&#039;inqui\u00e9ter | Vie Associative<\/title>\n<meta name=\"robots\" content=\"index, follow, max-snippet:-1, max-image-preview:large, max-video-preview:-1\" \/>\n<link rel=\"canonical\" href=\"https:\/\/vieassociative.be\/actualites\/la-panne-mondiale-daws-est-terminee-mais-il-y-a-toujours-des-raisons-de-sinquieter\/\" \/>\n<meta property=\"og:locale\" content=\"fr_FR\" \/>\n<meta property=\"og:type\" content=\"article\" \/>\n<meta property=\"og:title\" content=\"La panne mondiale d&#039;AWS est termin\u00e9e, mais il y a toujours des raisons de s&#039;inqui\u00e9ter | Vie Associative\" \/>\n<meta property=\"og:description\" content=\"Amazon l&rsquo;a r\u00e9par\u00e9, mais la panne met en \u00e9vidence la fragilit\u00e9 de notre Internet actuel. Si vous avez eu du mal \u00e0 acc\u00e9der aux sites\" \/>\n<meta property=\"og:url\" content=\"https:\/\/vieassociative.be\/actualites\/la-panne-mondiale-daws-est-terminee-mais-il-y-a-toujours-des-raisons-de-sinquieter\/\" \/>\n<meta property=\"og:site_name\" content=\"Vie Associative\" \/>\n<meta property=\"article:published_time\" content=\"2025-10-21T00:19:08+00:00\" \/>\n<meta property=\"og:image\" content=\"https:\/\/vieassociative.be\/actualites\/wp-content\/uploads\/2025\/09\/1757726237_608_Meta-pourrait-devoiler-une-montre-intelligente-pour-controler-ses-lunettes.jpg\" \/>\n<meta name=\"author\" content=\"Julien\" \/>\n<meta name=\"twitter:card\" content=\"summary_large_image\" \/>\n<meta name=\"twitter:label1\" content=\"\u00c9crit par\" \/>\n\t<meta name=\"twitter:data1\" content=\"Julien\" \/>\n\t<meta name=\"twitter:label2\" content=\"Dur\u00e9e de lecture est.\" \/>\n\t<meta name=\"twitter:data2\" content=\"2 minutes\" \/>\n<script type=\"application\/ld+json\" class=\"yoast-schema-graph\">{\"@context\":\"https:\/\/schema.org\",\"@graph\":[{\"@type\":\"Article\",\"@id\":\"https:\/\/vieassociative.be\/actualites\/la-panne-mondiale-daws-est-terminee-mais-il-y-a-toujours-des-raisons-de-sinquieter\/#article\",\"isPartOf\":{\"@id\":\"https:\/\/vieassociative.be\/actualites\/la-panne-mondiale-daws-est-terminee-mais-il-y-a-toujours-des-raisons-de-sinquieter\/\"},\"author\":{\"name\":\"Julien\",\"@id\":\"https:\/\/vieassociative.be\/actualites\/#\/schema\/person\/b87ac4f82f9d4e7b7cec7395b679edc4\"},\"headline\":\"La panne mondiale d&rsquo;AWS est termin\u00e9e, mais il y a toujours des raisons de s&rsquo;inqui\u00e9ter\",\"datePublished\":\"2025-10-21T00:19:08+00:00\",\"dateModified\":\"2025-10-21T00:19:08+00:00\",\"mainEntityOfPage\":{\"@id\":\"https:\/\/vieassociative.be\/actualites\/la-panne-mondiale-daws-est-terminee-mais-il-y-a-toujours-des-raisons-de-sinquieter\/\"},\"wordCount\":518,\"publisher\":{\"@id\":\"https:\/\/vieassociative.be\/actualites\/#organization\"},\"image\":{\"@id\":\"https:\/\/vieassociative.be\/actualites\/la-panne-mondiale-daws-est-terminee-mais-il-y-a-toujours-des-raisons-de-sinquieter\/#primaryimage\"},\"thumbnailUrl\":\"https:\/\/vieassociative.be\/actualites\/wp-content\/uploads\/2025\/10\/La-panne-mondiale-dAWS-est-terminee-mais-il-y-a.jpg\",\"keywords\":[\"dAWS\",\"Des\",\"est\",\"mais\",\"mondiale\",\"panne\",\"raisons\",\"sinqui\u00e9ter\",\"termin\u00e9e\",\"toujours\"],\"articleSection\":[\"Technologie\"],\"inLanguage\":\"fr-BE\"},{\"@type\":\"WebPage\",\"@id\":\"https:\/\/vieassociative.be\/actualites\/la-panne-mondiale-daws-est-terminee-mais-il-y-a-toujours-des-raisons-de-sinquieter\/\",\"url\":\"https:\/\/vieassociative.be\/actualites\/la-panne-mondiale-daws-est-terminee-mais-il-y-a-toujours-des-raisons-de-sinquieter\/\",\"name\":\"La panne mondiale d'AWS est termin\u00e9e, mais il y a toujours des raisons de s'inqui\u00e9ter | Vie Associative\",\"isPartOf\":{\"@id\":\"https:\/\/vieassociative.be\/actualites\/#website\"},\"primaryImageOfPage\":{\"@id\":\"https:\/\/vieassociative.be\/actualites\/la-panne-mondiale-daws-est-terminee-mais-il-y-a-toujours-des-raisons-de-sinquieter\/#primaryimage\"},\"image\":{\"@id\":\"https:\/\/vieassociative.be\/actualites\/la-panne-mondiale-daws-est-terminee-mais-il-y-a-toujours-des-raisons-de-sinquieter\/#primaryimage\"},\"thumbnailUrl\":\"https:\/\/vieassociative.be\/actualites\/wp-content\/uploads\/2025\/10\/La-panne-mondiale-dAWS-est-terminee-mais-il-y-a.jpg\",\"datePublished\":\"2025-10-21T00:19:08+00:00\",\"dateModified\":\"2025-10-21T00:19:08+00:00\",\"breadcrumb\":{\"@id\":\"https:\/\/vieassociative.be\/actualites\/la-panne-mondiale-daws-est-terminee-mais-il-y-a-toujours-des-raisons-de-sinquieter\/#breadcrumb\"},\"inLanguage\":\"fr-BE\",\"potentialAction\":[{\"@type\":\"ReadAction\",\"target\":[\"https:\/\/vieassociative.be\/actualites\/la-panne-mondiale-daws-est-terminee-mais-il-y-a-toujours-des-raisons-de-sinquieter\/\"]}]},{\"@type\":\"ImageObject\",\"inLanguage\":\"fr-BE\",\"@id\":\"https:\/\/vieassociative.be\/actualites\/la-panne-mondiale-daws-est-terminee-mais-il-y-a-toujours-des-raisons-de-sinquieter\/#primaryimage\",\"url\":\"https:\/\/vieassociative.be\/actualites\/wp-content\/uploads\/2025\/10\/La-panne-mondiale-dAWS-est-terminee-mais-il-y-a.jpg\",\"contentUrl\":\"https:\/\/vieassociative.be\/actualites\/wp-content\/uploads\/2025\/10\/La-panne-mondiale-dAWS-est-terminee-mais-il-y-a.jpg\",\"width\":1200,\"height\":675,\"caption\":\"La panne mondiale d'AWS est termin\u00e9e, mais il y a toujours des raisons de s'inqui\u00e9ter\"},{\"@type\":\"BreadcrumbList\",\"@id\":\"https:\/\/vieassociative.be\/actualites\/la-panne-mondiale-daws-est-terminee-mais-il-y-a-toujours-des-raisons-de-sinquieter\/#breadcrumb\",\"itemListElement\":[{\"@type\":\"ListItem\",\"position\":1,\"name\":\"Accueil\",\"item\":\"https:\/\/vieassociative.be\/actualites\/\"},{\"@type\":\"ListItem\",\"position\":2,\"name\":\"La panne mondiale d&rsquo;AWS est termin\u00e9e, mais il y a toujours des raisons de s&rsquo;inqui\u00e9ter\"}]},{\"@type\":\"WebSite\",\"@id\":\"https:\/\/vieassociative.be\/actualites\/#website\",\"url\":\"https:\/\/vieassociative.be\/actualites\/\",\"name\":\"Vie Associative\",\"description\":\"\",\"publisher\":{\"@id\":\"https:\/\/vieassociative.be\/actualites\/#organization\"},\"potentialAction\":[{\"@type\":\"SearchAction\",\"target\":{\"@type\":\"EntryPoint\",\"urlTemplate\":\"https:\/\/vieassociative.be\/actualites\/?s={search_term_string}\"},\"query-input\":{\"@type\":\"PropertyValueSpecification\",\"valueRequired\":true,\"valueName\":\"search_term_string\"}}],\"inLanguage\":\"fr-BE\"},{\"@type\":\"Organization\",\"@id\":\"https:\/\/vieassociative.be\/actualites\/#organization\",\"name\":\"Vie Associative\",\"url\":\"https:\/\/vieassociative.be\/actualites\/\",\"logo\":{\"@type\":\"ImageObject\",\"inLanguage\":\"fr-BE\",\"@id\":\"https:\/\/vieassociative.be\/actualites\/#\/schema\/logo\/image\/\",\"url\":\"https:\/\/vieassociative.be\/actualites\/wp-content\/uploads\/2024\/09\/cropped-vieassociative_favicon.ico.png\",\"contentUrl\":\"https:\/\/vieassociative.be\/actualites\/wp-content\/uploads\/2024\/09\/cropped-vieassociative_favicon.ico.png\",\"width\":512,\"height\":512,\"caption\":\"Vie Associative\"},\"image\":{\"@id\":\"https:\/\/vieassociative.be\/actualites\/#\/schema\/logo\/image\/\"}},{\"@type\":\"Person\",\"@id\":\"https:\/\/vieassociative.be\/actualites\/#\/schema\/person\/b87ac4f82f9d4e7b7cec7395b679edc4\",\"name\":\"Julien\",\"image\":{\"@type\":\"ImageObject\",\"inLanguage\":\"fr-BE\",\"@id\":\"https:\/\/vieassociative.be\/actualites\/#\/schema\/person\/image\/\",\"url\":\"https:\/\/vieassociative.be\/actualites\/wp-content\/uploads\/2024\/09\/vie-associative-1-150x150.jpg\",\"contentUrl\":\"https:\/\/vieassociative.be\/actualites\/wp-content\/uploads\/2024\/09\/vie-associative-1-150x150.jpg\",\"caption\":\"Julien\"},\"description\":\"Je suis Julien, r\u00e9dacteur pour Vie Associative. Passionn\u00e9 par le monde associatif depuis plus de 10 ans, j'ai \u00e0 c\u0153ur de partager des histoires inspirantes et de mettre en lumi\u00e8re les initiatives locales. Mon objectif est de sensibiliser et d'encourager l'engagement communautaire \u00e0 travers mes articles.\",\"sameAs\":[\"https:\/\/vieassociative.be\/\"]}]}<\/script>\n<!-- \/ Yoast SEO plugin. -->","yoast_head_json":{"title":"La panne mondiale d'AWS est termin\u00e9e, mais il y a toujours des raisons de s'inqui\u00e9ter | Vie Associative","robots":{"index":"index","follow":"follow","max-snippet":"max-snippet:-1","max-image-preview":"max-image-preview:large","max-video-preview":"max-video-preview:-1"},"canonical":"https:\/\/vieassociative.be\/actualites\/la-panne-mondiale-daws-est-terminee-mais-il-y-a-toujours-des-raisons-de-sinquieter\/","og_locale":"fr_FR","og_type":"article","og_title":"La panne mondiale d'AWS est termin\u00e9e, mais il y a toujours des raisons de s'inqui\u00e9ter | Vie Associative","og_description":"Amazon l&rsquo;a r\u00e9par\u00e9, mais la panne met en \u00e9vidence la fragilit\u00e9 de notre Internet actuel. Si vous avez eu du mal \u00e0 acc\u00e9der aux sites","og_url":"https:\/\/vieassociative.be\/actualites\/la-panne-mondiale-daws-est-terminee-mais-il-y-a-toujours-des-raisons-de-sinquieter\/","og_site_name":"Vie Associative","article_published_time":"2025-10-21T00:19:08+00:00","og_image":[{"url":"https:\/\/vieassociative.be\/actualites\/wp-content\/uploads\/2025\/09\/1757726237_608_Meta-pourrait-devoiler-une-montre-intelligente-pour-controler-ses-lunettes.jpg","type":"","width":"","height":""}],"author":"Julien","twitter_card":"summary_large_image","twitter_misc":{"\u00c9crit par":"Julien","Dur\u00e9e de lecture est.":"2 minutes"},"schema":{"@context":"https:\/\/schema.org","@graph":[{"@type":"Article","@id":"https:\/\/vieassociative.be\/actualites\/la-panne-mondiale-daws-est-terminee-mais-il-y-a-toujours-des-raisons-de-sinquieter\/#article","isPartOf":{"@id":"https:\/\/vieassociative.be\/actualites\/la-panne-mondiale-daws-est-terminee-mais-il-y-a-toujours-des-raisons-de-sinquieter\/"},"author":{"name":"Julien","@id":"https:\/\/vieassociative.be\/actualites\/#\/schema\/person\/b87ac4f82f9d4e7b7cec7395b679edc4"},"headline":"La panne mondiale d&rsquo;AWS est termin\u00e9e, mais il y a toujours des raisons de s&rsquo;inqui\u00e9ter","datePublished":"2025-10-21T00:19:08+00:00","dateModified":"2025-10-21T00:19:08+00:00","mainEntityOfPage":{"@id":"https:\/\/vieassociative.be\/actualites\/la-panne-mondiale-daws-est-terminee-mais-il-y-a-toujours-des-raisons-de-sinquieter\/"},"wordCount":518,"publisher":{"@id":"https:\/\/vieassociative.be\/actualites\/#organization"},"image":{"@id":"https:\/\/vieassociative.be\/actualites\/la-panne-mondiale-daws-est-terminee-mais-il-y-a-toujours-des-raisons-de-sinquieter\/#primaryimage"},"thumbnailUrl":"https:\/\/vieassociative.be\/actualites\/wp-content\/uploads\/2025\/10\/La-panne-mondiale-dAWS-est-terminee-mais-il-y-a.jpg","keywords":["dAWS","Des","est","mais","mondiale","panne","raisons","sinqui\u00e9ter","termin\u00e9e","toujours"],"articleSection":["Technologie"],"inLanguage":"fr-BE"},{"@type":"WebPage","@id":"https:\/\/vieassociative.be\/actualites\/la-panne-mondiale-daws-est-terminee-mais-il-y-a-toujours-des-raisons-de-sinquieter\/","url":"https:\/\/vieassociative.be\/actualites\/la-panne-mondiale-daws-est-terminee-mais-il-y-a-toujours-des-raisons-de-sinquieter\/","name":"La panne mondiale d'AWS est termin\u00e9e, mais il y a toujours des raisons de s'inqui\u00e9ter | Vie Associative","isPartOf":{"@id":"https:\/\/vieassociative.be\/actualites\/#website"},"primaryImageOfPage":{"@id":"https:\/\/vieassociative.be\/actualites\/la-panne-mondiale-daws-est-terminee-mais-il-y-a-toujours-des-raisons-de-sinquieter\/#primaryimage"},"image":{"@id":"https:\/\/vieassociative.be\/actualites\/la-panne-mondiale-daws-est-terminee-mais-il-y-a-toujours-des-raisons-de-sinquieter\/#primaryimage"},"thumbnailUrl":"https:\/\/vieassociative.be\/actualites\/wp-content\/uploads\/2025\/10\/La-panne-mondiale-dAWS-est-terminee-mais-il-y-a.jpg","datePublished":"2025-10-21T00:19:08+00:00","dateModified":"2025-10-21T00:19:08+00:00","breadcrumb":{"@id":"https:\/\/vieassociative.be\/actualites\/la-panne-mondiale-daws-est-terminee-mais-il-y-a-toujours-des-raisons-de-sinquieter\/#breadcrumb"},"inLanguage":"fr-BE","potentialAction":[{"@type":"ReadAction","target":["https:\/\/vieassociative.be\/actualites\/la-panne-mondiale-daws-est-terminee-mais-il-y-a-toujours-des-raisons-de-sinquieter\/"]}]},{"@type":"ImageObject","inLanguage":"fr-BE","@id":"https:\/\/vieassociative.be\/actualites\/la-panne-mondiale-daws-est-terminee-mais-il-y-a-toujours-des-raisons-de-sinquieter\/#primaryimage","url":"https:\/\/vieassociative.be\/actualites\/wp-content\/uploads\/2025\/10\/La-panne-mondiale-dAWS-est-terminee-mais-il-y-a.jpg","contentUrl":"https:\/\/vieassociative.be\/actualites\/wp-content\/uploads\/2025\/10\/La-panne-mondiale-dAWS-est-terminee-mais-il-y-a.jpg","width":1200,"height":675,"caption":"La panne mondiale d'AWS est termin\u00e9e, mais il y a toujours des raisons de s'inqui\u00e9ter"},{"@type":"BreadcrumbList","@id":"https:\/\/vieassociative.be\/actualites\/la-panne-mondiale-daws-est-terminee-mais-il-y-a-toujours-des-raisons-de-sinquieter\/#breadcrumb","itemListElement":[{"@type":"ListItem","position":1,"name":"Accueil","item":"https:\/\/vieassociative.be\/actualites\/"},{"@type":"ListItem","position":2,"name":"La panne mondiale d&rsquo;AWS est termin\u00e9e, mais il y a toujours des raisons de s&rsquo;inqui\u00e9ter"}]},{"@type":"WebSite","@id":"https:\/\/vieassociative.be\/actualites\/#website","url":"https:\/\/vieassociative.be\/actualites\/","name":"Vie Associative","description":"","publisher":{"@id":"https:\/\/vieassociative.be\/actualites\/#organization"},"potentialAction":[{"@type":"SearchAction","target":{"@type":"EntryPoint","urlTemplate":"https:\/\/vieassociative.be\/actualites\/?s={search_term_string}"},"query-input":{"@type":"PropertyValueSpecification","valueRequired":true,"valueName":"search_term_string"}}],"inLanguage":"fr-BE"},{"@type":"Organization","@id":"https:\/\/vieassociative.be\/actualites\/#organization","name":"Vie Associative","url":"https:\/\/vieassociative.be\/actualites\/","logo":{"@type":"ImageObject","inLanguage":"fr-BE","@id":"https:\/\/vieassociative.be\/actualites\/#\/schema\/logo\/image\/","url":"https:\/\/vieassociative.be\/actualites\/wp-content\/uploads\/2024\/09\/cropped-vieassociative_favicon.ico.png","contentUrl":"https:\/\/vieassociative.be\/actualites\/wp-content\/uploads\/2024\/09\/cropped-vieassociative_favicon.ico.png","width":512,"height":512,"caption":"Vie Associative"},"image":{"@id":"https:\/\/vieassociative.be\/actualites\/#\/schema\/logo\/image\/"}},{"@type":"Person","@id":"https:\/\/vieassociative.be\/actualites\/#\/schema\/person\/b87ac4f82f9d4e7b7cec7395b679edc4","name":"Julien","image":{"@type":"ImageObject","inLanguage":"fr-BE","@id":"https:\/\/vieassociative.be\/actualites\/#\/schema\/person\/image\/","url":"https:\/\/vieassociative.be\/actualites\/wp-content\/uploads\/2024\/09\/vie-associative-1-150x150.jpg","contentUrl":"https:\/\/vieassociative.be\/actualites\/wp-content\/uploads\/2024\/09\/vie-associative-1-150x150.jpg","caption":"Julien"},"description":"Je suis Julien, r\u00e9dacteur pour Vie Associative. Passionn\u00e9 par le monde associatif depuis plus de 10 ans, j'ai \u00e0 c\u0153ur de partager des histoires inspirantes et de mettre en lumi\u00e8re les initiatives locales. Mon objectif est de sensibiliser et d'encourager l'engagement communautaire \u00e0 travers mes articles.","sameAs":["https:\/\/vieassociative.be\/"]}]}},"_links":{"self":[{"href":"https:\/\/vieassociative.be\/actualites\/wp-json\/wp\/v2\/posts\/10790"}],"collection":[{"href":"https:\/\/vieassociative.be\/actualites\/wp-json\/wp\/v2\/posts"}],"about":[{"href":"https:\/\/vieassociative.be\/actualites\/wp-json\/wp\/v2\/types\/post"}],"author":[{"embeddable":true,"href":"https:\/\/vieassociative.be\/actualites\/wp-json\/wp\/v2\/users\/1"}],"replies":[{"embeddable":true,"href":"https:\/\/vieassociative.be\/actualites\/wp-json\/wp\/v2\/comments?post=10790"}],"version-history":[{"count":0,"href":"https:\/\/vieassociative.be\/actualites\/wp-json\/wp\/v2\/posts\/10790\/revisions"}],"wp:featuredmedia":[{"embeddable":true,"href":"https:\/\/vieassociative.be\/actualites\/wp-json\/wp\/v2\/media\/10791"}],"wp:attachment":[{"href":"https:\/\/vieassociative.be\/actualites\/wp-json\/wp\/v2\/media?parent=10790"}],"wp:term":[{"taxonomy":"category","embeddable":true,"href":"https:\/\/vieassociative.be\/actualites\/wp-json\/wp\/v2\/categories?post=10790"},{"taxonomy":"post_tag","embeddable":true,"href":"https:\/\/vieassociative.be\/actualites\/wp-json\/wp\/v2\/tags?post=10790"}],"curies":[{"name":"wp","href":"https:\/\/api.w.org\/{rel}","templated":true}]}}