{"id":10788,"date":"2025-10-21T01:17:48","date_gmt":"2025-10-20T23:17:48","guid":{"rendered":"https:\/\/vieassociative.be\/actualites\/la-derniere-mise-a-jour-windows-de-microsoft-contient-un-bug-qui-rend-plus-difficile-la-resolution-des-problemes-avec-votre-pc\/"},"modified":"2025-10-21T01:17:48","modified_gmt":"2025-10-20T23:17:48","slug":"la-derniere-mise-a-jour-windows-de-microsoft-contient-un-bug-qui-rend-plus-difficile-la-resolution-des-problemes-avec-votre-pc","status":"publish","type":"post","link":"https:\/\/vieassociative.be\/actualites\/la-derniere-mise-a-jour-windows-de-microsoft-contient-un-bug-qui-rend-plus-difficile-la-resolution-des-problemes-avec-votre-pc\/","title":{"rendered":"La derni\u00e8re mise \u00e0 jour Windows de Microsoft contient un bug qui rend plus difficile la r\u00e9solution des probl\u00e8mes avec votre PC"},"content":{"rendered":"<div class=\"mt-4 leading-6 md:mb-8\">Si votre PC charge Windows RE, vous ne pourrez pas interagir avec quoi que ce soit.<\/div>\n<p><\/p>\n<p>Lorsque votre PC est en panne, un outil de diagnostic \u00e0 votre disposition est l&rsquo;environnement de r\u00e9cup\u00e9ration Windows (ou Windows RE). Windows RE propose une s\u00e9rie de fonctions pour vous aider \u00e0 \u00e9liminer tout ce qui souffre sur votre machine. En l&rsquo;utilisant, vous pouvez choisir de r\u00e9initialiser votre ordinateur, d&rsquo;ex\u00e9cuter un outil de diagnostic et de r\u00e9paration automatis\u00e9, d&rsquo;ajuster les param\u00e8tres pour voir si certains sont \u00e0 l&rsquo;origine du probl\u00e8me, de d\u00e9sinstaller les mises \u00e0 jour pr\u00e9c\u00e9dentes susceptibles de d\u00e9clencher Windows et de restaurer une sauvegarde Windows pr\u00e9c\u00e9dente, entre autres options potentiellement utiles. <\/p>\n<p>Il s&rsquo;agit d&rsquo;une fonctionnalit\u00e9 n\u00e9cessaire du syst\u00e8me d&rsquo;exploitation, destin\u00e9e aux moments o\u00f9 un simple arr\u00eat et red\u00e9marrage n&rsquo;aide pas votre PC \u00e0 revenir \u00e0 un fonctionnement normal. Ce n&rsquo;est donc pas id\u00e9al lorsque Windows est livr\u00e9 avec un bug qui non seulement endommage une partie du syst\u00e8me d&rsquo;exploitation, mais \u00e9galement <em>casse la partie du syst\u00e8me d\u2019exploitation con\u00e7ue pour aider \u00e0 r\u00e9parer votre PC.<\/em><\/p>\n<p>Comme l&rsquo;a rep\u00e9r\u00e9 Tom&rsquo;s Hardware, un bug dans la mise \u00e0 jour d&rsquo;octobre de Windows 11, KB5066835, entrave votre capacit\u00e9 \u00e0 acc\u00e9der \u00e0 Windows RE. L&rsquo;environnement de r\u00e9cup\u00e9ration peut toujours se charger si vous en avez besoin, mais vous constaterez que vous ne pourrez s\u00e9lectionner aucune des options qu&rsquo;il propose pour essayer de r\u00e9parer votre PC. En effet, ce bug interrompt la fonctionnalit\u00e9 du p\u00e9riph\u00e9rique USB sp\u00e9cifiquement dans Windows RE. En termes simples, votre souris et votre clavier ne fonctionneront pas dans Windows RE, emp\u00eachant toute navigation dans l&rsquo;environnement de r\u00e9cup\u00e9ration. <\/p>\n<div class=\"mx-auto mb-12 mt-5 w-full max-w-3xl rounded-md border-2 border-gray-100 p-3 shadow-md md:px-7 md:pb-7 md:pt-5\" id=\"related-video\">\n<div class=\"mb-3 flex items-center md:mb-5\">\n        <img decoding=\"async\" class=\"mr-4 mt-0 h-10 w-10 md:mr-5 md:h-12 md:w-12\" src=\"https:\/\/vieassociative.be\/actualites\/wp-content\/uploads\/2025\/09\/1757726237_608_Meta-pourrait-devoiler-une-montre-intelligente-pour-controler-ses-lunettes.jpg\" alt=\"Logo du pirate de la vie\"><\/p><\/div>\n<div class=\"aspect-video w-full overflow-hidden rounded-md\">\n<div id=\"video-container-01K81Y0Y82QMK46HZEXZJVJGA4\"><\/div>\n<\/p><\/div>\n<\/div>\n<p>C&rsquo;est \u00e9videmment une mauvaise nouvelle pour quiconque souhaite utiliser Windows RE pour r\u00e9soudre un probl\u00e8me avec son PC, y compris, ironiquement, ce bug sp\u00e9cifique \u00e0 Windows RE. Mais vous pourriez penser que tant que votre probl\u00e8me particulier avec Windows ne vous emp\u00eache pas d&rsquo;utiliser votre ordinateur, vous pourriez vivre sans Windows RE pour le moment. Cependant, comme le souligne Tom&rsquo;s Hardware, ce n&rsquo;est pas si simple : lorsque votre PC a des difficult\u00e9s \u00e0 d\u00e9marrer, il d\u00e9marre automatiquement dans l&rsquo;environnement de r\u00e9cup\u00e9ration. C&rsquo;est normalement une bonne chose, car vous disposerez des outils n\u00e9cessaires pour vous aider \u00e0 diagnostiquer et \u00e0 r\u00e9soudre le probl\u00e8me. Cependant, lorsque Windows vous am\u00e8ne \u00e0 un \u00e9cran sur lequel vous ne pouvez pas utiliser votre souris et votre clavier, ni interagir avec quelque \u00e9l\u00e9ment que ce soit, vous \u00eates en quelque sorte bloqu\u00e9. <\/p>\n<p>La bonne nouvelle est que Microsoft est conscient du probl\u00e8me. La soci\u00e9t\u00e9 a signal\u00e9 le bug comme un probl\u00e8me connu dans Windows 11, version 25H2, et a d\u00e9clar\u00e9 qu&rsquo;elle travaillait \u00e0 la publication d&rsquo;un correctif \u00ab\u00a0dans les prochains jours\u00a0\u00bb.<\/p>\n<h2 id=\"windows-is-experiencing-other-issues-too\">Windows rencontre \u00e9galement d&rsquo;autres probl\u00e8mes<\/h2>\n<p>Windows le traverse ce mois-ci. Cette m\u00eame mise \u00e0 jour d&rsquo;octobre a \u00e9galement interrompu la fonctionnalit\u00e9 localhost, ce qui a eu un impact sur toutes les applications qui se connectent aux services ex\u00e9cut\u00e9s localement sur votre PC. (Heureusement, Microsoft a publi\u00e9 un correctif pour ce bug.) Puis, la semaine derni\u00e8re, la soci\u00e9t\u00e9 a \u00e9galement officiellement mis fin au support de Windows 10, et bien qu&rsquo;elle propose toujours des mises \u00e0 jour de s\u00e9curit\u00e9 \u00e9tendues \u00e0 tout utilisateur souhaitant inscrire son PC au programme, cela remet en question la s\u00e9curit\u00e9 d&rsquo;environ un demi-milliard d&rsquo;utilisateurs de PC.   <\/p>\n<p>Ce bogue de Windows RE n\u2019est qu\u2019un autre probl\u00e8me critique auquel les utilisateurs de PC doivent faire face. Esp\u00e9rons que la prochaine version de Windows 11 de Microsoft n&rsquo;introduira que des correctifs et aucun bug suppl\u00e9mentaire.  <\/p>\n","protected":false},"excerpt":{"rendered":"<p>Si votre PC charge Windows RE, vous ne pourrez pas interagir avec quoi que ce soit. Lorsque votre PC est en panne, un outil de<\/p>\n","protected":false},"author":1,"featured_media":10789,"comment_status":"","ping_status":"","sticky":false,"template":"","format":"standard","meta":{"footnotes":""},"categories":[13],"tags":[61,20,4900,139,29,3470,53,1190,2183,977,99,1279,5712,8,171],"class_list":["post-10788","post","type-post","status-publish","format-standard","has-post-thumbnail","hentry","category-technologie","tag-avec","tag-bug","tag-contient","tag-derniere","tag-des","tag-difficile","tag-jour","tag-microsoft","tag-mise","tag-problemes","tag-qui","tag-rend","tag-resolution","tag-votre","tag-windows","generate-columns","tablet-grid-50","mobile-grid-100","grid-parent","grid-33"],"yoast_head":"<!-- This site is optimized with the Yoast SEO plugin v24.0 - https:\/\/yoast.com\/wordpress\/plugins\/seo\/ -->\n<title>La derni\u00e8re mise \u00e0 jour Windows de Microsoft contient un bug qui rend plus difficile la r\u00e9solution des probl\u00e8mes avec votre PC | Vie Associative<\/title>\n<meta name=\"robots\" content=\"index, follow, max-snippet:-1, max-image-preview:large, max-video-preview:-1\" \/>\n<link rel=\"canonical\" href=\"https:\/\/vieassociative.be\/actualites\/la-derniere-mise-a-jour-windows-de-microsoft-contient-un-bug-qui-rend-plus-difficile-la-resolution-des-problemes-avec-votre-pc\/\" \/>\n<meta property=\"og:locale\" content=\"fr_FR\" \/>\n<meta property=\"og:type\" content=\"article\" \/>\n<meta property=\"og:title\" content=\"La derni\u00e8re mise \u00e0 jour Windows de Microsoft contient un bug qui rend plus difficile la r\u00e9solution des probl\u00e8mes avec votre PC | Vie Associative\" \/>\n<meta property=\"og:description\" content=\"Si votre PC charge Windows RE, vous ne pourrez pas interagir avec quoi que ce soit. Lorsque votre PC est en panne, un outil de\" \/>\n<meta property=\"og:url\" content=\"https:\/\/vieassociative.be\/actualites\/la-derniere-mise-a-jour-windows-de-microsoft-contient-un-bug-qui-rend-plus-difficile-la-resolution-des-problemes-avec-votre-pc\/\" \/>\n<meta property=\"og:site_name\" content=\"Vie Associative\" \/>\n<meta property=\"article:published_time\" content=\"2025-10-20T23:17:48+00:00\" \/>\n<meta property=\"og:image\" content=\"https:\/\/vieassociative.be\/actualites\/wp-content\/uploads\/2025\/09\/1757726237_608_Meta-pourrait-devoiler-une-montre-intelligente-pour-controler-ses-lunettes.jpg\" \/>\n<meta name=\"author\" content=\"Julien\" \/>\n<meta name=\"twitter:card\" content=\"summary_large_image\" \/>\n<meta name=\"twitter:label1\" content=\"\u00c9crit par\" \/>\n\t<meta name=\"twitter:data1\" content=\"Julien\" \/>\n\t<meta name=\"twitter:label2\" content=\"Dur\u00e9e de lecture est.\" \/>\n\t<meta name=\"twitter:data2\" content=\"3 minutes\" \/>\n<script type=\"application\/ld+json\" class=\"yoast-schema-graph\">{\"@context\":\"https:\/\/schema.org\",\"@graph\":[{\"@type\":\"Article\",\"@id\":\"https:\/\/vieassociative.be\/actualites\/la-derniere-mise-a-jour-windows-de-microsoft-contient-un-bug-qui-rend-plus-difficile-la-resolution-des-problemes-avec-votre-pc\/#article\",\"isPartOf\":{\"@id\":\"https:\/\/vieassociative.be\/actualites\/la-derniere-mise-a-jour-windows-de-microsoft-contient-un-bug-qui-rend-plus-difficile-la-resolution-des-problemes-avec-votre-pc\/\"},\"author\":{\"name\":\"Julien\",\"@id\":\"https:\/\/vieassociative.be\/actualites\/#\/schema\/person\/b87ac4f82f9d4e7b7cec7395b679edc4\"},\"headline\":\"La derni\u00e8re mise \u00e0 jour Windows de Microsoft contient un bug qui rend plus difficile la r\u00e9solution des probl\u00e8mes avec votre PC\",\"datePublished\":\"2025-10-20T23:17:48+00:00\",\"dateModified\":\"2025-10-20T23:17:48+00:00\",\"mainEntityOfPage\":{\"@id\":\"https:\/\/vieassociative.be\/actualites\/la-derniere-mise-a-jour-windows-de-microsoft-contient-un-bug-qui-rend-plus-difficile-la-resolution-des-problemes-avec-votre-pc\/\"},\"wordCount\":675,\"publisher\":{\"@id\":\"https:\/\/vieassociative.be\/actualites\/#organization\"},\"image\":{\"@id\":\"https:\/\/vieassociative.be\/actualites\/la-derniere-mise-a-jour-windows-de-microsoft-contient-un-bug-qui-rend-plus-difficile-la-resolution-des-problemes-avec-votre-pc\/#primaryimage\"},\"thumbnailUrl\":\"https:\/\/vieassociative.be\/actualites\/wp-content\/uploads\/2025\/10\/La-derniere-mise-a-jour-Windows-de-Microsoft-contient-un.jpg\",\"keywords\":[\"avec\",\"bug\",\"contient\",\"derni\u00e8re\",\"Des\",\"difficile\",\"jour\",\"Microsoft\",\"mise\",\"probl\u00e8mes\",\"qui\",\"rend\",\"r\u00e9solution\",\"votre\",\"Windows\"],\"articleSection\":[\"Technologie\"],\"inLanguage\":\"fr-BE\"},{\"@type\":\"WebPage\",\"@id\":\"https:\/\/vieassociative.be\/actualites\/la-derniere-mise-a-jour-windows-de-microsoft-contient-un-bug-qui-rend-plus-difficile-la-resolution-des-problemes-avec-votre-pc\/\",\"url\":\"https:\/\/vieassociative.be\/actualites\/la-derniere-mise-a-jour-windows-de-microsoft-contient-un-bug-qui-rend-plus-difficile-la-resolution-des-problemes-avec-votre-pc\/\",\"name\":\"La derni\u00e8re mise \u00e0 jour Windows de Microsoft contient un bug qui rend plus difficile la r\u00e9solution des probl\u00e8mes avec votre PC | Vie Associative\",\"isPartOf\":{\"@id\":\"https:\/\/vieassociative.be\/actualites\/#website\"},\"primaryImageOfPage\":{\"@id\":\"https:\/\/vieassociative.be\/actualites\/la-derniere-mise-a-jour-windows-de-microsoft-contient-un-bug-qui-rend-plus-difficile-la-resolution-des-problemes-avec-votre-pc\/#primaryimage\"},\"image\":{\"@id\":\"https:\/\/vieassociative.be\/actualites\/la-derniere-mise-a-jour-windows-de-microsoft-contient-un-bug-qui-rend-plus-difficile-la-resolution-des-problemes-avec-votre-pc\/#primaryimage\"},\"thumbnailUrl\":\"https:\/\/vieassociative.be\/actualites\/wp-content\/uploads\/2025\/10\/La-derniere-mise-a-jour-Windows-de-Microsoft-contient-un.jpg\",\"datePublished\":\"2025-10-20T23:17:48+00:00\",\"dateModified\":\"2025-10-20T23:17:48+00:00\",\"breadcrumb\":{\"@id\":\"https:\/\/vieassociative.be\/actualites\/la-derniere-mise-a-jour-windows-de-microsoft-contient-un-bug-qui-rend-plus-difficile-la-resolution-des-problemes-avec-votre-pc\/#breadcrumb\"},\"inLanguage\":\"fr-BE\",\"potentialAction\":[{\"@type\":\"ReadAction\",\"target\":[\"https:\/\/vieassociative.be\/actualites\/la-derniere-mise-a-jour-windows-de-microsoft-contient-un-bug-qui-rend-plus-difficile-la-resolution-des-problemes-avec-votre-pc\/\"]}]},{\"@type\":\"ImageObject\",\"inLanguage\":\"fr-BE\",\"@id\":\"https:\/\/vieassociative.be\/actualites\/la-derniere-mise-a-jour-windows-de-microsoft-contient-un-bug-qui-rend-plus-difficile-la-resolution-des-problemes-avec-votre-pc\/#primaryimage\",\"url\":\"https:\/\/vieassociative.be\/actualites\/wp-content\/uploads\/2025\/10\/La-derniere-mise-a-jour-Windows-de-Microsoft-contient-un.jpg\",\"contentUrl\":\"https:\/\/vieassociative.be\/actualites\/wp-content\/uploads\/2025\/10\/La-derniere-mise-a-jour-Windows-de-Microsoft-contient-un.jpg\",\"width\":1200,\"height\":675,\"caption\":\"La derni\u00e8re mise \u00e0 jour Windows de Microsoft contient un bug qui rend plus difficile la r\u00e9solution des probl\u00e8mes avec votre PC\"},{\"@type\":\"BreadcrumbList\",\"@id\":\"https:\/\/vieassociative.be\/actualites\/la-derniere-mise-a-jour-windows-de-microsoft-contient-un-bug-qui-rend-plus-difficile-la-resolution-des-problemes-avec-votre-pc\/#breadcrumb\",\"itemListElement\":[{\"@type\":\"ListItem\",\"position\":1,\"name\":\"Accueil\",\"item\":\"https:\/\/vieassociative.be\/actualites\/\"},{\"@type\":\"ListItem\",\"position\":2,\"name\":\"La derni\u00e8re mise \u00e0 jour Windows de Microsoft contient un bug qui rend plus difficile la r\u00e9solution des probl\u00e8mes avec votre PC\"}]},{\"@type\":\"WebSite\",\"@id\":\"https:\/\/vieassociative.be\/actualites\/#website\",\"url\":\"https:\/\/vieassociative.be\/actualites\/\",\"name\":\"Vie Associative\",\"description\":\"\",\"publisher\":{\"@id\":\"https:\/\/vieassociative.be\/actualites\/#organization\"},\"potentialAction\":[{\"@type\":\"SearchAction\",\"target\":{\"@type\":\"EntryPoint\",\"urlTemplate\":\"https:\/\/vieassociative.be\/actualites\/?s={search_term_string}\"},\"query-input\":{\"@type\":\"PropertyValueSpecification\",\"valueRequired\":true,\"valueName\":\"search_term_string\"}}],\"inLanguage\":\"fr-BE\"},{\"@type\":\"Organization\",\"@id\":\"https:\/\/vieassociative.be\/actualites\/#organization\",\"name\":\"Vie Associative\",\"url\":\"https:\/\/vieassociative.be\/actualites\/\",\"logo\":{\"@type\":\"ImageObject\",\"inLanguage\":\"fr-BE\",\"@id\":\"https:\/\/vieassociative.be\/actualites\/#\/schema\/logo\/image\/\",\"url\":\"https:\/\/vieassociative.be\/actualites\/wp-content\/uploads\/2024\/09\/cropped-vieassociative_favicon.ico.png\",\"contentUrl\":\"https:\/\/vieassociative.be\/actualites\/wp-content\/uploads\/2024\/09\/cropped-vieassociative_favicon.ico.png\",\"width\":512,\"height\":512,\"caption\":\"Vie Associative\"},\"image\":{\"@id\":\"https:\/\/vieassociative.be\/actualites\/#\/schema\/logo\/image\/\"}},{\"@type\":\"Person\",\"@id\":\"https:\/\/vieassociative.be\/actualites\/#\/schema\/person\/b87ac4f82f9d4e7b7cec7395b679edc4\",\"name\":\"Julien\",\"image\":{\"@type\":\"ImageObject\",\"inLanguage\":\"fr-BE\",\"@id\":\"https:\/\/vieassociative.be\/actualites\/#\/schema\/person\/image\/\",\"url\":\"https:\/\/vieassociative.be\/actualites\/wp-content\/uploads\/2024\/09\/vie-associative-1-150x150.jpg\",\"contentUrl\":\"https:\/\/vieassociative.be\/actualites\/wp-content\/uploads\/2024\/09\/vie-associative-1-150x150.jpg\",\"caption\":\"Julien\"},\"description\":\"Je suis Julien, r\u00e9dacteur pour Vie Associative. Passionn\u00e9 par le monde associatif depuis plus de 10 ans, j'ai \u00e0 c\u0153ur de partager des histoires inspirantes et de mettre en lumi\u00e8re les initiatives locales. Mon objectif est de sensibiliser et d'encourager l'engagement communautaire \u00e0 travers mes articles.\",\"sameAs\":[\"https:\/\/vieassociative.be\/\"]}]}<\/script>\n<!-- \/ Yoast SEO plugin. -->","yoast_head_json":{"title":"La derni\u00e8re mise \u00e0 jour Windows de Microsoft contient un bug qui rend plus difficile la r\u00e9solution des probl\u00e8mes avec votre PC | Vie Associative","robots":{"index":"index","follow":"follow","max-snippet":"max-snippet:-1","max-image-preview":"max-image-preview:large","max-video-preview":"max-video-preview:-1"},"canonical":"https:\/\/vieassociative.be\/actualites\/la-derniere-mise-a-jour-windows-de-microsoft-contient-un-bug-qui-rend-plus-difficile-la-resolution-des-problemes-avec-votre-pc\/","og_locale":"fr_FR","og_type":"article","og_title":"La derni\u00e8re mise \u00e0 jour Windows de Microsoft contient un bug qui rend plus difficile la r\u00e9solution des probl\u00e8mes avec votre PC | Vie Associative","og_description":"Si votre PC charge Windows RE, vous ne pourrez pas interagir avec quoi que ce soit. Lorsque votre PC est en panne, un outil de","og_url":"https:\/\/vieassociative.be\/actualites\/la-derniere-mise-a-jour-windows-de-microsoft-contient-un-bug-qui-rend-plus-difficile-la-resolution-des-problemes-avec-votre-pc\/","og_site_name":"Vie Associative","article_published_time":"2025-10-20T23:17:48+00:00","og_image":[{"url":"https:\/\/vieassociative.be\/actualites\/wp-content\/uploads\/2025\/09\/1757726237_608_Meta-pourrait-devoiler-une-montre-intelligente-pour-controler-ses-lunettes.jpg","type":"","width":"","height":""}],"author":"Julien","twitter_card":"summary_large_image","twitter_misc":{"\u00c9crit par":"Julien","Dur\u00e9e de lecture est.":"3 minutes"},"schema":{"@context":"https:\/\/schema.org","@graph":[{"@type":"Article","@id":"https:\/\/vieassociative.be\/actualites\/la-derniere-mise-a-jour-windows-de-microsoft-contient-un-bug-qui-rend-plus-difficile-la-resolution-des-problemes-avec-votre-pc\/#article","isPartOf":{"@id":"https:\/\/vieassociative.be\/actualites\/la-derniere-mise-a-jour-windows-de-microsoft-contient-un-bug-qui-rend-plus-difficile-la-resolution-des-problemes-avec-votre-pc\/"},"author":{"name":"Julien","@id":"https:\/\/vieassociative.be\/actualites\/#\/schema\/person\/b87ac4f82f9d4e7b7cec7395b679edc4"},"headline":"La derni\u00e8re mise \u00e0 jour Windows de Microsoft contient un bug qui rend plus difficile la r\u00e9solution des probl\u00e8mes avec votre PC","datePublished":"2025-10-20T23:17:48+00:00","dateModified":"2025-10-20T23:17:48+00:00","mainEntityOfPage":{"@id":"https:\/\/vieassociative.be\/actualites\/la-derniere-mise-a-jour-windows-de-microsoft-contient-un-bug-qui-rend-plus-difficile-la-resolution-des-problemes-avec-votre-pc\/"},"wordCount":675,"publisher":{"@id":"https:\/\/vieassociative.be\/actualites\/#organization"},"image":{"@id":"https:\/\/vieassociative.be\/actualites\/la-derniere-mise-a-jour-windows-de-microsoft-contient-un-bug-qui-rend-plus-difficile-la-resolution-des-problemes-avec-votre-pc\/#primaryimage"},"thumbnailUrl":"https:\/\/vieassociative.be\/actualites\/wp-content\/uploads\/2025\/10\/La-derniere-mise-a-jour-Windows-de-Microsoft-contient-un.jpg","keywords":["avec","bug","contient","derni\u00e8re","Des","difficile","jour","Microsoft","mise","probl\u00e8mes","qui","rend","r\u00e9solution","votre","Windows"],"articleSection":["Technologie"],"inLanguage":"fr-BE"},{"@type":"WebPage","@id":"https:\/\/vieassociative.be\/actualites\/la-derniere-mise-a-jour-windows-de-microsoft-contient-un-bug-qui-rend-plus-difficile-la-resolution-des-problemes-avec-votre-pc\/","url":"https:\/\/vieassociative.be\/actualites\/la-derniere-mise-a-jour-windows-de-microsoft-contient-un-bug-qui-rend-plus-difficile-la-resolution-des-problemes-avec-votre-pc\/","name":"La derni\u00e8re mise \u00e0 jour Windows de Microsoft contient un bug qui rend plus difficile la r\u00e9solution des probl\u00e8mes avec votre PC | Vie Associative","isPartOf":{"@id":"https:\/\/vieassociative.be\/actualites\/#website"},"primaryImageOfPage":{"@id":"https:\/\/vieassociative.be\/actualites\/la-derniere-mise-a-jour-windows-de-microsoft-contient-un-bug-qui-rend-plus-difficile-la-resolution-des-problemes-avec-votre-pc\/#primaryimage"},"image":{"@id":"https:\/\/vieassociative.be\/actualites\/la-derniere-mise-a-jour-windows-de-microsoft-contient-un-bug-qui-rend-plus-difficile-la-resolution-des-problemes-avec-votre-pc\/#primaryimage"},"thumbnailUrl":"https:\/\/vieassociative.be\/actualites\/wp-content\/uploads\/2025\/10\/La-derniere-mise-a-jour-Windows-de-Microsoft-contient-un.jpg","datePublished":"2025-10-20T23:17:48+00:00","dateModified":"2025-10-20T23:17:48+00:00","breadcrumb":{"@id":"https:\/\/vieassociative.be\/actualites\/la-derniere-mise-a-jour-windows-de-microsoft-contient-un-bug-qui-rend-plus-difficile-la-resolution-des-problemes-avec-votre-pc\/#breadcrumb"},"inLanguage":"fr-BE","potentialAction":[{"@type":"ReadAction","target":["https:\/\/vieassociative.be\/actualites\/la-derniere-mise-a-jour-windows-de-microsoft-contient-un-bug-qui-rend-plus-difficile-la-resolution-des-problemes-avec-votre-pc\/"]}]},{"@type":"ImageObject","inLanguage":"fr-BE","@id":"https:\/\/vieassociative.be\/actualites\/la-derniere-mise-a-jour-windows-de-microsoft-contient-un-bug-qui-rend-plus-difficile-la-resolution-des-problemes-avec-votre-pc\/#primaryimage","url":"https:\/\/vieassociative.be\/actualites\/wp-content\/uploads\/2025\/10\/La-derniere-mise-a-jour-Windows-de-Microsoft-contient-un.jpg","contentUrl":"https:\/\/vieassociative.be\/actualites\/wp-content\/uploads\/2025\/10\/La-derniere-mise-a-jour-Windows-de-Microsoft-contient-un.jpg","width":1200,"height":675,"caption":"La derni\u00e8re mise \u00e0 jour Windows de Microsoft contient un bug qui rend plus difficile la r\u00e9solution des probl\u00e8mes avec votre PC"},{"@type":"BreadcrumbList","@id":"https:\/\/vieassociative.be\/actualites\/la-derniere-mise-a-jour-windows-de-microsoft-contient-un-bug-qui-rend-plus-difficile-la-resolution-des-problemes-avec-votre-pc\/#breadcrumb","itemListElement":[{"@type":"ListItem","position":1,"name":"Accueil","item":"https:\/\/vieassociative.be\/actualites\/"},{"@type":"ListItem","position":2,"name":"La derni\u00e8re mise \u00e0 jour Windows de Microsoft contient un bug qui rend plus difficile la r\u00e9solution des probl\u00e8mes avec votre PC"}]},{"@type":"WebSite","@id":"https:\/\/vieassociative.be\/actualites\/#website","url":"https:\/\/vieassociative.be\/actualites\/","name":"Vie Associative","description":"","publisher":{"@id":"https:\/\/vieassociative.be\/actualites\/#organization"},"potentialAction":[{"@type":"SearchAction","target":{"@type":"EntryPoint","urlTemplate":"https:\/\/vieassociative.be\/actualites\/?s={search_term_string}"},"query-input":{"@type":"PropertyValueSpecification","valueRequired":true,"valueName":"search_term_string"}}],"inLanguage":"fr-BE"},{"@type":"Organization","@id":"https:\/\/vieassociative.be\/actualites\/#organization","name":"Vie Associative","url":"https:\/\/vieassociative.be\/actualites\/","logo":{"@type":"ImageObject","inLanguage":"fr-BE","@id":"https:\/\/vieassociative.be\/actualites\/#\/schema\/logo\/image\/","url":"https:\/\/vieassociative.be\/actualites\/wp-content\/uploads\/2024\/09\/cropped-vieassociative_favicon.ico.png","contentUrl":"https:\/\/vieassociative.be\/actualites\/wp-content\/uploads\/2024\/09\/cropped-vieassociative_favicon.ico.png","width":512,"height":512,"caption":"Vie Associative"},"image":{"@id":"https:\/\/vieassociative.be\/actualites\/#\/schema\/logo\/image\/"}},{"@type":"Person","@id":"https:\/\/vieassociative.be\/actualites\/#\/schema\/person\/b87ac4f82f9d4e7b7cec7395b679edc4","name":"Julien","image":{"@type":"ImageObject","inLanguage":"fr-BE","@id":"https:\/\/vieassociative.be\/actualites\/#\/schema\/person\/image\/","url":"https:\/\/vieassociative.be\/actualites\/wp-content\/uploads\/2024\/09\/vie-associative-1-150x150.jpg","contentUrl":"https:\/\/vieassociative.be\/actualites\/wp-content\/uploads\/2024\/09\/vie-associative-1-150x150.jpg","caption":"Julien"},"description":"Je suis Julien, r\u00e9dacteur pour Vie Associative. Passionn\u00e9 par le monde associatif depuis plus de 10 ans, j'ai \u00e0 c\u0153ur de partager des histoires inspirantes et de mettre en lumi\u00e8re les initiatives locales. Mon objectif est de sensibiliser et d'encourager l'engagement communautaire \u00e0 travers mes articles.","sameAs":["https:\/\/vieassociative.be\/"]}]}},"_links":{"self":[{"href":"https:\/\/vieassociative.be\/actualites\/wp-json\/wp\/v2\/posts\/10788"}],"collection":[{"href":"https:\/\/vieassociative.be\/actualites\/wp-json\/wp\/v2\/posts"}],"about":[{"href":"https:\/\/vieassociative.be\/actualites\/wp-json\/wp\/v2\/types\/post"}],"author":[{"embeddable":true,"href":"https:\/\/vieassociative.be\/actualites\/wp-json\/wp\/v2\/users\/1"}],"replies":[{"embeddable":true,"href":"https:\/\/vieassociative.be\/actualites\/wp-json\/wp\/v2\/comments?post=10788"}],"version-history":[{"count":0,"href":"https:\/\/vieassociative.be\/actualites\/wp-json\/wp\/v2\/posts\/10788\/revisions"}],"wp:featuredmedia":[{"embeddable":true,"href":"https:\/\/vieassociative.be\/actualites\/wp-json\/wp\/v2\/media\/10789"}],"wp:attachment":[{"href":"https:\/\/vieassociative.be\/actualites\/wp-json\/wp\/v2\/media?parent=10788"}],"wp:term":[{"taxonomy":"category","embeddable":true,"href":"https:\/\/vieassociative.be\/actualites\/wp-json\/wp\/v2\/categories?post=10788"},{"taxonomy":"post_tag","embeddable":true,"href":"https:\/\/vieassociative.be\/actualites\/wp-json\/wp\/v2\/tags?post=10788"}],"curies":[{"name":"wp","href":"https:\/\/api.w.org\/{rel}","templated":true}]}}