{"id":10786,"date":"2025-10-20T22:17:11","date_gmt":"2025-10-20T20:17:11","guid":{"rendered":"https:\/\/vieassociative.be\/actualites\/lespagne-veut-abolir-le-changement-dheure-sanchez-cela-na-plus-de-sens-lheure-dete-se-termine-dimanche\/"},"modified":"2025-10-20T22:17:11","modified_gmt":"2025-10-20T20:17:11","slug":"lespagne-veut-abolir-le-changement-dheure-sanchez-cela-na-plus-de-sens-lheure-dete-se-termine-dimanche","status":"publish","type":"post","link":"https:\/\/vieassociative.be\/actualites\/lespagne-veut-abolir-le-changement-dheure-sanchez-cela-na-plus-de-sens-lheure-dete-se-termine-dimanche\/","title":{"rendered":"L\u2019Espagne veut abolir le changement d\u2019heure \u2013 Sanchez : \u00ab Cela n\u2019a plus de sens \u00bb \u2013 l\u2019heure d\u2019\u00e9t\u00e9 se termine dimanche"},"content":{"rendered":"<p><strong>L&rsquo;Espagne veut abolir le changement d&rsquo;heure dans l&rsquo;UE. Le Premier ministre S\u00e1nchez ne voit \u00ab plus aucun sens \u00bb \u00e0 cette mesure et souligne le manque d&rsquo;\u00e9conomies d&rsquo;\u00e9nergie et les inconv\u00e9nients pour la sant\u00e9.<\/strong><\/p>\n<p><span id=\"more-427681\"><\/span>L&rsquo;Espagne veut faire campagne pour la suppression du changement entre l&rsquo;heure d&rsquo;\u00e9t\u00e9 et l&rsquo;heure d&rsquo;hiver dans l&rsquo;UE. \u00ab\u00a0Franchement, je n&rsquo;y vois plus aucun int\u00e9r\u00eat\u00a0\u00bb, a d\u00e9clar\u00e9 le Premier ministre Pedro S\u00e1nchez dans une vid\u00e9o qu&rsquo;il a publi\u00e9e sur la plateforme X.<\/p>\n<div id=\"attachment_55012\" class=\"wp-caption alignleft\" style=\"max-width: 300px\"><img fetchpriority=\"high\" decoding=\"async\" class=\"wp-image-55012 size-medium\" src=\"https:\/\/vieassociative.be\/actualites\/wp-content\/uploads\/2025\/10\/LEspagne-veut-abolir-le-changement-dheure-\u2013-Sanchez.jpg\" alt=\"\" width=\"300\" height=\"200\"  ><\/div>\n<p>Dans tous les sondages, une majorit\u00e9 d&rsquo;Europ\u00e9ens se sont prononc\u00e9s contre le changement d&rsquo;heure, a d\u00e9clar\u00e9 le socialiste. Cette mesure n&rsquo;\u00e9conomise pas d&rsquo;\u00e9nergie, mais elle perturbe les rythmes biologiques des personnes deux fois par an. C&rsquo;est pourquoi son pays s&rsquo;efforcera d&rsquo;abolir le changement d&rsquo;heure \u00e0 partir de 2026.<\/p>\n<p>Le 26 octobre, les horloges seront recul\u00e9es d&rsquo;une heure dans la nuit, marquant la fin de l&rsquo;heure d&rsquo;\u00e9t\u00e9 d&rsquo;Europe centrale (CEST). L&rsquo;objectif de cette mesure, r\u00e9introduite en 1980, est de mieux utiliser la luminosit\u00e9 de la lumi\u00e8re du jour.<\/p>\n<p>La Commission europ\u00e9enne a interrog\u00e9 les citoyens europ\u00e9ens en 2018. Dans l&rsquo;\u00e9tude non repr\u00e9sentative, 84 % d&rsquo;entre eux se sont prononc\u00e9s contre le changement. Le pr\u00e9sident de la Commission de l&rsquo;\u00e9poque, Jean-Claude Juncker, en a annonc\u00e9 la fin la m\u00eame ann\u00e9e.<\/p>\n<p>Toutefois : avant que la fin puisse \u00eatre d\u00e9finitivement scell\u00e9e, les pays de l\u2019UE doivent se mettre d\u2019accord sur le point de savoir s\u2019ils souhaitent d\u00e9finitivement l\u2019heure d\u2019\u00e9t\u00e9 ou d\u2019hiver. Faute d\u2019accord \u00e0 ce sujet, la question est rest\u00e9e en suspens pendant des ann\u00e9es. (dpa)<\/p>\n","protected":false},"excerpt":{"rendered":"<p>L&rsquo;Espagne veut abolir le changement d&rsquo;heure dans l&rsquo;UE. Le Premier ministre S\u00e1nchez ne voit \u00ab plus aucun sens \u00bb \u00e0 cette mesure et souligne le<\/p>\n","protected":false},"author":1,"featured_media":10787,"comment_status":"","ping_status":"","sticky":false,"template":"","format":"standard","meta":{"footnotes":""},"categories":[298],"tags":[5148,1610,2590,122,8972,471,2511,1296,8973,4017,3720,2635],"class_list":["post-10786","post","type-post","status-publish","format-standard","has-post-thumbnail","hentry","category-belgique","tag-abolir","tag-cela","tag-changement","tag-dete","tag-dheure","tag-dimanche","tag-lespagne","tag-lheure","tag-sanchez","tag-sens","tag-termine","tag-veut","generate-columns","tablet-grid-50","mobile-grid-100","grid-parent","grid-33"],"yoast_head":"<!-- This site is optimized with the Yoast SEO plugin v24.0 - https:\/\/yoast.com\/wordpress\/plugins\/seo\/ -->\n<title>L\u2019Espagne veut abolir le changement d\u2019heure \u2013 Sanchez : \u00ab Cela n\u2019a plus de sens \u00bb \u2013 l\u2019heure d\u2019\u00e9t\u00e9 se termine dimanche | Vie Associative<\/title>\n<meta name=\"robots\" content=\"index, follow, max-snippet:-1, max-image-preview:large, max-video-preview:-1\" \/>\n<link rel=\"canonical\" href=\"https:\/\/vieassociative.be\/actualites\/lespagne-veut-abolir-le-changement-dheure-sanchez-cela-na-plus-de-sens-lheure-dete-se-termine-dimanche\/\" \/>\n<meta property=\"og:locale\" content=\"fr_FR\" \/>\n<meta property=\"og:type\" content=\"article\" \/>\n<meta property=\"og:title\" content=\"L\u2019Espagne veut abolir le changement d\u2019heure \u2013 Sanchez : \u00ab Cela n\u2019a plus de sens \u00bb \u2013 l\u2019heure d\u2019\u00e9t\u00e9 se termine dimanche | Vie Associative\" \/>\n<meta property=\"og:description\" content=\"L&rsquo;Espagne veut abolir le changement d&rsquo;heure dans l&rsquo;UE. Le Premier ministre S\u00e1nchez ne voit \u00ab plus aucun sens \u00bb \u00e0 cette mesure et souligne le\" \/>\n<meta property=\"og:url\" content=\"https:\/\/vieassociative.be\/actualites\/lespagne-veut-abolir-le-changement-dheure-sanchez-cela-na-plus-de-sens-lheure-dete-se-termine-dimanche\/\" \/>\n<meta property=\"og:site_name\" content=\"Vie Associative\" \/>\n<meta property=\"article:published_time\" content=\"2025-10-20T20:17:11+00:00\" \/>\n<meta property=\"og:image\" content=\"https:\/\/vieassociative.be\/actualites\/wp-content\/uploads\/2024\/09\/header_backgroundk-01-e1726694325946.png\" \/>\n\t<meta property=\"og:image:width\" content=\"279\" \/>\n\t<meta property=\"og:image:height\" content=\"92\" \/>\n\t<meta property=\"og:image:type\" content=\"image\/png\" \/>\n<meta name=\"author\" content=\"Julien\" \/>\n<meta name=\"twitter:card\" content=\"summary_large_image\" \/>\n<meta name=\"twitter:label1\" content=\"\u00c9crit par\" \/>\n\t<meta name=\"twitter:data1\" content=\"Julien\" \/>\n\t<meta name=\"twitter:label2\" content=\"Dur\u00e9e de lecture est.\" \/>\n\t<meta name=\"twitter:data2\" content=\"1 minute\" \/>\n<script type=\"application\/ld+json\" class=\"yoast-schema-graph\">{\"@context\":\"https:\/\/schema.org\",\"@graph\":[{\"@type\":\"Article\",\"@id\":\"https:\/\/vieassociative.be\/actualites\/lespagne-veut-abolir-le-changement-dheure-sanchez-cela-na-plus-de-sens-lheure-dete-se-termine-dimanche\/#article\",\"isPartOf\":{\"@id\":\"https:\/\/vieassociative.be\/actualites\/lespagne-veut-abolir-le-changement-dheure-sanchez-cela-na-plus-de-sens-lheure-dete-se-termine-dimanche\/\"},\"author\":{\"name\":\"Julien\",\"@id\":\"https:\/\/vieassociative.be\/actualites\/#\/schema\/person\/b87ac4f82f9d4e7b7cec7395b679edc4\"},\"headline\":\"L\u2019Espagne veut abolir le changement d\u2019heure \u2013 Sanchez : \u00ab Cela n\u2019a plus de sens \u00bb \u2013 l\u2019heure d\u2019\u00e9t\u00e9 se termine dimanche\",\"datePublished\":\"2025-10-20T20:17:11+00:00\",\"dateModified\":\"2025-10-20T20:17:11+00:00\",\"mainEntityOfPage\":{\"@id\":\"https:\/\/vieassociative.be\/actualites\/lespagne-veut-abolir-le-changement-dheure-sanchez-cela-na-plus-de-sens-lheure-dete-se-termine-dimanche\/\"},\"wordCount\":320,\"publisher\":{\"@id\":\"https:\/\/vieassociative.be\/actualites\/#organization\"},\"image\":{\"@id\":\"https:\/\/vieassociative.be\/actualites\/lespagne-veut-abolir-le-changement-dheure-sanchez-cela-na-plus-de-sens-lheure-dete-se-termine-dimanche\/#primaryimage\"},\"thumbnailUrl\":\"https:\/\/vieassociative.be\/actualites\/wp-content\/uploads\/2025\/10\/1760991431_LEspagne-veut-abolir-le-changement-dheure-\u2013-Sanchez.jpg\",\"keywords\":[\"abolir\",\"cela\",\"Changement\",\"d\u00e9t\u00e9\",\"dheure\",\"dimanche\",\"LEspagne\",\"lheure\",\"Sanchez\",\"sens\",\"termine\",\"veut\"],\"articleSection\":[\"Belgique\"],\"inLanguage\":\"fr-BE\"},{\"@type\":\"WebPage\",\"@id\":\"https:\/\/vieassociative.be\/actualites\/lespagne-veut-abolir-le-changement-dheure-sanchez-cela-na-plus-de-sens-lheure-dete-se-termine-dimanche\/\",\"url\":\"https:\/\/vieassociative.be\/actualites\/lespagne-veut-abolir-le-changement-dheure-sanchez-cela-na-plus-de-sens-lheure-dete-se-termine-dimanche\/\",\"name\":\"L\u2019Espagne veut abolir le changement d\u2019heure \u2013 Sanchez : \u00ab Cela n\u2019a plus de sens \u00bb \u2013 l\u2019heure d\u2019\u00e9t\u00e9 se termine dimanche | Vie Associative\",\"isPartOf\":{\"@id\":\"https:\/\/vieassociative.be\/actualites\/#website\"},\"primaryImageOfPage\":{\"@id\":\"https:\/\/vieassociative.be\/actualites\/lespagne-veut-abolir-le-changement-dheure-sanchez-cela-na-plus-de-sens-lheure-dete-se-termine-dimanche\/#primaryimage\"},\"image\":{\"@id\":\"https:\/\/vieassociative.be\/actualites\/lespagne-veut-abolir-le-changement-dheure-sanchez-cela-na-plus-de-sens-lheure-dete-se-termine-dimanche\/#primaryimage\"},\"thumbnailUrl\":\"https:\/\/vieassociative.be\/actualites\/wp-content\/uploads\/2025\/10\/1760991431_LEspagne-veut-abolir-le-changement-dheure-\u2013-Sanchez.jpg\",\"datePublished\":\"2025-10-20T20:17:11+00:00\",\"dateModified\":\"2025-10-20T20:17:11+00:00\",\"breadcrumb\":{\"@id\":\"https:\/\/vieassociative.be\/actualites\/lespagne-veut-abolir-le-changement-dheure-sanchez-cela-na-plus-de-sens-lheure-dete-se-termine-dimanche\/#breadcrumb\"},\"inLanguage\":\"fr-BE\",\"potentialAction\":[{\"@type\":\"ReadAction\",\"target\":[\"https:\/\/vieassociative.be\/actualites\/lespagne-veut-abolir-le-changement-dheure-sanchez-cela-na-plus-de-sens-lheure-dete-se-termine-dimanche\/\"]}]},{\"@type\":\"ImageObject\",\"inLanguage\":\"fr-BE\",\"@id\":\"https:\/\/vieassociative.be\/actualites\/lespagne-veut-abolir-le-changement-dheure-sanchez-cela-na-plus-de-sens-lheure-dete-se-termine-dimanche\/#primaryimage\",\"url\":\"https:\/\/vieassociative.be\/actualites\/wp-content\/uploads\/2025\/10\/1760991431_LEspagne-veut-abolir-le-changement-dheure-\u2013-Sanchez.jpg\",\"contentUrl\":\"https:\/\/vieassociative.be\/actualites\/wp-content\/uploads\/2025\/10\/1760991431_LEspagne-veut-abolir-le-changement-dheure-\u2013-Sanchez.jpg\",\"width\":1200,\"height\":800,\"caption\":\"L\u2019Espagne veut abolir le changement d\u2019heure \u2013 Sanchez : \u00ab Cela n\u2019a plus de sens \u00bb \u2013 l\u2019heure d\u2019\u00e9t\u00e9 se termine dimanche\"},{\"@type\":\"BreadcrumbList\",\"@id\":\"https:\/\/vieassociative.be\/actualites\/lespagne-veut-abolir-le-changement-dheure-sanchez-cela-na-plus-de-sens-lheure-dete-se-termine-dimanche\/#breadcrumb\",\"itemListElement\":[{\"@type\":\"ListItem\",\"position\":1,\"name\":\"Accueil\",\"item\":\"https:\/\/vieassociative.be\/actualites\/\"},{\"@type\":\"ListItem\",\"position\":2,\"name\":\"L\u2019Espagne veut abolir le changement d\u2019heure \u2013 Sanchez : \u00ab Cela n\u2019a plus de sens \u00bb \u2013 l\u2019heure d\u2019\u00e9t\u00e9 se termine dimanche\"}]},{\"@type\":\"WebSite\",\"@id\":\"https:\/\/vieassociative.be\/actualites\/#website\",\"url\":\"https:\/\/vieassociative.be\/actualites\/\",\"name\":\"Vie Associative\",\"description\":\"\",\"publisher\":{\"@id\":\"https:\/\/vieassociative.be\/actualites\/#organization\"},\"potentialAction\":[{\"@type\":\"SearchAction\",\"target\":{\"@type\":\"EntryPoint\",\"urlTemplate\":\"https:\/\/vieassociative.be\/actualites\/?s={search_term_string}\"},\"query-input\":{\"@type\":\"PropertyValueSpecification\",\"valueRequired\":true,\"valueName\":\"search_term_string\"}}],\"inLanguage\":\"fr-BE\"},{\"@type\":\"Organization\",\"@id\":\"https:\/\/vieassociative.be\/actualites\/#organization\",\"name\":\"Vie Associative\",\"url\":\"https:\/\/vieassociative.be\/actualites\/\",\"logo\":{\"@type\":\"ImageObject\",\"inLanguage\":\"fr-BE\",\"@id\":\"https:\/\/vieassociative.be\/actualites\/#\/schema\/logo\/image\/\",\"url\":\"https:\/\/vieassociative.be\/actualites\/wp-content\/uploads\/2024\/09\/cropped-vieassociative_favicon.ico.png\",\"contentUrl\":\"https:\/\/vieassociative.be\/actualites\/wp-content\/uploads\/2024\/09\/cropped-vieassociative_favicon.ico.png\",\"width\":512,\"height\":512,\"caption\":\"Vie Associative\"},\"image\":{\"@id\":\"https:\/\/vieassociative.be\/actualites\/#\/schema\/logo\/image\/\"}},{\"@type\":\"Person\",\"@id\":\"https:\/\/vieassociative.be\/actualites\/#\/schema\/person\/b87ac4f82f9d4e7b7cec7395b679edc4\",\"name\":\"Julien\",\"image\":{\"@type\":\"ImageObject\",\"inLanguage\":\"fr-BE\",\"@id\":\"https:\/\/vieassociative.be\/actualites\/#\/schema\/person\/image\/\",\"url\":\"https:\/\/vieassociative.be\/actualites\/wp-content\/uploads\/2024\/09\/vie-associative-1-150x150.jpg\",\"contentUrl\":\"https:\/\/vieassociative.be\/actualites\/wp-content\/uploads\/2024\/09\/vie-associative-1-150x150.jpg\",\"caption\":\"Julien\"},\"description\":\"Je suis Julien, r\u00e9dacteur pour Vie Associative. Passionn\u00e9 par le monde associatif depuis plus de 10 ans, j'ai \u00e0 c\u0153ur de partager des histoires inspirantes et de mettre en lumi\u00e8re les initiatives locales. Mon objectif est de sensibiliser et d'encourager l'engagement communautaire \u00e0 travers mes articles.\",\"sameAs\":[\"https:\/\/vieassociative.be\/\"]}]}<\/script>\n<!-- \/ Yoast SEO plugin. -->","yoast_head_json":{"title":"L\u2019Espagne veut abolir le changement d\u2019heure \u2013 Sanchez : \u00ab Cela n\u2019a plus de sens \u00bb \u2013 l\u2019heure d\u2019\u00e9t\u00e9 se termine dimanche | Vie Associative","robots":{"index":"index","follow":"follow","max-snippet":"max-snippet:-1","max-image-preview":"max-image-preview:large","max-video-preview":"max-video-preview:-1"},"canonical":"https:\/\/vieassociative.be\/actualites\/lespagne-veut-abolir-le-changement-dheure-sanchez-cela-na-plus-de-sens-lheure-dete-se-termine-dimanche\/","og_locale":"fr_FR","og_type":"article","og_title":"L\u2019Espagne veut abolir le changement d\u2019heure \u2013 Sanchez : \u00ab Cela n\u2019a plus de sens \u00bb \u2013 l\u2019heure d\u2019\u00e9t\u00e9 se termine dimanche | Vie Associative","og_description":"L&rsquo;Espagne veut abolir le changement d&rsquo;heure dans l&rsquo;UE. Le Premier ministre S\u00e1nchez ne voit \u00ab plus aucun sens \u00bb \u00e0 cette mesure et souligne le","og_url":"https:\/\/vieassociative.be\/actualites\/lespagne-veut-abolir-le-changement-dheure-sanchez-cela-na-plus-de-sens-lheure-dete-se-termine-dimanche\/","og_site_name":"Vie Associative","article_published_time":"2025-10-20T20:17:11+00:00","og_image":[{"width":279,"height":92,"url":"https:\/\/vieassociative.be\/actualites\/wp-content\/uploads\/2024\/09\/header_backgroundk-01-e1726694325946.png","type":"image\/png"}],"author":"Julien","twitter_card":"summary_large_image","twitter_misc":{"\u00c9crit par":"Julien","Dur\u00e9e de lecture est.":"1 minute"},"schema":{"@context":"https:\/\/schema.org","@graph":[{"@type":"Article","@id":"https:\/\/vieassociative.be\/actualites\/lespagne-veut-abolir-le-changement-dheure-sanchez-cela-na-plus-de-sens-lheure-dete-se-termine-dimanche\/#article","isPartOf":{"@id":"https:\/\/vieassociative.be\/actualites\/lespagne-veut-abolir-le-changement-dheure-sanchez-cela-na-plus-de-sens-lheure-dete-se-termine-dimanche\/"},"author":{"name":"Julien","@id":"https:\/\/vieassociative.be\/actualites\/#\/schema\/person\/b87ac4f82f9d4e7b7cec7395b679edc4"},"headline":"L\u2019Espagne veut abolir le changement d\u2019heure \u2013 Sanchez : \u00ab Cela n\u2019a plus de sens \u00bb \u2013 l\u2019heure d\u2019\u00e9t\u00e9 se termine dimanche","datePublished":"2025-10-20T20:17:11+00:00","dateModified":"2025-10-20T20:17:11+00:00","mainEntityOfPage":{"@id":"https:\/\/vieassociative.be\/actualites\/lespagne-veut-abolir-le-changement-dheure-sanchez-cela-na-plus-de-sens-lheure-dete-se-termine-dimanche\/"},"wordCount":320,"publisher":{"@id":"https:\/\/vieassociative.be\/actualites\/#organization"},"image":{"@id":"https:\/\/vieassociative.be\/actualites\/lespagne-veut-abolir-le-changement-dheure-sanchez-cela-na-plus-de-sens-lheure-dete-se-termine-dimanche\/#primaryimage"},"thumbnailUrl":"https:\/\/vieassociative.be\/actualites\/wp-content\/uploads\/2025\/10\/1760991431_LEspagne-veut-abolir-le-changement-dheure-\u2013-Sanchez.jpg","keywords":["abolir","cela","Changement","d\u00e9t\u00e9","dheure","dimanche","LEspagne","lheure","Sanchez","sens","termine","veut"],"articleSection":["Belgique"],"inLanguage":"fr-BE"},{"@type":"WebPage","@id":"https:\/\/vieassociative.be\/actualites\/lespagne-veut-abolir-le-changement-dheure-sanchez-cela-na-plus-de-sens-lheure-dete-se-termine-dimanche\/","url":"https:\/\/vieassociative.be\/actualites\/lespagne-veut-abolir-le-changement-dheure-sanchez-cela-na-plus-de-sens-lheure-dete-se-termine-dimanche\/","name":"L\u2019Espagne veut abolir le changement d\u2019heure \u2013 Sanchez : \u00ab Cela n\u2019a plus de sens \u00bb \u2013 l\u2019heure d\u2019\u00e9t\u00e9 se termine dimanche | Vie Associative","isPartOf":{"@id":"https:\/\/vieassociative.be\/actualites\/#website"},"primaryImageOfPage":{"@id":"https:\/\/vieassociative.be\/actualites\/lespagne-veut-abolir-le-changement-dheure-sanchez-cela-na-plus-de-sens-lheure-dete-se-termine-dimanche\/#primaryimage"},"image":{"@id":"https:\/\/vieassociative.be\/actualites\/lespagne-veut-abolir-le-changement-dheure-sanchez-cela-na-plus-de-sens-lheure-dete-se-termine-dimanche\/#primaryimage"},"thumbnailUrl":"https:\/\/vieassociative.be\/actualites\/wp-content\/uploads\/2025\/10\/1760991431_LEspagne-veut-abolir-le-changement-dheure-\u2013-Sanchez.jpg","datePublished":"2025-10-20T20:17:11+00:00","dateModified":"2025-10-20T20:17:11+00:00","breadcrumb":{"@id":"https:\/\/vieassociative.be\/actualites\/lespagne-veut-abolir-le-changement-dheure-sanchez-cela-na-plus-de-sens-lheure-dete-se-termine-dimanche\/#breadcrumb"},"inLanguage":"fr-BE","potentialAction":[{"@type":"ReadAction","target":["https:\/\/vieassociative.be\/actualites\/lespagne-veut-abolir-le-changement-dheure-sanchez-cela-na-plus-de-sens-lheure-dete-se-termine-dimanche\/"]}]},{"@type":"ImageObject","inLanguage":"fr-BE","@id":"https:\/\/vieassociative.be\/actualites\/lespagne-veut-abolir-le-changement-dheure-sanchez-cela-na-plus-de-sens-lheure-dete-se-termine-dimanche\/#primaryimage","url":"https:\/\/vieassociative.be\/actualites\/wp-content\/uploads\/2025\/10\/1760991431_LEspagne-veut-abolir-le-changement-dheure-\u2013-Sanchez.jpg","contentUrl":"https:\/\/vieassociative.be\/actualites\/wp-content\/uploads\/2025\/10\/1760991431_LEspagne-veut-abolir-le-changement-dheure-\u2013-Sanchez.jpg","width":1200,"height":800,"caption":"L\u2019Espagne veut abolir le changement d\u2019heure \u2013 Sanchez : \u00ab Cela n\u2019a plus de sens \u00bb \u2013 l\u2019heure d\u2019\u00e9t\u00e9 se termine dimanche"},{"@type":"BreadcrumbList","@id":"https:\/\/vieassociative.be\/actualites\/lespagne-veut-abolir-le-changement-dheure-sanchez-cela-na-plus-de-sens-lheure-dete-se-termine-dimanche\/#breadcrumb","itemListElement":[{"@type":"ListItem","position":1,"name":"Accueil","item":"https:\/\/vieassociative.be\/actualites\/"},{"@type":"ListItem","position":2,"name":"L\u2019Espagne veut abolir le changement d\u2019heure \u2013 Sanchez : \u00ab Cela n\u2019a plus de sens \u00bb \u2013 l\u2019heure d\u2019\u00e9t\u00e9 se termine dimanche"}]},{"@type":"WebSite","@id":"https:\/\/vieassociative.be\/actualites\/#website","url":"https:\/\/vieassociative.be\/actualites\/","name":"Vie Associative","description":"","publisher":{"@id":"https:\/\/vieassociative.be\/actualites\/#organization"},"potentialAction":[{"@type":"SearchAction","target":{"@type":"EntryPoint","urlTemplate":"https:\/\/vieassociative.be\/actualites\/?s={search_term_string}"},"query-input":{"@type":"PropertyValueSpecification","valueRequired":true,"valueName":"search_term_string"}}],"inLanguage":"fr-BE"},{"@type":"Organization","@id":"https:\/\/vieassociative.be\/actualites\/#organization","name":"Vie Associative","url":"https:\/\/vieassociative.be\/actualites\/","logo":{"@type":"ImageObject","inLanguage":"fr-BE","@id":"https:\/\/vieassociative.be\/actualites\/#\/schema\/logo\/image\/","url":"https:\/\/vieassociative.be\/actualites\/wp-content\/uploads\/2024\/09\/cropped-vieassociative_favicon.ico.png","contentUrl":"https:\/\/vieassociative.be\/actualites\/wp-content\/uploads\/2024\/09\/cropped-vieassociative_favicon.ico.png","width":512,"height":512,"caption":"Vie Associative"},"image":{"@id":"https:\/\/vieassociative.be\/actualites\/#\/schema\/logo\/image\/"}},{"@type":"Person","@id":"https:\/\/vieassociative.be\/actualites\/#\/schema\/person\/b87ac4f82f9d4e7b7cec7395b679edc4","name":"Julien","image":{"@type":"ImageObject","inLanguage":"fr-BE","@id":"https:\/\/vieassociative.be\/actualites\/#\/schema\/person\/image\/","url":"https:\/\/vieassociative.be\/actualites\/wp-content\/uploads\/2024\/09\/vie-associative-1-150x150.jpg","contentUrl":"https:\/\/vieassociative.be\/actualites\/wp-content\/uploads\/2024\/09\/vie-associative-1-150x150.jpg","caption":"Julien"},"description":"Je suis Julien, r\u00e9dacteur pour Vie Associative. Passionn\u00e9 par le monde associatif depuis plus de 10 ans, j'ai \u00e0 c\u0153ur de partager des histoires inspirantes et de mettre en lumi\u00e8re les initiatives locales. Mon objectif est de sensibiliser et d'encourager l'engagement communautaire \u00e0 travers mes articles.","sameAs":["https:\/\/vieassociative.be\/"]}]}},"_links":{"self":[{"href":"https:\/\/vieassociative.be\/actualites\/wp-json\/wp\/v2\/posts\/10786"}],"collection":[{"href":"https:\/\/vieassociative.be\/actualites\/wp-json\/wp\/v2\/posts"}],"about":[{"href":"https:\/\/vieassociative.be\/actualites\/wp-json\/wp\/v2\/types\/post"}],"author":[{"embeddable":true,"href":"https:\/\/vieassociative.be\/actualites\/wp-json\/wp\/v2\/users\/1"}],"replies":[{"embeddable":true,"href":"https:\/\/vieassociative.be\/actualites\/wp-json\/wp\/v2\/comments?post=10786"}],"version-history":[{"count":0,"href":"https:\/\/vieassociative.be\/actualites\/wp-json\/wp\/v2\/posts\/10786\/revisions"}],"wp:featuredmedia":[{"embeddable":true,"href":"https:\/\/vieassociative.be\/actualites\/wp-json\/wp\/v2\/media\/10787"}],"wp:attachment":[{"href":"https:\/\/vieassociative.be\/actualites\/wp-json\/wp\/v2\/media?parent=10786"}],"wp:term":[{"taxonomy":"category","embeddable":true,"href":"https:\/\/vieassociative.be\/actualites\/wp-json\/wp\/v2\/categories?post=10786"},{"taxonomy":"post_tag","embeddable":true,"href":"https:\/\/vieassociative.be\/actualites\/wp-json\/wp\/v2\/tags?post=10786"}],"curies":[{"name":"wp","href":"https:\/\/api.w.org\/{rel}","templated":true}]}}