{"id":10784,"date":"2025-10-20T21:18:09","date_gmt":"2025-10-20T19:18:09","guid":{"rendered":"https:\/\/vieassociative.be\/actualites\/comment-sinscrire-pour-tester-la-nouvelle-fonctionnalite-de-tension-arterielle-doura\/"},"modified":"2025-10-20T21:18:09","modified_gmt":"2025-10-20T19:18:09","slug":"comment-sinscrire-pour-tester-la-nouvelle-fonctionnalite-de-tension-arterielle-doura","status":"publish","type":"post","link":"https:\/\/vieassociative.be\/actualites\/comment-sinscrire-pour-tester-la-nouvelle-fonctionnalite-de-tension-arterielle-doura\/","title":{"rendered":"Comment s&rsquo;inscrire pour tester la nouvelle fonctionnalit\u00e9 de tension art\u00e9rielle d&rsquo;Oura"},"content":{"rendered":"<div class=\"mt-4 leading-6 md:mb-8\">Les membres peuvent s\u2019inscrire \u00e0 une \u00e9tude pour la tester.<\/div>\n<p><\/p>\n<p>Les notifications d&rsquo;hypertension de l&rsquo;Apple Watch pourraient bient\u00f4t avoir un concurrent. Oura, fabricant d&rsquo;anneaux intelligents, envisage de demander l&rsquo;autorisation de la FDA pour sa propre fonction d&rsquo;avertissement en cas d&rsquo;hypertension art\u00e9rielle. Les membres d&rsquo;Oura pourront bient\u00f4t s&rsquo;inscrire \u00e0 une \u00e9tude dans l&rsquo;application Oura. <\/p>\n<p>L\u2019hypertension, ou hypertension art\u00e9rielle, peut entra\u00eener des probl\u00e8mes cardiaques et vasculaires au fil du temps. C&rsquo;est pourquoi les professionnels de la sant\u00e9 la mesurent lors des visites au cabinet et pourquoi les personnes souffrant d&rsquo;hypertension art\u00e9rielle peuvent prendre des m\u00e9dicaments ou suivre un r\u00e9gime et faire de l&rsquo;exercice pour essayer de la contr\u00f4ler. <\/p>\n<h2 id=\"what-oura-is-planning-for-its-blood-pressure-feature\">Ce qu&rsquo;Oura pr\u00e9voit pour sa fonction de tension art\u00e9rielle<\/h2>\n<p>Oura a d\u00e9clar\u00e9 dans un communiqu\u00e9 de presse que la fonctionnalit\u00e9 sera appel\u00e9e \u00ab profil de pression art\u00e9rielle \u00bb et ne n\u00e9cessitera que l&rsquo;anneau Oura lui-m\u00eame, aucun brassard de tension art\u00e9rielle n&rsquo;est n\u00e9cessaire. L&rsquo;application ne signalera pas votre tension art\u00e9rielle r\u00e9elle, mais elle indiquera aux utilisateurs s&rsquo;ils n&rsquo;ont \u00ab aucun signe \u00bb, \u00ab signes mod\u00e9r\u00e9s \u00bb ou \u00ab signes majeurs \u00bb d&rsquo;hypertension. Il serait conseill\u00e9 aux personnes qui enregistrent des signes majeurs de faire un suivi aupr\u00e8s d&rsquo;un professionnel de la sant\u00e9. <\/p>\n<div class=\"mx-auto mb-12 mt-5 w-full max-w-3xl rounded-md border-2 border-gray-100 p-3 shadow-md md:px-7 md:pb-7 md:pt-5\" id=\"related-video\">\n<div class=\"mb-3 flex items-center md:mb-5\">\n        <img decoding=\"async\" class=\"mr-4 mt-0 h-10 w-10 md:mr-5 md:h-12 md:w-12\" src=\"https:\/\/vieassociative.be\/actualites\/wp-content\/uploads\/2025\/09\/1757726237_608_Meta-pourrait-devoiler-une-montre-intelligente-pour-controler-ses-lunettes.jpg\" alt=\"Logo du pirate de la vie\"><\/p><\/div>\n<div class=\"aspect-video w-full overflow-hidden rounded-md\">\n<div id=\"video-container-01K81FHPWMK91W3NFMW1EB6MX5\"><\/div>\n<\/p><\/div>\n<\/div>\n<h2 id=\"how-to-join-ouras-blood-pressure-study\">Comment participer \u00e0 l&rsquo;\u00e9tude sur la tension art\u00e9rielle d&rsquo;Oura<\/h2>\n<p>Oura dit avoir re\u00e7u l&rsquo;approbation d&rsquo;un comit\u00e9 d&rsquo;examen institutionnel (IRB) pour r\u00e9aliser une \u00e9tude avec les membres d&rsquo;Oura. (Ils n&rsquo;ont pas nomm\u00e9 l&rsquo;institution avec laquelle ils collaborent.) Oura dit que les personnes qui s&rsquo;inscriront \u00e0 l&rsquo;\u00e9tude seront invit\u00e9es \u00e0 remplir un questionnaire sur leurs ant\u00e9c\u00e9dents familiaux, leurs m\u00e9dicaments et leurs habitudes de vie. Oura utilisera ces r\u00e9ponses ainsi que les donn\u00e9es de l&rsquo;anneau d&rsquo;Oura. Vous pouvez en savoir plus sur l&rsquo;\u00e9tude sur le site Web d&rsquo;Oura ici.<\/p>\n<p>Oura indique que l&rsquo;\u00e9tude est d\u00e9sormais disponible dans la section Oura Labs de l&rsquo;application. (Je ne le vois pas dans le mien, mais je dois supposer qu&rsquo;il sera bient\u00f4t l\u00e0.) Pour trouver Oura Labs, appuyez sur l&rsquo;ic\u00f4ne de menu dans le coin sup\u00e9rieur gauche de l&rsquo;application, puis appuyez sur Oura Labs. Cet \u00e9cran affiche des fonctionnalit\u00e9s exp\u00e9rimentales et contient des liens vers des \u00e9tudes auxquelles les membres peuvent s&rsquo;inscrire. <\/p>\n<p>Les membres \u00e9ligibles \u00e0 l&rsquo;\u00e9tude comprennent ceux \u00e2g\u00e9s de 22 ans ou plus, bas\u00e9s aux \u00c9tats-Unis, utilisant la version anglaise de l&rsquo;application et utilisant une bague Oura de g\u00e9n\u00e9ration 3 ou 4. Les membres enceintes, \u00e0 moins de 12 semaines apr\u00e8s l&rsquo;accouchement ou qui portent des implants cardiaques comme des stimulateurs cardiaques ne sont pas \u00e9ligibles pour l&rsquo;\u00e9tude. <\/p>\n","protected":false},"excerpt":{"rendered":"<p>Les membres peuvent s\u2019inscrire \u00e0 une \u00e9tude pour la tester. Les notifications d&rsquo;hypertension de l&rsquo;Apple Watch pourraient bient\u00f4t avoir un concurrent. Oura, fabricant d&rsquo;anneaux intelligents,<\/p>\n","protected":false},"author":1,"featured_media":10785,"comment_status":"","ping_status":"","sticky":false,"template":"","format":"standard","meta":{"footnotes":""},"categories":[38],"tags":[8970,44,8971,1300,491,81,7561,8969,3697],"class_list":["post-10784","post","type-post","status-publish","format-standard","has-post-thumbnail","hentry","category-sante","tag-arterielle","tag-comment","tag-doura","tag-fonctionnalite","tag-nouvelle","tag-pour","tag-sinscrire","tag-tension","tag-tester","generate-columns","tablet-grid-50","mobile-grid-100","grid-parent","grid-33"],"yoast_head":"<!-- This site is optimized with the Yoast SEO plugin v24.0 - https:\/\/yoast.com\/wordpress\/plugins\/seo\/ -->\n<title>Comment s&#039;inscrire pour tester la nouvelle fonctionnalit\u00e9 de tension art\u00e9rielle d&#039;Oura | Vie Associative<\/title>\n<meta name=\"robots\" content=\"index, follow, max-snippet:-1, max-image-preview:large, max-video-preview:-1\" \/>\n<link rel=\"canonical\" href=\"https:\/\/vieassociative.be\/actualites\/comment-sinscrire-pour-tester-la-nouvelle-fonctionnalite-de-tension-arterielle-doura\/\" \/>\n<meta property=\"og:locale\" content=\"fr_FR\" \/>\n<meta property=\"og:type\" content=\"article\" \/>\n<meta property=\"og:title\" content=\"Comment s&#039;inscrire pour tester la nouvelle fonctionnalit\u00e9 de tension art\u00e9rielle d&#039;Oura | Vie Associative\" \/>\n<meta property=\"og:description\" content=\"Les membres peuvent s\u2019inscrire \u00e0 une \u00e9tude pour la tester. Les notifications d&rsquo;hypertension de l&rsquo;Apple Watch pourraient bient\u00f4t avoir un concurrent. Oura, fabricant d&rsquo;anneaux intelligents,\" \/>\n<meta property=\"og:url\" content=\"https:\/\/vieassociative.be\/actualites\/comment-sinscrire-pour-tester-la-nouvelle-fonctionnalite-de-tension-arterielle-doura\/\" \/>\n<meta property=\"og:site_name\" content=\"Vie Associative\" \/>\n<meta property=\"article:published_time\" content=\"2025-10-20T19:18:09+00:00\" \/>\n<meta property=\"og:image\" content=\"https:\/\/vieassociative.be\/actualites\/wp-content\/uploads\/2025\/09\/1757726237_608_Meta-pourrait-devoiler-une-montre-intelligente-pour-controler-ses-lunettes.jpg\" \/>\n<meta name=\"author\" content=\"Julien\" \/>\n<meta name=\"twitter:card\" content=\"summary_large_image\" \/>\n<meta name=\"twitter:label1\" content=\"\u00c9crit par\" \/>\n\t<meta name=\"twitter:data1\" content=\"Julien\" \/>\n\t<meta name=\"twitter:label2\" content=\"Dur\u00e9e de lecture est.\" \/>\n\t<meta name=\"twitter:data2\" content=\"2 minutes\" \/>\n<script type=\"application\/ld+json\" class=\"yoast-schema-graph\">{\"@context\":\"https:\/\/schema.org\",\"@graph\":[{\"@type\":\"Article\",\"@id\":\"https:\/\/vieassociative.be\/actualites\/comment-sinscrire-pour-tester-la-nouvelle-fonctionnalite-de-tension-arterielle-doura\/#article\",\"isPartOf\":{\"@id\":\"https:\/\/vieassociative.be\/actualites\/comment-sinscrire-pour-tester-la-nouvelle-fonctionnalite-de-tension-arterielle-doura\/\"},\"author\":{\"name\":\"Julien\",\"@id\":\"https:\/\/vieassociative.be\/actualites\/#\/schema\/person\/b87ac4f82f9d4e7b7cec7395b679edc4\"},\"headline\":\"Comment s&rsquo;inscrire pour tester la nouvelle fonctionnalit\u00e9 de tension art\u00e9rielle d&rsquo;Oura\",\"datePublished\":\"2025-10-20T19:18:09+00:00\",\"dateModified\":\"2025-10-20T19:18:09+00:00\",\"mainEntityOfPage\":{\"@id\":\"https:\/\/vieassociative.be\/actualites\/comment-sinscrire-pour-tester-la-nouvelle-fonctionnalite-de-tension-arterielle-doura\/\"},\"wordCount\":495,\"publisher\":{\"@id\":\"https:\/\/vieassociative.be\/actualites\/#organization\"},\"image\":{\"@id\":\"https:\/\/vieassociative.be\/actualites\/comment-sinscrire-pour-tester-la-nouvelle-fonctionnalite-de-tension-arterielle-doura\/#primaryimage\"},\"thumbnailUrl\":\"https:\/\/vieassociative.be\/actualites\/wp-content\/uploads\/2025\/10\/Comment-sinscrire-pour-tester-la-nouvelle-fonctionnalite-de-tension-arterielle.jpg\",\"keywords\":[\"art\u00e9rielle\",\"Comment\",\"dOura\",\"fonctionnalit\u00e9\",\"nouvelle\",\"pour\",\"sinscrire\",\"tension\",\"tester\"],\"articleSection\":[\"Sant\u00e9\"],\"inLanguage\":\"fr-BE\"},{\"@type\":\"WebPage\",\"@id\":\"https:\/\/vieassociative.be\/actualites\/comment-sinscrire-pour-tester-la-nouvelle-fonctionnalite-de-tension-arterielle-doura\/\",\"url\":\"https:\/\/vieassociative.be\/actualites\/comment-sinscrire-pour-tester-la-nouvelle-fonctionnalite-de-tension-arterielle-doura\/\",\"name\":\"Comment s'inscrire pour tester la nouvelle fonctionnalit\u00e9 de tension art\u00e9rielle d'Oura | Vie Associative\",\"isPartOf\":{\"@id\":\"https:\/\/vieassociative.be\/actualites\/#website\"},\"primaryImageOfPage\":{\"@id\":\"https:\/\/vieassociative.be\/actualites\/comment-sinscrire-pour-tester-la-nouvelle-fonctionnalite-de-tension-arterielle-doura\/#primaryimage\"},\"image\":{\"@id\":\"https:\/\/vieassociative.be\/actualites\/comment-sinscrire-pour-tester-la-nouvelle-fonctionnalite-de-tension-arterielle-doura\/#primaryimage\"},\"thumbnailUrl\":\"https:\/\/vieassociative.be\/actualites\/wp-content\/uploads\/2025\/10\/Comment-sinscrire-pour-tester-la-nouvelle-fonctionnalite-de-tension-arterielle.jpg\",\"datePublished\":\"2025-10-20T19:18:09+00:00\",\"dateModified\":\"2025-10-20T19:18:09+00:00\",\"breadcrumb\":{\"@id\":\"https:\/\/vieassociative.be\/actualites\/comment-sinscrire-pour-tester-la-nouvelle-fonctionnalite-de-tension-arterielle-doura\/#breadcrumb\"},\"inLanguage\":\"fr-BE\",\"potentialAction\":[{\"@type\":\"ReadAction\",\"target\":[\"https:\/\/vieassociative.be\/actualites\/comment-sinscrire-pour-tester-la-nouvelle-fonctionnalite-de-tension-arterielle-doura\/\"]}]},{\"@type\":\"ImageObject\",\"inLanguage\":\"fr-BE\",\"@id\":\"https:\/\/vieassociative.be\/actualites\/comment-sinscrire-pour-tester-la-nouvelle-fonctionnalite-de-tension-arterielle-doura\/#primaryimage\",\"url\":\"https:\/\/vieassociative.be\/actualites\/wp-content\/uploads\/2025\/10\/Comment-sinscrire-pour-tester-la-nouvelle-fonctionnalite-de-tension-arterielle.jpg\",\"contentUrl\":\"https:\/\/vieassociative.be\/actualites\/wp-content\/uploads\/2025\/10\/Comment-sinscrire-pour-tester-la-nouvelle-fonctionnalite-de-tension-arterielle.jpg\",\"width\":1200,\"height\":675,\"caption\":\"Comment s'inscrire pour tester la nouvelle fonctionnalit\u00e9 de tension art\u00e9rielle d'Oura\"},{\"@type\":\"BreadcrumbList\",\"@id\":\"https:\/\/vieassociative.be\/actualites\/comment-sinscrire-pour-tester-la-nouvelle-fonctionnalite-de-tension-arterielle-doura\/#breadcrumb\",\"itemListElement\":[{\"@type\":\"ListItem\",\"position\":1,\"name\":\"Accueil\",\"item\":\"https:\/\/vieassociative.be\/actualites\/\"},{\"@type\":\"ListItem\",\"position\":2,\"name\":\"Comment s&rsquo;inscrire pour tester la nouvelle fonctionnalit\u00e9 de tension art\u00e9rielle d&rsquo;Oura\"}]},{\"@type\":\"WebSite\",\"@id\":\"https:\/\/vieassociative.be\/actualites\/#website\",\"url\":\"https:\/\/vieassociative.be\/actualites\/\",\"name\":\"Vie Associative\",\"description\":\"\",\"publisher\":{\"@id\":\"https:\/\/vieassociative.be\/actualites\/#organization\"},\"potentialAction\":[{\"@type\":\"SearchAction\",\"target\":{\"@type\":\"EntryPoint\",\"urlTemplate\":\"https:\/\/vieassociative.be\/actualites\/?s={search_term_string}\"},\"query-input\":{\"@type\":\"PropertyValueSpecification\",\"valueRequired\":true,\"valueName\":\"search_term_string\"}}],\"inLanguage\":\"fr-BE\"},{\"@type\":\"Organization\",\"@id\":\"https:\/\/vieassociative.be\/actualites\/#organization\",\"name\":\"Vie Associative\",\"url\":\"https:\/\/vieassociative.be\/actualites\/\",\"logo\":{\"@type\":\"ImageObject\",\"inLanguage\":\"fr-BE\",\"@id\":\"https:\/\/vieassociative.be\/actualites\/#\/schema\/logo\/image\/\",\"url\":\"https:\/\/vieassociative.be\/actualites\/wp-content\/uploads\/2024\/09\/cropped-vieassociative_favicon.ico.png\",\"contentUrl\":\"https:\/\/vieassociative.be\/actualites\/wp-content\/uploads\/2024\/09\/cropped-vieassociative_favicon.ico.png\",\"width\":512,\"height\":512,\"caption\":\"Vie Associative\"},\"image\":{\"@id\":\"https:\/\/vieassociative.be\/actualites\/#\/schema\/logo\/image\/\"}},{\"@type\":\"Person\",\"@id\":\"https:\/\/vieassociative.be\/actualites\/#\/schema\/person\/b87ac4f82f9d4e7b7cec7395b679edc4\",\"name\":\"Julien\",\"image\":{\"@type\":\"ImageObject\",\"inLanguage\":\"fr-BE\",\"@id\":\"https:\/\/vieassociative.be\/actualites\/#\/schema\/person\/image\/\",\"url\":\"https:\/\/vieassociative.be\/actualites\/wp-content\/uploads\/2024\/09\/vie-associative-1-150x150.jpg\",\"contentUrl\":\"https:\/\/vieassociative.be\/actualites\/wp-content\/uploads\/2024\/09\/vie-associative-1-150x150.jpg\",\"caption\":\"Julien\"},\"description\":\"Je suis Julien, r\u00e9dacteur pour Vie Associative. Passionn\u00e9 par le monde associatif depuis plus de 10 ans, j'ai \u00e0 c\u0153ur de partager des histoires inspirantes et de mettre en lumi\u00e8re les initiatives locales. Mon objectif est de sensibiliser et d'encourager l'engagement communautaire \u00e0 travers mes articles.\",\"sameAs\":[\"https:\/\/vieassociative.be\/\"]}]}<\/script>\n<!-- \/ Yoast SEO plugin. -->","yoast_head_json":{"title":"Comment s'inscrire pour tester la nouvelle fonctionnalit\u00e9 de tension art\u00e9rielle d'Oura | Vie Associative","robots":{"index":"index","follow":"follow","max-snippet":"max-snippet:-1","max-image-preview":"max-image-preview:large","max-video-preview":"max-video-preview:-1"},"canonical":"https:\/\/vieassociative.be\/actualites\/comment-sinscrire-pour-tester-la-nouvelle-fonctionnalite-de-tension-arterielle-doura\/","og_locale":"fr_FR","og_type":"article","og_title":"Comment s'inscrire pour tester la nouvelle fonctionnalit\u00e9 de tension art\u00e9rielle d'Oura | Vie Associative","og_description":"Les membres peuvent s\u2019inscrire \u00e0 une \u00e9tude pour la tester. Les notifications d&rsquo;hypertension de l&rsquo;Apple Watch pourraient bient\u00f4t avoir un concurrent. Oura, fabricant d&rsquo;anneaux intelligents,","og_url":"https:\/\/vieassociative.be\/actualites\/comment-sinscrire-pour-tester-la-nouvelle-fonctionnalite-de-tension-arterielle-doura\/","og_site_name":"Vie Associative","article_published_time":"2025-10-20T19:18:09+00:00","og_image":[{"url":"https:\/\/vieassociative.be\/actualites\/wp-content\/uploads\/2025\/09\/1757726237_608_Meta-pourrait-devoiler-une-montre-intelligente-pour-controler-ses-lunettes.jpg","type":"","width":"","height":""}],"author":"Julien","twitter_card":"summary_large_image","twitter_misc":{"\u00c9crit par":"Julien","Dur\u00e9e de lecture est.":"2 minutes"},"schema":{"@context":"https:\/\/schema.org","@graph":[{"@type":"Article","@id":"https:\/\/vieassociative.be\/actualites\/comment-sinscrire-pour-tester-la-nouvelle-fonctionnalite-de-tension-arterielle-doura\/#article","isPartOf":{"@id":"https:\/\/vieassociative.be\/actualites\/comment-sinscrire-pour-tester-la-nouvelle-fonctionnalite-de-tension-arterielle-doura\/"},"author":{"name":"Julien","@id":"https:\/\/vieassociative.be\/actualites\/#\/schema\/person\/b87ac4f82f9d4e7b7cec7395b679edc4"},"headline":"Comment s&rsquo;inscrire pour tester la nouvelle fonctionnalit\u00e9 de tension art\u00e9rielle d&rsquo;Oura","datePublished":"2025-10-20T19:18:09+00:00","dateModified":"2025-10-20T19:18:09+00:00","mainEntityOfPage":{"@id":"https:\/\/vieassociative.be\/actualites\/comment-sinscrire-pour-tester-la-nouvelle-fonctionnalite-de-tension-arterielle-doura\/"},"wordCount":495,"publisher":{"@id":"https:\/\/vieassociative.be\/actualites\/#organization"},"image":{"@id":"https:\/\/vieassociative.be\/actualites\/comment-sinscrire-pour-tester-la-nouvelle-fonctionnalite-de-tension-arterielle-doura\/#primaryimage"},"thumbnailUrl":"https:\/\/vieassociative.be\/actualites\/wp-content\/uploads\/2025\/10\/Comment-sinscrire-pour-tester-la-nouvelle-fonctionnalite-de-tension-arterielle.jpg","keywords":["art\u00e9rielle","Comment","dOura","fonctionnalit\u00e9","nouvelle","pour","sinscrire","tension","tester"],"articleSection":["Sant\u00e9"],"inLanguage":"fr-BE"},{"@type":"WebPage","@id":"https:\/\/vieassociative.be\/actualites\/comment-sinscrire-pour-tester-la-nouvelle-fonctionnalite-de-tension-arterielle-doura\/","url":"https:\/\/vieassociative.be\/actualites\/comment-sinscrire-pour-tester-la-nouvelle-fonctionnalite-de-tension-arterielle-doura\/","name":"Comment s'inscrire pour tester la nouvelle fonctionnalit\u00e9 de tension art\u00e9rielle d'Oura | Vie Associative","isPartOf":{"@id":"https:\/\/vieassociative.be\/actualites\/#website"},"primaryImageOfPage":{"@id":"https:\/\/vieassociative.be\/actualites\/comment-sinscrire-pour-tester-la-nouvelle-fonctionnalite-de-tension-arterielle-doura\/#primaryimage"},"image":{"@id":"https:\/\/vieassociative.be\/actualites\/comment-sinscrire-pour-tester-la-nouvelle-fonctionnalite-de-tension-arterielle-doura\/#primaryimage"},"thumbnailUrl":"https:\/\/vieassociative.be\/actualites\/wp-content\/uploads\/2025\/10\/Comment-sinscrire-pour-tester-la-nouvelle-fonctionnalite-de-tension-arterielle.jpg","datePublished":"2025-10-20T19:18:09+00:00","dateModified":"2025-10-20T19:18:09+00:00","breadcrumb":{"@id":"https:\/\/vieassociative.be\/actualites\/comment-sinscrire-pour-tester-la-nouvelle-fonctionnalite-de-tension-arterielle-doura\/#breadcrumb"},"inLanguage":"fr-BE","potentialAction":[{"@type":"ReadAction","target":["https:\/\/vieassociative.be\/actualites\/comment-sinscrire-pour-tester-la-nouvelle-fonctionnalite-de-tension-arterielle-doura\/"]}]},{"@type":"ImageObject","inLanguage":"fr-BE","@id":"https:\/\/vieassociative.be\/actualites\/comment-sinscrire-pour-tester-la-nouvelle-fonctionnalite-de-tension-arterielle-doura\/#primaryimage","url":"https:\/\/vieassociative.be\/actualites\/wp-content\/uploads\/2025\/10\/Comment-sinscrire-pour-tester-la-nouvelle-fonctionnalite-de-tension-arterielle.jpg","contentUrl":"https:\/\/vieassociative.be\/actualites\/wp-content\/uploads\/2025\/10\/Comment-sinscrire-pour-tester-la-nouvelle-fonctionnalite-de-tension-arterielle.jpg","width":1200,"height":675,"caption":"Comment s'inscrire pour tester la nouvelle fonctionnalit\u00e9 de tension art\u00e9rielle d'Oura"},{"@type":"BreadcrumbList","@id":"https:\/\/vieassociative.be\/actualites\/comment-sinscrire-pour-tester-la-nouvelle-fonctionnalite-de-tension-arterielle-doura\/#breadcrumb","itemListElement":[{"@type":"ListItem","position":1,"name":"Accueil","item":"https:\/\/vieassociative.be\/actualites\/"},{"@type":"ListItem","position":2,"name":"Comment s&rsquo;inscrire pour tester la nouvelle fonctionnalit\u00e9 de tension art\u00e9rielle d&rsquo;Oura"}]},{"@type":"WebSite","@id":"https:\/\/vieassociative.be\/actualites\/#website","url":"https:\/\/vieassociative.be\/actualites\/","name":"Vie Associative","description":"","publisher":{"@id":"https:\/\/vieassociative.be\/actualites\/#organization"},"potentialAction":[{"@type":"SearchAction","target":{"@type":"EntryPoint","urlTemplate":"https:\/\/vieassociative.be\/actualites\/?s={search_term_string}"},"query-input":{"@type":"PropertyValueSpecification","valueRequired":true,"valueName":"search_term_string"}}],"inLanguage":"fr-BE"},{"@type":"Organization","@id":"https:\/\/vieassociative.be\/actualites\/#organization","name":"Vie Associative","url":"https:\/\/vieassociative.be\/actualites\/","logo":{"@type":"ImageObject","inLanguage":"fr-BE","@id":"https:\/\/vieassociative.be\/actualites\/#\/schema\/logo\/image\/","url":"https:\/\/vieassociative.be\/actualites\/wp-content\/uploads\/2024\/09\/cropped-vieassociative_favicon.ico.png","contentUrl":"https:\/\/vieassociative.be\/actualites\/wp-content\/uploads\/2024\/09\/cropped-vieassociative_favicon.ico.png","width":512,"height":512,"caption":"Vie Associative"},"image":{"@id":"https:\/\/vieassociative.be\/actualites\/#\/schema\/logo\/image\/"}},{"@type":"Person","@id":"https:\/\/vieassociative.be\/actualites\/#\/schema\/person\/b87ac4f82f9d4e7b7cec7395b679edc4","name":"Julien","image":{"@type":"ImageObject","inLanguage":"fr-BE","@id":"https:\/\/vieassociative.be\/actualites\/#\/schema\/person\/image\/","url":"https:\/\/vieassociative.be\/actualites\/wp-content\/uploads\/2024\/09\/vie-associative-1-150x150.jpg","contentUrl":"https:\/\/vieassociative.be\/actualites\/wp-content\/uploads\/2024\/09\/vie-associative-1-150x150.jpg","caption":"Julien"},"description":"Je suis Julien, r\u00e9dacteur pour Vie Associative. Passionn\u00e9 par le monde associatif depuis plus de 10 ans, j'ai \u00e0 c\u0153ur de partager des histoires inspirantes et de mettre en lumi\u00e8re les initiatives locales. Mon objectif est de sensibiliser et d'encourager l'engagement communautaire \u00e0 travers mes articles.","sameAs":["https:\/\/vieassociative.be\/"]}]}},"_links":{"self":[{"href":"https:\/\/vieassociative.be\/actualites\/wp-json\/wp\/v2\/posts\/10784"}],"collection":[{"href":"https:\/\/vieassociative.be\/actualites\/wp-json\/wp\/v2\/posts"}],"about":[{"href":"https:\/\/vieassociative.be\/actualites\/wp-json\/wp\/v2\/types\/post"}],"author":[{"embeddable":true,"href":"https:\/\/vieassociative.be\/actualites\/wp-json\/wp\/v2\/users\/1"}],"replies":[{"embeddable":true,"href":"https:\/\/vieassociative.be\/actualites\/wp-json\/wp\/v2\/comments?post=10784"}],"version-history":[{"count":0,"href":"https:\/\/vieassociative.be\/actualites\/wp-json\/wp\/v2\/posts\/10784\/revisions"}],"wp:featuredmedia":[{"embeddable":true,"href":"https:\/\/vieassociative.be\/actualites\/wp-json\/wp\/v2\/media\/10785"}],"wp:attachment":[{"href":"https:\/\/vieassociative.be\/actualites\/wp-json\/wp\/v2\/media?parent=10784"}],"wp:term":[{"taxonomy":"category","embeddable":true,"href":"https:\/\/vieassociative.be\/actualites\/wp-json\/wp\/v2\/categories?post=10784"},{"taxonomy":"post_tag","embeddable":true,"href":"https:\/\/vieassociative.be\/actualites\/wp-json\/wp\/v2\/tags?post=10784"}],"curies":[{"name":"wp","href":"https:\/\/api.w.org\/{rel}","templated":true}]}}