{"id":10782,"date":"2025-10-20T16:16:57","date_gmt":"2025-10-20T14:16:57","guid":{"rendered":"https:\/\/vieassociative.be\/actualites\/apres-7-defaites-en-11-matchs-lalemannia-aachen-licencie-lentraineur-lentraineur-adjoint-et-le-directeur-technique\/"},"modified":"2025-10-20T16:16:57","modified_gmt":"2025-10-20T14:16:57","slug":"apres-7-defaites-en-11-matchs-lalemannia-aachen-licencie-lentraineur-lentraineur-adjoint-et-le-directeur-technique","status":"publish","type":"post","link":"https:\/\/vieassociative.be\/actualites\/apres-7-defaites-en-11-matchs-lalemannia-aachen-licencie-lentraineur-lentraineur-adjoint-et-le-directeur-technique\/","title":{"rendered":"Apr\u00e8s 7 d\u00e9faites en 11 matchs : l&rsquo;Alemannia Aachen licencie l&rsquo;entra\u00eeneur, l&rsquo;entra\u00eeneur adjoint et le directeur technique"},"content":{"rendered":"<p><strong>L&rsquo;Alemannia Aachen a lib\u00e9r\u00e9 l&rsquo;entra\u00eeneur-chef Benedetto Muzzicato et l&rsquo;entra\u00eeneur adjoint Noah Hach avec effet imm\u00e9diat. La direction du club de troisi\u00e8me division a r\u00e9agi \u00e0 la d\u00e9faite 0-1 contre le FC Ingolstadt. Il s&rsquo;agissait de la cinqui\u00e8me d\u00e9faite lors du sixi\u00e8me match \u00e0 domicile et de la troisi\u00e8me d\u00e9faite cons\u00e9cutive.<\/strong><\/p>\n<p><span id=\"more-427643\"><\/span>Apr\u00e8s la 11e journ\u00e9e, Aix-la-Chapelle occupe la 18e place du classement et se trouve donc dans une zone de rel\u00e9gation. Benedetto Muzzicato est arriv\u00e9 \u00e0 Alemannia \u00e0 l&rsquo;\u00e9t\u00e9 2025. Le joueur de 47 ans s&rsquo;occupait auparavant de la deuxi\u00e8me \u00e9quipe du SC Fribourg.<\/p>\n<p>Avec l&rsquo;entra\u00eeneur-chef Muzzicato et l&rsquo;entra\u00eeneur adjoint Hach, le directeur technique Erdal Celik a \u00e9galement \u00e9t\u00e9 d\u00e9mis de ses fonctions. Celik travaille chez Alemannia Aachen depuis 2023. <\/p>\n<\/p>\n<div id=\"attachment_421408\" class=\"wp-caption alignleft\" style=\"max-width: 300px\"><img fetchpriority=\"high\" decoding=\"async\" class=\"wp-image-421408 size-medium\" src=\"https:\/\/vieassociative.be\/actualites\/wp-content\/uploads\/2025\/07\/Colin-Kraft-a-propos-de-la-situation-sur-lAix-un-Tivoli.jpg\" alt=\"\" width=\"300\" height=\"200\"><\/div>\n<p>L&rsquo;entra\u00eeneur adjoint Ilyas Trenz assurera l&rsquo;int\u00e9rim avec l&rsquo;entra\u00eeneur des moins de 19 ans Carsten Wissing et pr\u00e9parera l&rsquo;\u00e9quipe pour le match \u00e0 l&rsquo;ext\u00e9rieur contre le SV Wehen Wiesbaden vendredi soir.<\/p>\n<p>\u00ab\u00a0Apr\u00e8s une analyse approfondie, nous voyons la n\u00e9cessit\u00e9 de franchir cette \u00e9tape. Apr\u00e8s trois d\u00e9faites cons\u00e9cutives et un total de sept d\u00e9faites, nous n&rsquo;avons pas la conviction que le redressement r\u00e9ussira dans cette constellation. Nous avons trouv\u00e9 une solution avec Ilyas Trenz et Carsten Wissing, qui ont d\u00e9j\u00e0 travaill\u00e9 avec l&rsquo;\u00e9quipe en d\u00e9but de saison. Nous avons d\u00e9fini un profil d&rsquo;exigences clair et, sur cette base, nous discuterons avec des candidats potentiels pour trouver le bon entra\u00eeneur pour Find Alemannia Aix-la-Chapelle. Nous tenons \u00e0 remercier Benedetto pour son travail, dont nous consid\u00e9rons toujours que l&rsquo;id\u00e9e et l&rsquo;approche sont bonnes. Malheureusement, nous n\u2019avons pas pu obtenir les r\u00e9sultats et le succ\u00e8s que nous souhaitions tous. Nos remerciements vont \u00e9galement \u00e0 Noah et nous leur souhaitons \u00e0 tous deux le meilleur pour leur futur voyage \u00bb, explique Rachid Azzouzi, directeur g\u00e9n\u00e9ral du Sport. (cr\u00e9er)<\/p>\n","protected":false},"excerpt":{"rendered":"<p>L&rsquo;Alemannia Aachen a lib\u00e9r\u00e9 l&rsquo;entra\u00eeneur-chef Benedetto Muzzicato et l&rsquo;entra\u00eeneur adjoint Noah Hach avec effet imm\u00e9diat. La direction du club de troisi\u00e8me division a r\u00e9agi \u00e0<\/p>\n","protected":false},"author":1,"featured_media":10783,"comment_status":"","ping_status":"","sticky":false,"template":"","format":"standard","meta":{"footnotes":""},"categories":[298],"tags":[3446,7616,472,7948,8968,3445,3314,8967,3023,3724],"class_list":["post-10782","post","type-post","status-publish","format-standard","has-post-thumbnail","hentry","category-belgique","tag-aachen","tag-adjoint","tag-apres","tag-defaites","tag-directeur","tag-lalemannia","tag-lentraineur","tag-licencie","tag-matchs","tag-technique","generate-columns","tablet-grid-50","mobile-grid-100","grid-parent","grid-33"],"yoast_head":"<!-- This site is optimized with the Yoast SEO plugin v24.0 - https:\/\/yoast.com\/wordpress\/plugins\/seo\/ -->\n<title>Apr\u00e8s 7 d\u00e9faites en 11 matchs : l&#039;Alemannia Aachen licencie l&#039;entra\u00eeneur, l&#039;entra\u00eeneur adjoint et le directeur technique | Vie Associative<\/title>\n<meta name=\"robots\" content=\"index, follow, max-snippet:-1, max-image-preview:large, max-video-preview:-1\" \/>\n<link rel=\"canonical\" href=\"https:\/\/vieassociative.be\/actualites\/apres-7-defaites-en-11-matchs-lalemannia-aachen-licencie-lentraineur-lentraineur-adjoint-et-le-directeur-technique\/\" \/>\n<meta property=\"og:locale\" content=\"fr_FR\" \/>\n<meta property=\"og:type\" content=\"article\" \/>\n<meta property=\"og:title\" content=\"Apr\u00e8s 7 d\u00e9faites en 11 matchs : l&#039;Alemannia Aachen licencie l&#039;entra\u00eeneur, l&#039;entra\u00eeneur adjoint et le directeur technique | Vie Associative\" \/>\n<meta property=\"og:description\" content=\"L&rsquo;Alemannia Aachen a lib\u00e9r\u00e9 l&rsquo;entra\u00eeneur-chef Benedetto Muzzicato et l&rsquo;entra\u00eeneur adjoint Noah Hach avec effet imm\u00e9diat. La direction du club de troisi\u00e8me division a r\u00e9agi \u00e0\" \/>\n<meta property=\"og:url\" content=\"https:\/\/vieassociative.be\/actualites\/apres-7-defaites-en-11-matchs-lalemannia-aachen-licencie-lentraineur-lentraineur-adjoint-et-le-directeur-technique\/\" \/>\n<meta property=\"og:site_name\" content=\"Vie Associative\" \/>\n<meta property=\"article:published_time\" content=\"2025-10-20T14:16:57+00:00\" \/>\n<meta property=\"og:image\" content=\"https:\/\/vieassociative.be\/actualites\/wp-content\/uploads\/2024\/09\/header_backgroundk-01-e1726694325946.png\" \/>\n\t<meta property=\"og:image:width\" content=\"279\" \/>\n\t<meta property=\"og:image:height\" content=\"92\" \/>\n\t<meta property=\"og:image:type\" content=\"image\/png\" \/>\n<meta name=\"author\" content=\"Julien\" \/>\n<meta name=\"twitter:card\" content=\"summary_large_image\" \/>\n<meta name=\"twitter:label1\" content=\"\u00c9crit par\" \/>\n\t<meta name=\"twitter:data1\" content=\"Julien\" \/>\n\t<meta name=\"twitter:label2\" content=\"Dur\u00e9e de lecture est.\" \/>\n\t<meta name=\"twitter:data2\" content=\"2 minutes\" \/>\n<script type=\"application\/ld+json\" class=\"yoast-schema-graph\">{\"@context\":\"https:\/\/schema.org\",\"@graph\":[{\"@type\":\"Article\",\"@id\":\"https:\/\/vieassociative.be\/actualites\/apres-7-defaites-en-11-matchs-lalemannia-aachen-licencie-lentraineur-lentraineur-adjoint-et-le-directeur-technique\/#article\",\"isPartOf\":{\"@id\":\"https:\/\/vieassociative.be\/actualites\/apres-7-defaites-en-11-matchs-lalemannia-aachen-licencie-lentraineur-lentraineur-adjoint-et-le-directeur-technique\/\"},\"author\":{\"name\":\"Julien\",\"@id\":\"https:\/\/vieassociative.be\/actualites\/#\/schema\/person\/b87ac4f82f9d4e7b7cec7395b679edc4\"},\"headline\":\"Apr\u00e8s 7 d\u00e9faites en 11 matchs : l&rsquo;Alemannia Aachen licencie l&rsquo;entra\u00eeneur, l&rsquo;entra\u00eeneur adjoint et le directeur technique\",\"datePublished\":\"2025-10-20T14:16:57+00:00\",\"dateModified\":\"2025-10-20T14:16:57+00:00\",\"mainEntityOfPage\":{\"@id\":\"https:\/\/vieassociative.be\/actualites\/apres-7-defaites-en-11-matchs-lalemannia-aachen-licencie-lentraineur-lentraineur-adjoint-et-le-directeur-technique\/\"},\"wordCount\":361,\"publisher\":{\"@id\":\"https:\/\/vieassociative.be\/actualites\/#organization\"},\"image\":{\"@id\":\"https:\/\/vieassociative.be\/actualites\/apres-7-defaites-en-11-matchs-lalemannia-aachen-licencie-lentraineur-lentraineur-adjoint-et-le-directeur-technique\/#primaryimage\"},\"thumbnailUrl\":\"https:\/\/vieassociative.be\/actualites\/wp-content\/uploads\/2025\/10\/Apres-7-defaites-en-11-matchs-lAlemannia-Aachen-licencie.jpg\",\"keywords\":[\"Aachen\",\"adjoint\",\"Apr\u00e8s\",\"d\u00e9faites\",\"directeur\",\"LAlemannia\",\"lentra\u00eeneur\",\"licencie\",\"matchs\",\"technique\"],\"articleSection\":[\"Belgique\"],\"inLanguage\":\"fr-BE\"},{\"@type\":\"WebPage\",\"@id\":\"https:\/\/vieassociative.be\/actualites\/apres-7-defaites-en-11-matchs-lalemannia-aachen-licencie-lentraineur-lentraineur-adjoint-et-le-directeur-technique\/\",\"url\":\"https:\/\/vieassociative.be\/actualites\/apres-7-defaites-en-11-matchs-lalemannia-aachen-licencie-lentraineur-lentraineur-adjoint-et-le-directeur-technique\/\",\"name\":\"Apr\u00e8s 7 d\u00e9faites en 11 matchs : l'Alemannia Aachen licencie l'entra\u00eeneur, l'entra\u00eeneur adjoint et le directeur technique | Vie Associative\",\"isPartOf\":{\"@id\":\"https:\/\/vieassociative.be\/actualites\/#website\"},\"primaryImageOfPage\":{\"@id\":\"https:\/\/vieassociative.be\/actualites\/apres-7-defaites-en-11-matchs-lalemannia-aachen-licencie-lentraineur-lentraineur-adjoint-et-le-directeur-technique\/#primaryimage\"},\"image\":{\"@id\":\"https:\/\/vieassociative.be\/actualites\/apres-7-defaites-en-11-matchs-lalemannia-aachen-licencie-lentraineur-lentraineur-adjoint-et-le-directeur-technique\/#primaryimage\"},\"thumbnailUrl\":\"https:\/\/vieassociative.be\/actualites\/wp-content\/uploads\/2025\/10\/Apres-7-defaites-en-11-matchs-lAlemannia-Aachen-licencie.jpg\",\"datePublished\":\"2025-10-20T14:16:57+00:00\",\"dateModified\":\"2025-10-20T14:16:57+00:00\",\"breadcrumb\":{\"@id\":\"https:\/\/vieassociative.be\/actualites\/apres-7-defaites-en-11-matchs-lalemannia-aachen-licencie-lentraineur-lentraineur-adjoint-et-le-directeur-technique\/#breadcrumb\"},\"inLanguage\":\"fr-BE\",\"potentialAction\":[{\"@type\":\"ReadAction\",\"target\":[\"https:\/\/vieassociative.be\/actualites\/apres-7-defaites-en-11-matchs-lalemannia-aachen-licencie-lentraineur-lentraineur-adjoint-et-le-directeur-technique\/\"]}]},{\"@type\":\"ImageObject\",\"inLanguage\":\"fr-BE\",\"@id\":\"https:\/\/vieassociative.be\/actualites\/apres-7-defaites-en-11-matchs-lalemannia-aachen-licencie-lentraineur-lentraineur-adjoint-et-le-directeur-technique\/#primaryimage\",\"url\":\"https:\/\/vieassociative.be\/actualites\/wp-content\/uploads\/2025\/10\/Apres-7-defaites-en-11-matchs-lAlemannia-Aachen-licencie.jpg\",\"contentUrl\":\"https:\/\/vieassociative.be\/actualites\/wp-content\/uploads\/2025\/10\/Apres-7-defaites-en-11-matchs-lAlemannia-Aachen-licencie.jpg\",\"width\":1200,\"height\":905,\"caption\":\"Apr\u00e8s 7 d\u00e9faites en 11 matchs : l'Alemannia Aachen licencie l'entra\u00eeneur, l'entra\u00eeneur adjoint et le directeur technique\"},{\"@type\":\"BreadcrumbList\",\"@id\":\"https:\/\/vieassociative.be\/actualites\/apres-7-defaites-en-11-matchs-lalemannia-aachen-licencie-lentraineur-lentraineur-adjoint-et-le-directeur-technique\/#breadcrumb\",\"itemListElement\":[{\"@type\":\"ListItem\",\"position\":1,\"name\":\"Accueil\",\"item\":\"https:\/\/vieassociative.be\/actualites\/\"},{\"@type\":\"ListItem\",\"position\":2,\"name\":\"Apr\u00e8s 7 d\u00e9faites en 11 matchs : l&rsquo;Alemannia Aachen licencie l&rsquo;entra\u00eeneur, l&rsquo;entra\u00eeneur adjoint et le directeur technique\"}]},{\"@type\":\"WebSite\",\"@id\":\"https:\/\/vieassociative.be\/actualites\/#website\",\"url\":\"https:\/\/vieassociative.be\/actualites\/\",\"name\":\"Vie Associative\",\"description\":\"\",\"publisher\":{\"@id\":\"https:\/\/vieassociative.be\/actualites\/#organization\"},\"potentialAction\":[{\"@type\":\"SearchAction\",\"target\":{\"@type\":\"EntryPoint\",\"urlTemplate\":\"https:\/\/vieassociative.be\/actualites\/?s={search_term_string}\"},\"query-input\":{\"@type\":\"PropertyValueSpecification\",\"valueRequired\":true,\"valueName\":\"search_term_string\"}}],\"inLanguage\":\"fr-BE\"},{\"@type\":\"Organization\",\"@id\":\"https:\/\/vieassociative.be\/actualites\/#organization\",\"name\":\"Vie Associative\",\"url\":\"https:\/\/vieassociative.be\/actualites\/\",\"logo\":{\"@type\":\"ImageObject\",\"inLanguage\":\"fr-BE\",\"@id\":\"https:\/\/vieassociative.be\/actualites\/#\/schema\/logo\/image\/\",\"url\":\"https:\/\/vieassociative.be\/actualites\/wp-content\/uploads\/2024\/09\/cropped-vieassociative_favicon.ico.png\",\"contentUrl\":\"https:\/\/vieassociative.be\/actualites\/wp-content\/uploads\/2024\/09\/cropped-vieassociative_favicon.ico.png\",\"width\":512,\"height\":512,\"caption\":\"Vie Associative\"},\"image\":{\"@id\":\"https:\/\/vieassociative.be\/actualites\/#\/schema\/logo\/image\/\"}},{\"@type\":\"Person\",\"@id\":\"https:\/\/vieassociative.be\/actualites\/#\/schema\/person\/b87ac4f82f9d4e7b7cec7395b679edc4\",\"name\":\"Julien\",\"image\":{\"@type\":\"ImageObject\",\"inLanguage\":\"fr-BE\",\"@id\":\"https:\/\/vieassociative.be\/actualites\/#\/schema\/person\/image\/\",\"url\":\"https:\/\/vieassociative.be\/actualites\/wp-content\/uploads\/2024\/09\/vie-associative-1-150x150.jpg\",\"contentUrl\":\"https:\/\/vieassociative.be\/actualites\/wp-content\/uploads\/2024\/09\/vie-associative-1-150x150.jpg\",\"caption\":\"Julien\"},\"description\":\"Je suis Julien, r\u00e9dacteur pour Vie Associative. Passionn\u00e9 par le monde associatif depuis plus de 10 ans, j'ai \u00e0 c\u0153ur de partager des histoires inspirantes et de mettre en lumi\u00e8re les initiatives locales. Mon objectif est de sensibiliser et d'encourager l'engagement communautaire \u00e0 travers mes articles.\",\"sameAs\":[\"https:\/\/vieassociative.be\/\"]}]}<\/script>\n<!-- \/ Yoast SEO plugin. -->","yoast_head_json":{"title":"Apr\u00e8s 7 d\u00e9faites en 11 matchs : l'Alemannia Aachen licencie l'entra\u00eeneur, l'entra\u00eeneur adjoint et le directeur technique | Vie Associative","robots":{"index":"index","follow":"follow","max-snippet":"max-snippet:-1","max-image-preview":"max-image-preview:large","max-video-preview":"max-video-preview:-1"},"canonical":"https:\/\/vieassociative.be\/actualites\/apres-7-defaites-en-11-matchs-lalemannia-aachen-licencie-lentraineur-lentraineur-adjoint-et-le-directeur-technique\/","og_locale":"fr_FR","og_type":"article","og_title":"Apr\u00e8s 7 d\u00e9faites en 11 matchs : l'Alemannia Aachen licencie l'entra\u00eeneur, l'entra\u00eeneur adjoint et le directeur technique | Vie Associative","og_description":"L&rsquo;Alemannia Aachen a lib\u00e9r\u00e9 l&rsquo;entra\u00eeneur-chef Benedetto Muzzicato et l&rsquo;entra\u00eeneur adjoint Noah Hach avec effet imm\u00e9diat. La direction du club de troisi\u00e8me division a r\u00e9agi \u00e0","og_url":"https:\/\/vieassociative.be\/actualites\/apres-7-defaites-en-11-matchs-lalemannia-aachen-licencie-lentraineur-lentraineur-adjoint-et-le-directeur-technique\/","og_site_name":"Vie Associative","article_published_time":"2025-10-20T14:16:57+00:00","og_image":[{"width":279,"height":92,"url":"https:\/\/vieassociative.be\/actualites\/wp-content\/uploads\/2024\/09\/header_backgroundk-01-e1726694325946.png","type":"image\/png"}],"author":"Julien","twitter_card":"summary_large_image","twitter_misc":{"\u00c9crit par":"Julien","Dur\u00e9e de lecture est.":"2 minutes"},"schema":{"@context":"https:\/\/schema.org","@graph":[{"@type":"Article","@id":"https:\/\/vieassociative.be\/actualites\/apres-7-defaites-en-11-matchs-lalemannia-aachen-licencie-lentraineur-lentraineur-adjoint-et-le-directeur-technique\/#article","isPartOf":{"@id":"https:\/\/vieassociative.be\/actualites\/apres-7-defaites-en-11-matchs-lalemannia-aachen-licencie-lentraineur-lentraineur-adjoint-et-le-directeur-technique\/"},"author":{"name":"Julien","@id":"https:\/\/vieassociative.be\/actualites\/#\/schema\/person\/b87ac4f82f9d4e7b7cec7395b679edc4"},"headline":"Apr\u00e8s 7 d\u00e9faites en 11 matchs : l&rsquo;Alemannia Aachen licencie l&rsquo;entra\u00eeneur, l&rsquo;entra\u00eeneur adjoint et le directeur technique","datePublished":"2025-10-20T14:16:57+00:00","dateModified":"2025-10-20T14:16:57+00:00","mainEntityOfPage":{"@id":"https:\/\/vieassociative.be\/actualites\/apres-7-defaites-en-11-matchs-lalemannia-aachen-licencie-lentraineur-lentraineur-adjoint-et-le-directeur-technique\/"},"wordCount":361,"publisher":{"@id":"https:\/\/vieassociative.be\/actualites\/#organization"},"image":{"@id":"https:\/\/vieassociative.be\/actualites\/apres-7-defaites-en-11-matchs-lalemannia-aachen-licencie-lentraineur-lentraineur-adjoint-et-le-directeur-technique\/#primaryimage"},"thumbnailUrl":"https:\/\/vieassociative.be\/actualites\/wp-content\/uploads\/2025\/10\/Apres-7-defaites-en-11-matchs-lAlemannia-Aachen-licencie.jpg","keywords":["Aachen","adjoint","Apr\u00e8s","d\u00e9faites","directeur","LAlemannia","lentra\u00eeneur","licencie","matchs","technique"],"articleSection":["Belgique"],"inLanguage":"fr-BE"},{"@type":"WebPage","@id":"https:\/\/vieassociative.be\/actualites\/apres-7-defaites-en-11-matchs-lalemannia-aachen-licencie-lentraineur-lentraineur-adjoint-et-le-directeur-technique\/","url":"https:\/\/vieassociative.be\/actualites\/apres-7-defaites-en-11-matchs-lalemannia-aachen-licencie-lentraineur-lentraineur-adjoint-et-le-directeur-technique\/","name":"Apr\u00e8s 7 d\u00e9faites en 11 matchs : l'Alemannia Aachen licencie l'entra\u00eeneur, l'entra\u00eeneur adjoint et le directeur technique | Vie Associative","isPartOf":{"@id":"https:\/\/vieassociative.be\/actualites\/#website"},"primaryImageOfPage":{"@id":"https:\/\/vieassociative.be\/actualites\/apres-7-defaites-en-11-matchs-lalemannia-aachen-licencie-lentraineur-lentraineur-adjoint-et-le-directeur-technique\/#primaryimage"},"image":{"@id":"https:\/\/vieassociative.be\/actualites\/apres-7-defaites-en-11-matchs-lalemannia-aachen-licencie-lentraineur-lentraineur-adjoint-et-le-directeur-technique\/#primaryimage"},"thumbnailUrl":"https:\/\/vieassociative.be\/actualites\/wp-content\/uploads\/2025\/10\/Apres-7-defaites-en-11-matchs-lAlemannia-Aachen-licencie.jpg","datePublished":"2025-10-20T14:16:57+00:00","dateModified":"2025-10-20T14:16:57+00:00","breadcrumb":{"@id":"https:\/\/vieassociative.be\/actualites\/apres-7-defaites-en-11-matchs-lalemannia-aachen-licencie-lentraineur-lentraineur-adjoint-et-le-directeur-technique\/#breadcrumb"},"inLanguage":"fr-BE","potentialAction":[{"@type":"ReadAction","target":["https:\/\/vieassociative.be\/actualites\/apres-7-defaites-en-11-matchs-lalemannia-aachen-licencie-lentraineur-lentraineur-adjoint-et-le-directeur-technique\/"]}]},{"@type":"ImageObject","inLanguage":"fr-BE","@id":"https:\/\/vieassociative.be\/actualites\/apres-7-defaites-en-11-matchs-lalemannia-aachen-licencie-lentraineur-lentraineur-adjoint-et-le-directeur-technique\/#primaryimage","url":"https:\/\/vieassociative.be\/actualites\/wp-content\/uploads\/2025\/10\/Apres-7-defaites-en-11-matchs-lAlemannia-Aachen-licencie.jpg","contentUrl":"https:\/\/vieassociative.be\/actualites\/wp-content\/uploads\/2025\/10\/Apres-7-defaites-en-11-matchs-lAlemannia-Aachen-licencie.jpg","width":1200,"height":905,"caption":"Apr\u00e8s 7 d\u00e9faites en 11 matchs : l'Alemannia Aachen licencie l'entra\u00eeneur, l'entra\u00eeneur adjoint et le directeur technique"},{"@type":"BreadcrumbList","@id":"https:\/\/vieassociative.be\/actualites\/apres-7-defaites-en-11-matchs-lalemannia-aachen-licencie-lentraineur-lentraineur-adjoint-et-le-directeur-technique\/#breadcrumb","itemListElement":[{"@type":"ListItem","position":1,"name":"Accueil","item":"https:\/\/vieassociative.be\/actualites\/"},{"@type":"ListItem","position":2,"name":"Apr\u00e8s 7 d\u00e9faites en 11 matchs : l&rsquo;Alemannia Aachen licencie l&rsquo;entra\u00eeneur, l&rsquo;entra\u00eeneur adjoint et le directeur technique"}]},{"@type":"WebSite","@id":"https:\/\/vieassociative.be\/actualites\/#website","url":"https:\/\/vieassociative.be\/actualites\/","name":"Vie Associative","description":"","publisher":{"@id":"https:\/\/vieassociative.be\/actualites\/#organization"},"potentialAction":[{"@type":"SearchAction","target":{"@type":"EntryPoint","urlTemplate":"https:\/\/vieassociative.be\/actualites\/?s={search_term_string}"},"query-input":{"@type":"PropertyValueSpecification","valueRequired":true,"valueName":"search_term_string"}}],"inLanguage":"fr-BE"},{"@type":"Organization","@id":"https:\/\/vieassociative.be\/actualites\/#organization","name":"Vie Associative","url":"https:\/\/vieassociative.be\/actualites\/","logo":{"@type":"ImageObject","inLanguage":"fr-BE","@id":"https:\/\/vieassociative.be\/actualites\/#\/schema\/logo\/image\/","url":"https:\/\/vieassociative.be\/actualites\/wp-content\/uploads\/2024\/09\/cropped-vieassociative_favicon.ico.png","contentUrl":"https:\/\/vieassociative.be\/actualites\/wp-content\/uploads\/2024\/09\/cropped-vieassociative_favicon.ico.png","width":512,"height":512,"caption":"Vie Associative"},"image":{"@id":"https:\/\/vieassociative.be\/actualites\/#\/schema\/logo\/image\/"}},{"@type":"Person","@id":"https:\/\/vieassociative.be\/actualites\/#\/schema\/person\/b87ac4f82f9d4e7b7cec7395b679edc4","name":"Julien","image":{"@type":"ImageObject","inLanguage":"fr-BE","@id":"https:\/\/vieassociative.be\/actualites\/#\/schema\/person\/image\/","url":"https:\/\/vieassociative.be\/actualites\/wp-content\/uploads\/2024\/09\/vie-associative-1-150x150.jpg","contentUrl":"https:\/\/vieassociative.be\/actualites\/wp-content\/uploads\/2024\/09\/vie-associative-1-150x150.jpg","caption":"Julien"},"description":"Je suis Julien, r\u00e9dacteur pour Vie Associative. Passionn\u00e9 par le monde associatif depuis plus de 10 ans, j'ai \u00e0 c\u0153ur de partager des histoires inspirantes et de mettre en lumi\u00e8re les initiatives locales. Mon objectif est de sensibiliser et d'encourager l'engagement communautaire \u00e0 travers mes articles.","sameAs":["https:\/\/vieassociative.be\/"]}]}},"_links":{"self":[{"href":"https:\/\/vieassociative.be\/actualites\/wp-json\/wp\/v2\/posts\/10782"}],"collection":[{"href":"https:\/\/vieassociative.be\/actualites\/wp-json\/wp\/v2\/posts"}],"about":[{"href":"https:\/\/vieassociative.be\/actualites\/wp-json\/wp\/v2\/types\/post"}],"author":[{"embeddable":true,"href":"https:\/\/vieassociative.be\/actualites\/wp-json\/wp\/v2\/users\/1"}],"replies":[{"embeddable":true,"href":"https:\/\/vieassociative.be\/actualites\/wp-json\/wp\/v2\/comments?post=10782"}],"version-history":[{"count":0,"href":"https:\/\/vieassociative.be\/actualites\/wp-json\/wp\/v2\/posts\/10782\/revisions"}],"wp:featuredmedia":[{"embeddable":true,"href":"https:\/\/vieassociative.be\/actualites\/wp-json\/wp\/v2\/media\/10783"}],"wp:attachment":[{"href":"https:\/\/vieassociative.be\/actualites\/wp-json\/wp\/v2\/media?parent=10782"}],"wp:term":[{"taxonomy":"category","embeddable":true,"href":"https:\/\/vieassociative.be\/actualites\/wp-json\/wp\/v2\/categories?post=10782"},{"taxonomy":"post_tag","embeddable":true,"href":"https:\/\/vieassociative.be\/actualites\/wp-json\/wp\/v2\/tags?post=10782"}],"curies":[{"name":"wp","href":"https:\/\/api.w.org\/{rel}","templated":true}]}}