{"id":10781,"date":"2025-10-20T15:18:11","date_gmt":"2025-10-20T13:18:11","guid":{"rendered":"https:\/\/vieassociative.be\/actualites\/les-meilleures-facons-de-vaincre-la-courbe-de-loubli-pendant-vos-etudes\/"},"modified":"2025-10-20T15:18:11","modified_gmt":"2025-10-20T13:18:11","slug":"les-meilleures-facons-de-vaincre-la-courbe-de-loubli-pendant-vos-etudes","status":"publish","type":"post","link":"https:\/\/vieassociative.be\/actualites\/les-meilleures-facons-de-vaincre-la-courbe-de-loubli-pendant-vos-etudes\/","title":{"rendered":"Les meilleures fa\u00e7ons de vaincre la \u00ab courbe de l\u2019oubli \u00bb pendant vos \u00e9tudes"},"content":{"rendered":"<div class=\"mt-4 leading-6 md:mb-8\">Plus vous restez longtemps sans penser \u00e0 quelque chose, plus il est facile d\u2019oublier.<\/div>\n<p><\/p>\n<p><em>Saviez-vous que vous pouvez personnaliser Google pour filtrer les d\u00e9chets\u00a0? Suivez ces \u00e9tapes<\/em><em> pour de meilleurs r\u00e9sultats de recherche, notamment en ajoutant Vie Associative comme source privil\u00e9gi\u00e9e d&rsquo;actualit\u00e9s technologiques<\/em><em>.<\/em><\/p>\n<hr>\n<p>Il semble logique que plus on passe du temps sans retrouver un souvenir, plus il est difficile de le retrouver, mais cela n&rsquo;a pas toujours \u00e9t\u00e9 une de ces choses dont nous savions simplement qu&rsquo;elles \u00e9taient vraies. Dans les ann\u00e9es 1880, le psychologue allemand Hermann Ebbinghaus \u00e9tudia le ph\u00e9nom\u00e8ne et publia ses d\u00e9couvertes, donnant au monde la courbe d\u2019oubli d\u2019Ebbinghaus. La courbe est un simple graphique d\u00e9montrant comment les informations se perdent au fil du temps, mais elle prouve que l&rsquo;oubli li\u00e9 au temps est r\u00e9el (et a \u00e9t\u00e9 r\u00e9affirm\u00e9 par des \u00e9tudes plus approfondies depuis). Vous voulez lutter contre la courbe et conserver vos souvenirs, surtout lorsque vous \u00e9tudiez ? Voici comment.<\/p>\n<h2 id=\"how-long-do-memories-of-new-information-last\">Combien de temps durent les souvenirs de nouvelles informations ?<\/h2>\n<p>Ebbinghaus a conclu que la rapidit\u00e9 avec laquelle nous oublions quelque chose d\u00e9pend de facteurs tels que la difficult\u00e9 ou le sens du contenu, mais aussi notre degr\u00e9 de fatigue ou de stress. Il n&rsquo;y a donc pas de r\u00e9ponse claire \u00e0 la question de savoir combien de jours vous conserverez une information si vous n&rsquo;y pensez pas. Cela d\u00e9pend de choses comme ce que vous \u00e9tudiez, \u00e0 quel point vous y \u00eates int\u00e9ress\u00e9 et \u00e0 quel point vous \u00eates stress\u00e9. Il y a tout simplement trop de variables \u2013 et pour l&rsquo;\u00e9tudiant moyen, celles-ci changent chaque jour. <\/p>\n<div class=\"mx-auto mb-12 mt-5 w-full max-w-3xl rounded-md border-2 border-gray-100 p-3 shadow-md md:px-7 md:pb-7 md:pt-5\" id=\"related-video\">\n<div class=\"mb-3 flex items-center md:mb-5\">\n        <img decoding=\"async\" class=\"mr-4 mt-0 h-10 w-10 md:mr-5 md:h-12 md:w-12\" src=\"https:\/\/vieassociative.be\/actualites\/wp-content\/uploads\/2025\/09\/1757726237_608_Meta-pourrait-devoiler-une-montre-intelligente-pour-controler-ses-lunettes.jpg\" alt=\"Logo du pirate de la vie\"><\/p><\/div>\n<div class=\"aspect-video w-full overflow-hidden rounded-md\">\n<div id=\"video-container-01K80W4W9SEC0SJV2YKZVKBT9Y\"><\/div>\n<\/p><\/div>\n<\/div>\n<p>Nous savons que l&rsquo;ordre dans lequel les informations sont pr\u00e9sent\u00e9es est tr\u00e8s important en ce qui concerne la dur\u00e9e pendant laquelle nous les stockons dans notre m\u00e9moire \u00e0 court terme. Il y a donc encore plus de facteurs qui entrent en jeu dans nos capacit\u00e9s de r\u00e9cup\u00e9ration et de r\u00e9tention de la m\u00e9moire. Je suis d\u00e9sol\u00e9 de dire qu&rsquo;il n&rsquo;y a pas de r\u00e9ponse toute faite en ce qui concerne la dur\u00e9e pendant laquelle vous conserverez une information, mais il existe quelques r\u00e9ponses sur lesquelles Ebbinghaus et les \u00e9ducateurs d&rsquo;aujourd&rsquo;hui s&rsquo;accordent sur la mani\u00e8re de mieux la conserver.<\/p>\n<h2 id=\"beat-the-forgetting-curve-with-spaced-repetition\">Battre la courbe de l&rsquo;oubli avec des r\u00e9p\u00e9titions espac\u00e9es<\/h2>\n<p>La premi\u00e8re strat\u00e9gie que vous pouvez utiliser pour mieux retenir les informations est appel\u00e9e r\u00e9p\u00e9tition espac\u00e9e ou pratique distribu\u00e9e, une technique fond\u00e9e sur des preuves qui aide les apprenants \u00e0 absorber de nombreuses informations et \u00e0 les stocker dans leur m\u00e9moire. <\/p>\n<p>Fondamentalement, vous devez \u00e9tudier le mat\u00e9riel plusieurs fois, en vous laissant un espace entre chaque r\u00e9vision. Le temps que vous passez sans \u00e9tudier le mat\u00e9riel d\u00e9pend en grande partie de la fa\u00e7on dont vous vous en souvenez d\u00e9j\u00e0, ce qui signifie que plus vous r\u00e9visez longtemps, plus les p\u00e9riodes entre chaque r\u00e9vision doivent \u00eatre longues. <\/p>\n<p>La r\u00e9vision de vos notes pour un cours difficile devrait \u00eatre effectu\u00e9e plus fr\u00e9quemment que la r\u00e9vision des notes pour un cours o\u00f9 vous obtenez facilement les concepts, par exemple. Au lieu de d\u00e9cider subjectivement si vous conservez les informations et devez les consulter ou non, essayez d&rsquo;utiliser le syst\u00e8me Leitner, qui vous aide \u00e0 planifier vos \u00e9tudes en fonction du fait que vous ayez ou non r\u00e9pondu correctement \u00e0 une carte m\u00e9moire particuli\u00e8re la derni\u00e8re fois que vous l&rsquo;avez parcourue. Si vous avez bien compris, vous n\u2019aurez plus besoin de le reprendre aussi souvent \u00e0 l\u2019avenir. <\/p>\n<p>Si vous h\u00e9sitez \u00e0 utiliser des m\u00e9thodes \u00e0 l\u2019ancienne comme les flashcards manuscrites, ne le soyez pas. \u00c9crire \u00e0 la main peut en fait vous aider \u00e0 mieux conserver les informations, donc utiliser le syst\u00e8me Leitner de cette mani\u00e8re peut avoir un avantage de deux pour un.<\/p>\n<p>L\u00e0 encore, cela prend du temps et n&rsquo;est pas pratique, donc si tout \u00e9crire et transporter 100 fiches ne fonctionne pas vraiment pour vous, vous avez d&rsquo;autres options. Voici une liste de mes applications de cartes m\u00e9moire pr\u00e9f\u00e9r\u00e9es, dont beaucoup s&rsquo;appuient sur une strat\u00e9gie de type Leitner pour forcer une pratique distribu\u00e9e sans que vous ayez \u00e0 faire grand-chose au-del\u00e0 d&rsquo;indiquer si vous avez obtenu une bonne ou une mauvaise r\u00e9ponse. <\/p>\n<p>Vous pouvez \u00e9galement essayer de planifier votre r\u00e9vision et votre r\u00e9vision en utilisant une technique telle que 2357, qui vous permet de r\u00e9\u00e9tudier les deuxi\u00e8me, troisi\u00e8me, cinqui\u00e8me et septi\u00e8me jours apr\u00e8s avoir r\u00e9vis\u00e9 quelque chose pour la premi\u00e8re fois. Si vous comptez faire cela, je vous recommande de vous en tenir \u00e0 un planificateur d\u00e9di\u00e9, comme l&rsquo;application My Study Life, juste pour garder les choses organis\u00e9es. <\/p>\n<h2 id=\"beat-the-forgetting-curve-with-engaged-learning\">Battez la courbe de l\u2019oubli gr\u00e2ce \u00e0 un apprentissage engag\u00e9<\/h2>\n<p>Les ressources p\u00e9dagogiques recommandent aux \u00e9ducateurs d&rsquo;utiliser des m\u00e9thodes pour rendre les le\u00e7ons plus attrayantes afin d&rsquo;aider les enfants \u00e0 vaincre la courbe de l&rsquo;oubli, mais vous pouvez appliquer la m\u00eame id\u00e9e \u00e0 vos propres \u00e9tudes, quel que soit votre niveau. Lorsque vous lisez de nouvelles informations, par exemple, utilisez des techniques qui vous aident \u00e0 rester absorb\u00e9 par le contenu.<\/p>\n<p>Essayez d&rsquo;examiner les nouvelles informations \u00e0 travers le prisme du cycle d&rsquo;apprentissage de Kolb, par exemple, qui repose sur la conviction que vous avez besoin d&rsquo;un apprentissage concret, d&rsquo;une observation r\u00e9flexive, d&rsquo;une conceptualisation abstraite et d&rsquo;une exp\u00e9rimentation active pour r\u00e9ussir. <em>vraiment<\/em> apprendre quelque chose. <\/p>\n<p>Vous pouvez \u00e9galement utiliser une m\u00e9thode de pens\u00e9e critique, comme SQ3R ou KWL, pour suivre vos progr\u00e8s sur un sujet. Avec SQ3R, vous \u00e9crirez un peu de ce que vous pouvez recueillir \u00e0 partir d&rsquo;un examen du mat\u00e9riel, puis les questions auxquelles vous souhaitez r\u00e9pondre lorsque vous le lirez plus en profondeur, afin que vous restiez engag\u00e9 au fur et \u00e0 mesure, en recherchant les r\u00e9ponses \u00e0 vos questions. KWL est similaire, mais vous commencez par \u00e9crire ce que vous pensez savoir, ce que vous voulez savoir sur la base d&rsquo;un bref aper\u00e7u de la mati\u00e8re et ce que vous avez fini par apprendre. <\/p>\n","protected":false},"excerpt":{"rendered":"<p>Plus vous restez longtemps sans penser \u00e0 quelque chose, plus il est facile d\u2019oublier. Saviez-vous que vous pouvez personnaliser Google pour filtrer les d\u00e9chets\u00a0? Suivez<\/p>\n","protected":false},"author":1,"featured_media":126,"comment_status":"","ping_status":"","sticky":false,"template":"","format":"standard","meta":{"footnotes":""},"categories":[37],"tags":[196,199,119,14,8966,79,198,195,27],"class_list":["post-10781","post","type-post","status-publish","format-standard","has-post-thumbnail","hentry","category-famille","tag-courbe","tag-etudes","tag-facons","tag-les","tag-loubli","tag-meilleures","tag-pendant","tag-vaincre","tag-vos","generate-columns","tablet-grid-50","mobile-grid-100","grid-parent","grid-33"],"yoast_head":"<!-- This site is optimized with the Yoast SEO plugin v24.0 - https:\/\/yoast.com\/wordpress\/plugins\/seo\/ -->\n<title>Les meilleures fa\u00e7ons de vaincre la \u00ab courbe de l\u2019oubli \u00bb pendant vos \u00e9tudes | Vie Associative<\/title>\n<meta name=\"robots\" content=\"index, follow, max-snippet:-1, max-image-preview:large, max-video-preview:-1\" \/>\n<link rel=\"canonical\" href=\"https:\/\/vieassociative.be\/actualites\/les-meilleures-facons-de-vaincre-la-courbe-de-loubli-pendant-vos-etudes\/\" \/>\n<meta property=\"og:locale\" content=\"fr_FR\" \/>\n<meta property=\"og:type\" content=\"article\" \/>\n<meta property=\"og:title\" content=\"Les meilleures fa\u00e7ons de vaincre la \u00ab courbe de l\u2019oubli \u00bb pendant vos \u00e9tudes | Vie Associative\" \/>\n<meta property=\"og:description\" content=\"Plus vous restez longtemps sans penser \u00e0 quelque chose, plus il est facile d\u2019oublier. Saviez-vous que vous pouvez personnaliser Google pour filtrer les d\u00e9chets\u00a0? Suivez\" \/>\n<meta property=\"og:url\" content=\"https:\/\/vieassociative.be\/actualites\/les-meilleures-facons-de-vaincre-la-courbe-de-loubli-pendant-vos-etudes\/\" \/>\n<meta property=\"og:site_name\" content=\"Vie Associative\" \/>\n<meta property=\"article:published_time\" content=\"2025-10-20T13:18:11+00:00\" \/>\n<meta property=\"og:image\" content=\"https:\/\/vieassociative.be\/actualites\/wp-content\/uploads\/2025\/09\/1757726237_608_Meta-pourrait-devoiler-une-montre-intelligente-pour-controler-ses-lunettes.jpg\" \/>\n<meta name=\"author\" content=\"Julien\" \/>\n<meta name=\"twitter:card\" content=\"summary_large_image\" \/>\n<meta name=\"twitter:label1\" content=\"\u00c9crit par\" \/>\n\t<meta name=\"twitter:data1\" content=\"Julien\" \/>\n\t<meta name=\"twitter:label2\" content=\"Dur\u00e9e de lecture est.\" \/>\n\t<meta name=\"twitter:data2\" content=\"5 minutes\" \/>\n<script type=\"application\/ld+json\" class=\"yoast-schema-graph\">{\"@context\":\"https:\/\/schema.org\",\"@graph\":[{\"@type\":\"Article\",\"@id\":\"https:\/\/vieassociative.be\/actualites\/les-meilleures-facons-de-vaincre-la-courbe-de-loubli-pendant-vos-etudes\/#article\",\"isPartOf\":{\"@id\":\"https:\/\/vieassociative.be\/actualites\/les-meilleures-facons-de-vaincre-la-courbe-de-loubli-pendant-vos-etudes\/\"},\"author\":{\"name\":\"Julien\",\"@id\":\"https:\/\/vieassociative.be\/actualites\/#\/schema\/person\/b87ac4f82f9d4e7b7cec7395b679edc4\"},\"headline\":\"Les meilleures fa\u00e7ons de vaincre la \u00ab courbe de l\u2019oubli \u00bb pendant vos \u00e9tudes\",\"datePublished\":\"2025-10-20T13:18:11+00:00\",\"dateModified\":\"2025-10-20T13:18:11+00:00\",\"mainEntityOfPage\":{\"@id\":\"https:\/\/vieassociative.be\/actualites\/les-meilleures-facons-de-vaincre-la-courbe-de-loubli-pendant-vos-etudes\/\"},\"wordCount\":1094,\"publisher\":{\"@id\":\"https:\/\/vieassociative.be\/actualites\/#organization\"},\"image\":{\"@id\":\"https:\/\/vieassociative.be\/actualites\/les-meilleures-facons-de-vaincre-la-courbe-de-loubli-pendant-vos-etudes\/#primaryimage\"},\"thumbnailUrl\":\"https:\/\/vieassociative.be\/actualites\/wp-content\/uploads\/2024\/09\/Les-meilleures-facons-de-vaincre-la-courbe-doubli.jpg\",\"keywords\":[\"courbe\",\"\u00e9tudes\",\"fa\u00e7ons\",\"Les\",\"loubli\",\"meilleures\",\"pendant\",\"vaincre\",\"vos\"],\"articleSection\":[\"Famille\"],\"inLanguage\":\"fr-BE\"},{\"@type\":\"WebPage\",\"@id\":\"https:\/\/vieassociative.be\/actualites\/les-meilleures-facons-de-vaincre-la-courbe-de-loubli-pendant-vos-etudes\/\",\"url\":\"https:\/\/vieassociative.be\/actualites\/les-meilleures-facons-de-vaincre-la-courbe-de-loubli-pendant-vos-etudes\/\",\"name\":\"Les meilleures fa\u00e7ons de vaincre la \u00ab courbe de l\u2019oubli \u00bb pendant vos \u00e9tudes | Vie Associative\",\"isPartOf\":{\"@id\":\"https:\/\/vieassociative.be\/actualites\/#website\"},\"primaryImageOfPage\":{\"@id\":\"https:\/\/vieassociative.be\/actualites\/les-meilleures-facons-de-vaincre-la-courbe-de-loubli-pendant-vos-etudes\/#primaryimage\"},\"image\":{\"@id\":\"https:\/\/vieassociative.be\/actualites\/les-meilleures-facons-de-vaincre-la-courbe-de-loubli-pendant-vos-etudes\/#primaryimage\"},\"thumbnailUrl\":\"https:\/\/vieassociative.be\/actualites\/wp-content\/uploads\/2024\/09\/Les-meilleures-facons-de-vaincre-la-courbe-doubli.jpg\",\"datePublished\":\"2025-10-20T13:18:11+00:00\",\"dateModified\":\"2025-10-20T13:18:11+00:00\",\"breadcrumb\":{\"@id\":\"https:\/\/vieassociative.be\/actualites\/les-meilleures-facons-de-vaincre-la-courbe-de-loubli-pendant-vos-etudes\/#breadcrumb\"},\"inLanguage\":\"fr-BE\",\"potentialAction\":[{\"@type\":\"ReadAction\",\"target\":[\"https:\/\/vieassociative.be\/actualites\/les-meilleures-facons-de-vaincre-la-courbe-de-loubli-pendant-vos-etudes\/\"]}]},{\"@type\":\"ImageObject\",\"inLanguage\":\"fr-BE\",\"@id\":\"https:\/\/vieassociative.be\/actualites\/les-meilleures-facons-de-vaincre-la-courbe-de-loubli-pendant-vos-etudes\/#primaryimage\",\"url\":\"https:\/\/vieassociative.be\/actualites\/wp-content\/uploads\/2024\/09\/Les-meilleures-facons-de-vaincre-la-courbe-doubli.jpg\",\"contentUrl\":\"https:\/\/vieassociative.be\/actualites\/wp-content\/uploads\/2024\/09\/Les-meilleures-facons-de-vaincre-la-courbe-doubli.jpg\",\"width\":1200,\"height\":675,\"caption\":\"Les meilleures fa\u00e7ons de vaincre la \u00ab courbe d\u2019oubli \u00bb pendant les \u00e9tudes\"},{\"@type\":\"BreadcrumbList\",\"@id\":\"https:\/\/vieassociative.be\/actualites\/les-meilleures-facons-de-vaincre-la-courbe-de-loubli-pendant-vos-etudes\/#breadcrumb\",\"itemListElement\":[{\"@type\":\"ListItem\",\"position\":1,\"name\":\"Accueil\",\"item\":\"https:\/\/vieassociative.be\/actualites\/\"},{\"@type\":\"ListItem\",\"position\":2,\"name\":\"Les meilleures fa\u00e7ons de vaincre la \u00ab courbe de l\u2019oubli \u00bb pendant vos \u00e9tudes\"}]},{\"@type\":\"WebSite\",\"@id\":\"https:\/\/vieassociative.be\/actualites\/#website\",\"url\":\"https:\/\/vieassociative.be\/actualites\/\",\"name\":\"Vie Associative\",\"description\":\"\",\"publisher\":{\"@id\":\"https:\/\/vieassociative.be\/actualites\/#organization\"},\"potentialAction\":[{\"@type\":\"SearchAction\",\"target\":{\"@type\":\"EntryPoint\",\"urlTemplate\":\"https:\/\/vieassociative.be\/actualites\/?s={search_term_string}\"},\"query-input\":{\"@type\":\"PropertyValueSpecification\",\"valueRequired\":true,\"valueName\":\"search_term_string\"}}],\"inLanguage\":\"fr-BE\"},{\"@type\":\"Organization\",\"@id\":\"https:\/\/vieassociative.be\/actualites\/#organization\",\"name\":\"Vie Associative\",\"url\":\"https:\/\/vieassociative.be\/actualites\/\",\"logo\":{\"@type\":\"ImageObject\",\"inLanguage\":\"fr-BE\",\"@id\":\"https:\/\/vieassociative.be\/actualites\/#\/schema\/logo\/image\/\",\"url\":\"https:\/\/vieassociative.be\/actualites\/wp-content\/uploads\/2024\/09\/cropped-vieassociative_favicon.ico.png\",\"contentUrl\":\"https:\/\/vieassociative.be\/actualites\/wp-content\/uploads\/2024\/09\/cropped-vieassociative_favicon.ico.png\",\"width\":512,\"height\":512,\"caption\":\"Vie Associative\"},\"image\":{\"@id\":\"https:\/\/vieassociative.be\/actualites\/#\/schema\/logo\/image\/\"}},{\"@type\":\"Person\",\"@id\":\"https:\/\/vieassociative.be\/actualites\/#\/schema\/person\/b87ac4f82f9d4e7b7cec7395b679edc4\",\"name\":\"Julien\",\"image\":{\"@type\":\"ImageObject\",\"inLanguage\":\"fr-BE\",\"@id\":\"https:\/\/vieassociative.be\/actualites\/#\/schema\/person\/image\/\",\"url\":\"https:\/\/vieassociative.be\/actualites\/wp-content\/uploads\/2024\/09\/vie-associative-1-150x150.jpg\",\"contentUrl\":\"https:\/\/vieassociative.be\/actualites\/wp-content\/uploads\/2024\/09\/vie-associative-1-150x150.jpg\",\"caption\":\"Julien\"},\"description\":\"Je suis Julien, r\u00e9dacteur pour Vie Associative. Passionn\u00e9 par le monde associatif depuis plus de 10 ans, j'ai \u00e0 c\u0153ur de partager des histoires inspirantes et de mettre en lumi\u00e8re les initiatives locales. Mon objectif est de sensibiliser et d'encourager l'engagement communautaire \u00e0 travers mes articles.\",\"sameAs\":[\"https:\/\/vieassociative.be\/\"]}]}<\/script>\n<!-- \/ Yoast SEO plugin. -->","yoast_head_json":{"title":"Les meilleures fa\u00e7ons de vaincre la \u00ab courbe de l\u2019oubli \u00bb pendant vos \u00e9tudes | Vie Associative","robots":{"index":"index","follow":"follow","max-snippet":"max-snippet:-1","max-image-preview":"max-image-preview:large","max-video-preview":"max-video-preview:-1"},"canonical":"https:\/\/vieassociative.be\/actualites\/les-meilleures-facons-de-vaincre-la-courbe-de-loubli-pendant-vos-etudes\/","og_locale":"fr_FR","og_type":"article","og_title":"Les meilleures fa\u00e7ons de vaincre la \u00ab courbe de l\u2019oubli \u00bb pendant vos \u00e9tudes | Vie Associative","og_description":"Plus vous restez longtemps sans penser \u00e0 quelque chose, plus il est facile d\u2019oublier. Saviez-vous que vous pouvez personnaliser Google pour filtrer les d\u00e9chets\u00a0? Suivez","og_url":"https:\/\/vieassociative.be\/actualites\/les-meilleures-facons-de-vaincre-la-courbe-de-loubli-pendant-vos-etudes\/","og_site_name":"Vie Associative","article_published_time":"2025-10-20T13:18:11+00:00","og_image":[{"url":"https:\/\/vieassociative.be\/actualites\/wp-content\/uploads\/2025\/09\/1757726237_608_Meta-pourrait-devoiler-une-montre-intelligente-pour-controler-ses-lunettes.jpg","type":"","width":"","height":""}],"author":"Julien","twitter_card":"summary_large_image","twitter_misc":{"\u00c9crit par":"Julien","Dur\u00e9e de lecture est.":"5 minutes"},"schema":{"@context":"https:\/\/schema.org","@graph":[{"@type":"Article","@id":"https:\/\/vieassociative.be\/actualites\/les-meilleures-facons-de-vaincre-la-courbe-de-loubli-pendant-vos-etudes\/#article","isPartOf":{"@id":"https:\/\/vieassociative.be\/actualites\/les-meilleures-facons-de-vaincre-la-courbe-de-loubli-pendant-vos-etudes\/"},"author":{"name":"Julien","@id":"https:\/\/vieassociative.be\/actualites\/#\/schema\/person\/b87ac4f82f9d4e7b7cec7395b679edc4"},"headline":"Les meilleures fa\u00e7ons de vaincre la \u00ab courbe de l\u2019oubli \u00bb pendant vos \u00e9tudes","datePublished":"2025-10-20T13:18:11+00:00","dateModified":"2025-10-20T13:18:11+00:00","mainEntityOfPage":{"@id":"https:\/\/vieassociative.be\/actualites\/les-meilleures-facons-de-vaincre-la-courbe-de-loubli-pendant-vos-etudes\/"},"wordCount":1094,"publisher":{"@id":"https:\/\/vieassociative.be\/actualites\/#organization"},"image":{"@id":"https:\/\/vieassociative.be\/actualites\/les-meilleures-facons-de-vaincre-la-courbe-de-loubli-pendant-vos-etudes\/#primaryimage"},"thumbnailUrl":"https:\/\/vieassociative.be\/actualites\/wp-content\/uploads\/2024\/09\/Les-meilleures-facons-de-vaincre-la-courbe-doubli.jpg","keywords":["courbe","\u00e9tudes","fa\u00e7ons","Les","loubli","meilleures","pendant","vaincre","vos"],"articleSection":["Famille"],"inLanguage":"fr-BE"},{"@type":"WebPage","@id":"https:\/\/vieassociative.be\/actualites\/les-meilleures-facons-de-vaincre-la-courbe-de-loubli-pendant-vos-etudes\/","url":"https:\/\/vieassociative.be\/actualites\/les-meilleures-facons-de-vaincre-la-courbe-de-loubli-pendant-vos-etudes\/","name":"Les meilleures fa\u00e7ons de vaincre la \u00ab courbe de l\u2019oubli \u00bb pendant vos \u00e9tudes | Vie Associative","isPartOf":{"@id":"https:\/\/vieassociative.be\/actualites\/#website"},"primaryImageOfPage":{"@id":"https:\/\/vieassociative.be\/actualites\/les-meilleures-facons-de-vaincre-la-courbe-de-loubli-pendant-vos-etudes\/#primaryimage"},"image":{"@id":"https:\/\/vieassociative.be\/actualites\/les-meilleures-facons-de-vaincre-la-courbe-de-loubli-pendant-vos-etudes\/#primaryimage"},"thumbnailUrl":"https:\/\/vieassociative.be\/actualites\/wp-content\/uploads\/2024\/09\/Les-meilleures-facons-de-vaincre-la-courbe-doubli.jpg","datePublished":"2025-10-20T13:18:11+00:00","dateModified":"2025-10-20T13:18:11+00:00","breadcrumb":{"@id":"https:\/\/vieassociative.be\/actualites\/les-meilleures-facons-de-vaincre-la-courbe-de-loubli-pendant-vos-etudes\/#breadcrumb"},"inLanguage":"fr-BE","potentialAction":[{"@type":"ReadAction","target":["https:\/\/vieassociative.be\/actualites\/les-meilleures-facons-de-vaincre-la-courbe-de-loubli-pendant-vos-etudes\/"]}]},{"@type":"ImageObject","inLanguage":"fr-BE","@id":"https:\/\/vieassociative.be\/actualites\/les-meilleures-facons-de-vaincre-la-courbe-de-loubli-pendant-vos-etudes\/#primaryimage","url":"https:\/\/vieassociative.be\/actualites\/wp-content\/uploads\/2024\/09\/Les-meilleures-facons-de-vaincre-la-courbe-doubli.jpg","contentUrl":"https:\/\/vieassociative.be\/actualites\/wp-content\/uploads\/2024\/09\/Les-meilleures-facons-de-vaincre-la-courbe-doubli.jpg","width":1200,"height":675,"caption":"Les meilleures fa\u00e7ons de vaincre la \u00ab courbe d\u2019oubli \u00bb pendant les \u00e9tudes"},{"@type":"BreadcrumbList","@id":"https:\/\/vieassociative.be\/actualites\/les-meilleures-facons-de-vaincre-la-courbe-de-loubli-pendant-vos-etudes\/#breadcrumb","itemListElement":[{"@type":"ListItem","position":1,"name":"Accueil","item":"https:\/\/vieassociative.be\/actualites\/"},{"@type":"ListItem","position":2,"name":"Les meilleures fa\u00e7ons de vaincre la \u00ab courbe de l\u2019oubli \u00bb pendant vos \u00e9tudes"}]},{"@type":"WebSite","@id":"https:\/\/vieassociative.be\/actualites\/#website","url":"https:\/\/vieassociative.be\/actualites\/","name":"Vie Associative","description":"","publisher":{"@id":"https:\/\/vieassociative.be\/actualites\/#organization"},"potentialAction":[{"@type":"SearchAction","target":{"@type":"EntryPoint","urlTemplate":"https:\/\/vieassociative.be\/actualites\/?s={search_term_string}"},"query-input":{"@type":"PropertyValueSpecification","valueRequired":true,"valueName":"search_term_string"}}],"inLanguage":"fr-BE"},{"@type":"Organization","@id":"https:\/\/vieassociative.be\/actualites\/#organization","name":"Vie Associative","url":"https:\/\/vieassociative.be\/actualites\/","logo":{"@type":"ImageObject","inLanguage":"fr-BE","@id":"https:\/\/vieassociative.be\/actualites\/#\/schema\/logo\/image\/","url":"https:\/\/vieassociative.be\/actualites\/wp-content\/uploads\/2024\/09\/cropped-vieassociative_favicon.ico.png","contentUrl":"https:\/\/vieassociative.be\/actualites\/wp-content\/uploads\/2024\/09\/cropped-vieassociative_favicon.ico.png","width":512,"height":512,"caption":"Vie Associative"},"image":{"@id":"https:\/\/vieassociative.be\/actualites\/#\/schema\/logo\/image\/"}},{"@type":"Person","@id":"https:\/\/vieassociative.be\/actualites\/#\/schema\/person\/b87ac4f82f9d4e7b7cec7395b679edc4","name":"Julien","image":{"@type":"ImageObject","inLanguage":"fr-BE","@id":"https:\/\/vieassociative.be\/actualites\/#\/schema\/person\/image\/","url":"https:\/\/vieassociative.be\/actualites\/wp-content\/uploads\/2024\/09\/vie-associative-1-150x150.jpg","contentUrl":"https:\/\/vieassociative.be\/actualites\/wp-content\/uploads\/2024\/09\/vie-associative-1-150x150.jpg","caption":"Julien"},"description":"Je suis Julien, r\u00e9dacteur pour Vie Associative. Passionn\u00e9 par le monde associatif depuis plus de 10 ans, j'ai \u00e0 c\u0153ur de partager des histoires inspirantes et de mettre en lumi\u00e8re les initiatives locales. Mon objectif est de sensibiliser et d'encourager l'engagement communautaire \u00e0 travers mes articles.","sameAs":["https:\/\/vieassociative.be\/"]}]}},"_links":{"self":[{"href":"https:\/\/vieassociative.be\/actualites\/wp-json\/wp\/v2\/posts\/10781"}],"collection":[{"href":"https:\/\/vieassociative.be\/actualites\/wp-json\/wp\/v2\/posts"}],"about":[{"href":"https:\/\/vieassociative.be\/actualites\/wp-json\/wp\/v2\/types\/post"}],"author":[{"embeddable":true,"href":"https:\/\/vieassociative.be\/actualites\/wp-json\/wp\/v2\/users\/1"}],"replies":[{"embeddable":true,"href":"https:\/\/vieassociative.be\/actualites\/wp-json\/wp\/v2\/comments?post=10781"}],"version-history":[{"count":0,"href":"https:\/\/vieassociative.be\/actualites\/wp-json\/wp\/v2\/posts\/10781\/revisions"}],"wp:featuredmedia":[{"embeddable":true,"href":"https:\/\/vieassociative.be\/actualites\/wp-json\/wp\/v2\/media\/126"}],"wp:attachment":[{"href":"https:\/\/vieassociative.be\/actualites\/wp-json\/wp\/v2\/media?parent=10781"}],"wp:term":[{"taxonomy":"category","embeddable":true,"href":"https:\/\/vieassociative.be\/actualites\/wp-json\/wp\/v2\/categories?post=10781"},{"taxonomy":"post_tag","embeddable":true,"href":"https:\/\/vieassociative.be\/actualites\/wp-json\/wp\/v2\/tags?post=10781"}],"curies":[{"name":"wp","href":"https:\/\/api.w.org\/{rel}","templated":true}]}}