{"id":10773,"date":"2025-10-20T04:18:00","date_gmt":"2025-10-20T02:18:00","guid":{"rendered":"https:\/\/vieassociative.be\/actualites\/le-plus-recherche-van-den-brande-profite-de-laudience-du-tribunal-pour-sechapper-arrete-dimanche\/"},"modified":"2025-10-20T04:18:00","modified_gmt":"2025-10-20T02:18:00","slug":"le-plus-recherche-van-den-brande-profite-de-laudience-du-tribunal-pour-sechapper-arrete-dimanche","status":"publish","type":"post","link":"https:\/\/vieassociative.be\/actualites\/le-plus-recherche-van-den-brande-profite-de-laudience-du-tribunal-pour-sechapper-arrete-dimanche\/","title":{"rendered":"Le \u00ab plus recherch\u00e9 \u00bb Van den Brande profite de l\u2019audience du tribunal pour s\u2019\u00e9chapper \u2013 arr\u00eat\u00e9 dimanche"},"content":{"rendered":"<p><strong>A la demande du parquet d&rsquo;Anvers, la police f\u00e9d\u00e9rale a \u00e9mis un avis de recherche contre un intern\u00e9 qui s&rsquo;est enfui apr\u00e8s une audience devant le tribunal d&rsquo;Anvers.<\/strong><\/p>\n<p><span id=\"more-427573\"><\/span>Rutger Van den Brande, 41 ans, figurait \u00e9galement sur la liste des \u00ab personnes les plus recherch\u00e9es \u00bb. Trois mesures d&rsquo;internement sont en cours contre lui pour tentative de meurtre, viol, torture, vol en bande et r\u00e9bellion.<\/p>\n<p>Van den Brande avait obtenu une autorisation de sortie pour assister \u00e0 une audience devant le tribunal d&rsquo;Anvers concernant l&rsquo;indemnisation d&rsquo;une victime, une femme que l&rsquo;homme avait gri\u00e8vement bless\u00e9e et viol\u00e9e en 2020. En 2022, il a \u00e9t\u00e9 reconnu coupable de tentative de meurtre et de viol, mais en raison de son \u00e9tat mental, il a \u00e9t\u00e9 plac\u00e9 en institution au lieu d&rsquo;\u00eatre emprisonn\u00e9.<\/p>\n<div id=\"attachment_380131\" class=\"wp-caption alignleft\" style=\"max-width: 300px\"><img fetchpriority=\"high\" decoding=\"async\" class=\"wp-image-380131 size-medium\" src=\"https:\/\/vieassociative.be\/actualites\/wp-content\/uploads\/2025\/04\/Aix-un-femme-obtient-un-enfant-sur-le-siege-passager.jpg\" alt=\"\" width=\"300\" height=\"200\"><\/div>\n<p>Jeudi dernier, vers 11h30, il s&rsquo;est enfui \u00e0 pied du parking du centre psychiatrique m\u00e9dico-l\u00e9gal du Hurstweg \u00e0 Gand alors qu&rsquo;il revenait du palais de justice.<\/p>\n<p>Rutger Van den Brande mesure 1,77 m et est mince. Il a les cheveux noirs, une moustache, un piercing \u00e0 la langue et un tatouage sur l&rsquo;avant-bras droit, selon la police f\u00e9d\u00e9rale. Au moment de son \u00e9vasion, il portait un sweat \u00e0 capuche gris avec des lettres bleues, un jean bleu, des baskets noires et probablement une veste noire.<\/p>\n<p>L&rsquo;homme de 41 ans constitue une menace pour l&rsquo;int\u00e9grit\u00e9 physique d&rsquo;autrui. Il est demand\u00e9 \u00e0 toute personne qui l&rsquo;apercevrait de ne pas l&rsquo;approcher mais d&rsquo;avertir imm\u00e9diatement la police. Les informations peuvent \u00eatre signal\u00e9es via avisderecherche@police.belgium.eu ou via le num\u00e9ro gratuit 0800\/30.300.<\/p>\n<p>Dimanche matin, le quotidien \u00ab Het Laatste Nieuws \u00bb rapportait que Lauranne (26 ans), une jeune femme viol\u00e9e et menac\u00e9e de mort par le fugitif Van den Brande, avait \u00e9t\u00e9 emmen\u00e9e en lieu s\u00fbr.<\/p>\n<p>Lauranne avait 21 ans lorsque les incidents avec Van den Brande se sont produits. En 2020, elle a travaill\u00e9 comme escorte et lui a rendu visite dans l&rsquo;appartement de Borsbeek o\u00f9 il vivait \u00e0 l&rsquo;\u00e9poque. Une fois \u00e0 l&rsquo;int\u00e9rieur, Van den Brande s&rsquo;est assis sur elle, lui a tenu la lame d&rsquo;une hache sous la gorge et l&rsquo;a menac\u00e9e. \u00ab Tais-toi, salope, ou je coupe ! \u00bb. \u00ab\u00a0Il m&rsquo;a donn\u00e9 trois coups \u00e0 la t\u00eate et m&rsquo;a attach\u00e9e avec des attaches de c\u00e2ble et une grosse corde orange. Puis il m&rsquo;a viol\u00e9e.\u00a0\u00bb <\/p>\n<p>Heureusement, Van den Brande a \u00e9t\u00e9 retrouv\u00e9 et arr\u00eat\u00e9 dimanche \u00e0 Edegem, pr\u00e8s d&rsquo;Anvers, apr\u00e8s trois jours de cavale.(cre)<\/p>\n","protected":false},"excerpt":{"rendered":"<p>A la demande du parquet d&rsquo;Anvers, la police f\u00e9d\u00e9rale a \u00e9mis un avis de recherche contre un intern\u00e9 qui s&rsquo;est enfui apr\u00e8s une audience devant<\/p>\n","protected":false},"author":1,"featured_media":10774,"comment_status":"","ping_status":"","sticky":false,"template":"","format":"standard","meta":{"footnotes":""},"categories":[298],"tags":[3276,8963,2205,471,8965,81,8964,718,8038,8360,4100],"class_list":["post-10773","post","type-post","status-publish","format-standard","has-post-thumbnail","hentry","category-belgique","tag-arrete","tag-brande","tag-den","tag-dimanche","tag-laudience","tag-pour","tag-profite","tag-recherche","tag-sechapper","tag-tribunal","tag-van","generate-columns","tablet-grid-50","mobile-grid-100","grid-parent","grid-33"],"yoast_head":"<!-- This site is optimized with the Yoast SEO plugin v24.0 - https:\/\/yoast.com\/wordpress\/plugins\/seo\/ -->\n<title>Le \u00ab plus recherch\u00e9 \u00bb Van den Brande profite de l\u2019audience du tribunal pour s\u2019\u00e9chapper \u2013 arr\u00eat\u00e9 dimanche | Vie Associative<\/title>\n<meta name=\"robots\" content=\"index, follow, max-snippet:-1, max-image-preview:large, max-video-preview:-1\" \/>\n<link rel=\"canonical\" href=\"https:\/\/vieassociative.be\/actualites\/le-plus-recherche-van-den-brande-profite-de-laudience-du-tribunal-pour-sechapper-arrete-dimanche\/\" \/>\n<meta property=\"og:locale\" content=\"fr_FR\" \/>\n<meta property=\"og:type\" content=\"article\" \/>\n<meta property=\"og:title\" content=\"Le \u00ab plus recherch\u00e9 \u00bb Van den Brande profite de l\u2019audience du tribunal pour s\u2019\u00e9chapper \u2013 arr\u00eat\u00e9 dimanche | Vie Associative\" \/>\n<meta property=\"og:description\" content=\"A la demande du parquet d&rsquo;Anvers, la police f\u00e9d\u00e9rale a \u00e9mis un avis de recherche contre un intern\u00e9 qui s&rsquo;est enfui apr\u00e8s une audience devant\" \/>\n<meta property=\"og:url\" content=\"https:\/\/vieassociative.be\/actualites\/le-plus-recherche-van-den-brande-profite-de-laudience-du-tribunal-pour-sechapper-arrete-dimanche\/\" \/>\n<meta property=\"og:site_name\" content=\"Vie Associative\" \/>\n<meta property=\"article:published_time\" content=\"2025-10-20T02:18:00+00:00\" \/>\n<meta property=\"og:image\" content=\"https:\/\/vieassociative.be\/actualites\/wp-content\/uploads\/2024\/09\/header_backgroundk-01-e1726694325946.png\" \/>\n\t<meta property=\"og:image:width\" content=\"279\" \/>\n\t<meta property=\"og:image:height\" content=\"92\" \/>\n\t<meta property=\"og:image:type\" content=\"image\/png\" \/>\n<meta name=\"author\" content=\"Julien\" \/>\n<meta name=\"twitter:card\" content=\"summary_large_image\" \/>\n<meta name=\"twitter:label1\" content=\"\u00c9crit par\" \/>\n\t<meta name=\"twitter:data1\" content=\"Julien\" \/>\n\t<meta name=\"twitter:label2\" content=\"Dur\u00e9e de lecture est.\" \/>\n\t<meta name=\"twitter:data2\" content=\"2 minutes\" \/>\n<script type=\"application\/ld+json\" class=\"yoast-schema-graph\">{\"@context\":\"https:\/\/schema.org\",\"@graph\":[{\"@type\":\"Article\",\"@id\":\"https:\/\/vieassociative.be\/actualites\/le-plus-recherche-van-den-brande-profite-de-laudience-du-tribunal-pour-sechapper-arrete-dimanche\/#article\",\"isPartOf\":{\"@id\":\"https:\/\/vieassociative.be\/actualites\/le-plus-recherche-van-den-brande-profite-de-laudience-du-tribunal-pour-sechapper-arrete-dimanche\/\"},\"author\":{\"name\":\"Julien\",\"@id\":\"https:\/\/vieassociative.be\/actualites\/#\/schema\/person\/b87ac4f82f9d4e7b7cec7395b679edc4\"},\"headline\":\"Le \u00ab plus recherch\u00e9 \u00bb Van den Brande profite de l\u2019audience du tribunal pour s\u2019\u00e9chapper \u2013 arr\u00eat\u00e9 dimanche\",\"datePublished\":\"2025-10-20T02:18:00+00:00\",\"dateModified\":\"2025-10-20T02:18:00+00:00\",\"mainEntityOfPage\":{\"@id\":\"https:\/\/vieassociative.be\/actualites\/le-plus-recherche-van-den-brande-profite-de-laudience-du-tribunal-pour-sechapper-arrete-dimanche\/\"},\"wordCount\":453,\"publisher\":{\"@id\":\"https:\/\/vieassociative.be\/actualites\/#organization\"},\"image\":{\"@id\":\"https:\/\/vieassociative.be\/actualites\/le-plus-recherche-van-den-brande-profite-de-laudience-du-tribunal-pour-sechapper-arrete-dimanche\/#primaryimage\"},\"thumbnailUrl\":\"https:\/\/vieassociative.be\/actualites\/wp-content\/uploads\/2025\/10\/Le-plus-recherche-Van-den-Brande-profite-de.jpg\",\"keywords\":[\"arr\u00eate\",\"Brande\",\"den\",\"dimanche\",\"laudience\",\"pour\",\"profite\",\"recherche\",\"S\u00e9chapper\",\"tribunal\",\"Van\"],\"articleSection\":[\"Belgique\"],\"inLanguage\":\"fr-BE\"},{\"@type\":\"WebPage\",\"@id\":\"https:\/\/vieassociative.be\/actualites\/le-plus-recherche-van-den-brande-profite-de-laudience-du-tribunal-pour-sechapper-arrete-dimanche\/\",\"url\":\"https:\/\/vieassociative.be\/actualites\/le-plus-recherche-van-den-brande-profite-de-laudience-du-tribunal-pour-sechapper-arrete-dimanche\/\",\"name\":\"Le \u00ab plus recherch\u00e9 \u00bb Van den Brande profite de l\u2019audience du tribunal pour s\u2019\u00e9chapper \u2013 arr\u00eat\u00e9 dimanche | Vie Associative\",\"isPartOf\":{\"@id\":\"https:\/\/vieassociative.be\/actualites\/#website\"},\"primaryImageOfPage\":{\"@id\":\"https:\/\/vieassociative.be\/actualites\/le-plus-recherche-van-den-brande-profite-de-laudience-du-tribunal-pour-sechapper-arrete-dimanche\/#primaryimage\"},\"image\":{\"@id\":\"https:\/\/vieassociative.be\/actualites\/le-plus-recherche-van-den-brande-profite-de-laudience-du-tribunal-pour-sechapper-arrete-dimanche\/#primaryimage\"},\"thumbnailUrl\":\"https:\/\/vieassociative.be\/actualites\/wp-content\/uploads\/2025\/10\/Le-plus-recherche-Van-den-Brande-profite-de.jpg\",\"datePublished\":\"2025-10-20T02:18:00+00:00\",\"dateModified\":\"2025-10-20T02:18:00+00:00\",\"breadcrumb\":{\"@id\":\"https:\/\/vieassociative.be\/actualites\/le-plus-recherche-van-den-brande-profite-de-laudience-du-tribunal-pour-sechapper-arrete-dimanche\/#breadcrumb\"},\"inLanguage\":\"fr-BE\",\"potentialAction\":[{\"@type\":\"ReadAction\",\"target\":[\"https:\/\/vieassociative.be\/actualites\/le-plus-recherche-van-den-brande-profite-de-laudience-du-tribunal-pour-sechapper-arrete-dimanche\/\"]}]},{\"@type\":\"ImageObject\",\"inLanguage\":\"fr-BE\",\"@id\":\"https:\/\/vieassociative.be\/actualites\/le-plus-recherche-van-den-brande-profite-de-laudience-du-tribunal-pour-sechapper-arrete-dimanche\/#primaryimage\",\"url\":\"https:\/\/vieassociative.be\/actualites\/wp-content\/uploads\/2025\/10\/Le-plus-recherche-Van-den-Brande-profite-de.jpg\",\"contentUrl\":\"https:\/\/vieassociative.be\/actualites\/wp-content\/uploads\/2025\/10\/Le-plus-recherche-Van-den-Brande-profite-de.jpg\",\"width\":1200,\"height\":800,\"caption\":\"Le \u00ab plus recherch\u00e9 \u00bb Van den Brande profite de l\u2019audience du tribunal pour s\u2019\u00e9chapper \u2013 arr\u00eat\u00e9 dimanche\"},{\"@type\":\"BreadcrumbList\",\"@id\":\"https:\/\/vieassociative.be\/actualites\/le-plus-recherche-van-den-brande-profite-de-laudience-du-tribunal-pour-sechapper-arrete-dimanche\/#breadcrumb\",\"itemListElement\":[{\"@type\":\"ListItem\",\"position\":1,\"name\":\"Accueil\",\"item\":\"https:\/\/vieassociative.be\/actualites\/\"},{\"@type\":\"ListItem\",\"position\":2,\"name\":\"Le \u00ab plus recherch\u00e9 \u00bb Van den Brande profite de l\u2019audience du tribunal pour s\u2019\u00e9chapper \u2013 arr\u00eat\u00e9 dimanche\"}]},{\"@type\":\"WebSite\",\"@id\":\"https:\/\/vieassociative.be\/actualites\/#website\",\"url\":\"https:\/\/vieassociative.be\/actualites\/\",\"name\":\"Vie Associative\",\"description\":\"\",\"publisher\":{\"@id\":\"https:\/\/vieassociative.be\/actualites\/#organization\"},\"potentialAction\":[{\"@type\":\"SearchAction\",\"target\":{\"@type\":\"EntryPoint\",\"urlTemplate\":\"https:\/\/vieassociative.be\/actualites\/?s={search_term_string}\"},\"query-input\":{\"@type\":\"PropertyValueSpecification\",\"valueRequired\":true,\"valueName\":\"search_term_string\"}}],\"inLanguage\":\"fr-BE\"},{\"@type\":\"Organization\",\"@id\":\"https:\/\/vieassociative.be\/actualites\/#organization\",\"name\":\"Vie Associative\",\"url\":\"https:\/\/vieassociative.be\/actualites\/\",\"logo\":{\"@type\":\"ImageObject\",\"inLanguage\":\"fr-BE\",\"@id\":\"https:\/\/vieassociative.be\/actualites\/#\/schema\/logo\/image\/\",\"url\":\"https:\/\/vieassociative.be\/actualites\/wp-content\/uploads\/2024\/09\/cropped-vieassociative_favicon.ico.png\",\"contentUrl\":\"https:\/\/vieassociative.be\/actualites\/wp-content\/uploads\/2024\/09\/cropped-vieassociative_favicon.ico.png\",\"width\":512,\"height\":512,\"caption\":\"Vie Associative\"},\"image\":{\"@id\":\"https:\/\/vieassociative.be\/actualites\/#\/schema\/logo\/image\/\"}},{\"@type\":\"Person\",\"@id\":\"https:\/\/vieassociative.be\/actualites\/#\/schema\/person\/b87ac4f82f9d4e7b7cec7395b679edc4\",\"name\":\"Julien\",\"image\":{\"@type\":\"ImageObject\",\"inLanguage\":\"fr-BE\",\"@id\":\"https:\/\/vieassociative.be\/actualites\/#\/schema\/person\/image\/\",\"url\":\"https:\/\/vieassociative.be\/actualites\/wp-content\/uploads\/2024\/09\/vie-associative-1-150x150.jpg\",\"contentUrl\":\"https:\/\/vieassociative.be\/actualites\/wp-content\/uploads\/2024\/09\/vie-associative-1-150x150.jpg\",\"caption\":\"Julien\"},\"description\":\"Je suis Julien, r\u00e9dacteur pour Vie Associative. Passionn\u00e9 par le monde associatif depuis plus de 10 ans, j'ai \u00e0 c\u0153ur de partager des histoires inspirantes et de mettre en lumi\u00e8re les initiatives locales. Mon objectif est de sensibiliser et d'encourager l'engagement communautaire \u00e0 travers mes articles.\",\"sameAs\":[\"https:\/\/vieassociative.be\/\"]}]}<\/script>\n<!-- \/ Yoast SEO plugin. -->","yoast_head_json":{"title":"Le \u00ab plus recherch\u00e9 \u00bb Van den Brande profite de l\u2019audience du tribunal pour s\u2019\u00e9chapper \u2013 arr\u00eat\u00e9 dimanche | Vie Associative","robots":{"index":"index","follow":"follow","max-snippet":"max-snippet:-1","max-image-preview":"max-image-preview:large","max-video-preview":"max-video-preview:-1"},"canonical":"https:\/\/vieassociative.be\/actualites\/le-plus-recherche-van-den-brande-profite-de-laudience-du-tribunal-pour-sechapper-arrete-dimanche\/","og_locale":"fr_FR","og_type":"article","og_title":"Le \u00ab plus recherch\u00e9 \u00bb Van den Brande profite de l\u2019audience du tribunal pour s\u2019\u00e9chapper \u2013 arr\u00eat\u00e9 dimanche | Vie Associative","og_description":"A la demande du parquet d&rsquo;Anvers, la police f\u00e9d\u00e9rale a \u00e9mis un avis de recherche contre un intern\u00e9 qui s&rsquo;est enfui apr\u00e8s une audience devant","og_url":"https:\/\/vieassociative.be\/actualites\/le-plus-recherche-van-den-brande-profite-de-laudience-du-tribunal-pour-sechapper-arrete-dimanche\/","og_site_name":"Vie Associative","article_published_time":"2025-10-20T02:18:00+00:00","og_image":[{"width":279,"height":92,"url":"https:\/\/vieassociative.be\/actualites\/wp-content\/uploads\/2024\/09\/header_backgroundk-01-e1726694325946.png","type":"image\/png"}],"author":"Julien","twitter_card":"summary_large_image","twitter_misc":{"\u00c9crit par":"Julien","Dur\u00e9e de lecture est.":"2 minutes"},"schema":{"@context":"https:\/\/schema.org","@graph":[{"@type":"Article","@id":"https:\/\/vieassociative.be\/actualites\/le-plus-recherche-van-den-brande-profite-de-laudience-du-tribunal-pour-sechapper-arrete-dimanche\/#article","isPartOf":{"@id":"https:\/\/vieassociative.be\/actualites\/le-plus-recherche-van-den-brande-profite-de-laudience-du-tribunal-pour-sechapper-arrete-dimanche\/"},"author":{"name":"Julien","@id":"https:\/\/vieassociative.be\/actualites\/#\/schema\/person\/b87ac4f82f9d4e7b7cec7395b679edc4"},"headline":"Le \u00ab plus recherch\u00e9 \u00bb Van den Brande profite de l\u2019audience du tribunal pour s\u2019\u00e9chapper \u2013 arr\u00eat\u00e9 dimanche","datePublished":"2025-10-20T02:18:00+00:00","dateModified":"2025-10-20T02:18:00+00:00","mainEntityOfPage":{"@id":"https:\/\/vieassociative.be\/actualites\/le-plus-recherche-van-den-brande-profite-de-laudience-du-tribunal-pour-sechapper-arrete-dimanche\/"},"wordCount":453,"publisher":{"@id":"https:\/\/vieassociative.be\/actualites\/#organization"},"image":{"@id":"https:\/\/vieassociative.be\/actualites\/le-plus-recherche-van-den-brande-profite-de-laudience-du-tribunal-pour-sechapper-arrete-dimanche\/#primaryimage"},"thumbnailUrl":"https:\/\/vieassociative.be\/actualites\/wp-content\/uploads\/2025\/10\/Le-plus-recherche-Van-den-Brande-profite-de.jpg","keywords":["arr\u00eate","Brande","den","dimanche","laudience","pour","profite","recherche","S\u00e9chapper","tribunal","Van"],"articleSection":["Belgique"],"inLanguage":"fr-BE"},{"@type":"WebPage","@id":"https:\/\/vieassociative.be\/actualites\/le-plus-recherche-van-den-brande-profite-de-laudience-du-tribunal-pour-sechapper-arrete-dimanche\/","url":"https:\/\/vieassociative.be\/actualites\/le-plus-recherche-van-den-brande-profite-de-laudience-du-tribunal-pour-sechapper-arrete-dimanche\/","name":"Le \u00ab plus recherch\u00e9 \u00bb Van den Brande profite de l\u2019audience du tribunal pour s\u2019\u00e9chapper \u2013 arr\u00eat\u00e9 dimanche | Vie Associative","isPartOf":{"@id":"https:\/\/vieassociative.be\/actualites\/#website"},"primaryImageOfPage":{"@id":"https:\/\/vieassociative.be\/actualites\/le-plus-recherche-van-den-brande-profite-de-laudience-du-tribunal-pour-sechapper-arrete-dimanche\/#primaryimage"},"image":{"@id":"https:\/\/vieassociative.be\/actualites\/le-plus-recherche-van-den-brande-profite-de-laudience-du-tribunal-pour-sechapper-arrete-dimanche\/#primaryimage"},"thumbnailUrl":"https:\/\/vieassociative.be\/actualites\/wp-content\/uploads\/2025\/10\/Le-plus-recherche-Van-den-Brande-profite-de.jpg","datePublished":"2025-10-20T02:18:00+00:00","dateModified":"2025-10-20T02:18:00+00:00","breadcrumb":{"@id":"https:\/\/vieassociative.be\/actualites\/le-plus-recherche-van-den-brande-profite-de-laudience-du-tribunal-pour-sechapper-arrete-dimanche\/#breadcrumb"},"inLanguage":"fr-BE","potentialAction":[{"@type":"ReadAction","target":["https:\/\/vieassociative.be\/actualites\/le-plus-recherche-van-den-brande-profite-de-laudience-du-tribunal-pour-sechapper-arrete-dimanche\/"]}]},{"@type":"ImageObject","inLanguage":"fr-BE","@id":"https:\/\/vieassociative.be\/actualites\/le-plus-recherche-van-den-brande-profite-de-laudience-du-tribunal-pour-sechapper-arrete-dimanche\/#primaryimage","url":"https:\/\/vieassociative.be\/actualites\/wp-content\/uploads\/2025\/10\/Le-plus-recherche-Van-den-Brande-profite-de.jpg","contentUrl":"https:\/\/vieassociative.be\/actualites\/wp-content\/uploads\/2025\/10\/Le-plus-recherche-Van-den-Brande-profite-de.jpg","width":1200,"height":800,"caption":"Le \u00ab plus recherch\u00e9 \u00bb Van den Brande profite de l\u2019audience du tribunal pour s\u2019\u00e9chapper \u2013 arr\u00eat\u00e9 dimanche"},{"@type":"BreadcrumbList","@id":"https:\/\/vieassociative.be\/actualites\/le-plus-recherche-van-den-brande-profite-de-laudience-du-tribunal-pour-sechapper-arrete-dimanche\/#breadcrumb","itemListElement":[{"@type":"ListItem","position":1,"name":"Accueil","item":"https:\/\/vieassociative.be\/actualites\/"},{"@type":"ListItem","position":2,"name":"Le \u00ab plus recherch\u00e9 \u00bb Van den Brande profite de l\u2019audience du tribunal pour s\u2019\u00e9chapper \u2013 arr\u00eat\u00e9 dimanche"}]},{"@type":"WebSite","@id":"https:\/\/vieassociative.be\/actualites\/#website","url":"https:\/\/vieassociative.be\/actualites\/","name":"Vie Associative","description":"","publisher":{"@id":"https:\/\/vieassociative.be\/actualites\/#organization"},"potentialAction":[{"@type":"SearchAction","target":{"@type":"EntryPoint","urlTemplate":"https:\/\/vieassociative.be\/actualites\/?s={search_term_string}"},"query-input":{"@type":"PropertyValueSpecification","valueRequired":true,"valueName":"search_term_string"}}],"inLanguage":"fr-BE"},{"@type":"Organization","@id":"https:\/\/vieassociative.be\/actualites\/#organization","name":"Vie Associative","url":"https:\/\/vieassociative.be\/actualites\/","logo":{"@type":"ImageObject","inLanguage":"fr-BE","@id":"https:\/\/vieassociative.be\/actualites\/#\/schema\/logo\/image\/","url":"https:\/\/vieassociative.be\/actualites\/wp-content\/uploads\/2024\/09\/cropped-vieassociative_favicon.ico.png","contentUrl":"https:\/\/vieassociative.be\/actualites\/wp-content\/uploads\/2024\/09\/cropped-vieassociative_favicon.ico.png","width":512,"height":512,"caption":"Vie Associative"},"image":{"@id":"https:\/\/vieassociative.be\/actualites\/#\/schema\/logo\/image\/"}},{"@type":"Person","@id":"https:\/\/vieassociative.be\/actualites\/#\/schema\/person\/b87ac4f82f9d4e7b7cec7395b679edc4","name":"Julien","image":{"@type":"ImageObject","inLanguage":"fr-BE","@id":"https:\/\/vieassociative.be\/actualites\/#\/schema\/person\/image\/","url":"https:\/\/vieassociative.be\/actualites\/wp-content\/uploads\/2024\/09\/vie-associative-1-150x150.jpg","contentUrl":"https:\/\/vieassociative.be\/actualites\/wp-content\/uploads\/2024\/09\/vie-associative-1-150x150.jpg","caption":"Julien"},"description":"Je suis Julien, r\u00e9dacteur pour Vie Associative. Passionn\u00e9 par le monde associatif depuis plus de 10 ans, j'ai \u00e0 c\u0153ur de partager des histoires inspirantes et de mettre en lumi\u00e8re les initiatives locales. Mon objectif est de sensibiliser et d'encourager l'engagement communautaire \u00e0 travers mes articles.","sameAs":["https:\/\/vieassociative.be\/"]}]}},"_links":{"self":[{"href":"https:\/\/vieassociative.be\/actualites\/wp-json\/wp\/v2\/posts\/10773"}],"collection":[{"href":"https:\/\/vieassociative.be\/actualites\/wp-json\/wp\/v2\/posts"}],"about":[{"href":"https:\/\/vieassociative.be\/actualites\/wp-json\/wp\/v2\/types\/post"}],"author":[{"embeddable":true,"href":"https:\/\/vieassociative.be\/actualites\/wp-json\/wp\/v2\/users\/1"}],"replies":[{"embeddable":true,"href":"https:\/\/vieassociative.be\/actualites\/wp-json\/wp\/v2\/comments?post=10773"}],"version-history":[{"count":0,"href":"https:\/\/vieassociative.be\/actualites\/wp-json\/wp\/v2\/posts\/10773\/revisions"}],"wp:featuredmedia":[{"embeddable":true,"href":"https:\/\/vieassociative.be\/actualites\/wp-json\/wp\/v2\/media\/10774"}],"wp:attachment":[{"href":"https:\/\/vieassociative.be\/actualites\/wp-json\/wp\/v2\/media?parent=10773"}],"wp:term":[{"taxonomy":"category","embeddable":true,"href":"https:\/\/vieassociative.be\/actualites\/wp-json\/wp\/v2\/categories?post=10773"},{"taxonomy":"post_tag","embeddable":true,"href":"https:\/\/vieassociative.be\/actualites\/wp-json\/wp\/v2\/tags?post=10773"}],"curies":[{"name":"wp","href":"https:\/\/api.w.org\/{rel}","templated":true}]}}