{"id":10769,"date":"2025-10-19T22:19:13","date_gmt":"2025-10-19T20:19:13","guid":{"rendered":"https:\/\/vieassociative.be\/actualites\/effraction-au-celebre-musee-du-louvre-a-paris-les-auteurs-ont-vole-des-bijoux-dune-valeur-inestimable\/"},"modified":"2025-10-19T22:19:13","modified_gmt":"2025-10-19T20:19:13","slug":"effraction-au-celebre-musee-du-louvre-a-paris-les-auteurs-ont-vole-des-bijoux-dune-valeur-inestimable","status":"publish","type":"post","link":"https:\/\/vieassociative.be\/actualites\/effraction-au-celebre-musee-du-louvre-a-paris-les-auteurs-ont-vole-des-bijoux-dune-valeur-inestimable\/","title":{"rendered":"Effraction au c\u00e9l\u00e8bre mus\u00e9e du Louvre \u00e0 Paris : les auteurs ont vol\u00e9 des bijoux \u00ab d&rsquo;une valeur inestimable \u00bb"},"content":{"rendered":"<p><strong>Lors du cambriolage du c\u00e9l\u00e8bre mus\u00e9e du Louvre \u00e0 Paris, les auteurs ont vol\u00e9 des bijoux qui avaient \u00ab une valeur culturelle et historique incalculable \u00bb au-del\u00e0 de leur valeur marchande. C&rsquo;est ce qu&rsquo;a annonc\u00e9 le minist\u00e8re de l&rsquo;Int\u00e9rieur et de la Culture.<\/strong><\/p>\n<p><span id=\"more-427611\"><\/span>Les agresseurs sont donc entr\u00e9s dans le mus\u00e9e vers 9h30 par une fen\u00eatre qu&rsquo;ils avaient d\u00e9fonc\u00e9e. \u00c0 l\u2019int\u00e9rieur, ils ont vol\u00e9 des bijoux dans des vitrines et ont pris la fuite \u00e0 bord de deux-roues.<\/p>\n<p><strong>\u2013 Les auteurs ont eu besoin de quatre minutes pour le vol :<\/strong> Comme l&rsquo;a rapport\u00e9 le journal \u00ab Le Parisien \u00bb en r\u00e9f\u00e9rence aux enqu\u00eateurs, les voleurs auraient vol\u00e9 neuf pi\u00e8ces de la collection de bijoux de Napol\u00e9on et de l&rsquo;Imp\u00e9ratrice, dont un collier, une broche et un diad\u00e8me. Selon la ministre de la Culture Rachida Dati, les voleurs ont perdu l&rsquo;un des bijoux en s&rsquo;enfuyant.<\/p>\n<div id=\"attachment_427620\" class=\"wp-caption alignleft\" style=\"max-width: 300px\"><img fetchpriority=\"high\" decoding=\"async\" class=\"wp-image-427620 size-medium\" src=\"https:\/\/vieassociative.be\/actualites\/wp-content\/uploads\/2025\/10\/Effraction-au-celebre-musee-du-Louvre-a-Paris-les.jpg\" alt=\"\" width=\"300\" height=\"200\"><\/div>\n<p>Selon les informations du Parisien, il s&rsquo;agirait de la couronne de l&rsquo;imp\u00e9ratrice Eug\u00e9nie, d&rsquo;une valeur inestimable et qui aurait \u00e9t\u00e9 endommag\u00e9e. Comme l&rsquo;ont annonc\u00e9 les minist\u00e8res, une liste d\u00e9taill\u00e9e des objets vol\u00e9s est en cours d&rsquo;\u00e9tablissement.<\/p>\n<p>Les agresseurs n&rsquo;ont eu recours \u00e0 aucune violence lors de leur intrusion dans le mus\u00e9e du Louvre et n&rsquo;ont eu besoin que de quatre minutes pour leur braquage, a d\u00e9clar\u00e9 le ministre de la Culture \u00e0 la cha\u00eene TF1. \u00ab\u00a0Ce sont des professionnels.\u00a0\u00bb Elle a vu des images de vid\u00e9osurveillance. \u00ab\u00a0Ils n&rsquo;attaquent personne, ils entrent sereinement. En quatre minutes bien s\u00fbr, ils d\u00e9truisent les vitrines, prennent leur butin et disparaissent sans aucune violence.\u00a0\u00bb Les autorit\u00e9s ont d&rsquo;abord parl\u00e9 d&rsquo;un vol, mais il s&rsquo;agit d&rsquo;un cas de cambriolage, a d\u00e9clar\u00e9 le ministre dans l&rsquo;interview.<\/p>\n<p><strong>\u2013 Mus\u00e9e ferm\u00e9 :<\/strong> Selon Le Parisien, la panique a \u00e9clat\u00e9 parmi les visiteurs du mus\u00e9e. Comme les portes \u00e9taient probablement verrouill\u00e9es par le d\u00e9clenchement de l&rsquo;alarme, les visiteurs n&rsquo;\u00e9taient initialement pas en mesure de sortir. Comme l&rsquo;ont annonc\u00e9 les deux minist\u00e8res, l&rsquo;\u00e9vacuation des visiteurs s&rsquo;est ensuite d\u00e9roul\u00e9e sans incident. Personne n&rsquo;a \u00e9t\u00e9 bless\u00e9. Pour des raisons de s\u00e9curit\u00e9 et afin de conserver des traces et des indices pour l&rsquo;enqu\u00eate, le mus\u00e9e a \u00e9t\u00e9 ferm\u00e9.<\/p>\n<div id=\"attachment_427617\" class=\"wp-caption alignleft\" style=\"max-width: 225px\"><img decoding=\"async\" class=\"wp-image-427617 size-medium\" src=\"https:\/\/vieassociative.be\/actualites\/wp-content\/uploads\/2025\/10\/1760905153_179_Effraction-au-celebre-musee-du-Louvre-a-Paris-les.jpg\" alt=\"\" width=\"225\" height=\"300\"><\/div>\n<p>Les auteurs auraient pris la fuite \u00e0 bord de deux scooters de grande puissance. Les minist\u00e8res ont annonc\u00e9 que tous les moyens seraient mis en \u0153uvre pour retrouver le butin. Le ministre de la Culture Dati et le nouveau ministre de l&rsquo;Int\u00e9rieur Laurent Nu\u00f1ez, qui \u00e9tait encore il y a quelques jours pr\u00e9fet de police de Paris, se trouvaient avec les enqu\u00eateurs dans le mus\u00e9e.<\/p>\n<p><strong>\u2013 Les auteurs auraient utilis\u00e9 un monte-charge sur le chantier :<\/strong> Les agresseurs, enti\u00e8rement masqu\u00e9s, sont entr\u00e9s dans le mus\u00e9e par le c\u00f4t\u00e9 du b\u00e2timent donnant sur la Seine, o\u00f9 se d\u00e9roulaient actuellement des travaux de construction. Ils auraient utilis\u00e9 un monte-charge pour se rendre directement \u00e0 l&rsquo;espace d&rsquo;exposition souhait\u00e9 dans la Galerie d&rsquo;Apollon. Apr\u00e8s que les agresseurs aient d\u00e9truit les fen\u00eatres avec une d\u00e9coupeuse \u00e9lectrique ou une petite tron\u00e7onneuse, deux hommes sont entr\u00e9s par effraction tandis qu&rsquo;un troisi\u00e8me montait la garde \u00e0 l&rsquo;ext\u00e9rieur, ont rapport\u00e9 les m\u00e9dias.<\/p>\n<p><strong>\u2013 Mus\u00e9e le plus visit\u00e9 au monde :<\/strong> Le Louvre est le mus\u00e9e le plus visit\u00e9 au monde. En 2024, pr\u00e8s de 9 millions de visiteurs ont visit\u00e9 l\u2019institution artistique. La collection du mus\u00e9e comprend plus de 35 000 \u0153uvres d&rsquo;art. Chaque jour, environ 20 000 visiteurs se pressent dans la salle, avec \u00e0 eux seuls la c\u00e9l\u00e8bre Joconde de L\u00e9onard de Vinci. Pour g\u00e9rer le flux de visiteurs, il existe des restrictions d&rsquo;acc\u00e8s strictes avec des itin\u00e9raires de visite prescrits et des barri\u00e8res en zigzag devant les expositions les plus populaires. (dpa)<\/p>\n","protected":false},"excerpt":{"rendered":"<p>Lors du cambriolage du c\u00e9l\u00e8bre mus\u00e9e du Louvre \u00e0 Paris, les auteurs ont vol\u00e9 des bijoux qui avaient \u00ab une valeur culturelle et historique incalculable<\/p>\n","protected":false},"author":1,"featured_media":10770,"comment_status":"","ping_status":"","sticky":false,"template":"","format":"standard","meta":{"footnotes":""},"categories":[298],"tags":[7996,3157,3843,29,698,8958,8961,14,8960,8959,1374,2447,5721,5867],"class_list":["post-10769","post","type-post","status-publish","format-standard","has-post-thumbnail","hentry","category-belgique","tag-auteurs","tag-bijoux","tag-celebre","tag-des","tag-dune","tag-effraction","tag-inestimable","tag-les","tag-louvre","tag-musee","tag-ont","tag-paris","tag-valeur","tag-vole","generate-columns","tablet-grid-50","mobile-grid-100","grid-parent","grid-33"],"yoast_head":"<!-- This site is optimized with the Yoast SEO plugin v24.0 - https:\/\/yoast.com\/wordpress\/plugins\/seo\/ -->\n<title>Effraction au c\u00e9l\u00e8bre mus\u00e9e du Louvre \u00e0 Paris : les auteurs ont vol\u00e9 des bijoux \u00ab d&#039;une valeur inestimable \u00bb | Vie Associative<\/title>\n<meta name=\"robots\" content=\"index, follow, max-snippet:-1, max-image-preview:large, max-video-preview:-1\" \/>\n<link rel=\"canonical\" href=\"https:\/\/vieassociative.be\/actualites\/effraction-au-celebre-musee-du-louvre-a-paris-les-auteurs-ont-vole-des-bijoux-dune-valeur-inestimable\/\" \/>\n<meta property=\"og:locale\" content=\"fr_FR\" \/>\n<meta property=\"og:type\" content=\"article\" \/>\n<meta property=\"og:title\" content=\"Effraction au c\u00e9l\u00e8bre mus\u00e9e du Louvre \u00e0 Paris : les auteurs ont vol\u00e9 des bijoux \u00ab d&#039;une valeur inestimable \u00bb | Vie Associative\" \/>\n<meta property=\"og:description\" content=\"Lors du cambriolage du c\u00e9l\u00e8bre mus\u00e9e du Louvre \u00e0 Paris, les auteurs ont vol\u00e9 des bijoux qui avaient \u00ab une valeur culturelle et historique incalculable\" \/>\n<meta property=\"og:url\" content=\"https:\/\/vieassociative.be\/actualites\/effraction-au-celebre-musee-du-louvre-a-paris-les-auteurs-ont-vole-des-bijoux-dune-valeur-inestimable\/\" \/>\n<meta property=\"og:site_name\" content=\"Vie Associative\" \/>\n<meta property=\"article:published_time\" content=\"2025-10-19T20:19:13+00:00\" \/>\n<meta property=\"og:image\" content=\"https:\/\/vieassociative.be\/actualites\/wp-content\/uploads\/2024\/09\/header_backgroundk-01-e1726694325946.png\" \/>\n\t<meta property=\"og:image:width\" content=\"279\" \/>\n\t<meta property=\"og:image:height\" content=\"92\" \/>\n\t<meta property=\"og:image:type\" content=\"image\/png\" \/>\n<meta name=\"author\" content=\"Julien\" \/>\n<meta name=\"twitter:card\" content=\"summary_large_image\" \/>\n<meta name=\"twitter:label1\" content=\"\u00c9crit par\" \/>\n\t<meta name=\"twitter:data1\" content=\"Julien\" \/>\n\t<meta name=\"twitter:label2\" content=\"Dur\u00e9e de lecture est.\" \/>\n\t<meta name=\"twitter:data2\" content=\"3 minutes\" \/>\n<script type=\"application\/ld+json\" class=\"yoast-schema-graph\">{\"@context\":\"https:\/\/schema.org\",\"@graph\":[{\"@type\":\"Article\",\"@id\":\"https:\/\/vieassociative.be\/actualites\/effraction-au-celebre-musee-du-louvre-a-paris-les-auteurs-ont-vole-des-bijoux-dune-valeur-inestimable\/#article\",\"isPartOf\":{\"@id\":\"https:\/\/vieassociative.be\/actualites\/effraction-au-celebre-musee-du-louvre-a-paris-les-auteurs-ont-vole-des-bijoux-dune-valeur-inestimable\/\"},\"author\":{\"name\":\"Julien\",\"@id\":\"https:\/\/vieassociative.be\/actualites\/#\/schema\/person\/b87ac4f82f9d4e7b7cec7395b679edc4\"},\"headline\":\"Effraction au c\u00e9l\u00e8bre mus\u00e9e du Louvre \u00e0 Paris : les auteurs ont vol\u00e9 des bijoux \u00ab d&rsquo;une valeur inestimable \u00bb\",\"datePublished\":\"2025-10-19T20:19:13+00:00\",\"dateModified\":\"2025-10-19T20:19:13+00:00\",\"mainEntityOfPage\":{\"@id\":\"https:\/\/vieassociative.be\/actualites\/effraction-au-celebre-musee-du-louvre-a-paris-les-auteurs-ont-vole-des-bijoux-dune-valeur-inestimable\/\"},\"wordCount\":702,\"publisher\":{\"@id\":\"https:\/\/vieassociative.be\/actualites\/#organization\"},\"image\":{\"@id\":\"https:\/\/vieassociative.be\/actualites\/effraction-au-celebre-musee-du-louvre-a-paris-les-auteurs-ont-vole-des-bijoux-dune-valeur-inestimable\/#primaryimage\"},\"thumbnailUrl\":\"https:\/\/vieassociative.be\/actualites\/wp-content\/uploads\/2025\/10\/1760905153_Effraction-au-celebre-musee-du-Louvre-a-Paris-les.jpg\",\"keywords\":[\"auteurs\",\"bijoux\",\"c\u00e9l\u00e8bre\",\"Des\",\"dune\",\"Effraction\",\"inestimable\",\"Les\",\"Louvre\",\"mus\u00e9e\",\"ont\",\"Paris\",\"valeur\",\"vole\"],\"articleSection\":[\"Belgique\"],\"inLanguage\":\"fr-BE\"},{\"@type\":\"WebPage\",\"@id\":\"https:\/\/vieassociative.be\/actualites\/effraction-au-celebre-musee-du-louvre-a-paris-les-auteurs-ont-vole-des-bijoux-dune-valeur-inestimable\/\",\"url\":\"https:\/\/vieassociative.be\/actualites\/effraction-au-celebre-musee-du-louvre-a-paris-les-auteurs-ont-vole-des-bijoux-dune-valeur-inestimable\/\",\"name\":\"Effraction au c\u00e9l\u00e8bre mus\u00e9e du Louvre \u00e0 Paris : les auteurs ont vol\u00e9 des bijoux \u00ab d'une valeur inestimable \u00bb | Vie Associative\",\"isPartOf\":{\"@id\":\"https:\/\/vieassociative.be\/actualites\/#website\"},\"primaryImageOfPage\":{\"@id\":\"https:\/\/vieassociative.be\/actualites\/effraction-au-celebre-musee-du-louvre-a-paris-les-auteurs-ont-vole-des-bijoux-dune-valeur-inestimable\/#primaryimage\"},\"image\":{\"@id\":\"https:\/\/vieassociative.be\/actualites\/effraction-au-celebre-musee-du-louvre-a-paris-les-auteurs-ont-vole-des-bijoux-dune-valeur-inestimable\/#primaryimage\"},\"thumbnailUrl\":\"https:\/\/vieassociative.be\/actualites\/wp-content\/uploads\/2025\/10\/1760905153_Effraction-au-celebre-musee-du-Louvre-a-Paris-les.jpg\",\"datePublished\":\"2025-10-19T20:19:13+00:00\",\"dateModified\":\"2025-10-19T20:19:13+00:00\",\"breadcrumb\":{\"@id\":\"https:\/\/vieassociative.be\/actualites\/effraction-au-celebre-musee-du-louvre-a-paris-les-auteurs-ont-vole-des-bijoux-dune-valeur-inestimable\/#breadcrumb\"},\"inLanguage\":\"fr-BE\",\"potentialAction\":[{\"@type\":\"ReadAction\",\"target\":[\"https:\/\/vieassociative.be\/actualites\/effraction-au-celebre-musee-du-louvre-a-paris-les-auteurs-ont-vole-des-bijoux-dune-valeur-inestimable\/\"]}]},{\"@type\":\"ImageObject\",\"inLanguage\":\"fr-BE\",\"@id\":\"https:\/\/vieassociative.be\/actualites\/effraction-au-celebre-musee-du-louvre-a-paris-les-auteurs-ont-vole-des-bijoux-dune-valeur-inestimable\/#primaryimage\",\"url\":\"https:\/\/vieassociative.be\/actualites\/wp-content\/uploads\/2025\/10\/1760905153_Effraction-au-celebre-musee-du-Louvre-a-Paris-les.jpg\",\"contentUrl\":\"https:\/\/vieassociative.be\/actualites\/wp-content\/uploads\/2025\/10\/1760905153_Effraction-au-celebre-musee-du-Louvre-a-Paris-les.jpg\",\"width\":1200,\"height\":800,\"caption\":\"Effraction au c\u00e9l\u00e8bre mus\u00e9e du Louvre \u00e0 Paris : les auteurs ont vol\u00e9 des bijoux \u00ab d'une valeur inestimable \u00bb\"},{\"@type\":\"BreadcrumbList\",\"@id\":\"https:\/\/vieassociative.be\/actualites\/effraction-au-celebre-musee-du-louvre-a-paris-les-auteurs-ont-vole-des-bijoux-dune-valeur-inestimable\/#breadcrumb\",\"itemListElement\":[{\"@type\":\"ListItem\",\"position\":1,\"name\":\"Accueil\",\"item\":\"https:\/\/vieassociative.be\/actualites\/\"},{\"@type\":\"ListItem\",\"position\":2,\"name\":\"Effraction au c\u00e9l\u00e8bre mus\u00e9e du Louvre \u00e0 Paris : les auteurs ont vol\u00e9 des bijoux \u00ab d&rsquo;une valeur inestimable \u00bb\"}]},{\"@type\":\"WebSite\",\"@id\":\"https:\/\/vieassociative.be\/actualites\/#website\",\"url\":\"https:\/\/vieassociative.be\/actualites\/\",\"name\":\"Vie Associative\",\"description\":\"\",\"publisher\":{\"@id\":\"https:\/\/vieassociative.be\/actualites\/#organization\"},\"potentialAction\":[{\"@type\":\"SearchAction\",\"target\":{\"@type\":\"EntryPoint\",\"urlTemplate\":\"https:\/\/vieassociative.be\/actualites\/?s={search_term_string}\"},\"query-input\":{\"@type\":\"PropertyValueSpecification\",\"valueRequired\":true,\"valueName\":\"search_term_string\"}}],\"inLanguage\":\"fr-BE\"},{\"@type\":\"Organization\",\"@id\":\"https:\/\/vieassociative.be\/actualites\/#organization\",\"name\":\"Vie Associative\",\"url\":\"https:\/\/vieassociative.be\/actualites\/\",\"logo\":{\"@type\":\"ImageObject\",\"inLanguage\":\"fr-BE\",\"@id\":\"https:\/\/vieassociative.be\/actualites\/#\/schema\/logo\/image\/\",\"url\":\"https:\/\/vieassociative.be\/actualites\/wp-content\/uploads\/2024\/09\/cropped-vieassociative_favicon.ico.png\",\"contentUrl\":\"https:\/\/vieassociative.be\/actualites\/wp-content\/uploads\/2024\/09\/cropped-vieassociative_favicon.ico.png\",\"width\":512,\"height\":512,\"caption\":\"Vie Associative\"},\"image\":{\"@id\":\"https:\/\/vieassociative.be\/actualites\/#\/schema\/logo\/image\/\"}},{\"@type\":\"Person\",\"@id\":\"https:\/\/vieassociative.be\/actualites\/#\/schema\/person\/b87ac4f82f9d4e7b7cec7395b679edc4\",\"name\":\"Julien\",\"image\":{\"@type\":\"ImageObject\",\"inLanguage\":\"fr-BE\",\"@id\":\"https:\/\/vieassociative.be\/actualites\/#\/schema\/person\/image\/\",\"url\":\"https:\/\/vieassociative.be\/actualites\/wp-content\/uploads\/2024\/09\/vie-associative-1-150x150.jpg\",\"contentUrl\":\"https:\/\/vieassociative.be\/actualites\/wp-content\/uploads\/2024\/09\/vie-associative-1-150x150.jpg\",\"caption\":\"Julien\"},\"description\":\"Je suis Julien, r\u00e9dacteur pour Vie Associative. Passionn\u00e9 par le monde associatif depuis plus de 10 ans, j'ai \u00e0 c\u0153ur de partager des histoires inspirantes et de mettre en lumi\u00e8re les initiatives locales. Mon objectif est de sensibiliser et d'encourager l'engagement communautaire \u00e0 travers mes articles.\",\"sameAs\":[\"https:\/\/vieassociative.be\/\"]}]}<\/script>\n<!-- \/ Yoast SEO plugin. -->","yoast_head_json":{"title":"Effraction au c\u00e9l\u00e8bre mus\u00e9e du Louvre \u00e0 Paris : les auteurs ont vol\u00e9 des bijoux \u00ab d'une valeur inestimable \u00bb | Vie Associative","robots":{"index":"index","follow":"follow","max-snippet":"max-snippet:-1","max-image-preview":"max-image-preview:large","max-video-preview":"max-video-preview:-1"},"canonical":"https:\/\/vieassociative.be\/actualites\/effraction-au-celebre-musee-du-louvre-a-paris-les-auteurs-ont-vole-des-bijoux-dune-valeur-inestimable\/","og_locale":"fr_FR","og_type":"article","og_title":"Effraction au c\u00e9l\u00e8bre mus\u00e9e du Louvre \u00e0 Paris : les auteurs ont vol\u00e9 des bijoux \u00ab d'une valeur inestimable \u00bb | Vie Associative","og_description":"Lors du cambriolage du c\u00e9l\u00e8bre mus\u00e9e du Louvre \u00e0 Paris, les auteurs ont vol\u00e9 des bijoux qui avaient \u00ab une valeur culturelle et historique incalculable","og_url":"https:\/\/vieassociative.be\/actualites\/effraction-au-celebre-musee-du-louvre-a-paris-les-auteurs-ont-vole-des-bijoux-dune-valeur-inestimable\/","og_site_name":"Vie Associative","article_published_time":"2025-10-19T20:19:13+00:00","og_image":[{"width":279,"height":92,"url":"https:\/\/vieassociative.be\/actualites\/wp-content\/uploads\/2024\/09\/header_backgroundk-01-e1726694325946.png","type":"image\/png"}],"author":"Julien","twitter_card":"summary_large_image","twitter_misc":{"\u00c9crit par":"Julien","Dur\u00e9e de lecture est.":"3 minutes"},"schema":{"@context":"https:\/\/schema.org","@graph":[{"@type":"Article","@id":"https:\/\/vieassociative.be\/actualites\/effraction-au-celebre-musee-du-louvre-a-paris-les-auteurs-ont-vole-des-bijoux-dune-valeur-inestimable\/#article","isPartOf":{"@id":"https:\/\/vieassociative.be\/actualites\/effraction-au-celebre-musee-du-louvre-a-paris-les-auteurs-ont-vole-des-bijoux-dune-valeur-inestimable\/"},"author":{"name":"Julien","@id":"https:\/\/vieassociative.be\/actualites\/#\/schema\/person\/b87ac4f82f9d4e7b7cec7395b679edc4"},"headline":"Effraction au c\u00e9l\u00e8bre mus\u00e9e du Louvre \u00e0 Paris : les auteurs ont vol\u00e9 des bijoux \u00ab d&rsquo;une valeur inestimable \u00bb","datePublished":"2025-10-19T20:19:13+00:00","dateModified":"2025-10-19T20:19:13+00:00","mainEntityOfPage":{"@id":"https:\/\/vieassociative.be\/actualites\/effraction-au-celebre-musee-du-louvre-a-paris-les-auteurs-ont-vole-des-bijoux-dune-valeur-inestimable\/"},"wordCount":702,"publisher":{"@id":"https:\/\/vieassociative.be\/actualites\/#organization"},"image":{"@id":"https:\/\/vieassociative.be\/actualites\/effraction-au-celebre-musee-du-louvre-a-paris-les-auteurs-ont-vole-des-bijoux-dune-valeur-inestimable\/#primaryimage"},"thumbnailUrl":"https:\/\/vieassociative.be\/actualites\/wp-content\/uploads\/2025\/10\/1760905153_Effraction-au-celebre-musee-du-Louvre-a-Paris-les.jpg","keywords":["auteurs","bijoux","c\u00e9l\u00e8bre","Des","dune","Effraction","inestimable","Les","Louvre","mus\u00e9e","ont","Paris","valeur","vole"],"articleSection":["Belgique"],"inLanguage":"fr-BE"},{"@type":"WebPage","@id":"https:\/\/vieassociative.be\/actualites\/effraction-au-celebre-musee-du-louvre-a-paris-les-auteurs-ont-vole-des-bijoux-dune-valeur-inestimable\/","url":"https:\/\/vieassociative.be\/actualites\/effraction-au-celebre-musee-du-louvre-a-paris-les-auteurs-ont-vole-des-bijoux-dune-valeur-inestimable\/","name":"Effraction au c\u00e9l\u00e8bre mus\u00e9e du Louvre \u00e0 Paris : les auteurs ont vol\u00e9 des bijoux \u00ab d'une valeur inestimable \u00bb | Vie Associative","isPartOf":{"@id":"https:\/\/vieassociative.be\/actualites\/#website"},"primaryImageOfPage":{"@id":"https:\/\/vieassociative.be\/actualites\/effraction-au-celebre-musee-du-louvre-a-paris-les-auteurs-ont-vole-des-bijoux-dune-valeur-inestimable\/#primaryimage"},"image":{"@id":"https:\/\/vieassociative.be\/actualites\/effraction-au-celebre-musee-du-louvre-a-paris-les-auteurs-ont-vole-des-bijoux-dune-valeur-inestimable\/#primaryimage"},"thumbnailUrl":"https:\/\/vieassociative.be\/actualites\/wp-content\/uploads\/2025\/10\/1760905153_Effraction-au-celebre-musee-du-Louvre-a-Paris-les.jpg","datePublished":"2025-10-19T20:19:13+00:00","dateModified":"2025-10-19T20:19:13+00:00","breadcrumb":{"@id":"https:\/\/vieassociative.be\/actualites\/effraction-au-celebre-musee-du-louvre-a-paris-les-auteurs-ont-vole-des-bijoux-dune-valeur-inestimable\/#breadcrumb"},"inLanguage":"fr-BE","potentialAction":[{"@type":"ReadAction","target":["https:\/\/vieassociative.be\/actualites\/effraction-au-celebre-musee-du-louvre-a-paris-les-auteurs-ont-vole-des-bijoux-dune-valeur-inestimable\/"]}]},{"@type":"ImageObject","inLanguage":"fr-BE","@id":"https:\/\/vieassociative.be\/actualites\/effraction-au-celebre-musee-du-louvre-a-paris-les-auteurs-ont-vole-des-bijoux-dune-valeur-inestimable\/#primaryimage","url":"https:\/\/vieassociative.be\/actualites\/wp-content\/uploads\/2025\/10\/1760905153_Effraction-au-celebre-musee-du-Louvre-a-Paris-les.jpg","contentUrl":"https:\/\/vieassociative.be\/actualites\/wp-content\/uploads\/2025\/10\/1760905153_Effraction-au-celebre-musee-du-Louvre-a-Paris-les.jpg","width":1200,"height":800,"caption":"Effraction au c\u00e9l\u00e8bre mus\u00e9e du Louvre \u00e0 Paris : les auteurs ont vol\u00e9 des bijoux \u00ab d'une valeur inestimable \u00bb"},{"@type":"BreadcrumbList","@id":"https:\/\/vieassociative.be\/actualites\/effraction-au-celebre-musee-du-louvre-a-paris-les-auteurs-ont-vole-des-bijoux-dune-valeur-inestimable\/#breadcrumb","itemListElement":[{"@type":"ListItem","position":1,"name":"Accueil","item":"https:\/\/vieassociative.be\/actualites\/"},{"@type":"ListItem","position":2,"name":"Effraction au c\u00e9l\u00e8bre mus\u00e9e du Louvre \u00e0 Paris : les auteurs ont vol\u00e9 des bijoux \u00ab d&rsquo;une valeur inestimable \u00bb"}]},{"@type":"WebSite","@id":"https:\/\/vieassociative.be\/actualites\/#website","url":"https:\/\/vieassociative.be\/actualites\/","name":"Vie Associative","description":"","publisher":{"@id":"https:\/\/vieassociative.be\/actualites\/#organization"},"potentialAction":[{"@type":"SearchAction","target":{"@type":"EntryPoint","urlTemplate":"https:\/\/vieassociative.be\/actualites\/?s={search_term_string}"},"query-input":{"@type":"PropertyValueSpecification","valueRequired":true,"valueName":"search_term_string"}}],"inLanguage":"fr-BE"},{"@type":"Organization","@id":"https:\/\/vieassociative.be\/actualites\/#organization","name":"Vie Associative","url":"https:\/\/vieassociative.be\/actualites\/","logo":{"@type":"ImageObject","inLanguage":"fr-BE","@id":"https:\/\/vieassociative.be\/actualites\/#\/schema\/logo\/image\/","url":"https:\/\/vieassociative.be\/actualites\/wp-content\/uploads\/2024\/09\/cropped-vieassociative_favicon.ico.png","contentUrl":"https:\/\/vieassociative.be\/actualites\/wp-content\/uploads\/2024\/09\/cropped-vieassociative_favicon.ico.png","width":512,"height":512,"caption":"Vie Associative"},"image":{"@id":"https:\/\/vieassociative.be\/actualites\/#\/schema\/logo\/image\/"}},{"@type":"Person","@id":"https:\/\/vieassociative.be\/actualites\/#\/schema\/person\/b87ac4f82f9d4e7b7cec7395b679edc4","name":"Julien","image":{"@type":"ImageObject","inLanguage":"fr-BE","@id":"https:\/\/vieassociative.be\/actualites\/#\/schema\/person\/image\/","url":"https:\/\/vieassociative.be\/actualites\/wp-content\/uploads\/2024\/09\/vie-associative-1-150x150.jpg","contentUrl":"https:\/\/vieassociative.be\/actualites\/wp-content\/uploads\/2024\/09\/vie-associative-1-150x150.jpg","caption":"Julien"},"description":"Je suis Julien, r\u00e9dacteur pour Vie Associative. Passionn\u00e9 par le monde associatif depuis plus de 10 ans, j'ai \u00e0 c\u0153ur de partager des histoires inspirantes et de mettre en lumi\u00e8re les initiatives locales. Mon objectif est de sensibiliser et d'encourager l'engagement communautaire \u00e0 travers mes articles.","sameAs":["https:\/\/vieassociative.be\/"]}]}},"_links":{"self":[{"href":"https:\/\/vieassociative.be\/actualites\/wp-json\/wp\/v2\/posts\/10769"}],"collection":[{"href":"https:\/\/vieassociative.be\/actualites\/wp-json\/wp\/v2\/posts"}],"about":[{"href":"https:\/\/vieassociative.be\/actualites\/wp-json\/wp\/v2\/types\/post"}],"author":[{"embeddable":true,"href":"https:\/\/vieassociative.be\/actualites\/wp-json\/wp\/v2\/users\/1"}],"replies":[{"embeddable":true,"href":"https:\/\/vieassociative.be\/actualites\/wp-json\/wp\/v2\/comments?post=10769"}],"version-history":[{"count":0,"href":"https:\/\/vieassociative.be\/actualites\/wp-json\/wp\/v2\/posts\/10769\/revisions"}],"wp:featuredmedia":[{"embeddable":true,"href":"https:\/\/vieassociative.be\/actualites\/wp-json\/wp\/v2\/media\/10770"}],"wp:attachment":[{"href":"https:\/\/vieassociative.be\/actualites\/wp-json\/wp\/v2\/media?parent=10769"}],"wp:term":[{"taxonomy":"category","embeddable":true,"href":"https:\/\/vieassociative.be\/actualites\/wp-json\/wp\/v2\/categories?post=10769"},{"taxonomy":"post_tag","embeddable":true,"href":"https:\/\/vieassociative.be\/actualites\/wp-json\/wp\/v2\/tags?post=10769"}],"curies":[{"name":"wp","href":"https:\/\/api.w.org\/{rel}","templated":true}]}}