{"id":10765,"date":"2025-10-19T16:20:12","date_gmt":"2025-10-19T14:20:12","guid":{"rendered":"https:\/\/vieassociative.be\/actualites\/no-kings-manifestations-massives-contre-donald-trump-aux-etats-unis-le-president-replique-avec-des-videos-dia-en-tant-que-roi\/"},"modified":"2025-10-19T16:20:12","modified_gmt":"2025-10-19T14:20:12","slug":"no-kings-manifestations-massives-contre-donald-trump-aux-etats-unis-le-president-replique-avec-des-videos-dia-en-tant-que-roi","status":"publish","type":"post","link":"https:\/\/vieassociative.be\/actualites\/no-kings-manifestations-massives-contre-donald-trump-aux-etats-unis-le-president-replique-avec-des-videos-dia-en-tant-que-roi\/","title":{"rendered":"\u00ab No Kings \u00bb : Manifestations massives contre Donald Trump aux \u00c9tats-Unis \u2013 Le pr\u00e9sident r\u00e9plique avec des vid\u00e9os d\u2019IA en tant que roi"},"content":{"rendered":"<p><strong>Le style politique autocratique du pr\u00e9sident Donald Trump rencontre des r\u00e9sistances aux \u00c9tats-Unis. Des millions de personnes descendent dans la rue sous le slogan \u00ab Pas de rois \u00bb. Trump, quant \u00e0 lui, se consid\u00e8re comme un roi.<\/strong><\/p>\n<p><span id=\"more-427594\"><\/span>Aux \u00c9tats-Unis, des manifestations massives ont de nouveau eu lieu contre le pr\u00e9sident Donald Trump et sa politique. Des manifestations ont eu lieu dans tout le pays sous le slogan \u00ab Pas de rois \u00bb.<\/p>\n<p>Les organisateurs ont parl\u00e9 samedi soir (heure locale) de pr\u00e8s de sept millions de participants dans plus de 2 700 villes, soit environ deux millions de plus qu&rsquo;en juin. \u00ab Le pr\u00e9sident estime que son pouvoir est absolu \u00bb, indique le site Internet. \u00ab\u00a0Mais en Am\u00e9rique, nous n&rsquo;avons pas de rois.\u00a0\u00bb<\/p>\n<div id=\"attachment_427600\" class=\"wp-caption alignleft\" style=\"max-width: 300px\"><img fetchpriority=\"high\" decoding=\"async\" class=\"wp-image-427600 size-medium\" src=\"https:\/\/vieassociative.be\/actualites\/wp-content\/uploads\/2025\/10\/No-Kings-Manifestations-massives-contre-Donald-Trump.jpg\" alt=\"\" width=\"300\" height=\"225\"><\/div>\n<p><strong>\u2013 Trump se comporte en roi sur internet :<\/strong> Le c\u00f4t\u00e9 r\u00e9publicain avait d\u00e9clar\u00e9 \u00e0 l\u2019avance que les participants \u00ab d\u00e9testeraient l\u2019Am\u00e9rique \u00bb. Trump lui-m\u00eame a d\u00e9clar\u00e9 \u00e0 Fox News : \u00ab Je ne suis pas un roi. \u00bb Cependant, au cours de la journ\u00e9e de samedi, le pr\u00e9sident a apparemment d\u00e9cid\u00e9 de changer d&rsquo;avis : en publiant plusieurs vid\u00e9os g\u00e9n\u00e9r\u00e9es artificiellement, il a clairement montr\u00e9 \u00e0 quel point il se souciait peu des critiques formul\u00e9es \u00e0 l&rsquo;encontre de sa politique.<\/p>\n<p>Un clip publi\u00e9 sur son porte-parole en ligne Truth Social le repr\u00e9sentait comme le pilote d\u2019un avion de combat portant l\u2019inscription \u00ab King Trump \u00bb. Avec l&rsquo;avion, il laisse tomber de la boue brune qui ressemble \u00e0 des excr\u00e9ments sur les manifestants. Dans un autre clip g\u00e9n\u00e9r\u00e9 par l&rsquo;IA et que son adjoint JD Vance avait pr\u00e9c\u00e9demment publi\u00e9 sur la plateforme Bluesky, Trump se comporte compl\u00e8tement comme un roi : dans le clip en noir et blanc, il rev\u00eat les insignes du pouvoir monarchique avec une couronne, un manteau et une \u00e9p\u00e9e. Puis les spectateurs s\u2019agenouillent \u2013 \u200b\u200ben premier lieu son ennemie politique Nancy Pelosi, l\u2019ancienne pr\u00e9sidente d\u00e9mocrate de la Chambre des repr\u00e9sentants. Trump lui-m\u00eame a \u00e9galement partag\u00e9 la vid\u00e9o via Truth Social.<\/p>\n<div id=\"attachment_427604\" class=\"wp-caption alignleft\" style=\"max-width: 300px\"><img decoding=\"async\" class=\"wp-image-427604 size-medium\" src=\"https:\/\/vieassociative.be\/actualites\/wp-content\/uploads\/2025\/10\/1760883612_927_No-Kings-Manifestations-massives-contre-Donald-Trump.jpg\" alt=\"\" width=\"300\" height=\"200\"><\/div>\n<p><strong>\u2013 Manifestations pacifiques et souci de d\u00e9mocratie :<\/strong> Trump avait affirm\u00e9 \u00e0 plusieurs reprises que les manifestants \u00e9taient enclins \u00e0 la violence. L\u2019actuel pr\u00e9sident \u2013 \u200b\u200br\u00e9publicain \u2013 de la Chambre des repr\u00e9sentants, Mike Johnson, a d\u00e9clar\u00e9 lors d\u2019une conf\u00e9rence de presse qu\u2019il attendait des \u00ab partisans du Hamas \u00bb, des \u00ab types Antifa \u00bb et des \u00ab marxistes en pleine tenue \u00bb lors des manifestations \u00ab No Kings \u00bb.<\/p>\n<p>Les opposants accusent Trump et son entourage d\u2019alimenter d\u00e9lib\u00e9r\u00e9ment l\u2019escalade et de vouloir normaliser le recours \u00e0 l\u2019arm\u00e9e contre les dissidents. Plusieurs villes et \u00c9tats d\u00e9mocratiquement gouvern\u00e9s ont engag\u00e9 des poursuites judiciaires contre le d\u00e9ploiement de la Garde nationale dans leurs communaut\u00e9s.<\/p>\n<p>R\u00e9cemment, de petites manifestations ont eu lieu \u00e0 plusieurs reprises dans plusieurs villes, notamment contre la politique migratoire de Trump. Dans certains cas, il y a eu \u00e9galement des affrontements. Selon les m\u00e9dias am\u00e9ricains, les manifestations \u00ab No Kings \u00bb se sont d\u00e9roul\u00e9es dans le calme jusqu\u2019au soir. Il n\u2019y a eu que des disputes occasionnelles en marge.<\/p>\n<p>Depuis que Trump a pris ses fonctions en janvier, les manifestations contre lui se sont consid\u00e9rablement multipli\u00e9es. Divers groupes semblent d\u00e9sormais s&rsquo;organiser de plus en plus entre eux : de nombreuses initiatives sont r\u00e9unies sous l&rsquo;\u00e9gide de \u00ab No Kings \u00bb. En m\u00eame temps, c&rsquo;est un d\u00e9fi de rassembler la multitude de pr\u00e9occupations diff\u00e9rentes. (dpa)<\/p>\n","protected":false},"excerpt":{"rendered":"<p>Le style politique autocratique du pr\u00e9sident Donald Trump rencontre des r\u00e9sistances aux \u00c9tats-Unis. Des millions de personnes descendent dans la rue sous le slogan \u00ab<\/p>\n","protected":false},"author":1,"featured_media":10766,"comment_status":"","ping_status":"","sticky":false,"template":"","format":"standard","meta":{"footnotes":""},"categories":[298],"tags":[289,61,796,29,31,2424,290,7421,3436,4906,3075,8957,3096,1745,2425,1189],"class_list":["post-10765","post","type-post","status-publish","format-standard","has-post-thumbnail","hentry","category-belgique","tag-aux","tag-avec","tag-contre","tag-des","tag-dia","tag-donald","tag-etatsunis","tag-kings","tag-manifestations","tag-massives","tag-president","tag-replique","tag-roi","tag-tant","tag-trump","tag-videos","generate-columns","tablet-grid-50","mobile-grid-100","grid-parent","grid-33"],"yoast_head":"<!-- This site is optimized with the Yoast SEO plugin v24.0 - https:\/\/yoast.com\/wordpress\/plugins\/seo\/ -->\n<title>\u00ab No Kings \u00bb : Manifestations massives contre Donald Trump aux \u00c9tats-Unis \u2013 Le pr\u00e9sident r\u00e9plique avec des vid\u00e9os d\u2019IA en tant que roi | Vie Associative<\/title>\n<meta name=\"robots\" content=\"index, follow, max-snippet:-1, max-image-preview:large, max-video-preview:-1\" \/>\n<link rel=\"canonical\" href=\"https:\/\/vieassociative.be\/actualites\/no-kings-manifestations-massives-contre-donald-trump-aux-etats-unis-le-president-replique-avec-des-videos-dia-en-tant-que-roi\/\" \/>\n<meta property=\"og:locale\" content=\"fr_FR\" \/>\n<meta property=\"og:type\" content=\"article\" \/>\n<meta property=\"og:title\" content=\"\u00ab No Kings \u00bb : Manifestations massives contre Donald Trump aux \u00c9tats-Unis \u2013 Le pr\u00e9sident r\u00e9plique avec des vid\u00e9os d\u2019IA en tant que roi | Vie Associative\" \/>\n<meta property=\"og:description\" content=\"Le style politique autocratique du pr\u00e9sident Donald Trump rencontre des r\u00e9sistances aux \u00c9tats-Unis. Des millions de personnes descendent dans la rue sous le slogan \u00ab\" \/>\n<meta property=\"og:url\" content=\"https:\/\/vieassociative.be\/actualites\/no-kings-manifestations-massives-contre-donald-trump-aux-etats-unis-le-president-replique-avec-des-videos-dia-en-tant-que-roi\/\" \/>\n<meta property=\"og:site_name\" content=\"Vie Associative\" \/>\n<meta property=\"article:published_time\" content=\"2025-10-19T14:20:12+00:00\" \/>\n<meta property=\"og:image\" content=\"https:\/\/vieassociative.be\/actualites\/wp-content\/uploads\/2024\/09\/header_backgroundk-01-e1726694325946.png\" \/>\n\t<meta property=\"og:image:width\" content=\"279\" \/>\n\t<meta property=\"og:image:height\" content=\"92\" \/>\n\t<meta property=\"og:image:type\" content=\"image\/png\" \/>\n<meta name=\"author\" content=\"Julien\" \/>\n<meta name=\"twitter:card\" content=\"summary_large_image\" \/>\n<meta name=\"twitter:label1\" content=\"\u00c9crit par\" \/>\n\t<meta name=\"twitter:data1\" content=\"Julien\" \/>\n\t<meta name=\"twitter:label2\" content=\"Dur\u00e9e de lecture est.\" \/>\n\t<meta name=\"twitter:data2\" content=\"3 minutes\" \/>\n<script type=\"application\/ld+json\" class=\"yoast-schema-graph\">{\"@context\":\"https:\/\/schema.org\",\"@graph\":[{\"@type\":\"Article\",\"@id\":\"https:\/\/vieassociative.be\/actualites\/no-kings-manifestations-massives-contre-donald-trump-aux-etats-unis-le-president-replique-avec-des-videos-dia-en-tant-que-roi\/#article\",\"isPartOf\":{\"@id\":\"https:\/\/vieassociative.be\/actualites\/no-kings-manifestations-massives-contre-donald-trump-aux-etats-unis-le-president-replique-avec-des-videos-dia-en-tant-que-roi\/\"},\"author\":{\"name\":\"Julien\",\"@id\":\"https:\/\/vieassociative.be\/actualites\/#\/schema\/person\/b87ac4f82f9d4e7b7cec7395b679edc4\"},\"headline\":\"\u00ab No Kings \u00bb : Manifestations massives contre Donald Trump aux \u00c9tats-Unis \u2013 Le pr\u00e9sident r\u00e9plique avec des vid\u00e9os d\u2019IA en tant que roi\",\"datePublished\":\"2025-10-19T14:20:12+00:00\",\"dateModified\":\"2025-10-19T14:20:12+00:00\",\"mainEntityOfPage\":{\"@id\":\"https:\/\/vieassociative.be\/actualites\/no-kings-manifestations-massives-contre-donald-trump-aux-etats-unis-le-president-replique-avec-des-videos-dia-en-tant-que-roi\/\"},\"wordCount\":615,\"publisher\":{\"@id\":\"https:\/\/vieassociative.be\/actualites\/#organization\"},\"image\":{\"@id\":\"https:\/\/vieassociative.be\/actualites\/no-kings-manifestations-massives-contre-donald-trump-aux-etats-unis-le-president-replique-avec-des-videos-dia-en-tant-que-roi\/#primaryimage\"},\"thumbnailUrl\":\"https:\/\/vieassociative.be\/actualites\/wp-content\/uploads\/2025\/10\/1760883613_No-Kings-Manifestations-massives-contre-Donald-Trump.jpg\",\"keywords\":[\"aux\",\"avec\",\"contre\",\"Des\",\"dIA\",\"Donald\",\"\u00c9tatsUnis\",\"Kings\",\"Manifestations\",\"massives\",\"pr\u00e9sident\",\"r\u00e9plique\",\"roi\",\"tant\",\"Trump\",\"vid\u00e9os\"],\"articleSection\":[\"Belgique\"],\"inLanguage\":\"fr-BE\"},{\"@type\":\"WebPage\",\"@id\":\"https:\/\/vieassociative.be\/actualites\/no-kings-manifestations-massives-contre-donald-trump-aux-etats-unis-le-president-replique-avec-des-videos-dia-en-tant-que-roi\/\",\"url\":\"https:\/\/vieassociative.be\/actualites\/no-kings-manifestations-massives-contre-donald-trump-aux-etats-unis-le-president-replique-avec-des-videos-dia-en-tant-que-roi\/\",\"name\":\"\u00ab No Kings \u00bb : Manifestations massives contre Donald Trump aux \u00c9tats-Unis \u2013 Le pr\u00e9sident r\u00e9plique avec des vid\u00e9os d\u2019IA en tant que roi | Vie Associative\",\"isPartOf\":{\"@id\":\"https:\/\/vieassociative.be\/actualites\/#website\"},\"primaryImageOfPage\":{\"@id\":\"https:\/\/vieassociative.be\/actualites\/no-kings-manifestations-massives-contre-donald-trump-aux-etats-unis-le-president-replique-avec-des-videos-dia-en-tant-que-roi\/#primaryimage\"},\"image\":{\"@id\":\"https:\/\/vieassociative.be\/actualites\/no-kings-manifestations-massives-contre-donald-trump-aux-etats-unis-le-president-replique-avec-des-videos-dia-en-tant-que-roi\/#primaryimage\"},\"thumbnailUrl\":\"https:\/\/vieassociative.be\/actualites\/wp-content\/uploads\/2025\/10\/1760883613_No-Kings-Manifestations-massives-contre-Donald-Trump.jpg\",\"datePublished\":\"2025-10-19T14:20:12+00:00\",\"dateModified\":\"2025-10-19T14:20:12+00:00\",\"breadcrumb\":{\"@id\":\"https:\/\/vieassociative.be\/actualites\/no-kings-manifestations-massives-contre-donald-trump-aux-etats-unis-le-president-replique-avec-des-videos-dia-en-tant-que-roi\/#breadcrumb\"},\"inLanguage\":\"fr-BE\",\"potentialAction\":[{\"@type\":\"ReadAction\",\"target\":[\"https:\/\/vieassociative.be\/actualites\/no-kings-manifestations-massives-contre-donald-trump-aux-etats-unis-le-president-replique-avec-des-videos-dia-en-tant-que-roi\/\"]}]},{\"@type\":\"ImageObject\",\"inLanguage\":\"fr-BE\",\"@id\":\"https:\/\/vieassociative.be\/actualites\/no-kings-manifestations-massives-contre-donald-trump-aux-etats-unis-le-president-replique-avec-des-videos-dia-en-tant-que-roi\/#primaryimage\",\"url\":\"https:\/\/vieassociative.be\/actualites\/wp-content\/uploads\/2025\/10\/1760883613_No-Kings-Manifestations-massives-contre-Donald-Trump.jpg\",\"contentUrl\":\"https:\/\/vieassociative.be\/actualites\/wp-content\/uploads\/2025\/10\/1760883613_No-Kings-Manifestations-massives-contre-Donald-Trump.jpg\",\"width\":1200,\"height\":780,\"caption\":\"\u00ab No Kings \u00bb : Manifestations massives contre Donald Trump aux \u00c9tats-Unis \u2013 Le pr\u00e9sident r\u00e9plique avec des vid\u00e9os d\u2019IA en tant que roi\"},{\"@type\":\"BreadcrumbList\",\"@id\":\"https:\/\/vieassociative.be\/actualites\/no-kings-manifestations-massives-contre-donald-trump-aux-etats-unis-le-president-replique-avec-des-videos-dia-en-tant-que-roi\/#breadcrumb\",\"itemListElement\":[{\"@type\":\"ListItem\",\"position\":1,\"name\":\"Accueil\",\"item\":\"https:\/\/vieassociative.be\/actualites\/\"},{\"@type\":\"ListItem\",\"position\":2,\"name\":\"\u00ab No Kings \u00bb : Manifestations massives contre Donald Trump aux \u00c9tats-Unis \u2013 Le pr\u00e9sident r\u00e9plique avec des vid\u00e9os d\u2019IA en tant que roi\"}]},{\"@type\":\"WebSite\",\"@id\":\"https:\/\/vieassociative.be\/actualites\/#website\",\"url\":\"https:\/\/vieassociative.be\/actualites\/\",\"name\":\"Vie Associative\",\"description\":\"\",\"publisher\":{\"@id\":\"https:\/\/vieassociative.be\/actualites\/#organization\"},\"potentialAction\":[{\"@type\":\"SearchAction\",\"target\":{\"@type\":\"EntryPoint\",\"urlTemplate\":\"https:\/\/vieassociative.be\/actualites\/?s={search_term_string}\"},\"query-input\":{\"@type\":\"PropertyValueSpecification\",\"valueRequired\":true,\"valueName\":\"search_term_string\"}}],\"inLanguage\":\"fr-BE\"},{\"@type\":\"Organization\",\"@id\":\"https:\/\/vieassociative.be\/actualites\/#organization\",\"name\":\"Vie Associative\",\"url\":\"https:\/\/vieassociative.be\/actualites\/\",\"logo\":{\"@type\":\"ImageObject\",\"inLanguage\":\"fr-BE\",\"@id\":\"https:\/\/vieassociative.be\/actualites\/#\/schema\/logo\/image\/\",\"url\":\"https:\/\/vieassociative.be\/actualites\/wp-content\/uploads\/2024\/09\/cropped-vieassociative_favicon.ico.png\",\"contentUrl\":\"https:\/\/vieassociative.be\/actualites\/wp-content\/uploads\/2024\/09\/cropped-vieassociative_favicon.ico.png\",\"width\":512,\"height\":512,\"caption\":\"Vie Associative\"},\"image\":{\"@id\":\"https:\/\/vieassociative.be\/actualites\/#\/schema\/logo\/image\/\"}},{\"@type\":\"Person\",\"@id\":\"https:\/\/vieassociative.be\/actualites\/#\/schema\/person\/b87ac4f82f9d4e7b7cec7395b679edc4\",\"name\":\"Julien\",\"image\":{\"@type\":\"ImageObject\",\"inLanguage\":\"fr-BE\",\"@id\":\"https:\/\/vieassociative.be\/actualites\/#\/schema\/person\/image\/\",\"url\":\"https:\/\/vieassociative.be\/actualites\/wp-content\/uploads\/2024\/09\/vie-associative-1-150x150.jpg\",\"contentUrl\":\"https:\/\/vieassociative.be\/actualites\/wp-content\/uploads\/2024\/09\/vie-associative-1-150x150.jpg\",\"caption\":\"Julien\"},\"description\":\"Je suis Julien, r\u00e9dacteur pour Vie Associative. Passionn\u00e9 par le monde associatif depuis plus de 10 ans, j'ai \u00e0 c\u0153ur de partager des histoires inspirantes et de mettre en lumi\u00e8re les initiatives locales. Mon objectif est de sensibiliser et d'encourager l'engagement communautaire \u00e0 travers mes articles.\",\"sameAs\":[\"https:\/\/vieassociative.be\/\"]}]}<\/script>\n<!-- \/ Yoast SEO plugin. -->","yoast_head_json":{"title":"\u00ab No Kings \u00bb : Manifestations massives contre Donald Trump aux \u00c9tats-Unis \u2013 Le pr\u00e9sident r\u00e9plique avec des vid\u00e9os d\u2019IA en tant que roi | Vie Associative","robots":{"index":"index","follow":"follow","max-snippet":"max-snippet:-1","max-image-preview":"max-image-preview:large","max-video-preview":"max-video-preview:-1"},"canonical":"https:\/\/vieassociative.be\/actualites\/no-kings-manifestations-massives-contre-donald-trump-aux-etats-unis-le-president-replique-avec-des-videos-dia-en-tant-que-roi\/","og_locale":"fr_FR","og_type":"article","og_title":"\u00ab No Kings \u00bb : Manifestations massives contre Donald Trump aux \u00c9tats-Unis \u2013 Le pr\u00e9sident r\u00e9plique avec des vid\u00e9os d\u2019IA en tant que roi | Vie Associative","og_description":"Le style politique autocratique du pr\u00e9sident Donald Trump rencontre des r\u00e9sistances aux \u00c9tats-Unis. Des millions de personnes descendent dans la rue sous le slogan \u00ab","og_url":"https:\/\/vieassociative.be\/actualites\/no-kings-manifestations-massives-contre-donald-trump-aux-etats-unis-le-president-replique-avec-des-videos-dia-en-tant-que-roi\/","og_site_name":"Vie Associative","article_published_time":"2025-10-19T14:20:12+00:00","og_image":[{"width":279,"height":92,"url":"https:\/\/vieassociative.be\/actualites\/wp-content\/uploads\/2024\/09\/header_backgroundk-01-e1726694325946.png","type":"image\/png"}],"author":"Julien","twitter_card":"summary_large_image","twitter_misc":{"\u00c9crit par":"Julien","Dur\u00e9e de lecture est.":"3 minutes"},"schema":{"@context":"https:\/\/schema.org","@graph":[{"@type":"Article","@id":"https:\/\/vieassociative.be\/actualites\/no-kings-manifestations-massives-contre-donald-trump-aux-etats-unis-le-president-replique-avec-des-videos-dia-en-tant-que-roi\/#article","isPartOf":{"@id":"https:\/\/vieassociative.be\/actualites\/no-kings-manifestations-massives-contre-donald-trump-aux-etats-unis-le-president-replique-avec-des-videos-dia-en-tant-que-roi\/"},"author":{"name":"Julien","@id":"https:\/\/vieassociative.be\/actualites\/#\/schema\/person\/b87ac4f82f9d4e7b7cec7395b679edc4"},"headline":"\u00ab No Kings \u00bb : Manifestations massives contre Donald Trump aux \u00c9tats-Unis \u2013 Le pr\u00e9sident r\u00e9plique avec des vid\u00e9os d\u2019IA en tant que roi","datePublished":"2025-10-19T14:20:12+00:00","dateModified":"2025-10-19T14:20:12+00:00","mainEntityOfPage":{"@id":"https:\/\/vieassociative.be\/actualites\/no-kings-manifestations-massives-contre-donald-trump-aux-etats-unis-le-president-replique-avec-des-videos-dia-en-tant-que-roi\/"},"wordCount":615,"publisher":{"@id":"https:\/\/vieassociative.be\/actualites\/#organization"},"image":{"@id":"https:\/\/vieassociative.be\/actualites\/no-kings-manifestations-massives-contre-donald-trump-aux-etats-unis-le-president-replique-avec-des-videos-dia-en-tant-que-roi\/#primaryimage"},"thumbnailUrl":"https:\/\/vieassociative.be\/actualites\/wp-content\/uploads\/2025\/10\/1760883613_No-Kings-Manifestations-massives-contre-Donald-Trump.jpg","keywords":["aux","avec","contre","Des","dIA","Donald","\u00c9tatsUnis","Kings","Manifestations","massives","pr\u00e9sident","r\u00e9plique","roi","tant","Trump","vid\u00e9os"],"articleSection":["Belgique"],"inLanguage":"fr-BE"},{"@type":"WebPage","@id":"https:\/\/vieassociative.be\/actualites\/no-kings-manifestations-massives-contre-donald-trump-aux-etats-unis-le-president-replique-avec-des-videos-dia-en-tant-que-roi\/","url":"https:\/\/vieassociative.be\/actualites\/no-kings-manifestations-massives-contre-donald-trump-aux-etats-unis-le-president-replique-avec-des-videos-dia-en-tant-que-roi\/","name":"\u00ab No Kings \u00bb : Manifestations massives contre Donald Trump aux \u00c9tats-Unis \u2013 Le pr\u00e9sident r\u00e9plique avec des vid\u00e9os d\u2019IA en tant que roi | Vie Associative","isPartOf":{"@id":"https:\/\/vieassociative.be\/actualites\/#website"},"primaryImageOfPage":{"@id":"https:\/\/vieassociative.be\/actualites\/no-kings-manifestations-massives-contre-donald-trump-aux-etats-unis-le-president-replique-avec-des-videos-dia-en-tant-que-roi\/#primaryimage"},"image":{"@id":"https:\/\/vieassociative.be\/actualites\/no-kings-manifestations-massives-contre-donald-trump-aux-etats-unis-le-president-replique-avec-des-videos-dia-en-tant-que-roi\/#primaryimage"},"thumbnailUrl":"https:\/\/vieassociative.be\/actualites\/wp-content\/uploads\/2025\/10\/1760883613_No-Kings-Manifestations-massives-contre-Donald-Trump.jpg","datePublished":"2025-10-19T14:20:12+00:00","dateModified":"2025-10-19T14:20:12+00:00","breadcrumb":{"@id":"https:\/\/vieassociative.be\/actualites\/no-kings-manifestations-massives-contre-donald-trump-aux-etats-unis-le-president-replique-avec-des-videos-dia-en-tant-que-roi\/#breadcrumb"},"inLanguage":"fr-BE","potentialAction":[{"@type":"ReadAction","target":["https:\/\/vieassociative.be\/actualites\/no-kings-manifestations-massives-contre-donald-trump-aux-etats-unis-le-president-replique-avec-des-videos-dia-en-tant-que-roi\/"]}]},{"@type":"ImageObject","inLanguage":"fr-BE","@id":"https:\/\/vieassociative.be\/actualites\/no-kings-manifestations-massives-contre-donald-trump-aux-etats-unis-le-president-replique-avec-des-videos-dia-en-tant-que-roi\/#primaryimage","url":"https:\/\/vieassociative.be\/actualites\/wp-content\/uploads\/2025\/10\/1760883613_No-Kings-Manifestations-massives-contre-Donald-Trump.jpg","contentUrl":"https:\/\/vieassociative.be\/actualites\/wp-content\/uploads\/2025\/10\/1760883613_No-Kings-Manifestations-massives-contre-Donald-Trump.jpg","width":1200,"height":780,"caption":"\u00ab No Kings \u00bb : Manifestations massives contre Donald Trump aux \u00c9tats-Unis \u2013 Le pr\u00e9sident r\u00e9plique avec des vid\u00e9os d\u2019IA en tant que roi"},{"@type":"BreadcrumbList","@id":"https:\/\/vieassociative.be\/actualites\/no-kings-manifestations-massives-contre-donald-trump-aux-etats-unis-le-president-replique-avec-des-videos-dia-en-tant-que-roi\/#breadcrumb","itemListElement":[{"@type":"ListItem","position":1,"name":"Accueil","item":"https:\/\/vieassociative.be\/actualites\/"},{"@type":"ListItem","position":2,"name":"\u00ab No Kings \u00bb : Manifestations massives contre Donald Trump aux \u00c9tats-Unis \u2013 Le pr\u00e9sident r\u00e9plique avec des vid\u00e9os d\u2019IA en tant que roi"}]},{"@type":"WebSite","@id":"https:\/\/vieassociative.be\/actualites\/#website","url":"https:\/\/vieassociative.be\/actualites\/","name":"Vie Associative","description":"","publisher":{"@id":"https:\/\/vieassociative.be\/actualites\/#organization"},"potentialAction":[{"@type":"SearchAction","target":{"@type":"EntryPoint","urlTemplate":"https:\/\/vieassociative.be\/actualites\/?s={search_term_string}"},"query-input":{"@type":"PropertyValueSpecification","valueRequired":true,"valueName":"search_term_string"}}],"inLanguage":"fr-BE"},{"@type":"Organization","@id":"https:\/\/vieassociative.be\/actualites\/#organization","name":"Vie Associative","url":"https:\/\/vieassociative.be\/actualites\/","logo":{"@type":"ImageObject","inLanguage":"fr-BE","@id":"https:\/\/vieassociative.be\/actualites\/#\/schema\/logo\/image\/","url":"https:\/\/vieassociative.be\/actualites\/wp-content\/uploads\/2024\/09\/cropped-vieassociative_favicon.ico.png","contentUrl":"https:\/\/vieassociative.be\/actualites\/wp-content\/uploads\/2024\/09\/cropped-vieassociative_favicon.ico.png","width":512,"height":512,"caption":"Vie Associative"},"image":{"@id":"https:\/\/vieassociative.be\/actualites\/#\/schema\/logo\/image\/"}},{"@type":"Person","@id":"https:\/\/vieassociative.be\/actualites\/#\/schema\/person\/b87ac4f82f9d4e7b7cec7395b679edc4","name":"Julien","image":{"@type":"ImageObject","inLanguage":"fr-BE","@id":"https:\/\/vieassociative.be\/actualites\/#\/schema\/person\/image\/","url":"https:\/\/vieassociative.be\/actualites\/wp-content\/uploads\/2024\/09\/vie-associative-1-150x150.jpg","contentUrl":"https:\/\/vieassociative.be\/actualites\/wp-content\/uploads\/2024\/09\/vie-associative-1-150x150.jpg","caption":"Julien"},"description":"Je suis Julien, r\u00e9dacteur pour Vie Associative. Passionn\u00e9 par le monde associatif depuis plus de 10 ans, j'ai \u00e0 c\u0153ur de partager des histoires inspirantes et de mettre en lumi\u00e8re les initiatives locales. Mon objectif est de sensibiliser et d'encourager l'engagement communautaire \u00e0 travers mes articles.","sameAs":["https:\/\/vieassociative.be\/"]}]}},"_links":{"self":[{"href":"https:\/\/vieassociative.be\/actualites\/wp-json\/wp\/v2\/posts\/10765"}],"collection":[{"href":"https:\/\/vieassociative.be\/actualites\/wp-json\/wp\/v2\/posts"}],"about":[{"href":"https:\/\/vieassociative.be\/actualites\/wp-json\/wp\/v2\/types\/post"}],"author":[{"embeddable":true,"href":"https:\/\/vieassociative.be\/actualites\/wp-json\/wp\/v2\/users\/1"}],"replies":[{"embeddable":true,"href":"https:\/\/vieassociative.be\/actualites\/wp-json\/wp\/v2\/comments?post=10765"}],"version-history":[{"count":0,"href":"https:\/\/vieassociative.be\/actualites\/wp-json\/wp\/v2\/posts\/10765\/revisions"}],"wp:featuredmedia":[{"embeddable":true,"href":"https:\/\/vieassociative.be\/actualites\/wp-json\/wp\/v2\/media\/10766"}],"wp:attachment":[{"href":"https:\/\/vieassociative.be\/actualites\/wp-json\/wp\/v2\/media?parent=10765"}],"wp:term":[{"taxonomy":"category","embeddable":true,"href":"https:\/\/vieassociative.be\/actualites\/wp-json\/wp\/v2\/categories?post=10765"},{"taxonomy":"post_tag","embeddable":true,"href":"https:\/\/vieassociative.be\/actualites\/wp-json\/wp\/v2\/tags?post=10765"}],"curies":[{"name":"wp","href":"https:\/\/api.w.org\/{rel}","templated":true}]}}