{"id":10760,"date":"2025-10-19T10:17:59","date_gmt":"2025-10-19T08:17:59","guid":{"rendered":"https:\/\/vieassociative.be\/actualites\/ce-soir-le-classique-bayern-contre-dortmund-toujours-le-plus-grand-match-du-football-allemand\/"},"modified":"2025-10-19T10:17:59","modified_gmt":"2025-10-19T08:17:59","slug":"ce-soir-le-classique-bayern-contre-dortmund-toujours-le-plus-grand-match-du-football-allemand","status":"publish","type":"post","link":"https:\/\/vieassociative.be\/actualites\/ce-soir-le-classique-bayern-contre-dortmund-toujours-le-plus-grand-match-du-football-allemand\/","title":{"rendered":"Ce soir, le classique Bayern contre Dortmund \u2013 \u00ab\u00a0Toujours le plus grand match du football allemand\u00a0\u00bb"},"content":{"rendered":"<p><strong>Avant la renaissance du Cl\u00e1sico allemand en tant que r\u00e9union au sommet, Vincent Kompany a contr\u00e9 avec d\u00e9sinvolture l&rsquo;annonce du \u00ab Faust \u00bb de Dortmund. \u00ab\u00a0Nous sommes tous les deux invaincus, donc c&rsquo;est \u00e0 deux coups de poing l&rsquo;un contre l&rsquo;autre\u00a0\u00bb, a d\u00e9clar\u00e9 l&rsquo;entra\u00eeneur du FC Bayern Munich avant le grand match \u00e0 propos des propos rapides de l&rsquo;entra\u00eeneur du BVB Niko Kovac.<\/strong><\/p>\n<p><span id=\"more-427508\"><\/span>Pour la premi\u00e8re fois depuis deux ans et demi, Munich, qui a remport\u00e9 les dix matches officiels de la saison, et Dortmund, toujours invaincu, s&rsquo;affronteront \u00e0 nouveau samedi (18h30 \/ en Belgique via Play Sports sur Proximus et VOO) en tant que leaders du championnat et deuxi\u00e8mes de la Bundesliga. Une s\u00e9rie va donc se briser.<\/p>\n<p>\u00ab\u00a0Si vous agissez avec trop de peur \u00e0 Munich, ce sera difficile\u00a0\u00bb, a d\u00e9clar\u00e9 Kovac. L&rsquo;ancien entra\u00eeneur du Bayern, qui a remport\u00e9 trois titres avec Munich en 2018 et 2019 mais a d\u00fb partir pr\u00e9matur\u00e9ment, a choisi une rh\u00e9torique combative avant le \u00ab\u00a0match de haut niveau\u00a0\u00bb: \u00ab\u00a0Nous devons \u00eatre comme un poing. Un poing fait plus mal qu&rsquo;une cloche.\u00a0\u00bb<\/p>\n<div id=\"attachment_413498\" class=\"wp-caption alignleft\" style=\"max-width: 300px\"><img fetchpriority=\"high\" decoding=\"async\" class=\"wp-image-413498 size-medium\" src=\"https:\/\/vieassociative.be\/actualites\/wp-content\/uploads\/2025\/10\/Ce-soir-le-classique-Bayern-contre-Dortmund-\u2013-Toujours-le.jpg\" alt=\"\" width=\"300\" height=\"200\"><\/div>\n<p><strong>\u2013 Enregistrer comme motivation ?<\/strong> Avec une victoire contre le Bayern, qui est en t\u00eate avec quatre points d&rsquo;avance, le Borussia pourrait redonner un nouvel \u00e9lan au championnat. Si Munich gagne, le championnat d\u2019automne serait pratiquement d\u00e9cid\u00e9.<\/p>\n<p>Le recordman national Lothar Matth\u00e4us fait m\u00eame encore mieux : pour lui, un succ\u00e8s au FCB \u00e9quivaut \u00e0 d\u00e9cider de la course au titre. \u00ab\u00a0Si le Bayern gagne, il finira par avoir plus de onze points d&rsquo;avance\u00a0\u00bb, pr\u00e9dit l&rsquo;expert de Sky. De plus, le Bayern pourrait \u00e9galer le record de titulaire de Dortmund avec sa onzi\u00e8me victoire en comp\u00e9tition. \u00ab\u00a0Ce n&rsquo;est pas une motivation pour moi, nous voulons juste gagner ! Ces matchs de haut niveau contre Dortmund sont presque comme leur propre coupe\u00a0\u00bb, a d\u00e9clar\u00e9 Kompany. \u00ab\u00a0Nous jouons \u00e0 domicile et nous sommes vraiment excit\u00e9s par ce match.\u00a0\u00bb<\/p>\n<p><strong>\u2013 \u00ab Le plus grand match du football allemand \u00bb : <\/strong>Cela se remarque \u00e9galement chez Kovac, sous la direction duquel le BVB se comporte \u00e0 nouveau comme un v\u00e9ritable rival du Bayern. Le duel d&rsquo;entra\u00eeneurs est un accroche-regard dans le spectacle de la Bundesliga, mais il attire l&rsquo;attention principalement en raison du spectacle de super attaquants de Harry Kane et Serhou Guirassy ou de l&rsquo;audition du d\u00e9fenseur de Dortmund Nico Schlotterbeck en tant que candidat pr\u00e9sum\u00e9 du Bayern.<\/p>\n<div id=\"attachment_427515\" class=\"wp-caption alignleft\" style=\"max-width: 300px\"><img decoding=\"async\" class=\"wp-image-427515 size-medium\" src=\"https:\/\/vieassociative.be\/actualites\/wp-content\/uploads\/2025\/10\/1760861879_912_Ce-soir-le-classique-Bayern-contre-Dortmund-\u2013-Toujours-le.jpg\" alt=\"\" width=\"300\" height=\"169\"><\/div>\n<p>\u00ab\u00a0Je pense que c&rsquo;est toujours le plus grand match du football allemand. Je pense que les deux clubs ont tout simplement le plus grand attrait\u00a0\u00bb, a d\u00e9clar\u00e9 le directeur sportif de Dortmund, Lars Ricken, sur RTL\/ntv et \u00ab\u00a0sport.de\u00a0\u00bb. \u00ab\u00a0Cela fait sept mois que nous sommes invaincus en Bundesliga. Alors bien s\u00fbr, nous nous attendons \u00e0 quelque chose.\u00a0\u00bb<\/p>\n<p>Ricken a soulign\u00e9 que Schlotterbeck, qui est li\u00e9 au club jusqu\u2019en juin 2027, \u00ab n\u2019a pas besoin de se pr\u00e9cipiter \u00bb. Le directeur sportif munichois Max Eberl s&rsquo;est prononc\u00e9 sur ce personnel la veille du grand match et a pr\u00e9f\u00e9r\u00e9 \u00e9voquer la prolongation de contrat souhait\u00e9e avec Dayot Upamecano. Son document de travail ne date que de l&rsquo;\u00e9t\u00e9. \u00ab\u00a0C&rsquo;est le gros probl\u00e8me pour nous : l&rsquo;extension de l&rsquo;Upa\u00a0\u00bb, a d\u00e9clar\u00e9 l&rsquo;homme de 52 ans.<\/p>\n<p>Apr\u00e8s que l&rsquo;\u00e9quipe munichoise ait battu avec confiance les champions du monde du FC Chelsea (3:1) et ses rivaux du championnat tels que le RB Leipzig (6:0) et l&rsquo;Eintracht Francfort (3:0), le prochain signal devrait suivre contre le BVB. Ou Dortmund l\u2019emportera-t-il ?<\/p>\n<p>L\u2019entra\u00eeneur national Julian Nagelsmann est impatient de voir ce que font ses blocages les plus importants en \u00e9quipe nationale. Dortmund est actuellement en bonne forme et joue de mani\u00e8re tr\u00e8s stable tant en championnat qu&rsquo;en Ligue des champions, a d\u00e9clar\u00e9 Nagelsmann. \u00ab\u00a0Le Bayern Munich est extr\u00eamement stable. Ils se portent bien et ont beaucoup de confiance en eux.\u00a0\u00bb<\/p>\n<div id=\"attachment_427514\" class=\"wp-caption alignleft\" style=\"max-width: 300px\"><img decoding=\"async\" class=\"wp-image-427514 size-medium\" src=\"https:\/\/vieassociative.be\/actualites\/wp-content\/uploads\/2025\/10\/1760861879_485_Ce-soir-le-classique-Bayern-contre-Dortmund-\u2013-Toujours-le.jpg\" alt=\"\" width=\"300\" height=\"232\"><\/div>\n<p><strong>\u2013 Kane et le niveau suivant :<\/strong> C&rsquo;est \u00e9norme, surtout avec le buteur de longue date Kane, qui d\u00e9tient la part principale du record de buts de 25:3. Le capitaine de l&rsquo;\u00e9quipe nationale d&rsquo;Angleterre est le premier joueur de l&rsquo;histoire de la Bundesliga \u00e0 marquer onze buts apr\u00e8s six journ\u00e9es. Kane \u00ab a d\u00e9bloqu\u00e9 son prochain niveau lui-m\u00eame \u00bb, a d\u00e9clar\u00e9 Kompany. Le v\u00e9t\u00e9ran a toujours gard\u00e9 sa \u00ab faim \u00bb.<\/p>\n<p>D&rsquo;ailleurs, le record apr\u00e8s sept journ\u00e9es de match de 13 buts est d\u00e9tenu par l&rsquo;adversaire de Kane \u00e0 Dortmund, Serhou Guirassy, \u200b\u200bde la saison 2023\/24. \u00ab\u00a0Les similitudes ? Nous aimons juste marquer des buts\u00a0\u00bb, a d\u00e9clar\u00e9 le joueur de 29 ans, que Kovac qualifiait \u00e0 plusieurs reprises d'\u00a0\u00bbassurance-vie\u00a0\u00bb.<\/p>\n<p>Lors des trois derniers duels de Bundesliga, le BVB est rest\u00e9 invaincu avec une victoire et deux nuls contre les favoris du sud. \u00ab\u00a0Nous devons gagner \u00e0 nouveau\u00a0\u00bb, a exig\u00e9 l&rsquo;international en forme du Bayern Serge Gnabry.<\/p>\n<p>Il y aura certainement des recruteurs belges dans les tribunes de l&rsquo;Allianz Arena de Munich aujourd&rsquo;hui &#8211; non pas \u00e0 cause de Vincent Kompany, mais parce que les champions allemands du record accueilleront le FC Bruges en Ligue des Champions dans le m\u00eame stade mercredi prochain. Le 21 janvier 2026, l&rsquo;Union Saint-Gilloise, championne de Belgique, sera \u00e9galement invit\u00e9e \u00e0 Munich. (dpa\/cr\u00e9)<\/p>\n<p><em><strong>Sur le sujet, voir aussi l&rsquo;article suivant sur l&rsquo;OD :<\/strong><\/em><\/p>\n<div class=\"responsive-embed widescreen\">\n<blockquote class=\"wp-embedded-content\" data-secret=\"CdfdqhHKVX\">\n<p>Vincent Kompany combl\u00e9 d&rsquo;\u00e9loges en Bavi\u00e8re &#8211; Belge avec sa famille \u00e0 l&rsquo;Oktoberfest de Munich<\/p>\n<\/blockquote>\n<p><iframe loading=\"lazy\" class=\"wp-embedded-content\" sandbox=\"allow-scripts\" security=\"restricted\" style=\"position: absolute; visibility: hidden;\" title=\"\u201eVincent Kompany in Bayern mit Lob \u00fcbersch\u00fcttet \u2013 Belgier mit seiner Familie auf dem M\u00fcnchner Oktoberfest\u201c \u2014 Ostbelgien Direkt\" src=\"https:\/\/ostbelgiendirekt.be\/about:blank\" data-secret=\"CdfdqhHKVX\" width=\"500\" height=\"282\" frameborder=\"0\" marginwidth=\"0\" marginheight=\"0\" scrolling=\"no\" data-rocket-lazyload=\"fitvidscompatible\" data-lazy-src=\"https:\/\/ostbelgiendirekt.be\/kompany-mit-lob-ueberschuettet-426352\/embed#?secret=gTJoLuuGHN#?secret=CdfdqhHKVX\"><\/iframe><noscript><iframe class=\"wp-embedded-content\" sandbox=\"allow-scripts\" security=\"restricted\" style=\"position: absolute; visibility: hidden;\" title=\"\u201eVincent Kompany in Bayern mit Lob \u00fcbersch\u00fcttet \u2013 Belgier mit seiner Familie auf dem M\u00fcnchner Oktoberfest\u201c \u2014 Ostbelgien Direkt\" src=\"https:\/\/ostbelgiendirekt.be\/kompany-mit-lob-ueberschuettet-426352\/embed#?secret=gTJoLuuGHN#?secret=CdfdqhHKVX\" data-secret=\"CdfdqhHKVX\" width=\"500\" height=\"282\" frameborder=\"0\" marginwidth=\"0\" marginheight=\"0\" scrolling=\"no\"><\/iframe><\/noscript><\/p>\n<\/div>\n","protected":false},"excerpt":{"rendered":"<p>Avant la renaissance du Cl\u00e1sico allemand en tant que r\u00e9union au sommet, Vincent Kompany a contr\u00e9 avec d\u00e9sinvolture l&rsquo;annonce du \u00ab Faust \u00bb de Dortmund.<\/p>\n","protected":false},"author":1,"featured_media":10761,"comment_status":"","ping_status":"","sticky":false,"template":"","format":"standard","meta":{"footnotes":""},"categories":[298],"tags":[2732,2298,3642,796,2475,1104,1119,2685,1795,572],"class_list":["post-10760","post","type-post","status-publish","format-standard","has-post-thumbnail","hentry","category-belgique","tag-allemand","tag-bayern","tag-classique","tag-contre","tag-dortmund","tag-football","tag-grand","tag-match","tag-soir","tag-toujours","generate-columns","tablet-grid-50","mobile-grid-100","grid-parent","grid-33"],"yoast_head":"<!-- This site is optimized with the Yoast SEO plugin v24.0 - https:\/\/yoast.com\/wordpress\/plugins\/seo\/ -->\n<title>Ce soir, le classique Bayern contre Dortmund \u2013 \u00ab\u00a0Toujours le plus grand match du football allemand\u00a0\u00bb | Vie Associative<\/title>\n<meta name=\"robots\" content=\"index, follow, max-snippet:-1, max-image-preview:large, max-video-preview:-1\" \/>\n<link rel=\"canonical\" href=\"https:\/\/vieassociative.be\/actualites\/ce-soir-le-classique-bayern-contre-dortmund-toujours-le-plus-grand-match-du-football-allemand\/\" \/>\n<meta property=\"og:locale\" content=\"fr_FR\" \/>\n<meta property=\"og:type\" content=\"article\" \/>\n<meta property=\"og:title\" content=\"Ce soir, le classique Bayern contre Dortmund \u2013 \u00ab\u00a0Toujours le plus grand match du football allemand\u00a0\u00bb | Vie Associative\" \/>\n<meta property=\"og:description\" content=\"Avant la renaissance du Cl\u00e1sico allemand en tant que r\u00e9union au sommet, Vincent Kompany a contr\u00e9 avec d\u00e9sinvolture l&rsquo;annonce du \u00ab Faust \u00bb de Dortmund.\" \/>\n<meta property=\"og:url\" content=\"https:\/\/vieassociative.be\/actualites\/ce-soir-le-classique-bayern-contre-dortmund-toujours-le-plus-grand-match-du-football-allemand\/\" \/>\n<meta property=\"og:site_name\" content=\"Vie Associative\" \/>\n<meta property=\"article:published_time\" content=\"2025-10-19T08:17:59+00:00\" \/>\n<meta property=\"og:image\" content=\"https:\/\/vieassociative.be\/actualites\/wp-content\/uploads\/2024\/09\/header_backgroundk-01-e1726694325946.png\" \/>\n\t<meta property=\"og:image:width\" content=\"279\" \/>\n\t<meta property=\"og:image:height\" content=\"92\" \/>\n\t<meta property=\"og:image:type\" content=\"image\/png\" \/>\n<meta name=\"author\" content=\"Julien\" \/>\n<meta name=\"twitter:card\" content=\"summary_large_image\" \/>\n<meta name=\"twitter:label1\" content=\"\u00c9crit par\" \/>\n\t<meta name=\"twitter:data1\" content=\"Julien\" \/>\n\t<meta name=\"twitter:label2\" content=\"Dur\u00e9e de lecture est.\" \/>\n\t<meta name=\"twitter:data2\" content=\"4 minutes\" \/>\n<script type=\"application\/ld+json\" class=\"yoast-schema-graph\">{\"@context\":\"https:\/\/schema.org\",\"@graph\":[{\"@type\":\"Article\",\"@id\":\"https:\/\/vieassociative.be\/actualites\/ce-soir-le-classique-bayern-contre-dortmund-toujours-le-plus-grand-match-du-football-allemand\/#article\",\"isPartOf\":{\"@id\":\"https:\/\/vieassociative.be\/actualites\/ce-soir-le-classique-bayern-contre-dortmund-toujours-le-plus-grand-match-du-football-allemand\/\"},\"author\":{\"name\":\"Julien\",\"@id\":\"https:\/\/vieassociative.be\/actualites\/#\/schema\/person\/b87ac4f82f9d4e7b7cec7395b679edc4\"},\"headline\":\"Ce soir, le classique Bayern contre Dortmund \u2013 \u00ab\u00a0Toujours le plus grand match du football allemand\u00a0\u00bb\",\"datePublished\":\"2025-10-19T08:17:59+00:00\",\"dateModified\":\"2025-10-19T08:17:59+00:00\",\"mainEntityOfPage\":{\"@id\":\"https:\/\/vieassociative.be\/actualites\/ce-soir-le-classique-bayern-contre-dortmund-toujours-le-plus-grand-match-du-football-allemand\/\"},\"wordCount\":938,\"publisher\":{\"@id\":\"https:\/\/vieassociative.be\/actualites\/#organization\"},\"image\":{\"@id\":\"https:\/\/vieassociative.be\/actualites\/ce-soir-le-classique-bayern-contre-dortmund-toujours-le-plus-grand-match-du-football-allemand\/#primaryimage\"},\"thumbnailUrl\":\"https:\/\/vieassociative.be\/actualites\/wp-content\/uploads\/2025\/10\/Ce-soir-le-classique-Bayern-contre-Dortmund-\u2013-Toujours-le.jpeg\",\"keywords\":[\"allemand\",\"Bayern\",\"classique\",\"contre\",\"Dortmund\",\"football\",\"grand\",\"match\",\"soir\",\"toujours\"],\"articleSection\":[\"Belgique\"],\"inLanguage\":\"fr-BE\"},{\"@type\":\"WebPage\",\"@id\":\"https:\/\/vieassociative.be\/actualites\/ce-soir-le-classique-bayern-contre-dortmund-toujours-le-plus-grand-match-du-football-allemand\/\",\"url\":\"https:\/\/vieassociative.be\/actualites\/ce-soir-le-classique-bayern-contre-dortmund-toujours-le-plus-grand-match-du-football-allemand\/\",\"name\":\"Ce soir, le classique Bayern contre Dortmund \u2013 \u00ab\u00a0Toujours le plus grand match du football allemand\u00a0\u00bb | Vie Associative\",\"isPartOf\":{\"@id\":\"https:\/\/vieassociative.be\/actualites\/#website\"},\"primaryImageOfPage\":{\"@id\":\"https:\/\/vieassociative.be\/actualites\/ce-soir-le-classique-bayern-contre-dortmund-toujours-le-plus-grand-match-du-football-allemand\/#primaryimage\"},\"image\":{\"@id\":\"https:\/\/vieassociative.be\/actualites\/ce-soir-le-classique-bayern-contre-dortmund-toujours-le-plus-grand-match-du-football-allemand\/#primaryimage\"},\"thumbnailUrl\":\"https:\/\/vieassociative.be\/actualites\/wp-content\/uploads\/2025\/10\/Ce-soir-le-classique-Bayern-contre-Dortmund-\u2013-Toujours-le.jpeg\",\"datePublished\":\"2025-10-19T08:17:59+00:00\",\"dateModified\":\"2025-10-19T08:17:59+00:00\",\"breadcrumb\":{\"@id\":\"https:\/\/vieassociative.be\/actualites\/ce-soir-le-classique-bayern-contre-dortmund-toujours-le-plus-grand-match-du-football-allemand\/#breadcrumb\"},\"inLanguage\":\"fr-BE\",\"potentialAction\":[{\"@type\":\"ReadAction\",\"target\":[\"https:\/\/vieassociative.be\/actualites\/ce-soir-le-classique-bayern-contre-dortmund-toujours-le-plus-grand-match-du-football-allemand\/\"]}]},{\"@type\":\"ImageObject\",\"inLanguage\":\"fr-BE\",\"@id\":\"https:\/\/vieassociative.be\/actualites\/ce-soir-le-classique-bayern-contre-dortmund-toujours-le-plus-grand-match-du-football-allemand\/#primaryimage\",\"url\":\"https:\/\/vieassociative.be\/actualites\/wp-content\/uploads\/2025\/10\/Ce-soir-le-classique-Bayern-contre-Dortmund-\u2013-Toujours-le.jpeg\",\"contentUrl\":\"https:\/\/vieassociative.be\/actualites\/wp-content\/uploads\/2025\/10\/Ce-soir-le-classique-Bayern-contre-Dortmund-\u2013-Toujours-le.jpeg\",\"width\":1000,\"height\":667,\"caption\":\"Ce soir, le classique Bayern contre Dortmund \u2013 \u00ab\u00a0Toujours le plus grand match du football allemand\u00a0\u00bb\"},{\"@type\":\"BreadcrumbList\",\"@id\":\"https:\/\/vieassociative.be\/actualites\/ce-soir-le-classique-bayern-contre-dortmund-toujours-le-plus-grand-match-du-football-allemand\/#breadcrumb\",\"itemListElement\":[{\"@type\":\"ListItem\",\"position\":1,\"name\":\"Accueil\",\"item\":\"https:\/\/vieassociative.be\/actualites\/\"},{\"@type\":\"ListItem\",\"position\":2,\"name\":\"Ce soir, le classique Bayern contre Dortmund \u2013 \u00ab\u00a0Toujours le plus grand match du football allemand\u00a0\u00bb\"}]},{\"@type\":\"WebSite\",\"@id\":\"https:\/\/vieassociative.be\/actualites\/#website\",\"url\":\"https:\/\/vieassociative.be\/actualites\/\",\"name\":\"Vie Associative\",\"description\":\"\",\"publisher\":{\"@id\":\"https:\/\/vieassociative.be\/actualites\/#organization\"},\"potentialAction\":[{\"@type\":\"SearchAction\",\"target\":{\"@type\":\"EntryPoint\",\"urlTemplate\":\"https:\/\/vieassociative.be\/actualites\/?s={search_term_string}\"},\"query-input\":{\"@type\":\"PropertyValueSpecification\",\"valueRequired\":true,\"valueName\":\"search_term_string\"}}],\"inLanguage\":\"fr-BE\"},{\"@type\":\"Organization\",\"@id\":\"https:\/\/vieassociative.be\/actualites\/#organization\",\"name\":\"Vie Associative\",\"url\":\"https:\/\/vieassociative.be\/actualites\/\",\"logo\":{\"@type\":\"ImageObject\",\"inLanguage\":\"fr-BE\",\"@id\":\"https:\/\/vieassociative.be\/actualites\/#\/schema\/logo\/image\/\",\"url\":\"https:\/\/vieassociative.be\/actualites\/wp-content\/uploads\/2024\/09\/cropped-vieassociative_favicon.ico.png\",\"contentUrl\":\"https:\/\/vieassociative.be\/actualites\/wp-content\/uploads\/2024\/09\/cropped-vieassociative_favicon.ico.png\",\"width\":512,\"height\":512,\"caption\":\"Vie Associative\"},\"image\":{\"@id\":\"https:\/\/vieassociative.be\/actualites\/#\/schema\/logo\/image\/\"}},{\"@type\":\"Person\",\"@id\":\"https:\/\/vieassociative.be\/actualites\/#\/schema\/person\/b87ac4f82f9d4e7b7cec7395b679edc4\",\"name\":\"Julien\",\"image\":{\"@type\":\"ImageObject\",\"inLanguage\":\"fr-BE\",\"@id\":\"https:\/\/vieassociative.be\/actualites\/#\/schema\/person\/image\/\",\"url\":\"https:\/\/vieassociative.be\/actualites\/wp-content\/uploads\/2024\/09\/vie-associative-1-150x150.jpg\",\"contentUrl\":\"https:\/\/vieassociative.be\/actualites\/wp-content\/uploads\/2024\/09\/vie-associative-1-150x150.jpg\",\"caption\":\"Julien\"},\"description\":\"Je suis Julien, r\u00e9dacteur pour Vie Associative. Passionn\u00e9 par le monde associatif depuis plus de 10 ans, j'ai \u00e0 c\u0153ur de partager des histoires inspirantes et de mettre en lumi\u00e8re les initiatives locales. Mon objectif est de sensibiliser et d'encourager l'engagement communautaire \u00e0 travers mes articles.\",\"sameAs\":[\"https:\/\/vieassociative.be\/\"]}]}<\/script>\n<!-- \/ Yoast SEO plugin. -->","yoast_head_json":{"title":"Ce soir, le classique Bayern contre Dortmund \u2013 \u00ab\u00a0Toujours le plus grand match du football allemand\u00a0\u00bb | Vie Associative","robots":{"index":"index","follow":"follow","max-snippet":"max-snippet:-1","max-image-preview":"max-image-preview:large","max-video-preview":"max-video-preview:-1"},"canonical":"https:\/\/vieassociative.be\/actualites\/ce-soir-le-classique-bayern-contre-dortmund-toujours-le-plus-grand-match-du-football-allemand\/","og_locale":"fr_FR","og_type":"article","og_title":"Ce soir, le classique Bayern contre Dortmund \u2013 \u00ab\u00a0Toujours le plus grand match du football allemand\u00a0\u00bb | Vie Associative","og_description":"Avant la renaissance du Cl\u00e1sico allemand en tant que r\u00e9union au sommet, Vincent Kompany a contr\u00e9 avec d\u00e9sinvolture l&rsquo;annonce du \u00ab Faust \u00bb de Dortmund.","og_url":"https:\/\/vieassociative.be\/actualites\/ce-soir-le-classique-bayern-contre-dortmund-toujours-le-plus-grand-match-du-football-allemand\/","og_site_name":"Vie Associative","article_published_time":"2025-10-19T08:17:59+00:00","og_image":[{"width":279,"height":92,"url":"https:\/\/vieassociative.be\/actualites\/wp-content\/uploads\/2024\/09\/header_backgroundk-01-e1726694325946.png","type":"image\/png"}],"author":"Julien","twitter_card":"summary_large_image","twitter_misc":{"\u00c9crit par":"Julien","Dur\u00e9e de lecture est.":"4 minutes"},"schema":{"@context":"https:\/\/schema.org","@graph":[{"@type":"Article","@id":"https:\/\/vieassociative.be\/actualites\/ce-soir-le-classique-bayern-contre-dortmund-toujours-le-plus-grand-match-du-football-allemand\/#article","isPartOf":{"@id":"https:\/\/vieassociative.be\/actualites\/ce-soir-le-classique-bayern-contre-dortmund-toujours-le-plus-grand-match-du-football-allemand\/"},"author":{"name":"Julien","@id":"https:\/\/vieassociative.be\/actualites\/#\/schema\/person\/b87ac4f82f9d4e7b7cec7395b679edc4"},"headline":"Ce soir, le classique Bayern contre Dortmund \u2013 \u00ab\u00a0Toujours le plus grand match du football allemand\u00a0\u00bb","datePublished":"2025-10-19T08:17:59+00:00","dateModified":"2025-10-19T08:17:59+00:00","mainEntityOfPage":{"@id":"https:\/\/vieassociative.be\/actualites\/ce-soir-le-classique-bayern-contre-dortmund-toujours-le-plus-grand-match-du-football-allemand\/"},"wordCount":938,"publisher":{"@id":"https:\/\/vieassociative.be\/actualites\/#organization"},"image":{"@id":"https:\/\/vieassociative.be\/actualites\/ce-soir-le-classique-bayern-contre-dortmund-toujours-le-plus-grand-match-du-football-allemand\/#primaryimage"},"thumbnailUrl":"https:\/\/vieassociative.be\/actualites\/wp-content\/uploads\/2025\/10\/Ce-soir-le-classique-Bayern-contre-Dortmund-\u2013-Toujours-le.jpeg","keywords":["allemand","Bayern","classique","contre","Dortmund","football","grand","match","soir","toujours"],"articleSection":["Belgique"],"inLanguage":"fr-BE"},{"@type":"WebPage","@id":"https:\/\/vieassociative.be\/actualites\/ce-soir-le-classique-bayern-contre-dortmund-toujours-le-plus-grand-match-du-football-allemand\/","url":"https:\/\/vieassociative.be\/actualites\/ce-soir-le-classique-bayern-contre-dortmund-toujours-le-plus-grand-match-du-football-allemand\/","name":"Ce soir, le classique Bayern contre Dortmund \u2013 \u00ab\u00a0Toujours le plus grand match du football allemand\u00a0\u00bb | Vie Associative","isPartOf":{"@id":"https:\/\/vieassociative.be\/actualites\/#website"},"primaryImageOfPage":{"@id":"https:\/\/vieassociative.be\/actualites\/ce-soir-le-classique-bayern-contre-dortmund-toujours-le-plus-grand-match-du-football-allemand\/#primaryimage"},"image":{"@id":"https:\/\/vieassociative.be\/actualites\/ce-soir-le-classique-bayern-contre-dortmund-toujours-le-plus-grand-match-du-football-allemand\/#primaryimage"},"thumbnailUrl":"https:\/\/vieassociative.be\/actualites\/wp-content\/uploads\/2025\/10\/Ce-soir-le-classique-Bayern-contre-Dortmund-\u2013-Toujours-le.jpeg","datePublished":"2025-10-19T08:17:59+00:00","dateModified":"2025-10-19T08:17:59+00:00","breadcrumb":{"@id":"https:\/\/vieassociative.be\/actualites\/ce-soir-le-classique-bayern-contre-dortmund-toujours-le-plus-grand-match-du-football-allemand\/#breadcrumb"},"inLanguage":"fr-BE","potentialAction":[{"@type":"ReadAction","target":["https:\/\/vieassociative.be\/actualites\/ce-soir-le-classique-bayern-contre-dortmund-toujours-le-plus-grand-match-du-football-allemand\/"]}]},{"@type":"ImageObject","inLanguage":"fr-BE","@id":"https:\/\/vieassociative.be\/actualites\/ce-soir-le-classique-bayern-contre-dortmund-toujours-le-plus-grand-match-du-football-allemand\/#primaryimage","url":"https:\/\/vieassociative.be\/actualites\/wp-content\/uploads\/2025\/10\/Ce-soir-le-classique-Bayern-contre-Dortmund-\u2013-Toujours-le.jpeg","contentUrl":"https:\/\/vieassociative.be\/actualites\/wp-content\/uploads\/2025\/10\/Ce-soir-le-classique-Bayern-contre-Dortmund-\u2013-Toujours-le.jpeg","width":1000,"height":667,"caption":"Ce soir, le classique Bayern contre Dortmund \u2013 \u00ab\u00a0Toujours le plus grand match du football allemand\u00a0\u00bb"},{"@type":"BreadcrumbList","@id":"https:\/\/vieassociative.be\/actualites\/ce-soir-le-classique-bayern-contre-dortmund-toujours-le-plus-grand-match-du-football-allemand\/#breadcrumb","itemListElement":[{"@type":"ListItem","position":1,"name":"Accueil","item":"https:\/\/vieassociative.be\/actualites\/"},{"@type":"ListItem","position":2,"name":"Ce soir, le classique Bayern contre Dortmund \u2013 \u00ab\u00a0Toujours le plus grand match du football allemand\u00a0\u00bb"}]},{"@type":"WebSite","@id":"https:\/\/vieassociative.be\/actualites\/#website","url":"https:\/\/vieassociative.be\/actualites\/","name":"Vie Associative","description":"","publisher":{"@id":"https:\/\/vieassociative.be\/actualites\/#organization"},"potentialAction":[{"@type":"SearchAction","target":{"@type":"EntryPoint","urlTemplate":"https:\/\/vieassociative.be\/actualites\/?s={search_term_string}"},"query-input":{"@type":"PropertyValueSpecification","valueRequired":true,"valueName":"search_term_string"}}],"inLanguage":"fr-BE"},{"@type":"Organization","@id":"https:\/\/vieassociative.be\/actualites\/#organization","name":"Vie Associative","url":"https:\/\/vieassociative.be\/actualites\/","logo":{"@type":"ImageObject","inLanguage":"fr-BE","@id":"https:\/\/vieassociative.be\/actualites\/#\/schema\/logo\/image\/","url":"https:\/\/vieassociative.be\/actualites\/wp-content\/uploads\/2024\/09\/cropped-vieassociative_favicon.ico.png","contentUrl":"https:\/\/vieassociative.be\/actualites\/wp-content\/uploads\/2024\/09\/cropped-vieassociative_favicon.ico.png","width":512,"height":512,"caption":"Vie Associative"},"image":{"@id":"https:\/\/vieassociative.be\/actualites\/#\/schema\/logo\/image\/"}},{"@type":"Person","@id":"https:\/\/vieassociative.be\/actualites\/#\/schema\/person\/b87ac4f82f9d4e7b7cec7395b679edc4","name":"Julien","image":{"@type":"ImageObject","inLanguage":"fr-BE","@id":"https:\/\/vieassociative.be\/actualites\/#\/schema\/person\/image\/","url":"https:\/\/vieassociative.be\/actualites\/wp-content\/uploads\/2024\/09\/vie-associative-1-150x150.jpg","contentUrl":"https:\/\/vieassociative.be\/actualites\/wp-content\/uploads\/2024\/09\/vie-associative-1-150x150.jpg","caption":"Julien"},"description":"Je suis Julien, r\u00e9dacteur pour Vie Associative. Passionn\u00e9 par le monde associatif depuis plus de 10 ans, j'ai \u00e0 c\u0153ur de partager des histoires inspirantes et de mettre en lumi\u00e8re les initiatives locales. Mon objectif est de sensibiliser et d'encourager l'engagement communautaire \u00e0 travers mes articles.","sameAs":["https:\/\/vieassociative.be\/"]}]}},"_links":{"self":[{"href":"https:\/\/vieassociative.be\/actualites\/wp-json\/wp\/v2\/posts\/10760"}],"collection":[{"href":"https:\/\/vieassociative.be\/actualites\/wp-json\/wp\/v2\/posts"}],"about":[{"href":"https:\/\/vieassociative.be\/actualites\/wp-json\/wp\/v2\/types\/post"}],"author":[{"embeddable":true,"href":"https:\/\/vieassociative.be\/actualites\/wp-json\/wp\/v2\/users\/1"}],"replies":[{"embeddable":true,"href":"https:\/\/vieassociative.be\/actualites\/wp-json\/wp\/v2\/comments?post=10760"}],"version-history":[{"count":0,"href":"https:\/\/vieassociative.be\/actualites\/wp-json\/wp\/v2\/posts\/10760\/revisions"}],"wp:featuredmedia":[{"embeddable":true,"href":"https:\/\/vieassociative.be\/actualites\/wp-json\/wp\/v2\/media\/10761"}],"wp:attachment":[{"href":"https:\/\/vieassociative.be\/actualites\/wp-json\/wp\/v2\/media?parent=10760"}],"wp:term":[{"taxonomy":"category","embeddable":true,"href":"https:\/\/vieassociative.be\/actualites\/wp-json\/wp\/v2\/categories?post=10760"},{"taxonomy":"post_tag","embeddable":true,"href":"https:\/\/vieassociative.be\/actualites\/wp-json\/wp\/v2\/tags?post=10760"}],"curies":[{"name":"wp","href":"https:\/\/api.w.org\/{rel}","templated":true}]}}