{"id":10755,"date":"2025-10-19T04:21:50","date_gmt":"2025-10-19T02:21:50","guid":{"rendered":"https:\/\/vieassociative.be\/actualites\/la-copresidente-decolo-sembarrasse-lorsquon-linterroge-sur-le-salaire-mensuel-brut-moyen-des-belges\/"},"modified":"2025-10-19T04:21:50","modified_gmt":"2025-10-19T02:21:50","slug":"la-copresidente-decolo-sembarrasse-lorsquon-linterroge-sur-le-salaire-mensuel-brut-moyen-des-belges","status":"publish","type":"post","link":"https:\/\/vieassociative.be\/actualites\/la-copresidente-decolo-sembarrasse-lorsquon-linterroge-sur-le-salaire-mensuel-brut-moyen-des-belges\/","title":{"rendered":"La copr\u00e9sidente d&rsquo;Ecolo s&#8217;embarrasse lorsqu&rsquo;on l&rsquo;interroge sur le salaire mensuel brut moyen des Belges"},"content":{"rendered":"<p><strong>Mercredi dernier, la t\u00e9l\u00e9vision RTBF a diffus\u00e9 un nouvel \u00e9pisode du d\u00e9bat des chefs de file des partis francophones. <\/strong><\/p>\n<p><span id=\"more-427535\"><\/span>Le pouvoir d&rsquo;achat des citoyens, les co\u00fbts de l&rsquo;\u00e9ducation, la situation des demandeurs d&#8217;emploi et des malades de longue dur\u00e9e ainsi que les retraites \u00e9taient \u00e0 l&rsquo;ordre du jour du programme.<\/p>\n<p>Apr\u00e8s des d\u00e9bats anim\u00e9s, la presse a moins parl\u00e9 des positions des pr\u00e9sidents des partis sur les diff\u00e9rents sujets controvers\u00e9s que d&rsquo;un faux pas de la copr\u00e9sidente d&rsquo;Ecolo, Marie Lecocq.<\/p>\n<div id=\"attachment_427550\" class=\"wp-caption alignleft\" style=\"max-width: 300px\"><img decoding=\"async\" class=\"wp-image-427550 size-medium\" src=\"https:\/\/vieassociative.be\/actualites\/wp-content\/uploads\/2025\/10\/La-copresidente-dEcolo-sembarrasse-lorsquon-linterroge-sur-le-salaire-mensuel.jpg\" alt=\"\" width=\"300\" height=\"130\"  ><\/div>\n<p>Lorsqu&rsquo;on lui a pos\u00e9 la question du quiz sur le revenu mensuel brut moyen des Belges, Lecocq avait compl\u00e8tement tort. Green, 33 ans, estime son revenu mensuel brut \u00e0 6 500 euros. Ce serait le double de la valeur r\u00e9elle. Le salaire mensuel brut moyen est effectivement de 3 728 euros.<\/p>\n<p>Raoul Hedebouw, pr\u00e9sident du PTB de gauche, estime que 4.200 euros par mois. Le pr\u00e9sident PS, Paul Magnette, en a annonc\u00e9 3.950. Yvan Verougstraete (Les Engag\u00e9s) a estim\u00e9 le salaire mensuel brut moyen \u00e0 4 000 euros, tandis que le pr\u00e9sident des Lib\u00e9raux francophones (MR), Georges-Louis Bouchez, s&rsquo;est rapproch\u00e9 de la r\u00e9alit\u00e9 \u00e0 3 800 euros.<\/p>\n<p>Si les faux pas des copr\u00e9sidents ont parfois \u00e9t\u00e9 comment\u00e9s avec humour dans la presse, pour les critiques notoires des Verts, c&rsquo;est la preuve qu&rsquo;Ecolo a perdu le contact avec la r\u00e9alit\u00e9.<\/p>\n<p>Lecocq est copr\u00e9sident d&rsquo;Ecolo avec Samuel Cogolati depuis mi-juillet 2024. (cre)<\/p>\n","protected":false},"excerpt":{"rendered":"<p>Mercredi dernier, la t\u00e9l\u00e9vision RTBF a diffus\u00e9 un nouvel \u00e9pisode du d\u00e9bat des chefs de file des partis francophones. Le pouvoir d&rsquo;achat des citoyens, les<\/p>\n","protected":false},"author":1,"featured_media":10756,"comment_status":"","ping_status":"","sticky":false,"template":"","format":"standard","meta":{"footnotes":""},"categories":[298],"tags":[397,2200,8951,8952,29,8955,8954,8956,1338,2119,8953,33],"class_list":["post-10755","post","type-post","status-publish","format-standard","has-post-thumbnail","hentry","category-belgique","tag-belges","tag-brut","tag-copresidente","tag-decolo","tag-des","tag-linterroge","tag-lorsquon","tag-mensuel","tag-moyen","tag-salaire","tag-sembarrasse","tag-sur","generate-columns","tablet-grid-50","mobile-grid-100","grid-parent","grid-33"],"yoast_head":"<!-- This site is optimized with the Yoast SEO plugin v24.0 - https:\/\/yoast.com\/wordpress\/plugins\/seo\/ -->\n<title>La copr\u00e9sidente d&#039;Ecolo s&#039;embarrasse lorsqu&#039;on l&#039;interroge sur le salaire mensuel brut moyen des Belges | Vie Associative<\/title>\n<meta name=\"robots\" content=\"index, follow, max-snippet:-1, max-image-preview:large, max-video-preview:-1\" \/>\n<link rel=\"canonical\" href=\"https:\/\/vieassociative.be\/actualites\/la-copresidente-decolo-sembarrasse-lorsquon-linterroge-sur-le-salaire-mensuel-brut-moyen-des-belges\/\" \/>\n<meta property=\"og:locale\" content=\"fr_FR\" \/>\n<meta property=\"og:type\" content=\"article\" \/>\n<meta property=\"og:title\" content=\"La copr\u00e9sidente d&#039;Ecolo s&#039;embarrasse lorsqu&#039;on l&#039;interroge sur le salaire mensuel brut moyen des Belges | Vie Associative\" \/>\n<meta property=\"og:description\" content=\"Mercredi dernier, la t\u00e9l\u00e9vision RTBF a diffus\u00e9 un nouvel \u00e9pisode du d\u00e9bat des chefs de file des partis francophones. Le pouvoir d&rsquo;achat des citoyens, les\" \/>\n<meta property=\"og:url\" content=\"https:\/\/vieassociative.be\/actualites\/la-copresidente-decolo-sembarrasse-lorsquon-linterroge-sur-le-salaire-mensuel-brut-moyen-des-belges\/\" \/>\n<meta property=\"og:site_name\" content=\"Vie Associative\" \/>\n<meta property=\"article:published_time\" content=\"2025-10-19T02:21:50+00:00\" \/>\n<meta property=\"og:image\" content=\"https:\/\/vieassociative.be\/actualites\/wp-content\/uploads\/2024\/09\/header_backgroundk-01-e1726694325946.png\" \/>\n\t<meta property=\"og:image:width\" content=\"279\" \/>\n\t<meta property=\"og:image:height\" content=\"92\" \/>\n\t<meta property=\"og:image:type\" content=\"image\/png\" \/>\n<meta name=\"author\" content=\"Julien\" \/>\n<meta name=\"twitter:card\" content=\"summary_large_image\" \/>\n<meta name=\"twitter:label1\" content=\"\u00c9crit par\" \/>\n\t<meta name=\"twitter:data1\" content=\"Julien\" \/>\n\t<meta name=\"twitter:label2\" content=\"Dur\u00e9e de lecture est.\" \/>\n\t<meta name=\"twitter:data2\" content=\"1 minute\" \/>\n<script type=\"application\/ld+json\" class=\"yoast-schema-graph\">{\"@context\":\"https:\/\/schema.org\",\"@graph\":[{\"@type\":\"Article\",\"@id\":\"https:\/\/vieassociative.be\/actualites\/la-copresidente-decolo-sembarrasse-lorsquon-linterroge-sur-le-salaire-mensuel-brut-moyen-des-belges\/#article\",\"isPartOf\":{\"@id\":\"https:\/\/vieassociative.be\/actualites\/la-copresidente-decolo-sembarrasse-lorsquon-linterroge-sur-le-salaire-mensuel-brut-moyen-des-belges\/\"},\"author\":{\"name\":\"Julien\",\"@id\":\"https:\/\/vieassociative.be\/actualites\/#\/schema\/person\/b87ac4f82f9d4e7b7cec7395b679edc4\"},\"headline\":\"La copr\u00e9sidente d&rsquo;Ecolo s&#8217;embarrasse lorsqu&rsquo;on l&rsquo;interroge sur le salaire mensuel brut moyen des Belges\",\"datePublished\":\"2025-10-19T02:21:50+00:00\",\"dateModified\":\"2025-10-19T02:21:50+00:00\",\"mainEntityOfPage\":{\"@id\":\"https:\/\/vieassociative.be\/actualites\/la-copresidente-decolo-sembarrasse-lorsquon-linterroge-sur-le-salaire-mensuel-brut-moyen-des-belges\/\"},\"wordCount\":268,\"publisher\":{\"@id\":\"https:\/\/vieassociative.be\/actualites\/#organization\"},\"image\":{\"@id\":\"https:\/\/vieassociative.be\/actualites\/la-copresidente-decolo-sembarrasse-lorsquon-linterroge-sur-le-salaire-mensuel-brut-moyen-des-belges\/#primaryimage\"},\"thumbnailUrl\":\"https:\/\/vieassociative.be\/actualites\/wp-content\/uploads\/2025\/10\/1760840511_La-copresidente-dEcolo-sembarrasse-lorsquon-linterroge-sur-le-salaire-mensuel.jpg\",\"keywords\":[\"Belges\",\"brut\",\"copr\u00e9sidente\",\"dEcolo\",\"Des\",\"linterroge\",\"lorsquon\",\"mensuel\",\"moyen\",\"salaire\",\"sembarrasse\",\"sur\"],\"articleSection\":[\"Belgique\"],\"inLanguage\":\"fr-BE\"},{\"@type\":\"WebPage\",\"@id\":\"https:\/\/vieassociative.be\/actualites\/la-copresidente-decolo-sembarrasse-lorsquon-linterroge-sur-le-salaire-mensuel-brut-moyen-des-belges\/\",\"url\":\"https:\/\/vieassociative.be\/actualites\/la-copresidente-decolo-sembarrasse-lorsquon-linterroge-sur-le-salaire-mensuel-brut-moyen-des-belges\/\",\"name\":\"La copr\u00e9sidente d'Ecolo s'embarrasse lorsqu'on l'interroge sur le salaire mensuel brut moyen des Belges | Vie Associative\",\"isPartOf\":{\"@id\":\"https:\/\/vieassociative.be\/actualites\/#website\"},\"primaryImageOfPage\":{\"@id\":\"https:\/\/vieassociative.be\/actualites\/la-copresidente-decolo-sembarrasse-lorsquon-linterroge-sur-le-salaire-mensuel-brut-moyen-des-belges\/#primaryimage\"},\"image\":{\"@id\":\"https:\/\/vieassociative.be\/actualites\/la-copresidente-decolo-sembarrasse-lorsquon-linterroge-sur-le-salaire-mensuel-brut-moyen-des-belges\/#primaryimage\"},\"thumbnailUrl\":\"https:\/\/vieassociative.be\/actualites\/wp-content\/uploads\/2025\/10\/1760840511_La-copresidente-dEcolo-sembarrasse-lorsquon-linterroge-sur-le-salaire-mensuel.jpg\",\"datePublished\":\"2025-10-19T02:21:50+00:00\",\"dateModified\":\"2025-10-19T02:21:50+00:00\",\"breadcrumb\":{\"@id\":\"https:\/\/vieassociative.be\/actualites\/la-copresidente-decolo-sembarrasse-lorsquon-linterroge-sur-le-salaire-mensuel-brut-moyen-des-belges\/#breadcrumb\"},\"inLanguage\":\"fr-BE\",\"potentialAction\":[{\"@type\":\"ReadAction\",\"target\":[\"https:\/\/vieassociative.be\/actualites\/la-copresidente-decolo-sembarrasse-lorsquon-linterroge-sur-le-salaire-mensuel-brut-moyen-des-belges\/\"]}]},{\"@type\":\"ImageObject\",\"inLanguage\":\"fr-BE\",\"@id\":\"https:\/\/vieassociative.be\/actualites\/la-copresidente-decolo-sembarrasse-lorsquon-linterroge-sur-le-salaire-mensuel-brut-moyen-des-belges\/#primaryimage\",\"url\":\"https:\/\/vieassociative.be\/actualites\/wp-content\/uploads\/2025\/10\/1760840511_La-copresidente-dEcolo-sembarrasse-lorsquon-linterroge-sur-le-salaire-mensuel.jpg\",\"contentUrl\":\"https:\/\/vieassociative.be\/actualites\/wp-content\/uploads\/2025\/10\/1760840511_La-copresidente-dEcolo-sembarrasse-lorsquon-linterroge-sur-le-salaire-mensuel.jpg\",\"width\":1500,\"height\":544,\"caption\":\"La copr\u00e9sidente d'Ecolo s'embarrasse lorsqu'on l'interroge sur le salaire mensuel brut moyen des Belges\"},{\"@type\":\"BreadcrumbList\",\"@id\":\"https:\/\/vieassociative.be\/actualites\/la-copresidente-decolo-sembarrasse-lorsquon-linterroge-sur-le-salaire-mensuel-brut-moyen-des-belges\/#breadcrumb\",\"itemListElement\":[{\"@type\":\"ListItem\",\"position\":1,\"name\":\"Accueil\",\"item\":\"https:\/\/vieassociative.be\/actualites\/\"},{\"@type\":\"ListItem\",\"position\":2,\"name\":\"La copr\u00e9sidente d&rsquo;Ecolo s&#8217;embarrasse lorsqu&rsquo;on l&rsquo;interroge sur le salaire mensuel brut moyen des Belges\"}]},{\"@type\":\"WebSite\",\"@id\":\"https:\/\/vieassociative.be\/actualites\/#website\",\"url\":\"https:\/\/vieassociative.be\/actualites\/\",\"name\":\"Vie Associative\",\"description\":\"\",\"publisher\":{\"@id\":\"https:\/\/vieassociative.be\/actualites\/#organization\"},\"potentialAction\":[{\"@type\":\"SearchAction\",\"target\":{\"@type\":\"EntryPoint\",\"urlTemplate\":\"https:\/\/vieassociative.be\/actualites\/?s={search_term_string}\"},\"query-input\":{\"@type\":\"PropertyValueSpecification\",\"valueRequired\":true,\"valueName\":\"search_term_string\"}}],\"inLanguage\":\"fr-BE\"},{\"@type\":\"Organization\",\"@id\":\"https:\/\/vieassociative.be\/actualites\/#organization\",\"name\":\"Vie Associative\",\"url\":\"https:\/\/vieassociative.be\/actualites\/\",\"logo\":{\"@type\":\"ImageObject\",\"inLanguage\":\"fr-BE\",\"@id\":\"https:\/\/vieassociative.be\/actualites\/#\/schema\/logo\/image\/\",\"url\":\"https:\/\/vieassociative.be\/actualites\/wp-content\/uploads\/2024\/09\/cropped-vieassociative_favicon.ico.png\",\"contentUrl\":\"https:\/\/vieassociative.be\/actualites\/wp-content\/uploads\/2024\/09\/cropped-vieassociative_favicon.ico.png\",\"width\":512,\"height\":512,\"caption\":\"Vie Associative\"},\"image\":{\"@id\":\"https:\/\/vieassociative.be\/actualites\/#\/schema\/logo\/image\/\"}},{\"@type\":\"Person\",\"@id\":\"https:\/\/vieassociative.be\/actualites\/#\/schema\/person\/b87ac4f82f9d4e7b7cec7395b679edc4\",\"name\":\"Julien\",\"image\":{\"@type\":\"ImageObject\",\"inLanguage\":\"fr-BE\",\"@id\":\"https:\/\/vieassociative.be\/actualites\/#\/schema\/person\/image\/\",\"url\":\"https:\/\/vieassociative.be\/actualites\/wp-content\/uploads\/2024\/09\/vie-associative-1-150x150.jpg\",\"contentUrl\":\"https:\/\/vieassociative.be\/actualites\/wp-content\/uploads\/2024\/09\/vie-associative-1-150x150.jpg\",\"caption\":\"Julien\"},\"description\":\"Je suis Julien, r\u00e9dacteur pour Vie Associative. Passionn\u00e9 par le monde associatif depuis plus de 10 ans, j'ai \u00e0 c\u0153ur de partager des histoires inspirantes et de mettre en lumi\u00e8re les initiatives locales. Mon objectif est de sensibiliser et d'encourager l'engagement communautaire \u00e0 travers mes articles.\",\"sameAs\":[\"https:\/\/vieassociative.be\/\"]}]}<\/script>\n<!-- \/ Yoast SEO plugin. -->","yoast_head_json":{"title":"La copr\u00e9sidente d'Ecolo s'embarrasse lorsqu'on l'interroge sur le salaire mensuel brut moyen des Belges | Vie Associative","robots":{"index":"index","follow":"follow","max-snippet":"max-snippet:-1","max-image-preview":"max-image-preview:large","max-video-preview":"max-video-preview:-1"},"canonical":"https:\/\/vieassociative.be\/actualites\/la-copresidente-decolo-sembarrasse-lorsquon-linterroge-sur-le-salaire-mensuel-brut-moyen-des-belges\/","og_locale":"fr_FR","og_type":"article","og_title":"La copr\u00e9sidente d'Ecolo s'embarrasse lorsqu'on l'interroge sur le salaire mensuel brut moyen des Belges | Vie Associative","og_description":"Mercredi dernier, la t\u00e9l\u00e9vision RTBF a diffus\u00e9 un nouvel \u00e9pisode du d\u00e9bat des chefs de file des partis francophones. Le pouvoir d&rsquo;achat des citoyens, les","og_url":"https:\/\/vieassociative.be\/actualites\/la-copresidente-decolo-sembarrasse-lorsquon-linterroge-sur-le-salaire-mensuel-brut-moyen-des-belges\/","og_site_name":"Vie Associative","article_published_time":"2025-10-19T02:21:50+00:00","og_image":[{"width":279,"height":92,"url":"https:\/\/vieassociative.be\/actualites\/wp-content\/uploads\/2024\/09\/header_backgroundk-01-e1726694325946.png","type":"image\/png"}],"author":"Julien","twitter_card":"summary_large_image","twitter_misc":{"\u00c9crit par":"Julien","Dur\u00e9e de lecture est.":"1 minute"},"schema":{"@context":"https:\/\/schema.org","@graph":[{"@type":"Article","@id":"https:\/\/vieassociative.be\/actualites\/la-copresidente-decolo-sembarrasse-lorsquon-linterroge-sur-le-salaire-mensuel-brut-moyen-des-belges\/#article","isPartOf":{"@id":"https:\/\/vieassociative.be\/actualites\/la-copresidente-decolo-sembarrasse-lorsquon-linterroge-sur-le-salaire-mensuel-brut-moyen-des-belges\/"},"author":{"name":"Julien","@id":"https:\/\/vieassociative.be\/actualites\/#\/schema\/person\/b87ac4f82f9d4e7b7cec7395b679edc4"},"headline":"La copr\u00e9sidente d&rsquo;Ecolo s&#8217;embarrasse lorsqu&rsquo;on l&rsquo;interroge sur le salaire mensuel brut moyen des Belges","datePublished":"2025-10-19T02:21:50+00:00","dateModified":"2025-10-19T02:21:50+00:00","mainEntityOfPage":{"@id":"https:\/\/vieassociative.be\/actualites\/la-copresidente-decolo-sembarrasse-lorsquon-linterroge-sur-le-salaire-mensuel-brut-moyen-des-belges\/"},"wordCount":268,"publisher":{"@id":"https:\/\/vieassociative.be\/actualites\/#organization"},"image":{"@id":"https:\/\/vieassociative.be\/actualites\/la-copresidente-decolo-sembarrasse-lorsquon-linterroge-sur-le-salaire-mensuel-brut-moyen-des-belges\/#primaryimage"},"thumbnailUrl":"https:\/\/vieassociative.be\/actualites\/wp-content\/uploads\/2025\/10\/1760840511_La-copresidente-dEcolo-sembarrasse-lorsquon-linterroge-sur-le-salaire-mensuel.jpg","keywords":["Belges","brut","copr\u00e9sidente","dEcolo","Des","linterroge","lorsquon","mensuel","moyen","salaire","sembarrasse","sur"],"articleSection":["Belgique"],"inLanguage":"fr-BE"},{"@type":"WebPage","@id":"https:\/\/vieassociative.be\/actualites\/la-copresidente-decolo-sembarrasse-lorsquon-linterroge-sur-le-salaire-mensuel-brut-moyen-des-belges\/","url":"https:\/\/vieassociative.be\/actualites\/la-copresidente-decolo-sembarrasse-lorsquon-linterroge-sur-le-salaire-mensuel-brut-moyen-des-belges\/","name":"La copr\u00e9sidente d'Ecolo s'embarrasse lorsqu'on l'interroge sur le salaire mensuel brut moyen des Belges | Vie Associative","isPartOf":{"@id":"https:\/\/vieassociative.be\/actualites\/#website"},"primaryImageOfPage":{"@id":"https:\/\/vieassociative.be\/actualites\/la-copresidente-decolo-sembarrasse-lorsquon-linterroge-sur-le-salaire-mensuel-brut-moyen-des-belges\/#primaryimage"},"image":{"@id":"https:\/\/vieassociative.be\/actualites\/la-copresidente-decolo-sembarrasse-lorsquon-linterroge-sur-le-salaire-mensuel-brut-moyen-des-belges\/#primaryimage"},"thumbnailUrl":"https:\/\/vieassociative.be\/actualites\/wp-content\/uploads\/2025\/10\/1760840511_La-copresidente-dEcolo-sembarrasse-lorsquon-linterroge-sur-le-salaire-mensuel.jpg","datePublished":"2025-10-19T02:21:50+00:00","dateModified":"2025-10-19T02:21:50+00:00","breadcrumb":{"@id":"https:\/\/vieassociative.be\/actualites\/la-copresidente-decolo-sembarrasse-lorsquon-linterroge-sur-le-salaire-mensuel-brut-moyen-des-belges\/#breadcrumb"},"inLanguage":"fr-BE","potentialAction":[{"@type":"ReadAction","target":["https:\/\/vieassociative.be\/actualites\/la-copresidente-decolo-sembarrasse-lorsquon-linterroge-sur-le-salaire-mensuel-brut-moyen-des-belges\/"]}]},{"@type":"ImageObject","inLanguage":"fr-BE","@id":"https:\/\/vieassociative.be\/actualites\/la-copresidente-decolo-sembarrasse-lorsquon-linterroge-sur-le-salaire-mensuel-brut-moyen-des-belges\/#primaryimage","url":"https:\/\/vieassociative.be\/actualites\/wp-content\/uploads\/2025\/10\/1760840511_La-copresidente-dEcolo-sembarrasse-lorsquon-linterroge-sur-le-salaire-mensuel.jpg","contentUrl":"https:\/\/vieassociative.be\/actualites\/wp-content\/uploads\/2025\/10\/1760840511_La-copresidente-dEcolo-sembarrasse-lorsquon-linterroge-sur-le-salaire-mensuel.jpg","width":1500,"height":544,"caption":"La copr\u00e9sidente d'Ecolo s'embarrasse lorsqu'on l'interroge sur le salaire mensuel brut moyen des Belges"},{"@type":"BreadcrumbList","@id":"https:\/\/vieassociative.be\/actualites\/la-copresidente-decolo-sembarrasse-lorsquon-linterroge-sur-le-salaire-mensuel-brut-moyen-des-belges\/#breadcrumb","itemListElement":[{"@type":"ListItem","position":1,"name":"Accueil","item":"https:\/\/vieassociative.be\/actualites\/"},{"@type":"ListItem","position":2,"name":"La copr\u00e9sidente d&rsquo;Ecolo s&#8217;embarrasse lorsqu&rsquo;on l&rsquo;interroge sur le salaire mensuel brut moyen des Belges"}]},{"@type":"WebSite","@id":"https:\/\/vieassociative.be\/actualites\/#website","url":"https:\/\/vieassociative.be\/actualites\/","name":"Vie Associative","description":"","publisher":{"@id":"https:\/\/vieassociative.be\/actualites\/#organization"},"potentialAction":[{"@type":"SearchAction","target":{"@type":"EntryPoint","urlTemplate":"https:\/\/vieassociative.be\/actualites\/?s={search_term_string}"},"query-input":{"@type":"PropertyValueSpecification","valueRequired":true,"valueName":"search_term_string"}}],"inLanguage":"fr-BE"},{"@type":"Organization","@id":"https:\/\/vieassociative.be\/actualites\/#organization","name":"Vie Associative","url":"https:\/\/vieassociative.be\/actualites\/","logo":{"@type":"ImageObject","inLanguage":"fr-BE","@id":"https:\/\/vieassociative.be\/actualites\/#\/schema\/logo\/image\/","url":"https:\/\/vieassociative.be\/actualites\/wp-content\/uploads\/2024\/09\/cropped-vieassociative_favicon.ico.png","contentUrl":"https:\/\/vieassociative.be\/actualites\/wp-content\/uploads\/2024\/09\/cropped-vieassociative_favicon.ico.png","width":512,"height":512,"caption":"Vie Associative"},"image":{"@id":"https:\/\/vieassociative.be\/actualites\/#\/schema\/logo\/image\/"}},{"@type":"Person","@id":"https:\/\/vieassociative.be\/actualites\/#\/schema\/person\/b87ac4f82f9d4e7b7cec7395b679edc4","name":"Julien","image":{"@type":"ImageObject","inLanguage":"fr-BE","@id":"https:\/\/vieassociative.be\/actualites\/#\/schema\/person\/image\/","url":"https:\/\/vieassociative.be\/actualites\/wp-content\/uploads\/2024\/09\/vie-associative-1-150x150.jpg","contentUrl":"https:\/\/vieassociative.be\/actualites\/wp-content\/uploads\/2024\/09\/vie-associative-1-150x150.jpg","caption":"Julien"},"description":"Je suis Julien, r\u00e9dacteur pour Vie Associative. Passionn\u00e9 par le monde associatif depuis plus de 10 ans, j'ai \u00e0 c\u0153ur de partager des histoires inspirantes et de mettre en lumi\u00e8re les initiatives locales. Mon objectif est de sensibiliser et d'encourager l'engagement communautaire \u00e0 travers mes articles.","sameAs":["https:\/\/vieassociative.be\/"]}]}},"_links":{"self":[{"href":"https:\/\/vieassociative.be\/actualites\/wp-json\/wp\/v2\/posts\/10755"}],"collection":[{"href":"https:\/\/vieassociative.be\/actualites\/wp-json\/wp\/v2\/posts"}],"about":[{"href":"https:\/\/vieassociative.be\/actualites\/wp-json\/wp\/v2\/types\/post"}],"author":[{"embeddable":true,"href":"https:\/\/vieassociative.be\/actualites\/wp-json\/wp\/v2\/users\/1"}],"replies":[{"embeddable":true,"href":"https:\/\/vieassociative.be\/actualites\/wp-json\/wp\/v2\/comments?post=10755"}],"version-history":[{"count":0,"href":"https:\/\/vieassociative.be\/actualites\/wp-json\/wp\/v2\/posts\/10755\/revisions"}],"wp:featuredmedia":[{"embeddable":true,"href":"https:\/\/vieassociative.be\/actualites\/wp-json\/wp\/v2\/media\/10756"}],"wp:attachment":[{"href":"https:\/\/vieassociative.be\/actualites\/wp-json\/wp\/v2\/media?parent=10755"}],"wp:term":[{"taxonomy":"category","embeddable":true,"href":"https:\/\/vieassociative.be\/actualites\/wp-json\/wp\/v2\/categories?post=10755"},{"taxonomy":"post_tag","embeddable":true,"href":"https:\/\/vieassociative.be\/actualites\/wp-json\/wp\/v2\/tags?post=10755"}],"curies":[{"name":"wp","href":"https:\/\/api.w.org\/{rel}","templated":true}]}}