{"id":10753,"date":"2025-10-19T03:17:02","date_gmt":"2025-10-19T01:17:02","guid":{"rendered":"https:\/\/vieassociative.be\/actualites\/voici-quand-vous-pourrez-acheter-le-macbook-air-m5\/"},"modified":"2025-10-19T03:17:02","modified_gmt":"2025-10-19T01:17:02","slug":"voici-quand-vous-pourrez-acheter-le-macbook-air-m5","status":"publish","type":"post","link":"https:\/\/vieassociative.be\/actualites\/voici-quand-vous-pourrez-acheter-le-macbook-air-m5\/","title":{"rendered":"Voici quand vous pourrez acheter le MacBook Air M5"},"content":{"rendered":"<div class=\"mt-4 leading-6 md:mb-8\">Apple travaille peut-\u00eatre \u00e9galement sur un MacBook Pro dot\u00e9 d&rsquo;un \u00e9cran tactile.<\/div>\n<p><\/p>\n<p><em>Saviez-vous que vous pouvez personnaliser Google pour filtrer les d\u00e9chets\u00a0? Suivez ces \u00e9tapes<\/em><em>  pour de meilleurs r\u00e9sultats de recherche, notamment en ajoutant mon travail chez Vie Associative comme source pr\u00e9f\u00e9r\u00e9e<\/em><em>.<\/em><\/p>\n<hr>\n<p>Apple est officiellement entr\u00e9 mercredi dans son \u00e8re M5. La soci\u00e9t\u00e9 a non seulement annonc\u00e9 la nouvelle puce M5, en mettant l\u2019accent sur sa puissance de traitement d\u2019IA, mais \u00e9galement le premier lot de nouveaux appareils qui seront livr\u00e9s avec elle. Si vous souhaitez acheter un appareil Apple dot\u00e9 du mat\u00e9riel le plus r\u00e9cent et le plus performant de l&rsquo;entreprise, tout cela est \u00e0 port\u00e9e de main. <\/p>\n<p>Cela dit, la liste des annonces de produits \u00e9tait limit\u00e9e. Alors qu&rsquo;Apple a r\u00e9v\u00e9l\u00e9 que les versions M5 de l&rsquo;iPad Pro et du Vision Pro seraient disponibles \u00e0 partir du 22 octobre, elle n&rsquo;a pr\u00e9sent\u00e9 qu&rsquo;un seul Mac M5 : le MacBook Pro 14 pouces. Les MacBook Air 13 et 15 pouces sont toujours bloqu\u00e9s sur M4 pour le moment, tout comme les versions Pro et Max des MacBook Pro 14 pouces et 16 pouces. Mais quelques jours plus tard, on sait quand cela pourrait changer.<\/p>\n<div class=\"mx-auto mb-12 mt-5 w-full max-w-3xl rounded-md border-2 border-gray-100 p-3 shadow-md md:px-7 md:pb-7 md:pt-5\" id=\"related-video\">\n<div class=\"mb-3 flex items-center md:mb-5\">\n        <img decoding=\"async\" class=\"mr-4 mt-0 h-10 w-10 md:mr-5 md:h-12 md:w-12\" src=\"https:\/\/vieassociative.be\/actualites\/wp-content\/uploads\/2025\/09\/1757726237_608_Meta-pourrait-devoiler-une-montre-intelligente-pour-controler-ses-lunettes.jpg\" alt=\"Logo du pirate de la vie\"><\/p><\/div>\n<div class=\"aspect-video w-full overflow-hidden rounded-md\">\n<div id=\"video-container-01K7WZ3ZGCN3PKSF9XQT28YM0C\"><\/div>\n<\/p><\/div>\n<\/div>\n<h2 id=\"more-m5-macs-are-on-the-horizon\">D\u2019autres Mac M5 sont \u00e0 l\u2019horizon <\/h2>\n<p>Si vous h\u00e9sitez \u00e0 acheter l&rsquo;un des ordinateurs portables M4 actuels dans l&rsquo;espoir qu&rsquo;Apple les mettra bient\u00f4t \u00e0 niveau avec des puces M5, vous allez attendre encore un peu. Comme le rapporte Mark Gurman, g\u00e9n\u00e9ralement fiable de Bloomberg, Apple ne pr\u00e9voit pas de rafra\u00eechir sa gamme MacBook Air avant le printemps prochain. Cela vaut \u00e9galement pour une multitude d&rsquo;autres produits Mac, notamment les versions M5 du Mac Studio et du Mac mini, en plus des nouveaux moniteurs Mac. <\/p>\n<p>C&rsquo;est une histoire similaire pour les MacBook Pro M5 Pro et M5 Max. Bien que Gurman ne pr\u00e9cise pas si ces ordinateurs portables arriveront \u00e9galement au printemps, il rapporte qu&rsquo;Apple pr\u00e9voit de rafra\u00eechir les MacBook Pro 14 et 16 pouces avec les nouvelles puces \u00ab\u00a0d\u00e9but 2026\u00a0\u00bb. <\/p>\n<p>Gurman dit que les nouveaux MacBook Pro recycleront le design actuel d&rsquo;Apple, et j&rsquo;imagine qu&rsquo;il en sera de m\u00eame pour les MacBook Air M5. Apr\u00e8s tout, le MacBook Pro M5 14 pouces est identique \u00e0 son homologue M4, les seuls changements notables (autres que la puce M5) \u00e9tant une autonomie de batterie am\u00e9lior\u00e9e de 24 heures et un SSD plus rapide.  <\/p>\n<p>Si vous h\u00e9sitez actuellement \u00e0 acheter un nouveau MacBook, je ne pense pas qu&rsquo;il y ait beaucoup de raisons d&rsquo;attendre le M5, \u00e0 moins que vous ne vouliez vraiment le mat\u00e9riel le plus r\u00e9cent qu&rsquo;Apple puisse offrir. Les machines M4 actuelles sont excellentes et, dans le cas du MacBook Air, peuvent \u00eatre achet\u00e9es \u00e0 un prix tr\u00e8s raisonnable, surtout lorsqu&rsquo;elles sont mises en vente. Lors du Prime Day d&rsquo;octobre, les magasins proposaient le MacBook Air M4 13 pouces pour seulement 799 $, ce qui repr\u00e9sente un excellent rapport qualit\u00e9-prix. <\/p>\n<h2 id=\"apple-is-also-working-on-a-touchscreen-macbook-pro\">Apple travaille \u00e9galement sur un MacBook Pro \u00e0 \u00e9cran tactile<\/h2>\n<p>Dans ce m\u00eame rapport, Gurman discute des projets actuels d&rsquo;Apple pour un MacBook Pro avec un \u00e9cran tactile, ce qui constituerait une actualisation spectaculaire \u2013 aucun Mac n&rsquo;a <em>jamais<\/em> livr\u00e9 avec un \u00e9cran tactile, \u00e0 moins que vous ne comptiez la controvers\u00e9e Touch Bar (RIP), qui ajoute uniquement une bande tactile en haut du clavier. <\/p>\n<p>Selon Gurman, ces \u00e9crans tactiles seront des OLED, que la soci\u00e9t\u00e9 utilise d\u00e9j\u00e0 dans ses iPad Pro et iPhone. Vous disposerez toujours du clavier et du trackpad standard, vous pourrez donc ignorer compl\u00e8tement l&rsquo;\u00e9cran tactile, bien qu&rsquo;Apple envisage de remplacer Touch ID par Face ID, refl\u00e9tant \u00e0 nouveau ses iPad et iPhone. \u00c0 ce stade, \u00ab l\u2019encoche \u00bb (la grande d\u00e9coupe de la cam\u00e9ra en haut de l\u2019\u00e9cran) peut \u00eatre remplac\u00e9e par une conception de perforation plus petite, rappelant l\u2019\u00eele dynamique de l\u2019iPhone. <\/p>\n<p>Parall\u00e8lement \u00e0 l&rsquo;\u00e9cran tactile, Apple pourrait mettre \u00e0 jour la conception de ces MacBook Pro pour les rendre plus fins et plus l\u00e9gers, et ils pourraient fonctionner sur le <em>M6<\/em> puce, plut\u00f4t qu\u2019une version du M5. Ils peuvent \u00e9galement inclure une nouvelle conception de charni\u00e8re et de couvercle pour compenser la force de toucher l\u2019\u00e9cran. N&rsquo;oubliez pas qu&rsquo;il s&rsquo;agirait d&rsquo;un nouveau d\u00e9fi de conception pour la gamme MacBook, qui n&rsquo;a jamais eu \u00e0 faire face \u00e0 des utilisateurs qui touchaient d\u00e9lib\u00e9r\u00e9ment l&rsquo;\u00e9cran auparavant.<\/p>\n<p>Gurman affirme que le MacBook Pro \u00e0 \u00e9cran tactile ne fera ses d\u00e9buts qu&rsquo;\u00e0 la fin de 2026, voire au d\u00e9but de 2027. Lorsqu&rsquo;il arrivera, son prix sera probablement augment\u00e9 d&rsquo;au moins \u00ab quelques centaines de dollars de plus que les versions actuelles \u00bb. \u00c0 l&rsquo;heure actuelle, les MacBook Pro M4 Pro commencent \u00e0 1 999 $ pour le mod\u00e8le 14 pouces et \u00e0 2 499 $ pour le mod\u00e8le 16 pouces. Apple am\u00e9liorerait consid\u00e9rablement le mat\u00e9riel ici, donc l&rsquo;augmentation du prix n&rsquo;est pas sans m\u00e9rite. Mais si vous recherchez le Mac au meilleur rapport qualit\u00e9-prix possible, il est difficile de battre le MacBook Air M4 actuel, surtout lorsqu&rsquo;il est en vente.  <\/p>\n","protected":false},"excerpt":{"rendered":"<p>Apple travaille peut-\u00eatre \u00e9galement sur un MacBook Pro dot\u00e9 d&rsquo;un \u00e9cran tactile. Saviez-vous que vous pouvez personnaliser Google pour filtrer les d\u00e9chets\u00a0? Suivez ces \u00e9tapes<\/p>\n","protected":false},"author":1,"featured_media":10754,"comment_status":"","ping_status":"","sticky":false,"template":"","format":"standard","meta":{"footnotes":""},"categories":[13],"tags":[428,1327,686,3966,123,529,4],"class_list":["post-10753","post","type-post","status-publish","format-standard","has-post-thumbnail","hentry","category-technologie","tag-acheter","tag-air","tag-macbook","tag-pourrez","tag-quand","tag-voici","tag-vous","generate-columns","tablet-grid-50","mobile-grid-100","grid-parent","grid-33"],"yoast_head":"<!-- This site is optimized with the Yoast SEO plugin v24.0 - https:\/\/yoast.com\/wordpress\/plugins\/seo\/ -->\n<title>Voici quand vous pourrez acheter le MacBook Air M5 | Vie Associative<\/title>\n<meta name=\"robots\" content=\"index, follow, max-snippet:-1, max-image-preview:large, max-video-preview:-1\" \/>\n<link rel=\"canonical\" href=\"https:\/\/vieassociative.be\/actualites\/voici-quand-vous-pourrez-acheter-le-macbook-air-m5\/\" \/>\n<meta property=\"og:locale\" content=\"fr_FR\" \/>\n<meta property=\"og:type\" content=\"article\" \/>\n<meta property=\"og:title\" content=\"Voici quand vous pourrez acheter le MacBook Air M5 | Vie Associative\" \/>\n<meta property=\"og:description\" content=\"Apple travaille peut-\u00eatre \u00e9galement sur un MacBook Pro dot\u00e9 d&rsquo;un \u00e9cran tactile. Saviez-vous que vous pouvez personnaliser Google pour filtrer les d\u00e9chets\u00a0? Suivez ces \u00e9tapes\" \/>\n<meta property=\"og:url\" content=\"https:\/\/vieassociative.be\/actualites\/voici-quand-vous-pourrez-acheter-le-macbook-air-m5\/\" \/>\n<meta property=\"og:site_name\" content=\"Vie Associative\" \/>\n<meta property=\"article:published_time\" content=\"2025-10-19T01:17:02+00:00\" \/>\n<meta property=\"og:image\" content=\"https:\/\/vieassociative.be\/actualites\/wp-content\/uploads\/2025\/09\/1757726237_608_Meta-pourrait-devoiler-une-montre-intelligente-pour-controler-ses-lunettes.jpg\" \/>\n<meta name=\"author\" content=\"Julien\" \/>\n<meta name=\"twitter:card\" content=\"summary_large_image\" \/>\n<meta name=\"twitter:label1\" content=\"\u00c9crit par\" \/>\n\t<meta name=\"twitter:data1\" content=\"Julien\" \/>\n\t<meta name=\"twitter:label2\" content=\"Dur\u00e9e de lecture est.\" \/>\n\t<meta name=\"twitter:data2\" content=\"4 minutes\" \/>\n<script type=\"application\/ld+json\" class=\"yoast-schema-graph\">{\"@context\":\"https:\/\/schema.org\",\"@graph\":[{\"@type\":\"Article\",\"@id\":\"https:\/\/vieassociative.be\/actualites\/voici-quand-vous-pourrez-acheter-le-macbook-air-m5\/#article\",\"isPartOf\":{\"@id\":\"https:\/\/vieassociative.be\/actualites\/voici-quand-vous-pourrez-acheter-le-macbook-air-m5\/\"},\"author\":{\"name\":\"Julien\",\"@id\":\"https:\/\/vieassociative.be\/actualites\/#\/schema\/person\/b87ac4f82f9d4e7b7cec7395b679edc4\"},\"headline\":\"Voici quand vous pourrez acheter le MacBook Air M5\",\"datePublished\":\"2025-10-19T01:17:02+00:00\",\"dateModified\":\"2025-10-19T01:17:02+00:00\",\"mainEntityOfPage\":{\"@id\":\"https:\/\/vieassociative.be\/actualites\/voici-quand-vous-pourrez-acheter-le-macbook-air-m5\/\"},\"wordCount\":886,\"publisher\":{\"@id\":\"https:\/\/vieassociative.be\/actualites\/#organization\"},\"image\":{\"@id\":\"https:\/\/vieassociative.be\/actualites\/voici-quand-vous-pourrez-acheter-le-macbook-air-m5\/#primaryimage\"},\"thumbnailUrl\":\"https:\/\/vieassociative.be\/actualites\/wp-content\/uploads\/2025\/10\/Voici-quand-vous-pourrez-acheter-le-MacBook-Air-M5.jpg\",\"keywords\":[\"acheter\",\"air\",\"MacBook\",\"pourrez\",\"Quand\",\"Voici\",\"Vous\"],\"articleSection\":[\"Technologie\"],\"inLanguage\":\"fr-BE\"},{\"@type\":\"WebPage\",\"@id\":\"https:\/\/vieassociative.be\/actualites\/voici-quand-vous-pourrez-acheter-le-macbook-air-m5\/\",\"url\":\"https:\/\/vieassociative.be\/actualites\/voici-quand-vous-pourrez-acheter-le-macbook-air-m5\/\",\"name\":\"Voici quand vous pourrez acheter le MacBook Air M5 | Vie Associative\",\"isPartOf\":{\"@id\":\"https:\/\/vieassociative.be\/actualites\/#website\"},\"primaryImageOfPage\":{\"@id\":\"https:\/\/vieassociative.be\/actualites\/voici-quand-vous-pourrez-acheter-le-macbook-air-m5\/#primaryimage\"},\"image\":{\"@id\":\"https:\/\/vieassociative.be\/actualites\/voici-quand-vous-pourrez-acheter-le-macbook-air-m5\/#primaryimage\"},\"thumbnailUrl\":\"https:\/\/vieassociative.be\/actualites\/wp-content\/uploads\/2025\/10\/Voici-quand-vous-pourrez-acheter-le-MacBook-Air-M5.jpg\",\"datePublished\":\"2025-10-19T01:17:02+00:00\",\"dateModified\":\"2025-10-19T01:17:02+00:00\",\"breadcrumb\":{\"@id\":\"https:\/\/vieassociative.be\/actualites\/voici-quand-vous-pourrez-acheter-le-macbook-air-m5\/#breadcrumb\"},\"inLanguage\":\"fr-BE\",\"potentialAction\":[{\"@type\":\"ReadAction\",\"target\":[\"https:\/\/vieassociative.be\/actualites\/voici-quand-vous-pourrez-acheter-le-macbook-air-m5\/\"]}]},{\"@type\":\"ImageObject\",\"inLanguage\":\"fr-BE\",\"@id\":\"https:\/\/vieassociative.be\/actualites\/voici-quand-vous-pourrez-acheter-le-macbook-air-m5\/#primaryimage\",\"url\":\"https:\/\/vieassociative.be\/actualites\/wp-content\/uploads\/2025\/10\/Voici-quand-vous-pourrez-acheter-le-MacBook-Air-M5.jpg\",\"contentUrl\":\"https:\/\/vieassociative.be\/actualites\/wp-content\/uploads\/2025\/10\/Voici-quand-vous-pourrez-acheter-le-MacBook-Air-M5.jpg\",\"width\":1200,\"height\":675,\"caption\":\"Voici quand vous pourrez acheter le MacBook Air M5\"},{\"@type\":\"BreadcrumbList\",\"@id\":\"https:\/\/vieassociative.be\/actualites\/voici-quand-vous-pourrez-acheter-le-macbook-air-m5\/#breadcrumb\",\"itemListElement\":[{\"@type\":\"ListItem\",\"position\":1,\"name\":\"Accueil\",\"item\":\"https:\/\/vieassociative.be\/actualites\/\"},{\"@type\":\"ListItem\",\"position\":2,\"name\":\"Voici quand vous pourrez acheter le MacBook Air M5\"}]},{\"@type\":\"WebSite\",\"@id\":\"https:\/\/vieassociative.be\/actualites\/#website\",\"url\":\"https:\/\/vieassociative.be\/actualites\/\",\"name\":\"Vie Associative\",\"description\":\"\",\"publisher\":{\"@id\":\"https:\/\/vieassociative.be\/actualites\/#organization\"},\"potentialAction\":[{\"@type\":\"SearchAction\",\"target\":{\"@type\":\"EntryPoint\",\"urlTemplate\":\"https:\/\/vieassociative.be\/actualites\/?s={search_term_string}\"},\"query-input\":{\"@type\":\"PropertyValueSpecification\",\"valueRequired\":true,\"valueName\":\"search_term_string\"}}],\"inLanguage\":\"fr-BE\"},{\"@type\":\"Organization\",\"@id\":\"https:\/\/vieassociative.be\/actualites\/#organization\",\"name\":\"Vie Associative\",\"url\":\"https:\/\/vieassociative.be\/actualites\/\",\"logo\":{\"@type\":\"ImageObject\",\"inLanguage\":\"fr-BE\",\"@id\":\"https:\/\/vieassociative.be\/actualites\/#\/schema\/logo\/image\/\",\"url\":\"https:\/\/vieassociative.be\/actualites\/wp-content\/uploads\/2024\/09\/cropped-vieassociative_favicon.ico.png\",\"contentUrl\":\"https:\/\/vieassociative.be\/actualites\/wp-content\/uploads\/2024\/09\/cropped-vieassociative_favicon.ico.png\",\"width\":512,\"height\":512,\"caption\":\"Vie Associative\"},\"image\":{\"@id\":\"https:\/\/vieassociative.be\/actualites\/#\/schema\/logo\/image\/\"}},{\"@type\":\"Person\",\"@id\":\"https:\/\/vieassociative.be\/actualites\/#\/schema\/person\/b87ac4f82f9d4e7b7cec7395b679edc4\",\"name\":\"Julien\",\"image\":{\"@type\":\"ImageObject\",\"inLanguage\":\"fr-BE\",\"@id\":\"https:\/\/vieassociative.be\/actualites\/#\/schema\/person\/image\/\",\"url\":\"https:\/\/vieassociative.be\/actualites\/wp-content\/uploads\/2024\/09\/vie-associative-1-150x150.jpg\",\"contentUrl\":\"https:\/\/vieassociative.be\/actualites\/wp-content\/uploads\/2024\/09\/vie-associative-1-150x150.jpg\",\"caption\":\"Julien\"},\"description\":\"Je suis Julien, r\u00e9dacteur pour Vie Associative. Passionn\u00e9 par le monde associatif depuis plus de 10 ans, j'ai \u00e0 c\u0153ur de partager des histoires inspirantes et de mettre en lumi\u00e8re les initiatives locales. Mon objectif est de sensibiliser et d'encourager l'engagement communautaire \u00e0 travers mes articles.\",\"sameAs\":[\"https:\/\/vieassociative.be\/\"]}]}<\/script>\n<!-- \/ Yoast SEO plugin. -->","yoast_head_json":{"title":"Voici quand vous pourrez acheter le MacBook Air M5 | Vie Associative","robots":{"index":"index","follow":"follow","max-snippet":"max-snippet:-1","max-image-preview":"max-image-preview:large","max-video-preview":"max-video-preview:-1"},"canonical":"https:\/\/vieassociative.be\/actualites\/voici-quand-vous-pourrez-acheter-le-macbook-air-m5\/","og_locale":"fr_FR","og_type":"article","og_title":"Voici quand vous pourrez acheter le MacBook Air M5 | Vie Associative","og_description":"Apple travaille peut-\u00eatre \u00e9galement sur un MacBook Pro dot\u00e9 d&rsquo;un \u00e9cran tactile. Saviez-vous que vous pouvez personnaliser Google pour filtrer les d\u00e9chets\u00a0? Suivez ces \u00e9tapes","og_url":"https:\/\/vieassociative.be\/actualites\/voici-quand-vous-pourrez-acheter-le-macbook-air-m5\/","og_site_name":"Vie Associative","article_published_time":"2025-10-19T01:17:02+00:00","og_image":[{"url":"https:\/\/vieassociative.be\/actualites\/wp-content\/uploads\/2025\/09\/1757726237_608_Meta-pourrait-devoiler-une-montre-intelligente-pour-controler-ses-lunettes.jpg","type":"","width":"","height":""}],"author":"Julien","twitter_card":"summary_large_image","twitter_misc":{"\u00c9crit par":"Julien","Dur\u00e9e de lecture est.":"4 minutes"},"schema":{"@context":"https:\/\/schema.org","@graph":[{"@type":"Article","@id":"https:\/\/vieassociative.be\/actualites\/voici-quand-vous-pourrez-acheter-le-macbook-air-m5\/#article","isPartOf":{"@id":"https:\/\/vieassociative.be\/actualites\/voici-quand-vous-pourrez-acheter-le-macbook-air-m5\/"},"author":{"name":"Julien","@id":"https:\/\/vieassociative.be\/actualites\/#\/schema\/person\/b87ac4f82f9d4e7b7cec7395b679edc4"},"headline":"Voici quand vous pourrez acheter le MacBook Air M5","datePublished":"2025-10-19T01:17:02+00:00","dateModified":"2025-10-19T01:17:02+00:00","mainEntityOfPage":{"@id":"https:\/\/vieassociative.be\/actualites\/voici-quand-vous-pourrez-acheter-le-macbook-air-m5\/"},"wordCount":886,"publisher":{"@id":"https:\/\/vieassociative.be\/actualites\/#organization"},"image":{"@id":"https:\/\/vieassociative.be\/actualites\/voici-quand-vous-pourrez-acheter-le-macbook-air-m5\/#primaryimage"},"thumbnailUrl":"https:\/\/vieassociative.be\/actualites\/wp-content\/uploads\/2025\/10\/Voici-quand-vous-pourrez-acheter-le-MacBook-Air-M5.jpg","keywords":["acheter","air","MacBook","pourrez","Quand","Voici","Vous"],"articleSection":["Technologie"],"inLanguage":"fr-BE"},{"@type":"WebPage","@id":"https:\/\/vieassociative.be\/actualites\/voici-quand-vous-pourrez-acheter-le-macbook-air-m5\/","url":"https:\/\/vieassociative.be\/actualites\/voici-quand-vous-pourrez-acheter-le-macbook-air-m5\/","name":"Voici quand vous pourrez acheter le MacBook Air M5 | Vie Associative","isPartOf":{"@id":"https:\/\/vieassociative.be\/actualites\/#website"},"primaryImageOfPage":{"@id":"https:\/\/vieassociative.be\/actualites\/voici-quand-vous-pourrez-acheter-le-macbook-air-m5\/#primaryimage"},"image":{"@id":"https:\/\/vieassociative.be\/actualites\/voici-quand-vous-pourrez-acheter-le-macbook-air-m5\/#primaryimage"},"thumbnailUrl":"https:\/\/vieassociative.be\/actualites\/wp-content\/uploads\/2025\/10\/Voici-quand-vous-pourrez-acheter-le-MacBook-Air-M5.jpg","datePublished":"2025-10-19T01:17:02+00:00","dateModified":"2025-10-19T01:17:02+00:00","breadcrumb":{"@id":"https:\/\/vieassociative.be\/actualites\/voici-quand-vous-pourrez-acheter-le-macbook-air-m5\/#breadcrumb"},"inLanguage":"fr-BE","potentialAction":[{"@type":"ReadAction","target":["https:\/\/vieassociative.be\/actualites\/voici-quand-vous-pourrez-acheter-le-macbook-air-m5\/"]}]},{"@type":"ImageObject","inLanguage":"fr-BE","@id":"https:\/\/vieassociative.be\/actualites\/voici-quand-vous-pourrez-acheter-le-macbook-air-m5\/#primaryimage","url":"https:\/\/vieassociative.be\/actualites\/wp-content\/uploads\/2025\/10\/Voici-quand-vous-pourrez-acheter-le-MacBook-Air-M5.jpg","contentUrl":"https:\/\/vieassociative.be\/actualites\/wp-content\/uploads\/2025\/10\/Voici-quand-vous-pourrez-acheter-le-MacBook-Air-M5.jpg","width":1200,"height":675,"caption":"Voici quand vous pourrez acheter le MacBook Air M5"},{"@type":"BreadcrumbList","@id":"https:\/\/vieassociative.be\/actualites\/voici-quand-vous-pourrez-acheter-le-macbook-air-m5\/#breadcrumb","itemListElement":[{"@type":"ListItem","position":1,"name":"Accueil","item":"https:\/\/vieassociative.be\/actualites\/"},{"@type":"ListItem","position":2,"name":"Voici quand vous pourrez acheter le MacBook Air M5"}]},{"@type":"WebSite","@id":"https:\/\/vieassociative.be\/actualites\/#website","url":"https:\/\/vieassociative.be\/actualites\/","name":"Vie Associative","description":"","publisher":{"@id":"https:\/\/vieassociative.be\/actualites\/#organization"},"potentialAction":[{"@type":"SearchAction","target":{"@type":"EntryPoint","urlTemplate":"https:\/\/vieassociative.be\/actualites\/?s={search_term_string}"},"query-input":{"@type":"PropertyValueSpecification","valueRequired":true,"valueName":"search_term_string"}}],"inLanguage":"fr-BE"},{"@type":"Organization","@id":"https:\/\/vieassociative.be\/actualites\/#organization","name":"Vie Associative","url":"https:\/\/vieassociative.be\/actualites\/","logo":{"@type":"ImageObject","inLanguage":"fr-BE","@id":"https:\/\/vieassociative.be\/actualites\/#\/schema\/logo\/image\/","url":"https:\/\/vieassociative.be\/actualites\/wp-content\/uploads\/2024\/09\/cropped-vieassociative_favicon.ico.png","contentUrl":"https:\/\/vieassociative.be\/actualites\/wp-content\/uploads\/2024\/09\/cropped-vieassociative_favicon.ico.png","width":512,"height":512,"caption":"Vie Associative"},"image":{"@id":"https:\/\/vieassociative.be\/actualites\/#\/schema\/logo\/image\/"}},{"@type":"Person","@id":"https:\/\/vieassociative.be\/actualites\/#\/schema\/person\/b87ac4f82f9d4e7b7cec7395b679edc4","name":"Julien","image":{"@type":"ImageObject","inLanguage":"fr-BE","@id":"https:\/\/vieassociative.be\/actualites\/#\/schema\/person\/image\/","url":"https:\/\/vieassociative.be\/actualites\/wp-content\/uploads\/2024\/09\/vie-associative-1-150x150.jpg","contentUrl":"https:\/\/vieassociative.be\/actualites\/wp-content\/uploads\/2024\/09\/vie-associative-1-150x150.jpg","caption":"Julien"},"description":"Je suis Julien, r\u00e9dacteur pour Vie Associative. Passionn\u00e9 par le monde associatif depuis plus de 10 ans, j'ai \u00e0 c\u0153ur de partager des histoires inspirantes et de mettre en lumi\u00e8re les initiatives locales. Mon objectif est de sensibiliser et d'encourager l'engagement communautaire \u00e0 travers mes articles.","sameAs":["https:\/\/vieassociative.be\/"]}]}},"_links":{"self":[{"href":"https:\/\/vieassociative.be\/actualites\/wp-json\/wp\/v2\/posts\/10753"}],"collection":[{"href":"https:\/\/vieassociative.be\/actualites\/wp-json\/wp\/v2\/posts"}],"about":[{"href":"https:\/\/vieassociative.be\/actualites\/wp-json\/wp\/v2\/types\/post"}],"author":[{"embeddable":true,"href":"https:\/\/vieassociative.be\/actualites\/wp-json\/wp\/v2\/users\/1"}],"replies":[{"embeddable":true,"href":"https:\/\/vieassociative.be\/actualites\/wp-json\/wp\/v2\/comments?post=10753"}],"version-history":[{"count":0,"href":"https:\/\/vieassociative.be\/actualites\/wp-json\/wp\/v2\/posts\/10753\/revisions"}],"wp:featuredmedia":[{"embeddable":true,"href":"https:\/\/vieassociative.be\/actualites\/wp-json\/wp\/v2\/media\/10754"}],"wp:attachment":[{"href":"https:\/\/vieassociative.be\/actualites\/wp-json\/wp\/v2\/media?parent=10753"}],"wp:term":[{"taxonomy":"category","embeddable":true,"href":"https:\/\/vieassociative.be\/actualites\/wp-json\/wp\/v2\/categories?post=10753"},{"taxonomy":"post_tag","embeddable":true,"href":"https:\/\/vieassociative.be\/actualites\/wp-json\/wp\/v2\/tags?post=10753"}],"curies":[{"name":"wp","href":"https:\/\/api.w.org\/{rel}","templated":true}]}}