{"id":10751,"date":"2025-10-18T22:17:54","date_gmt":"2025-10-18T20:17:54","guid":{"rendered":"https:\/\/vieassociative.be\/actualites\/le-bayern-munich-remporte-le-meilleur-match-contre-dortmund\/"},"modified":"2025-10-18T22:17:54","modified_gmt":"2025-10-18T20:17:54","slug":"le-bayern-munich-remporte-le-meilleur-match-contre-dortmund","status":"publish","type":"post","link":"https:\/\/vieassociative.be\/actualites\/le-bayern-munich-remporte-le-meilleur-match-contre-dortmund\/","title":{"rendered":"Le Bayern Munich remporte le meilleur match contre Dortmund"},"content":{"rendered":"<p><strong>Le FC Bayern, autour du super attaquant Harry Kane, a c\u00e9l\u00e9br\u00e9 la prochaine victoire de sa saison sans faute et se d\u00e9marque de la concurrence en Bundesliga. Kane et Michael Olise, qui ont excell\u00e9 en tant que buteurs et concepteurs de jeux, ont d\u00e9cid\u00e9 du meilleur match contre le Borussia Dortmund avec leurs buts &#8211; apr\u00e8s le 2-1 (1-0), le BVB est clairement loin.<\/strong><\/p>\n<p><span id=\"more-427558\"><\/span>L&rsquo;usure des occasions de Munich a permis que le classique du football allemand, longtemps \u00e0 sens unique, reste passionnant jusqu&rsquo;\u00e0 la fin et que la premi\u00e8re d\u00e9faite du Borussia de la saison ne soit pas pire. Kane a donn\u00e9 l&rsquo;avantage \u00e0 l&rsquo;\u00e9quipe locale avec une t\u00eate \u00e0 la 22e minute \u2013 Olise a port\u00e9 le score \u00e0 2-0 \u00e0 la 79e minute. Peu de temps apr\u00e8s, Julian Brandt, qui venait d&rsquo;entrer en jeu, r\u00e9duisait le score (84&prime;) &#8211; et les choses se resserraient \u00e0 nouveau.<\/p>\n<p>L\u2019\u00e9quipe munichoise compte d\u00e9sormais onze victoires en autant de matchs toutes comp\u00e9titions confondues. En Bundesliga, l&rsquo;\u00e9quipe de l&rsquo;entra\u00eeneur Vincent Kompany compte cinq points d&rsquo;avance sur le RB Leipzig apr\u00e8s la 7e journ\u00e9e. Dortmund a gliss\u00e9 de la deuxi\u00e8me \u00e0 la quatri\u00e8me place du classement et compte d\u00e9j\u00e0 sept points de retard sur le Bayern.<\/p>\n<div id=\"attachment_427566\" class=\"wp-caption alignleft\" style=\"max-width: 300px\"><img fetchpriority=\"high\" decoding=\"async\" class=\"wp-image-427566 size-medium\" src=\"https:\/\/vieassociative.be\/actualites\/wp-content\/uploads\/2025\/10\/Le-Bayern-Munich-remporte-le-meilleur-match-contre-Dortmund.jpg\" alt=\"\" width=\"300\" height=\"202\"><\/div>\n<p><strong>\u2013 La Bavi\u00e8re domine \u00e0 volont\u00e9 depuis longtemps :<\/strong> \u00ab\u00a0Nous devons \u00eatre comme un poing. Un poing fait plus mal qu&rsquo;une cloche\u00a0\u00bb, a d\u00e9clar\u00e9 l&rsquo;entra\u00eeneur de Dortmund Niko Kovac avant le match. C&rsquo;\u00e9tait un v\u0153u pieux depuis longtemps. L&rsquo;\u00e9quipe du Borussia \u00e9tait loin de marquer des buts efficaces lors de son 113e duel en Bundesliga contre le Bayern.<\/p>\n<p>L&rsquo;\u00e9quipe locale a longtemps domin\u00e9 le jeu \u00e0 volont\u00e9 ; les statisticiens ont mesur\u00e9 pr\u00e8s de 75 pour cent de possession de balle pour l&rsquo;\u00e9quipe de Munich avant la pause. La seule bonne nouvelle pour le BVB \u00e9tait que le score n&rsquo;\u00e9tait que de 1-0 \u00e0 la pause. Apr\u00e8s un corner de Joshua Kimmich, Kane n&rsquo;a \u00e9tonnamment pas \u00e9t\u00e9 incit\u00e9 \u00e0 diriger le ballon ; L&rsquo;adversaire Serhou Guirassy et le gardien Gregor Kobel, qui n&rsquo;ont pas boug\u00e9 sur la ligne, n&rsquo;avaient pas l&rsquo;air bien.<\/p>\n<p><strong>\u2013 De nombreuses opportunit\u00e9s manqu\u00e9es :<\/strong> Au cours d&rsquo;une premi\u00e8re mi-temps \u00e0 sens unique, le Bayern s&rsquo;est lanc\u00e9 \u00e0 plusieurs reprises, mais les ailiers Olise et Luis D\u00edaz, en particulier, n&rsquo;ont pas r\u00e9ussi \u00e0 marquer. Olise a rat\u00e9 une occasion d\u00e8s le d\u00e9but (3e), peu de temps apr\u00e8s, un tir du Fran\u00e7ais a \u00e9t\u00e9 par\u00e9 par le gardien de Dortmund Gregor Kobel (11e), tout comme le tir ult\u00e9rieur de D\u00edaz. Apr\u00e8s un remarquable relais de balle, Olise toucha ensuite le poteau ext\u00e9rieur (36e), le tir de D\u00edaz fut bloqu\u00e9 peu apr\u00e8s au dernier moment.<\/p>\n<p>La d\u00e9fense de Dortmund, dans laquelle l&rsquo;ancien joueur national Niklas S\u00fcle jouait initialement pour Ramy Bensebaini, malade, a \u00e0 peine eu le temps de respirer pendant 45 minutes. \u00ab\u00a0Nous ne pouvons pas garer le bus \u00e0 l&rsquo;arri\u00e8re. Nous devons chercher une issue de secours vers l&rsquo;avant\u00a0\u00bb, a d\u00e9clar\u00e9 l&rsquo;entra\u00eeneur Kovac sur Sky. Il n\u2019y avait aucun signe de cela avant la pause.<\/p>\n<div id=\"attachment_427567\" class=\"wp-caption alignleft\" style=\"max-width: 300px\"><img decoding=\"async\" class=\"wp-image-427567 size-medium\" src=\"https:\/\/vieassociative.be\/actualites\/wp-content\/uploads\/2025\/10\/1760818674_370_Le-Bayern-Munich-remporte-le-meilleur-match-contre-Dortmund.jpg\" alt=\"\" width=\"300\" height=\"228\"><\/div>\n<p>Le Bayern a \u00e9galement d\u00fb remplacer un joueur r\u00e9gulier au pied lev\u00e9 car Serge Gnabry se plaignait de probl\u00e8mes aux adducteurs. Pour le professionnel de la DFB, Kane est pass\u00e9 \u00e0 la dixi\u00e8me position, le nouveau venu de l&rsquo;\u00e9t\u00e9 Nicolas Jackson est mont\u00e9 en t\u00eate. Et c&rsquo;est Kane qui a organis\u00e9 le jeu offensif de Munich, remportant \u00e0 plusieurs reprises des ballons dans sa moiti\u00e9 de terrain et ouvrant la voie \u00e0 des attaques rapides avec des passes intelligentes et pr\u00e9cises. Ce n\u2019est que de l\u2019exploitation des opportunit\u00e9s que l\u2019\u00e9quipe munichoise pouvait se plaindre \u00e0 la pause.<\/p>\n<p><strong>\u2013 Seule menace de but tardive de Dortmund :<\/strong> Dortmund n&rsquo;avait pas perdu trois fois de suite contre le Bayern en Bundesliga &#8211; apr\u00e8s la pause, il \u00e9tait au moins clair qu&rsquo;ils essayaient de continuer cette s\u00e9rie. Devant le s\u00e9lectionneur national Julian Nagelmann, F\u00e9lix Nmecha a eu la premi\u00e8re occasion de marquer de la t\u00eate pour la Westphalie (49e), Guirassy a repouss\u00e9 avec puissance un ballon au-dessus du but (59e).<\/p>\n<p>Mais cela a dur\u00e9 longtemps avec la menace de but de Dortmund. Quand Olise a profit\u00e9 de l&rsquo;incertitude de Dortmund devant son propre but avec un tacle astucieux pour porter le score \u00e0 2-0, le match semblait d\u00e9cid\u00e9. Mais Brandt a \u00e9tonnamment raccourci. (dpa)<\/p>\n","protected":false},"excerpt":{"rendered":"<p>Le FC Bayern, autour du super attaquant Harry Kane, a c\u00e9l\u00e9br\u00e9 la prochaine victoire de sa saison sans faute et se d\u00e9marque de la concurrence<\/p>\n","protected":false},"author":1,"featured_media":10752,"comment_status":"","ping_status":"","sticky":false,"template":"","format":"standard","meta":{"footnotes":""},"categories":[298],"tags":[2298,796,2475,2685,579,3449,2809],"class_list":["post-10751","post","type-post","status-publish","format-standard","has-post-thumbnail","hentry","category-belgique","tag-bayern","tag-contre","tag-dortmund","tag-match","tag-meilleur","tag-munich","tag-remporte","generate-columns","tablet-grid-50","mobile-grid-100","grid-parent","grid-33"],"yoast_head":"<!-- This site is optimized with the Yoast SEO plugin v24.0 - https:\/\/yoast.com\/wordpress\/plugins\/seo\/ -->\n<title>Le Bayern Munich remporte le meilleur match contre Dortmund | Vie Associative<\/title>\n<meta name=\"robots\" content=\"index, follow, max-snippet:-1, max-image-preview:large, max-video-preview:-1\" \/>\n<link rel=\"canonical\" href=\"https:\/\/vieassociative.be\/actualites\/le-bayern-munich-remporte-le-meilleur-match-contre-dortmund\/\" \/>\n<meta property=\"og:locale\" content=\"fr_FR\" \/>\n<meta property=\"og:type\" content=\"article\" \/>\n<meta property=\"og:title\" content=\"Le Bayern Munich remporte le meilleur match contre Dortmund | Vie Associative\" \/>\n<meta property=\"og:description\" content=\"Le FC Bayern, autour du super attaquant Harry Kane, a c\u00e9l\u00e9br\u00e9 la prochaine victoire de sa saison sans faute et se d\u00e9marque de la concurrence\" \/>\n<meta property=\"og:url\" content=\"https:\/\/vieassociative.be\/actualites\/le-bayern-munich-remporte-le-meilleur-match-contre-dortmund\/\" \/>\n<meta property=\"og:site_name\" content=\"Vie Associative\" \/>\n<meta property=\"article:published_time\" content=\"2025-10-18T20:17:54+00:00\" \/>\n<meta property=\"og:image\" content=\"https:\/\/vieassociative.be\/actualites\/wp-content\/uploads\/2024\/09\/header_backgroundk-01-e1726694325946.png\" \/>\n\t<meta property=\"og:image:width\" content=\"279\" \/>\n\t<meta property=\"og:image:height\" content=\"92\" \/>\n\t<meta property=\"og:image:type\" content=\"image\/png\" \/>\n<meta name=\"author\" content=\"Julien\" \/>\n<meta name=\"twitter:card\" content=\"summary_large_image\" \/>\n<meta name=\"twitter:label1\" content=\"\u00c9crit par\" \/>\n\t<meta name=\"twitter:data1\" content=\"Julien\" \/>\n\t<meta name=\"twitter:label2\" content=\"Dur\u00e9e de lecture est.\" \/>\n\t<meta name=\"twitter:data2\" content=\"4 minutes\" \/>\n<script type=\"application\/ld+json\" class=\"yoast-schema-graph\">{\"@context\":\"https:\/\/schema.org\",\"@graph\":[{\"@type\":\"Article\",\"@id\":\"https:\/\/vieassociative.be\/actualites\/le-bayern-munich-remporte-le-meilleur-match-contre-dortmund\/#article\",\"isPartOf\":{\"@id\":\"https:\/\/vieassociative.be\/actualites\/le-bayern-munich-remporte-le-meilleur-match-contre-dortmund\/\"},\"author\":{\"name\":\"Julien\",\"@id\":\"https:\/\/vieassociative.be\/actualites\/#\/schema\/person\/b87ac4f82f9d4e7b7cec7395b679edc4\"},\"headline\":\"Le Bayern Munich remporte le meilleur match contre Dortmund\",\"datePublished\":\"2025-10-18T20:17:54+00:00\",\"dateModified\":\"2025-10-18T20:17:54+00:00\",\"mainEntityOfPage\":{\"@id\":\"https:\/\/vieassociative.be\/actualites\/le-bayern-munich-remporte-le-meilleur-match-contre-dortmund\/\"},\"wordCount\":781,\"publisher\":{\"@id\":\"https:\/\/vieassociative.be\/actualites\/#organization\"},\"image\":{\"@id\":\"https:\/\/vieassociative.be\/actualites\/le-bayern-munich-remporte-le-meilleur-match-contre-dortmund\/#primaryimage\"},\"thumbnailUrl\":\"https:\/\/vieassociative.be\/actualites\/wp-content\/uploads\/2025\/10\/1760818674_Le-Bayern-Munich-remporte-le-meilleur-match-contre-Dortmund.jpg\",\"keywords\":[\"Bayern\",\"contre\",\"Dortmund\",\"match\",\"meilleur\",\"Munich\",\"remport\u00e9\"],\"articleSection\":[\"Belgique\"],\"inLanguage\":\"fr-BE\"},{\"@type\":\"WebPage\",\"@id\":\"https:\/\/vieassociative.be\/actualites\/le-bayern-munich-remporte-le-meilleur-match-contre-dortmund\/\",\"url\":\"https:\/\/vieassociative.be\/actualites\/le-bayern-munich-remporte-le-meilleur-match-contre-dortmund\/\",\"name\":\"Le Bayern Munich remporte le meilleur match contre Dortmund | Vie Associative\",\"isPartOf\":{\"@id\":\"https:\/\/vieassociative.be\/actualites\/#website\"},\"primaryImageOfPage\":{\"@id\":\"https:\/\/vieassociative.be\/actualites\/le-bayern-munich-remporte-le-meilleur-match-contre-dortmund\/#primaryimage\"},\"image\":{\"@id\":\"https:\/\/vieassociative.be\/actualites\/le-bayern-munich-remporte-le-meilleur-match-contre-dortmund\/#primaryimage\"},\"thumbnailUrl\":\"https:\/\/vieassociative.be\/actualites\/wp-content\/uploads\/2025\/10\/1760818674_Le-Bayern-Munich-remporte-le-meilleur-match-contre-Dortmund.jpg\",\"datePublished\":\"2025-10-18T20:17:54+00:00\",\"dateModified\":\"2025-10-18T20:17:54+00:00\",\"breadcrumb\":{\"@id\":\"https:\/\/vieassociative.be\/actualites\/le-bayern-munich-remporte-le-meilleur-match-contre-dortmund\/#breadcrumb\"},\"inLanguage\":\"fr-BE\",\"potentialAction\":[{\"@type\":\"ReadAction\",\"target\":[\"https:\/\/vieassociative.be\/actualites\/le-bayern-munich-remporte-le-meilleur-match-contre-dortmund\/\"]}]},{\"@type\":\"ImageObject\",\"inLanguage\":\"fr-BE\",\"@id\":\"https:\/\/vieassociative.be\/actualites\/le-bayern-munich-remporte-le-meilleur-match-contre-dortmund\/#primaryimage\",\"url\":\"https:\/\/vieassociative.be\/actualites\/wp-content\/uploads\/2025\/10\/1760818674_Le-Bayern-Munich-remporte-le-meilleur-match-contre-Dortmund.jpg\",\"contentUrl\":\"https:\/\/vieassociative.be\/actualites\/wp-content\/uploads\/2025\/10\/1760818674_Le-Bayern-Munich-remporte-le-meilleur-match-contre-Dortmund.jpg\",\"width\":1200,\"height\":822,\"caption\":\"Le Bayern Munich remporte le meilleur match contre Dortmund\"},{\"@type\":\"BreadcrumbList\",\"@id\":\"https:\/\/vieassociative.be\/actualites\/le-bayern-munich-remporte-le-meilleur-match-contre-dortmund\/#breadcrumb\",\"itemListElement\":[{\"@type\":\"ListItem\",\"position\":1,\"name\":\"Accueil\",\"item\":\"https:\/\/vieassociative.be\/actualites\/\"},{\"@type\":\"ListItem\",\"position\":2,\"name\":\"Le Bayern Munich remporte le meilleur match contre Dortmund\"}]},{\"@type\":\"WebSite\",\"@id\":\"https:\/\/vieassociative.be\/actualites\/#website\",\"url\":\"https:\/\/vieassociative.be\/actualites\/\",\"name\":\"Vie Associative\",\"description\":\"\",\"publisher\":{\"@id\":\"https:\/\/vieassociative.be\/actualites\/#organization\"},\"potentialAction\":[{\"@type\":\"SearchAction\",\"target\":{\"@type\":\"EntryPoint\",\"urlTemplate\":\"https:\/\/vieassociative.be\/actualites\/?s={search_term_string}\"},\"query-input\":{\"@type\":\"PropertyValueSpecification\",\"valueRequired\":true,\"valueName\":\"search_term_string\"}}],\"inLanguage\":\"fr-BE\"},{\"@type\":\"Organization\",\"@id\":\"https:\/\/vieassociative.be\/actualites\/#organization\",\"name\":\"Vie Associative\",\"url\":\"https:\/\/vieassociative.be\/actualites\/\",\"logo\":{\"@type\":\"ImageObject\",\"inLanguage\":\"fr-BE\",\"@id\":\"https:\/\/vieassociative.be\/actualites\/#\/schema\/logo\/image\/\",\"url\":\"https:\/\/vieassociative.be\/actualites\/wp-content\/uploads\/2024\/09\/cropped-vieassociative_favicon.ico.png\",\"contentUrl\":\"https:\/\/vieassociative.be\/actualites\/wp-content\/uploads\/2024\/09\/cropped-vieassociative_favicon.ico.png\",\"width\":512,\"height\":512,\"caption\":\"Vie Associative\"},\"image\":{\"@id\":\"https:\/\/vieassociative.be\/actualites\/#\/schema\/logo\/image\/\"}},{\"@type\":\"Person\",\"@id\":\"https:\/\/vieassociative.be\/actualites\/#\/schema\/person\/b87ac4f82f9d4e7b7cec7395b679edc4\",\"name\":\"Julien\",\"image\":{\"@type\":\"ImageObject\",\"inLanguage\":\"fr-BE\",\"@id\":\"https:\/\/vieassociative.be\/actualites\/#\/schema\/person\/image\/\",\"url\":\"https:\/\/vieassociative.be\/actualites\/wp-content\/uploads\/2024\/09\/vie-associative-1-150x150.jpg\",\"contentUrl\":\"https:\/\/vieassociative.be\/actualites\/wp-content\/uploads\/2024\/09\/vie-associative-1-150x150.jpg\",\"caption\":\"Julien\"},\"description\":\"Je suis Julien, r\u00e9dacteur pour Vie Associative. Passionn\u00e9 par le monde associatif depuis plus de 10 ans, j'ai \u00e0 c\u0153ur de partager des histoires inspirantes et de mettre en lumi\u00e8re les initiatives locales. Mon objectif est de sensibiliser et d'encourager l'engagement communautaire \u00e0 travers mes articles.\",\"sameAs\":[\"https:\/\/vieassociative.be\/\"]}]}<\/script>\n<!-- \/ Yoast SEO plugin. -->","yoast_head_json":{"title":"Le Bayern Munich remporte le meilleur match contre Dortmund | Vie Associative","robots":{"index":"index","follow":"follow","max-snippet":"max-snippet:-1","max-image-preview":"max-image-preview:large","max-video-preview":"max-video-preview:-1"},"canonical":"https:\/\/vieassociative.be\/actualites\/le-bayern-munich-remporte-le-meilleur-match-contre-dortmund\/","og_locale":"fr_FR","og_type":"article","og_title":"Le Bayern Munich remporte le meilleur match contre Dortmund | Vie Associative","og_description":"Le FC Bayern, autour du super attaquant Harry Kane, a c\u00e9l\u00e9br\u00e9 la prochaine victoire de sa saison sans faute et se d\u00e9marque de la concurrence","og_url":"https:\/\/vieassociative.be\/actualites\/le-bayern-munich-remporte-le-meilleur-match-contre-dortmund\/","og_site_name":"Vie Associative","article_published_time":"2025-10-18T20:17:54+00:00","og_image":[{"width":279,"height":92,"url":"https:\/\/vieassociative.be\/actualites\/wp-content\/uploads\/2024\/09\/header_backgroundk-01-e1726694325946.png","type":"image\/png"}],"author":"Julien","twitter_card":"summary_large_image","twitter_misc":{"\u00c9crit par":"Julien","Dur\u00e9e de lecture est.":"4 minutes"},"schema":{"@context":"https:\/\/schema.org","@graph":[{"@type":"Article","@id":"https:\/\/vieassociative.be\/actualites\/le-bayern-munich-remporte-le-meilleur-match-contre-dortmund\/#article","isPartOf":{"@id":"https:\/\/vieassociative.be\/actualites\/le-bayern-munich-remporte-le-meilleur-match-contre-dortmund\/"},"author":{"name":"Julien","@id":"https:\/\/vieassociative.be\/actualites\/#\/schema\/person\/b87ac4f82f9d4e7b7cec7395b679edc4"},"headline":"Le Bayern Munich remporte le meilleur match contre Dortmund","datePublished":"2025-10-18T20:17:54+00:00","dateModified":"2025-10-18T20:17:54+00:00","mainEntityOfPage":{"@id":"https:\/\/vieassociative.be\/actualites\/le-bayern-munich-remporte-le-meilleur-match-contre-dortmund\/"},"wordCount":781,"publisher":{"@id":"https:\/\/vieassociative.be\/actualites\/#organization"},"image":{"@id":"https:\/\/vieassociative.be\/actualites\/le-bayern-munich-remporte-le-meilleur-match-contre-dortmund\/#primaryimage"},"thumbnailUrl":"https:\/\/vieassociative.be\/actualites\/wp-content\/uploads\/2025\/10\/1760818674_Le-Bayern-Munich-remporte-le-meilleur-match-contre-Dortmund.jpg","keywords":["Bayern","contre","Dortmund","match","meilleur","Munich","remport\u00e9"],"articleSection":["Belgique"],"inLanguage":"fr-BE"},{"@type":"WebPage","@id":"https:\/\/vieassociative.be\/actualites\/le-bayern-munich-remporte-le-meilleur-match-contre-dortmund\/","url":"https:\/\/vieassociative.be\/actualites\/le-bayern-munich-remporte-le-meilleur-match-contre-dortmund\/","name":"Le Bayern Munich remporte le meilleur match contre Dortmund | Vie Associative","isPartOf":{"@id":"https:\/\/vieassociative.be\/actualites\/#website"},"primaryImageOfPage":{"@id":"https:\/\/vieassociative.be\/actualites\/le-bayern-munich-remporte-le-meilleur-match-contre-dortmund\/#primaryimage"},"image":{"@id":"https:\/\/vieassociative.be\/actualites\/le-bayern-munich-remporte-le-meilleur-match-contre-dortmund\/#primaryimage"},"thumbnailUrl":"https:\/\/vieassociative.be\/actualites\/wp-content\/uploads\/2025\/10\/1760818674_Le-Bayern-Munich-remporte-le-meilleur-match-contre-Dortmund.jpg","datePublished":"2025-10-18T20:17:54+00:00","dateModified":"2025-10-18T20:17:54+00:00","breadcrumb":{"@id":"https:\/\/vieassociative.be\/actualites\/le-bayern-munich-remporte-le-meilleur-match-contre-dortmund\/#breadcrumb"},"inLanguage":"fr-BE","potentialAction":[{"@type":"ReadAction","target":["https:\/\/vieassociative.be\/actualites\/le-bayern-munich-remporte-le-meilleur-match-contre-dortmund\/"]}]},{"@type":"ImageObject","inLanguage":"fr-BE","@id":"https:\/\/vieassociative.be\/actualites\/le-bayern-munich-remporte-le-meilleur-match-contre-dortmund\/#primaryimage","url":"https:\/\/vieassociative.be\/actualites\/wp-content\/uploads\/2025\/10\/1760818674_Le-Bayern-Munich-remporte-le-meilleur-match-contre-Dortmund.jpg","contentUrl":"https:\/\/vieassociative.be\/actualites\/wp-content\/uploads\/2025\/10\/1760818674_Le-Bayern-Munich-remporte-le-meilleur-match-contre-Dortmund.jpg","width":1200,"height":822,"caption":"Le Bayern Munich remporte le meilleur match contre Dortmund"},{"@type":"BreadcrumbList","@id":"https:\/\/vieassociative.be\/actualites\/le-bayern-munich-remporte-le-meilleur-match-contre-dortmund\/#breadcrumb","itemListElement":[{"@type":"ListItem","position":1,"name":"Accueil","item":"https:\/\/vieassociative.be\/actualites\/"},{"@type":"ListItem","position":2,"name":"Le Bayern Munich remporte le meilleur match contre Dortmund"}]},{"@type":"WebSite","@id":"https:\/\/vieassociative.be\/actualites\/#website","url":"https:\/\/vieassociative.be\/actualites\/","name":"Vie Associative","description":"","publisher":{"@id":"https:\/\/vieassociative.be\/actualites\/#organization"},"potentialAction":[{"@type":"SearchAction","target":{"@type":"EntryPoint","urlTemplate":"https:\/\/vieassociative.be\/actualites\/?s={search_term_string}"},"query-input":{"@type":"PropertyValueSpecification","valueRequired":true,"valueName":"search_term_string"}}],"inLanguage":"fr-BE"},{"@type":"Organization","@id":"https:\/\/vieassociative.be\/actualites\/#organization","name":"Vie Associative","url":"https:\/\/vieassociative.be\/actualites\/","logo":{"@type":"ImageObject","inLanguage":"fr-BE","@id":"https:\/\/vieassociative.be\/actualites\/#\/schema\/logo\/image\/","url":"https:\/\/vieassociative.be\/actualites\/wp-content\/uploads\/2024\/09\/cropped-vieassociative_favicon.ico.png","contentUrl":"https:\/\/vieassociative.be\/actualites\/wp-content\/uploads\/2024\/09\/cropped-vieassociative_favicon.ico.png","width":512,"height":512,"caption":"Vie Associative"},"image":{"@id":"https:\/\/vieassociative.be\/actualites\/#\/schema\/logo\/image\/"}},{"@type":"Person","@id":"https:\/\/vieassociative.be\/actualites\/#\/schema\/person\/b87ac4f82f9d4e7b7cec7395b679edc4","name":"Julien","image":{"@type":"ImageObject","inLanguage":"fr-BE","@id":"https:\/\/vieassociative.be\/actualites\/#\/schema\/person\/image\/","url":"https:\/\/vieassociative.be\/actualites\/wp-content\/uploads\/2024\/09\/vie-associative-1-150x150.jpg","contentUrl":"https:\/\/vieassociative.be\/actualites\/wp-content\/uploads\/2024\/09\/vie-associative-1-150x150.jpg","caption":"Julien"},"description":"Je suis Julien, r\u00e9dacteur pour Vie Associative. Passionn\u00e9 par le monde associatif depuis plus de 10 ans, j'ai \u00e0 c\u0153ur de partager des histoires inspirantes et de mettre en lumi\u00e8re les initiatives locales. Mon objectif est de sensibiliser et d'encourager l'engagement communautaire \u00e0 travers mes articles.","sameAs":["https:\/\/vieassociative.be\/"]}]}},"_links":{"self":[{"href":"https:\/\/vieassociative.be\/actualites\/wp-json\/wp\/v2\/posts\/10751"}],"collection":[{"href":"https:\/\/vieassociative.be\/actualites\/wp-json\/wp\/v2\/posts"}],"about":[{"href":"https:\/\/vieassociative.be\/actualites\/wp-json\/wp\/v2\/types\/post"}],"author":[{"embeddable":true,"href":"https:\/\/vieassociative.be\/actualites\/wp-json\/wp\/v2\/users\/1"}],"replies":[{"embeddable":true,"href":"https:\/\/vieassociative.be\/actualites\/wp-json\/wp\/v2\/comments?post=10751"}],"version-history":[{"count":0,"href":"https:\/\/vieassociative.be\/actualites\/wp-json\/wp\/v2\/posts\/10751\/revisions"}],"wp:featuredmedia":[{"embeddable":true,"href":"https:\/\/vieassociative.be\/actualites\/wp-json\/wp\/v2\/media\/10752"}],"wp:attachment":[{"href":"https:\/\/vieassociative.be\/actualites\/wp-json\/wp\/v2\/media?parent=10751"}],"wp:term":[{"taxonomy":"category","embeddable":true,"href":"https:\/\/vieassociative.be\/actualites\/wp-json\/wp\/v2\/categories?post=10751"},{"taxonomy":"post_tag","embeddable":true,"href":"https:\/\/vieassociative.be\/actualites\/wp-json\/wp\/v2\/tags?post=10751"}],"curies":[{"name":"wp","href":"https:\/\/api.w.org\/{rel}","templated":true}]}}