{"id":10749,"date":"2025-10-18T21:18:55","date_gmt":"2025-10-18T19:18:55","guid":{"rendered":"https:\/\/vieassociative.be\/actualites\/lipad-air-m3-est-a-300-de-reduction-en-ce-moment\/"},"modified":"2025-10-18T21:18:55","modified_gmt":"2025-10-18T19:18:55","slug":"lipad-air-m3-est-a-300-de-reduction-en-ce-moment","status":"publish","type":"post","link":"https:\/\/vieassociative.be\/actualites\/lipad-air-m3-est-a-300-de-reduction-en-ce-moment\/","title":{"rendered":"L&rsquo;iPad Air M3 est \u00e0 300 $ de r\u00e9duction en ce moment"},"content":{"rendered":"<div class=\"mt-4 leading-6 md:mb-8\">La version cellulaire 5G avec 512 Go co\u00fbte 300 $ de r\u00e9duction sur son prix normal.<\/div>\n<p><\/p>\n<p><em>Saviez-vous que vous pouvez personnaliser Google pour filtrer les d\u00e9chets\u00a0? Suivez ces \u00e9tapes<\/em><em> pour de meilleurs r\u00e9sultats de recherche, notamment en ajoutant mon travail chez Vie Associative comme source pr\u00e9f\u00e9r\u00e9e<\/em><em>.<\/em><\/p>\n<hr>\n<p>Lorsque le dernier iPad Air dot\u00e9 de la puce M3 est sorti en mars, Jake Peterson, r\u00e9dacteur technique principal de Vie Associative, vous a averti de ne pas l&rsquo;acheter, car ses avantages ne justifiaient pas le prix \u00e9lev\u00e9 par rapport \u00e0 un mod\u00e8le plus ancien. Mais les choses ont chang\u00e9 depuis : le prix du nouvel iPad Air a baiss\u00e9 de 300 $, atteignant son plus bas niveau depuis sa sortie, selon les outils de suivi des prix. Vous pouvez d\u00e9sormais obtenir l&rsquo;iPad Air M3 de 13 pouces avec 512 Go de stockage pour <strong>999,68\u00a0$<\/strong> (\u00e0 l&rsquo;origine 1 249 $).<\/p>\n<div class=\"pogoClear mb-12 mt-10 rounded-md border-2 border-gray-100 py-7 shadow-xl md:py-6\">\n<div class=\"flex flex-wrap justify-between px-7 text-black no-underline md:flex-nowrap md:px-8\">\n<div class=\"order-1 mx-auto flex flex-col justify-center md:order-2 md:ml-4 md:w-full md:grow\">\n<div class=\"block cursor-pointer text-center font-akshar text-2xl font-medium leading-7 text-brand-green duration-200 ease-in-out hover:text-brand-green-700 md:text-left md:text-xl md:leading-6\">iPad Air 13 pouces avec M3 (512 Go)\n                <\/div>\n<div class=\"mt-4 hidden md:flex md:justify-between\">\n<div class=\"self-end\">\n<div class=\"mb-0 h-11 md:flex md:flex-col md:justify-center\">\n<div class=\" font-sans leading-4 text-black\">\n<div class=\"flex flex-wrap items-center justify-center gap-1 md:justify-start\">\n        <span class=\"font-bold\"><\/p>\n<p>            989,68\u00a0$<br \/>\n                            <span class=\"font-medium\">chez Amazon<\/span><br \/>\n                    <\/span>\n            <\/div>\n<div class=\"flex items-center justify-center gap-x-1 font-bold md:justify-start\">\n            <span class=\"text-sm line-through\">1\u00a0249,00\u00a0$<\/span><br \/>\n            <span class=\"text-sm text-brand-green\">\u00c9conomisez 259,32 $<\/span>\n        <\/div>\n<\/p><\/div>\n<\/p><\/div>\n<\/p><\/div>\n<div class=\"w-44 self-end\">\n                            <button class=\"flex justify-center items-center w-full bg-brand-green text-white text-base font-sans font-medium rounded-md hover:bg-brand-green-700 hover:cursor-pointer md:text-sm h-11\"><\/p>\n<p>    Obtenez une offre<br \/>\n<\/button>\n                        <\/div>\n<\/p><\/div>\n<\/p><\/div>\n<div class=\"order-2 mt-5 h-auto w-full md:order-1 md:mt-0 md:hidden\">\n<div class=\"flex aspect-video items-center justify-center\">\n                                            <img decoding=\"async\" class=\"m-0 max-h-full max-w-full rounded-md\" src=\"https:\/\/vieassociative.be\/actualites\/wp-content\/uploads\/2025\/10\/LiPad-Air-M3-est-a-300-de-reduction-en.jpg\" alt=\"Apple iPad Air 13 pouces avec puce M3 Con\u00e7u pour Apple Intelligence, \u00e9cran Liquid Retina, 512 Go, cam\u00e9ra avant\/arri\u00e8re 12 MP, Wi-Fi 6E + 5G cellulaire, Touch ID, autonomie d'une journ\u00e9e \u2013 Starlight\" width=\"auto\" height=\"auto\" loading=\"lazy\">\n                                    <\/div>\n<\/p><\/div>\n<div class=\"order-2 ml-2 hidden w-32 shrink-0 items-center md:order-1 md:ml-0 md:flex\">\n<div class=\"flex aspect-video items-center justify-center\">\n                                            <img decoding=\"async\" class=\"m-0 max-h-full max-w-full rounded-md\" src=\"https:\/\/vieassociative.be\/actualites\/wp-content\/uploads\/2025\/10\/LiPad-Air-M3-est-a-300-de-reduction-en.jpg\" alt=\"Apple iPad Air 13 pouces avec puce M3 Con\u00e7u pour Apple Intelligence, \u00e9cran Liquid Retina, 512 Go, cam\u00e9ra avant\/arri\u00e8re 12 MP, Wi-Fi 6E + 5G cellulaire, Touch ID, autonomie d'une journ\u00e9e \u2013 Starlight\" width=\"auto\" height=\"auto\" loading=\"lazy\">\n                                    <\/div>\n<\/p><\/div>\n<div class=\"order-3 flex grow flex-wrap md:hidden md:grow-0\">\n<div class=\"mt-4 w-full\">\n                        <button class=\"flex justify-center items-center w-full bg-brand-green text-white text-base font-sans font-medium rounded-md hover:bg-brand-green-700 hover:cursor-pointer md:text-sm h-11\"><\/p>\n<p>    Obtenez une offre<br \/>\n<\/button>\n                    <\/div>\n<div class=\"mx-2 mt-4 w-full\">\n<div class=\" font-sans leading-4 text-black\">\n<div class=\"flex flex-wrap items-center justify-center gap-1 md:justify-start\">\n        <span class=\"font-bold\"><\/p>\n<p>            989,68\u00a0$<br \/>\n                            <span class=\"font-medium\">chez Amazon<\/span><br \/>\n                    <\/span>\n            <\/div>\n<div class=\"flex items-center justify-center gap-x-1 font-bold md:justify-start\">\n            <span class=\"text-sm line-through\">1\u00a0249,00\u00a0$<\/span><br \/>\n            <span class=\"text-sm text-brand-green\">\u00c9conomisez 259,32 $<\/span>\n        <\/div>\n<\/p><\/div>\n<\/p><\/div>\n<\/p><\/div>\n<\/p><\/div>\n<\/div>\n<p>La puce M3 domine la puce M2, et plus de puissance signifie \u00e9galement une dur\u00e9e de vie plus longue pour votre iPad. En th\u00e9orie, vous verrez \u00e9galement un multit\u00e2che plus efficace, des applications plus lourdes fonctionnant plus efficacement et une vitesse globale plus \u00e9lev\u00e9e. Comme Jake l&rsquo;a not\u00e9, en ce qui concerne les sp\u00e9cifications, ce nouvel iPad Air fait partie des meilleures tablettes jamais fabriqu\u00e9es par Apple. La puce M3 permet le tra\u00e7age de rayons acc\u00e9l\u00e9r\u00e9 par le mat\u00e9riel, ce qui signifie que les effets d&rsquo;\u00e9clairage dans les jeux et les applications graphiquement intensives sont plus beaux. Mais \u00e0 part la nouvelle puce, il n\u2019y a pas beaucoup de diff\u00e9rence entre celle-ci et l\u2019ancienne version M2.<\/p>\n<p>L&rsquo;iPad Air M3 est livr\u00e9 avec un \u00e9cran d&rsquo;une r\u00e9solution de 2 360 x 1 640 pixels \u00e0 264 ppp ; une cam\u00e9ra frontale Center Stage de 12 MP (qui suit votre visage) ; un appareil photo arri\u00e8re large de 12 MP avec flash, USB-C et Touch ID ; et une autonomie de batterie allant jusqu&rsquo;\u00e0 10 heures, selon l&rsquo;utilisation. Bien s\u00fbr, vous disposerez \u00e9galement d&rsquo;Apple Intelligence (si cela vous int\u00e9resse), et il prend en charge l&rsquo;Apple Pencil, ainsi que le nouveau Magic Keyboard.<\/p>\n<p>Si vous poss\u00e9dez d\u00e9j\u00e0 un M2, il n\u2019y a aucune raison de le mettre \u00e0 niveau. Pour ceux qui recherchent un iPad plus abordable, le mod\u00e8le de base est juste <strong>299\u00a0$<\/strong> (\u00e0 l&rsquo;origine 349 $) pour le moment, et ce sera suffisant pour la plupart des gens. Mais si vous voulez le dernier et le meilleur, l\u2019iPad Air M3 est votre meilleur choix au prix r\u00e9duit actuel.<\/p>\n<hr>\n","protected":false},"excerpt":{"rendered":"<p>La version cellulaire 5G avec 512 Go co\u00fbte 300 $ de r\u00e9duction sur son prix normal. Saviez-vous que vous pouvez personnaliser Google pour filtrer les<\/p>\n","protected":false},"author":1,"featured_media":10750,"comment_status":"","ping_status":"","sticky":false,"template":"","format":"standard","meta":{"footnotes":""},"categories":[13],"tags":[1327,76,2327,1429,308],"class_list":["post-10749","post","type-post","status-publish","format-standard","has-post-thumbnail","hentry","category-technologie","tag-air","tag-est","tag-lipad","tag-moment","tag-reduction","generate-columns","tablet-grid-50","mobile-grid-100","grid-parent","grid-33"],"yoast_head":"<!-- This site is optimized with the Yoast SEO plugin v24.0 - https:\/\/yoast.com\/wordpress\/plugins\/seo\/ -->\n<title>L&#039;iPad Air M3 est \u00e0 300 $ de r\u00e9duction en ce moment | Vie Associative<\/title>\n<meta name=\"robots\" content=\"index, follow, max-snippet:-1, max-image-preview:large, max-video-preview:-1\" \/>\n<link rel=\"canonical\" href=\"https:\/\/vieassociative.be\/actualites\/lipad-air-m3-est-a-300-de-reduction-en-ce-moment\/\" \/>\n<meta property=\"og:locale\" content=\"fr_FR\" \/>\n<meta property=\"og:type\" content=\"article\" \/>\n<meta property=\"og:title\" content=\"L&#039;iPad Air M3 est \u00e0 300 $ de r\u00e9duction en ce moment | Vie Associative\" \/>\n<meta property=\"og:description\" content=\"La version cellulaire 5G avec 512 Go co\u00fbte 300 $ de r\u00e9duction sur son prix normal. Saviez-vous que vous pouvez personnaliser Google pour filtrer les\" \/>\n<meta property=\"og:url\" content=\"https:\/\/vieassociative.be\/actualites\/lipad-air-m3-est-a-300-de-reduction-en-ce-moment\/\" \/>\n<meta property=\"og:site_name\" content=\"Vie Associative\" \/>\n<meta property=\"article:published_time\" content=\"2025-10-18T19:18:55+00:00\" \/>\n<meta property=\"og:image\" content=\"https:\/\/vieassociative.be\/actualites\/wp-content\/uploads\/2025\/10\/LiPad-Air-M3-est-a-300-de-reduction-en.jpg\" \/>\n<meta name=\"author\" content=\"Julien\" \/>\n<meta name=\"twitter:card\" content=\"summary_large_image\" \/>\n<meta name=\"twitter:label1\" content=\"\u00c9crit par\" \/>\n\t<meta name=\"twitter:data1\" content=\"Julien\" \/>\n\t<meta name=\"twitter:label2\" content=\"Dur\u00e9e de lecture est.\" \/>\n\t<meta name=\"twitter:data2\" content=\"2 minutes\" \/>\n<script type=\"application\/ld+json\" class=\"yoast-schema-graph\">{\"@context\":\"https:\/\/schema.org\",\"@graph\":[{\"@type\":\"Article\",\"@id\":\"https:\/\/vieassociative.be\/actualites\/lipad-air-m3-est-a-300-de-reduction-en-ce-moment\/#article\",\"isPartOf\":{\"@id\":\"https:\/\/vieassociative.be\/actualites\/lipad-air-m3-est-a-300-de-reduction-en-ce-moment\/\"},\"author\":{\"name\":\"Julien\",\"@id\":\"https:\/\/vieassociative.be\/actualites\/#\/schema\/person\/b87ac4f82f9d4e7b7cec7395b679edc4\"},\"headline\":\"L&rsquo;iPad Air M3 est \u00e0 300 $ de r\u00e9duction en ce moment\",\"datePublished\":\"2025-10-18T19:18:55+00:00\",\"dateModified\":\"2025-10-18T19:18:55+00:00\",\"mainEntityOfPage\":{\"@id\":\"https:\/\/vieassociative.be\/actualites\/lipad-air-m3-est-a-300-de-reduction-en-ce-moment\/\"},\"wordCount\":455,\"publisher\":{\"@id\":\"https:\/\/vieassociative.be\/actualites\/#organization\"},\"image\":{\"@id\":\"https:\/\/vieassociative.be\/actualites\/lipad-air-m3-est-a-300-de-reduction-en-ce-moment\/#primaryimage\"},\"thumbnailUrl\":\"https:\/\/vieassociative.be\/actualites\/wp-content\/uploads\/2025\/10\/LiPad-Air-M3-est-a-300-de-reduction-en.png\",\"keywords\":[\"air\",\"est\",\"liPad\",\"moment\",\"r\u00e9duction\"],\"articleSection\":[\"Technologie\"],\"inLanguage\":\"fr-BE\"},{\"@type\":\"WebPage\",\"@id\":\"https:\/\/vieassociative.be\/actualites\/lipad-air-m3-est-a-300-de-reduction-en-ce-moment\/\",\"url\":\"https:\/\/vieassociative.be\/actualites\/lipad-air-m3-est-a-300-de-reduction-en-ce-moment\/\",\"name\":\"L'iPad Air M3 est \u00e0 300 $ de r\u00e9duction en ce moment | Vie Associative\",\"isPartOf\":{\"@id\":\"https:\/\/vieassociative.be\/actualites\/#website\"},\"primaryImageOfPage\":{\"@id\":\"https:\/\/vieassociative.be\/actualites\/lipad-air-m3-est-a-300-de-reduction-en-ce-moment\/#primaryimage\"},\"image\":{\"@id\":\"https:\/\/vieassociative.be\/actualites\/lipad-air-m3-est-a-300-de-reduction-en-ce-moment\/#primaryimage\"},\"thumbnailUrl\":\"https:\/\/vieassociative.be\/actualites\/wp-content\/uploads\/2025\/10\/LiPad-Air-M3-est-a-300-de-reduction-en.png\",\"datePublished\":\"2025-10-18T19:18:55+00:00\",\"dateModified\":\"2025-10-18T19:18:55+00:00\",\"breadcrumb\":{\"@id\":\"https:\/\/vieassociative.be\/actualites\/lipad-air-m3-est-a-300-de-reduction-en-ce-moment\/#breadcrumb\"},\"inLanguage\":\"fr-BE\",\"potentialAction\":[{\"@type\":\"ReadAction\",\"target\":[\"https:\/\/vieassociative.be\/actualites\/lipad-air-m3-est-a-300-de-reduction-en-ce-moment\/\"]}]},{\"@type\":\"ImageObject\",\"inLanguage\":\"fr-BE\",\"@id\":\"https:\/\/vieassociative.be\/actualites\/lipad-air-m3-est-a-300-de-reduction-en-ce-moment\/#primaryimage\",\"url\":\"https:\/\/vieassociative.be\/actualites\/wp-content\/uploads\/2025\/10\/LiPad-Air-M3-est-a-300-de-reduction-en.png\",\"contentUrl\":\"https:\/\/vieassociative.be\/actualites\/wp-content\/uploads\/2025\/10\/LiPad-Air-M3-est-a-300-de-reduction-en.png\",\"width\":1200,\"height\":675,\"caption\":\"L'iPad Air M3 est \u00e0 300 $ de r\u00e9duction en ce moment\"},{\"@type\":\"BreadcrumbList\",\"@id\":\"https:\/\/vieassociative.be\/actualites\/lipad-air-m3-est-a-300-de-reduction-en-ce-moment\/#breadcrumb\",\"itemListElement\":[{\"@type\":\"ListItem\",\"position\":1,\"name\":\"Accueil\",\"item\":\"https:\/\/vieassociative.be\/actualites\/\"},{\"@type\":\"ListItem\",\"position\":2,\"name\":\"L&rsquo;iPad Air M3 est \u00e0 300 $ de r\u00e9duction en ce moment\"}]},{\"@type\":\"WebSite\",\"@id\":\"https:\/\/vieassociative.be\/actualites\/#website\",\"url\":\"https:\/\/vieassociative.be\/actualites\/\",\"name\":\"Vie Associative\",\"description\":\"\",\"publisher\":{\"@id\":\"https:\/\/vieassociative.be\/actualites\/#organization\"},\"potentialAction\":[{\"@type\":\"SearchAction\",\"target\":{\"@type\":\"EntryPoint\",\"urlTemplate\":\"https:\/\/vieassociative.be\/actualites\/?s={search_term_string}\"},\"query-input\":{\"@type\":\"PropertyValueSpecification\",\"valueRequired\":true,\"valueName\":\"search_term_string\"}}],\"inLanguage\":\"fr-BE\"},{\"@type\":\"Organization\",\"@id\":\"https:\/\/vieassociative.be\/actualites\/#organization\",\"name\":\"Vie Associative\",\"url\":\"https:\/\/vieassociative.be\/actualites\/\",\"logo\":{\"@type\":\"ImageObject\",\"inLanguage\":\"fr-BE\",\"@id\":\"https:\/\/vieassociative.be\/actualites\/#\/schema\/logo\/image\/\",\"url\":\"https:\/\/vieassociative.be\/actualites\/wp-content\/uploads\/2024\/09\/cropped-vieassociative_favicon.ico.png\",\"contentUrl\":\"https:\/\/vieassociative.be\/actualites\/wp-content\/uploads\/2024\/09\/cropped-vieassociative_favicon.ico.png\",\"width\":512,\"height\":512,\"caption\":\"Vie Associative\"},\"image\":{\"@id\":\"https:\/\/vieassociative.be\/actualites\/#\/schema\/logo\/image\/\"}},{\"@type\":\"Person\",\"@id\":\"https:\/\/vieassociative.be\/actualites\/#\/schema\/person\/b87ac4f82f9d4e7b7cec7395b679edc4\",\"name\":\"Julien\",\"image\":{\"@type\":\"ImageObject\",\"inLanguage\":\"fr-BE\",\"@id\":\"https:\/\/vieassociative.be\/actualites\/#\/schema\/person\/image\/\",\"url\":\"https:\/\/vieassociative.be\/actualites\/wp-content\/uploads\/2024\/09\/vie-associative-1-150x150.jpg\",\"contentUrl\":\"https:\/\/vieassociative.be\/actualites\/wp-content\/uploads\/2024\/09\/vie-associative-1-150x150.jpg\",\"caption\":\"Julien\"},\"description\":\"Je suis Julien, r\u00e9dacteur pour Vie Associative. Passionn\u00e9 par le monde associatif depuis plus de 10 ans, j'ai \u00e0 c\u0153ur de partager des histoires inspirantes et de mettre en lumi\u00e8re les initiatives locales. Mon objectif est de sensibiliser et d'encourager l'engagement communautaire \u00e0 travers mes articles.\",\"sameAs\":[\"https:\/\/vieassociative.be\/\"]}]}<\/script>\n<!-- \/ Yoast SEO plugin. -->","yoast_head_json":{"title":"L'iPad Air M3 est \u00e0 300 $ de r\u00e9duction en ce moment | Vie Associative","robots":{"index":"index","follow":"follow","max-snippet":"max-snippet:-1","max-image-preview":"max-image-preview:large","max-video-preview":"max-video-preview:-1"},"canonical":"https:\/\/vieassociative.be\/actualites\/lipad-air-m3-est-a-300-de-reduction-en-ce-moment\/","og_locale":"fr_FR","og_type":"article","og_title":"L'iPad Air M3 est \u00e0 300 $ de r\u00e9duction en ce moment | Vie Associative","og_description":"La version cellulaire 5G avec 512 Go co\u00fbte 300 $ de r\u00e9duction sur son prix normal. Saviez-vous que vous pouvez personnaliser Google pour filtrer les","og_url":"https:\/\/vieassociative.be\/actualites\/lipad-air-m3-est-a-300-de-reduction-en-ce-moment\/","og_site_name":"Vie Associative","article_published_time":"2025-10-18T19:18:55+00:00","og_image":[{"url":"https:\/\/vieassociative.be\/actualites\/wp-content\/uploads\/2025\/10\/LiPad-Air-M3-est-a-300-de-reduction-en.jpg","type":"","width":"","height":""}],"author":"Julien","twitter_card":"summary_large_image","twitter_misc":{"\u00c9crit par":"Julien","Dur\u00e9e de lecture est.":"2 minutes"},"schema":{"@context":"https:\/\/schema.org","@graph":[{"@type":"Article","@id":"https:\/\/vieassociative.be\/actualites\/lipad-air-m3-est-a-300-de-reduction-en-ce-moment\/#article","isPartOf":{"@id":"https:\/\/vieassociative.be\/actualites\/lipad-air-m3-est-a-300-de-reduction-en-ce-moment\/"},"author":{"name":"Julien","@id":"https:\/\/vieassociative.be\/actualites\/#\/schema\/person\/b87ac4f82f9d4e7b7cec7395b679edc4"},"headline":"L&rsquo;iPad Air M3 est \u00e0 300 $ de r\u00e9duction en ce moment","datePublished":"2025-10-18T19:18:55+00:00","dateModified":"2025-10-18T19:18:55+00:00","mainEntityOfPage":{"@id":"https:\/\/vieassociative.be\/actualites\/lipad-air-m3-est-a-300-de-reduction-en-ce-moment\/"},"wordCount":455,"publisher":{"@id":"https:\/\/vieassociative.be\/actualites\/#organization"},"image":{"@id":"https:\/\/vieassociative.be\/actualites\/lipad-air-m3-est-a-300-de-reduction-en-ce-moment\/#primaryimage"},"thumbnailUrl":"https:\/\/vieassociative.be\/actualites\/wp-content\/uploads\/2025\/10\/LiPad-Air-M3-est-a-300-de-reduction-en.png","keywords":["air","est","liPad","moment","r\u00e9duction"],"articleSection":["Technologie"],"inLanguage":"fr-BE"},{"@type":"WebPage","@id":"https:\/\/vieassociative.be\/actualites\/lipad-air-m3-est-a-300-de-reduction-en-ce-moment\/","url":"https:\/\/vieassociative.be\/actualites\/lipad-air-m3-est-a-300-de-reduction-en-ce-moment\/","name":"L'iPad Air M3 est \u00e0 300 $ de r\u00e9duction en ce moment | Vie Associative","isPartOf":{"@id":"https:\/\/vieassociative.be\/actualites\/#website"},"primaryImageOfPage":{"@id":"https:\/\/vieassociative.be\/actualites\/lipad-air-m3-est-a-300-de-reduction-en-ce-moment\/#primaryimage"},"image":{"@id":"https:\/\/vieassociative.be\/actualites\/lipad-air-m3-est-a-300-de-reduction-en-ce-moment\/#primaryimage"},"thumbnailUrl":"https:\/\/vieassociative.be\/actualites\/wp-content\/uploads\/2025\/10\/LiPad-Air-M3-est-a-300-de-reduction-en.png","datePublished":"2025-10-18T19:18:55+00:00","dateModified":"2025-10-18T19:18:55+00:00","breadcrumb":{"@id":"https:\/\/vieassociative.be\/actualites\/lipad-air-m3-est-a-300-de-reduction-en-ce-moment\/#breadcrumb"},"inLanguage":"fr-BE","potentialAction":[{"@type":"ReadAction","target":["https:\/\/vieassociative.be\/actualites\/lipad-air-m3-est-a-300-de-reduction-en-ce-moment\/"]}]},{"@type":"ImageObject","inLanguage":"fr-BE","@id":"https:\/\/vieassociative.be\/actualites\/lipad-air-m3-est-a-300-de-reduction-en-ce-moment\/#primaryimage","url":"https:\/\/vieassociative.be\/actualites\/wp-content\/uploads\/2025\/10\/LiPad-Air-M3-est-a-300-de-reduction-en.png","contentUrl":"https:\/\/vieassociative.be\/actualites\/wp-content\/uploads\/2025\/10\/LiPad-Air-M3-est-a-300-de-reduction-en.png","width":1200,"height":675,"caption":"L'iPad Air M3 est \u00e0 300 $ de r\u00e9duction en ce moment"},{"@type":"BreadcrumbList","@id":"https:\/\/vieassociative.be\/actualites\/lipad-air-m3-est-a-300-de-reduction-en-ce-moment\/#breadcrumb","itemListElement":[{"@type":"ListItem","position":1,"name":"Accueil","item":"https:\/\/vieassociative.be\/actualites\/"},{"@type":"ListItem","position":2,"name":"L&rsquo;iPad Air M3 est \u00e0 300 $ de r\u00e9duction en ce moment"}]},{"@type":"WebSite","@id":"https:\/\/vieassociative.be\/actualites\/#website","url":"https:\/\/vieassociative.be\/actualites\/","name":"Vie Associative","description":"","publisher":{"@id":"https:\/\/vieassociative.be\/actualites\/#organization"},"potentialAction":[{"@type":"SearchAction","target":{"@type":"EntryPoint","urlTemplate":"https:\/\/vieassociative.be\/actualites\/?s={search_term_string}"},"query-input":{"@type":"PropertyValueSpecification","valueRequired":true,"valueName":"search_term_string"}}],"inLanguage":"fr-BE"},{"@type":"Organization","@id":"https:\/\/vieassociative.be\/actualites\/#organization","name":"Vie Associative","url":"https:\/\/vieassociative.be\/actualites\/","logo":{"@type":"ImageObject","inLanguage":"fr-BE","@id":"https:\/\/vieassociative.be\/actualites\/#\/schema\/logo\/image\/","url":"https:\/\/vieassociative.be\/actualites\/wp-content\/uploads\/2024\/09\/cropped-vieassociative_favicon.ico.png","contentUrl":"https:\/\/vieassociative.be\/actualites\/wp-content\/uploads\/2024\/09\/cropped-vieassociative_favicon.ico.png","width":512,"height":512,"caption":"Vie Associative"},"image":{"@id":"https:\/\/vieassociative.be\/actualites\/#\/schema\/logo\/image\/"}},{"@type":"Person","@id":"https:\/\/vieassociative.be\/actualites\/#\/schema\/person\/b87ac4f82f9d4e7b7cec7395b679edc4","name":"Julien","image":{"@type":"ImageObject","inLanguage":"fr-BE","@id":"https:\/\/vieassociative.be\/actualites\/#\/schema\/person\/image\/","url":"https:\/\/vieassociative.be\/actualites\/wp-content\/uploads\/2024\/09\/vie-associative-1-150x150.jpg","contentUrl":"https:\/\/vieassociative.be\/actualites\/wp-content\/uploads\/2024\/09\/vie-associative-1-150x150.jpg","caption":"Julien"},"description":"Je suis Julien, r\u00e9dacteur pour Vie Associative. Passionn\u00e9 par le monde associatif depuis plus de 10 ans, j'ai \u00e0 c\u0153ur de partager des histoires inspirantes et de mettre en lumi\u00e8re les initiatives locales. Mon objectif est de sensibiliser et d'encourager l'engagement communautaire \u00e0 travers mes articles.","sameAs":["https:\/\/vieassociative.be\/"]}]}},"_links":{"self":[{"href":"https:\/\/vieassociative.be\/actualites\/wp-json\/wp\/v2\/posts\/10749"}],"collection":[{"href":"https:\/\/vieassociative.be\/actualites\/wp-json\/wp\/v2\/posts"}],"about":[{"href":"https:\/\/vieassociative.be\/actualites\/wp-json\/wp\/v2\/types\/post"}],"author":[{"embeddable":true,"href":"https:\/\/vieassociative.be\/actualites\/wp-json\/wp\/v2\/users\/1"}],"replies":[{"embeddable":true,"href":"https:\/\/vieassociative.be\/actualites\/wp-json\/wp\/v2\/comments?post=10749"}],"version-history":[{"count":0,"href":"https:\/\/vieassociative.be\/actualites\/wp-json\/wp\/v2\/posts\/10749\/revisions"}],"wp:featuredmedia":[{"embeddable":true,"href":"https:\/\/vieassociative.be\/actualites\/wp-json\/wp\/v2\/media\/10750"}],"wp:attachment":[{"href":"https:\/\/vieassociative.be\/actualites\/wp-json\/wp\/v2\/media?parent=10749"}],"wp:term":[{"taxonomy":"category","embeddable":true,"href":"https:\/\/vieassociative.be\/actualites\/wp-json\/wp\/v2\/categories?post=10749"},{"taxonomy":"post_tag","embeddable":true,"href":"https:\/\/vieassociative.be\/actualites\/wp-json\/wp\/v2\/tags?post=10749"}],"curies":[{"name":"wp","href":"https:\/\/api.w.org\/{rel}","templated":true}]}}