{"id":10747,"date":"2025-10-18T16:16:57","date_gmt":"2025-10-18T14:16:57","guid":{"rendered":"https:\/\/vieassociative.be\/actualites\/la-criminalite-ne-sarrete-pas-aux-frontieres-nationales-mesures-de-controle-trinationales-par-la-police-et-les-douanes\/"},"modified":"2025-10-18T16:16:57","modified_gmt":"2025-10-18T14:16:57","slug":"la-criminalite-ne-sarrete-pas-aux-frontieres-nationales-mesures-de-controle-trinationales-par-la-police-et-les-douanes","status":"publish","type":"post","link":"https:\/\/vieassociative.be\/actualites\/la-criminalite-ne-sarrete-pas-aux-frontieres-nationales-mesures-de-controle-trinationales-par-la-police-et-les-douanes\/","title":{"rendered":"La criminalit\u00e9 ne s&rsquo;arr\u00eate pas aux fronti\u00e8res nationales &#8211; mesures de contr\u00f4le trinationales par la police et les douanes"},"content":{"rendered":"<p><strong>Le vendredi 17 octobre 2025, de vastes mesures de contr\u00f4le trinationales ont eu lieu dans la zone de l&rsquo;Euregio Meuse-Rhin jusqu&rsquo;en soir\u00e9e. Plus de 400 services d&rsquo;urgence des trois pays ont \u00e9t\u00e9 mobilis\u00e9s.<\/strong><\/p>\n<p><span id=\"more-427525\"><\/span>Du c\u00f4t\u00e9 n\u00e9erlandais, la Politie Limburg et la Koninklijke Marechaussee ont \u00e9t\u00e9 impliqu\u00e9es.<br \/>\nDu c\u00f4t\u00e9 allemand, la police f\u00e9d\u00e9rale, les pr\u00e9fectures de police d&rsquo;Aix-la-Chapelle et de Cologne, les polices des arrondissements de Heinsberg, D\u00fcren et Euskirchen, la douane d&rsquo;Aix-la-Chapelle et, du c\u00f4t\u00e9 belge, les zones de police Weser-G\u00f6hl et Eifel, la police f\u00e9d\u00e9rale d&rsquo;Eupen, la police des autoroutes de Li\u00e8ge, la police des chemins de fer et la douane d&rsquo;Eupen.<\/p>\n<p>Les objectifs des contr\u00f4les de police en question comprenaient la lutte contre les infractions li\u00e9es \u00e0 l&rsquo;alcool et aux drogues dans la circulation routi\u00e8re et la lutte contre la criminalit\u00e9, en mettant l&rsquo;accent sur les cambriolages d&rsquo;habitations, les infractions BtM et l&rsquo;entr\u00e9e ill\u00e9gale ou la contrebande.<\/p>\n<\/p>\n<div id=\"attachment_363296\" class=\"wp-caption alignleft\" style=\"max-width: 300px\"><img fetchpriority=\"high\" decoding=\"async\" class=\"wp-image-363296 size-medium\" src=\"https:\/\/vieassociative.be\/actualites\/wp-content\/uploads\/2025\/10\/La-criminalite-ne-sarrete-pas-aux-frontieres-nationales-mesures.jpg\" alt=\"\" width=\"300\" height=\"200\"><\/div>\n<p>Par ailleurs, des contr\u00f4les du transport de marchandises ont \u00e9t\u00e9 effectu\u00e9s. Au total, 1 987 v\u00e9hicules et 1 517 personnes ont \u00e9t\u00e9 contr\u00f4l\u00e9s.<\/p>\n<p>Ce qui suit a \u00e9t\u00e9 d\u00e9termin\u00e9\u00a0:<\/p>\n<p>\u2013 8 infractions \u00e0 la loi sur les stup\u00e9fiants.<\/p>\n<p>\u2013 10 violations du droit de s\u00e9jour des \u00e9trangers.<\/p>\n<p>\u2013 1 mandat d\u2019arr\u00eat a \u00e9t\u00e9 ex\u00e9cut\u00e9.<\/p>\n<p>\u2013 9 autres violations du droit p\u00e9nal ont \u00e9t\u00e9 identifi\u00e9es.<\/p>\n<p>\u2013 20 personnes ont \u00e9t\u00e9 arr\u00eat\u00e9es pour conduite sous l\u2019emprise de l\u2019alcool.<\/p>\n<p>\u2013 9 personnes ont \u00e9t\u00e9 enregistr\u00e9es car elles n&rsquo;avaient pas de permis de conduire valide pour leur v\u00e9hicule.<\/p>\n<p>\u2013 3 personnes ont \u00e9t\u00e9 arr\u00eat\u00e9es.<\/p>\n<p>\u2013 17 personnes ont subi une prise de sang pour conduite sous influence.<\/p>\n<p>\u2013 113 infractions administratives ont \u00e9t\u00e9 identifi\u00e9es.<\/p>\n<p>\u2013 771 journaux d&rsquo;avertissement et de trafic ont \u00e9t\u00e9 cr\u00e9\u00e9s.<\/p>\n<p>\u2013 Des amendes d&rsquo;un montant total de 26 392 euros ont \u00e9t\u00e9 inflig\u00e9es lors de contr\u00f4les de poids lourds.<\/p>\n<p>La criminalit\u00e9 ne s&rsquo;arr\u00eate pas aux fronti\u00e8res nationales. Au contraire : les criminels profitent de la nature particuli\u00e8re des fronti\u00e8res de la r\u00e9gion pour commettre leurs crimes. Il est donc essentiel que les autorit\u00e9s travaillent ensemble au-del\u00e0 des fronti\u00e8res et am\u00e9liorent ainsi la s\u00e9curit\u00e9 des plus de 4 millions d&rsquo;habitants de l&rsquo;Euregio Meuse-Rhin, indique le communiqu\u00e9 de presse de la zone de police Weser-G\u00f6hl. (cr\u00e9er)<\/p>\n","protected":false},"excerpt":{"rendered":"<p>Le vendredi 17 octobre 2025, de vastes mesures de contr\u00f4le trinationales ont eu lieu dans la zone de l&rsquo;Euregio Meuse-Rhin jusqu&rsquo;en soir\u00e9e. Plus de 400<\/p>\n","protected":false},"author":1,"featured_media":10748,"comment_status":"","ping_status":"","sticky":false,"template":"","format":"standard","meta":{"footnotes":""},"categories":[298],"tags":[289,360,4429,6150,361,14,5331,7420,676,126,2741,7325,8950],"class_list":["post-10747","post","type-post","status-publish","format-standard","has-post-thumbnail","hentry","category-belgique","tag-aux","tag-controle","tag-criminalite","tag-douanes","tag-frontieres","tag-les","tag-mesures","tag-nationales","tag-par","tag-pas","tag-police","tag-sarrete","tag-trinationales","generate-columns","tablet-grid-50","mobile-grid-100","grid-parent","grid-33"],"yoast_head":"<!-- This site is optimized with the Yoast SEO plugin v24.0 - https:\/\/yoast.com\/wordpress\/plugins\/seo\/ -->\n<title>La criminalit\u00e9 ne s&#039;arr\u00eate pas aux fronti\u00e8res nationales - mesures de contr\u00f4le trinationales par la police et les douanes | Vie Associative<\/title>\n<meta name=\"robots\" content=\"index, follow, max-snippet:-1, max-image-preview:large, max-video-preview:-1\" \/>\n<link rel=\"canonical\" href=\"https:\/\/vieassociative.be\/actualites\/la-criminalite-ne-sarrete-pas-aux-frontieres-nationales-mesures-de-controle-trinationales-par-la-police-et-les-douanes\/\" \/>\n<meta property=\"og:locale\" content=\"fr_FR\" \/>\n<meta property=\"og:type\" content=\"article\" \/>\n<meta property=\"og:title\" content=\"La criminalit\u00e9 ne s&#039;arr\u00eate pas aux fronti\u00e8res nationales - mesures de contr\u00f4le trinationales par la police et les douanes | Vie Associative\" \/>\n<meta property=\"og:description\" content=\"Le vendredi 17 octobre 2025, de vastes mesures de contr\u00f4le trinationales ont eu lieu dans la zone de l&rsquo;Euregio Meuse-Rhin jusqu&rsquo;en soir\u00e9e. Plus de 400\" \/>\n<meta property=\"og:url\" content=\"https:\/\/vieassociative.be\/actualites\/la-criminalite-ne-sarrete-pas-aux-frontieres-nationales-mesures-de-controle-trinationales-par-la-police-et-les-douanes\/\" \/>\n<meta property=\"og:site_name\" content=\"Vie Associative\" \/>\n<meta property=\"article:published_time\" content=\"2025-10-18T14:16:57+00:00\" \/>\n<meta property=\"og:image\" content=\"https:\/\/vieassociative.be\/actualites\/wp-content\/uploads\/2024\/09\/header_backgroundk-01-e1726694325946.png\" \/>\n\t<meta property=\"og:image:width\" content=\"279\" \/>\n\t<meta property=\"og:image:height\" content=\"92\" \/>\n\t<meta property=\"og:image:type\" content=\"image\/png\" \/>\n<meta name=\"author\" content=\"Julien\" \/>\n<meta name=\"twitter:card\" content=\"summary_large_image\" \/>\n<meta name=\"twitter:label1\" content=\"\u00c9crit par\" \/>\n\t<meta name=\"twitter:data1\" content=\"Julien\" \/>\n\t<meta name=\"twitter:label2\" content=\"Dur\u00e9e de lecture est.\" \/>\n\t<meta name=\"twitter:data2\" content=\"2 minutes\" \/>\n<script type=\"application\/ld+json\" class=\"yoast-schema-graph\">{\"@context\":\"https:\/\/schema.org\",\"@graph\":[{\"@type\":\"Article\",\"@id\":\"https:\/\/vieassociative.be\/actualites\/la-criminalite-ne-sarrete-pas-aux-frontieres-nationales-mesures-de-controle-trinationales-par-la-police-et-les-douanes\/#article\",\"isPartOf\":{\"@id\":\"https:\/\/vieassociative.be\/actualites\/la-criminalite-ne-sarrete-pas-aux-frontieres-nationales-mesures-de-controle-trinationales-par-la-police-et-les-douanes\/\"},\"author\":{\"name\":\"Julien\",\"@id\":\"https:\/\/vieassociative.be\/actualites\/#\/schema\/person\/b87ac4f82f9d4e7b7cec7395b679edc4\"},\"headline\":\"La criminalit\u00e9 ne s&rsquo;arr\u00eate pas aux fronti\u00e8res nationales &#8211; mesures de contr\u00f4le trinationales par la police et les douanes\",\"datePublished\":\"2025-10-18T14:16:57+00:00\",\"dateModified\":\"2025-10-18T14:16:57+00:00\",\"mainEntityOfPage\":{\"@id\":\"https:\/\/vieassociative.be\/actualites\/la-criminalite-ne-sarrete-pas-aux-frontieres-nationales-mesures-de-controle-trinationales-par-la-police-et-les-douanes\/\"},\"wordCount\":426,\"publisher\":{\"@id\":\"https:\/\/vieassociative.be\/actualites\/#organization\"},\"image\":{\"@id\":\"https:\/\/vieassociative.be\/actualites\/la-criminalite-ne-sarrete-pas-aux-frontieres-nationales-mesures-de-controle-trinationales-par-la-police-et-les-douanes\/#primaryimage\"},\"thumbnailUrl\":\"https:\/\/vieassociative.be\/actualites\/wp-content\/uploads\/2025\/10\/La-criminalite-ne-sarrete-pas-aux-frontieres-nationales-mesures.jpeg\",\"keywords\":[\"aux\",\"contr\u00f4le\",\"criminalit\u00e9\",\"douanes\",\"fronti\u00e8res\",\"Les\",\"mesures\",\"nationales\",\"par\",\"pas\",\"police\",\"sarr\u00eate\",\"trinationales\"],\"articleSection\":[\"Belgique\"],\"inLanguage\":\"fr-BE\"},{\"@type\":\"WebPage\",\"@id\":\"https:\/\/vieassociative.be\/actualites\/la-criminalite-ne-sarrete-pas-aux-frontieres-nationales-mesures-de-controle-trinationales-par-la-police-et-les-douanes\/\",\"url\":\"https:\/\/vieassociative.be\/actualites\/la-criminalite-ne-sarrete-pas-aux-frontieres-nationales-mesures-de-controle-trinationales-par-la-police-et-les-douanes\/\",\"name\":\"La criminalit\u00e9 ne s'arr\u00eate pas aux fronti\u00e8res nationales - mesures de contr\u00f4le trinationales par la police et les douanes | Vie Associative\",\"isPartOf\":{\"@id\":\"https:\/\/vieassociative.be\/actualites\/#website\"},\"primaryImageOfPage\":{\"@id\":\"https:\/\/vieassociative.be\/actualites\/la-criminalite-ne-sarrete-pas-aux-frontieres-nationales-mesures-de-controle-trinationales-par-la-police-et-les-douanes\/#primaryimage\"},\"image\":{\"@id\":\"https:\/\/vieassociative.be\/actualites\/la-criminalite-ne-sarrete-pas-aux-frontieres-nationales-mesures-de-controle-trinationales-par-la-police-et-les-douanes\/#primaryimage\"},\"thumbnailUrl\":\"https:\/\/vieassociative.be\/actualites\/wp-content\/uploads\/2025\/10\/La-criminalite-ne-sarrete-pas-aux-frontieres-nationales-mesures.jpeg\",\"datePublished\":\"2025-10-18T14:16:57+00:00\",\"dateModified\":\"2025-10-18T14:16:57+00:00\",\"breadcrumb\":{\"@id\":\"https:\/\/vieassociative.be\/actualites\/la-criminalite-ne-sarrete-pas-aux-frontieres-nationales-mesures-de-controle-trinationales-par-la-police-et-les-douanes\/#breadcrumb\"},\"inLanguage\":\"fr-BE\",\"potentialAction\":[{\"@type\":\"ReadAction\",\"target\":[\"https:\/\/vieassociative.be\/actualites\/la-criminalite-ne-sarrete-pas-aux-frontieres-nationales-mesures-de-controle-trinationales-par-la-police-et-les-douanes\/\"]}]},{\"@type\":\"ImageObject\",\"inLanguage\":\"fr-BE\",\"@id\":\"https:\/\/vieassociative.be\/actualites\/la-criminalite-ne-sarrete-pas-aux-frontieres-nationales-mesures-de-controle-trinationales-par-la-police-et-les-douanes\/#primaryimage\",\"url\":\"https:\/\/vieassociative.be\/actualites\/wp-content\/uploads\/2025\/10\/La-criminalite-ne-sarrete-pas-aux-frontieres-nationales-mesures.jpeg\",\"contentUrl\":\"https:\/\/vieassociative.be\/actualites\/wp-content\/uploads\/2025\/10\/La-criminalite-ne-sarrete-pas-aux-frontieres-nationales-mesures.jpeg\",\"width\":1200,\"height\":800,\"caption\":\"La criminalit\u00e9 ne s'arr\u00eate pas aux fronti\u00e8res nationales - mesures de contr\u00f4le trinationales par la police et les douanes\"},{\"@type\":\"BreadcrumbList\",\"@id\":\"https:\/\/vieassociative.be\/actualites\/la-criminalite-ne-sarrete-pas-aux-frontieres-nationales-mesures-de-controle-trinationales-par-la-police-et-les-douanes\/#breadcrumb\",\"itemListElement\":[{\"@type\":\"ListItem\",\"position\":1,\"name\":\"Accueil\",\"item\":\"https:\/\/vieassociative.be\/actualites\/\"},{\"@type\":\"ListItem\",\"position\":2,\"name\":\"La criminalit\u00e9 ne s&rsquo;arr\u00eate pas aux fronti\u00e8res nationales &#8211; mesures de contr\u00f4le trinationales par la police et les douanes\"}]},{\"@type\":\"WebSite\",\"@id\":\"https:\/\/vieassociative.be\/actualites\/#website\",\"url\":\"https:\/\/vieassociative.be\/actualites\/\",\"name\":\"Vie Associative\",\"description\":\"\",\"publisher\":{\"@id\":\"https:\/\/vieassociative.be\/actualites\/#organization\"},\"potentialAction\":[{\"@type\":\"SearchAction\",\"target\":{\"@type\":\"EntryPoint\",\"urlTemplate\":\"https:\/\/vieassociative.be\/actualites\/?s={search_term_string}\"},\"query-input\":{\"@type\":\"PropertyValueSpecification\",\"valueRequired\":true,\"valueName\":\"search_term_string\"}}],\"inLanguage\":\"fr-BE\"},{\"@type\":\"Organization\",\"@id\":\"https:\/\/vieassociative.be\/actualites\/#organization\",\"name\":\"Vie Associative\",\"url\":\"https:\/\/vieassociative.be\/actualites\/\",\"logo\":{\"@type\":\"ImageObject\",\"inLanguage\":\"fr-BE\",\"@id\":\"https:\/\/vieassociative.be\/actualites\/#\/schema\/logo\/image\/\",\"url\":\"https:\/\/vieassociative.be\/actualites\/wp-content\/uploads\/2024\/09\/cropped-vieassociative_favicon.ico.png\",\"contentUrl\":\"https:\/\/vieassociative.be\/actualites\/wp-content\/uploads\/2024\/09\/cropped-vieassociative_favicon.ico.png\",\"width\":512,\"height\":512,\"caption\":\"Vie Associative\"},\"image\":{\"@id\":\"https:\/\/vieassociative.be\/actualites\/#\/schema\/logo\/image\/\"}},{\"@type\":\"Person\",\"@id\":\"https:\/\/vieassociative.be\/actualites\/#\/schema\/person\/b87ac4f82f9d4e7b7cec7395b679edc4\",\"name\":\"Julien\",\"image\":{\"@type\":\"ImageObject\",\"inLanguage\":\"fr-BE\",\"@id\":\"https:\/\/vieassociative.be\/actualites\/#\/schema\/person\/image\/\",\"url\":\"https:\/\/vieassociative.be\/actualites\/wp-content\/uploads\/2024\/09\/vie-associative-1-150x150.jpg\",\"contentUrl\":\"https:\/\/vieassociative.be\/actualites\/wp-content\/uploads\/2024\/09\/vie-associative-1-150x150.jpg\",\"caption\":\"Julien\"},\"description\":\"Je suis Julien, r\u00e9dacteur pour Vie Associative. Passionn\u00e9 par le monde associatif depuis plus de 10 ans, j'ai \u00e0 c\u0153ur de partager des histoires inspirantes et de mettre en lumi\u00e8re les initiatives locales. Mon objectif est de sensibiliser et d'encourager l'engagement communautaire \u00e0 travers mes articles.\",\"sameAs\":[\"https:\/\/vieassociative.be\/\"]}]}<\/script>\n<!-- \/ Yoast SEO plugin. -->","yoast_head_json":{"title":"La criminalit\u00e9 ne s'arr\u00eate pas aux fronti\u00e8res nationales - mesures de contr\u00f4le trinationales par la police et les douanes | Vie Associative","robots":{"index":"index","follow":"follow","max-snippet":"max-snippet:-1","max-image-preview":"max-image-preview:large","max-video-preview":"max-video-preview:-1"},"canonical":"https:\/\/vieassociative.be\/actualites\/la-criminalite-ne-sarrete-pas-aux-frontieres-nationales-mesures-de-controle-trinationales-par-la-police-et-les-douanes\/","og_locale":"fr_FR","og_type":"article","og_title":"La criminalit\u00e9 ne s'arr\u00eate pas aux fronti\u00e8res nationales - mesures de contr\u00f4le trinationales par la police et les douanes | Vie Associative","og_description":"Le vendredi 17 octobre 2025, de vastes mesures de contr\u00f4le trinationales ont eu lieu dans la zone de l&rsquo;Euregio Meuse-Rhin jusqu&rsquo;en soir\u00e9e. Plus de 400","og_url":"https:\/\/vieassociative.be\/actualites\/la-criminalite-ne-sarrete-pas-aux-frontieres-nationales-mesures-de-controle-trinationales-par-la-police-et-les-douanes\/","og_site_name":"Vie Associative","article_published_time":"2025-10-18T14:16:57+00:00","og_image":[{"width":279,"height":92,"url":"https:\/\/vieassociative.be\/actualites\/wp-content\/uploads\/2024\/09\/header_backgroundk-01-e1726694325946.png","type":"image\/png"}],"author":"Julien","twitter_card":"summary_large_image","twitter_misc":{"\u00c9crit par":"Julien","Dur\u00e9e de lecture est.":"2 minutes"},"schema":{"@context":"https:\/\/schema.org","@graph":[{"@type":"Article","@id":"https:\/\/vieassociative.be\/actualites\/la-criminalite-ne-sarrete-pas-aux-frontieres-nationales-mesures-de-controle-trinationales-par-la-police-et-les-douanes\/#article","isPartOf":{"@id":"https:\/\/vieassociative.be\/actualites\/la-criminalite-ne-sarrete-pas-aux-frontieres-nationales-mesures-de-controle-trinationales-par-la-police-et-les-douanes\/"},"author":{"name":"Julien","@id":"https:\/\/vieassociative.be\/actualites\/#\/schema\/person\/b87ac4f82f9d4e7b7cec7395b679edc4"},"headline":"La criminalit\u00e9 ne s&rsquo;arr\u00eate pas aux fronti\u00e8res nationales &#8211; mesures de contr\u00f4le trinationales par la police et les douanes","datePublished":"2025-10-18T14:16:57+00:00","dateModified":"2025-10-18T14:16:57+00:00","mainEntityOfPage":{"@id":"https:\/\/vieassociative.be\/actualites\/la-criminalite-ne-sarrete-pas-aux-frontieres-nationales-mesures-de-controle-trinationales-par-la-police-et-les-douanes\/"},"wordCount":426,"publisher":{"@id":"https:\/\/vieassociative.be\/actualites\/#organization"},"image":{"@id":"https:\/\/vieassociative.be\/actualites\/la-criminalite-ne-sarrete-pas-aux-frontieres-nationales-mesures-de-controle-trinationales-par-la-police-et-les-douanes\/#primaryimage"},"thumbnailUrl":"https:\/\/vieassociative.be\/actualites\/wp-content\/uploads\/2025\/10\/La-criminalite-ne-sarrete-pas-aux-frontieres-nationales-mesures.jpeg","keywords":["aux","contr\u00f4le","criminalit\u00e9","douanes","fronti\u00e8res","Les","mesures","nationales","par","pas","police","sarr\u00eate","trinationales"],"articleSection":["Belgique"],"inLanguage":"fr-BE"},{"@type":"WebPage","@id":"https:\/\/vieassociative.be\/actualites\/la-criminalite-ne-sarrete-pas-aux-frontieres-nationales-mesures-de-controle-trinationales-par-la-police-et-les-douanes\/","url":"https:\/\/vieassociative.be\/actualites\/la-criminalite-ne-sarrete-pas-aux-frontieres-nationales-mesures-de-controle-trinationales-par-la-police-et-les-douanes\/","name":"La criminalit\u00e9 ne s'arr\u00eate pas aux fronti\u00e8res nationales - mesures de contr\u00f4le trinationales par la police et les douanes | Vie Associative","isPartOf":{"@id":"https:\/\/vieassociative.be\/actualites\/#website"},"primaryImageOfPage":{"@id":"https:\/\/vieassociative.be\/actualites\/la-criminalite-ne-sarrete-pas-aux-frontieres-nationales-mesures-de-controle-trinationales-par-la-police-et-les-douanes\/#primaryimage"},"image":{"@id":"https:\/\/vieassociative.be\/actualites\/la-criminalite-ne-sarrete-pas-aux-frontieres-nationales-mesures-de-controle-trinationales-par-la-police-et-les-douanes\/#primaryimage"},"thumbnailUrl":"https:\/\/vieassociative.be\/actualites\/wp-content\/uploads\/2025\/10\/La-criminalite-ne-sarrete-pas-aux-frontieres-nationales-mesures.jpeg","datePublished":"2025-10-18T14:16:57+00:00","dateModified":"2025-10-18T14:16:57+00:00","breadcrumb":{"@id":"https:\/\/vieassociative.be\/actualites\/la-criminalite-ne-sarrete-pas-aux-frontieres-nationales-mesures-de-controle-trinationales-par-la-police-et-les-douanes\/#breadcrumb"},"inLanguage":"fr-BE","potentialAction":[{"@type":"ReadAction","target":["https:\/\/vieassociative.be\/actualites\/la-criminalite-ne-sarrete-pas-aux-frontieres-nationales-mesures-de-controle-trinationales-par-la-police-et-les-douanes\/"]}]},{"@type":"ImageObject","inLanguage":"fr-BE","@id":"https:\/\/vieassociative.be\/actualites\/la-criminalite-ne-sarrete-pas-aux-frontieres-nationales-mesures-de-controle-trinationales-par-la-police-et-les-douanes\/#primaryimage","url":"https:\/\/vieassociative.be\/actualites\/wp-content\/uploads\/2025\/10\/La-criminalite-ne-sarrete-pas-aux-frontieres-nationales-mesures.jpeg","contentUrl":"https:\/\/vieassociative.be\/actualites\/wp-content\/uploads\/2025\/10\/La-criminalite-ne-sarrete-pas-aux-frontieres-nationales-mesures.jpeg","width":1200,"height":800,"caption":"La criminalit\u00e9 ne s'arr\u00eate pas aux fronti\u00e8res nationales - mesures de contr\u00f4le trinationales par la police et les douanes"},{"@type":"BreadcrumbList","@id":"https:\/\/vieassociative.be\/actualites\/la-criminalite-ne-sarrete-pas-aux-frontieres-nationales-mesures-de-controle-trinationales-par-la-police-et-les-douanes\/#breadcrumb","itemListElement":[{"@type":"ListItem","position":1,"name":"Accueil","item":"https:\/\/vieassociative.be\/actualites\/"},{"@type":"ListItem","position":2,"name":"La criminalit\u00e9 ne s&rsquo;arr\u00eate pas aux fronti\u00e8res nationales &#8211; mesures de contr\u00f4le trinationales par la police et les douanes"}]},{"@type":"WebSite","@id":"https:\/\/vieassociative.be\/actualites\/#website","url":"https:\/\/vieassociative.be\/actualites\/","name":"Vie Associative","description":"","publisher":{"@id":"https:\/\/vieassociative.be\/actualites\/#organization"},"potentialAction":[{"@type":"SearchAction","target":{"@type":"EntryPoint","urlTemplate":"https:\/\/vieassociative.be\/actualites\/?s={search_term_string}"},"query-input":{"@type":"PropertyValueSpecification","valueRequired":true,"valueName":"search_term_string"}}],"inLanguage":"fr-BE"},{"@type":"Organization","@id":"https:\/\/vieassociative.be\/actualites\/#organization","name":"Vie Associative","url":"https:\/\/vieassociative.be\/actualites\/","logo":{"@type":"ImageObject","inLanguage":"fr-BE","@id":"https:\/\/vieassociative.be\/actualites\/#\/schema\/logo\/image\/","url":"https:\/\/vieassociative.be\/actualites\/wp-content\/uploads\/2024\/09\/cropped-vieassociative_favicon.ico.png","contentUrl":"https:\/\/vieassociative.be\/actualites\/wp-content\/uploads\/2024\/09\/cropped-vieassociative_favicon.ico.png","width":512,"height":512,"caption":"Vie Associative"},"image":{"@id":"https:\/\/vieassociative.be\/actualites\/#\/schema\/logo\/image\/"}},{"@type":"Person","@id":"https:\/\/vieassociative.be\/actualites\/#\/schema\/person\/b87ac4f82f9d4e7b7cec7395b679edc4","name":"Julien","image":{"@type":"ImageObject","inLanguage":"fr-BE","@id":"https:\/\/vieassociative.be\/actualites\/#\/schema\/person\/image\/","url":"https:\/\/vieassociative.be\/actualites\/wp-content\/uploads\/2024\/09\/vie-associative-1-150x150.jpg","contentUrl":"https:\/\/vieassociative.be\/actualites\/wp-content\/uploads\/2024\/09\/vie-associative-1-150x150.jpg","caption":"Julien"},"description":"Je suis Julien, r\u00e9dacteur pour Vie Associative. Passionn\u00e9 par le monde associatif depuis plus de 10 ans, j'ai \u00e0 c\u0153ur de partager des histoires inspirantes et de mettre en lumi\u00e8re les initiatives locales. Mon objectif est de sensibiliser et d'encourager l'engagement communautaire \u00e0 travers mes articles.","sameAs":["https:\/\/vieassociative.be\/"]}]}},"_links":{"self":[{"href":"https:\/\/vieassociative.be\/actualites\/wp-json\/wp\/v2\/posts\/10747"}],"collection":[{"href":"https:\/\/vieassociative.be\/actualites\/wp-json\/wp\/v2\/posts"}],"about":[{"href":"https:\/\/vieassociative.be\/actualites\/wp-json\/wp\/v2\/types\/post"}],"author":[{"embeddable":true,"href":"https:\/\/vieassociative.be\/actualites\/wp-json\/wp\/v2\/users\/1"}],"replies":[{"embeddable":true,"href":"https:\/\/vieassociative.be\/actualites\/wp-json\/wp\/v2\/comments?post=10747"}],"version-history":[{"count":0,"href":"https:\/\/vieassociative.be\/actualites\/wp-json\/wp\/v2\/posts\/10747\/revisions"}],"wp:featuredmedia":[{"embeddable":true,"href":"https:\/\/vieassociative.be\/actualites\/wp-json\/wp\/v2\/media\/10748"}],"wp:attachment":[{"href":"https:\/\/vieassociative.be\/actualites\/wp-json\/wp\/v2\/media?parent=10747"}],"wp:term":[{"taxonomy":"category","embeddable":true,"href":"https:\/\/vieassociative.be\/actualites\/wp-json\/wp\/v2\/categories?post=10747"},{"taxonomy":"post_tag","embeddable":true,"href":"https:\/\/vieassociative.be\/actualites\/wp-json\/wp\/v2\/tags?post=10747"}],"curies":[{"name":"wp","href":"https:\/\/api.w.org\/{rel}","templated":true}]}}