{"id":10745,"date":"2025-10-18T15:17:27","date_gmt":"2025-10-18T13:17:27","guid":{"rendered":"https:\/\/vieassociative.be\/actualites\/comment-creer-votre-propre-selfie-dascenseur-de-celebrite\/"},"modified":"2025-10-18T15:17:27","modified_gmt":"2025-10-18T13:17:27","slug":"comment-creer-votre-propre-selfie-dascenseur-de-celebrite","status":"publish","type":"post","link":"https:\/\/vieassociative.be\/actualites\/comment-creer-votre-propre-selfie-dascenseur-de-celebrite\/","title":{"rendered":"Comment cr\u00e9er votre propre \u00ab selfie d&rsquo;ascenseur de c\u00e9l\u00e9brit\u00e9 \u00bb"},"content":{"rendered":"<div class=\"mt-4 leading-6 md:mb-8\">S&rsquo;il vous pla\u00eet, ne d\u00e9rangez pas les vraies c\u00e9l\u00e9brit\u00e9s dans les ascenseurs.<\/div>\n<p><\/p>\n<p><em>Saviez-vous que vous pouvez personnaliser Google pour filtrer les d\u00e9chets\u00a0? <strong>Suivez ces \u00e9tapes<\/strong><\/em><em>  pour de meilleurs r\u00e9sultats de recherche, <strong>y compris l&rsquo;ajout de mon travail chez Vie Associative comme source pr\u00e9f\u00e9r\u00e9e<\/strong><\/em><em>.<\/em><\/p>\n<hr>\n<p>Si vous avez \u00e9t\u00e9 pr\u00e8s de TikTok ces derniers temps, vous avez probablement vu la prolif\u00e9ration de publications de personnes posant avec des c\u00e9l\u00e9brit\u00e9s dans les ascenseurs, comme celle-ci. Ce sont, bien s\u00fbr, des faux \u2013 des produits d\u2019outils de g\u00e9n\u00e9ration d\u2019images d\u2019IA \u2013 mais il s\u2019agit d\u2019une sorte de contrefa\u00e7on amusante \u00e0 laquelle il est tr\u00e8s facile de participer. <\/p>\n<p>Il existe une multitude d&rsquo;outils d&rsquo;IA gratuits que vous pouvez utiliser pour cr\u00e9er n&rsquo;importe quel type de photo ou de vid\u00e9o, mais si vous souhaitez que votre publication de r\u00e9union de c\u00e9l\u00e9brit\u00e9s dans un ascenseur s&rsquo;adapte \u00e0 la tendance actuelle, le moyen le plus simple est d&rsquo;utiliser CapCut. <\/p>\n<div class=\"mx-auto mb-12 mt-5 w-full max-w-3xl rounded-md border-2 border-gray-100 p-3 shadow-md md:px-7 md:pb-7 md:pt-5\" id=\"related-video\">\n<div class=\"mb-3 flex items-center md:mb-5\">\n        <img decoding=\"async\" class=\"mr-4 mt-0 h-10 w-10 md:mr-5 md:h-12 md:w-12\" src=\"https:\/\/vieassociative.be\/actualites\/wp-content\/uploads\/2025\/09\/1757726237_608_Meta-pourrait-devoiler-une-montre-intelligente-pour-controler-ses-lunettes.jpg\" alt=\"Logo du pirate de la vie\"><\/p><\/div>\n<div class=\"aspect-video w-full overflow-hidden rounded-md\">\n<div id=\"video-container-01K7VPYS3JMQMEW6KQY7ZFT05G\"><\/div>\n<\/p><\/div>\n<\/div>\n<h2 id=\"how-to-make-a-celebrity-elevator-selfie-with-capcut\">Comment faire un selfie d&rsquo;ascenseur de c\u00e9l\u00e9brit\u00e9 avec Capcut<\/h2>\n<p>CapCut est l&rsquo;option la plus simple pour cr\u00e9er une vid\u00e9o qui correspond \u00e0 la tendance actuelle de TikTok. Voici comment proc\u00e9der.<\/p>\n<ul>\n<li>\n<p>Assurez-vous d&rsquo;avoir install\u00e9 CapCut et TikTok : ils sont tous deux cr\u00e9\u00e9s par ByteDance, ils s&rsquo;int\u00e8grent donc parfaitement.<\/p>\n<\/li>\n<li>\n<p>Trouvez une vid\u00e9o de c\u00e9l\u00e9brit\u00e9 d&rsquo;ascenseur que vous aimez sur TikTok<\/p>\n<\/li>\n<li>\n<p>Appuyez sur la fl\u00e8che \u00ab\u00a0Partager\u00a0\u00bb et choisissez \u00ab\u00a0Copier le lien\u00a0\u00bb<\/p>\n<\/li>\n<li>\n<p>Appuyez sur \u00ab\u00a0retour\u00a0\u00bb, puis sur \u00ab\u00a0essayez ce mod\u00e8le\u00a0\u00bb.<\/p>\n<\/li>\n<li>\n<p>Confirmez votre choix et choisissez \u00ab\u00a0Utiliser le mod\u00e8le AI\u00a0\u00bb<\/p>\n<\/li>\n<li>\n<p>T\u00e9l\u00e9chargez une photo de vous et de votre c\u00e9l\u00e9brit\u00e9 pr\u00e9f\u00e9r\u00e9e.<\/p>\n<\/li>\n<li>\n<p>Appuyez sur \u00ab\u00a0suivant\u00a0\u00bb et CapCut le mettra en place.<\/p>\n<\/li>\n<li>\n<p>Cliquez sur Publier sur TikTok et voil\u00e0, vous \u00eates un m\u00e8me\u00a0!<\/p>\n<\/li>\n<\/ul>\n<p>Voici un didacticiel vid\u00e9o si cela est plus utile. <\/p>\n<h2 id=\"how-to-make-a-celebrity-elevator-selfie-with-gemini\">Comment faire un selfie d&rsquo;ascenseur de c\u00e9l\u00e9brit\u00e9 avec Gemini <\/h2>\n<p>L&rsquo;utilisation de Gemini AI de Google est un autre moyen simple de cr\u00e9er une image d&rsquo;ascenseur. Voici comment proc\u00e9der\u00a0:<\/p>\n<ul>\n<li>\n<p>Acc\u00e9dez \u00e0 la page d&rsquo;accueil de Gemini. <\/p>\n<\/li>\n<li>\n<p>Faites glisser une photo de vous et de l&rsquo;une de vos c\u00e9l\u00e9brit\u00e9s pr\u00e9f\u00e9r\u00e9es dans la fen\u00eatre. (Le mien est William Howard Taft.)<\/p>\n<\/li>\n<li>\n<p>Ajoutez une invite. Voici ce que j&rsquo;ai utilis\u00e9, alors n&rsquo;h\u00e9sitez pas \u00e0 couper et coller si vous aimez mes r\u00e9sultats ci-dessous\u00a0: \u00ab\u00a0Prenez ces deux photos et cr\u00e9ez une image r\u00e9aliste, semblable \u00e0 une photo, de ces personnes debout dans un ascenseur. La cam\u00e9ra est positionn\u00e9e dans le coin sup\u00e9rieur de l&rsquo;ascenseur, avec une l\u00e9g\u00e8re distorsion de l&rsquo;objectif fisheye pointant vers eux. Les murs de l&rsquo;ascenseur sont m\u00e9talliques avec un \u00e9clairage z\u00e9nithal doux qui se refl\u00e8te sur les surfaces. Les deux personnes regardent l\u00e9g\u00e8rement vers la cam\u00e9ra, capturant un effet cin\u00e9matographique et dramatique. ton.\u00a0\u00bb<\/p>\n<\/li>\n<li>\n<p>Les G\u00e9meaux vous cracheront une image. Voici le mien :<\/p>\n<\/li>\n<\/ul>\n<h2 id=\"how-to-make-a-celebrity-elevator-selfie-video\">Comment r\u00e9aliser une vid\u00e9o de selfie avec une c\u00e9l\u00e9brit\u00e9 dans un ascenseur<\/h2>\n<p>Si vous souhaitez une vid\u00e9o anim\u00e9e, vous pouvez mettre la photo AI que vous avez d\u00e9j\u00e0 r\u00e9alis\u00e9e dans un programme d&rsquo;animation. J&rsquo;ai utilis\u00e9 Grok pour le mien, car il est gratuit et fait du bon travail. <\/p>\n<ul>\n<li>\n<p>Ajoutez une invite. Cela n&rsquo;a pas besoin d&rsquo;\u00eatre \u00e9labor\u00e9 \u2013 le mien \u00e9tait quelque chose comme : \u00ab Les deux hommes se saluent et tombent amoureux. \u00bb<\/p>\n<\/li>\n<li>\n<p>T\u00e9l\u00e9chargez votre vid\u00e9o et publiez-la sur TikTok avec les hashtags appropri\u00e9s, et vous obtiendrez quelque chose comme ceci. <\/p>\n<\/li>\n<\/ul>\n<p><script async src=\"\/\/www.tiktok.com\/embed.js\"><\/script><\/p>\n","protected":false},"excerpt":{"rendered":"<p>S&rsquo;il vous pla\u00eet, ne d\u00e9rangez pas les vraies c\u00e9l\u00e9brit\u00e9s dans les ascenseurs. Saviez-vous que vous pouvez personnaliser Google pour filtrer les d\u00e9chets\u00a0? Suivez ces \u00e9tapes<\/p>\n","protected":false},"author":1,"featured_media":10746,"comment_status":"","ping_status":"","sticky":false,"template":"","format":"standard","meta":{"footnotes":""},"categories":[36],"tags":[8949,44,711,8948,2292,8947,8],"class_list":["post-10745","post","type-post","status-publish","format-standard","has-post-thumbnail","hentry","category-divertissement","tag-celebrite","tag-comment","tag-creer","tag-dascenseur","tag-propre","tag-selfie","tag-votre","generate-columns","tablet-grid-50","mobile-grid-100","grid-parent","grid-33"],"yoast_head":"<!-- This site is optimized with the Yoast SEO plugin v24.0 - https:\/\/yoast.com\/wordpress\/plugins\/seo\/ -->\n<title>Comment cr\u00e9er votre propre \u00ab selfie d&#039;ascenseur de c\u00e9l\u00e9brit\u00e9 \u00bb | Vie Associative<\/title>\n<meta name=\"robots\" content=\"index, follow, max-snippet:-1, max-image-preview:large, max-video-preview:-1\" \/>\n<link rel=\"canonical\" href=\"https:\/\/vieassociative.be\/actualites\/comment-creer-votre-propre-selfie-dascenseur-de-celebrite\/\" \/>\n<meta property=\"og:locale\" content=\"fr_FR\" \/>\n<meta property=\"og:type\" content=\"article\" \/>\n<meta property=\"og:title\" content=\"Comment cr\u00e9er votre propre \u00ab selfie d&#039;ascenseur de c\u00e9l\u00e9brit\u00e9 \u00bb | Vie Associative\" \/>\n<meta property=\"og:description\" content=\"S&rsquo;il vous pla\u00eet, ne d\u00e9rangez pas les vraies c\u00e9l\u00e9brit\u00e9s dans les ascenseurs. Saviez-vous que vous pouvez personnaliser Google pour filtrer les d\u00e9chets\u00a0? Suivez ces \u00e9tapes\" \/>\n<meta property=\"og:url\" content=\"https:\/\/vieassociative.be\/actualites\/comment-creer-votre-propre-selfie-dascenseur-de-celebrite\/\" \/>\n<meta property=\"og:site_name\" content=\"Vie Associative\" \/>\n<meta property=\"article:published_time\" content=\"2025-10-18T13:17:27+00:00\" \/>\n<meta property=\"og:image\" content=\"https:\/\/vieassociative.be\/actualites\/wp-content\/uploads\/2025\/09\/1757726237_608_Meta-pourrait-devoiler-une-montre-intelligente-pour-controler-ses-lunettes.jpg\" \/>\n<meta name=\"author\" content=\"Julien\" \/>\n<meta name=\"twitter:card\" content=\"summary_large_image\" \/>\n<meta name=\"twitter:label1\" content=\"\u00c9crit par\" \/>\n\t<meta name=\"twitter:data1\" content=\"Julien\" \/>\n\t<meta name=\"twitter:label2\" content=\"Dur\u00e9e de lecture est.\" \/>\n\t<meta name=\"twitter:data2\" content=\"3 minutes\" \/>\n<script type=\"application\/ld+json\" class=\"yoast-schema-graph\">{\"@context\":\"https:\/\/schema.org\",\"@graph\":[{\"@type\":\"Article\",\"@id\":\"https:\/\/vieassociative.be\/actualites\/comment-creer-votre-propre-selfie-dascenseur-de-celebrite\/#article\",\"isPartOf\":{\"@id\":\"https:\/\/vieassociative.be\/actualites\/comment-creer-votre-propre-selfie-dascenseur-de-celebrite\/\"},\"author\":{\"name\":\"Julien\",\"@id\":\"https:\/\/vieassociative.be\/actualites\/#\/schema\/person\/b87ac4f82f9d4e7b7cec7395b679edc4\"},\"headline\":\"Comment cr\u00e9er votre propre \u00ab selfie d&rsquo;ascenseur de c\u00e9l\u00e9brit\u00e9 \u00bb\",\"datePublished\":\"2025-10-18T13:17:27+00:00\",\"dateModified\":\"2025-10-18T13:17:27+00:00\",\"mainEntityOfPage\":{\"@id\":\"https:\/\/vieassociative.be\/actualites\/comment-creer-votre-propre-selfie-dascenseur-de-celebrite\/\"},\"wordCount\":648,\"publisher\":{\"@id\":\"https:\/\/vieassociative.be\/actualites\/#organization\"},\"image\":{\"@id\":\"https:\/\/vieassociative.be\/actualites\/comment-creer-votre-propre-selfie-dascenseur-de-celebrite\/#primaryimage\"},\"thumbnailUrl\":\"https:\/\/vieassociative.be\/actualites\/wp-content\/uploads\/2025\/10\/Comment-creer-votre-propre-selfie-dascenseur-de-celebrite.png\",\"keywords\":[\"c\u00e9l\u00e9brit\u00e9\",\"Comment\",\"cr\u00e9er\",\"dascenseur\",\"propre\",\"selfie\",\"votre\"],\"articleSection\":[\"Divertissement\"],\"inLanguage\":\"fr-BE\"},{\"@type\":\"WebPage\",\"@id\":\"https:\/\/vieassociative.be\/actualites\/comment-creer-votre-propre-selfie-dascenseur-de-celebrite\/\",\"url\":\"https:\/\/vieassociative.be\/actualites\/comment-creer-votre-propre-selfie-dascenseur-de-celebrite\/\",\"name\":\"Comment cr\u00e9er votre propre \u00ab selfie d'ascenseur de c\u00e9l\u00e9brit\u00e9 \u00bb | Vie Associative\",\"isPartOf\":{\"@id\":\"https:\/\/vieassociative.be\/actualites\/#website\"},\"primaryImageOfPage\":{\"@id\":\"https:\/\/vieassociative.be\/actualites\/comment-creer-votre-propre-selfie-dascenseur-de-celebrite\/#primaryimage\"},\"image\":{\"@id\":\"https:\/\/vieassociative.be\/actualites\/comment-creer-votre-propre-selfie-dascenseur-de-celebrite\/#primaryimage\"},\"thumbnailUrl\":\"https:\/\/vieassociative.be\/actualites\/wp-content\/uploads\/2025\/10\/Comment-creer-votre-propre-selfie-dascenseur-de-celebrite.png\",\"datePublished\":\"2025-10-18T13:17:27+00:00\",\"dateModified\":\"2025-10-18T13:17:27+00:00\",\"breadcrumb\":{\"@id\":\"https:\/\/vieassociative.be\/actualites\/comment-creer-votre-propre-selfie-dascenseur-de-celebrite\/#breadcrumb\"},\"inLanguage\":\"fr-BE\",\"potentialAction\":[{\"@type\":\"ReadAction\",\"target\":[\"https:\/\/vieassociative.be\/actualites\/comment-creer-votre-propre-selfie-dascenseur-de-celebrite\/\"]}]},{\"@type\":\"ImageObject\",\"inLanguage\":\"fr-BE\",\"@id\":\"https:\/\/vieassociative.be\/actualites\/comment-creer-votre-propre-selfie-dascenseur-de-celebrite\/#primaryimage\",\"url\":\"https:\/\/vieassociative.be\/actualites\/wp-content\/uploads\/2025\/10\/Comment-creer-votre-propre-selfie-dascenseur-de-celebrite.png\",\"contentUrl\":\"https:\/\/vieassociative.be\/actualites\/wp-content\/uploads\/2025\/10\/Comment-creer-votre-propre-selfie-dascenseur-de-celebrite.png\",\"width\":1200,\"height\":675,\"caption\":\"Comment cr\u00e9er votre propre \u00ab selfie d'ascenseur de c\u00e9l\u00e9brit\u00e9 \u00bb\"},{\"@type\":\"BreadcrumbList\",\"@id\":\"https:\/\/vieassociative.be\/actualites\/comment-creer-votre-propre-selfie-dascenseur-de-celebrite\/#breadcrumb\",\"itemListElement\":[{\"@type\":\"ListItem\",\"position\":1,\"name\":\"Accueil\",\"item\":\"https:\/\/vieassociative.be\/actualites\/\"},{\"@type\":\"ListItem\",\"position\":2,\"name\":\"Comment cr\u00e9er votre propre \u00ab selfie d&rsquo;ascenseur de c\u00e9l\u00e9brit\u00e9 \u00bb\"}]},{\"@type\":\"WebSite\",\"@id\":\"https:\/\/vieassociative.be\/actualites\/#website\",\"url\":\"https:\/\/vieassociative.be\/actualites\/\",\"name\":\"Vie Associative\",\"description\":\"\",\"publisher\":{\"@id\":\"https:\/\/vieassociative.be\/actualites\/#organization\"},\"potentialAction\":[{\"@type\":\"SearchAction\",\"target\":{\"@type\":\"EntryPoint\",\"urlTemplate\":\"https:\/\/vieassociative.be\/actualites\/?s={search_term_string}\"},\"query-input\":{\"@type\":\"PropertyValueSpecification\",\"valueRequired\":true,\"valueName\":\"search_term_string\"}}],\"inLanguage\":\"fr-BE\"},{\"@type\":\"Organization\",\"@id\":\"https:\/\/vieassociative.be\/actualites\/#organization\",\"name\":\"Vie Associative\",\"url\":\"https:\/\/vieassociative.be\/actualites\/\",\"logo\":{\"@type\":\"ImageObject\",\"inLanguage\":\"fr-BE\",\"@id\":\"https:\/\/vieassociative.be\/actualites\/#\/schema\/logo\/image\/\",\"url\":\"https:\/\/vieassociative.be\/actualites\/wp-content\/uploads\/2024\/09\/cropped-vieassociative_favicon.ico.png\",\"contentUrl\":\"https:\/\/vieassociative.be\/actualites\/wp-content\/uploads\/2024\/09\/cropped-vieassociative_favicon.ico.png\",\"width\":512,\"height\":512,\"caption\":\"Vie Associative\"},\"image\":{\"@id\":\"https:\/\/vieassociative.be\/actualites\/#\/schema\/logo\/image\/\"}},{\"@type\":\"Person\",\"@id\":\"https:\/\/vieassociative.be\/actualites\/#\/schema\/person\/b87ac4f82f9d4e7b7cec7395b679edc4\",\"name\":\"Julien\",\"image\":{\"@type\":\"ImageObject\",\"inLanguage\":\"fr-BE\",\"@id\":\"https:\/\/vieassociative.be\/actualites\/#\/schema\/person\/image\/\",\"url\":\"https:\/\/vieassociative.be\/actualites\/wp-content\/uploads\/2024\/09\/vie-associative-1-150x150.jpg\",\"contentUrl\":\"https:\/\/vieassociative.be\/actualites\/wp-content\/uploads\/2024\/09\/vie-associative-1-150x150.jpg\",\"caption\":\"Julien\"},\"description\":\"Je suis Julien, r\u00e9dacteur pour Vie Associative. Passionn\u00e9 par le monde associatif depuis plus de 10 ans, j'ai \u00e0 c\u0153ur de partager des histoires inspirantes et de mettre en lumi\u00e8re les initiatives locales. Mon objectif est de sensibiliser et d'encourager l'engagement communautaire \u00e0 travers mes articles.\",\"sameAs\":[\"https:\/\/vieassociative.be\/\"]}]}<\/script>\n<!-- \/ Yoast SEO plugin. -->","yoast_head_json":{"title":"Comment cr\u00e9er votre propre \u00ab selfie d'ascenseur de c\u00e9l\u00e9brit\u00e9 \u00bb | Vie Associative","robots":{"index":"index","follow":"follow","max-snippet":"max-snippet:-1","max-image-preview":"max-image-preview:large","max-video-preview":"max-video-preview:-1"},"canonical":"https:\/\/vieassociative.be\/actualites\/comment-creer-votre-propre-selfie-dascenseur-de-celebrite\/","og_locale":"fr_FR","og_type":"article","og_title":"Comment cr\u00e9er votre propre \u00ab selfie d'ascenseur de c\u00e9l\u00e9brit\u00e9 \u00bb | Vie Associative","og_description":"S&rsquo;il vous pla\u00eet, ne d\u00e9rangez pas les vraies c\u00e9l\u00e9brit\u00e9s dans les ascenseurs. Saviez-vous que vous pouvez personnaliser Google pour filtrer les d\u00e9chets\u00a0? Suivez ces \u00e9tapes","og_url":"https:\/\/vieassociative.be\/actualites\/comment-creer-votre-propre-selfie-dascenseur-de-celebrite\/","og_site_name":"Vie Associative","article_published_time":"2025-10-18T13:17:27+00:00","og_image":[{"url":"https:\/\/vieassociative.be\/actualites\/wp-content\/uploads\/2025\/09\/1757726237_608_Meta-pourrait-devoiler-une-montre-intelligente-pour-controler-ses-lunettes.jpg","type":"","width":"","height":""}],"author":"Julien","twitter_card":"summary_large_image","twitter_misc":{"\u00c9crit par":"Julien","Dur\u00e9e de lecture est.":"3 minutes"},"schema":{"@context":"https:\/\/schema.org","@graph":[{"@type":"Article","@id":"https:\/\/vieassociative.be\/actualites\/comment-creer-votre-propre-selfie-dascenseur-de-celebrite\/#article","isPartOf":{"@id":"https:\/\/vieassociative.be\/actualites\/comment-creer-votre-propre-selfie-dascenseur-de-celebrite\/"},"author":{"name":"Julien","@id":"https:\/\/vieassociative.be\/actualites\/#\/schema\/person\/b87ac4f82f9d4e7b7cec7395b679edc4"},"headline":"Comment cr\u00e9er votre propre \u00ab selfie d&rsquo;ascenseur de c\u00e9l\u00e9brit\u00e9 \u00bb","datePublished":"2025-10-18T13:17:27+00:00","dateModified":"2025-10-18T13:17:27+00:00","mainEntityOfPage":{"@id":"https:\/\/vieassociative.be\/actualites\/comment-creer-votre-propre-selfie-dascenseur-de-celebrite\/"},"wordCount":648,"publisher":{"@id":"https:\/\/vieassociative.be\/actualites\/#organization"},"image":{"@id":"https:\/\/vieassociative.be\/actualites\/comment-creer-votre-propre-selfie-dascenseur-de-celebrite\/#primaryimage"},"thumbnailUrl":"https:\/\/vieassociative.be\/actualites\/wp-content\/uploads\/2025\/10\/Comment-creer-votre-propre-selfie-dascenseur-de-celebrite.png","keywords":["c\u00e9l\u00e9brit\u00e9","Comment","cr\u00e9er","dascenseur","propre","selfie","votre"],"articleSection":["Divertissement"],"inLanguage":"fr-BE"},{"@type":"WebPage","@id":"https:\/\/vieassociative.be\/actualites\/comment-creer-votre-propre-selfie-dascenseur-de-celebrite\/","url":"https:\/\/vieassociative.be\/actualites\/comment-creer-votre-propre-selfie-dascenseur-de-celebrite\/","name":"Comment cr\u00e9er votre propre \u00ab selfie d'ascenseur de c\u00e9l\u00e9brit\u00e9 \u00bb | Vie Associative","isPartOf":{"@id":"https:\/\/vieassociative.be\/actualites\/#website"},"primaryImageOfPage":{"@id":"https:\/\/vieassociative.be\/actualites\/comment-creer-votre-propre-selfie-dascenseur-de-celebrite\/#primaryimage"},"image":{"@id":"https:\/\/vieassociative.be\/actualites\/comment-creer-votre-propre-selfie-dascenseur-de-celebrite\/#primaryimage"},"thumbnailUrl":"https:\/\/vieassociative.be\/actualites\/wp-content\/uploads\/2025\/10\/Comment-creer-votre-propre-selfie-dascenseur-de-celebrite.png","datePublished":"2025-10-18T13:17:27+00:00","dateModified":"2025-10-18T13:17:27+00:00","breadcrumb":{"@id":"https:\/\/vieassociative.be\/actualites\/comment-creer-votre-propre-selfie-dascenseur-de-celebrite\/#breadcrumb"},"inLanguage":"fr-BE","potentialAction":[{"@type":"ReadAction","target":["https:\/\/vieassociative.be\/actualites\/comment-creer-votre-propre-selfie-dascenseur-de-celebrite\/"]}]},{"@type":"ImageObject","inLanguage":"fr-BE","@id":"https:\/\/vieassociative.be\/actualites\/comment-creer-votre-propre-selfie-dascenseur-de-celebrite\/#primaryimage","url":"https:\/\/vieassociative.be\/actualites\/wp-content\/uploads\/2025\/10\/Comment-creer-votre-propre-selfie-dascenseur-de-celebrite.png","contentUrl":"https:\/\/vieassociative.be\/actualites\/wp-content\/uploads\/2025\/10\/Comment-creer-votre-propre-selfie-dascenseur-de-celebrite.png","width":1200,"height":675,"caption":"Comment cr\u00e9er votre propre \u00ab selfie d'ascenseur de c\u00e9l\u00e9brit\u00e9 \u00bb"},{"@type":"BreadcrumbList","@id":"https:\/\/vieassociative.be\/actualites\/comment-creer-votre-propre-selfie-dascenseur-de-celebrite\/#breadcrumb","itemListElement":[{"@type":"ListItem","position":1,"name":"Accueil","item":"https:\/\/vieassociative.be\/actualites\/"},{"@type":"ListItem","position":2,"name":"Comment cr\u00e9er votre propre \u00ab selfie d&rsquo;ascenseur de c\u00e9l\u00e9brit\u00e9 \u00bb"}]},{"@type":"WebSite","@id":"https:\/\/vieassociative.be\/actualites\/#website","url":"https:\/\/vieassociative.be\/actualites\/","name":"Vie Associative","description":"","publisher":{"@id":"https:\/\/vieassociative.be\/actualites\/#organization"},"potentialAction":[{"@type":"SearchAction","target":{"@type":"EntryPoint","urlTemplate":"https:\/\/vieassociative.be\/actualites\/?s={search_term_string}"},"query-input":{"@type":"PropertyValueSpecification","valueRequired":true,"valueName":"search_term_string"}}],"inLanguage":"fr-BE"},{"@type":"Organization","@id":"https:\/\/vieassociative.be\/actualites\/#organization","name":"Vie Associative","url":"https:\/\/vieassociative.be\/actualites\/","logo":{"@type":"ImageObject","inLanguage":"fr-BE","@id":"https:\/\/vieassociative.be\/actualites\/#\/schema\/logo\/image\/","url":"https:\/\/vieassociative.be\/actualites\/wp-content\/uploads\/2024\/09\/cropped-vieassociative_favicon.ico.png","contentUrl":"https:\/\/vieassociative.be\/actualites\/wp-content\/uploads\/2024\/09\/cropped-vieassociative_favicon.ico.png","width":512,"height":512,"caption":"Vie Associative"},"image":{"@id":"https:\/\/vieassociative.be\/actualites\/#\/schema\/logo\/image\/"}},{"@type":"Person","@id":"https:\/\/vieassociative.be\/actualites\/#\/schema\/person\/b87ac4f82f9d4e7b7cec7395b679edc4","name":"Julien","image":{"@type":"ImageObject","inLanguage":"fr-BE","@id":"https:\/\/vieassociative.be\/actualites\/#\/schema\/person\/image\/","url":"https:\/\/vieassociative.be\/actualites\/wp-content\/uploads\/2024\/09\/vie-associative-1-150x150.jpg","contentUrl":"https:\/\/vieassociative.be\/actualites\/wp-content\/uploads\/2024\/09\/vie-associative-1-150x150.jpg","caption":"Julien"},"description":"Je suis Julien, r\u00e9dacteur pour Vie Associative. Passionn\u00e9 par le monde associatif depuis plus de 10 ans, j'ai \u00e0 c\u0153ur de partager des histoires inspirantes et de mettre en lumi\u00e8re les initiatives locales. Mon objectif est de sensibiliser et d'encourager l'engagement communautaire \u00e0 travers mes articles.","sameAs":["https:\/\/vieassociative.be\/"]}]}},"_links":{"self":[{"href":"https:\/\/vieassociative.be\/actualites\/wp-json\/wp\/v2\/posts\/10745"}],"collection":[{"href":"https:\/\/vieassociative.be\/actualites\/wp-json\/wp\/v2\/posts"}],"about":[{"href":"https:\/\/vieassociative.be\/actualites\/wp-json\/wp\/v2\/types\/post"}],"author":[{"embeddable":true,"href":"https:\/\/vieassociative.be\/actualites\/wp-json\/wp\/v2\/users\/1"}],"replies":[{"embeddable":true,"href":"https:\/\/vieassociative.be\/actualites\/wp-json\/wp\/v2\/comments?post=10745"}],"version-history":[{"count":0,"href":"https:\/\/vieassociative.be\/actualites\/wp-json\/wp\/v2\/posts\/10745\/revisions"}],"wp:featuredmedia":[{"embeddable":true,"href":"https:\/\/vieassociative.be\/actualites\/wp-json\/wp\/v2\/media\/10746"}],"wp:attachment":[{"href":"https:\/\/vieassociative.be\/actualites\/wp-json\/wp\/v2\/media?parent=10745"}],"wp:term":[{"taxonomy":"category","embeddable":true,"href":"https:\/\/vieassociative.be\/actualites\/wp-json\/wp\/v2\/categories?post=10745"},{"taxonomy":"post_tag","embeddable":true,"href":"https:\/\/vieassociative.be\/actualites\/wp-json\/wp\/v2\/tags?post=10745"}],"curies":[{"name":"wp","href":"https:\/\/api.w.org\/{rel}","templated":true}]}}