{"id":10742,"date":"2025-10-18T10:18:13","date_gmt":"2025-10-18T08:18:13","guid":{"rendered":"https:\/\/vieassociative.be\/actualites\/le-prix-de-lor-continue-de-grimper-cinquieme-journee-record-consecutive\/"},"modified":"2025-10-18T10:18:13","modified_gmt":"2025-10-18T08:18:13","slug":"le-prix-de-lor-continue-de-grimper-cinquieme-journee-record-consecutive","status":"publish","type":"post","link":"https:\/\/vieassociative.be\/actualites\/le-prix-de-lor-continue-de-grimper-cinquieme-journee-record-consecutive\/","title":{"rendered":"Le prix de l\u2019or continue de grimper \u2013 cinqui\u00e8me journ\u00e9e record cons\u00e9cutive"},"content":{"rendered":"<p><strong>Le prix du march\u00e9 de l&rsquo;or atteint un plus haut pour le cinqui\u00e8me jour cons\u00e9cutif \u2013 et l&rsquo;argent est \u00e9galement en forte hausse.<\/strong><\/p>\n<p><span id=\"more-427422\"><\/span>L&rsquo;or a poursuivi son rallye record vendredi. L&rsquo;argent a \u00e9galement atteint un autre sommet. Le prix de l&rsquo;once troy d&rsquo;or (environ 31,1 grammes) a augment\u00e9 de 1,2 pour cent \u00e0 pr\u00e8s de 4 380 dollars en d\u00e9but de s\u00e9ance. Calcul\u00e9 en euros, le prix de l&rsquo;or a grimp\u00e9 jusqu&rsquo;\u00e0 un niveau record de 3 744 euros.<\/p>\n<p>En dollars, le m\u00e9tal pr\u00e9cieux a atteint un niveau record pour la cinqui\u00e8me journ\u00e9e cons\u00e9cutive. C&rsquo;\u00e9tait le onzi\u00e8me jour avec un plus haut en 15 jours de bourse.<\/p>\n<div id=\"attachment_427425\" class=\"wp-caption alignleft\" style=\"max-width: 300px\"><img fetchpriority=\"high\" decoding=\"async\" class=\"wp-image-427425 size-medium\" src=\"https:\/\/vieassociative.be\/actualites\/wp-content\/uploads\/2025\/10\/Le-prix-de-lor-continue-de-grimper-\u2013-cinquieme-journee.jpg\" alt=\"\" width=\"300\" height=\"179\"  ><\/div>\n<p>Durant cette seule p\u00e9riode, le prix de l\u2019or a augment\u00e9 d\u2019un peu plus de 600 dollars, soit 16 pour cent. Au cours de l\u2019ann\u00e9e, le prix de l\u2019or a augment\u00e9 de 67 pour cent. Le m\u00e9tal pr\u00e9cieux se dirige vers son b\u00e9n\u00e9fice annuel le plus \u00e9lev\u00e9 depuis 1979 \u2013 \u00e0 cette \u00e9poque, le prix avait augment\u00e9 de pr\u00e8s de 127 pour cent.<\/p>\n<p>L\u2019une des raisons de cette forte augmentation est que de nombreux investisseurs consid\u00e8rent l\u2019or comme une valeur refuge en p\u00e9riode d\u2019incertitude et de dette nationale \u00e9lev\u00e9e. En outre, les sp\u00e9culations sur une nouvelle baisse des taux directeurs aux \u00c9tats-Unis sont consid\u00e9r\u00e9es comme un moteur important de la demande pour le m\u00e9tal pr\u00e9cieux.<\/p>\n<p>Le prix de l\u2019argent a augment\u00e9 encore plus cette ann\u00e9e que celui de l\u2019or. Cela a \u00e9galement atteint un record en fin de semaine. Le prix de l&rsquo;once troy d&rsquo;argent a augment\u00e9 de 0,4 pour cent \u00e0 54,46 dollars, portant la hausse annuelle \u00e0 88 pour cent. (dpa)<\/p>\n","protected":false},"excerpt":{"rendered":"<p>Le prix du march\u00e9 de l&rsquo;or atteint un plus haut pour le cinqui\u00e8me jour cons\u00e9cutif \u2013 et l&rsquo;argent est \u00e9galement en forte hausse. L&rsquo;or a<\/p>\n","protected":false},"author":1,"featured_media":1881,"comment_status":"","ping_status":"","sticky":false,"template":"","format":"standard","meta":{"footnotes":""},"categories":[298],"tags":[5514,4809,2426,8946,2877,2566,1399,2568],"class_list":["post-10742","post","type-post","status-publish","format-standard","has-post-thumbnail","hentry","category-belgique","tag-cinquieme","tag-consecutive","tag-continue","tag-grimper","tag-journee","tag-lor","tag-prix","tag-record","generate-columns","tablet-grid-50","mobile-grid-100","grid-parent","grid-33"],"yoast_head":"<!-- This site is optimized with the Yoast SEO plugin v24.0 - https:\/\/yoast.com\/wordpress\/plugins\/seo\/ -->\n<title>Le prix de l\u2019or continue de grimper \u2013 cinqui\u00e8me journ\u00e9e record cons\u00e9cutive | Vie Associative<\/title>\n<meta name=\"robots\" content=\"index, follow, max-snippet:-1, max-image-preview:large, max-video-preview:-1\" \/>\n<link rel=\"canonical\" href=\"https:\/\/vieassociative.be\/actualites\/le-prix-de-lor-continue-de-grimper-cinquieme-journee-record-consecutive\/\" \/>\n<meta property=\"og:locale\" content=\"fr_FR\" \/>\n<meta property=\"og:type\" content=\"article\" \/>\n<meta property=\"og:title\" content=\"Le prix de l\u2019or continue de grimper \u2013 cinqui\u00e8me journ\u00e9e record cons\u00e9cutive | Vie Associative\" \/>\n<meta property=\"og:description\" content=\"Le prix du march\u00e9 de l&rsquo;or atteint un plus haut pour le cinqui\u00e8me jour cons\u00e9cutif \u2013 et l&rsquo;argent est \u00e9galement en forte hausse. L&rsquo;or a\" \/>\n<meta property=\"og:url\" content=\"https:\/\/vieassociative.be\/actualites\/le-prix-de-lor-continue-de-grimper-cinquieme-journee-record-consecutive\/\" \/>\n<meta property=\"og:site_name\" content=\"Vie Associative\" \/>\n<meta property=\"article:published_time\" content=\"2025-10-18T08:18:13+00:00\" \/>\n<meta property=\"og:image\" content=\"https:\/\/vieassociative.be\/actualites\/wp-content\/uploads\/2024\/09\/header_backgroundk-01-e1726694325946.png\" \/>\n\t<meta property=\"og:image:width\" content=\"279\" \/>\n\t<meta property=\"og:image:height\" content=\"92\" \/>\n\t<meta property=\"og:image:type\" content=\"image\/png\" \/>\n<meta name=\"author\" content=\"Julien\" \/>\n<meta name=\"twitter:card\" content=\"summary_large_image\" \/>\n<meta name=\"twitter:label1\" content=\"\u00c9crit par\" \/>\n\t<meta name=\"twitter:data1\" content=\"Julien\" \/>\n\t<meta name=\"twitter:label2\" content=\"Dur\u00e9e de lecture est.\" \/>\n\t<meta name=\"twitter:data2\" content=\"1 minute\" \/>\n<script type=\"application\/ld+json\" class=\"yoast-schema-graph\">{\"@context\":\"https:\/\/schema.org\",\"@graph\":[{\"@type\":\"Article\",\"@id\":\"https:\/\/vieassociative.be\/actualites\/le-prix-de-lor-continue-de-grimper-cinquieme-journee-record-consecutive\/#article\",\"isPartOf\":{\"@id\":\"https:\/\/vieassociative.be\/actualites\/le-prix-de-lor-continue-de-grimper-cinquieme-journee-record-consecutive\/\"},\"author\":{\"name\":\"Julien\",\"@id\":\"https:\/\/vieassociative.be\/actualites\/#\/schema\/person\/b87ac4f82f9d4e7b7cec7395b679edc4\"},\"headline\":\"Le prix de l\u2019or continue de grimper \u2013 cinqui\u00e8me journ\u00e9e record cons\u00e9cutive\",\"datePublished\":\"2025-10-18T08:18:13+00:00\",\"dateModified\":\"2025-10-18T08:18:13+00:00\",\"mainEntityOfPage\":{\"@id\":\"https:\/\/vieassociative.be\/actualites\/le-prix-de-lor-continue-de-grimper-cinquieme-journee-record-consecutive\/\"},\"wordCount\":309,\"publisher\":{\"@id\":\"https:\/\/vieassociative.be\/actualites\/#organization\"},\"image\":{\"@id\":\"https:\/\/vieassociative.be\/actualites\/le-prix-de-lor-continue-de-grimper-cinquieme-journee-record-consecutive\/#primaryimage\"},\"thumbnailUrl\":\"https:\/\/vieassociative.be\/actualites\/wp-content\/uploads\/2024\/10\/Le-prix-de-lor-atteint-un-nouveau-record-avant-les.jpg\",\"keywords\":[\"cinqui\u00e8me\",\"cons\u00e9cutive\",\"continue\",\"grimper\",\"journ\u00e9e\",\"lor\",\"prix\",\"record\"],\"articleSection\":[\"Belgique\"],\"inLanguage\":\"fr-BE\"},{\"@type\":\"WebPage\",\"@id\":\"https:\/\/vieassociative.be\/actualites\/le-prix-de-lor-continue-de-grimper-cinquieme-journee-record-consecutive\/\",\"url\":\"https:\/\/vieassociative.be\/actualites\/le-prix-de-lor-continue-de-grimper-cinquieme-journee-record-consecutive\/\",\"name\":\"Le prix de l\u2019or continue de grimper \u2013 cinqui\u00e8me journ\u00e9e record cons\u00e9cutive | Vie Associative\",\"isPartOf\":{\"@id\":\"https:\/\/vieassociative.be\/actualites\/#website\"},\"primaryImageOfPage\":{\"@id\":\"https:\/\/vieassociative.be\/actualites\/le-prix-de-lor-continue-de-grimper-cinquieme-journee-record-consecutive\/#primaryimage\"},\"image\":{\"@id\":\"https:\/\/vieassociative.be\/actualites\/le-prix-de-lor-continue-de-grimper-cinquieme-journee-record-consecutive\/#primaryimage\"},\"thumbnailUrl\":\"https:\/\/vieassociative.be\/actualites\/wp-content\/uploads\/2024\/10\/Le-prix-de-lor-atteint-un-nouveau-record-avant-les.jpg\",\"datePublished\":\"2025-10-18T08:18:13+00:00\",\"dateModified\":\"2025-10-18T08:18:13+00:00\",\"breadcrumb\":{\"@id\":\"https:\/\/vieassociative.be\/actualites\/le-prix-de-lor-continue-de-grimper-cinquieme-journee-record-consecutive\/#breadcrumb\"},\"inLanguage\":\"fr-BE\",\"potentialAction\":[{\"@type\":\"ReadAction\",\"target\":[\"https:\/\/vieassociative.be\/actualites\/le-prix-de-lor-continue-de-grimper-cinquieme-journee-record-consecutive\/\"]}]},{\"@type\":\"ImageObject\",\"inLanguage\":\"fr-BE\",\"@id\":\"https:\/\/vieassociative.be\/actualites\/le-prix-de-lor-continue-de-grimper-cinquieme-journee-record-consecutive\/#primaryimage\",\"url\":\"https:\/\/vieassociative.be\/actualites\/wp-content\/uploads\/2024\/10\/Le-prix-de-lor-atteint-un-nouveau-record-avant-les.jpg\",\"contentUrl\":\"https:\/\/vieassociative.be\/actualites\/wp-content\/uploads\/2024\/10\/Le-prix-de-lor-atteint-un-nouveau-record-avant-les.jpg\",\"width\":1200,\"height\":798,\"caption\":\"Le prix de l\u2019or atteint un nouveau record avant les \u00e9lections am\u00e9ricaines\"},{\"@type\":\"BreadcrumbList\",\"@id\":\"https:\/\/vieassociative.be\/actualites\/le-prix-de-lor-continue-de-grimper-cinquieme-journee-record-consecutive\/#breadcrumb\",\"itemListElement\":[{\"@type\":\"ListItem\",\"position\":1,\"name\":\"Accueil\",\"item\":\"https:\/\/vieassociative.be\/actualites\/\"},{\"@type\":\"ListItem\",\"position\":2,\"name\":\"Le prix de l\u2019or continue de grimper \u2013 cinqui\u00e8me journ\u00e9e record cons\u00e9cutive\"}]},{\"@type\":\"WebSite\",\"@id\":\"https:\/\/vieassociative.be\/actualites\/#website\",\"url\":\"https:\/\/vieassociative.be\/actualites\/\",\"name\":\"Vie Associative\",\"description\":\"\",\"publisher\":{\"@id\":\"https:\/\/vieassociative.be\/actualites\/#organization\"},\"potentialAction\":[{\"@type\":\"SearchAction\",\"target\":{\"@type\":\"EntryPoint\",\"urlTemplate\":\"https:\/\/vieassociative.be\/actualites\/?s={search_term_string}\"},\"query-input\":{\"@type\":\"PropertyValueSpecification\",\"valueRequired\":true,\"valueName\":\"search_term_string\"}}],\"inLanguage\":\"fr-BE\"},{\"@type\":\"Organization\",\"@id\":\"https:\/\/vieassociative.be\/actualites\/#organization\",\"name\":\"Vie Associative\",\"url\":\"https:\/\/vieassociative.be\/actualites\/\",\"logo\":{\"@type\":\"ImageObject\",\"inLanguage\":\"fr-BE\",\"@id\":\"https:\/\/vieassociative.be\/actualites\/#\/schema\/logo\/image\/\",\"url\":\"https:\/\/vieassociative.be\/actualites\/wp-content\/uploads\/2024\/09\/cropped-vieassociative_favicon.ico.png\",\"contentUrl\":\"https:\/\/vieassociative.be\/actualites\/wp-content\/uploads\/2024\/09\/cropped-vieassociative_favicon.ico.png\",\"width\":512,\"height\":512,\"caption\":\"Vie Associative\"},\"image\":{\"@id\":\"https:\/\/vieassociative.be\/actualites\/#\/schema\/logo\/image\/\"}},{\"@type\":\"Person\",\"@id\":\"https:\/\/vieassociative.be\/actualites\/#\/schema\/person\/b87ac4f82f9d4e7b7cec7395b679edc4\",\"name\":\"Julien\",\"image\":{\"@type\":\"ImageObject\",\"inLanguage\":\"fr-BE\",\"@id\":\"https:\/\/vieassociative.be\/actualites\/#\/schema\/person\/image\/\",\"url\":\"https:\/\/vieassociative.be\/actualites\/wp-content\/uploads\/2024\/09\/vie-associative-1-150x150.jpg\",\"contentUrl\":\"https:\/\/vieassociative.be\/actualites\/wp-content\/uploads\/2024\/09\/vie-associative-1-150x150.jpg\",\"caption\":\"Julien\"},\"description\":\"Je suis Julien, r\u00e9dacteur pour Vie Associative. Passionn\u00e9 par le monde associatif depuis plus de 10 ans, j'ai \u00e0 c\u0153ur de partager des histoires inspirantes et de mettre en lumi\u00e8re les initiatives locales. Mon objectif est de sensibiliser et d'encourager l'engagement communautaire \u00e0 travers mes articles.\",\"sameAs\":[\"https:\/\/vieassociative.be\/\"]}]}<\/script>\n<!-- \/ Yoast SEO plugin. -->","yoast_head_json":{"title":"Le prix de l\u2019or continue de grimper \u2013 cinqui\u00e8me journ\u00e9e record cons\u00e9cutive | Vie Associative","robots":{"index":"index","follow":"follow","max-snippet":"max-snippet:-1","max-image-preview":"max-image-preview:large","max-video-preview":"max-video-preview:-1"},"canonical":"https:\/\/vieassociative.be\/actualites\/le-prix-de-lor-continue-de-grimper-cinquieme-journee-record-consecutive\/","og_locale":"fr_FR","og_type":"article","og_title":"Le prix de l\u2019or continue de grimper \u2013 cinqui\u00e8me journ\u00e9e record cons\u00e9cutive | Vie Associative","og_description":"Le prix du march\u00e9 de l&rsquo;or atteint un plus haut pour le cinqui\u00e8me jour cons\u00e9cutif \u2013 et l&rsquo;argent est \u00e9galement en forte hausse. L&rsquo;or a","og_url":"https:\/\/vieassociative.be\/actualites\/le-prix-de-lor-continue-de-grimper-cinquieme-journee-record-consecutive\/","og_site_name":"Vie Associative","article_published_time":"2025-10-18T08:18:13+00:00","og_image":[{"width":279,"height":92,"url":"https:\/\/vieassociative.be\/actualites\/wp-content\/uploads\/2024\/09\/header_backgroundk-01-e1726694325946.png","type":"image\/png"}],"author":"Julien","twitter_card":"summary_large_image","twitter_misc":{"\u00c9crit par":"Julien","Dur\u00e9e de lecture est.":"1 minute"},"schema":{"@context":"https:\/\/schema.org","@graph":[{"@type":"Article","@id":"https:\/\/vieassociative.be\/actualites\/le-prix-de-lor-continue-de-grimper-cinquieme-journee-record-consecutive\/#article","isPartOf":{"@id":"https:\/\/vieassociative.be\/actualites\/le-prix-de-lor-continue-de-grimper-cinquieme-journee-record-consecutive\/"},"author":{"name":"Julien","@id":"https:\/\/vieassociative.be\/actualites\/#\/schema\/person\/b87ac4f82f9d4e7b7cec7395b679edc4"},"headline":"Le prix de l\u2019or continue de grimper \u2013 cinqui\u00e8me journ\u00e9e record cons\u00e9cutive","datePublished":"2025-10-18T08:18:13+00:00","dateModified":"2025-10-18T08:18:13+00:00","mainEntityOfPage":{"@id":"https:\/\/vieassociative.be\/actualites\/le-prix-de-lor-continue-de-grimper-cinquieme-journee-record-consecutive\/"},"wordCount":309,"publisher":{"@id":"https:\/\/vieassociative.be\/actualites\/#organization"},"image":{"@id":"https:\/\/vieassociative.be\/actualites\/le-prix-de-lor-continue-de-grimper-cinquieme-journee-record-consecutive\/#primaryimage"},"thumbnailUrl":"https:\/\/vieassociative.be\/actualites\/wp-content\/uploads\/2024\/10\/Le-prix-de-lor-atteint-un-nouveau-record-avant-les.jpg","keywords":["cinqui\u00e8me","cons\u00e9cutive","continue","grimper","journ\u00e9e","lor","prix","record"],"articleSection":["Belgique"],"inLanguage":"fr-BE"},{"@type":"WebPage","@id":"https:\/\/vieassociative.be\/actualites\/le-prix-de-lor-continue-de-grimper-cinquieme-journee-record-consecutive\/","url":"https:\/\/vieassociative.be\/actualites\/le-prix-de-lor-continue-de-grimper-cinquieme-journee-record-consecutive\/","name":"Le prix de l\u2019or continue de grimper \u2013 cinqui\u00e8me journ\u00e9e record cons\u00e9cutive | Vie Associative","isPartOf":{"@id":"https:\/\/vieassociative.be\/actualites\/#website"},"primaryImageOfPage":{"@id":"https:\/\/vieassociative.be\/actualites\/le-prix-de-lor-continue-de-grimper-cinquieme-journee-record-consecutive\/#primaryimage"},"image":{"@id":"https:\/\/vieassociative.be\/actualites\/le-prix-de-lor-continue-de-grimper-cinquieme-journee-record-consecutive\/#primaryimage"},"thumbnailUrl":"https:\/\/vieassociative.be\/actualites\/wp-content\/uploads\/2024\/10\/Le-prix-de-lor-atteint-un-nouveau-record-avant-les.jpg","datePublished":"2025-10-18T08:18:13+00:00","dateModified":"2025-10-18T08:18:13+00:00","breadcrumb":{"@id":"https:\/\/vieassociative.be\/actualites\/le-prix-de-lor-continue-de-grimper-cinquieme-journee-record-consecutive\/#breadcrumb"},"inLanguage":"fr-BE","potentialAction":[{"@type":"ReadAction","target":["https:\/\/vieassociative.be\/actualites\/le-prix-de-lor-continue-de-grimper-cinquieme-journee-record-consecutive\/"]}]},{"@type":"ImageObject","inLanguage":"fr-BE","@id":"https:\/\/vieassociative.be\/actualites\/le-prix-de-lor-continue-de-grimper-cinquieme-journee-record-consecutive\/#primaryimage","url":"https:\/\/vieassociative.be\/actualites\/wp-content\/uploads\/2024\/10\/Le-prix-de-lor-atteint-un-nouveau-record-avant-les.jpg","contentUrl":"https:\/\/vieassociative.be\/actualites\/wp-content\/uploads\/2024\/10\/Le-prix-de-lor-atteint-un-nouveau-record-avant-les.jpg","width":1200,"height":798,"caption":"Le prix de l\u2019or atteint un nouveau record avant les \u00e9lections am\u00e9ricaines"},{"@type":"BreadcrumbList","@id":"https:\/\/vieassociative.be\/actualites\/le-prix-de-lor-continue-de-grimper-cinquieme-journee-record-consecutive\/#breadcrumb","itemListElement":[{"@type":"ListItem","position":1,"name":"Accueil","item":"https:\/\/vieassociative.be\/actualites\/"},{"@type":"ListItem","position":2,"name":"Le prix de l\u2019or continue de grimper \u2013 cinqui\u00e8me journ\u00e9e record cons\u00e9cutive"}]},{"@type":"WebSite","@id":"https:\/\/vieassociative.be\/actualites\/#website","url":"https:\/\/vieassociative.be\/actualites\/","name":"Vie Associative","description":"","publisher":{"@id":"https:\/\/vieassociative.be\/actualites\/#organization"},"potentialAction":[{"@type":"SearchAction","target":{"@type":"EntryPoint","urlTemplate":"https:\/\/vieassociative.be\/actualites\/?s={search_term_string}"},"query-input":{"@type":"PropertyValueSpecification","valueRequired":true,"valueName":"search_term_string"}}],"inLanguage":"fr-BE"},{"@type":"Organization","@id":"https:\/\/vieassociative.be\/actualites\/#organization","name":"Vie Associative","url":"https:\/\/vieassociative.be\/actualites\/","logo":{"@type":"ImageObject","inLanguage":"fr-BE","@id":"https:\/\/vieassociative.be\/actualites\/#\/schema\/logo\/image\/","url":"https:\/\/vieassociative.be\/actualites\/wp-content\/uploads\/2024\/09\/cropped-vieassociative_favicon.ico.png","contentUrl":"https:\/\/vieassociative.be\/actualites\/wp-content\/uploads\/2024\/09\/cropped-vieassociative_favicon.ico.png","width":512,"height":512,"caption":"Vie Associative"},"image":{"@id":"https:\/\/vieassociative.be\/actualites\/#\/schema\/logo\/image\/"}},{"@type":"Person","@id":"https:\/\/vieassociative.be\/actualites\/#\/schema\/person\/b87ac4f82f9d4e7b7cec7395b679edc4","name":"Julien","image":{"@type":"ImageObject","inLanguage":"fr-BE","@id":"https:\/\/vieassociative.be\/actualites\/#\/schema\/person\/image\/","url":"https:\/\/vieassociative.be\/actualites\/wp-content\/uploads\/2024\/09\/vie-associative-1-150x150.jpg","contentUrl":"https:\/\/vieassociative.be\/actualites\/wp-content\/uploads\/2024\/09\/vie-associative-1-150x150.jpg","caption":"Julien"},"description":"Je suis Julien, r\u00e9dacteur pour Vie Associative. Passionn\u00e9 par le monde associatif depuis plus de 10 ans, j'ai \u00e0 c\u0153ur de partager des histoires inspirantes et de mettre en lumi\u00e8re les initiatives locales. Mon objectif est de sensibiliser et d'encourager l'engagement communautaire \u00e0 travers mes articles.","sameAs":["https:\/\/vieassociative.be\/"]}]}},"_links":{"self":[{"href":"https:\/\/vieassociative.be\/actualites\/wp-json\/wp\/v2\/posts\/10742"}],"collection":[{"href":"https:\/\/vieassociative.be\/actualites\/wp-json\/wp\/v2\/posts"}],"about":[{"href":"https:\/\/vieassociative.be\/actualites\/wp-json\/wp\/v2\/types\/post"}],"author":[{"embeddable":true,"href":"https:\/\/vieassociative.be\/actualites\/wp-json\/wp\/v2\/users\/1"}],"replies":[{"embeddable":true,"href":"https:\/\/vieassociative.be\/actualites\/wp-json\/wp\/v2\/comments?post=10742"}],"version-history":[{"count":0,"href":"https:\/\/vieassociative.be\/actualites\/wp-json\/wp\/v2\/posts\/10742\/revisions"}],"wp:featuredmedia":[{"embeddable":true,"href":"https:\/\/vieassociative.be\/actualites\/wp-json\/wp\/v2\/media\/1881"}],"wp:attachment":[{"href":"https:\/\/vieassociative.be\/actualites\/wp-json\/wp\/v2\/media?parent=10742"}],"wp:term":[{"taxonomy":"category","embeddable":true,"href":"https:\/\/vieassociative.be\/actualites\/wp-json\/wp\/v2\/categories?post=10742"},{"taxonomy":"post_tag","embeddable":true,"href":"https:\/\/vieassociative.be\/actualites\/wp-json\/wp\/v2\/tags?post=10742"}],"curies":[{"name":"wp","href":"https:\/\/api.w.org\/{rel}","templated":true}]}}