{"id":10737,"date":"2025-10-18T04:18:19","date_gmt":"2025-10-18T02:18:19","guid":{"rendered":"https:\/\/vieassociative.be\/actualites\/vog-chudoscnik-sunergia-exploitera-le-centre-culturel-alter-schlachthof-pendant-encore-quatre-ans\/"},"modified":"2025-10-18T04:18:19","modified_gmt":"2025-10-18T02:18:19","slug":"vog-chudoscnik-sunergia-exploitera-le-centre-culturel-alter-schlachthof-pendant-encore-quatre-ans","status":"publish","type":"post","link":"https:\/\/vieassociative.be\/actualites\/vog-chudoscnik-sunergia-exploitera-le-centre-culturel-alter-schlachthof-pendant-encore-quatre-ans\/","title":{"rendered":"VoG Chudoscnik Sunergia exploitera le centre culturel Alter Schlachthof pendant encore quatre ans"},"content":{"rendered":"<p><strong>Lors de sa derni\u00e8re r\u00e9union, le conseil d&rsquo;administration de l&rsquo;AGR Tilia a r\u00e9affect\u00e9 ou non l&rsquo;exploitation du centre culturel r\u00e9gional Alter Schlachthof.<\/strong><\/p>\n<p><span id=\"more-427433\"><\/span>VoG Chudoscnik Sunergia a \u00e9t\u00e9 la seule organisation \u00e0 soumettre une offre compl\u00e8te r\u00e9pondant \u00e0 tous les crit\u00e8res fix\u00e9s par AGR Tilia. Pour cette raison, il a \u00e9t\u00e9 d\u00e9cid\u00e9 de retransf\u00e9rer l&rsquo;exploitation du centre culturel \u00e0 Chudoscnik Sunergia pour la p\u00e9riode du 1er janvier 2026 au 31 d\u00e9cembre 2029.<\/p>\n<div id=\"attachment_353239\" class=\"wp-caption alignleft\" style=\"max-width: 300px\"><img fetchpriority=\"high\" decoding=\"async\" class=\"wp-image-353239 size-medium\" src=\"https:\/\/vieassociative.be\/actualites\/wp-content\/uploads\/2025\/10\/VoG-Chudoscnik-Sunergia-exploitera-le-centre-culturel-Alter-Schlachthof-pendant.jpeg\" alt=\"\" width=\"300\" height=\"201\"  ><\/div>\n<p>La r\u00e9daction du contrat correspondant est actuellement en cours, selon un communiqu\u00e9 de la ville d&rsquo;Eupen. \u00abAGR Tilia est heureux de pouvoir poursuivre la collaboration fructueuse et confiante avec l&rsquo;\u00e9quipe engag\u00e9e de Chudoscnik Sunergia et est convaincu que le centre culturel restera un lieu vivant d&rsquo;art, de rencontres et d&rsquo;\u00e9changes culturels dans les ann\u00e9es \u00e0 venir.\u00bb<\/p>\n<p>Les responsables d&rsquo;AGR Tilia souhaitent fournir de plus amples d\u00e9tails sur la r\u00e9attribution de l&rsquo;exploitation du centre culturel Alter Schlachthof \u00e0 la VoG Chudoscnik Sunergia lors d&rsquo;une conf\u00e9rence de presse le mercredi 22 octobre 2025 au centre culturel Alter Schlachthof.(cre)<\/p>\n","protected":false},"excerpt":{"rendered":"<p>Lors de sa derni\u00e8re r\u00e9union, le conseil d&rsquo;administration de l&rsquo;AGR Tilia a r\u00e9affect\u00e9 ou non l&rsquo;exploitation du centre culturel r\u00e9gional Alter Schlachthof. VoG Chudoscnik Sunergia<\/p>\n","protected":false},"author":1,"featured_media":10738,"comment_status":"","ping_status":"","sticky":false,"template":"","format":"standard","meta":{"footnotes":""},"categories":[298],"tags":[8943,584,5279,8939,8942,592,8941,198,1435,8944,8940,3380],"class_list":["post-10737","post","type-post","status-publish","format-standard","has-post-thumbnail","hentry","category-belgique","tag-alter","tag-ans","tag-centre","tag-chudoscnik","tag-culturel","tag-encore","tag-exploitera","tag-pendant","tag-quatre","tag-schlachthof","tag-sunergia","tag-vog","generate-columns","tablet-grid-50","mobile-grid-100","grid-parent","grid-33"],"yoast_head":"<!-- This site is optimized with the Yoast SEO plugin v24.0 - https:\/\/yoast.com\/wordpress\/plugins\/seo\/ -->\n<title>VoG Chudoscnik Sunergia exploitera le centre culturel Alter Schlachthof pendant encore quatre ans | Vie Associative<\/title>\n<meta name=\"robots\" content=\"index, follow, max-snippet:-1, max-image-preview:large, max-video-preview:-1\" \/>\n<link rel=\"canonical\" href=\"https:\/\/vieassociative.be\/actualites\/vog-chudoscnik-sunergia-exploitera-le-centre-culturel-alter-schlachthof-pendant-encore-quatre-ans\/\" \/>\n<meta property=\"og:locale\" content=\"fr_FR\" \/>\n<meta property=\"og:type\" content=\"article\" \/>\n<meta property=\"og:title\" content=\"VoG Chudoscnik Sunergia exploitera le centre culturel Alter Schlachthof pendant encore quatre ans | Vie Associative\" \/>\n<meta property=\"og:description\" content=\"Lors de sa derni\u00e8re r\u00e9union, le conseil d&rsquo;administration de l&rsquo;AGR Tilia a r\u00e9affect\u00e9 ou non l&rsquo;exploitation du centre culturel r\u00e9gional Alter Schlachthof. VoG Chudoscnik Sunergia\" \/>\n<meta property=\"og:url\" content=\"https:\/\/vieassociative.be\/actualites\/vog-chudoscnik-sunergia-exploitera-le-centre-culturel-alter-schlachthof-pendant-encore-quatre-ans\/\" \/>\n<meta property=\"og:site_name\" content=\"Vie Associative\" \/>\n<meta property=\"article:published_time\" content=\"2025-10-18T02:18:19+00:00\" \/>\n<meta property=\"og:image\" content=\"https:\/\/vieassociative.be\/actualites\/wp-content\/uploads\/2024\/09\/header_backgroundk-01-e1726694325946.png\" \/>\n\t<meta property=\"og:image:width\" content=\"279\" \/>\n\t<meta property=\"og:image:height\" content=\"92\" \/>\n\t<meta property=\"og:image:type\" content=\"image\/png\" \/>\n<meta name=\"author\" content=\"Julien\" \/>\n<meta name=\"twitter:card\" content=\"summary_large_image\" \/>\n<meta name=\"twitter:label1\" content=\"\u00c9crit par\" \/>\n\t<meta name=\"twitter:data1\" content=\"Julien\" \/>\n\t<meta name=\"twitter:label2\" content=\"Dur\u00e9e de lecture est.\" \/>\n\t<meta name=\"twitter:data2\" content=\"1 minute\" \/>\n<script type=\"application\/ld+json\" class=\"yoast-schema-graph\">{\"@context\":\"https:\/\/schema.org\",\"@graph\":[{\"@type\":\"Article\",\"@id\":\"https:\/\/vieassociative.be\/actualites\/vog-chudoscnik-sunergia-exploitera-le-centre-culturel-alter-schlachthof-pendant-encore-quatre-ans\/#article\",\"isPartOf\":{\"@id\":\"https:\/\/vieassociative.be\/actualites\/vog-chudoscnik-sunergia-exploitera-le-centre-culturel-alter-schlachthof-pendant-encore-quatre-ans\/\"},\"author\":{\"name\":\"Julien\",\"@id\":\"https:\/\/vieassociative.be\/actualites\/#\/schema\/person\/b87ac4f82f9d4e7b7cec7395b679edc4\"},\"headline\":\"VoG Chudoscnik Sunergia exploitera le centre culturel Alter Schlachthof pendant encore quatre ans\",\"datePublished\":\"2025-10-18T02:18:19+00:00\",\"dateModified\":\"2025-10-18T02:18:19+00:00\",\"mainEntityOfPage\":{\"@id\":\"https:\/\/vieassociative.be\/actualites\/vog-chudoscnik-sunergia-exploitera-le-centre-culturel-alter-schlachthof-pendant-encore-quatre-ans\/\"},\"wordCount\":200,\"publisher\":{\"@id\":\"https:\/\/vieassociative.be\/actualites\/#organization\"},\"image\":{\"@id\":\"https:\/\/vieassociative.be\/actualites\/vog-chudoscnik-sunergia-exploitera-le-centre-culturel-alter-schlachthof-pendant-encore-quatre-ans\/#primaryimage\"},\"thumbnailUrl\":\"https:\/\/vieassociative.be\/actualites\/wp-content\/uploads\/2025\/10\/VoG-Chudoscnik-Sunergia-exploitera-le-centre-culturel-Alter-Schlachthof-pendant.jpg\",\"keywords\":[\"Alter\",\"ans\",\"centre\",\"Chudoscnik\",\"culturel\",\"encore\",\"exploitera\",\"pendant\",\"Quatre\",\"Schlachthof\",\"Sunergia\",\"VoG\"],\"articleSection\":[\"Belgique\"],\"inLanguage\":\"fr-BE\"},{\"@type\":\"WebPage\",\"@id\":\"https:\/\/vieassociative.be\/actualites\/vog-chudoscnik-sunergia-exploitera-le-centre-culturel-alter-schlachthof-pendant-encore-quatre-ans\/\",\"url\":\"https:\/\/vieassociative.be\/actualites\/vog-chudoscnik-sunergia-exploitera-le-centre-culturel-alter-schlachthof-pendant-encore-quatre-ans\/\",\"name\":\"VoG Chudoscnik Sunergia exploitera le centre culturel Alter Schlachthof pendant encore quatre ans | Vie Associative\",\"isPartOf\":{\"@id\":\"https:\/\/vieassociative.be\/actualites\/#website\"},\"primaryImageOfPage\":{\"@id\":\"https:\/\/vieassociative.be\/actualites\/vog-chudoscnik-sunergia-exploitera-le-centre-culturel-alter-schlachthof-pendant-encore-quatre-ans\/#primaryimage\"},\"image\":{\"@id\":\"https:\/\/vieassociative.be\/actualites\/vog-chudoscnik-sunergia-exploitera-le-centre-culturel-alter-schlachthof-pendant-encore-quatre-ans\/#primaryimage\"},\"thumbnailUrl\":\"https:\/\/vieassociative.be\/actualites\/wp-content\/uploads\/2025\/10\/VoG-Chudoscnik-Sunergia-exploitera-le-centre-culturel-Alter-Schlachthof-pendant.jpg\",\"datePublished\":\"2025-10-18T02:18:19+00:00\",\"dateModified\":\"2025-10-18T02:18:19+00:00\",\"breadcrumb\":{\"@id\":\"https:\/\/vieassociative.be\/actualites\/vog-chudoscnik-sunergia-exploitera-le-centre-culturel-alter-schlachthof-pendant-encore-quatre-ans\/#breadcrumb\"},\"inLanguage\":\"fr-BE\",\"potentialAction\":[{\"@type\":\"ReadAction\",\"target\":[\"https:\/\/vieassociative.be\/actualites\/vog-chudoscnik-sunergia-exploitera-le-centre-culturel-alter-schlachthof-pendant-encore-quatre-ans\/\"]}]},{\"@type\":\"ImageObject\",\"inLanguage\":\"fr-BE\",\"@id\":\"https:\/\/vieassociative.be\/actualites\/vog-chudoscnik-sunergia-exploitera-le-centre-culturel-alter-schlachthof-pendant-encore-quatre-ans\/#primaryimage\",\"url\":\"https:\/\/vieassociative.be\/actualites\/wp-content\/uploads\/2025\/10\/VoG-Chudoscnik-Sunergia-exploitera-le-centre-culturel-Alter-Schlachthof-pendant.jpg\",\"contentUrl\":\"https:\/\/vieassociative.be\/actualites\/wp-content\/uploads\/2025\/10\/VoG-Chudoscnik-Sunergia-exploitera-le-centre-culturel-Alter-Schlachthof-pendant.jpg\",\"width\":1200,\"height\":800,\"caption\":\"VoG Chudoscnik Sunergia exploitera le centre culturel Alter Schlachthof pendant encore quatre ans\"},{\"@type\":\"BreadcrumbList\",\"@id\":\"https:\/\/vieassociative.be\/actualites\/vog-chudoscnik-sunergia-exploitera-le-centre-culturel-alter-schlachthof-pendant-encore-quatre-ans\/#breadcrumb\",\"itemListElement\":[{\"@type\":\"ListItem\",\"position\":1,\"name\":\"Accueil\",\"item\":\"https:\/\/vieassociative.be\/actualites\/\"},{\"@type\":\"ListItem\",\"position\":2,\"name\":\"VoG Chudoscnik Sunergia exploitera le centre culturel Alter Schlachthof pendant encore quatre ans\"}]},{\"@type\":\"WebSite\",\"@id\":\"https:\/\/vieassociative.be\/actualites\/#website\",\"url\":\"https:\/\/vieassociative.be\/actualites\/\",\"name\":\"Vie Associative\",\"description\":\"\",\"publisher\":{\"@id\":\"https:\/\/vieassociative.be\/actualites\/#organization\"},\"potentialAction\":[{\"@type\":\"SearchAction\",\"target\":{\"@type\":\"EntryPoint\",\"urlTemplate\":\"https:\/\/vieassociative.be\/actualites\/?s={search_term_string}\"},\"query-input\":{\"@type\":\"PropertyValueSpecification\",\"valueRequired\":true,\"valueName\":\"search_term_string\"}}],\"inLanguage\":\"fr-BE\"},{\"@type\":\"Organization\",\"@id\":\"https:\/\/vieassociative.be\/actualites\/#organization\",\"name\":\"Vie Associative\",\"url\":\"https:\/\/vieassociative.be\/actualites\/\",\"logo\":{\"@type\":\"ImageObject\",\"inLanguage\":\"fr-BE\",\"@id\":\"https:\/\/vieassociative.be\/actualites\/#\/schema\/logo\/image\/\",\"url\":\"https:\/\/vieassociative.be\/actualites\/wp-content\/uploads\/2024\/09\/cropped-vieassociative_favicon.ico.png\",\"contentUrl\":\"https:\/\/vieassociative.be\/actualites\/wp-content\/uploads\/2024\/09\/cropped-vieassociative_favicon.ico.png\",\"width\":512,\"height\":512,\"caption\":\"Vie Associative\"},\"image\":{\"@id\":\"https:\/\/vieassociative.be\/actualites\/#\/schema\/logo\/image\/\"}},{\"@type\":\"Person\",\"@id\":\"https:\/\/vieassociative.be\/actualites\/#\/schema\/person\/b87ac4f82f9d4e7b7cec7395b679edc4\",\"name\":\"Julien\",\"image\":{\"@type\":\"ImageObject\",\"inLanguage\":\"fr-BE\",\"@id\":\"https:\/\/vieassociative.be\/actualites\/#\/schema\/person\/image\/\",\"url\":\"https:\/\/vieassociative.be\/actualites\/wp-content\/uploads\/2024\/09\/vie-associative-1-150x150.jpg\",\"contentUrl\":\"https:\/\/vieassociative.be\/actualites\/wp-content\/uploads\/2024\/09\/vie-associative-1-150x150.jpg\",\"caption\":\"Julien\"},\"description\":\"Je suis Julien, r\u00e9dacteur pour Vie Associative. Passionn\u00e9 par le monde associatif depuis plus de 10 ans, j'ai \u00e0 c\u0153ur de partager des histoires inspirantes et de mettre en lumi\u00e8re les initiatives locales. Mon objectif est de sensibiliser et d'encourager l'engagement communautaire \u00e0 travers mes articles.\",\"sameAs\":[\"https:\/\/vieassociative.be\/\"]}]}<\/script>\n<!-- \/ Yoast SEO plugin. -->","yoast_head_json":{"title":"VoG Chudoscnik Sunergia exploitera le centre culturel Alter Schlachthof pendant encore quatre ans | Vie Associative","robots":{"index":"index","follow":"follow","max-snippet":"max-snippet:-1","max-image-preview":"max-image-preview:large","max-video-preview":"max-video-preview:-1"},"canonical":"https:\/\/vieassociative.be\/actualites\/vog-chudoscnik-sunergia-exploitera-le-centre-culturel-alter-schlachthof-pendant-encore-quatre-ans\/","og_locale":"fr_FR","og_type":"article","og_title":"VoG Chudoscnik Sunergia exploitera le centre culturel Alter Schlachthof pendant encore quatre ans | Vie Associative","og_description":"Lors de sa derni\u00e8re r\u00e9union, le conseil d&rsquo;administration de l&rsquo;AGR Tilia a r\u00e9affect\u00e9 ou non l&rsquo;exploitation du centre culturel r\u00e9gional Alter Schlachthof. VoG Chudoscnik Sunergia","og_url":"https:\/\/vieassociative.be\/actualites\/vog-chudoscnik-sunergia-exploitera-le-centre-culturel-alter-schlachthof-pendant-encore-quatre-ans\/","og_site_name":"Vie Associative","article_published_time":"2025-10-18T02:18:19+00:00","og_image":[{"width":279,"height":92,"url":"https:\/\/vieassociative.be\/actualites\/wp-content\/uploads\/2024\/09\/header_backgroundk-01-e1726694325946.png","type":"image\/png"}],"author":"Julien","twitter_card":"summary_large_image","twitter_misc":{"\u00c9crit par":"Julien","Dur\u00e9e de lecture est.":"1 minute"},"schema":{"@context":"https:\/\/schema.org","@graph":[{"@type":"Article","@id":"https:\/\/vieassociative.be\/actualites\/vog-chudoscnik-sunergia-exploitera-le-centre-culturel-alter-schlachthof-pendant-encore-quatre-ans\/#article","isPartOf":{"@id":"https:\/\/vieassociative.be\/actualites\/vog-chudoscnik-sunergia-exploitera-le-centre-culturel-alter-schlachthof-pendant-encore-quatre-ans\/"},"author":{"name":"Julien","@id":"https:\/\/vieassociative.be\/actualites\/#\/schema\/person\/b87ac4f82f9d4e7b7cec7395b679edc4"},"headline":"VoG Chudoscnik Sunergia exploitera le centre culturel Alter Schlachthof pendant encore quatre ans","datePublished":"2025-10-18T02:18:19+00:00","dateModified":"2025-10-18T02:18:19+00:00","mainEntityOfPage":{"@id":"https:\/\/vieassociative.be\/actualites\/vog-chudoscnik-sunergia-exploitera-le-centre-culturel-alter-schlachthof-pendant-encore-quatre-ans\/"},"wordCount":200,"publisher":{"@id":"https:\/\/vieassociative.be\/actualites\/#organization"},"image":{"@id":"https:\/\/vieassociative.be\/actualites\/vog-chudoscnik-sunergia-exploitera-le-centre-culturel-alter-schlachthof-pendant-encore-quatre-ans\/#primaryimage"},"thumbnailUrl":"https:\/\/vieassociative.be\/actualites\/wp-content\/uploads\/2025\/10\/VoG-Chudoscnik-Sunergia-exploitera-le-centre-culturel-Alter-Schlachthof-pendant.jpg","keywords":["Alter","ans","centre","Chudoscnik","culturel","encore","exploitera","pendant","Quatre","Schlachthof","Sunergia","VoG"],"articleSection":["Belgique"],"inLanguage":"fr-BE"},{"@type":"WebPage","@id":"https:\/\/vieassociative.be\/actualites\/vog-chudoscnik-sunergia-exploitera-le-centre-culturel-alter-schlachthof-pendant-encore-quatre-ans\/","url":"https:\/\/vieassociative.be\/actualites\/vog-chudoscnik-sunergia-exploitera-le-centre-culturel-alter-schlachthof-pendant-encore-quatre-ans\/","name":"VoG Chudoscnik Sunergia exploitera le centre culturel Alter Schlachthof pendant encore quatre ans | Vie Associative","isPartOf":{"@id":"https:\/\/vieassociative.be\/actualites\/#website"},"primaryImageOfPage":{"@id":"https:\/\/vieassociative.be\/actualites\/vog-chudoscnik-sunergia-exploitera-le-centre-culturel-alter-schlachthof-pendant-encore-quatre-ans\/#primaryimage"},"image":{"@id":"https:\/\/vieassociative.be\/actualites\/vog-chudoscnik-sunergia-exploitera-le-centre-culturel-alter-schlachthof-pendant-encore-quatre-ans\/#primaryimage"},"thumbnailUrl":"https:\/\/vieassociative.be\/actualites\/wp-content\/uploads\/2025\/10\/VoG-Chudoscnik-Sunergia-exploitera-le-centre-culturel-Alter-Schlachthof-pendant.jpg","datePublished":"2025-10-18T02:18:19+00:00","dateModified":"2025-10-18T02:18:19+00:00","breadcrumb":{"@id":"https:\/\/vieassociative.be\/actualites\/vog-chudoscnik-sunergia-exploitera-le-centre-culturel-alter-schlachthof-pendant-encore-quatre-ans\/#breadcrumb"},"inLanguage":"fr-BE","potentialAction":[{"@type":"ReadAction","target":["https:\/\/vieassociative.be\/actualites\/vog-chudoscnik-sunergia-exploitera-le-centre-culturel-alter-schlachthof-pendant-encore-quatre-ans\/"]}]},{"@type":"ImageObject","inLanguage":"fr-BE","@id":"https:\/\/vieassociative.be\/actualites\/vog-chudoscnik-sunergia-exploitera-le-centre-culturel-alter-schlachthof-pendant-encore-quatre-ans\/#primaryimage","url":"https:\/\/vieassociative.be\/actualites\/wp-content\/uploads\/2025\/10\/VoG-Chudoscnik-Sunergia-exploitera-le-centre-culturel-Alter-Schlachthof-pendant.jpg","contentUrl":"https:\/\/vieassociative.be\/actualites\/wp-content\/uploads\/2025\/10\/VoG-Chudoscnik-Sunergia-exploitera-le-centre-culturel-Alter-Schlachthof-pendant.jpg","width":1200,"height":800,"caption":"VoG Chudoscnik Sunergia exploitera le centre culturel Alter Schlachthof pendant encore quatre ans"},{"@type":"BreadcrumbList","@id":"https:\/\/vieassociative.be\/actualites\/vog-chudoscnik-sunergia-exploitera-le-centre-culturel-alter-schlachthof-pendant-encore-quatre-ans\/#breadcrumb","itemListElement":[{"@type":"ListItem","position":1,"name":"Accueil","item":"https:\/\/vieassociative.be\/actualites\/"},{"@type":"ListItem","position":2,"name":"VoG Chudoscnik Sunergia exploitera le centre culturel Alter Schlachthof pendant encore quatre ans"}]},{"@type":"WebSite","@id":"https:\/\/vieassociative.be\/actualites\/#website","url":"https:\/\/vieassociative.be\/actualites\/","name":"Vie Associative","description":"","publisher":{"@id":"https:\/\/vieassociative.be\/actualites\/#organization"},"potentialAction":[{"@type":"SearchAction","target":{"@type":"EntryPoint","urlTemplate":"https:\/\/vieassociative.be\/actualites\/?s={search_term_string}"},"query-input":{"@type":"PropertyValueSpecification","valueRequired":true,"valueName":"search_term_string"}}],"inLanguage":"fr-BE"},{"@type":"Organization","@id":"https:\/\/vieassociative.be\/actualites\/#organization","name":"Vie Associative","url":"https:\/\/vieassociative.be\/actualites\/","logo":{"@type":"ImageObject","inLanguage":"fr-BE","@id":"https:\/\/vieassociative.be\/actualites\/#\/schema\/logo\/image\/","url":"https:\/\/vieassociative.be\/actualites\/wp-content\/uploads\/2024\/09\/cropped-vieassociative_favicon.ico.png","contentUrl":"https:\/\/vieassociative.be\/actualites\/wp-content\/uploads\/2024\/09\/cropped-vieassociative_favicon.ico.png","width":512,"height":512,"caption":"Vie Associative"},"image":{"@id":"https:\/\/vieassociative.be\/actualites\/#\/schema\/logo\/image\/"}},{"@type":"Person","@id":"https:\/\/vieassociative.be\/actualites\/#\/schema\/person\/b87ac4f82f9d4e7b7cec7395b679edc4","name":"Julien","image":{"@type":"ImageObject","inLanguage":"fr-BE","@id":"https:\/\/vieassociative.be\/actualites\/#\/schema\/person\/image\/","url":"https:\/\/vieassociative.be\/actualites\/wp-content\/uploads\/2024\/09\/vie-associative-1-150x150.jpg","contentUrl":"https:\/\/vieassociative.be\/actualites\/wp-content\/uploads\/2024\/09\/vie-associative-1-150x150.jpg","caption":"Julien"},"description":"Je suis Julien, r\u00e9dacteur pour Vie Associative. Passionn\u00e9 par le monde associatif depuis plus de 10 ans, j'ai \u00e0 c\u0153ur de partager des histoires inspirantes et de mettre en lumi\u00e8re les initiatives locales. Mon objectif est de sensibiliser et d'encourager l'engagement communautaire \u00e0 travers mes articles.","sameAs":["https:\/\/vieassociative.be\/"]}]}},"_links":{"self":[{"href":"https:\/\/vieassociative.be\/actualites\/wp-json\/wp\/v2\/posts\/10737"}],"collection":[{"href":"https:\/\/vieassociative.be\/actualites\/wp-json\/wp\/v2\/posts"}],"about":[{"href":"https:\/\/vieassociative.be\/actualites\/wp-json\/wp\/v2\/types\/post"}],"author":[{"embeddable":true,"href":"https:\/\/vieassociative.be\/actualites\/wp-json\/wp\/v2\/users\/1"}],"replies":[{"embeddable":true,"href":"https:\/\/vieassociative.be\/actualites\/wp-json\/wp\/v2\/comments?post=10737"}],"version-history":[{"count":0,"href":"https:\/\/vieassociative.be\/actualites\/wp-json\/wp\/v2\/posts\/10737\/revisions"}],"wp:featuredmedia":[{"embeddable":true,"href":"https:\/\/vieassociative.be\/actualites\/wp-json\/wp\/v2\/media\/10738"}],"wp:attachment":[{"href":"https:\/\/vieassociative.be\/actualites\/wp-json\/wp\/v2\/media?parent=10737"}],"wp:term":[{"taxonomy":"category","embeddable":true,"href":"https:\/\/vieassociative.be\/actualites\/wp-json\/wp\/v2\/categories?post=10737"},{"taxonomy":"post_tag","embeddable":true,"href":"https:\/\/vieassociative.be\/actualites\/wp-json\/wp\/v2\/tags?post=10737"}],"curies":[{"name":"wp","href":"https:\/\/api.w.org\/{rel}","templated":true}]}}