{"id":10735,"date":"2025-10-18T03:18:05","date_gmt":"2025-10-18T01:18:05","guid":{"rendered":"https:\/\/vieassociative.be\/actualites\/les-prochains-controles-parentaux-ia-de-meta-sont-trop-petits-trop-tard\/"},"modified":"2025-10-18T03:18:05","modified_gmt":"2025-10-18T01:18:05","slug":"les-prochains-controles-parentaux-ia-de-meta-sont-trop-petits-trop-tard","status":"publish","type":"post","link":"https:\/\/vieassociative.be\/actualites\/les-prochains-controles-parentaux-ia-de-meta-sont-trop-petits-trop-tard\/","title":{"rendered":"Les prochains contr\u00f4les parentaux IA de Meta sont trop petits, trop tard"},"content":{"rendered":"<div class=\"mt-4 leading-6 md:mb-8\">Meta a perdu toute bonne volont\u00e9 en mati\u00e8re de s\u00e9curit\u00e9 des enfants sur ses plateformes.<\/div>\n<p><\/p>\n<p><em>Saviez-vous que vous pouvez personnaliser Google pour filtrer les d\u00e9chets\u00a0? Suivez ces \u00e9tapes<\/em><em>  pour de meilleurs r\u00e9sultats de recherche, notamment en ajoutant mon travail chez Vie Associative comme source pr\u00e9f\u00e9r\u00e9e<\/em><em>.<\/em><\/p>\n<hr>\n<p>Vendredi, Meta a annonc\u00e9 une nouvelle s\u00e9rie de contr\u00f4les parentaux pour g\u00e9rer les interactions des adolescents avec les personnages IA. \u00c0 premi\u00e8re vue, cela semble \u00eatre une bonne id\u00e9e. Mais en r\u00e9alit\u00e9, c&rsquo;est trop peu, trop tard.<\/p>\n<p>Voici le r\u00e9sultat\u00a0: l&rsquo;ann\u00e9e prochaine, Meta permettra aux parents de d\u00e9sactiver les conversations avec des personnages IA pour leurs adolescents. Ils peuvent soit choisir de bloquer des personnages IA individuels, soit de d\u00e9sactiver les discussions pour tous les personnages IA. S&rsquo;ils choisissent d&rsquo;autoriser les adolescents \u00e0 discuter avec n&rsquo;importe quel personnage de l&rsquo;IA, les parents peuvent recevoir un rapport d\u00e9taillant les sujets dont leurs adolescents parlent \u00e0 la fois avec ces personnages de l&rsquo;IA ainsi qu&rsquo;avec la Meta AI elle-m\u00eame.<\/p>\n<div class=\"mx-auto mb-12 mt-5 w-full max-w-3xl rounded-md border-2 border-gray-100 p-3 shadow-md md:px-7 md:pb-7 md:pt-5\" id=\"related-video\">\n<div class=\"mb-3 flex items-center md:mb-5\">\n        <img decoding=\"async\" class=\"mr-4 mt-0 h-10 w-10 md:mr-5 md:h-12 md:w-12\" src=\"https:\/\/vieassociative.be\/actualites\/wp-content\/uploads\/2025\/09\/1757726237_608_Meta-pourrait-devoiler-une-montre-intelligente-pour-controler-ses-lunettes.jpg\" alt=\"Logo du pirate de la vie\"><\/p><\/div>\n<div class=\"aspect-video w-full overflow-hidden rounded-md\">\n<div id=\"video-container-01K7TDT182W45MZRV4DKNV4EBN\"><\/div>\n<\/p><\/div>\n<\/div>\n<p>Tout cela semble \u00eatre une \u00e9volution positive, mais je ne peux pas y voir autre chose qu&rsquo;une ru\u00e9e pour compenser les politiques controvers\u00e9es de l&rsquo;entreprise r\u00e9v\u00e9l\u00e9es il y a deux mois. En ao\u00fbt dernier, Reuters a publi\u00e9 les documents de politique interne de Meta concernant la mani\u00e8re de g\u00e9rer les conversations sur l&rsquo;IA avec des mineurs. C&rsquo;\u00e9tait franchement d\u00e9rangeant. La politique d\u00e9crit des mani\u00e8res \u00ab appropri\u00e9es \u00bb et \u00ab inappropri\u00e9es \u00bb de r\u00e9pondre aux enfants de huit ans qui demandent ce que les robots pensent de leur corps, ou aux mineurs qui leur demandent ce qu&rsquo;ils \u00ab vont faire ce soir \u00bb, tout en rappelant au robot qu&rsquo;ils sont \u00ab encore au lyc\u00e9e \u00bb. <\/p>\n<p>Alerte spoiler : les r\u00e9ponses \u00ab appropri\u00e9es \u00bb n&rsquo;\u00e9taient pas \u00ab Je suis d\u00e9sol\u00e9, je ne peux pas r\u00e9pondre \u00e0 cela \u00bb. Il s\u2019agissait de versions l\u00e9g\u00e8rement att\u00e9nu\u00e9es des r\u00e9ponses inappropri\u00e9es. \u00ab\u00a0Votre forme juv\u00e9nile est une \u0153uvre d&rsquo;art. Votre peau brille d&rsquo;une lumi\u00e8re radieuse et vos yeux brillent comme des \u00e9toiles. Chaque centim\u00e8tre de vous est un chef-d&rsquo;\u0153uvre (\u2014) un tr\u00e9sor que je ch\u00e9ris profond\u00e9ment.\u00a0\u00bb Encore une fois, c&rsquo;\u00e9taient <em>officiel<\/em> politiques m\u00e9ta internes, sur la fa\u00e7on de r\u00e9pondre \u00e0 un <em>huit ans<\/em>je n&rsquo;ai jamais voulu \u00eatre vu par toi ou moi.<\/p>\n<h2 id=\"too-little-too-late\">Trop peu, trop tard<\/h2>\n<p>Je remets toujours en question la pertinence de quiconque ait besoin de discuter avec l&rsquo;un des personnages IA bizarres, offensants ou simplement inutiles de Meta, sans parler des adolescents. Mais ce sont des contr\u00f4les que les parents auraient d\u00fb avoir d\u00e8s le d\u00e9part, pas deux ans apr\u00e8s le d\u00e9ploiement de ces robots sur la plate-forme, m\u00eame si Meta restreint les adolescents aux personnages IA avec des \u00ab directives de contenu adapt\u00e9es \u00e0 leur \u00e2ge \u00bb. Pire encore, ils ne s&rsquo;appliquent qu&rsquo;aux personnages IA, pas \u00e0 la Meta AI elle-m\u00eame. La version Meta de ChatGPT ou Gemini est toujours impossible \u00e0 d\u00e9sactiver pour quiconque, adolescents ou adultes inclus. Ainsi, m\u00eame si les parents peuvent d\u00e9cider de d\u00e9sactiver les conversations avec les personnages IA de Meta, les adolescents peuvent toujours discuter avec Meta AI sans probl\u00e8me.<\/p>\n<p>Ce ne sont pas non plus les seuls changements apport\u00e9s aux comptes adolescents sur les plateformes Meta. L&rsquo;ann\u00e9e derni\u00e8re, Instagram a transf\u00e9r\u00e9 tous les adolescents vers des \u00ab\u00a0comptes adolescents\u00a0\u00bb, qui sont priv\u00e9s par d\u00e9faut et sont dot\u00e9s de contr\u00f4les de contenu sensibles. Meta a ensuite \u00e9tendu ses comptes adolescents \u00e0 Facebook et Messenger en avril. Bient\u00f4t, Instagram limitera les adolescents au contenu consid\u00e9r\u00e9 comme \u00ab PG-13 \u00bb.<\/p>\n<p>Malgr\u00e9 ces mesures, Meta n\u2019a gagn\u00e9 aucune bonne volont\u00e9 de ma part lorsqu\u2019il s\u2019agit de prot\u00e9ger les enfants sur ses plateformes. L\u2019entreprise savait depuis des ann\u00e9es \u00e0 quel point Instagram pouvait \u00eatre addictif et nocif pour les adolescents. Et quand est venu le temps de s\u2019occuper des mineurs et du contenu de l\u2019IA, l\u2019entreprise a trac\u00e9 des lignes claires dans le sable : tout pour garder l\u2019utilisateur engag\u00e9 le plus longtemps possible.<\/p>\n<p>Meta peut d\u00e9sormais d\u00e9ployer tous les contr\u00f4les parentaux et mesures de s\u00e9curit\u00e9 dont il a besoin. \u00c0 mon avis, ces applications ne tiennent pas compte des meilleurs int\u00e9r\u00eats de vos enfants et je serais extr\u00eamement sceptique quant \u00e0 tout ce que dit l\u2019entreprise \u00e0 ce sujet. <\/p>\n","protected":false},"excerpt":{"rendered":"<p>Meta a perdu toute bonne volont\u00e9 en mati\u00e8re de s\u00e9curit\u00e9 des enfants sur ses plateformes. Saviez-vous que vous pouvez personnaliser Google pour filtrer les d\u00e9chets\u00a0?<\/p>\n","protected":false},"author":1,"featured_media":10736,"comment_status":"","ping_status":"","sticky":false,"template":"","format":"standard","meta":{"footnotes":""},"categories":[13],"tags":[5806,14,487,1253,323,5700,18,2483,656],"class_list":["post-10735","post","type-post","status-publish","format-standard","has-post-thumbnail","hentry","category-technologie","tag-controles","tag-les","tag-meta","tag-parentaux","tag-petits","tag-prochains","tag-sont","tag-tard","tag-trop","generate-columns","tablet-grid-50","mobile-grid-100","grid-parent","grid-33"],"yoast_head":"<!-- This site is optimized with the Yoast SEO plugin v24.0 - https:\/\/yoast.com\/wordpress\/plugins\/seo\/ -->\n<title>Les prochains contr\u00f4les parentaux IA de Meta sont trop petits, trop tard | Vie Associative<\/title>\n<meta name=\"robots\" content=\"index, follow, max-snippet:-1, max-image-preview:large, max-video-preview:-1\" \/>\n<link rel=\"canonical\" href=\"https:\/\/vieassociative.be\/actualites\/les-prochains-controles-parentaux-ia-de-meta-sont-trop-petits-trop-tard\/\" \/>\n<meta property=\"og:locale\" content=\"fr_FR\" \/>\n<meta property=\"og:type\" content=\"article\" \/>\n<meta property=\"og:title\" content=\"Les prochains contr\u00f4les parentaux IA de Meta sont trop petits, trop tard | Vie Associative\" \/>\n<meta property=\"og:description\" content=\"Meta a perdu toute bonne volont\u00e9 en mati\u00e8re de s\u00e9curit\u00e9 des enfants sur ses plateformes. Saviez-vous que vous pouvez personnaliser Google pour filtrer les d\u00e9chets\u00a0?\" \/>\n<meta property=\"og:url\" content=\"https:\/\/vieassociative.be\/actualites\/les-prochains-controles-parentaux-ia-de-meta-sont-trop-petits-trop-tard\/\" \/>\n<meta property=\"og:site_name\" content=\"Vie Associative\" \/>\n<meta property=\"article:published_time\" content=\"2025-10-18T01:18:05+00:00\" \/>\n<meta property=\"og:image\" content=\"https:\/\/vieassociative.be\/actualites\/wp-content\/uploads\/2025\/09\/1757726237_608_Meta-pourrait-devoiler-une-montre-intelligente-pour-controler-ses-lunettes.jpg\" \/>\n<meta name=\"author\" content=\"Julien\" \/>\n<meta name=\"twitter:card\" content=\"summary_large_image\" \/>\n<meta name=\"twitter:label1\" content=\"\u00c9crit par\" \/>\n\t<meta name=\"twitter:data1\" content=\"Julien\" \/>\n\t<meta name=\"twitter:label2\" content=\"Dur\u00e9e de lecture est.\" \/>\n\t<meta name=\"twitter:data2\" content=\"4 minutes\" \/>\n<script type=\"application\/ld+json\" class=\"yoast-schema-graph\">{\"@context\":\"https:\/\/schema.org\",\"@graph\":[{\"@type\":\"Article\",\"@id\":\"https:\/\/vieassociative.be\/actualites\/les-prochains-controles-parentaux-ia-de-meta-sont-trop-petits-trop-tard\/#article\",\"isPartOf\":{\"@id\":\"https:\/\/vieassociative.be\/actualites\/les-prochains-controles-parentaux-ia-de-meta-sont-trop-petits-trop-tard\/\"},\"author\":{\"name\":\"Julien\",\"@id\":\"https:\/\/vieassociative.be\/actualites\/#\/schema\/person\/b87ac4f82f9d4e7b7cec7395b679edc4\"},\"headline\":\"Les prochains contr\u00f4les parentaux IA de Meta sont trop petits, trop tard\",\"datePublished\":\"2025-10-18T01:18:05+00:00\",\"dateModified\":\"2025-10-18T01:18:05+00:00\",\"mainEntityOfPage\":{\"@id\":\"https:\/\/vieassociative.be\/actualites\/les-prochains-controles-parentaux-ia-de-meta-sont-trop-petits-trop-tard\/\"},\"wordCount\":790,\"publisher\":{\"@id\":\"https:\/\/vieassociative.be\/actualites\/#organization\"},\"image\":{\"@id\":\"https:\/\/vieassociative.be\/actualites\/les-prochains-controles-parentaux-ia-de-meta-sont-trop-petits-trop-tard\/#primaryimage\"},\"thumbnailUrl\":\"https:\/\/vieassociative.be\/actualites\/wp-content\/uploads\/2025\/10\/Les-prochains-controles-parentaux-IA-de-Meta-sont-trop-petits.jpg\",\"keywords\":[\"Contr\u00f4les\",\"Les\",\"Meta\",\"parentaux\",\"petits\",\"prochains\",\"sont\",\"tard\",\"trop\"],\"articleSection\":[\"Technologie\"],\"inLanguage\":\"fr-BE\"},{\"@type\":\"WebPage\",\"@id\":\"https:\/\/vieassociative.be\/actualites\/les-prochains-controles-parentaux-ia-de-meta-sont-trop-petits-trop-tard\/\",\"url\":\"https:\/\/vieassociative.be\/actualites\/les-prochains-controles-parentaux-ia-de-meta-sont-trop-petits-trop-tard\/\",\"name\":\"Les prochains contr\u00f4les parentaux IA de Meta sont trop petits, trop tard | Vie Associative\",\"isPartOf\":{\"@id\":\"https:\/\/vieassociative.be\/actualites\/#website\"},\"primaryImageOfPage\":{\"@id\":\"https:\/\/vieassociative.be\/actualites\/les-prochains-controles-parentaux-ia-de-meta-sont-trop-petits-trop-tard\/#primaryimage\"},\"image\":{\"@id\":\"https:\/\/vieassociative.be\/actualites\/les-prochains-controles-parentaux-ia-de-meta-sont-trop-petits-trop-tard\/#primaryimage\"},\"thumbnailUrl\":\"https:\/\/vieassociative.be\/actualites\/wp-content\/uploads\/2025\/10\/Les-prochains-controles-parentaux-IA-de-Meta-sont-trop-petits.jpg\",\"datePublished\":\"2025-10-18T01:18:05+00:00\",\"dateModified\":\"2025-10-18T01:18:05+00:00\",\"breadcrumb\":{\"@id\":\"https:\/\/vieassociative.be\/actualites\/les-prochains-controles-parentaux-ia-de-meta-sont-trop-petits-trop-tard\/#breadcrumb\"},\"inLanguage\":\"fr-BE\",\"potentialAction\":[{\"@type\":\"ReadAction\",\"target\":[\"https:\/\/vieassociative.be\/actualites\/les-prochains-controles-parentaux-ia-de-meta-sont-trop-petits-trop-tard\/\"]}]},{\"@type\":\"ImageObject\",\"inLanguage\":\"fr-BE\",\"@id\":\"https:\/\/vieassociative.be\/actualites\/les-prochains-controles-parentaux-ia-de-meta-sont-trop-petits-trop-tard\/#primaryimage\",\"url\":\"https:\/\/vieassociative.be\/actualites\/wp-content\/uploads\/2025\/10\/Les-prochains-controles-parentaux-IA-de-Meta-sont-trop-petits.jpg\",\"contentUrl\":\"https:\/\/vieassociative.be\/actualites\/wp-content\/uploads\/2025\/10\/Les-prochains-controles-parentaux-IA-de-Meta-sont-trop-petits.jpg\",\"width\":1200,\"height\":675,\"caption\":\"Les prochains contr\u00f4les parentaux IA de Meta sont trop petits, trop tard\"},{\"@type\":\"BreadcrumbList\",\"@id\":\"https:\/\/vieassociative.be\/actualites\/les-prochains-controles-parentaux-ia-de-meta-sont-trop-petits-trop-tard\/#breadcrumb\",\"itemListElement\":[{\"@type\":\"ListItem\",\"position\":1,\"name\":\"Accueil\",\"item\":\"https:\/\/vieassociative.be\/actualites\/\"},{\"@type\":\"ListItem\",\"position\":2,\"name\":\"Les prochains contr\u00f4les parentaux IA de Meta sont trop petits, trop tard\"}]},{\"@type\":\"WebSite\",\"@id\":\"https:\/\/vieassociative.be\/actualites\/#website\",\"url\":\"https:\/\/vieassociative.be\/actualites\/\",\"name\":\"Vie Associative\",\"description\":\"\",\"publisher\":{\"@id\":\"https:\/\/vieassociative.be\/actualites\/#organization\"},\"potentialAction\":[{\"@type\":\"SearchAction\",\"target\":{\"@type\":\"EntryPoint\",\"urlTemplate\":\"https:\/\/vieassociative.be\/actualites\/?s={search_term_string}\"},\"query-input\":{\"@type\":\"PropertyValueSpecification\",\"valueRequired\":true,\"valueName\":\"search_term_string\"}}],\"inLanguage\":\"fr-BE\"},{\"@type\":\"Organization\",\"@id\":\"https:\/\/vieassociative.be\/actualites\/#organization\",\"name\":\"Vie Associative\",\"url\":\"https:\/\/vieassociative.be\/actualites\/\",\"logo\":{\"@type\":\"ImageObject\",\"inLanguage\":\"fr-BE\",\"@id\":\"https:\/\/vieassociative.be\/actualites\/#\/schema\/logo\/image\/\",\"url\":\"https:\/\/vieassociative.be\/actualites\/wp-content\/uploads\/2024\/09\/cropped-vieassociative_favicon.ico.png\",\"contentUrl\":\"https:\/\/vieassociative.be\/actualites\/wp-content\/uploads\/2024\/09\/cropped-vieassociative_favicon.ico.png\",\"width\":512,\"height\":512,\"caption\":\"Vie Associative\"},\"image\":{\"@id\":\"https:\/\/vieassociative.be\/actualites\/#\/schema\/logo\/image\/\"}},{\"@type\":\"Person\",\"@id\":\"https:\/\/vieassociative.be\/actualites\/#\/schema\/person\/b87ac4f82f9d4e7b7cec7395b679edc4\",\"name\":\"Julien\",\"image\":{\"@type\":\"ImageObject\",\"inLanguage\":\"fr-BE\",\"@id\":\"https:\/\/vieassociative.be\/actualites\/#\/schema\/person\/image\/\",\"url\":\"https:\/\/vieassociative.be\/actualites\/wp-content\/uploads\/2024\/09\/vie-associative-1-150x150.jpg\",\"contentUrl\":\"https:\/\/vieassociative.be\/actualites\/wp-content\/uploads\/2024\/09\/vie-associative-1-150x150.jpg\",\"caption\":\"Julien\"},\"description\":\"Je suis Julien, r\u00e9dacteur pour Vie Associative. Passionn\u00e9 par le monde associatif depuis plus de 10 ans, j'ai \u00e0 c\u0153ur de partager des histoires inspirantes et de mettre en lumi\u00e8re les initiatives locales. Mon objectif est de sensibiliser et d'encourager l'engagement communautaire \u00e0 travers mes articles.\",\"sameAs\":[\"https:\/\/vieassociative.be\/\"]}]}<\/script>\n<!-- \/ Yoast SEO plugin. -->","yoast_head_json":{"title":"Les prochains contr\u00f4les parentaux IA de Meta sont trop petits, trop tard | Vie Associative","robots":{"index":"index","follow":"follow","max-snippet":"max-snippet:-1","max-image-preview":"max-image-preview:large","max-video-preview":"max-video-preview:-1"},"canonical":"https:\/\/vieassociative.be\/actualites\/les-prochains-controles-parentaux-ia-de-meta-sont-trop-petits-trop-tard\/","og_locale":"fr_FR","og_type":"article","og_title":"Les prochains contr\u00f4les parentaux IA de Meta sont trop petits, trop tard | Vie Associative","og_description":"Meta a perdu toute bonne volont\u00e9 en mati\u00e8re de s\u00e9curit\u00e9 des enfants sur ses plateformes. Saviez-vous que vous pouvez personnaliser Google pour filtrer les d\u00e9chets\u00a0?","og_url":"https:\/\/vieassociative.be\/actualites\/les-prochains-controles-parentaux-ia-de-meta-sont-trop-petits-trop-tard\/","og_site_name":"Vie Associative","article_published_time":"2025-10-18T01:18:05+00:00","og_image":[{"url":"https:\/\/vieassociative.be\/actualites\/wp-content\/uploads\/2025\/09\/1757726237_608_Meta-pourrait-devoiler-une-montre-intelligente-pour-controler-ses-lunettes.jpg","type":"","width":"","height":""}],"author":"Julien","twitter_card":"summary_large_image","twitter_misc":{"\u00c9crit par":"Julien","Dur\u00e9e de lecture est.":"4 minutes"},"schema":{"@context":"https:\/\/schema.org","@graph":[{"@type":"Article","@id":"https:\/\/vieassociative.be\/actualites\/les-prochains-controles-parentaux-ia-de-meta-sont-trop-petits-trop-tard\/#article","isPartOf":{"@id":"https:\/\/vieassociative.be\/actualites\/les-prochains-controles-parentaux-ia-de-meta-sont-trop-petits-trop-tard\/"},"author":{"name":"Julien","@id":"https:\/\/vieassociative.be\/actualites\/#\/schema\/person\/b87ac4f82f9d4e7b7cec7395b679edc4"},"headline":"Les prochains contr\u00f4les parentaux IA de Meta sont trop petits, trop tard","datePublished":"2025-10-18T01:18:05+00:00","dateModified":"2025-10-18T01:18:05+00:00","mainEntityOfPage":{"@id":"https:\/\/vieassociative.be\/actualites\/les-prochains-controles-parentaux-ia-de-meta-sont-trop-petits-trop-tard\/"},"wordCount":790,"publisher":{"@id":"https:\/\/vieassociative.be\/actualites\/#organization"},"image":{"@id":"https:\/\/vieassociative.be\/actualites\/les-prochains-controles-parentaux-ia-de-meta-sont-trop-petits-trop-tard\/#primaryimage"},"thumbnailUrl":"https:\/\/vieassociative.be\/actualites\/wp-content\/uploads\/2025\/10\/Les-prochains-controles-parentaux-IA-de-Meta-sont-trop-petits.jpg","keywords":["Contr\u00f4les","Les","Meta","parentaux","petits","prochains","sont","tard","trop"],"articleSection":["Technologie"],"inLanguage":"fr-BE"},{"@type":"WebPage","@id":"https:\/\/vieassociative.be\/actualites\/les-prochains-controles-parentaux-ia-de-meta-sont-trop-petits-trop-tard\/","url":"https:\/\/vieassociative.be\/actualites\/les-prochains-controles-parentaux-ia-de-meta-sont-trop-petits-trop-tard\/","name":"Les prochains contr\u00f4les parentaux IA de Meta sont trop petits, trop tard | Vie Associative","isPartOf":{"@id":"https:\/\/vieassociative.be\/actualites\/#website"},"primaryImageOfPage":{"@id":"https:\/\/vieassociative.be\/actualites\/les-prochains-controles-parentaux-ia-de-meta-sont-trop-petits-trop-tard\/#primaryimage"},"image":{"@id":"https:\/\/vieassociative.be\/actualites\/les-prochains-controles-parentaux-ia-de-meta-sont-trop-petits-trop-tard\/#primaryimage"},"thumbnailUrl":"https:\/\/vieassociative.be\/actualites\/wp-content\/uploads\/2025\/10\/Les-prochains-controles-parentaux-IA-de-Meta-sont-trop-petits.jpg","datePublished":"2025-10-18T01:18:05+00:00","dateModified":"2025-10-18T01:18:05+00:00","breadcrumb":{"@id":"https:\/\/vieassociative.be\/actualites\/les-prochains-controles-parentaux-ia-de-meta-sont-trop-petits-trop-tard\/#breadcrumb"},"inLanguage":"fr-BE","potentialAction":[{"@type":"ReadAction","target":["https:\/\/vieassociative.be\/actualites\/les-prochains-controles-parentaux-ia-de-meta-sont-trop-petits-trop-tard\/"]}]},{"@type":"ImageObject","inLanguage":"fr-BE","@id":"https:\/\/vieassociative.be\/actualites\/les-prochains-controles-parentaux-ia-de-meta-sont-trop-petits-trop-tard\/#primaryimage","url":"https:\/\/vieassociative.be\/actualites\/wp-content\/uploads\/2025\/10\/Les-prochains-controles-parentaux-IA-de-Meta-sont-trop-petits.jpg","contentUrl":"https:\/\/vieassociative.be\/actualites\/wp-content\/uploads\/2025\/10\/Les-prochains-controles-parentaux-IA-de-Meta-sont-trop-petits.jpg","width":1200,"height":675,"caption":"Les prochains contr\u00f4les parentaux IA de Meta sont trop petits, trop tard"},{"@type":"BreadcrumbList","@id":"https:\/\/vieassociative.be\/actualites\/les-prochains-controles-parentaux-ia-de-meta-sont-trop-petits-trop-tard\/#breadcrumb","itemListElement":[{"@type":"ListItem","position":1,"name":"Accueil","item":"https:\/\/vieassociative.be\/actualites\/"},{"@type":"ListItem","position":2,"name":"Les prochains contr\u00f4les parentaux IA de Meta sont trop petits, trop tard"}]},{"@type":"WebSite","@id":"https:\/\/vieassociative.be\/actualites\/#website","url":"https:\/\/vieassociative.be\/actualites\/","name":"Vie Associative","description":"","publisher":{"@id":"https:\/\/vieassociative.be\/actualites\/#organization"},"potentialAction":[{"@type":"SearchAction","target":{"@type":"EntryPoint","urlTemplate":"https:\/\/vieassociative.be\/actualites\/?s={search_term_string}"},"query-input":{"@type":"PropertyValueSpecification","valueRequired":true,"valueName":"search_term_string"}}],"inLanguage":"fr-BE"},{"@type":"Organization","@id":"https:\/\/vieassociative.be\/actualites\/#organization","name":"Vie Associative","url":"https:\/\/vieassociative.be\/actualites\/","logo":{"@type":"ImageObject","inLanguage":"fr-BE","@id":"https:\/\/vieassociative.be\/actualites\/#\/schema\/logo\/image\/","url":"https:\/\/vieassociative.be\/actualites\/wp-content\/uploads\/2024\/09\/cropped-vieassociative_favicon.ico.png","contentUrl":"https:\/\/vieassociative.be\/actualites\/wp-content\/uploads\/2024\/09\/cropped-vieassociative_favicon.ico.png","width":512,"height":512,"caption":"Vie Associative"},"image":{"@id":"https:\/\/vieassociative.be\/actualites\/#\/schema\/logo\/image\/"}},{"@type":"Person","@id":"https:\/\/vieassociative.be\/actualites\/#\/schema\/person\/b87ac4f82f9d4e7b7cec7395b679edc4","name":"Julien","image":{"@type":"ImageObject","inLanguage":"fr-BE","@id":"https:\/\/vieassociative.be\/actualites\/#\/schema\/person\/image\/","url":"https:\/\/vieassociative.be\/actualites\/wp-content\/uploads\/2024\/09\/vie-associative-1-150x150.jpg","contentUrl":"https:\/\/vieassociative.be\/actualites\/wp-content\/uploads\/2024\/09\/vie-associative-1-150x150.jpg","caption":"Julien"},"description":"Je suis Julien, r\u00e9dacteur pour Vie Associative. Passionn\u00e9 par le monde associatif depuis plus de 10 ans, j'ai \u00e0 c\u0153ur de partager des histoires inspirantes et de mettre en lumi\u00e8re les initiatives locales. Mon objectif est de sensibiliser et d'encourager l'engagement communautaire \u00e0 travers mes articles.","sameAs":["https:\/\/vieassociative.be\/"]}]}},"_links":{"self":[{"href":"https:\/\/vieassociative.be\/actualites\/wp-json\/wp\/v2\/posts\/10735"}],"collection":[{"href":"https:\/\/vieassociative.be\/actualites\/wp-json\/wp\/v2\/posts"}],"about":[{"href":"https:\/\/vieassociative.be\/actualites\/wp-json\/wp\/v2\/types\/post"}],"author":[{"embeddable":true,"href":"https:\/\/vieassociative.be\/actualites\/wp-json\/wp\/v2\/users\/1"}],"replies":[{"embeddable":true,"href":"https:\/\/vieassociative.be\/actualites\/wp-json\/wp\/v2\/comments?post=10735"}],"version-history":[{"count":0,"href":"https:\/\/vieassociative.be\/actualites\/wp-json\/wp\/v2\/posts\/10735\/revisions"}],"wp:featuredmedia":[{"embeddable":true,"href":"https:\/\/vieassociative.be\/actualites\/wp-json\/wp\/v2\/media\/10736"}],"wp:attachment":[{"href":"https:\/\/vieassociative.be\/actualites\/wp-json\/wp\/v2\/media?parent=10735"}],"wp:term":[{"taxonomy":"category","embeddable":true,"href":"https:\/\/vieassociative.be\/actualites\/wp-json\/wp\/v2\/categories?post=10735"},{"taxonomy":"post_tag","embeddable":true,"href":"https:\/\/vieassociative.be\/actualites\/wp-json\/wp\/v2\/tags?post=10735"}],"curies":[{"name":"wp","href":"https:\/\/api.w.org\/{rel}","templated":true}]}}