{"id":10732,"date":"2025-10-17T22:17:05","date_gmt":"2025-10-17T20:17:05","guid":{"rendered":"https:\/\/vieassociative.be\/actualites\/las-eupen-simpose-de-justesse-1-0-apres-une-tres-mauvaise-performance-a-charleroi-dernier-du-classement-olympique\/"},"modified":"2025-10-17T22:17:05","modified_gmt":"2025-10-17T20:17:05","slug":"las-eupen-simpose-de-justesse-1-0-apres-une-tres-mauvaise-performance-a-charleroi-dernier-du-classement-olympique","status":"publish","type":"post","link":"https:\/\/vieassociative.be\/actualites\/las-eupen-simpose-de-justesse-1-0-apres-une-tres-mauvaise-performance-a-charleroi-dernier-du-classement-olympique\/","title":{"rendered":"L&rsquo;AS Eupen s&rsquo;impose de justesse 1-0 apr\u00e8s une tr\u00e8s mauvaise performance \u00e0 Charleroi, dernier du classement olympique"},"content":{"rendered":"<p><strong>L&rsquo;AS Eupen ne s&rsquo;est pas couvert de gloire en bas de tableau, l&rsquo;Olympique de Charleroi, et ne s&rsquo;est impos\u00e9 que difficilement 1-0. La victoire est intervenue malgr\u00e9 une deuxi\u00e8me mi-temps tr\u00e8s faible, au cours de laquelle les invit\u00e9s n&rsquo;\u00e9taient pour la plupart que des spectateurs. Une telle r\u00e9ussite n\u2019est pas digne d\u2019un aspirant \u00e0 une promotion.<\/strong><\/p>\n<p><span id=\"more-427446\"><\/span>L&rsquo;AS Eupen manquait Ga\u00ebtan Hendrickx, Amadou Keita et Th\u00e9o Mar\u00e9chal en raison de blessures, ainsi que Yentl Van Genechten, suspendu.<\/p>\n<p>Pour le match au Stade de la Neuville r\u00e9nov\u00e9 et peu occup\u00e9 de Charleroi, o\u00f9 Eupen a disput\u00e9 pour la derni\u00e8re fois un match de championnat le 18 avril 2009, qui s&rsquo;est termin\u00e9 2-2, l&rsquo;entra\u00eeneur de l&rsquo;AS Pinheiro a choisi les onze de d\u00e9part suivants : Hiller &#8211; Paeshuyse, Plastun, Kennedy, Gavory &#8211; Bar\u00e9s, M\u00f6hwald, Caliskan, Bitumazala &#8211; Atteri, Nuhu.<\/p>\n<div id=\"attachment_423464\" class=\"wp-caption alignleft\" style=\"max-width: 300px\"><img fetchpriority=\"high\" decoding=\"async\" class=\"wp-image-423464 size-medium\" src=\"https:\/\/vieassociative.be\/actualites\/wp-content\/uploads\/2025\/08\/1-0-Plus-tard-frappe-par-Nuhu-le-As-Eupen.jpg\" alt=\"\" width=\"300\" height=\"200\"><\/div>\n<p>A l&rsquo;Olympic Charleroi, Kevin Kis, ancien joueur de l&rsquo;AS Eupen, \u00e9tait titulaire. Kis \u00e9tait actif pour AS de 2011 \u00e0 2013.<\/p>\n<p>Ce n&rsquo;est pas Eupen, septi\u00e8me du classement, mais la derni\u00e8re \u00e9quipe olympique de Charleroi qui a donn\u00e9 le ton d\u00e8s les premi\u00e8res minutes. Tout d&rsquo;abord, un tir de Cachbach depuis l&rsquo;entr\u00e9e de la surface de r\u00e9paration a \u00e9t\u00e9 d\u00e9vi\u00e9 en corner par la d\u00e9fense d&rsquo;Eupen, puis le gardien de l&rsquo;AS Hiller a \u00e9t\u00e9 sollicit\u00e9 \u00e0 deux reprises. Les noirs et blancs de Charleroi \u00e9taient plus \u00e9veill\u00e9s que les noirs et blancs d&rsquo;Eupen.<\/p>\n<p>N\u00e9anmoins, c&rsquo;est AS qui a pris les devants. A la 19e minute, Gavory s&rsquo;affirmait \u00e9nergiquement sur l&rsquo;aile gauche et centrait \u00e0 l&rsquo;int\u00e9rieur vers Bitumazala, qui n&rsquo;avait aucun mal \u00e0 porter le score \u00e0 0-1.<\/p>\n<p>Ce but a donn\u00e9 confiance \u00e0 l&rsquo;\u00e9quipe visiteuse apr\u00e8s qu&rsquo;AS ait agi plut\u00f4t avec h\u00e9sitation au d\u00e9but. Cependant, il y a encore eu des moments o\u00f9 l&rsquo;\u00e9quipe olympique inf\u00e9rieure a provoqu\u00e9 un danger dans la surface de r\u00e9paration de Hiller. Eupen a donc eu de la chance que le ballon touche la barre transversale au moment o\u00f9 Florica tirait. Comme au d\u00e9but, l&rsquo;Olympic \u00e9tait l&rsquo;\u00e9quipe la plus active sur le terrain dans les derni\u00e8res phases de la premi\u00e8re mi-temps.<\/p>\n<\/p>\n<div id=\"attachment_427385\" class=\"wp-caption alignleft\" style=\"max-width: 300px\"><img decoding=\"async\" class=\"wp-image-427385 size-medium\" src=\"https:\/\/vieassociative.be\/actualites\/wp-content\/uploads\/2025\/10\/LAS-Eupen-simpose-de-justesse-1-0-apres-une-tres-mauvaise.jpg\" alt=\"\" width=\"300\" height=\"244\"  ><\/div>\n<p>AS menait \u00e0 la pause, mais Eupen \u00e9tait bien avis\u00e9 de monter en puissance apr\u00e8s la pause et de ne pas se reposer sur son \u00e9troite avance. En tout cas, Olympic ne semblait pas vouloir abandonner.<\/p>\n<p>A la 50\u00e8me minute, l&rsquo;ambiance s&rsquo;\u00e9chauffait apr\u00e8s une frappe de Ndedi contre Plastun d&rsquo;Eupen sur le banc de touche. Si le VAR existait \u00e9galement en Challenger Pro League, Ndedi aurait probablement \u00e9t\u00e9 expuls\u00e9 avec un carton rouge.<\/p>\n<p>\u00c0 la 64e minute, l&rsquo;entra\u00eeneur de l&rsquo;AS Pinheiro effectuait son premier changement : Busquets rempla\u00e7ait Caliskan. Eupen s&rsquo;est montr\u00e9 d\u00e9sormais sensiblement passif et a laiss\u00e9 l&rsquo;initiative en bas du tableau. L&rsquo;entra\u00eeneur de l&rsquo;AS Pinheiro n&rsquo;a visiblement pas appr\u00e9ci\u00e9 non plus, puisqu&rsquo;il a remplac\u00e9 trois joueurs \u00e0 un peu moins d&rsquo;un quart d&rsquo;heure de la fin : Delaurier-Chautet, Prunier et Bokadi ont remplac\u00e9 Kennedy, Bitumazala et Atteri.<\/p>\n<p>La performance d&rsquo;AS au second semestre a \u00e9t\u00e9 tr\u00e8s faible. Eupen semblait m\u00eame r\u00e9clamer l&rsquo;\u00e9galisation dans le dernier quart d&rsquo;heure. Le gardien Hiller a \u00e9t\u00e9 au centre de l\u2019attention \u00e0 plusieurs reprises. Ce n\u2019est qu\u2019avec difficult\u00e9 que les invit\u00e9s ont pu sauver au fil du temps une courte victoire.<\/p>\n<p>L&rsquo;AS encha\u00eene avec un match \u00e0 domicile contre Jong Genk le samedi 25 octobre \u00e0 20h, avant que les noirs et blancs ne re\u00e7oivent le Royal Antwerp FC en coupe nationale le mercredi 29 octobre. (cr\u00e9er)<\/p>\n","protected":false},"excerpt":{"rendered":"<p>L&rsquo;AS Eupen ne s&rsquo;est pas couvert de gloire en bas de tableau, l&rsquo;Olympique de Charleroi, et ne s&rsquo;est impos\u00e9 que difficilement 1-0. La victoire est<\/p>\n","protected":false},"author":1,"featured_media":10733,"comment_status":"","ping_status":"","sticky":false,"template":"","format":"standard","meta":{"footnotes":""},"categories":[298],"tags":[472,8043,2335,2682,2329,8937,2353,1657,8938,6582,8936,2493,110],"class_list":["post-10732","post","type-post","status-publish","format-standard","has-post-thumbnail","hentry","category-belgique","tag-apres","tag-charleroi","tag-classement","tag-dernier","tag-eupen","tag-justesse","tag-las","tag-mauvaise","tag-olympique","tag-performance","tag-simpose","tag-tres","tag-une","generate-columns","tablet-grid-50","mobile-grid-100","grid-parent","grid-33"],"yoast_head":"<!-- This site is optimized with the Yoast SEO plugin v24.0 - https:\/\/yoast.com\/wordpress\/plugins\/seo\/ -->\n<title>L&#039;AS Eupen s&#039;impose de justesse 1-0 apr\u00e8s une tr\u00e8s mauvaise performance \u00e0 Charleroi, dernier du classement olympique | Vie Associative<\/title>\n<meta name=\"robots\" content=\"index, follow, max-snippet:-1, max-image-preview:large, max-video-preview:-1\" \/>\n<link rel=\"canonical\" href=\"https:\/\/vieassociative.be\/actualites\/las-eupen-simpose-de-justesse-1-0-apres-une-tres-mauvaise-performance-a-charleroi-dernier-du-classement-olympique\/\" \/>\n<meta property=\"og:locale\" content=\"fr_FR\" \/>\n<meta property=\"og:type\" content=\"article\" \/>\n<meta property=\"og:title\" content=\"L&#039;AS Eupen s&#039;impose de justesse 1-0 apr\u00e8s une tr\u00e8s mauvaise performance \u00e0 Charleroi, dernier du classement olympique | Vie Associative\" \/>\n<meta property=\"og:description\" content=\"L&rsquo;AS Eupen ne s&rsquo;est pas couvert de gloire en bas de tableau, l&rsquo;Olympique de Charleroi, et ne s&rsquo;est impos\u00e9 que difficilement 1-0. La victoire est\" \/>\n<meta property=\"og:url\" content=\"https:\/\/vieassociative.be\/actualites\/las-eupen-simpose-de-justesse-1-0-apres-une-tres-mauvaise-performance-a-charleroi-dernier-du-classement-olympique\/\" \/>\n<meta property=\"og:site_name\" content=\"Vie Associative\" \/>\n<meta property=\"article:published_time\" content=\"2025-10-17T20:17:05+00:00\" \/>\n<meta property=\"og:image\" content=\"https:\/\/vieassociative.be\/actualites\/wp-content\/uploads\/2024\/09\/header_backgroundk-01-e1726694325946.png\" \/>\n\t<meta property=\"og:image:width\" content=\"279\" \/>\n\t<meta property=\"og:image:height\" content=\"92\" \/>\n\t<meta property=\"og:image:type\" content=\"image\/png\" \/>\n<meta name=\"author\" content=\"Julien\" \/>\n<meta name=\"twitter:card\" content=\"summary_large_image\" \/>\n<meta name=\"twitter:label1\" content=\"\u00c9crit par\" \/>\n\t<meta name=\"twitter:data1\" content=\"Julien\" \/>\n\t<meta name=\"twitter:label2\" content=\"Dur\u00e9e de lecture est.\" \/>\n\t<meta name=\"twitter:data2\" content=\"3 minutes\" \/>\n<script type=\"application\/ld+json\" class=\"yoast-schema-graph\">{\"@context\":\"https:\/\/schema.org\",\"@graph\":[{\"@type\":\"Article\",\"@id\":\"https:\/\/vieassociative.be\/actualites\/las-eupen-simpose-de-justesse-1-0-apres-une-tres-mauvaise-performance-a-charleroi-dernier-du-classement-olympique\/#article\",\"isPartOf\":{\"@id\":\"https:\/\/vieassociative.be\/actualites\/las-eupen-simpose-de-justesse-1-0-apres-une-tres-mauvaise-performance-a-charleroi-dernier-du-classement-olympique\/\"},\"author\":{\"name\":\"Julien\",\"@id\":\"https:\/\/vieassociative.be\/actualites\/#\/schema\/person\/b87ac4f82f9d4e7b7cec7395b679edc4\"},\"headline\":\"L&rsquo;AS Eupen s&rsquo;impose de justesse 1-0 apr\u00e8s une tr\u00e8s mauvaise performance \u00e0 Charleroi, dernier du classement olympique\",\"datePublished\":\"2025-10-17T20:17:05+00:00\",\"dateModified\":\"2025-10-17T20:17:05+00:00\",\"mainEntityOfPage\":{\"@id\":\"https:\/\/vieassociative.be\/actualites\/las-eupen-simpose-de-justesse-1-0-apres-une-tres-mauvaise-performance-a-charleroi-dernier-du-classement-olympique\/\"},\"wordCount\":660,\"publisher\":{\"@id\":\"https:\/\/vieassociative.be\/actualites\/#organization\"},\"image\":{\"@id\":\"https:\/\/vieassociative.be\/actualites\/las-eupen-simpose-de-justesse-1-0-apres-une-tres-mauvaise-performance-a-charleroi-dernier-du-classement-olympique\/#primaryimage\"},\"thumbnailUrl\":\"https:\/\/vieassociative.be\/actualites\/wp-content\/uploads\/2025\/10\/1760732226_LAS-Eupen-simpose-de-justesse-1-0-apres-une-tres-mauvaise.jpg\",\"keywords\":[\"Apr\u00e8s\",\"Charleroi\",\"classement\",\"dernier\",\"Eupen\",\"justesse\",\"lAS\",\"mauvaise\",\"olympique\",\"performance\",\"simpose\",\"tr\u00e8s\",\"une\"],\"articleSection\":[\"Belgique\"],\"inLanguage\":\"fr-BE\"},{\"@type\":\"WebPage\",\"@id\":\"https:\/\/vieassociative.be\/actualites\/las-eupen-simpose-de-justesse-1-0-apres-une-tres-mauvaise-performance-a-charleroi-dernier-du-classement-olympique\/\",\"url\":\"https:\/\/vieassociative.be\/actualites\/las-eupen-simpose-de-justesse-1-0-apres-une-tres-mauvaise-performance-a-charleroi-dernier-du-classement-olympique\/\",\"name\":\"L'AS Eupen s'impose de justesse 1-0 apr\u00e8s une tr\u00e8s mauvaise performance \u00e0 Charleroi, dernier du classement olympique | Vie Associative\",\"isPartOf\":{\"@id\":\"https:\/\/vieassociative.be\/actualites\/#website\"},\"primaryImageOfPage\":{\"@id\":\"https:\/\/vieassociative.be\/actualites\/las-eupen-simpose-de-justesse-1-0-apres-une-tres-mauvaise-performance-a-charleroi-dernier-du-classement-olympique\/#primaryimage\"},\"image\":{\"@id\":\"https:\/\/vieassociative.be\/actualites\/las-eupen-simpose-de-justesse-1-0-apres-une-tres-mauvaise-performance-a-charleroi-dernier-du-classement-olympique\/#primaryimage\"},\"thumbnailUrl\":\"https:\/\/vieassociative.be\/actualites\/wp-content\/uploads\/2025\/10\/1760732226_LAS-Eupen-simpose-de-justesse-1-0-apres-une-tres-mauvaise.jpg\",\"datePublished\":\"2025-10-17T20:17:05+00:00\",\"dateModified\":\"2025-10-17T20:17:05+00:00\",\"breadcrumb\":{\"@id\":\"https:\/\/vieassociative.be\/actualites\/las-eupen-simpose-de-justesse-1-0-apres-une-tres-mauvaise-performance-a-charleroi-dernier-du-classement-olympique\/#breadcrumb\"},\"inLanguage\":\"fr-BE\",\"potentialAction\":[{\"@type\":\"ReadAction\",\"target\":[\"https:\/\/vieassociative.be\/actualites\/las-eupen-simpose-de-justesse-1-0-apres-une-tres-mauvaise-performance-a-charleroi-dernier-du-classement-olympique\/\"]}]},{\"@type\":\"ImageObject\",\"inLanguage\":\"fr-BE\",\"@id\":\"https:\/\/vieassociative.be\/actualites\/las-eupen-simpose-de-justesse-1-0-apres-une-tres-mauvaise-performance-a-charleroi-dernier-du-classement-olympique\/#primaryimage\",\"url\":\"https:\/\/vieassociative.be\/actualites\/wp-content\/uploads\/2025\/10\/1760732226_LAS-Eupen-simpose-de-justesse-1-0-apres-une-tres-mauvaise.jpg\",\"contentUrl\":\"https:\/\/vieassociative.be\/actualites\/wp-content\/uploads\/2025\/10\/1760732226_LAS-Eupen-simpose-de-justesse-1-0-apres-une-tres-mauvaise.jpg\",\"width\":1200,\"height\":850,\"caption\":\"L'AS Eupen s'impose de justesse 1-0 apr\u00e8s une tr\u00e8s mauvaise performance \u00e0 Charleroi, dernier du classement olympique\"},{\"@type\":\"BreadcrumbList\",\"@id\":\"https:\/\/vieassociative.be\/actualites\/las-eupen-simpose-de-justesse-1-0-apres-une-tres-mauvaise-performance-a-charleroi-dernier-du-classement-olympique\/#breadcrumb\",\"itemListElement\":[{\"@type\":\"ListItem\",\"position\":1,\"name\":\"Accueil\",\"item\":\"https:\/\/vieassociative.be\/actualites\/\"},{\"@type\":\"ListItem\",\"position\":2,\"name\":\"L&rsquo;AS Eupen s&rsquo;impose de justesse 1-0 apr\u00e8s une tr\u00e8s mauvaise performance \u00e0 Charleroi, dernier du classement olympique\"}]},{\"@type\":\"WebSite\",\"@id\":\"https:\/\/vieassociative.be\/actualites\/#website\",\"url\":\"https:\/\/vieassociative.be\/actualites\/\",\"name\":\"Vie Associative\",\"description\":\"\",\"publisher\":{\"@id\":\"https:\/\/vieassociative.be\/actualites\/#organization\"},\"potentialAction\":[{\"@type\":\"SearchAction\",\"target\":{\"@type\":\"EntryPoint\",\"urlTemplate\":\"https:\/\/vieassociative.be\/actualites\/?s={search_term_string}\"},\"query-input\":{\"@type\":\"PropertyValueSpecification\",\"valueRequired\":true,\"valueName\":\"search_term_string\"}}],\"inLanguage\":\"fr-BE\"},{\"@type\":\"Organization\",\"@id\":\"https:\/\/vieassociative.be\/actualites\/#organization\",\"name\":\"Vie Associative\",\"url\":\"https:\/\/vieassociative.be\/actualites\/\",\"logo\":{\"@type\":\"ImageObject\",\"inLanguage\":\"fr-BE\",\"@id\":\"https:\/\/vieassociative.be\/actualites\/#\/schema\/logo\/image\/\",\"url\":\"https:\/\/vieassociative.be\/actualites\/wp-content\/uploads\/2024\/09\/cropped-vieassociative_favicon.ico.png\",\"contentUrl\":\"https:\/\/vieassociative.be\/actualites\/wp-content\/uploads\/2024\/09\/cropped-vieassociative_favicon.ico.png\",\"width\":512,\"height\":512,\"caption\":\"Vie Associative\"},\"image\":{\"@id\":\"https:\/\/vieassociative.be\/actualites\/#\/schema\/logo\/image\/\"}},{\"@type\":\"Person\",\"@id\":\"https:\/\/vieassociative.be\/actualites\/#\/schema\/person\/b87ac4f82f9d4e7b7cec7395b679edc4\",\"name\":\"Julien\",\"image\":{\"@type\":\"ImageObject\",\"inLanguage\":\"fr-BE\",\"@id\":\"https:\/\/vieassociative.be\/actualites\/#\/schema\/person\/image\/\",\"url\":\"https:\/\/vieassociative.be\/actualites\/wp-content\/uploads\/2024\/09\/vie-associative-1-150x150.jpg\",\"contentUrl\":\"https:\/\/vieassociative.be\/actualites\/wp-content\/uploads\/2024\/09\/vie-associative-1-150x150.jpg\",\"caption\":\"Julien\"},\"description\":\"Je suis Julien, r\u00e9dacteur pour Vie Associative. Passionn\u00e9 par le monde associatif depuis plus de 10 ans, j'ai \u00e0 c\u0153ur de partager des histoires inspirantes et de mettre en lumi\u00e8re les initiatives locales. Mon objectif est de sensibiliser et d'encourager l'engagement communautaire \u00e0 travers mes articles.\",\"sameAs\":[\"https:\/\/vieassociative.be\/\"]}]}<\/script>\n<!-- \/ Yoast SEO plugin. -->","yoast_head_json":{"title":"L'AS Eupen s'impose de justesse 1-0 apr\u00e8s une tr\u00e8s mauvaise performance \u00e0 Charleroi, dernier du classement olympique | Vie Associative","robots":{"index":"index","follow":"follow","max-snippet":"max-snippet:-1","max-image-preview":"max-image-preview:large","max-video-preview":"max-video-preview:-1"},"canonical":"https:\/\/vieassociative.be\/actualites\/las-eupen-simpose-de-justesse-1-0-apres-une-tres-mauvaise-performance-a-charleroi-dernier-du-classement-olympique\/","og_locale":"fr_FR","og_type":"article","og_title":"L'AS Eupen s'impose de justesse 1-0 apr\u00e8s une tr\u00e8s mauvaise performance \u00e0 Charleroi, dernier du classement olympique | Vie Associative","og_description":"L&rsquo;AS Eupen ne s&rsquo;est pas couvert de gloire en bas de tableau, l&rsquo;Olympique de Charleroi, et ne s&rsquo;est impos\u00e9 que difficilement 1-0. La victoire est","og_url":"https:\/\/vieassociative.be\/actualites\/las-eupen-simpose-de-justesse-1-0-apres-une-tres-mauvaise-performance-a-charleroi-dernier-du-classement-olympique\/","og_site_name":"Vie Associative","article_published_time":"2025-10-17T20:17:05+00:00","og_image":[{"width":279,"height":92,"url":"https:\/\/vieassociative.be\/actualites\/wp-content\/uploads\/2024\/09\/header_backgroundk-01-e1726694325946.png","type":"image\/png"}],"author":"Julien","twitter_card":"summary_large_image","twitter_misc":{"\u00c9crit par":"Julien","Dur\u00e9e de lecture est.":"3 minutes"},"schema":{"@context":"https:\/\/schema.org","@graph":[{"@type":"Article","@id":"https:\/\/vieassociative.be\/actualites\/las-eupen-simpose-de-justesse-1-0-apres-une-tres-mauvaise-performance-a-charleroi-dernier-du-classement-olympique\/#article","isPartOf":{"@id":"https:\/\/vieassociative.be\/actualites\/las-eupen-simpose-de-justesse-1-0-apres-une-tres-mauvaise-performance-a-charleroi-dernier-du-classement-olympique\/"},"author":{"name":"Julien","@id":"https:\/\/vieassociative.be\/actualites\/#\/schema\/person\/b87ac4f82f9d4e7b7cec7395b679edc4"},"headline":"L&rsquo;AS Eupen s&rsquo;impose de justesse 1-0 apr\u00e8s une tr\u00e8s mauvaise performance \u00e0 Charleroi, dernier du classement olympique","datePublished":"2025-10-17T20:17:05+00:00","dateModified":"2025-10-17T20:17:05+00:00","mainEntityOfPage":{"@id":"https:\/\/vieassociative.be\/actualites\/las-eupen-simpose-de-justesse-1-0-apres-une-tres-mauvaise-performance-a-charleroi-dernier-du-classement-olympique\/"},"wordCount":660,"publisher":{"@id":"https:\/\/vieassociative.be\/actualites\/#organization"},"image":{"@id":"https:\/\/vieassociative.be\/actualites\/las-eupen-simpose-de-justesse-1-0-apres-une-tres-mauvaise-performance-a-charleroi-dernier-du-classement-olympique\/#primaryimage"},"thumbnailUrl":"https:\/\/vieassociative.be\/actualites\/wp-content\/uploads\/2025\/10\/1760732226_LAS-Eupen-simpose-de-justesse-1-0-apres-une-tres-mauvaise.jpg","keywords":["Apr\u00e8s","Charleroi","classement","dernier","Eupen","justesse","lAS","mauvaise","olympique","performance","simpose","tr\u00e8s","une"],"articleSection":["Belgique"],"inLanguage":"fr-BE"},{"@type":"WebPage","@id":"https:\/\/vieassociative.be\/actualites\/las-eupen-simpose-de-justesse-1-0-apres-une-tres-mauvaise-performance-a-charleroi-dernier-du-classement-olympique\/","url":"https:\/\/vieassociative.be\/actualites\/las-eupen-simpose-de-justesse-1-0-apres-une-tres-mauvaise-performance-a-charleroi-dernier-du-classement-olympique\/","name":"L'AS Eupen s'impose de justesse 1-0 apr\u00e8s une tr\u00e8s mauvaise performance \u00e0 Charleroi, dernier du classement olympique | Vie Associative","isPartOf":{"@id":"https:\/\/vieassociative.be\/actualites\/#website"},"primaryImageOfPage":{"@id":"https:\/\/vieassociative.be\/actualites\/las-eupen-simpose-de-justesse-1-0-apres-une-tres-mauvaise-performance-a-charleroi-dernier-du-classement-olympique\/#primaryimage"},"image":{"@id":"https:\/\/vieassociative.be\/actualites\/las-eupen-simpose-de-justesse-1-0-apres-une-tres-mauvaise-performance-a-charleroi-dernier-du-classement-olympique\/#primaryimage"},"thumbnailUrl":"https:\/\/vieassociative.be\/actualites\/wp-content\/uploads\/2025\/10\/1760732226_LAS-Eupen-simpose-de-justesse-1-0-apres-une-tres-mauvaise.jpg","datePublished":"2025-10-17T20:17:05+00:00","dateModified":"2025-10-17T20:17:05+00:00","breadcrumb":{"@id":"https:\/\/vieassociative.be\/actualites\/las-eupen-simpose-de-justesse-1-0-apres-une-tres-mauvaise-performance-a-charleroi-dernier-du-classement-olympique\/#breadcrumb"},"inLanguage":"fr-BE","potentialAction":[{"@type":"ReadAction","target":["https:\/\/vieassociative.be\/actualites\/las-eupen-simpose-de-justesse-1-0-apres-une-tres-mauvaise-performance-a-charleroi-dernier-du-classement-olympique\/"]}]},{"@type":"ImageObject","inLanguage":"fr-BE","@id":"https:\/\/vieassociative.be\/actualites\/las-eupen-simpose-de-justesse-1-0-apres-une-tres-mauvaise-performance-a-charleroi-dernier-du-classement-olympique\/#primaryimage","url":"https:\/\/vieassociative.be\/actualites\/wp-content\/uploads\/2025\/10\/1760732226_LAS-Eupen-simpose-de-justesse-1-0-apres-une-tres-mauvaise.jpg","contentUrl":"https:\/\/vieassociative.be\/actualites\/wp-content\/uploads\/2025\/10\/1760732226_LAS-Eupen-simpose-de-justesse-1-0-apres-une-tres-mauvaise.jpg","width":1200,"height":850,"caption":"L'AS Eupen s'impose de justesse 1-0 apr\u00e8s une tr\u00e8s mauvaise performance \u00e0 Charleroi, dernier du classement olympique"},{"@type":"BreadcrumbList","@id":"https:\/\/vieassociative.be\/actualites\/las-eupen-simpose-de-justesse-1-0-apres-une-tres-mauvaise-performance-a-charleroi-dernier-du-classement-olympique\/#breadcrumb","itemListElement":[{"@type":"ListItem","position":1,"name":"Accueil","item":"https:\/\/vieassociative.be\/actualites\/"},{"@type":"ListItem","position":2,"name":"L&rsquo;AS Eupen s&rsquo;impose de justesse 1-0 apr\u00e8s une tr\u00e8s mauvaise performance \u00e0 Charleroi, dernier du classement olympique"}]},{"@type":"WebSite","@id":"https:\/\/vieassociative.be\/actualites\/#website","url":"https:\/\/vieassociative.be\/actualites\/","name":"Vie Associative","description":"","publisher":{"@id":"https:\/\/vieassociative.be\/actualites\/#organization"},"potentialAction":[{"@type":"SearchAction","target":{"@type":"EntryPoint","urlTemplate":"https:\/\/vieassociative.be\/actualites\/?s={search_term_string}"},"query-input":{"@type":"PropertyValueSpecification","valueRequired":true,"valueName":"search_term_string"}}],"inLanguage":"fr-BE"},{"@type":"Organization","@id":"https:\/\/vieassociative.be\/actualites\/#organization","name":"Vie Associative","url":"https:\/\/vieassociative.be\/actualites\/","logo":{"@type":"ImageObject","inLanguage":"fr-BE","@id":"https:\/\/vieassociative.be\/actualites\/#\/schema\/logo\/image\/","url":"https:\/\/vieassociative.be\/actualites\/wp-content\/uploads\/2024\/09\/cropped-vieassociative_favicon.ico.png","contentUrl":"https:\/\/vieassociative.be\/actualites\/wp-content\/uploads\/2024\/09\/cropped-vieassociative_favicon.ico.png","width":512,"height":512,"caption":"Vie Associative"},"image":{"@id":"https:\/\/vieassociative.be\/actualites\/#\/schema\/logo\/image\/"}},{"@type":"Person","@id":"https:\/\/vieassociative.be\/actualites\/#\/schema\/person\/b87ac4f82f9d4e7b7cec7395b679edc4","name":"Julien","image":{"@type":"ImageObject","inLanguage":"fr-BE","@id":"https:\/\/vieassociative.be\/actualites\/#\/schema\/person\/image\/","url":"https:\/\/vieassociative.be\/actualites\/wp-content\/uploads\/2024\/09\/vie-associative-1-150x150.jpg","contentUrl":"https:\/\/vieassociative.be\/actualites\/wp-content\/uploads\/2024\/09\/vie-associative-1-150x150.jpg","caption":"Julien"},"description":"Je suis Julien, r\u00e9dacteur pour Vie Associative. Passionn\u00e9 par le monde associatif depuis plus de 10 ans, j'ai \u00e0 c\u0153ur de partager des histoires inspirantes et de mettre en lumi\u00e8re les initiatives locales. Mon objectif est de sensibiliser et d'encourager l'engagement communautaire \u00e0 travers mes articles.","sameAs":["https:\/\/vieassociative.be\/"]}]}},"_links":{"self":[{"href":"https:\/\/vieassociative.be\/actualites\/wp-json\/wp\/v2\/posts\/10732"}],"collection":[{"href":"https:\/\/vieassociative.be\/actualites\/wp-json\/wp\/v2\/posts"}],"about":[{"href":"https:\/\/vieassociative.be\/actualites\/wp-json\/wp\/v2\/types\/post"}],"author":[{"embeddable":true,"href":"https:\/\/vieassociative.be\/actualites\/wp-json\/wp\/v2\/users\/1"}],"replies":[{"embeddable":true,"href":"https:\/\/vieassociative.be\/actualites\/wp-json\/wp\/v2\/comments?post=10732"}],"version-history":[{"count":0,"href":"https:\/\/vieassociative.be\/actualites\/wp-json\/wp\/v2\/posts\/10732\/revisions"}],"wp:featuredmedia":[{"embeddable":true,"href":"https:\/\/vieassociative.be\/actualites\/wp-json\/wp\/v2\/media\/10733"}],"wp:attachment":[{"href":"https:\/\/vieassociative.be\/actualites\/wp-json\/wp\/v2\/media?parent=10732"}],"wp:term":[{"taxonomy":"category","embeddable":true,"href":"https:\/\/vieassociative.be\/actualites\/wp-json\/wp\/v2\/categories?post=10732"},{"taxonomy":"post_tag","embeddable":true,"href":"https:\/\/vieassociative.be\/actualites\/wp-json\/wp\/v2\/tags?post=10732"}],"curies":[{"name":"wp","href":"https:\/\/api.w.org\/{rel}","templated":true}]}}