{"id":10727,"date":"2025-10-17T16:17:22","date_gmt":"2025-10-17T14:17:22","guid":{"rendered":"https:\/\/vieassociative.be\/actualites\/conduire-en-automne-avec-une-visibilite-moderee-pluie-brouillard-obscurite-soleil-bas-ou-passage-de-gibier\/"},"modified":"2025-10-17T16:17:22","modified_gmt":"2025-10-17T14:17:22","slug":"conduire-en-automne-avec-une-visibilite-moderee-pluie-brouillard-obscurite-soleil-bas-ou-passage-de-gibier","status":"publish","type":"post","link":"https:\/\/vieassociative.be\/actualites\/conduire-en-automne-avec-une-visibilite-moderee-pluie-brouillard-obscurite-soleil-bas-ou-passage-de-gibier\/","title":{"rendered":"Conduire en automne avec une visibilit\u00e9 mod\u00e9r\u00e9e (pluie, brouillard, obscurit\u00e9, soleil bas ou passage de gibier)"},"content":{"rendered":"<p><strong>Lorsque les temp\u00e9ratures baissent, les jours raccourcissent, les feuilles mouill\u00e9es se trouvent dans les rues, un \u00e9pais brouillard nuit \u00e0 la visibilit\u00e9, le soleil bas est aveuglant et le gel nocturne rend les routes glissantes, l&rsquo;automne est de retour &#8211; et avec lui tous les pi\u00e8ges de cette saison.<\/strong><\/p>\n<p><span id=\"more-427243\"><\/span><\/p>\n<p>De bons pneus et des phares fonctionnels ne repr\u00e9sentent que la moiti\u00e9 de la bataille. Il est important de ne commettre aucune erreur sur le volant. En automne, lorsque la visibilit\u00e9 est mauvaise, la voiture doit \u00eatre en \u00e9tat de marche \u00e0 100 %. Cela s&rsquo;applique particuli\u00e8rement \u00e0 l&rsquo;\u00e9clairage, aux pneus et aux essuie-glaces.<\/p>\n<p>Le <strong>\u00e9clairage<\/strong>: Les \u00ab borgnes \u00bb et les \u00ab aveugles \u00bb sont d\u00e9sagr\u00e9ablement perceptibles pendant la saison sombre. Les ampoules d\u00e9fectueuses doivent \u00eatre remplac\u00e9es imm\u00e9diatement. Le trafic aux heures de pointe tombe de plus en plus au cr\u00e9puscule ; \u00c0 l\u2019heure actuelle, voir et \u00eatre vu est particuli\u00e8rement important.<\/p>\n<div id=\"attachment_91140\" class=\"wp-caption alignleft\" style=\"max-width: 300px\"><img fetchpriority=\"high\" decoding=\"async\" class=\"wp-image-91140 size-medium\" src=\"https:\/\/vieassociative.be\/actualites\/wp-content\/uploads\/2025\/10\/Conduire-en-automne-avec-une-visibilite-moderee-pluie-brouillard-obscurite.jpeg\" alt=\"\" width=\"300\" height=\"200\"  ><\/div>\n<p>Le <strong>pneus<\/strong>: Il est conseill\u00e9 de chausser des pneus hiver \u00e0 des temp\u00e9ratures inf\u00e9rieures \u00e0 9\u00b0. Si les vieux pneus hiver ont moins de quatre millim\u00e8tres de bande de roulement, ils doivent \u00eatre remplac\u00e9s.<\/p>\n<p>Ils doivent \u00e9galement \u00eatre v\u00e9rifi\u00e9s <strong>Balais d&rsquo;essuie-glace<\/strong>car un travail acharn\u00e9 les attend \u00e0 l&rsquo;automne. Si la l\u00e8vre en caoutchouc est effiloch\u00e9e, vous avez besoin de nouveaux essuie-glaces.<\/p>\n<p>\u00c0 mesure que les temp\u00e9ratures baissent, le brouillard obscurcit souvent la vue des conducteurs en automne. Si la visibilit\u00e9 est mauvaise : r\u00e9duisez la vitesse et augmentez la distance de s\u00e9curit\u00e9. Le brouillard peut \u00eatre un pi\u00e8ge mortel, notamment sur les autoroutes. La vitesse doit \u00eatre adapt\u00e9e aux conditions de visibilit\u00e9. Avec une visibilit\u00e9 de seulement 50 m\u00e8tres, la vitesse maximale est limit\u00e9e \u00e0 50 km\/h.<\/p>\n<p>En automne, vous devez \u00e9galement augmenter la distance de s\u00e9curit\u00e9 par rapport \u00e0 la voiture qui vous pr\u00e9c\u00e8de, car la distance d&rsquo;arr\u00eat devient plus longue en raison des feuilles ou de l&rsquo;humidit\u00e9 glaciale.<\/p>\n<h3>Le risque d\u2019accidents avec la faune augmente en automne \u2013 que faire ?<\/h3>\n<p><strong>Attention passage de la faune ! Ce risque augmente g\u00e9n\u00e9ralement en automne. Les jours et semaines qui suivent le changement d\u2019heure peuvent \u00eatre particuli\u00e8rement dangereux. Cela signifie que certaines parties du trafic aux heures de pointe tombent au cr\u00e9puscule.<\/strong><\/p>\n<p><!--more-->Les animaux sauvages comme les cerfs, les sangliers et les cerfs sont actifs au cr\u00e9puscule. Le risque de collision augmente surtout entre 6h00 et 8h00. Le soir, la phase cr\u00e9pusculaire commence vers 17h00, qui tombe \u00e9galement aux heures de pointe.<\/p>\n<p>En g\u00e9n\u00e9ral, de nombreux animaux sauvages recherchent d\u00e9sormais intens\u00e9ment de la nourriture pour se pr\u00e9parer \u00e0 l&rsquo;hiver. Ils doivent souvent traverser des routes pour atteindre les zones de nourrissage. Il existe \u00e9galement des risques d&rsquo;accidents lors de la p\u00e9riode de reproduction des sangliers et des daims. Ils sont particuli\u00e8rement actifs en octobre et novembre.<\/p>\n<div id=\"attachment_401049\" class=\"wp-caption alignleft\" style=\"max-width: 300px\"><img decoding=\"async\" class=\"wp-image-401049 size-medium\" src=\"https:\/\/vieassociative.be\/actualites\/wp-content\/uploads\/2024\/11\/Le-risque-daccidents-avec-la-faune-augmente-en-automne-\u2013.jpg\" alt=\"\" width=\"300\" height=\"200\"><\/div>\n<p>Les passages de gibier sont particuli\u00e8rement probables sur les routes qui traversent la for\u00eat ou le long de la lisi\u00e8re des champs forestiers. Des panneaux appropri\u00e9s indiquent les zones particuli\u00e8rement menac\u00e9es.<\/p>\n<p><b>\u2013 Rel\u00e2chez le pied de l\u2019acc\u00e9l\u00e9rateur et, dans le pire des cas, ne faites pas d\u2019\u00e9cart : <\/b>Afin d&rsquo;avoir plus de temps de r\u00e9action en cas de rencontre spontan\u00e9e avec des animaux sauvages, il est important de toujours avancer \u00e0 une vitesse appropri\u00e9e et de garder une distance suffisante avec ceux qui pr\u00e9c\u00e8dent.<\/p>\n<p>Un exemple : la vitesse 80 au lieu de 100 raccourcit la distance de freinage d&rsquo;environ 25 m\u00e8tres. Et une collision peut \u00eatre assez d\u00e9licate : les grands mammif\u00e8res peuvent causer des d\u00e9g\u00e2ts importants. C\u2019est ce que fait un sanglier lors d\u2019une collision \u00e0 60 km\/h avec une force de trois tonnes et demie.<\/p>\n<p>Si un animal se trouve sur le bord de la route, les experts recommandent de freiner de mani\u00e8re contr\u00f4l\u00e9e, d\u2019att\u00e9nuer vos phares et de klaxonner. Les yeux des animaux sauvages sont nettement plus sensibles \u00e0 la lumi\u00e8re que ceux des humains. Les feux de route vous \u00e9blouissent et vous d\u00e9sorientent. Le klaxon aide les animaux sauvages \u00e0 s&rsquo;orienter acoustiquement et \u00e0 s&rsquo;\u00e9chapper.<\/p>\n<div id=\"attachment_401052\" class=\"wp-caption alignleft\" style=\"max-width: 300px\"><img decoding=\"async\" class=\"wp-image-401052 size-medium\" src=\"https:\/\/vieassociative.be\/actualites\/wp-content\/uploads\/2025\/10\/Conduire-en-automne-avec-une-visibilite-moderee-pluie-brouillard-obscurite.jpg\" alt=\"\" width=\"300\" height=\"200\"><\/div>\n<p>Et comme un animal ne vient g\u00e9n\u00e9ralement pas seul : faites attention aux retardataires lorsqu&rsquo;un animal appara\u00eet sur le bord de la route &#8211; cela est particuli\u00e8rement vrai pour les cerfs, les chevreuils ou les sangliers.<\/p>\n<p>Si une collision ne peut plus \u00eatre \u00e9vit\u00e9e : ne faites pas un \u00e9cart risqu\u00e9, mais tenez fermement le volant et freinez \u00e0 fond. Cependant, un \u00e9cart de direction incontr\u00f4lable augmente le risque d&rsquo;accident, surtout s&rsquo;il se termine dans un arbre ou dans la circulation venant en sens inverse.<\/p>\n<p><b>\u2013 Apr\u00e8s un accident, les prochaines \u00e9tapes sont : <\/b>S\u00e9curisez les lieux de l\u2019accident \u2013 \u200b\u200ballumez les feux de d\u00e9tresse, enfilez un gilet de signalisation, installez un triangle de signalisation. Il ne faut pas toucher les animaux morts et garder ses distances avec ceux qui sont encore en vie : les animaux gri\u00e8vement bless\u00e9s craignent la mort, ce qui signifie \u00e9galement qu&rsquo;il existe un risque de blessures pour les personnes.<\/p>\n<p>Ne retirez pas le gibier touch\u00e9 du lieu de l&rsquo;accident, sinon vous risquez d&rsquo;\u00eatre accus\u00e9 de braconnage. Signalez imm\u00e9diatement tout accident animalier \u00e0 la police, surtout si l&rsquo;animal \u00e9ventuellement bless\u00e9 s&rsquo;est enfui apr\u00e8s l&rsquo;impact. La police informe le chasseur responsable, qui peut rechercher et tuer l&rsquo;animal. Faites d\u00e9livrer un certificat d\u2019accident animalier pour votre assurance. C&rsquo;est ce que font la police ou les locataires chasseurs. (dpa)<\/p>\n","protected":false},"excerpt":{"rendered":"<p>Lorsque les temp\u00e9ratures baissent, les jours raccourcissent, les feuilles mouill\u00e9es se trouvent dans les rues, un \u00e9pais brouillard nuit \u00e0 la visibilit\u00e9, le soleil bas<\/p>\n","protected":false},"author":1,"featured_media":10728,"comment_status":"","ping_status":"","sticky":false,"template":"","format":"standard","meta":{"footnotes":""},"categories":[298],"tags":[2804,61,700,3269,4744,8933,8931,8932,3549,3161,5635,110,3657],"class_list":["post-10727","post","type-post","status-publish","format-standard","has-post-thumbnail","hentry","category-belgique","tag-automne","tag-avec","tag-bas","tag-brouillard","tag-conduire","tag-gibier","tag-moderee","tag-obscurite","tag-passage","tag-pluie","tag-soleil","tag-une","tag-visibilite","generate-columns","tablet-grid-50","mobile-grid-100","grid-parent","grid-33"],"yoast_head":"<!-- This site is optimized with the Yoast SEO plugin v24.0 - https:\/\/yoast.com\/wordpress\/plugins\/seo\/ -->\n<title>Conduire en automne avec une visibilit\u00e9 mod\u00e9r\u00e9e (pluie, brouillard, obscurit\u00e9, soleil bas ou passage de gibier) | Vie Associative<\/title>\n<meta name=\"robots\" content=\"index, follow, max-snippet:-1, max-image-preview:large, max-video-preview:-1\" \/>\n<link rel=\"canonical\" href=\"https:\/\/vieassociative.be\/actualites\/conduire-en-automne-avec-une-visibilite-moderee-pluie-brouillard-obscurite-soleil-bas-ou-passage-de-gibier\/\" \/>\n<meta property=\"og:locale\" content=\"fr_FR\" \/>\n<meta property=\"og:type\" content=\"article\" \/>\n<meta property=\"og:title\" content=\"Conduire en automne avec une visibilit\u00e9 mod\u00e9r\u00e9e (pluie, brouillard, obscurit\u00e9, soleil bas ou passage de gibier) | Vie Associative\" \/>\n<meta property=\"og:description\" content=\"Lorsque les temp\u00e9ratures baissent, les jours raccourcissent, les feuilles mouill\u00e9es se trouvent dans les rues, un \u00e9pais brouillard nuit \u00e0 la visibilit\u00e9, le soleil bas\" \/>\n<meta property=\"og:url\" content=\"https:\/\/vieassociative.be\/actualites\/conduire-en-automne-avec-une-visibilite-moderee-pluie-brouillard-obscurite-soleil-bas-ou-passage-de-gibier\/\" \/>\n<meta property=\"og:site_name\" content=\"Vie Associative\" \/>\n<meta property=\"article:published_time\" content=\"2025-10-17T14:17:22+00:00\" \/>\n<meta property=\"og:image\" content=\"https:\/\/vieassociative.be\/actualites\/wp-content\/uploads\/2024\/09\/header_backgroundk-01-e1726694325946.png\" \/>\n\t<meta property=\"og:image:width\" content=\"279\" \/>\n\t<meta property=\"og:image:height\" content=\"92\" \/>\n\t<meta property=\"og:image:type\" content=\"image\/png\" \/>\n<meta name=\"author\" content=\"Julien\" \/>\n<meta name=\"twitter:card\" content=\"summary_large_image\" \/>\n<meta name=\"twitter:label1\" content=\"\u00c9crit par\" \/>\n\t<meta name=\"twitter:data1\" content=\"Julien\" \/>\n\t<meta name=\"twitter:label2\" content=\"Dur\u00e9e de lecture est.\" \/>\n\t<meta name=\"twitter:data2\" content=\"5 minutes\" \/>\n<script type=\"application\/ld+json\" class=\"yoast-schema-graph\">{\"@context\":\"https:\/\/schema.org\",\"@graph\":[{\"@type\":\"Article\",\"@id\":\"https:\/\/vieassociative.be\/actualites\/conduire-en-automne-avec-une-visibilite-moderee-pluie-brouillard-obscurite-soleil-bas-ou-passage-de-gibier\/#article\",\"isPartOf\":{\"@id\":\"https:\/\/vieassociative.be\/actualites\/conduire-en-automne-avec-une-visibilite-moderee-pluie-brouillard-obscurite-soleil-bas-ou-passage-de-gibier\/\"},\"author\":{\"name\":\"Julien\",\"@id\":\"https:\/\/vieassociative.be\/actualites\/#\/schema\/person\/b87ac4f82f9d4e7b7cec7395b679edc4\"},\"headline\":\"Conduire en automne avec une visibilit\u00e9 mod\u00e9r\u00e9e (pluie, brouillard, obscurit\u00e9, soleil bas ou passage de gibier)\",\"datePublished\":\"2025-10-17T14:17:22+00:00\",\"dateModified\":\"2025-10-17T14:17:22+00:00\",\"mainEntityOfPage\":{\"@id\":\"https:\/\/vieassociative.be\/actualites\/conduire-en-automne-avec-une-visibilite-moderee-pluie-brouillard-obscurite-soleil-bas-ou-passage-de-gibier\/\"},\"wordCount\":970,\"publisher\":{\"@id\":\"https:\/\/vieassociative.be\/actualites\/#organization\"},\"image\":{\"@id\":\"https:\/\/vieassociative.be\/actualites\/conduire-en-automne-avec-une-visibilite-moderee-pluie-brouillard-obscurite-soleil-bas-ou-passage-de-gibier\/#primaryimage\"},\"thumbnailUrl\":\"https:\/\/vieassociative.be\/actualites\/wp-content\/uploads\/2025\/10\/1760710642_Conduire-en-automne-avec-une-visibilite-moderee-pluie-brouillard-obscurite.jpeg\",\"keywords\":[\"automne\",\"avec\",\"bas\",\"brouillard\",\"conduire\",\"gibier\",\"mod\u00e9r\u00e9e\",\"obscurit\u00e9\",\"passage\",\"pluie\",\"soleil\",\"une\",\"Visibilit\u00e9\"],\"articleSection\":[\"Belgique\"],\"inLanguage\":\"fr-BE\"},{\"@type\":\"WebPage\",\"@id\":\"https:\/\/vieassociative.be\/actualites\/conduire-en-automne-avec-une-visibilite-moderee-pluie-brouillard-obscurite-soleil-bas-ou-passage-de-gibier\/\",\"url\":\"https:\/\/vieassociative.be\/actualites\/conduire-en-automne-avec-une-visibilite-moderee-pluie-brouillard-obscurite-soleil-bas-ou-passage-de-gibier\/\",\"name\":\"Conduire en automne avec une visibilit\u00e9 mod\u00e9r\u00e9e (pluie, brouillard, obscurit\u00e9, soleil bas ou passage de gibier) | Vie Associative\",\"isPartOf\":{\"@id\":\"https:\/\/vieassociative.be\/actualites\/#website\"},\"primaryImageOfPage\":{\"@id\":\"https:\/\/vieassociative.be\/actualites\/conduire-en-automne-avec-une-visibilite-moderee-pluie-brouillard-obscurite-soleil-bas-ou-passage-de-gibier\/#primaryimage\"},\"image\":{\"@id\":\"https:\/\/vieassociative.be\/actualites\/conduire-en-automne-avec-une-visibilite-moderee-pluie-brouillard-obscurite-soleil-bas-ou-passage-de-gibier\/#primaryimage\"},\"thumbnailUrl\":\"https:\/\/vieassociative.be\/actualites\/wp-content\/uploads\/2025\/10\/1760710642_Conduire-en-automne-avec-une-visibilite-moderee-pluie-brouillard-obscurite.jpeg\",\"datePublished\":\"2025-10-17T14:17:22+00:00\",\"dateModified\":\"2025-10-17T14:17:22+00:00\",\"breadcrumb\":{\"@id\":\"https:\/\/vieassociative.be\/actualites\/conduire-en-automne-avec-une-visibilite-moderee-pluie-brouillard-obscurite-soleil-bas-ou-passage-de-gibier\/#breadcrumb\"},\"inLanguage\":\"fr-BE\",\"potentialAction\":[{\"@type\":\"ReadAction\",\"target\":[\"https:\/\/vieassociative.be\/actualites\/conduire-en-automne-avec-une-visibilite-moderee-pluie-brouillard-obscurite-soleil-bas-ou-passage-de-gibier\/\"]}]},{\"@type\":\"ImageObject\",\"inLanguage\":\"fr-BE\",\"@id\":\"https:\/\/vieassociative.be\/actualites\/conduire-en-automne-avec-une-visibilite-moderee-pluie-brouillard-obscurite-soleil-bas-ou-passage-de-gibier\/#primaryimage\",\"url\":\"https:\/\/vieassociative.be\/actualites\/wp-content\/uploads\/2025\/10\/1760710642_Conduire-en-automne-avec-une-visibilite-moderee-pluie-brouillard-obscurite.jpeg\",\"contentUrl\":\"https:\/\/vieassociative.be\/actualites\/wp-content\/uploads\/2025\/10\/1760710642_Conduire-en-automne-avec-une-visibilite-moderee-pluie-brouillard-obscurite.jpeg\",\"width\":1000,\"height\":794,\"caption\":\"Conduire en automne avec une visibilit\u00e9 mod\u00e9r\u00e9e (pluie, brouillard, obscurit\u00e9, soleil bas ou passage de gibier)\"},{\"@type\":\"BreadcrumbList\",\"@id\":\"https:\/\/vieassociative.be\/actualites\/conduire-en-automne-avec-une-visibilite-moderee-pluie-brouillard-obscurite-soleil-bas-ou-passage-de-gibier\/#breadcrumb\",\"itemListElement\":[{\"@type\":\"ListItem\",\"position\":1,\"name\":\"Accueil\",\"item\":\"https:\/\/vieassociative.be\/actualites\/\"},{\"@type\":\"ListItem\",\"position\":2,\"name\":\"Conduire en automne avec une visibilit\u00e9 mod\u00e9r\u00e9e (pluie, brouillard, obscurit\u00e9, soleil bas ou passage de gibier)\"}]},{\"@type\":\"WebSite\",\"@id\":\"https:\/\/vieassociative.be\/actualites\/#website\",\"url\":\"https:\/\/vieassociative.be\/actualites\/\",\"name\":\"Vie Associative\",\"description\":\"\",\"publisher\":{\"@id\":\"https:\/\/vieassociative.be\/actualites\/#organization\"},\"potentialAction\":[{\"@type\":\"SearchAction\",\"target\":{\"@type\":\"EntryPoint\",\"urlTemplate\":\"https:\/\/vieassociative.be\/actualites\/?s={search_term_string}\"},\"query-input\":{\"@type\":\"PropertyValueSpecification\",\"valueRequired\":true,\"valueName\":\"search_term_string\"}}],\"inLanguage\":\"fr-BE\"},{\"@type\":\"Organization\",\"@id\":\"https:\/\/vieassociative.be\/actualites\/#organization\",\"name\":\"Vie Associative\",\"url\":\"https:\/\/vieassociative.be\/actualites\/\",\"logo\":{\"@type\":\"ImageObject\",\"inLanguage\":\"fr-BE\",\"@id\":\"https:\/\/vieassociative.be\/actualites\/#\/schema\/logo\/image\/\",\"url\":\"https:\/\/vieassociative.be\/actualites\/wp-content\/uploads\/2024\/09\/cropped-vieassociative_favicon.ico.png\",\"contentUrl\":\"https:\/\/vieassociative.be\/actualites\/wp-content\/uploads\/2024\/09\/cropped-vieassociative_favicon.ico.png\",\"width\":512,\"height\":512,\"caption\":\"Vie Associative\"},\"image\":{\"@id\":\"https:\/\/vieassociative.be\/actualites\/#\/schema\/logo\/image\/\"}},{\"@type\":\"Person\",\"@id\":\"https:\/\/vieassociative.be\/actualites\/#\/schema\/person\/b87ac4f82f9d4e7b7cec7395b679edc4\",\"name\":\"Julien\",\"image\":{\"@type\":\"ImageObject\",\"inLanguage\":\"fr-BE\",\"@id\":\"https:\/\/vieassociative.be\/actualites\/#\/schema\/person\/image\/\",\"url\":\"https:\/\/vieassociative.be\/actualites\/wp-content\/uploads\/2024\/09\/vie-associative-1-150x150.jpg\",\"contentUrl\":\"https:\/\/vieassociative.be\/actualites\/wp-content\/uploads\/2024\/09\/vie-associative-1-150x150.jpg\",\"caption\":\"Julien\"},\"description\":\"Je suis Julien, r\u00e9dacteur pour Vie Associative. Passionn\u00e9 par le monde associatif depuis plus de 10 ans, j'ai \u00e0 c\u0153ur de partager des histoires inspirantes et de mettre en lumi\u00e8re les initiatives locales. Mon objectif est de sensibiliser et d'encourager l'engagement communautaire \u00e0 travers mes articles.\",\"sameAs\":[\"https:\/\/vieassociative.be\/\"]}]}<\/script>\n<!-- \/ Yoast SEO plugin. -->","yoast_head_json":{"title":"Conduire en automne avec une visibilit\u00e9 mod\u00e9r\u00e9e (pluie, brouillard, obscurit\u00e9, soleil bas ou passage de gibier) | Vie Associative","robots":{"index":"index","follow":"follow","max-snippet":"max-snippet:-1","max-image-preview":"max-image-preview:large","max-video-preview":"max-video-preview:-1"},"canonical":"https:\/\/vieassociative.be\/actualites\/conduire-en-automne-avec-une-visibilite-moderee-pluie-brouillard-obscurite-soleil-bas-ou-passage-de-gibier\/","og_locale":"fr_FR","og_type":"article","og_title":"Conduire en automne avec une visibilit\u00e9 mod\u00e9r\u00e9e (pluie, brouillard, obscurit\u00e9, soleil bas ou passage de gibier) | Vie Associative","og_description":"Lorsque les temp\u00e9ratures baissent, les jours raccourcissent, les feuilles mouill\u00e9es se trouvent dans les rues, un \u00e9pais brouillard nuit \u00e0 la visibilit\u00e9, le soleil bas","og_url":"https:\/\/vieassociative.be\/actualites\/conduire-en-automne-avec-une-visibilite-moderee-pluie-brouillard-obscurite-soleil-bas-ou-passage-de-gibier\/","og_site_name":"Vie Associative","article_published_time":"2025-10-17T14:17:22+00:00","og_image":[{"width":279,"height":92,"url":"https:\/\/vieassociative.be\/actualites\/wp-content\/uploads\/2024\/09\/header_backgroundk-01-e1726694325946.png","type":"image\/png"}],"author":"Julien","twitter_card":"summary_large_image","twitter_misc":{"\u00c9crit par":"Julien","Dur\u00e9e de lecture est.":"5 minutes"},"schema":{"@context":"https:\/\/schema.org","@graph":[{"@type":"Article","@id":"https:\/\/vieassociative.be\/actualites\/conduire-en-automne-avec-une-visibilite-moderee-pluie-brouillard-obscurite-soleil-bas-ou-passage-de-gibier\/#article","isPartOf":{"@id":"https:\/\/vieassociative.be\/actualites\/conduire-en-automne-avec-une-visibilite-moderee-pluie-brouillard-obscurite-soleil-bas-ou-passage-de-gibier\/"},"author":{"name":"Julien","@id":"https:\/\/vieassociative.be\/actualites\/#\/schema\/person\/b87ac4f82f9d4e7b7cec7395b679edc4"},"headline":"Conduire en automne avec une visibilit\u00e9 mod\u00e9r\u00e9e (pluie, brouillard, obscurit\u00e9, soleil bas ou passage de gibier)","datePublished":"2025-10-17T14:17:22+00:00","dateModified":"2025-10-17T14:17:22+00:00","mainEntityOfPage":{"@id":"https:\/\/vieassociative.be\/actualites\/conduire-en-automne-avec-une-visibilite-moderee-pluie-brouillard-obscurite-soleil-bas-ou-passage-de-gibier\/"},"wordCount":970,"publisher":{"@id":"https:\/\/vieassociative.be\/actualites\/#organization"},"image":{"@id":"https:\/\/vieassociative.be\/actualites\/conduire-en-automne-avec-une-visibilite-moderee-pluie-brouillard-obscurite-soleil-bas-ou-passage-de-gibier\/#primaryimage"},"thumbnailUrl":"https:\/\/vieassociative.be\/actualites\/wp-content\/uploads\/2025\/10\/1760710642_Conduire-en-automne-avec-une-visibilite-moderee-pluie-brouillard-obscurite.jpeg","keywords":["automne","avec","bas","brouillard","conduire","gibier","mod\u00e9r\u00e9e","obscurit\u00e9","passage","pluie","soleil","une","Visibilit\u00e9"],"articleSection":["Belgique"],"inLanguage":"fr-BE"},{"@type":"WebPage","@id":"https:\/\/vieassociative.be\/actualites\/conduire-en-automne-avec-une-visibilite-moderee-pluie-brouillard-obscurite-soleil-bas-ou-passage-de-gibier\/","url":"https:\/\/vieassociative.be\/actualites\/conduire-en-automne-avec-une-visibilite-moderee-pluie-brouillard-obscurite-soleil-bas-ou-passage-de-gibier\/","name":"Conduire en automne avec une visibilit\u00e9 mod\u00e9r\u00e9e (pluie, brouillard, obscurit\u00e9, soleil bas ou passage de gibier) | Vie Associative","isPartOf":{"@id":"https:\/\/vieassociative.be\/actualites\/#website"},"primaryImageOfPage":{"@id":"https:\/\/vieassociative.be\/actualites\/conduire-en-automne-avec-une-visibilite-moderee-pluie-brouillard-obscurite-soleil-bas-ou-passage-de-gibier\/#primaryimage"},"image":{"@id":"https:\/\/vieassociative.be\/actualites\/conduire-en-automne-avec-une-visibilite-moderee-pluie-brouillard-obscurite-soleil-bas-ou-passage-de-gibier\/#primaryimage"},"thumbnailUrl":"https:\/\/vieassociative.be\/actualites\/wp-content\/uploads\/2025\/10\/1760710642_Conduire-en-automne-avec-une-visibilite-moderee-pluie-brouillard-obscurite.jpeg","datePublished":"2025-10-17T14:17:22+00:00","dateModified":"2025-10-17T14:17:22+00:00","breadcrumb":{"@id":"https:\/\/vieassociative.be\/actualites\/conduire-en-automne-avec-une-visibilite-moderee-pluie-brouillard-obscurite-soleil-bas-ou-passage-de-gibier\/#breadcrumb"},"inLanguage":"fr-BE","potentialAction":[{"@type":"ReadAction","target":["https:\/\/vieassociative.be\/actualites\/conduire-en-automne-avec-une-visibilite-moderee-pluie-brouillard-obscurite-soleil-bas-ou-passage-de-gibier\/"]}]},{"@type":"ImageObject","inLanguage":"fr-BE","@id":"https:\/\/vieassociative.be\/actualites\/conduire-en-automne-avec-une-visibilite-moderee-pluie-brouillard-obscurite-soleil-bas-ou-passage-de-gibier\/#primaryimage","url":"https:\/\/vieassociative.be\/actualites\/wp-content\/uploads\/2025\/10\/1760710642_Conduire-en-automne-avec-une-visibilite-moderee-pluie-brouillard-obscurite.jpeg","contentUrl":"https:\/\/vieassociative.be\/actualites\/wp-content\/uploads\/2025\/10\/1760710642_Conduire-en-automne-avec-une-visibilite-moderee-pluie-brouillard-obscurite.jpeg","width":1000,"height":794,"caption":"Conduire en automne avec une visibilit\u00e9 mod\u00e9r\u00e9e (pluie, brouillard, obscurit\u00e9, soleil bas ou passage de gibier)"},{"@type":"BreadcrumbList","@id":"https:\/\/vieassociative.be\/actualites\/conduire-en-automne-avec-une-visibilite-moderee-pluie-brouillard-obscurite-soleil-bas-ou-passage-de-gibier\/#breadcrumb","itemListElement":[{"@type":"ListItem","position":1,"name":"Accueil","item":"https:\/\/vieassociative.be\/actualites\/"},{"@type":"ListItem","position":2,"name":"Conduire en automne avec une visibilit\u00e9 mod\u00e9r\u00e9e (pluie, brouillard, obscurit\u00e9, soleil bas ou passage de gibier)"}]},{"@type":"WebSite","@id":"https:\/\/vieassociative.be\/actualites\/#website","url":"https:\/\/vieassociative.be\/actualites\/","name":"Vie Associative","description":"","publisher":{"@id":"https:\/\/vieassociative.be\/actualites\/#organization"},"potentialAction":[{"@type":"SearchAction","target":{"@type":"EntryPoint","urlTemplate":"https:\/\/vieassociative.be\/actualites\/?s={search_term_string}"},"query-input":{"@type":"PropertyValueSpecification","valueRequired":true,"valueName":"search_term_string"}}],"inLanguage":"fr-BE"},{"@type":"Organization","@id":"https:\/\/vieassociative.be\/actualites\/#organization","name":"Vie Associative","url":"https:\/\/vieassociative.be\/actualites\/","logo":{"@type":"ImageObject","inLanguage":"fr-BE","@id":"https:\/\/vieassociative.be\/actualites\/#\/schema\/logo\/image\/","url":"https:\/\/vieassociative.be\/actualites\/wp-content\/uploads\/2024\/09\/cropped-vieassociative_favicon.ico.png","contentUrl":"https:\/\/vieassociative.be\/actualites\/wp-content\/uploads\/2024\/09\/cropped-vieassociative_favicon.ico.png","width":512,"height":512,"caption":"Vie Associative"},"image":{"@id":"https:\/\/vieassociative.be\/actualites\/#\/schema\/logo\/image\/"}},{"@type":"Person","@id":"https:\/\/vieassociative.be\/actualites\/#\/schema\/person\/b87ac4f82f9d4e7b7cec7395b679edc4","name":"Julien","image":{"@type":"ImageObject","inLanguage":"fr-BE","@id":"https:\/\/vieassociative.be\/actualites\/#\/schema\/person\/image\/","url":"https:\/\/vieassociative.be\/actualites\/wp-content\/uploads\/2024\/09\/vie-associative-1-150x150.jpg","contentUrl":"https:\/\/vieassociative.be\/actualites\/wp-content\/uploads\/2024\/09\/vie-associative-1-150x150.jpg","caption":"Julien"},"description":"Je suis Julien, r\u00e9dacteur pour Vie Associative. Passionn\u00e9 par le monde associatif depuis plus de 10 ans, j'ai \u00e0 c\u0153ur de partager des histoires inspirantes et de mettre en lumi\u00e8re les initiatives locales. Mon objectif est de sensibiliser et d'encourager l'engagement communautaire \u00e0 travers mes articles.","sameAs":["https:\/\/vieassociative.be\/"]}]}},"_links":{"self":[{"href":"https:\/\/vieassociative.be\/actualites\/wp-json\/wp\/v2\/posts\/10727"}],"collection":[{"href":"https:\/\/vieassociative.be\/actualites\/wp-json\/wp\/v2\/posts"}],"about":[{"href":"https:\/\/vieassociative.be\/actualites\/wp-json\/wp\/v2\/types\/post"}],"author":[{"embeddable":true,"href":"https:\/\/vieassociative.be\/actualites\/wp-json\/wp\/v2\/users\/1"}],"replies":[{"embeddable":true,"href":"https:\/\/vieassociative.be\/actualites\/wp-json\/wp\/v2\/comments?post=10727"}],"version-history":[{"count":0,"href":"https:\/\/vieassociative.be\/actualites\/wp-json\/wp\/v2\/posts\/10727\/revisions"}],"wp:featuredmedia":[{"embeddable":true,"href":"https:\/\/vieassociative.be\/actualites\/wp-json\/wp\/v2\/media\/10728"}],"wp:attachment":[{"href":"https:\/\/vieassociative.be\/actualites\/wp-json\/wp\/v2\/media?parent=10727"}],"wp:term":[{"taxonomy":"category","embeddable":true,"href":"https:\/\/vieassociative.be\/actualites\/wp-json\/wp\/v2\/categories?post=10727"},{"taxonomy":"post_tag","embeddable":true,"href":"https:\/\/vieassociative.be\/actualites\/wp-json\/wp\/v2\/tags?post=10727"}],"curies":[{"name":"wp","href":"https:\/\/api.w.org\/{rel}","templated":true}]}}