{"id":10725,"date":"2025-10-17T15:17:27","date_gmt":"2025-10-17T13:17:27","guid":{"rendered":"https:\/\/vieassociative.be\/actualites\/ce-pack-de-deux-cameras-de-securite-exterieures-blink-est-a-100-de-reduction-en-ce-moment\/"},"modified":"2025-10-17T15:17:27","modified_gmt":"2025-10-17T13:17:27","slug":"ce-pack-de-deux-cameras-de-securite-exterieures-blink-est-a-100-de-reduction-en-ce-moment","status":"publish","type":"post","link":"https:\/\/vieassociative.be\/actualites\/ce-pack-de-deux-cameras-de-securite-exterieures-blink-est-a-100-de-reduction-en-ce-moment\/","title":{"rendered":"Ce pack de deux cam\u00e9ras de s\u00e9curit\u00e9 ext\u00e9rieures Blink est \u00e0 100 $ de r\u00e9duction en ce moment"},"content":{"rendered":"<div class=\"mt-4 leading-6 md:mb-8\">Pour quiconque teste le terrain en mati\u00e8re de s\u00e9curit\u00e9 domestique, cet accord est une fa\u00e7on de commencer \u00e0 faible risque.<\/div>\n<p><\/p>\n<p><em>Saviez-vous que vous pouvez personnaliser Google pour filtrer les d\u00e9chets\u00a0? Suivez ces \u00e9tapes<\/em><em> pour de meilleurs r\u00e9sultats de recherche, notamment en ajoutant Vie Associative comme source privil\u00e9gi\u00e9e d&rsquo;actualit\u00e9s technologiques<\/em><em>.<\/em><\/p>\n<p>Selon les outils de suivi des prix, l&rsquo;une des cam\u00e9ras de s\u00e9curit\u00e9 les plus populaires d&rsquo;Amazon \u2013 et ce que nous avons d\u00e9crit comme une \u00ab cam\u00e9ra sans fil d&rsquo;entr\u00e9e de gamme int\u00e9ressante \u00bb \u2013 vient d&rsquo;atteindre son prix le plus bas \u00e0 ce jour. Le Blink Outdoor 4 (pack de 2) remis \u00e0 neuf co\u00fbte d\u00e9sormais 62,99 $, contre 164,99 $, et nettement moins cher que l&rsquo;achat neuf \u00e0 179,99 $. <\/p>\n<div class=\"pogoClear mb-12 mt-10 rounded-md border-2 border-gray-100 py-7 shadow-xl md:py-6\">\n<div class=\"flex flex-wrap justify-between px-7 text-black no-underline md:flex-nowrap md:px-8\">\n<div class=\"order-1 mx-auto flex flex-col justify-center md:order-2 md:ml-4 md:w-full md:grow\">\n<div class=\"block cursor-pointer text-center font-akshar text-2xl font-medium leading-7 text-brand-green duration-200 ease-in-out hover:text-brand-green-700 md:text-left md:text-xl md:leading-6\">Blink Outdoor 4 comme neuf\n                <\/div>\n<div class=\"mt-4 hidden md:flex md:justify-between\">\n<div class=\"self-end\">\n<div class=\"mb-0 h-11 md:flex md:flex-col md:justify-center\">\n<div class=\" font-sans leading-4 text-black\">\n<div class=\"flex flex-wrap items-center justify-center gap-1 md:justify-start\">\n        <span class=\"font-bold\"><\/p>\n<p>            62,99\u00a0$<br \/>\n                            <span class=\"font-medium\">chez Amazon<\/span><br \/>\n                    <\/span>\n            <\/div>\n<div class=\"flex items-center justify-center gap-x-1 font-bold md:justify-start\">\n            <span class=\"text-sm line-through\">164,99\u00a0$<\/span><br \/>\n            <span class=\"text-sm text-brand-green\">\u00c9conomisez 102,00\u00a0$<\/span>\n        <\/div>\n<\/p><\/div>\n<\/p><\/div>\n<\/p><\/div>\n<div class=\"w-44 self-end\">\n                            <button class=\"flex justify-center items-center w-full bg-brand-green text-white text-base font-sans font-medium rounded-md hover:bg-brand-green-700 hover:cursor-pointer md:text-sm h-11\"><\/p>\n<p>    Obtenez une offre<br \/>\n<\/button>\n                        <\/div>\n<\/p><\/div>\n<\/p><\/div>\n<div class=\"order-2 mt-5 h-auto w-full md:order-1 md:mt-0 md:hidden\">\n<div class=\"flex aspect-video items-center justify-center\">\n                                            <img decoding=\"async\" class=\"m-0 max-h-full max-w-full rounded-md\" src=\"https:\/\/vieassociative.be\/actualites\/wp-content\/uploads\/2025\/10\/Ce-pack-de-deux-cameras-de-securite-exterieures-Blink-est.jpg\" alt=\"Comme nouveau Blink Outdoor 4 (4e g\u00e9n\u00e9ration) \u2013 Cam\u00e9ra de s\u00e9curit\u00e9 intelligente sans fil, autonomie de deux ans, audio bidirectionnel, visualisation en direct HD, d\u00e9tection de mouvement am\u00e9lior\u00e9e, fonctionne avec Alexa \u2013 Syst\u00e8me \u00e0 2 cam\u00e9ras\" width=\"auto\" height=\"auto\" loading=\"lazy\">\n                                    <\/div>\n<\/p><\/div>\n<div class=\"order-2 ml-2 hidden w-32 shrink-0 items-center md:order-1 md:ml-0 md:flex\">\n<div class=\"flex aspect-video items-center justify-center\">\n                                            <img decoding=\"async\" class=\"m-0 max-h-full max-w-full rounded-md\" src=\"https:\/\/vieassociative.be\/actualites\/wp-content\/uploads\/2025\/10\/Ce-pack-de-deux-cameras-de-securite-exterieures-Blink-est.jpg\" alt=\"Comme nouveau Blink Outdoor 4 (4e g\u00e9n\u00e9ration) \u2013 Cam\u00e9ra de s\u00e9curit\u00e9 intelligente sans fil, autonomie de deux ans, audio bidirectionnel, visualisation en direct HD, d\u00e9tection de mouvement am\u00e9lior\u00e9e, fonctionne avec Alexa \u2013 Syst\u00e8me \u00e0 2 cam\u00e9ras\" width=\"auto\" height=\"auto\" loading=\"lazy\">\n                                    <\/div>\n<\/p><\/div>\n<div class=\"order-3 flex grow flex-wrap md:hidden md:grow-0\">\n<div class=\"mt-4 w-full\">\n                        <button class=\"flex justify-center items-center w-full bg-brand-green text-white text-base font-sans font-medium rounded-md hover:bg-brand-green-700 hover:cursor-pointer md:text-sm h-11\"><\/p>\n<p>    Obtenez une offre<br \/>\n<\/button>\n                    <\/div>\n<div class=\"mx-2 mt-4 w-full\">\n<div class=\" font-sans leading-4 text-black\">\n<div class=\"flex flex-wrap items-center justify-center gap-1 md:justify-start\">\n        <span class=\"font-bold\"><\/p>\n<p>            62,99\u00a0$<br \/>\n                            <span class=\"font-medium\">chez Amazon<\/span><br \/>\n                    <\/span>\n            <\/div>\n<div class=\"flex items-center justify-center gap-x-1 font-bold md:justify-start\">\n            <span class=\"text-sm line-through\">164,99\u00a0$<\/span><br \/>\n            <span class=\"text-sm text-brand-green\">\u00c9conomisez 102,00\u00a0$<\/span>\n        <\/div>\n<\/p><\/div>\n<\/p><\/div>\n<\/p><\/div>\n<\/p><\/div>\n<\/div>\n<p>C&rsquo;est un moyen simple de commencer \u00e0 cr\u00e9er une configuration de cam\u00e9ra de base aliment\u00e9e par batterie, sans les tracas ni le co\u00fbt d&rsquo;une installation professionnelle. Ces unit\u00e9s remises \u00e0 neuf \u00ab comme neuves \u00bb ont \u00e9t\u00e9 enti\u00e8rement test\u00e9es et inspect\u00e9es dans le cadre du programme de remise \u00e0 neuf certifi\u00e9 d&rsquo;Amazon, vous obtenez donc de solides performances \u00e0 une fraction du prix.<\/p>\n<p>Chaque cam\u00e9ra Blink Outdoor 4 fonctionne avec deux piles au lithium AA qui peuvent durer jusqu&rsquo;\u00e0 deux ans, ce qui vous permet de l&rsquo;installer et de l&rsquo;oublier pendant un moment. Ils sont enti\u00e8rement sans fil et r\u00e9sistants aux intemp\u00e9ries, ce qui signifie que vous pouvez les monter presque n&rsquo;importe o\u00f9 : sur le porche, dans la cour ou \u00e0 l&rsquo;int\u00e9rieur si vous souhaitez simplement surveiller un animal de compagnie. La cam\u00e9ra enregistre en 1080p et prend en charge l&rsquo;audio bidirectionnel, afin que vous puissiez voir et parler \u00e0 toute personne se trouvant devant votre porte. La d\u00e9tection de mouvement d\u00e9clenche des alertes instantan\u00e9es sur votre t\u00e9l\u00e9phone et le champ de vision de 143 degr\u00e9s vous donne un large aper\u00e7u de ce qui se passe. Vous pouvez \u00e9galement afficher un flux en direct jusqu&rsquo;\u00e0 cinq minutes \u00e0 la fois sans abonnement. Le module de synchronisation 2 inclus prend en charge le stockage local via USB et peut g\u00e9rer jusqu&rsquo;\u00e0 10 cam\u00e9ras \u00e0 la fois, vous \u00e9vitant ainsi de d\u00e9pendre uniquement des forfaits cloud.<\/p>\n<p>Cela dit, vous aurez besoin d&rsquo;un abonnement Blink pour d\u00e9bloquer toutes les fonctionnalit\u00e9s intelligentes. Le plan Blink Basic co\u00fbte 40 $ par an pour un appareil, tandis que le plan Blink Plus \u00e0 120 $ par an couvre un nombre illimit\u00e9 de cam\u00e9ras et ajoute des avantages tels que la d\u00e9tection de personnes et un historique vid\u00e9o \u00e9tendu. Le syst\u00e8me s&rsquo;int\u00e8gre parfaitement \u00e0 Amazon Alexa, vous permettant d&rsquo;afficher des flux en direct sur un Echo Show ou Fire TV. Cependant, il ne prend pas en charge Google Home ou Apple HomeKit, ce qui pourrait constituer un probl\u00e8me si vous investissez dans ces \u00e9cosyst\u00e8mes. N\u00e9anmoins, pour moins de 65 $, vous obtenez deux cam\u00e9ras pr\u00eates pour l&rsquo;ext\u00e9rieur, un stockage local et une configuration facile \u00e0 utiliser.<\/p>\n<hr>\n","protected":false},"excerpt":{"rendered":"<p>Pour quiconque teste le terrain en mati\u00e8re de s\u00e9curit\u00e9 domestique, cet accord est une fa\u00e7on de commencer \u00e0 faible risque. Saviez-vous que vous pouvez personnaliser<\/p>\n","protected":false},"author":1,"featured_media":10726,"comment_status":"","ping_status":"","sticky":false,"template":"","format":"standard","meta":{"footnotes":""},"categories":[13],"tags":[1486,3519,114,76,3520,1429,7248,308,151],"class_list":["post-10725","post","type-post","status-publish","format-standard","has-post-thumbnail","hentry","category-technologie","tag-blink","tag-cameras","tag-deux","tag-est","tag-exterieures","tag-moment","tag-pack","tag-reduction","tag-securite","generate-columns","tablet-grid-50","mobile-grid-100","grid-parent","grid-33"],"yoast_head":"<!-- This site is optimized with the Yoast SEO plugin v24.0 - https:\/\/yoast.com\/wordpress\/plugins\/seo\/ -->\n<title>Ce pack de deux cam\u00e9ras de s\u00e9curit\u00e9 ext\u00e9rieures Blink est \u00e0 100 $ de r\u00e9duction en ce moment | Vie Associative<\/title>\n<meta name=\"robots\" content=\"index, follow, max-snippet:-1, max-image-preview:large, max-video-preview:-1\" \/>\n<link rel=\"canonical\" href=\"https:\/\/vieassociative.be\/actualites\/ce-pack-de-deux-cameras-de-securite-exterieures-blink-est-a-100-de-reduction-en-ce-moment\/\" \/>\n<meta property=\"og:locale\" content=\"fr_FR\" \/>\n<meta property=\"og:type\" content=\"article\" \/>\n<meta property=\"og:title\" content=\"Ce pack de deux cam\u00e9ras de s\u00e9curit\u00e9 ext\u00e9rieures Blink est \u00e0 100 $ de r\u00e9duction en ce moment | Vie Associative\" \/>\n<meta property=\"og:description\" content=\"Pour quiconque teste le terrain en mati\u00e8re de s\u00e9curit\u00e9 domestique, cet accord est une fa\u00e7on de commencer \u00e0 faible risque. Saviez-vous que vous pouvez personnaliser\" \/>\n<meta property=\"og:url\" content=\"https:\/\/vieassociative.be\/actualites\/ce-pack-de-deux-cameras-de-securite-exterieures-blink-est-a-100-de-reduction-en-ce-moment\/\" \/>\n<meta property=\"og:site_name\" content=\"Vie Associative\" \/>\n<meta property=\"article:published_time\" content=\"2025-10-17T13:17:27+00:00\" \/>\n<meta property=\"og:image\" content=\"https:\/\/vieassociative.be\/actualites\/wp-content\/uploads\/2025\/10\/Ce-pack-de-deux-cameras-de-securite-exterieures-Blink-est.jpg\" \/>\n<meta name=\"author\" content=\"Julien\" \/>\n<meta name=\"twitter:card\" content=\"summary_large_image\" \/>\n<meta name=\"twitter:label1\" content=\"\u00c9crit par\" \/>\n\t<meta name=\"twitter:data1\" content=\"Julien\" \/>\n\t<meta name=\"twitter:label2\" content=\"Dur\u00e9e de lecture est.\" \/>\n\t<meta name=\"twitter:data2\" content=\"3 minutes\" \/>\n<script type=\"application\/ld+json\" class=\"yoast-schema-graph\">{\"@context\":\"https:\/\/schema.org\",\"@graph\":[{\"@type\":\"Article\",\"@id\":\"https:\/\/vieassociative.be\/actualites\/ce-pack-de-deux-cameras-de-securite-exterieures-blink-est-a-100-de-reduction-en-ce-moment\/#article\",\"isPartOf\":{\"@id\":\"https:\/\/vieassociative.be\/actualites\/ce-pack-de-deux-cameras-de-securite-exterieures-blink-est-a-100-de-reduction-en-ce-moment\/\"},\"author\":{\"name\":\"Julien\",\"@id\":\"https:\/\/vieassociative.be\/actualites\/#\/schema\/person\/b87ac4f82f9d4e7b7cec7395b679edc4\"},\"headline\":\"Ce pack de deux cam\u00e9ras de s\u00e9curit\u00e9 ext\u00e9rieures Blink est \u00e0 100 $ de r\u00e9duction en ce moment\",\"datePublished\":\"2025-10-17T13:17:27+00:00\",\"dateModified\":\"2025-10-17T13:17:27+00:00\",\"mainEntityOfPage\":{\"@id\":\"https:\/\/vieassociative.be\/actualites\/ce-pack-de-deux-cameras-de-securite-exterieures-blink-est-a-100-de-reduction-en-ce-moment\/\"},\"wordCount\":548,\"publisher\":{\"@id\":\"https:\/\/vieassociative.be\/actualites\/#organization\"},\"image\":{\"@id\":\"https:\/\/vieassociative.be\/actualites\/ce-pack-de-deux-cameras-de-securite-exterieures-blink-est-a-100-de-reduction-en-ce-moment\/#primaryimage\"},\"thumbnailUrl\":\"https:\/\/vieassociative.be\/actualites\/wp-content\/uploads\/2025\/10\/Ce-pack-de-deux-cameras-de-securite-exterieures-Blink-est.png\",\"keywords\":[\"Blink\",\"cam\u00e9ras\",\"deux\",\"est\",\"ext\u00e9rieures\",\"moment\",\"pack\",\"r\u00e9duction\",\"s\u00e9curit\u00e9\"],\"articleSection\":[\"Technologie\"],\"inLanguage\":\"fr-BE\"},{\"@type\":\"WebPage\",\"@id\":\"https:\/\/vieassociative.be\/actualites\/ce-pack-de-deux-cameras-de-securite-exterieures-blink-est-a-100-de-reduction-en-ce-moment\/\",\"url\":\"https:\/\/vieassociative.be\/actualites\/ce-pack-de-deux-cameras-de-securite-exterieures-blink-est-a-100-de-reduction-en-ce-moment\/\",\"name\":\"Ce pack de deux cam\u00e9ras de s\u00e9curit\u00e9 ext\u00e9rieures Blink est \u00e0 100 $ de r\u00e9duction en ce moment | Vie Associative\",\"isPartOf\":{\"@id\":\"https:\/\/vieassociative.be\/actualites\/#website\"},\"primaryImageOfPage\":{\"@id\":\"https:\/\/vieassociative.be\/actualites\/ce-pack-de-deux-cameras-de-securite-exterieures-blink-est-a-100-de-reduction-en-ce-moment\/#primaryimage\"},\"image\":{\"@id\":\"https:\/\/vieassociative.be\/actualites\/ce-pack-de-deux-cameras-de-securite-exterieures-blink-est-a-100-de-reduction-en-ce-moment\/#primaryimage\"},\"thumbnailUrl\":\"https:\/\/vieassociative.be\/actualites\/wp-content\/uploads\/2025\/10\/Ce-pack-de-deux-cameras-de-securite-exterieures-Blink-est.png\",\"datePublished\":\"2025-10-17T13:17:27+00:00\",\"dateModified\":\"2025-10-17T13:17:27+00:00\",\"breadcrumb\":{\"@id\":\"https:\/\/vieassociative.be\/actualites\/ce-pack-de-deux-cameras-de-securite-exterieures-blink-est-a-100-de-reduction-en-ce-moment\/#breadcrumb\"},\"inLanguage\":\"fr-BE\",\"potentialAction\":[{\"@type\":\"ReadAction\",\"target\":[\"https:\/\/vieassociative.be\/actualites\/ce-pack-de-deux-cameras-de-securite-exterieures-blink-est-a-100-de-reduction-en-ce-moment\/\"]}]},{\"@type\":\"ImageObject\",\"inLanguage\":\"fr-BE\",\"@id\":\"https:\/\/vieassociative.be\/actualites\/ce-pack-de-deux-cameras-de-securite-exterieures-blink-est-a-100-de-reduction-en-ce-moment\/#primaryimage\",\"url\":\"https:\/\/vieassociative.be\/actualites\/wp-content\/uploads\/2025\/10\/Ce-pack-de-deux-cameras-de-securite-exterieures-Blink-est.png\",\"contentUrl\":\"https:\/\/vieassociative.be\/actualites\/wp-content\/uploads\/2025\/10\/Ce-pack-de-deux-cameras-de-securite-exterieures-Blink-est.png\",\"width\":1200,\"height\":675,\"caption\":\"Ce pack de deux cam\u00e9ras de s\u00e9curit\u00e9 ext\u00e9rieures Blink est \u00e0 100 $ de r\u00e9duction en ce moment\"},{\"@type\":\"BreadcrumbList\",\"@id\":\"https:\/\/vieassociative.be\/actualites\/ce-pack-de-deux-cameras-de-securite-exterieures-blink-est-a-100-de-reduction-en-ce-moment\/#breadcrumb\",\"itemListElement\":[{\"@type\":\"ListItem\",\"position\":1,\"name\":\"Accueil\",\"item\":\"https:\/\/vieassociative.be\/actualites\/\"},{\"@type\":\"ListItem\",\"position\":2,\"name\":\"Ce pack de deux cam\u00e9ras de s\u00e9curit\u00e9 ext\u00e9rieures Blink est \u00e0 100 $ de r\u00e9duction en ce moment\"}]},{\"@type\":\"WebSite\",\"@id\":\"https:\/\/vieassociative.be\/actualites\/#website\",\"url\":\"https:\/\/vieassociative.be\/actualites\/\",\"name\":\"Vie Associative\",\"description\":\"\",\"publisher\":{\"@id\":\"https:\/\/vieassociative.be\/actualites\/#organization\"},\"potentialAction\":[{\"@type\":\"SearchAction\",\"target\":{\"@type\":\"EntryPoint\",\"urlTemplate\":\"https:\/\/vieassociative.be\/actualites\/?s={search_term_string}\"},\"query-input\":{\"@type\":\"PropertyValueSpecification\",\"valueRequired\":true,\"valueName\":\"search_term_string\"}}],\"inLanguage\":\"fr-BE\"},{\"@type\":\"Organization\",\"@id\":\"https:\/\/vieassociative.be\/actualites\/#organization\",\"name\":\"Vie Associative\",\"url\":\"https:\/\/vieassociative.be\/actualites\/\",\"logo\":{\"@type\":\"ImageObject\",\"inLanguage\":\"fr-BE\",\"@id\":\"https:\/\/vieassociative.be\/actualites\/#\/schema\/logo\/image\/\",\"url\":\"https:\/\/vieassociative.be\/actualites\/wp-content\/uploads\/2024\/09\/cropped-vieassociative_favicon.ico.png\",\"contentUrl\":\"https:\/\/vieassociative.be\/actualites\/wp-content\/uploads\/2024\/09\/cropped-vieassociative_favicon.ico.png\",\"width\":512,\"height\":512,\"caption\":\"Vie Associative\"},\"image\":{\"@id\":\"https:\/\/vieassociative.be\/actualites\/#\/schema\/logo\/image\/\"}},{\"@type\":\"Person\",\"@id\":\"https:\/\/vieassociative.be\/actualites\/#\/schema\/person\/b87ac4f82f9d4e7b7cec7395b679edc4\",\"name\":\"Julien\",\"image\":{\"@type\":\"ImageObject\",\"inLanguage\":\"fr-BE\",\"@id\":\"https:\/\/vieassociative.be\/actualites\/#\/schema\/person\/image\/\",\"url\":\"https:\/\/vieassociative.be\/actualites\/wp-content\/uploads\/2024\/09\/vie-associative-1-150x150.jpg\",\"contentUrl\":\"https:\/\/vieassociative.be\/actualites\/wp-content\/uploads\/2024\/09\/vie-associative-1-150x150.jpg\",\"caption\":\"Julien\"},\"description\":\"Je suis Julien, r\u00e9dacteur pour Vie Associative. Passionn\u00e9 par le monde associatif depuis plus de 10 ans, j'ai \u00e0 c\u0153ur de partager des histoires inspirantes et de mettre en lumi\u00e8re les initiatives locales. Mon objectif est de sensibiliser et d'encourager l'engagement communautaire \u00e0 travers mes articles.\",\"sameAs\":[\"https:\/\/vieassociative.be\/\"]}]}<\/script>\n<!-- \/ Yoast SEO plugin. -->","yoast_head_json":{"title":"Ce pack de deux cam\u00e9ras de s\u00e9curit\u00e9 ext\u00e9rieures Blink est \u00e0 100 $ de r\u00e9duction en ce moment | Vie Associative","robots":{"index":"index","follow":"follow","max-snippet":"max-snippet:-1","max-image-preview":"max-image-preview:large","max-video-preview":"max-video-preview:-1"},"canonical":"https:\/\/vieassociative.be\/actualites\/ce-pack-de-deux-cameras-de-securite-exterieures-blink-est-a-100-de-reduction-en-ce-moment\/","og_locale":"fr_FR","og_type":"article","og_title":"Ce pack de deux cam\u00e9ras de s\u00e9curit\u00e9 ext\u00e9rieures Blink est \u00e0 100 $ de r\u00e9duction en ce moment | Vie Associative","og_description":"Pour quiconque teste le terrain en mati\u00e8re de s\u00e9curit\u00e9 domestique, cet accord est une fa\u00e7on de commencer \u00e0 faible risque. Saviez-vous que vous pouvez personnaliser","og_url":"https:\/\/vieassociative.be\/actualites\/ce-pack-de-deux-cameras-de-securite-exterieures-blink-est-a-100-de-reduction-en-ce-moment\/","og_site_name":"Vie Associative","article_published_time":"2025-10-17T13:17:27+00:00","og_image":[{"url":"https:\/\/vieassociative.be\/actualites\/wp-content\/uploads\/2025\/10\/Ce-pack-de-deux-cameras-de-securite-exterieures-Blink-est.jpg","type":"","width":"","height":""}],"author":"Julien","twitter_card":"summary_large_image","twitter_misc":{"\u00c9crit par":"Julien","Dur\u00e9e de lecture est.":"3 minutes"},"schema":{"@context":"https:\/\/schema.org","@graph":[{"@type":"Article","@id":"https:\/\/vieassociative.be\/actualites\/ce-pack-de-deux-cameras-de-securite-exterieures-blink-est-a-100-de-reduction-en-ce-moment\/#article","isPartOf":{"@id":"https:\/\/vieassociative.be\/actualites\/ce-pack-de-deux-cameras-de-securite-exterieures-blink-est-a-100-de-reduction-en-ce-moment\/"},"author":{"name":"Julien","@id":"https:\/\/vieassociative.be\/actualites\/#\/schema\/person\/b87ac4f82f9d4e7b7cec7395b679edc4"},"headline":"Ce pack de deux cam\u00e9ras de s\u00e9curit\u00e9 ext\u00e9rieures Blink est \u00e0 100 $ de r\u00e9duction en ce moment","datePublished":"2025-10-17T13:17:27+00:00","dateModified":"2025-10-17T13:17:27+00:00","mainEntityOfPage":{"@id":"https:\/\/vieassociative.be\/actualites\/ce-pack-de-deux-cameras-de-securite-exterieures-blink-est-a-100-de-reduction-en-ce-moment\/"},"wordCount":548,"publisher":{"@id":"https:\/\/vieassociative.be\/actualites\/#organization"},"image":{"@id":"https:\/\/vieassociative.be\/actualites\/ce-pack-de-deux-cameras-de-securite-exterieures-blink-est-a-100-de-reduction-en-ce-moment\/#primaryimage"},"thumbnailUrl":"https:\/\/vieassociative.be\/actualites\/wp-content\/uploads\/2025\/10\/Ce-pack-de-deux-cameras-de-securite-exterieures-Blink-est.png","keywords":["Blink","cam\u00e9ras","deux","est","ext\u00e9rieures","moment","pack","r\u00e9duction","s\u00e9curit\u00e9"],"articleSection":["Technologie"],"inLanguage":"fr-BE"},{"@type":"WebPage","@id":"https:\/\/vieassociative.be\/actualites\/ce-pack-de-deux-cameras-de-securite-exterieures-blink-est-a-100-de-reduction-en-ce-moment\/","url":"https:\/\/vieassociative.be\/actualites\/ce-pack-de-deux-cameras-de-securite-exterieures-blink-est-a-100-de-reduction-en-ce-moment\/","name":"Ce pack de deux cam\u00e9ras de s\u00e9curit\u00e9 ext\u00e9rieures Blink est \u00e0 100 $ de r\u00e9duction en ce moment | Vie Associative","isPartOf":{"@id":"https:\/\/vieassociative.be\/actualites\/#website"},"primaryImageOfPage":{"@id":"https:\/\/vieassociative.be\/actualites\/ce-pack-de-deux-cameras-de-securite-exterieures-blink-est-a-100-de-reduction-en-ce-moment\/#primaryimage"},"image":{"@id":"https:\/\/vieassociative.be\/actualites\/ce-pack-de-deux-cameras-de-securite-exterieures-blink-est-a-100-de-reduction-en-ce-moment\/#primaryimage"},"thumbnailUrl":"https:\/\/vieassociative.be\/actualites\/wp-content\/uploads\/2025\/10\/Ce-pack-de-deux-cameras-de-securite-exterieures-Blink-est.png","datePublished":"2025-10-17T13:17:27+00:00","dateModified":"2025-10-17T13:17:27+00:00","breadcrumb":{"@id":"https:\/\/vieassociative.be\/actualites\/ce-pack-de-deux-cameras-de-securite-exterieures-blink-est-a-100-de-reduction-en-ce-moment\/#breadcrumb"},"inLanguage":"fr-BE","potentialAction":[{"@type":"ReadAction","target":["https:\/\/vieassociative.be\/actualites\/ce-pack-de-deux-cameras-de-securite-exterieures-blink-est-a-100-de-reduction-en-ce-moment\/"]}]},{"@type":"ImageObject","inLanguage":"fr-BE","@id":"https:\/\/vieassociative.be\/actualites\/ce-pack-de-deux-cameras-de-securite-exterieures-blink-est-a-100-de-reduction-en-ce-moment\/#primaryimage","url":"https:\/\/vieassociative.be\/actualites\/wp-content\/uploads\/2025\/10\/Ce-pack-de-deux-cameras-de-securite-exterieures-Blink-est.png","contentUrl":"https:\/\/vieassociative.be\/actualites\/wp-content\/uploads\/2025\/10\/Ce-pack-de-deux-cameras-de-securite-exterieures-Blink-est.png","width":1200,"height":675,"caption":"Ce pack de deux cam\u00e9ras de s\u00e9curit\u00e9 ext\u00e9rieures Blink est \u00e0 100 $ de r\u00e9duction en ce moment"},{"@type":"BreadcrumbList","@id":"https:\/\/vieassociative.be\/actualites\/ce-pack-de-deux-cameras-de-securite-exterieures-blink-est-a-100-de-reduction-en-ce-moment\/#breadcrumb","itemListElement":[{"@type":"ListItem","position":1,"name":"Accueil","item":"https:\/\/vieassociative.be\/actualites\/"},{"@type":"ListItem","position":2,"name":"Ce pack de deux cam\u00e9ras de s\u00e9curit\u00e9 ext\u00e9rieures Blink est \u00e0 100 $ de r\u00e9duction en ce moment"}]},{"@type":"WebSite","@id":"https:\/\/vieassociative.be\/actualites\/#website","url":"https:\/\/vieassociative.be\/actualites\/","name":"Vie Associative","description":"","publisher":{"@id":"https:\/\/vieassociative.be\/actualites\/#organization"},"potentialAction":[{"@type":"SearchAction","target":{"@type":"EntryPoint","urlTemplate":"https:\/\/vieassociative.be\/actualites\/?s={search_term_string}"},"query-input":{"@type":"PropertyValueSpecification","valueRequired":true,"valueName":"search_term_string"}}],"inLanguage":"fr-BE"},{"@type":"Organization","@id":"https:\/\/vieassociative.be\/actualites\/#organization","name":"Vie Associative","url":"https:\/\/vieassociative.be\/actualites\/","logo":{"@type":"ImageObject","inLanguage":"fr-BE","@id":"https:\/\/vieassociative.be\/actualites\/#\/schema\/logo\/image\/","url":"https:\/\/vieassociative.be\/actualites\/wp-content\/uploads\/2024\/09\/cropped-vieassociative_favicon.ico.png","contentUrl":"https:\/\/vieassociative.be\/actualites\/wp-content\/uploads\/2024\/09\/cropped-vieassociative_favicon.ico.png","width":512,"height":512,"caption":"Vie Associative"},"image":{"@id":"https:\/\/vieassociative.be\/actualites\/#\/schema\/logo\/image\/"}},{"@type":"Person","@id":"https:\/\/vieassociative.be\/actualites\/#\/schema\/person\/b87ac4f82f9d4e7b7cec7395b679edc4","name":"Julien","image":{"@type":"ImageObject","inLanguage":"fr-BE","@id":"https:\/\/vieassociative.be\/actualites\/#\/schema\/person\/image\/","url":"https:\/\/vieassociative.be\/actualites\/wp-content\/uploads\/2024\/09\/vie-associative-1-150x150.jpg","contentUrl":"https:\/\/vieassociative.be\/actualites\/wp-content\/uploads\/2024\/09\/vie-associative-1-150x150.jpg","caption":"Julien"},"description":"Je suis Julien, r\u00e9dacteur pour Vie Associative. Passionn\u00e9 par le monde associatif depuis plus de 10 ans, j'ai \u00e0 c\u0153ur de partager des histoires inspirantes et de mettre en lumi\u00e8re les initiatives locales. Mon objectif est de sensibiliser et d'encourager l'engagement communautaire \u00e0 travers mes articles.","sameAs":["https:\/\/vieassociative.be\/"]}]}},"_links":{"self":[{"href":"https:\/\/vieassociative.be\/actualites\/wp-json\/wp\/v2\/posts\/10725"}],"collection":[{"href":"https:\/\/vieassociative.be\/actualites\/wp-json\/wp\/v2\/posts"}],"about":[{"href":"https:\/\/vieassociative.be\/actualites\/wp-json\/wp\/v2\/types\/post"}],"author":[{"embeddable":true,"href":"https:\/\/vieassociative.be\/actualites\/wp-json\/wp\/v2\/users\/1"}],"replies":[{"embeddable":true,"href":"https:\/\/vieassociative.be\/actualites\/wp-json\/wp\/v2\/comments?post=10725"}],"version-history":[{"count":0,"href":"https:\/\/vieassociative.be\/actualites\/wp-json\/wp\/v2\/posts\/10725\/revisions"}],"wp:featuredmedia":[{"embeddable":true,"href":"https:\/\/vieassociative.be\/actualites\/wp-json\/wp\/v2\/media\/10726"}],"wp:attachment":[{"href":"https:\/\/vieassociative.be\/actualites\/wp-json\/wp\/v2\/media?parent=10725"}],"wp:term":[{"taxonomy":"category","embeddable":true,"href":"https:\/\/vieassociative.be\/actualites\/wp-json\/wp\/v2\/categories?post=10725"},{"taxonomy":"post_tag","embeddable":true,"href":"https:\/\/vieassociative.be\/actualites\/wp-json\/wp\/v2\/tags?post=10725"}],"curies":[{"name":"wp","href":"https:\/\/api.w.org\/{rel}","templated":true}]}}