{"id":10721,"date":"2025-10-17T10:17:07","date_gmt":"2025-10-17T08:17:07","guid":{"rendered":"https:\/\/vieassociative.be\/actualites\/taz-premier-quotidien-national-allemand-paraitra-vendredi-pour-la-derniere-fois-sur-papier\/"},"modified":"2025-10-17T10:17:07","modified_gmt":"2025-10-17T08:17:07","slug":"taz-premier-quotidien-national-allemand-paraitra-vendredi-pour-la-derniere-fois-sur-papier","status":"publish","type":"post","link":"https:\/\/vieassociative.be\/actualites\/taz-premier-quotidien-national-allemand-paraitra-vendredi-pour-la-derniere-fois-sur-papier\/","title":{"rendered":"\u00ab Taz \u00bb, premier quotidien national allemand, para\u00eetra vendredi pour la derni\u00e8re fois sur papier."},"content":{"rendered":"<p><strong>En tant que premier quotidien national d&rsquo;Allemagne, le \u00ab taz \u00bb para\u00eetra ce vendredi pour la derni\u00e8re fois sur papier en semaine. \u00c0 partir du lundi 20 octobre, le quotidien de gauche s&rsquo;appuiera sur des formats num\u00e9riques tels que les e-papers et les reportages en ligne pendant la semaine. Le \u00ab wochentaz \u00bb, qui para\u00eet le samedi, continuera \u00e0 \u00eatre disponible sous forme imprim\u00e9e.<\/strong><\/p>\n<p><span id=\"more-427280\"><\/span>Les \u00e9diteurs et les \u00e9quipes \u00e9ditoriales discutent depuis des ann\u00e9es de la dur\u00e9e pendant laquelle les \u00e9ditions imprim\u00e9es des journaux vont valoir la peine et de la dur\u00e9e pendant laquelle la demande des lecteurs persistera. Le geste de \u00ab\u00a0Tag\u00a0\u00bb pourrait \u00e9galement \u00eatre un signal pour d\u2019autres m\u00e9dias imprim\u00e9s.<\/p>\n<p>\u00ab\u00a0Nous le faisons en position de force, nous changeons parce que nous pouvons changer et non parce que nous sommes en crise\u00a0\u00bb, a d\u00e9clar\u00e9 la r\u00e9dactrice en chef Barbara Junge de l&rsquo;agence de presse allemande. \u00ab Dans cette situation sociale critique, des m\u00e9dias de qualit\u00e9 sont indispensables ; ils font partie et soutiennent la culture d\u00e9mocratique et antifasciste. \u00bb<\/p>\n<div id=\"attachment_427297\" class=\"wp-caption alignleft\" style=\"max-width: 300px\"><img fetchpriority=\"high\" decoding=\"async\" class=\"wp-image-427297 size-medium\" src=\"https:\/\/vieassociative.be\/actualites\/wp-content\/uploads\/2025\/10\/Taz-premier-quotidien-national-allemand-paraitra-vendredi-pour.jpg\" alt=\"\" width=\"300\" height=\"203\"><\/div>\n<p>Cette d\u00e9cision marque la fin d\u2019un chapitre de l\u2019histoire du journal, qui fait partie int\u00e9grante du paysage m\u00e9diatique de gauche depuis sa cr\u00e9ation en 1978. Peu de pages de journaux allemands ont suscit\u00e9 autant de r\u00e9actions que la Une du \u00ab taz \u00bb, tant\u00f4t indign\u00e9es, tant\u00f4t enthousiastes, souvent souriantes. Pendant des d\u00e9cennies, il a \u00e9t\u00e9 \u00e0 la fois un terrain de jeu et un porte-parole, avec des titres pointus tels que \u00ab Black Lives Matter \u00bb, \u00ab L\u2019Allemagne \u00e9lit grand-p\u00e8re contre la gauche \u00bb (apr\u00e8s l\u2019\u00e9lection de Friedrich Merz au poste de chancelier) ou \u00ab C\u2019est une fille \u00bb (apr\u00e8s la premi\u00e8re victoire \u00e9lectorale d\u2019Angela Merkel).<\/p>\n<p>Les images de couverture bien connues doivent rester des marques d\u00e9pos\u00e9es. De nombreux lecteurs ont d&rsquo;abord c\u00e9l\u00e9br\u00e9 le \u00ab taz \u00bb \u00e0 cause de sa page 1, explique Junge. \u00abMaintenant, nous sommes confront\u00e9s au d\u00e9fi de transf\u00e9rer cette acuit\u00e9, cet humour sur taz.de.\u00bb<\/p>\n<\/p>\n<div id=\"attachment_427298\" class=\"wp-caption alignnone\" style=\"max-width: 209px\"><img decoding=\"async\" class=\"size-medium wp-image-427298\" src=\"https:\/\/vieassociative.be\/actualites\/wp-content\/uploads\/2025\/10\/1760689027_497_Taz-premier-quotidien-national-allemand-paraitra-vendredi-pour.jpg\" alt=\"\" width=\"209\" height=\"300\"  ><\/div>\n<p>Les \u00e9diteurs et les \u00e9quipes \u00e9ditoriales discutent depuis des ann\u00e9es de la dur\u00e9e pendant laquelle les \u00e9ditions imprim\u00e9es des journaux vont valoir la peine et de la dur\u00e9e pendant laquelle la demande des lecteurs persistera. Ces derni\u00e8res ann\u00e9es, les entreprises m\u00e9diatiques ont \u00e9largi leur offre num\u00e9rique.<\/p>\n<p>L&rsquo;initiative de \u00ab taz \u00bb, adoss\u00e9 \u00e0 une coop\u00e9rative, \u00e9tait visible depuis un certain temps. Depuis novembre 2022, un hebdomadaire para\u00eet le samedi. Il continuera \u00e0 para\u00eetre sous forme imprim\u00e9e. Il est disponible \u00e0 la vente pendant une semaine et remplace \u00e9galement l&rsquo;\u00e9dition du week-end du quotidien.<\/p>\n<p>\u00c0 l&rsquo;avenir, le journal dont le si\u00e8ge est \u00e0 Berlin diffusera principalement des contenus actuels via son site Internet. Contrairement \u00e0 d\u2019autres \u00e9diteurs, la soci\u00e9t\u00e9 de presse n\u2019utilise pas de paywall. Le contenu est gratuit. Dans le m\u00eame temps, il existe un mod\u00e8le de solidarit\u00e9 dans lequel les utilisateurs peuvent d\u00e9cider s\u2019ils souhaitent payer pour le contenu et combien.<\/p>\n<p>Le \u00ab taz \u00bb s&rsquo;appuie sur un mod\u00e8le coop\u00e9ratif avec environ 23 000 membres et des paiements volontaires des lecteurs au lieu des revenus traditionnels provenant de la publicit\u00e9. \u00ab\u00a0Nous ne nous sommes jamais concentr\u00e9s sur la g\u00e9n\u00e9ration de contenu pour les moteurs de recherche, mais plut\u00f4t sur des reportages cibl\u00e9s dans une perspective de gauche. Cela a encore plus de succ\u00e8s en ligne que sur papier\u00a0\u00bb, d\u00e9clare Gottschalk. Le site Web re\u00e7oit d\u00e9sormais plus de 15 millions de visites par mois et le nombre de sympathisants via le mod\u00e8le \u00ab taz pay me \u00bb d\u00e9passe les 45 000.<\/p>\n<p>Le passage aux formats num\u00e9riques a \u00e9t\u00e9 d\u00e9lib\u00e9r\u00e9 et progressif. Selon la directrice g\u00e9n\u00e9rale Aline L\u00fcllmann, 59 pour cent des abonn\u00e9s au papier imprim\u00e9 ont d\u00e9j\u00e0 accept\u00e9 le passage au papier \u00e9lectronique. \u00ab Nous constatons clairement que nos ann\u00e9es de communication sur ce sujet portent leurs fruits \u00bb, a-t-elle d\u00e9clar\u00e9 \u00e0 dpa. Il n\u2019y a presque plus de lecteurs qui r\u00e9agissent avec indignation, mais plut\u00f4t avec d\u00e9ception et douleur de dire au revoir.<\/p>\n<div id=\"attachment_184231\" class=\"wp-caption alignleft\" style=\"max-width: 300px\"><img decoding=\"async\" class=\"wp-image-184231 size-medium\" src=\"https:\/\/vieassociative.be\/actualites\/wp-content\/uploads\/2025\/10\/Taz-premier-quotidien-national-allemand-paraitra-vendredi-pour.jpeg\" alt=\"\" width=\"300\" height=\"200\"  ><\/div>\n<p>Changement sans \u00ab perte de l&rsquo;\u00e2me journalistique \u00bb : la r\u00e9daction veut rester en place malgr\u00e9 la fin de l&rsquo;\u00e9dition papier en semaine. Les flux de travail doivent \u00eatre adapt\u00e9s, tandis que l&rsquo;\u00e9quipe \u00e9ditoriale reste inchang\u00e9e. \u00abNous voulons avant tout montrer qu&rsquo;un changement dans le paysage m\u00e9diatique actuel est possible sans perdre l&rsquo;\u00e2me journalistique\u00bb, d\u00e9clare L\u00fcllmann.<\/p>\n<p>L&rsquo;\u00e9dition imprim\u00e9e finale contiendra dix articles exclusifs &#8211; d&rsquo;auteurs tels que TC Boyle, Francesca Melandri, Fatma Aydemir, Sibylle Berg et Feridun Zaimoglu. Il est con\u00e7u de mani\u00e8re cr\u00e9ative par l&rsquo;artiste Christian Jankowski, qui met en sc\u00e8ne les travaux d&rsquo;\u00e9dition, d&rsquo;\u00e9dition et d&rsquo;impression. Pour la premi\u00e8re \u00e9dition num\u00e9rique du 20 octobre, l&rsquo;artiste Kerstin Br\u00e4tsch a cr\u00e9\u00e9 une \u0153uvre en peinture num\u00e9rique.<\/p>\n<p>Cette d\u00e9cision pourrait \u00eatre un signal pour l\u2019industrie. \u00abNous entendons souvent la remarque amicale selon laquelle nous sommes en quelque sorte le b\u00eata-test de l&rsquo;industrie\u00bb, d\u00e9clare L\u00fcllmann. \u00ab\u00a0Nous serions heureux que d&rsquo;autres entreprises m\u00e9diatiques trouvent \u00e9galement leurs propres solutions viables. Un paysage m\u00e9diatique diversifi\u00e9 et diff\u00e9renci\u00e9 est essentiel pour une d\u00e9mocratie dynamique.\u00a0\u00bb (dpa\/cr\u00e9)<\/p>\n","protected":false},"excerpt":{"rendered":"<p>En tant que premier quotidien national d&rsquo;Allemagne, le \u00ab taz \u00bb para\u00eetra ce vendredi pour la derni\u00e8re fois sur papier en semaine. \u00c0 partir du<\/p>\n","protected":false},"author":1,"featured_media":10722,"comment_status":"","ping_status":"","sticky":false,"template":"","format":"standard","meta":{"footnotes":""},"categories":[298],"tags":[2732,139,774,4580,854,8930,81,443,5962,33,8929,252],"class_list":["post-10721","post","type-post","status-publish","format-standard","has-post-thumbnail","hentry","category-belgique","tag-allemand","tag-derniere","tag-fois","tag-national","tag-papier","tag-paraitra","tag-pour","tag-premier","tag-quotidien","tag-sur","tag-taz","tag-vendredi","generate-columns","tablet-grid-50","mobile-grid-100","grid-parent","grid-33"],"yoast_head":"<!-- This site is optimized with the Yoast SEO plugin v24.0 - https:\/\/yoast.com\/wordpress\/plugins\/seo\/ -->\n<title>\u00ab Taz \u00bb, premier quotidien national allemand, para\u00eetra vendredi pour la derni\u00e8re fois sur papier. | Vie Associative<\/title>\n<meta name=\"robots\" content=\"index, follow, max-snippet:-1, max-image-preview:large, max-video-preview:-1\" \/>\n<link rel=\"canonical\" href=\"https:\/\/vieassociative.be\/actualites\/taz-premier-quotidien-national-allemand-paraitra-vendredi-pour-la-derniere-fois-sur-papier\/\" \/>\n<meta property=\"og:locale\" content=\"fr_FR\" \/>\n<meta property=\"og:type\" content=\"article\" \/>\n<meta property=\"og:title\" content=\"\u00ab Taz \u00bb, premier quotidien national allemand, para\u00eetra vendredi pour la derni\u00e8re fois sur papier. | Vie Associative\" \/>\n<meta property=\"og:description\" content=\"En tant que premier quotidien national d&rsquo;Allemagne, le \u00ab taz \u00bb para\u00eetra ce vendredi pour la derni\u00e8re fois sur papier en semaine. \u00c0 partir du\" \/>\n<meta property=\"og:url\" content=\"https:\/\/vieassociative.be\/actualites\/taz-premier-quotidien-national-allemand-paraitra-vendredi-pour-la-derniere-fois-sur-papier\/\" \/>\n<meta property=\"og:site_name\" content=\"Vie Associative\" \/>\n<meta property=\"article:published_time\" content=\"2025-10-17T08:17:07+00:00\" \/>\n<meta property=\"og:image\" content=\"https:\/\/vieassociative.be\/actualites\/wp-content\/uploads\/2024\/09\/header_backgroundk-01-e1726694325946.png\" \/>\n\t<meta property=\"og:image:width\" content=\"279\" \/>\n\t<meta property=\"og:image:height\" content=\"92\" \/>\n\t<meta property=\"og:image:type\" content=\"image\/png\" \/>\n<meta name=\"author\" content=\"Julien\" \/>\n<meta name=\"twitter:card\" content=\"summary_large_image\" \/>\n<meta name=\"twitter:label1\" content=\"\u00c9crit par\" \/>\n\t<meta name=\"twitter:data1\" content=\"Julien\" \/>\n\t<meta name=\"twitter:label2\" content=\"Dur\u00e9e de lecture est.\" \/>\n\t<meta name=\"twitter:data2\" content=\"4 minutes\" \/>\n<script type=\"application\/ld+json\" class=\"yoast-schema-graph\">{\"@context\":\"https:\/\/schema.org\",\"@graph\":[{\"@type\":\"Article\",\"@id\":\"https:\/\/vieassociative.be\/actualites\/taz-premier-quotidien-national-allemand-paraitra-vendredi-pour-la-derniere-fois-sur-papier\/#article\",\"isPartOf\":{\"@id\":\"https:\/\/vieassociative.be\/actualites\/taz-premier-quotidien-national-allemand-paraitra-vendredi-pour-la-derniere-fois-sur-papier\/\"},\"author\":{\"name\":\"Julien\",\"@id\":\"https:\/\/vieassociative.be\/actualites\/#\/schema\/person\/b87ac4f82f9d4e7b7cec7395b679edc4\"},\"headline\":\"\u00ab Taz \u00bb, premier quotidien national allemand, para\u00eetra vendredi pour la derni\u00e8re fois sur papier.\",\"datePublished\":\"2025-10-17T08:17:07+00:00\",\"dateModified\":\"2025-10-17T08:17:07+00:00\",\"mainEntityOfPage\":{\"@id\":\"https:\/\/vieassociative.be\/actualites\/taz-premier-quotidien-national-allemand-paraitra-vendredi-pour-la-derniere-fois-sur-papier\/\"},\"wordCount\":915,\"publisher\":{\"@id\":\"https:\/\/vieassociative.be\/actualites\/#organization\"},\"image\":{\"@id\":\"https:\/\/vieassociative.be\/actualites\/taz-premier-quotidien-national-allemand-paraitra-vendredi-pour-la-derniere-fois-sur-papier\/#primaryimage\"},\"thumbnailUrl\":\"https:\/\/vieassociative.be\/actualites\/wp-content\/uploads\/2025\/10\/1760689027_Taz-premier-quotidien-national-allemand-paraitra-vendredi-pour.jpg\",\"keywords\":[\"allemand\",\"derni\u00e8re\",\"fois\",\"National\",\"papier\",\"para\u00eetra\",\"pour\",\"premier\",\"quotidien\",\"sur\",\"Taz\",\"vendredi\"],\"articleSection\":[\"Belgique\"],\"inLanguage\":\"fr-BE\"},{\"@type\":\"WebPage\",\"@id\":\"https:\/\/vieassociative.be\/actualites\/taz-premier-quotidien-national-allemand-paraitra-vendredi-pour-la-derniere-fois-sur-papier\/\",\"url\":\"https:\/\/vieassociative.be\/actualites\/taz-premier-quotidien-national-allemand-paraitra-vendredi-pour-la-derniere-fois-sur-papier\/\",\"name\":\"\u00ab Taz \u00bb, premier quotidien national allemand, para\u00eetra vendredi pour la derni\u00e8re fois sur papier. | Vie Associative\",\"isPartOf\":{\"@id\":\"https:\/\/vieassociative.be\/actualites\/#website\"},\"primaryImageOfPage\":{\"@id\":\"https:\/\/vieassociative.be\/actualites\/taz-premier-quotidien-national-allemand-paraitra-vendredi-pour-la-derniere-fois-sur-papier\/#primaryimage\"},\"image\":{\"@id\":\"https:\/\/vieassociative.be\/actualites\/taz-premier-quotidien-national-allemand-paraitra-vendredi-pour-la-derniere-fois-sur-papier\/#primaryimage\"},\"thumbnailUrl\":\"https:\/\/vieassociative.be\/actualites\/wp-content\/uploads\/2025\/10\/1760689027_Taz-premier-quotidien-national-allemand-paraitra-vendredi-pour.jpg\",\"datePublished\":\"2025-10-17T08:17:07+00:00\",\"dateModified\":\"2025-10-17T08:17:07+00:00\",\"breadcrumb\":{\"@id\":\"https:\/\/vieassociative.be\/actualites\/taz-premier-quotidien-national-allemand-paraitra-vendredi-pour-la-derniere-fois-sur-papier\/#breadcrumb\"},\"inLanguage\":\"fr-BE\",\"potentialAction\":[{\"@type\":\"ReadAction\",\"target\":[\"https:\/\/vieassociative.be\/actualites\/taz-premier-quotidien-national-allemand-paraitra-vendredi-pour-la-derniere-fois-sur-papier\/\"]}]},{\"@type\":\"ImageObject\",\"inLanguage\":\"fr-BE\",\"@id\":\"https:\/\/vieassociative.be\/actualites\/taz-premier-quotidien-national-allemand-paraitra-vendredi-pour-la-derniere-fois-sur-papier\/#primaryimage\",\"url\":\"https:\/\/vieassociative.be\/actualites\/wp-content\/uploads\/2025\/10\/1760689027_Taz-premier-quotidien-national-allemand-paraitra-vendredi-pour.jpg\",\"contentUrl\":\"https:\/\/vieassociative.be\/actualites\/wp-content\/uploads\/2025\/10\/1760689027_Taz-premier-quotidien-national-allemand-paraitra-vendredi-pour.jpg\",\"width\":1200,\"height\":846,\"caption\":\"\u00ab Taz \u00bb, premier quotidien national allemand, para\u00eetra vendredi pour la derni\u00e8re fois sur papier.\"},{\"@type\":\"BreadcrumbList\",\"@id\":\"https:\/\/vieassociative.be\/actualites\/taz-premier-quotidien-national-allemand-paraitra-vendredi-pour-la-derniere-fois-sur-papier\/#breadcrumb\",\"itemListElement\":[{\"@type\":\"ListItem\",\"position\":1,\"name\":\"Accueil\",\"item\":\"https:\/\/vieassociative.be\/actualites\/\"},{\"@type\":\"ListItem\",\"position\":2,\"name\":\"\u00ab Taz \u00bb, premier quotidien national allemand, para\u00eetra vendredi pour la derni\u00e8re fois sur papier.\"}]},{\"@type\":\"WebSite\",\"@id\":\"https:\/\/vieassociative.be\/actualites\/#website\",\"url\":\"https:\/\/vieassociative.be\/actualites\/\",\"name\":\"Vie Associative\",\"description\":\"\",\"publisher\":{\"@id\":\"https:\/\/vieassociative.be\/actualites\/#organization\"},\"potentialAction\":[{\"@type\":\"SearchAction\",\"target\":{\"@type\":\"EntryPoint\",\"urlTemplate\":\"https:\/\/vieassociative.be\/actualites\/?s={search_term_string}\"},\"query-input\":{\"@type\":\"PropertyValueSpecification\",\"valueRequired\":true,\"valueName\":\"search_term_string\"}}],\"inLanguage\":\"fr-BE\"},{\"@type\":\"Organization\",\"@id\":\"https:\/\/vieassociative.be\/actualites\/#organization\",\"name\":\"Vie Associative\",\"url\":\"https:\/\/vieassociative.be\/actualites\/\",\"logo\":{\"@type\":\"ImageObject\",\"inLanguage\":\"fr-BE\",\"@id\":\"https:\/\/vieassociative.be\/actualites\/#\/schema\/logo\/image\/\",\"url\":\"https:\/\/vieassociative.be\/actualites\/wp-content\/uploads\/2024\/09\/cropped-vieassociative_favicon.ico.png\",\"contentUrl\":\"https:\/\/vieassociative.be\/actualites\/wp-content\/uploads\/2024\/09\/cropped-vieassociative_favicon.ico.png\",\"width\":512,\"height\":512,\"caption\":\"Vie Associative\"},\"image\":{\"@id\":\"https:\/\/vieassociative.be\/actualites\/#\/schema\/logo\/image\/\"}},{\"@type\":\"Person\",\"@id\":\"https:\/\/vieassociative.be\/actualites\/#\/schema\/person\/b87ac4f82f9d4e7b7cec7395b679edc4\",\"name\":\"Julien\",\"image\":{\"@type\":\"ImageObject\",\"inLanguage\":\"fr-BE\",\"@id\":\"https:\/\/vieassociative.be\/actualites\/#\/schema\/person\/image\/\",\"url\":\"https:\/\/vieassociative.be\/actualites\/wp-content\/uploads\/2024\/09\/vie-associative-1-150x150.jpg\",\"contentUrl\":\"https:\/\/vieassociative.be\/actualites\/wp-content\/uploads\/2024\/09\/vie-associative-1-150x150.jpg\",\"caption\":\"Julien\"},\"description\":\"Je suis Julien, r\u00e9dacteur pour Vie Associative. Passionn\u00e9 par le monde associatif depuis plus de 10 ans, j'ai \u00e0 c\u0153ur de partager des histoires inspirantes et de mettre en lumi\u00e8re les initiatives locales. Mon objectif est de sensibiliser et d'encourager l'engagement communautaire \u00e0 travers mes articles.\",\"sameAs\":[\"https:\/\/vieassociative.be\/\"]}]}<\/script>\n<!-- \/ Yoast SEO plugin. -->","yoast_head_json":{"title":"\u00ab Taz \u00bb, premier quotidien national allemand, para\u00eetra vendredi pour la derni\u00e8re fois sur papier. | Vie Associative","robots":{"index":"index","follow":"follow","max-snippet":"max-snippet:-1","max-image-preview":"max-image-preview:large","max-video-preview":"max-video-preview:-1"},"canonical":"https:\/\/vieassociative.be\/actualites\/taz-premier-quotidien-national-allemand-paraitra-vendredi-pour-la-derniere-fois-sur-papier\/","og_locale":"fr_FR","og_type":"article","og_title":"\u00ab Taz \u00bb, premier quotidien national allemand, para\u00eetra vendredi pour la derni\u00e8re fois sur papier. | Vie Associative","og_description":"En tant que premier quotidien national d&rsquo;Allemagne, le \u00ab taz \u00bb para\u00eetra ce vendredi pour la derni\u00e8re fois sur papier en semaine. \u00c0 partir du","og_url":"https:\/\/vieassociative.be\/actualites\/taz-premier-quotidien-national-allemand-paraitra-vendredi-pour-la-derniere-fois-sur-papier\/","og_site_name":"Vie Associative","article_published_time":"2025-10-17T08:17:07+00:00","og_image":[{"width":279,"height":92,"url":"https:\/\/vieassociative.be\/actualites\/wp-content\/uploads\/2024\/09\/header_backgroundk-01-e1726694325946.png","type":"image\/png"}],"author":"Julien","twitter_card":"summary_large_image","twitter_misc":{"\u00c9crit par":"Julien","Dur\u00e9e de lecture est.":"4 minutes"},"schema":{"@context":"https:\/\/schema.org","@graph":[{"@type":"Article","@id":"https:\/\/vieassociative.be\/actualites\/taz-premier-quotidien-national-allemand-paraitra-vendredi-pour-la-derniere-fois-sur-papier\/#article","isPartOf":{"@id":"https:\/\/vieassociative.be\/actualites\/taz-premier-quotidien-national-allemand-paraitra-vendredi-pour-la-derniere-fois-sur-papier\/"},"author":{"name":"Julien","@id":"https:\/\/vieassociative.be\/actualites\/#\/schema\/person\/b87ac4f82f9d4e7b7cec7395b679edc4"},"headline":"\u00ab Taz \u00bb, premier quotidien national allemand, para\u00eetra vendredi pour la derni\u00e8re fois sur papier.","datePublished":"2025-10-17T08:17:07+00:00","dateModified":"2025-10-17T08:17:07+00:00","mainEntityOfPage":{"@id":"https:\/\/vieassociative.be\/actualites\/taz-premier-quotidien-national-allemand-paraitra-vendredi-pour-la-derniere-fois-sur-papier\/"},"wordCount":915,"publisher":{"@id":"https:\/\/vieassociative.be\/actualites\/#organization"},"image":{"@id":"https:\/\/vieassociative.be\/actualites\/taz-premier-quotidien-national-allemand-paraitra-vendredi-pour-la-derniere-fois-sur-papier\/#primaryimage"},"thumbnailUrl":"https:\/\/vieassociative.be\/actualites\/wp-content\/uploads\/2025\/10\/1760689027_Taz-premier-quotidien-national-allemand-paraitra-vendredi-pour.jpg","keywords":["allemand","derni\u00e8re","fois","National","papier","para\u00eetra","pour","premier","quotidien","sur","Taz","vendredi"],"articleSection":["Belgique"],"inLanguage":"fr-BE"},{"@type":"WebPage","@id":"https:\/\/vieassociative.be\/actualites\/taz-premier-quotidien-national-allemand-paraitra-vendredi-pour-la-derniere-fois-sur-papier\/","url":"https:\/\/vieassociative.be\/actualites\/taz-premier-quotidien-national-allemand-paraitra-vendredi-pour-la-derniere-fois-sur-papier\/","name":"\u00ab Taz \u00bb, premier quotidien national allemand, para\u00eetra vendredi pour la derni\u00e8re fois sur papier. | Vie Associative","isPartOf":{"@id":"https:\/\/vieassociative.be\/actualites\/#website"},"primaryImageOfPage":{"@id":"https:\/\/vieassociative.be\/actualites\/taz-premier-quotidien-national-allemand-paraitra-vendredi-pour-la-derniere-fois-sur-papier\/#primaryimage"},"image":{"@id":"https:\/\/vieassociative.be\/actualites\/taz-premier-quotidien-national-allemand-paraitra-vendredi-pour-la-derniere-fois-sur-papier\/#primaryimage"},"thumbnailUrl":"https:\/\/vieassociative.be\/actualites\/wp-content\/uploads\/2025\/10\/1760689027_Taz-premier-quotidien-national-allemand-paraitra-vendredi-pour.jpg","datePublished":"2025-10-17T08:17:07+00:00","dateModified":"2025-10-17T08:17:07+00:00","breadcrumb":{"@id":"https:\/\/vieassociative.be\/actualites\/taz-premier-quotidien-national-allemand-paraitra-vendredi-pour-la-derniere-fois-sur-papier\/#breadcrumb"},"inLanguage":"fr-BE","potentialAction":[{"@type":"ReadAction","target":["https:\/\/vieassociative.be\/actualites\/taz-premier-quotidien-national-allemand-paraitra-vendredi-pour-la-derniere-fois-sur-papier\/"]}]},{"@type":"ImageObject","inLanguage":"fr-BE","@id":"https:\/\/vieassociative.be\/actualites\/taz-premier-quotidien-national-allemand-paraitra-vendredi-pour-la-derniere-fois-sur-papier\/#primaryimage","url":"https:\/\/vieassociative.be\/actualites\/wp-content\/uploads\/2025\/10\/1760689027_Taz-premier-quotidien-national-allemand-paraitra-vendredi-pour.jpg","contentUrl":"https:\/\/vieassociative.be\/actualites\/wp-content\/uploads\/2025\/10\/1760689027_Taz-premier-quotidien-national-allemand-paraitra-vendredi-pour.jpg","width":1200,"height":846,"caption":"\u00ab Taz \u00bb, premier quotidien national allemand, para\u00eetra vendredi pour la derni\u00e8re fois sur papier."},{"@type":"BreadcrumbList","@id":"https:\/\/vieassociative.be\/actualites\/taz-premier-quotidien-national-allemand-paraitra-vendredi-pour-la-derniere-fois-sur-papier\/#breadcrumb","itemListElement":[{"@type":"ListItem","position":1,"name":"Accueil","item":"https:\/\/vieassociative.be\/actualites\/"},{"@type":"ListItem","position":2,"name":"\u00ab Taz \u00bb, premier quotidien national allemand, para\u00eetra vendredi pour la derni\u00e8re fois sur papier."}]},{"@type":"WebSite","@id":"https:\/\/vieassociative.be\/actualites\/#website","url":"https:\/\/vieassociative.be\/actualites\/","name":"Vie Associative","description":"","publisher":{"@id":"https:\/\/vieassociative.be\/actualites\/#organization"},"potentialAction":[{"@type":"SearchAction","target":{"@type":"EntryPoint","urlTemplate":"https:\/\/vieassociative.be\/actualites\/?s={search_term_string}"},"query-input":{"@type":"PropertyValueSpecification","valueRequired":true,"valueName":"search_term_string"}}],"inLanguage":"fr-BE"},{"@type":"Organization","@id":"https:\/\/vieassociative.be\/actualites\/#organization","name":"Vie Associative","url":"https:\/\/vieassociative.be\/actualites\/","logo":{"@type":"ImageObject","inLanguage":"fr-BE","@id":"https:\/\/vieassociative.be\/actualites\/#\/schema\/logo\/image\/","url":"https:\/\/vieassociative.be\/actualites\/wp-content\/uploads\/2024\/09\/cropped-vieassociative_favicon.ico.png","contentUrl":"https:\/\/vieassociative.be\/actualites\/wp-content\/uploads\/2024\/09\/cropped-vieassociative_favicon.ico.png","width":512,"height":512,"caption":"Vie Associative"},"image":{"@id":"https:\/\/vieassociative.be\/actualites\/#\/schema\/logo\/image\/"}},{"@type":"Person","@id":"https:\/\/vieassociative.be\/actualites\/#\/schema\/person\/b87ac4f82f9d4e7b7cec7395b679edc4","name":"Julien","image":{"@type":"ImageObject","inLanguage":"fr-BE","@id":"https:\/\/vieassociative.be\/actualites\/#\/schema\/person\/image\/","url":"https:\/\/vieassociative.be\/actualites\/wp-content\/uploads\/2024\/09\/vie-associative-1-150x150.jpg","contentUrl":"https:\/\/vieassociative.be\/actualites\/wp-content\/uploads\/2024\/09\/vie-associative-1-150x150.jpg","caption":"Julien"},"description":"Je suis Julien, r\u00e9dacteur pour Vie Associative. Passionn\u00e9 par le monde associatif depuis plus de 10 ans, j'ai \u00e0 c\u0153ur de partager des histoires inspirantes et de mettre en lumi\u00e8re les initiatives locales. Mon objectif est de sensibiliser et d'encourager l'engagement communautaire \u00e0 travers mes articles.","sameAs":["https:\/\/vieassociative.be\/"]}]}},"_links":{"self":[{"href":"https:\/\/vieassociative.be\/actualites\/wp-json\/wp\/v2\/posts\/10721"}],"collection":[{"href":"https:\/\/vieassociative.be\/actualites\/wp-json\/wp\/v2\/posts"}],"about":[{"href":"https:\/\/vieassociative.be\/actualites\/wp-json\/wp\/v2\/types\/post"}],"author":[{"embeddable":true,"href":"https:\/\/vieassociative.be\/actualites\/wp-json\/wp\/v2\/users\/1"}],"replies":[{"embeddable":true,"href":"https:\/\/vieassociative.be\/actualites\/wp-json\/wp\/v2\/comments?post=10721"}],"version-history":[{"count":0,"href":"https:\/\/vieassociative.be\/actualites\/wp-json\/wp\/v2\/posts\/10721\/revisions"}],"wp:featuredmedia":[{"embeddable":true,"href":"https:\/\/vieassociative.be\/actualites\/wp-json\/wp\/v2\/media\/10722"}],"wp:attachment":[{"href":"https:\/\/vieassociative.be\/actualites\/wp-json\/wp\/v2\/media?parent=10721"}],"wp:term":[{"taxonomy":"category","embeddable":true,"href":"https:\/\/vieassociative.be\/actualites\/wp-json\/wp\/v2\/categories?post=10721"},{"taxonomy":"post_tag","embeddable":true,"href":"https:\/\/vieassociative.be\/actualites\/wp-json\/wp\/v2\/tags?post=10721"}],"curies":[{"name":"wp","href":"https:\/\/api.w.org\/{rel}","templated":true}]}}