{"id":10719,"date":"2025-10-17T09:16:56","date_gmt":"2025-10-17T07:16:56","guid":{"rendered":"https:\/\/vieassociative.be\/actualites\/les-abonnes-apple-tv-pourront-bientot-ajouter-peacock-pour-2-de-plus\/"},"modified":"2025-10-17T09:16:56","modified_gmt":"2025-10-17T07:16:56","slug":"les-abonnes-apple-tv-pourront-bientot-ajouter-peacock-pour-2-de-plus","status":"publish","type":"post","link":"https:\/\/vieassociative.be\/actualites\/les-abonnes-apple-tv-pourront-bientot-ajouter-peacock-pour-2-de-plus\/","title":{"rendered":"Les abonn\u00e9s Apple TV pourront bient\u00f4t ajouter Peacock pour 2 $ de plus"},"content":{"rendered":"<div class=\"mt-4 leading-6 md:mb-8\">Un bon m\u00e9lange de quantit\u00e9 et de qualit\u00e9.<\/div>\n<p><\/p>\n<p>Si vous me demandiez quel service de streaming propose les meilleures \u00e9missions de t\u00e9l\u00e9vision, je dirais Apple TV (r\u00e9cemment rebaptis\u00e9 Apple TV+). Mais si vous me demandiez lequel propose le moins d&rsquo;\u00e9missions de t\u00e9l\u00e9vision, je dirais aussi Apple TV. J&rsquo;aime <em>Rupture<\/em> et tout, mais quand il ne sort pas de nouveaux \u00e9pisodes, il n&rsquo;y en a g\u00e9n\u00e9ralement pas assez pour me garder abonn\u00e9. C&rsquo;est pourquoi je suis si int\u00e9ress\u00e9 par la nouvelle offre group\u00e9e d&rsquo;Apple et Peacock : pour seulement 2 $ de plus qu&rsquo;un abonnement Apple TV standard \u2013 ou le m\u00eame prix qu&rsquo;un abonnement mensuel Peacock \u2013 vous pouvez les obtenir tous les deux.<\/p>\n<p>Peacock n&rsquo;est pas exactement mon service de streaming pr\u00e9f\u00e9r\u00e9, mais comme il s&rsquo;inspire de la plupart des catalogues respectifs de NBC et Universal, il en a g\u00e9n\u00e9ralement assez pour m&rsquo;int\u00e9resser entre les nouvelles saisons de <em>Visage impassible<\/em>surtout en ce qui concerne sa biblioth\u00e8que de films. Les aigus ne sont pas aussi \u00e9lev\u00e9s que ceux d&rsquo;Apple, mais il y en a suffisamment pour que vous trouviez probablement quelque chose \u00e0 regarder lorsque vous avez besoin de bruit de fond. Le combiner avec Apple TV est un moyen intelligent de combler les points faibles de chaque plate-forme.<\/p>\n<h2 id=\"how-to-sign-up-for-the-apple-tvpeacock-bundle\">Comment s&rsquo;inscrire au forfait Apple TV\/Peacock<\/h2>\n<p>Selon Apple, le nouveau pack sera mis en ligne le 20 octobre, il n&rsquo;est donc pas encore l\u00e0. Mais une fois arriv\u00e9, vous pourrez payer 14,99 $ par mois pour combiner Apple TV et Peacock Premium, ou 19,99 $ par mois pour passer \u00e0 Apple TV et Peacock Premium Plus sans publicit\u00e9. \u00c9tant donn\u00e9 qu&rsquo;un mois d&rsquo;Apple TV co\u00fbte 12,99 $ \u00e0 lui seul et qu&rsquo;un mois de Peacock Premium co\u00fbterait 10,99 $ en plus, c&rsquo;est une tr\u00e8s bonne affaire.<\/p>\n<p>C&rsquo;est aussi le bon moment pour Halloween, car Peacock abrite des classiques comme <em>La chose<\/em> ainsi que des succ\u00e8s plus r\u00e9cents comme le <em>Terrifiant<\/em> films. Pour une raison quelconque, une grande partie des films de monstres universels semblent plut\u00f4t s&rsquo;installer \u00e0 Tubi cette ann\u00e9e, mais la s\u00e9lection d&rsquo;horreur de Peacock est toujours plus forte que celle d&rsquo;Apple seule.<\/p>\n<p>Quant \u00e0 savoir si cela vaut les 5 $ suppl\u00e9mentaires pour le forfait Peacock Premium Plus, cela d\u00e9pend de votre haine des publicit\u00e9s. Ce forfait est beaucoup plus cher que l&rsquo;Apple TV seul, mais d&rsquo;un autre c\u00f4t\u00e9, un mois de Peacock Premium Plus vous co\u00fbterait g\u00e9n\u00e9ralement 16,99 $ \u00e0 lui seul, donc les 19,99 $ que vous paieriez pour ajouter Apple TV au mix n&rsquo;est pas un <em>mauvais<\/em> accord. Pour vos dollars suppl\u00e9mentaires, vous \u00e9limineriez les publicit\u00e9s de votre visualisation Peacock et ajouteriez la possibilit\u00e9 de t\u00e9l\u00e9charger du contenu pour le regarder hors ligne.<\/p>\n<p>Apple indique qu&rsquo;une fois l&rsquo;accord mis en ligne, vous pourrez y acc\u00e9der via les sites Web\/applications Apple TV ou Peacock. Pendant ce temps, si vous \u00eates abonn\u00e9 \u00e0 un forfait Apple One Family ou Premier, qui inclut Apple TV ainsi qu&rsquo;un certain nombre d&rsquo;autres plates-formes Apple, vous devrez vous inscrire \u00e0 Peacock s\u00e9par\u00e9ment. Cependant, Apple annonce qu&rsquo;il offrira une r\u00e9duction de 35 % \u00e0 Peacock Premium Plus pour les abonn\u00e9s Apple One, ce qui ram\u00e8nera le prix \u00e0 environ 11 $ par mois, soit \u00e0 peu pr\u00e8s le m\u00eame prix que Peacock Premium financ\u00e9 par la publicit\u00e9.<\/p>\n","protected":false},"excerpt":{"rendered":"<p>Un bon m\u00e9lange de quantit\u00e9 et de qualit\u00e9. Si vous me demandiez quel service de streaming propose les meilleures \u00e9missions de t\u00e9l\u00e9vision, je dirais Apple<\/p>\n","protected":false},"author":1,"featured_media":10720,"comment_status":"","ping_status":"","sticky":false,"template":"","format":"standard","meta":{"footnotes":""},"categories":[36],"tags":[2029,670,54,2550,14,2516,81,2549],"class_list":["post-10719","post","type-post","status-publish","format-standard","has-post-thumbnail","hentry","category-divertissement","tag-abonnes","tag-ajouter","tag-apple","tag-bientot","tag-les","tag-peacock","tag-pour","tag-pourront","generate-columns","tablet-grid-50","mobile-grid-100","grid-parent","grid-33"],"yoast_head":"<!-- This site is optimized with the Yoast SEO plugin v24.0 - https:\/\/yoast.com\/wordpress\/plugins\/seo\/ -->\n<title>Les abonn\u00e9s Apple TV pourront bient\u00f4t ajouter Peacock pour 2 $ de plus | Vie Associative<\/title>\n<meta name=\"robots\" content=\"index, follow, max-snippet:-1, max-image-preview:large, max-video-preview:-1\" \/>\n<link rel=\"canonical\" href=\"https:\/\/vieassociative.be\/actualites\/les-abonnes-apple-tv-pourront-bientot-ajouter-peacock-pour-2-de-plus\/\" \/>\n<meta property=\"og:locale\" content=\"fr_FR\" \/>\n<meta property=\"og:type\" content=\"article\" \/>\n<meta property=\"og:title\" content=\"Les abonn\u00e9s Apple TV pourront bient\u00f4t ajouter Peacock pour 2 $ de plus | Vie Associative\" \/>\n<meta property=\"og:description\" content=\"Un bon m\u00e9lange de quantit\u00e9 et de qualit\u00e9. Si vous me demandiez quel service de streaming propose les meilleures \u00e9missions de t\u00e9l\u00e9vision, je dirais Apple\" \/>\n<meta property=\"og:url\" content=\"https:\/\/vieassociative.be\/actualites\/les-abonnes-apple-tv-pourront-bientot-ajouter-peacock-pour-2-de-plus\/\" \/>\n<meta property=\"og:site_name\" content=\"Vie Associative\" \/>\n<meta property=\"article:published_time\" content=\"2025-10-17T07:16:56+00:00\" \/>\n<meta property=\"og:image\" content=\"https:\/\/vieassociative.be\/actualites\/wp-content\/uploads\/2024\/09\/header_backgroundk-01-e1726694325946.png\" \/>\n\t<meta property=\"og:image:width\" content=\"279\" \/>\n\t<meta property=\"og:image:height\" content=\"92\" \/>\n\t<meta property=\"og:image:type\" content=\"image\/png\" \/>\n<meta name=\"author\" content=\"Julien\" \/>\n<meta name=\"twitter:card\" content=\"summary_large_image\" \/>\n<meta name=\"twitter:label1\" content=\"\u00c9crit par\" \/>\n\t<meta name=\"twitter:data1\" content=\"Julien\" \/>\n\t<meta name=\"twitter:label2\" content=\"Dur\u00e9e de lecture est.\" \/>\n\t<meta name=\"twitter:data2\" content=\"3 minutes\" \/>\n<script type=\"application\/ld+json\" class=\"yoast-schema-graph\">{\"@context\":\"https:\/\/schema.org\",\"@graph\":[{\"@type\":\"Article\",\"@id\":\"https:\/\/vieassociative.be\/actualites\/les-abonnes-apple-tv-pourront-bientot-ajouter-peacock-pour-2-de-plus\/#article\",\"isPartOf\":{\"@id\":\"https:\/\/vieassociative.be\/actualites\/les-abonnes-apple-tv-pourront-bientot-ajouter-peacock-pour-2-de-plus\/\"},\"author\":{\"name\":\"Julien\",\"@id\":\"https:\/\/vieassociative.be\/actualites\/#\/schema\/person\/b87ac4f82f9d4e7b7cec7395b679edc4\"},\"headline\":\"Les abonn\u00e9s Apple TV pourront bient\u00f4t ajouter Peacock pour 2 $ de plus\",\"datePublished\":\"2025-10-17T07:16:56+00:00\",\"dateModified\":\"2025-10-17T07:16:56+00:00\",\"mainEntityOfPage\":{\"@id\":\"https:\/\/vieassociative.be\/actualites\/les-abonnes-apple-tv-pourront-bientot-ajouter-peacock-pour-2-de-plus\/\"},\"wordCount\":598,\"publisher\":{\"@id\":\"https:\/\/vieassociative.be\/actualites\/#organization\"},\"image\":{\"@id\":\"https:\/\/vieassociative.be\/actualites\/les-abonnes-apple-tv-pourront-bientot-ajouter-peacock-pour-2-de-plus\/#primaryimage\"},\"thumbnailUrl\":\"https:\/\/vieassociative.be\/actualites\/wp-content\/uploads\/2025\/10\/Les-abonnes-Apple-TV-pourront-bientot-ajouter-Peacock-pour-2.jpg\",\"keywords\":[\"abonn\u00e9s\",\"ajouter\",\"Apple\",\"bient\u00f4t\",\"Les\",\"Peacock\",\"pour\",\"pourront\"],\"articleSection\":[\"Divertissement\"],\"inLanguage\":\"fr-BE\"},{\"@type\":\"WebPage\",\"@id\":\"https:\/\/vieassociative.be\/actualites\/les-abonnes-apple-tv-pourront-bientot-ajouter-peacock-pour-2-de-plus\/\",\"url\":\"https:\/\/vieassociative.be\/actualites\/les-abonnes-apple-tv-pourront-bientot-ajouter-peacock-pour-2-de-plus\/\",\"name\":\"Les abonn\u00e9s Apple TV pourront bient\u00f4t ajouter Peacock pour 2 $ de plus | Vie Associative\",\"isPartOf\":{\"@id\":\"https:\/\/vieassociative.be\/actualites\/#website\"},\"primaryImageOfPage\":{\"@id\":\"https:\/\/vieassociative.be\/actualites\/les-abonnes-apple-tv-pourront-bientot-ajouter-peacock-pour-2-de-plus\/#primaryimage\"},\"image\":{\"@id\":\"https:\/\/vieassociative.be\/actualites\/les-abonnes-apple-tv-pourront-bientot-ajouter-peacock-pour-2-de-plus\/#primaryimage\"},\"thumbnailUrl\":\"https:\/\/vieassociative.be\/actualites\/wp-content\/uploads\/2025\/10\/Les-abonnes-Apple-TV-pourront-bientot-ajouter-Peacock-pour-2.jpg\",\"datePublished\":\"2025-10-17T07:16:56+00:00\",\"dateModified\":\"2025-10-17T07:16:56+00:00\",\"breadcrumb\":{\"@id\":\"https:\/\/vieassociative.be\/actualites\/les-abonnes-apple-tv-pourront-bientot-ajouter-peacock-pour-2-de-plus\/#breadcrumb\"},\"inLanguage\":\"fr-BE\",\"potentialAction\":[{\"@type\":\"ReadAction\",\"target\":[\"https:\/\/vieassociative.be\/actualites\/les-abonnes-apple-tv-pourront-bientot-ajouter-peacock-pour-2-de-plus\/\"]}]},{\"@type\":\"ImageObject\",\"inLanguage\":\"fr-BE\",\"@id\":\"https:\/\/vieassociative.be\/actualites\/les-abonnes-apple-tv-pourront-bientot-ajouter-peacock-pour-2-de-plus\/#primaryimage\",\"url\":\"https:\/\/vieassociative.be\/actualites\/wp-content\/uploads\/2025\/10\/Les-abonnes-Apple-TV-pourront-bientot-ajouter-Peacock-pour-2.jpg\",\"contentUrl\":\"https:\/\/vieassociative.be\/actualites\/wp-content\/uploads\/2025\/10\/Les-abonnes-Apple-TV-pourront-bientot-ajouter-Peacock-pour-2.jpg\",\"width\":1200,\"height\":675,\"caption\":\"Les abonn\u00e9s Apple TV pourront bient\u00f4t ajouter Peacock pour 2 $ de plus\"},{\"@type\":\"BreadcrumbList\",\"@id\":\"https:\/\/vieassociative.be\/actualites\/les-abonnes-apple-tv-pourront-bientot-ajouter-peacock-pour-2-de-plus\/#breadcrumb\",\"itemListElement\":[{\"@type\":\"ListItem\",\"position\":1,\"name\":\"Accueil\",\"item\":\"https:\/\/vieassociative.be\/actualites\/\"},{\"@type\":\"ListItem\",\"position\":2,\"name\":\"Les abonn\u00e9s Apple TV pourront bient\u00f4t ajouter Peacock pour 2 $ de plus\"}]},{\"@type\":\"WebSite\",\"@id\":\"https:\/\/vieassociative.be\/actualites\/#website\",\"url\":\"https:\/\/vieassociative.be\/actualites\/\",\"name\":\"Vie Associative\",\"description\":\"\",\"publisher\":{\"@id\":\"https:\/\/vieassociative.be\/actualites\/#organization\"},\"potentialAction\":[{\"@type\":\"SearchAction\",\"target\":{\"@type\":\"EntryPoint\",\"urlTemplate\":\"https:\/\/vieassociative.be\/actualites\/?s={search_term_string}\"},\"query-input\":{\"@type\":\"PropertyValueSpecification\",\"valueRequired\":true,\"valueName\":\"search_term_string\"}}],\"inLanguage\":\"fr-BE\"},{\"@type\":\"Organization\",\"@id\":\"https:\/\/vieassociative.be\/actualites\/#organization\",\"name\":\"Vie Associative\",\"url\":\"https:\/\/vieassociative.be\/actualites\/\",\"logo\":{\"@type\":\"ImageObject\",\"inLanguage\":\"fr-BE\",\"@id\":\"https:\/\/vieassociative.be\/actualites\/#\/schema\/logo\/image\/\",\"url\":\"https:\/\/vieassociative.be\/actualites\/wp-content\/uploads\/2024\/09\/cropped-vieassociative_favicon.ico.png\",\"contentUrl\":\"https:\/\/vieassociative.be\/actualites\/wp-content\/uploads\/2024\/09\/cropped-vieassociative_favicon.ico.png\",\"width\":512,\"height\":512,\"caption\":\"Vie Associative\"},\"image\":{\"@id\":\"https:\/\/vieassociative.be\/actualites\/#\/schema\/logo\/image\/\"}},{\"@type\":\"Person\",\"@id\":\"https:\/\/vieassociative.be\/actualites\/#\/schema\/person\/b87ac4f82f9d4e7b7cec7395b679edc4\",\"name\":\"Julien\",\"image\":{\"@type\":\"ImageObject\",\"inLanguage\":\"fr-BE\",\"@id\":\"https:\/\/vieassociative.be\/actualites\/#\/schema\/person\/image\/\",\"url\":\"https:\/\/vieassociative.be\/actualites\/wp-content\/uploads\/2024\/09\/vie-associative-1-150x150.jpg\",\"contentUrl\":\"https:\/\/vieassociative.be\/actualites\/wp-content\/uploads\/2024\/09\/vie-associative-1-150x150.jpg\",\"caption\":\"Julien\"},\"description\":\"Je suis Julien, r\u00e9dacteur pour Vie Associative. Passionn\u00e9 par le monde associatif depuis plus de 10 ans, j'ai \u00e0 c\u0153ur de partager des histoires inspirantes et de mettre en lumi\u00e8re les initiatives locales. Mon objectif est de sensibiliser et d'encourager l'engagement communautaire \u00e0 travers mes articles.\",\"sameAs\":[\"https:\/\/vieassociative.be\/\"]}]}<\/script>\n<!-- \/ Yoast SEO plugin. -->","yoast_head_json":{"title":"Les abonn\u00e9s Apple TV pourront bient\u00f4t ajouter Peacock pour 2 $ de plus | Vie Associative","robots":{"index":"index","follow":"follow","max-snippet":"max-snippet:-1","max-image-preview":"max-image-preview:large","max-video-preview":"max-video-preview:-1"},"canonical":"https:\/\/vieassociative.be\/actualites\/les-abonnes-apple-tv-pourront-bientot-ajouter-peacock-pour-2-de-plus\/","og_locale":"fr_FR","og_type":"article","og_title":"Les abonn\u00e9s Apple TV pourront bient\u00f4t ajouter Peacock pour 2 $ de plus | Vie Associative","og_description":"Un bon m\u00e9lange de quantit\u00e9 et de qualit\u00e9. Si vous me demandiez quel service de streaming propose les meilleures \u00e9missions de t\u00e9l\u00e9vision, je dirais Apple","og_url":"https:\/\/vieassociative.be\/actualites\/les-abonnes-apple-tv-pourront-bientot-ajouter-peacock-pour-2-de-plus\/","og_site_name":"Vie Associative","article_published_time":"2025-10-17T07:16:56+00:00","og_image":[{"width":279,"height":92,"url":"https:\/\/vieassociative.be\/actualites\/wp-content\/uploads\/2024\/09\/header_backgroundk-01-e1726694325946.png","type":"image\/png"}],"author":"Julien","twitter_card":"summary_large_image","twitter_misc":{"\u00c9crit par":"Julien","Dur\u00e9e de lecture est.":"3 minutes"},"schema":{"@context":"https:\/\/schema.org","@graph":[{"@type":"Article","@id":"https:\/\/vieassociative.be\/actualites\/les-abonnes-apple-tv-pourront-bientot-ajouter-peacock-pour-2-de-plus\/#article","isPartOf":{"@id":"https:\/\/vieassociative.be\/actualites\/les-abonnes-apple-tv-pourront-bientot-ajouter-peacock-pour-2-de-plus\/"},"author":{"name":"Julien","@id":"https:\/\/vieassociative.be\/actualites\/#\/schema\/person\/b87ac4f82f9d4e7b7cec7395b679edc4"},"headline":"Les abonn\u00e9s Apple TV pourront bient\u00f4t ajouter Peacock pour 2 $ de plus","datePublished":"2025-10-17T07:16:56+00:00","dateModified":"2025-10-17T07:16:56+00:00","mainEntityOfPage":{"@id":"https:\/\/vieassociative.be\/actualites\/les-abonnes-apple-tv-pourront-bientot-ajouter-peacock-pour-2-de-plus\/"},"wordCount":598,"publisher":{"@id":"https:\/\/vieassociative.be\/actualites\/#organization"},"image":{"@id":"https:\/\/vieassociative.be\/actualites\/les-abonnes-apple-tv-pourront-bientot-ajouter-peacock-pour-2-de-plus\/#primaryimage"},"thumbnailUrl":"https:\/\/vieassociative.be\/actualites\/wp-content\/uploads\/2025\/10\/Les-abonnes-Apple-TV-pourront-bientot-ajouter-Peacock-pour-2.jpg","keywords":["abonn\u00e9s","ajouter","Apple","bient\u00f4t","Les","Peacock","pour","pourront"],"articleSection":["Divertissement"],"inLanguage":"fr-BE"},{"@type":"WebPage","@id":"https:\/\/vieassociative.be\/actualites\/les-abonnes-apple-tv-pourront-bientot-ajouter-peacock-pour-2-de-plus\/","url":"https:\/\/vieassociative.be\/actualites\/les-abonnes-apple-tv-pourront-bientot-ajouter-peacock-pour-2-de-plus\/","name":"Les abonn\u00e9s Apple TV pourront bient\u00f4t ajouter Peacock pour 2 $ de plus | Vie Associative","isPartOf":{"@id":"https:\/\/vieassociative.be\/actualites\/#website"},"primaryImageOfPage":{"@id":"https:\/\/vieassociative.be\/actualites\/les-abonnes-apple-tv-pourront-bientot-ajouter-peacock-pour-2-de-plus\/#primaryimage"},"image":{"@id":"https:\/\/vieassociative.be\/actualites\/les-abonnes-apple-tv-pourront-bientot-ajouter-peacock-pour-2-de-plus\/#primaryimage"},"thumbnailUrl":"https:\/\/vieassociative.be\/actualites\/wp-content\/uploads\/2025\/10\/Les-abonnes-Apple-TV-pourront-bientot-ajouter-Peacock-pour-2.jpg","datePublished":"2025-10-17T07:16:56+00:00","dateModified":"2025-10-17T07:16:56+00:00","breadcrumb":{"@id":"https:\/\/vieassociative.be\/actualites\/les-abonnes-apple-tv-pourront-bientot-ajouter-peacock-pour-2-de-plus\/#breadcrumb"},"inLanguage":"fr-BE","potentialAction":[{"@type":"ReadAction","target":["https:\/\/vieassociative.be\/actualites\/les-abonnes-apple-tv-pourront-bientot-ajouter-peacock-pour-2-de-plus\/"]}]},{"@type":"ImageObject","inLanguage":"fr-BE","@id":"https:\/\/vieassociative.be\/actualites\/les-abonnes-apple-tv-pourront-bientot-ajouter-peacock-pour-2-de-plus\/#primaryimage","url":"https:\/\/vieassociative.be\/actualites\/wp-content\/uploads\/2025\/10\/Les-abonnes-Apple-TV-pourront-bientot-ajouter-Peacock-pour-2.jpg","contentUrl":"https:\/\/vieassociative.be\/actualites\/wp-content\/uploads\/2025\/10\/Les-abonnes-Apple-TV-pourront-bientot-ajouter-Peacock-pour-2.jpg","width":1200,"height":675,"caption":"Les abonn\u00e9s Apple TV pourront bient\u00f4t ajouter Peacock pour 2 $ de plus"},{"@type":"BreadcrumbList","@id":"https:\/\/vieassociative.be\/actualites\/les-abonnes-apple-tv-pourront-bientot-ajouter-peacock-pour-2-de-plus\/#breadcrumb","itemListElement":[{"@type":"ListItem","position":1,"name":"Accueil","item":"https:\/\/vieassociative.be\/actualites\/"},{"@type":"ListItem","position":2,"name":"Les abonn\u00e9s Apple TV pourront bient\u00f4t ajouter Peacock pour 2 $ de plus"}]},{"@type":"WebSite","@id":"https:\/\/vieassociative.be\/actualites\/#website","url":"https:\/\/vieassociative.be\/actualites\/","name":"Vie Associative","description":"","publisher":{"@id":"https:\/\/vieassociative.be\/actualites\/#organization"},"potentialAction":[{"@type":"SearchAction","target":{"@type":"EntryPoint","urlTemplate":"https:\/\/vieassociative.be\/actualites\/?s={search_term_string}"},"query-input":{"@type":"PropertyValueSpecification","valueRequired":true,"valueName":"search_term_string"}}],"inLanguage":"fr-BE"},{"@type":"Organization","@id":"https:\/\/vieassociative.be\/actualites\/#organization","name":"Vie Associative","url":"https:\/\/vieassociative.be\/actualites\/","logo":{"@type":"ImageObject","inLanguage":"fr-BE","@id":"https:\/\/vieassociative.be\/actualites\/#\/schema\/logo\/image\/","url":"https:\/\/vieassociative.be\/actualites\/wp-content\/uploads\/2024\/09\/cropped-vieassociative_favicon.ico.png","contentUrl":"https:\/\/vieassociative.be\/actualites\/wp-content\/uploads\/2024\/09\/cropped-vieassociative_favicon.ico.png","width":512,"height":512,"caption":"Vie Associative"},"image":{"@id":"https:\/\/vieassociative.be\/actualites\/#\/schema\/logo\/image\/"}},{"@type":"Person","@id":"https:\/\/vieassociative.be\/actualites\/#\/schema\/person\/b87ac4f82f9d4e7b7cec7395b679edc4","name":"Julien","image":{"@type":"ImageObject","inLanguage":"fr-BE","@id":"https:\/\/vieassociative.be\/actualites\/#\/schema\/person\/image\/","url":"https:\/\/vieassociative.be\/actualites\/wp-content\/uploads\/2024\/09\/vie-associative-1-150x150.jpg","contentUrl":"https:\/\/vieassociative.be\/actualites\/wp-content\/uploads\/2024\/09\/vie-associative-1-150x150.jpg","caption":"Julien"},"description":"Je suis Julien, r\u00e9dacteur pour Vie Associative. Passionn\u00e9 par le monde associatif depuis plus de 10 ans, j'ai \u00e0 c\u0153ur de partager des histoires inspirantes et de mettre en lumi\u00e8re les initiatives locales. Mon objectif est de sensibiliser et d'encourager l'engagement communautaire \u00e0 travers mes articles.","sameAs":["https:\/\/vieassociative.be\/"]}]}},"_links":{"self":[{"href":"https:\/\/vieassociative.be\/actualites\/wp-json\/wp\/v2\/posts\/10719"}],"collection":[{"href":"https:\/\/vieassociative.be\/actualites\/wp-json\/wp\/v2\/posts"}],"about":[{"href":"https:\/\/vieassociative.be\/actualites\/wp-json\/wp\/v2\/types\/post"}],"author":[{"embeddable":true,"href":"https:\/\/vieassociative.be\/actualites\/wp-json\/wp\/v2\/users\/1"}],"replies":[{"embeddable":true,"href":"https:\/\/vieassociative.be\/actualites\/wp-json\/wp\/v2\/comments?post=10719"}],"version-history":[{"count":0,"href":"https:\/\/vieassociative.be\/actualites\/wp-json\/wp\/v2\/posts\/10719\/revisions"}],"wp:featuredmedia":[{"embeddable":true,"href":"https:\/\/vieassociative.be\/actualites\/wp-json\/wp\/v2\/media\/10720"}],"wp:attachment":[{"href":"https:\/\/vieassociative.be\/actualites\/wp-json\/wp\/v2\/media?parent=10719"}],"wp:term":[{"taxonomy":"category","embeddable":true,"href":"https:\/\/vieassociative.be\/actualites\/wp-json\/wp\/v2\/categories?post=10719"},{"taxonomy":"post_tag","embeddable":true,"href":"https:\/\/vieassociative.be\/actualites\/wp-json\/wp\/v2\/tags?post=10719"}],"curies":[{"name":"wp","href":"https:\/\/api.w.org\/{rel}","templated":true}]}}