{"id":10715,"date":"2025-10-17T04:18:11","date_gmt":"2025-10-17T02:18:11","guid":{"rendered":"https:\/\/vieassociative.be\/actualites\/le-president-americain-trump-prevoit-un-arc-de-triomphe-a-washington-et-une-salle-de-bal-de-200-millions-de-dollars-a-la-maison-blanche\/"},"modified":"2025-10-17T04:18:11","modified_gmt":"2025-10-17T02:18:11","slug":"le-president-americain-trump-prevoit-un-arc-de-triomphe-a-washington-et-une-salle-de-bal-de-200-millions-de-dollars-a-la-maison-blanche","status":"publish","type":"post","link":"https:\/\/vieassociative.be\/actualites\/le-president-americain-trump-prevoit-un-arc-de-triomphe-a-washington-et-une-salle-de-bal-de-200-millions-de-dollars-a-la-maison-blanche\/","title":{"rendered":"Le pr\u00e9sident am\u00e9ricain Trump pr\u00e9voit un arc de triomphe \u00e0 Washington et une salle de bal de 200 millions de dollars \u00e0 la Maison Blanche."},"content":{"rendered":"<p><strong>Donald Trump veut construire un arc de triomphe \u00e0 Washington. Il doit \u00eatre aussi grand et \u00ab beau \u00bb que possible. Le pr\u00e9sident am\u00e9ricain laisse ouverte la question de savoir qui doit payer pour cela. La Maison Blanche est \u00e9galement en train d&rsquo;\u00eatre repens\u00e9e. La nouvelle salle de bal devrait co\u00fbter \u00e0 elle seule environ 200 millions de dollars. Les critiques accusent le pr\u00e9sident am\u00e9ricain de faste et de d\u00e9sir de reconnaissance.<\/strong><\/p>\n<p><span id=\"more-427319\"><\/span>Le pr\u00e9sident am\u00e9ricain Donald Trump a pr\u00e9sent\u00e9 un mod\u00e8le d&rsquo;arc de triomphe dans la capitale Washington. Selon les m\u00e9dias, lors d&rsquo;un d\u00eener de collecte de fonds pour la salle de bal qu&rsquo;il envisageait sur le terrain de la Maison Blanche, il a pr\u00e9sent\u00e9 des plans pour la construction d&rsquo;un monument semblable \u00e0 l&rsquo;Arc de Triomphe \u00e0 Paris. \u00ab\u00a0\u00c7a va \u00eatre vraiment magnifique\u00a0\u00bb, a d\u00e9clar\u00e9 Trump selon CNN, \u00ab\u00a0je pense que \u00e7a va \u00eatre fantastique\u00a0\u00bb.<\/p>\n<div id=\"attachment_427323\" class=\"wp-caption alignleft\" style=\"max-width: 300px\"><img fetchpriority=\"high\" decoding=\"async\" class=\"wp-image-427323 size-medium\" src=\"https:\/\/vieassociative.be\/actualites\/wp-content\/uploads\/2025\/10\/Le-president-americain-Trump-prevoit-un-arc-de-triomphe-a.jpg\" alt=\"\" width=\"300\" height=\"200\"><\/div>\n<p>Selon certaines informations, des repr\u00e9sentants d&rsquo;entreprises technologiques telles qu&rsquo;Amazon, Apple, Meta, Google et Microsoft \u00e9taient pr\u00e9sents \u00e0 l&rsquo;\u00e9v\u00e9nement mercredi (heure locale). Trump leur a montr\u00e9 des mod\u00e8les de diff\u00e9rentes tailles d&rsquo;une arche blanche avec un ange dor\u00e9 dessus. Il pr\u00e9f\u00e8re les plus gros, a-t-il d\u00e9clar\u00e9 selon les m\u00e9dias am\u00e9ricains.<\/p>\n<p>Selon certaines informations, la structure sera construite sur un \u00eelot de circulation align\u00e9 avec l&rsquo;historique Lincoln Memorial, de l&rsquo;autre c\u00f4t\u00e9 du Arlington Memorial Bridge. La raison de la construction est le 250e jour de l&rsquo;ind\u00e9pendance des \u00c9tats-Unis, le 4 juillet 2026. Il n&rsquo;y a pas encore de plans officiels de la part de la Maison Blanche. Au d\u00e9part, on ne savait pas exactement quand la construction commencerait et qui la financerait.<\/p>\n<p>Trump aurait expos\u00e9 le mod\u00e8le de l&rsquo;arc, surnomm\u00e9 \u00ab l&rsquo;Arc de Trump \u00bb par les m\u00e9dias am\u00e9ricains, dans le bureau ovale avant le d\u00eener de mercredi. Lorsqu\u2019un journaliste lui a demand\u00e9 \u00e0 qui \u00e9tait destin\u00e9 le b\u00e2timent, il s\u2019est montr\u00e9 du doigt et a r\u00e9pondu : \u00ab Pour moi \u00bb.<\/p>\n<p>Trump fait \u00e9galement repenser la Maison Blanche selon ses souhaits. Il a fait peaufiner le bureau ovale et met d\u00e9sormais l&rsquo;accent sur l&rsquo;\u00e9clat dor\u00e9. Dans la roseraie, une pelouse a c\u00e9d\u00e9 la place \u00e0 un coin salon en dalles.<\/p>\n<p>La salle de bal pr\u00e9vue sera construite dans l&rsquo;aile est du complexe immobilier et, selon le gouvernement, pourra accueillir 900 personnes et co\u00fbtera environ 200 millions de dollars (environ 172 millions d&rsquo;euros). (dpa)<\/p>\n","protected":false},"excerpt":{"rendered":"<p>Donald Trump veut construire un arc de triomphe \u00e0 Washington. Il doit \u00eatre aussi grand et \u00ab beau \u00bb que possible. Le pr\u00e9sident am\u00e9ricain laisse<\/p>\n","protected":false},"author":1,"featured_media":10716,"comment_status":"","ping_status":"","sticky":false,"template":"","format":"standard","meta":{"footnotes":""},"categories":[298],"tags":[10,5642,4841,3148,3349,560,1751,3075,8927,194,6228,2425,110,5056],"class_list":["post-10715","post","type-post","status-publish","format-standard","has-post-thumbnail","hentry","category-belgique","tag-americain","tag-arc","tag-bal","tag-blanche","tag-dollars","tag-maison","tag-millions","tag-president","tag-prevoit","tag-salle","tag-triomphe","tag-trump","tag-une","tag-washington","generate-columns","tablet-grid-50","mobile-grid-100","grid-parent","grid-33"],"yoast_head":"<!-- This site is optimized with the Yoast SEO plugin v24.0 - https:\/\/yoast.com\/wordpress\/plugins\/seo\/ -->\n<title>Le pr\u00e9sident am\u00e9ricain Trump pr\u00e9voit un arc de triomphe \u00e0 Washington et une salle de bal de 200 millions de dollars \u00e0 la Maison Blanche. | Vie Associative<\/title>\n<meta name=\"robots\" content=\"index, follow, max-snippet:-1, max-image-preview:large, max-video-preview:-1\" \/>\n<link rel=\"canonical\" href=\"https:\/\/vieassociative.be\/actualites\/le-president-americain-trump-prevoit-un-arc-de-triomphe-a-washington-et-une-salle-de-bal-de-200-millions-de-dollars-a-la-maison-blanche\/\" \/>\n<meta property=\"og:locale\" content=\"fr_FR\" \/>\n<meta property=\"og:type\" content=\"article\" \/>\n<meta property=\"og:title\" content=\"Le pr\u00e9sident am\u00e9ricain Trump pr\u00e9voit un arc de triomphe \u00e0 Washington et une salle de bal de 200 millions de dollars \u00e0 la Maison Blanche. | Vie Associative\" \/>\n<meta property=\"og:description\" content=\"Donald Trump veut construire un arc de triomphe \u00e0 Washington. Il doit \u00eatre aussi grand et \u00ab beau \u00bb que possible. Le pr\u00e9sident am\u00e9ricain laisse\" \/>\n<meta property=\"og:url\" content=\"https:\/\/vieassociative.be\/actualites\/le-president-americain-trump-prevoit-un-arc-de-triomphe-a-washington-et-une-salle-de-bal-de-200-millions-de-dollars-a-la-maison-blanche\/\" \/>\n<meta property=\"og:site_name\" content=\"Vie Associative\" \/>\n<meta property=\"article:published_time\" content=\"2025-10-17T02:18:11+00:00\" \/>\n<meta property=\"og:image\" content=\"https:\/\/vieassociative.be\/actualites\/wp-content\/uploads\/2024\/09\/header_backgroundk-01-e1726694325946.png\" \/>\n\t<meta property=\"og:image:width\" content=\"279\" \/>\n\t<meta property=\"og:image:height\" content=\"92\" \/>\n\t<meta property=\"og:image:type\" content=\"image\/png\" \/>\n<meta name=\"author\" content=\"Julien\" \/>\n<meta name=\"twitter:card\" content=\"summary_large_image\" \/>\n<meta name=\"twitter:label1\" content=\"\u00c9crit par\" \/>\n\t<meta name=\"twitter:data1\" content=\"Julien\" \/>\n\t<meta name=\"twitter:label2\" content=\"Dur\u00e9e de lecture est.\" \/>\n\t<meta name=\"twitter:data2\" content=\"2 minutes\" \/>\n<script type=\"application\/ld+json\" class=\"yoast-schema-graph\">{\"@context\":\"https:\/\/schema.org\",\"@graph\":[{\"@type\":\"Article\",\"@id\":\"https:\/\/vieassociative.be\/actualites\/le-president-americain-trump-prevoit-un-arc-de-triomphe-a-washington-et-une-salle-de-bal-de-200-millions-de-dollars-a-la-maison-blanche\/#article\",\"isPartOf\":{\"@id\":\"https:\/\/vieassociative.be\/actualites\/le-president-americain-trump-prevoit-un-arc-de-triomphe-a-washington-et-une-salle-de-bal-de-200-millions-de-dollars-a-la-maison-blanche\/\"},\"author\":{\"name\":\"Julien\",\"@id\":\"https:\/\/vieassociative.be\/actualites\/#\/schema\/person\/b87ac4f82f9d4e7b7cec7395b679edc4\"},\"headline\":\"Le pr\u00e9sident am\u00e9ricain Trump pr\u00e9voit un arc de triomphe \u00e0 Washington et une salle de bal de 200 millions de dollars \u00e0 la Maison Blanche.\",\"datePublished\":\"2025-10-17T02:18:11+00:00\",\"dateModified\":\"2025-10-17T02:18:11+00:00\",\"mainEntityOfPage\":{\"@id\":\"https:\/\/vieassociative.be\/actualites\/le-president-americain-trump-prevoit-un-arc-de-triomphe-a-washington-et-une-salle-de-bal-de-200-millions-de-dollars-a-la-maison-blanche\/\"},\"wordCount\":453,\"publisher\":{\"@id\":\"https:\/\/vieassociative.be\/actualites\/#organization\"},\"image\":{\"@id\":\"https:\/\/vieassociative.be\/actualites\/le-president-americain-trump-prevoit-un-arc-de-triomphe-a-washington-et-une-salle-de-bal-de-200-millions-de-dollars-a-la-maison-blanche\/#primaryimage\"},\"thumbnailUrl\":\"https:\/\/vieassociative.be\/actualites\/wp-content\/uploads\/2025\/10\/1760667492_Le-president-americain-Trump-prevoit-un-arc-de-triomphe-a.jpg\",\"keywords\":[\"am\u00e9ricain\",\"Arc\",\"bal\",\"Blanche\",\"dollars\",\"maison\",\"millions\",\"pr\u00e9sident\",\"pr\u00e9voit\",\"salle\",\"triomphe\",\"Trump\",\"une\",\"Washington\"],\"articleSection\":[\"Belgique\"],\"inLanguage\":\"fr-BE\"},{\"@type\":\"WebPage\",\"@id\":\"https:\/\/vieassociative.be\/actualites\/le-president-americain-trump-prevoit-un-arc-de-triomphe-a-washington-et-une-salle-de-bal-de-200-millions-de-dollars-a-la-maison-blanche\/\",\"url\":\"https:\/\/vieassociative.be\/actualites\/le-president-americain-trump-prevoit-un-arc-de-triomphe-a-washington-et-une-salle-de-bal-de-200-millions-de-dollars-a-la-maison-blanche\/\",\"name\":\"Le pr\u00e9sident am\u00e9ricain Trump pr\u00e9voit un arc de triomphe \u00e0 Washington et une salle de bal de 200 millions de dollars \u00e0 la Maison Blanche. | Vie Associative\",\"isPartOf\":{\"@id\":\"https:\/\/vieassociative.be\/actualites\/#website\"},\"primaryImageOfPage\":{\"@id\":\"https:\/\/vieassociative.be\/actualites\/le-president-americain-trump-prevoit-un-arc-de-triomphe-a-washington-et-une-salle-de-bal-de-200-millions-de-dollars-a-la-maison-blanche\/#primaryimage\"},\"image\":{\"@id\":\"https:\/\/vieassociative.be\/actualites\/le-president-americain-trump-prevoit-un-arc-de-triomphe-a-washington-et-une-salle-de-bal-de-200-millions-de-dollars-a-la-maison-blanche\/#primaryimage\"},\"thumbnailUrl\":\"https:\/\/vieassociative.be\/actualites\/wp-content\/uploads\/2025\/10\/1760667492_Le-president-americain-Trump-prevoit-un-arc-de-triomphe-a.jpg\",\"datePublished\":\"2025-10-17T02:18:11+00:00\",\"dateModified\":\"2025-10-17T02:18:11+00:00\",\"breadcrumb\":{\"@id\":\"https:\/\/vieassociative.be\/actualites\/le-president-americain-trump-prevoit-un-arc-de-triomphe-a-washington-et-une-salle-de-bal-de-200-millions-de-dollars-a-la-maison-blanche\/#breadcrumb\"},\"inLanguage\":\"fr-BE\",\"potentialAction\":[{\"@type\":\"ReadAction\",\"target\":[\"https:\/\/vieassociative.be\/actualites\/le-president-americain-trump-prevoit-un-arc-de-triomphe-a-washington-et-une-salle-de-bal-de-200-millions-de-dollars-a-la-maison-blanche\/\"]}]},{\"@type\":\"ImageObject\",\"inLanguage\":\"fr-BE\",\"@id\":\"https:\/\/vieassociative.be\/actualites\/le-president-americain-trump-prevoit-un-arc-de-triomphe-a-washington-et-une-salle-de-bal-de-200-millions-de-dollars-a-la-maison-blanche\/#primaryimage\",\"url\":\"https:\/\/vieassociative.be\/actualites\/wp-content\/uploads\/2025\/10\/1760667492_Le-president-americain-Trump-prevoit-un-arc-de-triomphe-a.jpg\",\"contentUrl\":\"https:\/\/vieassociative.be\/actualites\/wp-content\/uploads\/2025\/10\/1760667492_Le-president-americain-Trump-prevoit-un-arc-de-triomphe-a.jpg\",\"width\":1200,\"height\":800,\"caption\":\"Le pr\u00e9sident am\u00e9ricain Trump pr\u00e9voit un arc de triomphe \u00e0 Washington et une salle de bal de 200 millions de dollars \u00e0 la Maison Blanche.\"},{\"@type\":\"BreadcrumbList\",\"@id\":\"https:\/\/vieassociative.be\/actualites\/le-president-americain-trump-prevoit-un-arc-de-triomphe-a-washington-et-une-salle-de-bal-de-200-millions-de-dollars-a-la-maison-blanche\/#breadcrumb\",\"itemListElement\":[{\"@type\":\"ListItem\",\"position\":1,\"name\":\"Accueil\",\"item\":\"https:\/\/vieassociative.be\/actualites\/\"},{\"@type\":\"ListItem\",\"position\":2,\"name\":\"Le pr\u00e9sident am\u00e9ricain Trump pr\u00e9voit un arc de triomphe \u00e0 Washington et une salle de bal de 200 millions de dollars \u00e0 la Maison Blanche.\"}]},{\"@type\":\"WebSite\",\"@id\":\"https:\/\/vieassociative.be\/actualites\/#website\",\"url\":\"https:\/\/vieassociative.be\/actualites\/\",\"name\":\"Vie Associative\",\"description\":\"\",\"publisher\":{\"@id\":\"https:\/\/vieassociative.be\/actualites\/#organization\"},\"potentialAction\":[{\"@type\":\"SearchAction\",\"target\":{\"@type\":\"EntryPoint\",\"urlTemplate\":\"https:\/\/vieassociative.be\/actualites\/?s={search_term_string}\"},\"query-input\":{\"@type\":\"PropertyValueSpecification\",\"valueRequired\":true,\"valueName\":\"search_term_string\"}}],\"inLanguage\":\"fr-BE\"},{\"@type\":\"Organization\",\"@id\":\"https:\/\/vieassociative.be\/actualites\/#organization\",\"name\":\"Vie Associative\",\"url\":\"https:\/\/vieassociative.be\/actualites\/\",\"logo\":{\"@type\":\"ImageObject\",\"inLanguage\":\"fr-BE\",\"@id\":\"https:\/\/vieassociative.be\/actualites\/#\/schema\/logo\/image\/\",\"url\":\"https:\/\/vieassociative.be\/actualites\/wp-content\/uploads\/2024\/09\/cropped-vieassociative_favicon.ico.png\",\"contentUrl\":\"https:\/\/vieassociative.be\/actualites\/wp-content\/uploads\/2024\/09\/cropped-vieassociative_favicon.ico.png\",\"width\":512,\"height\":512,\"caption\":\"Vie Associative\"},\"image\":{\"@id\":\"https:\/\/vieassociative.be\/actualites\/#\/schema\/logo\/image\/\"}},{\"@type\":\"Person\",\"@id\":\"https:\/\/vieassociative.be\/actualites\/#\/schema\/person\/b87ac4f82f9d4e7b7cec7395b679edc4\",\"name\":\"Julien\",\"image\":{\"@type\":\"ImageObject\",\"inLanguage\":\"fr-BE\",\"@id\":\"https:\/\/vieassociative.be\/actualites\/#\/schema\/person\/image\/\",\"url\":\"https:\/\/vieassociative.be\/actualites\/wp-content\/uploads\/2024\/09\/vie-associative-1-150x150.jpg\",\"contentUrl\":\"https:\/\/vieassociative.be\/actualites\/wp-content\/uploads\/2024\/09\/vie-associative-1-150x150.jpg\",\"caption\":\"Julien\"},\"description\":\"Je suis Julien, r\u00e9dacteur pour Vie Associative. Passionn\u00e9 par le monde associatif depuis plus de 10 ans, j'ai \u00e0 c\u0153ur de partager des histoires inspirantes et de mettre en lumi\u00e8re les initiatives locales. Mon objectif est de sensibiliser et d'encourager l'engagement communautaire \u00e0 travers mes articles.\",\"sameAs\":[\"https:\/\/vieassociative.be\/\"]}]}<\/script>\n<!-- \/ Yoast SEO plugin. -->","yoast_head_json":{"title":"Le pr\u00e9sident am\u00e9ricain Trump pr\u00e9voit un arc de triomphe \u00e0 Washington et une salle de bal de 200 millions de dollars \u00e0 la Maison Blanche. | Vie Associative","robots":{"index":"index","follow":"follow","max-snippet":"max-snippet:-1","max-image-preview":"max-image-preview:large","max-video-preview":"max-video-preview:-1"},"canonical":"https:\/\/vieassociative.be\/actualites\/le-president-americain-trump-prevoit-un-arc-de-triomphe-a-washington-et-une-salle-de-bal-de-200-millions-de-dollars-a-la-maison-blanche\/","og_locale":"fr_FR","og_type":"article","og_title":"Le pr\u00e9sident am\u00e9ricain Trump pr\u00e9voit un arc de triomphe \u00e0 Washington et une salle de bal de 200 millions de dollars \u00e0 la Maison Blanche. | Vie Associative","og_description":"Donald Trump veut construire un arc de triomphe \u00e0 Washington. Il doit \u00eatre aussi grand et \u00ab beau \u00bb que possible. Le pr\u00e9sident am\u00e9ricain laisse","og_url":"https:\/\/vieassociative.be\/actualites\/le-president-americain-trump-prevoit-un-arc-de-triomphe-a-washington-et-une-salle-de-bal-de-200-millions-de-dollars-a-la-maison-blanche\/","og_site_name":"Vie Associative","article_published_time":"2025-10-17T02:18:11+00:00","og_image":[{"width":279,"height":92,"url":"https:\/\/vieassociative.be\/actualites\/wp-content\/uploads\/2024\/09\/header_backgroundk-01-e1726694325946.png","type":"image\/png"}],"author":"Julien","twitter_card":"summary_large_image","twitter_misc":{"\u00c9crit par":"Julien","Dur\u00e9e de lecture est.":"2 minutes"},"schema":{"@context":"https:\/\/schema.org","@graph":[{"@type":"Article","@id":"https:\/\/vieassociative.be\/actualites\/le-president-americain-trump-prevoit-un-arc-de-triomphe-a-washington-et-une-salle-de-bal-de-200-millions-de-dollars-a-la-maison-blanche\/#article","isPartOf":{"@id":"https:\/\/vieassociative.be\/actualites\/le-president-americain-trump-prevoit-un-arc-de-triomphe-a-washington-et-une-salle-de-bal-de-200-millions-de-dollars-a-la-maison-blanche\/"},"author":{"name":"Julien","@id":"https:\/\/vieassociative.be\/actualites\/#\/schema\/person\/b87ac4f82f9d4e7b7cec7395b679edc4"},"headline":"Le pr\u00e9sident am\u00e9ricain Trump pr\u00e9voit un arc de triomphe \u00e0 Washington et une salle de bal de 200 millions de dollars \u00e0 la Maison Blanche.","datePublished":"2025-10-17T02:18:11+00:00","dateModified":"2025-10-17T02:18:11+00:00","mainEntityOfPage":{"@id":"https:\/\/vieassociative.be\/actualites\/le-president-americain-trump-prevoit-un-arc-de-triomphe-a-washington-et-une-salle-de-bal-de-200-millions-de-dollars-a-la-maison-blanche\/"},"wordCount":453,"publisher":{"@id":"https:\/\/vieassociative.be\/actualites\/#organization"},"image":{"@id":"https:\/\/vieassociative.be\/actualites\/le-president-americain-trump-prevoit-un-arc-de-triomphe-a-washington-et-une-salle-de-bal-de-200-millions-de-dollars-a-la-maison-blanche\/#primaryimage"},"thumbnailUrl":"https:\/\/vieassociative.be\/actualites\/wp-content\/uploads\/2025\/10\/1760667492_Le-president-americain-Trump-prevoit-un-arc-de-triomphe-a.jpg","keywords":["am\u00e9ricain","Arc","bal","Blanche","dollars","maison","millions","pr\u00e9sident","pr\u00e9voit","salle","triomphe","Trump","une","Washington"],"articleSection":["Belgique"],"inLanguage":"fr-BE"},{"@type":"WebPage","@id":"https:\/\/vieassociative.be\/actualites\/le-president-americain-trump-prevoit-un-arc-de-triomphe-a-washington-et-une-salle-de-bal-de-200-millions-de-dollars-a-la-maison-blanche\/","url":"https:\/\/vieassociative.be\/actualites\/le-president-americain-trump-prevoit-un-arc-de-triomphe-a-washington-et-une-salle-de-bal-de-200-millions-de-dollars-a-la-maison-blanche\/","name":"Le pr\u00e9sident am\u00e9ricain Trump pr\u00e9voit un arc de triomphe \u00e0 Washington et une salle de bal de 200 millions de dollars \u00e0 la Maison Blanche. | Vie Associative","isPartOf":{"@id":"https:\/\/vieassociative.be\/actualites\/#website"},"primaryImageOfPage":{"@id":"https:\/\/vieassociative.be\/actualites\/le-president-americain-trump-prevoit-un-arc-de-triomphe-a-washington-et-une-salle-de-bal-de-200-millions-de-dollars-a-la-maison-blanche\/#primaryimage"},"image":{"@id":"https:\/\/vieassociative.be\/actualites\/le-president-americain-trump-prevoit-un-arc-de-triomphe-a-washington-et-une-salle-de-bal-de-200-millions-de-dollars-a-la-maison-blanche\/#primaryimage"},"thumbnailUrl":"https:\/\/vieassociative.be\/actualites\/wp-content\/uploads\/2025\/10\/1760667492_Le-president-americain-Trump-prevoit-un-arc-de-triomphe-a.jpg","datePublished":"2025-10-17T02:18:11+00:00","dateModified":"2025-10-17T02:18:11+00:00","breadcrumb":{"@id":"https:\/\/vieassociative.be\/actualites\/le-president-americain-trump-prevoit-un-arc-de-triomphe-a-washington-et-une-salle-de-bal-de-200-millions-de-dollars-a-la-maison-blanche\/#breadcrumb"},"inLanguage":"fr-BE","potentialAction":[{"@type":"ReadAction","target":["https:\/\/vieassociative.be\/actualites\/le-president-americain-trump-prevoit-un-arc-de-triomphe-a-washington-et-une-salle-de-bal-de-200-millions-de-dollars-a-la-maison-blanche\/"]}]},{"@type":"ImageObject","inLanguage":"fr-BE","@id":"https:\/\/vieassociative.be\/actualites\/le-president-americain-trump-prevoit-un-arc-de-triomphe-a-washington-et-une-salle-de-bal-de-200-millions-de-dollars-a-la-maison-blanche\/#primaryimage","url":"https:\/\/vieassociative.be\/actualites\/wp-content\/uploads\/2025\/10\/1760667492_Le-president-americain-Trump-prevoit-un-arc-de-triomphe-a.jpg","contentUrl":"https:\/\/vieassociative.be\/actualites\/wp-content\/uploads\/2025\/10\/1760667492_Le-president-americain-Trump-prevoit-un-arc-de-triomphe-a.jpg","width":1200,"height":800,"caption":"Le pr\u00e9sident am\u00e9ricain Trump pr\u00e9voit un arc de triomphe \u00e0 Washington et une salle de bal de 200 millions de dollars \u00e0 la Maison Blanche."},{"@type":"BreadcrumbList","@id":"https:\/\/vieassociative.be\/actualites\/le-president-americain-trump-prevoit-un-arc-de-triomphe-a-washington-et-une-salle-de-bal-de-200-millions-de-dollars-a-la-maison-blanche\/#breadcrumb","itemListElement":[{"@type":"ListItem","position":1,"name":"Accueil","item":"https:\/\/vieassociative.be\/actualites\/"},{"@type":"ListItem","position":2,"name":"Le pr\u00e9sident am\u00e9ricain Trump pr\u00e9voit un arc de triomphe \u00e0 Washington et une salle de bal de 200 millions de dollars \u00e0 la Maison Blanche."}]},{"@type":"WebSite","@id":"https:\/\/vieassociative.be\/actualites\/#website","url":"https:\/\/vieassociative.be\/actualites\/","name":"Vie Associative","description":"","publisher":{"@id":"https:\/\/vieassociative.be\/actualites\/#organization"},"potentialAction":[{"@type":"SearchAction","target":{"@type":"EntryPoint","urlTemplate":"https:\/\/vieassociative.be\/actualites\/?s={search_term_string}"},"query-input":{"@type":"PropertyValueSpecification","valueRequired":true,"valueName":"search_term_string"}}],"inLanguage":"fr-BE"},{"@type":"Organization","@id":"https:\/\/vieassociative.be\/actualites\/#organization","name":"Vie Associative","url":"https:\/\/vieassociative.be\/actualites\/","logo":{"@type":"ImageObject","inLanguage":"fr-BE","@id":"https:\/\/vieassociative.be\/actualites\/#\/schema\/logo\/image\/","url":"https:\/\/vieassociative.be\/actualites\/wp-content\/uploads\/2024\/09\/cropped-vieassociative_favicon.ico.png","contentUrl":"https:\/\/vieassociative.be\/actualites\/wp-content\/uploads\/2024\/09\/cropped-vieassociative_favicon.ico.png","width":512,"height":512,"caption":"Vie Associative"},"image":{"@id":"https:\/\/vieassociative.be\/actualites\/#\/schema\/logo\/image\/"}},{"@type":"Person","@id":"https:\/\/vieassociative.be\/actualites\/#\/schema\/person\/b87ac4f82f9d4e7b7cec7395b679edc4","name":"Julien","image":{"@type":"ImageObject","inLanguage":"fr-BE","@id":"https:\/\/vieassociative.be\/actualites\/#\/schema\/person\/image\/","url":"https:\/\/vieassociative.be\/actualites\/wp-content\/uploads\/2024\/09\/vie-associative-1-150x150.jpg","contentUrl":"https:\/\/vieassociative.be\/actualites\/wp-content\/uploads\/2024\/09\/vie-associative-1-150x150.jpg","caption":"Julien"},"description":"Je suis Julien, r\u00e9dacteur pour Vie Associative. Passionn\u00e9 par le monde associatif depuis plus de 10 ans, j'ai \u00e0 c\u0153ur de partager des histoires inspirantes et de mettre en lumi\u00e8re les initiatives locales. Mon objectif est de sensibiliser et d'encourager l'engagement communautaire \u00e0 travers mes articles.","sameAs":["https:\/\/vieassociative.be\/"]}]}},"_links":{"self":[{"href":"https:\/\/vieassociative.be\/actualites\/wp-json\/wp\/v2\/posts\/10715"}],"collection":[{"href":"https:\/\/vieassociative.be\/actualites\/wp-json\/wp\/v2\/posts"}],"about":[{"href":"https:\/\/vieassociative.be\/actualites\/wp-json\/wp\/v2\/types\/post"}],"author":[{"embeddable":true,"href":"https:\/\/vieassociative.be\/actualites\/wp-json\/wp\/v2\/users\/1"}],"replies":[{"embeddable":true,"href":"https:\/\/vieassociative.be\/actualites\/wp-json\/wp\/v2\/comments?post=10715"}],"version-history":[{"count":0,"href":"https:\/\/vieassociative.be\/actualites\/wp-json\/wp\/v2\/posts\/10715\/revisions"}],"wp:featuredmedia":[{"embeddable":true,"href":"https:\/\/vieassociative.be\/actualites\/wp-json\/wp\/v2\/media\/10716"}],"wp:attachment":[{"href":"https:\/\/vieassociative.be\/actualites\/wp-json\/wp\/v2\/media?parent=10715"}],"wp:term":[{"taxonomy":"category","embeddable":true,"href":"https:\/\/vieassociative.be\/actualites\/wp-json\/wp\/v2\/categories?post=10715"},{"taxonomy":"post_tag","embeddable":true,"href":"https:\/\/vieassociative.be\/actualites\/wp-json\/wp\/v2\/tags?post=10715"}],"curies":[{"name":"wp","href":"https:\/\/api.w.org\/{rel}","templated":true}]}}