{"id":10713,"date":"2025-10-17T03:19:07","date_gmt":"2025-10-17T01:19:07","guid":{"rendered":"https:\/\/vieassociative.be\/actualites\/x-pourrait-commencer-a-afficher-ces-informations-personnelles-sur-votre-page-de-profil\/"},"modified":"2025-10-17T03:19:07","modified_gmt":"2025-10-17T01:19:07","slug":"x-pourrait-commencer-a-afficher-ces-informations-personnelles-sur-votre-page-de-profil","status":"publish","type":"post","link":"https:\/\/vieassociative.be\/actualites\/x-pourrait-commencer-a-afficher-ces-informations-personnelles-sur-votre-page-de-profil\/","title":{"rendered":"X pourrait commencer \u00e0 afficher ces informations personnelles sur votre page de profil"},"content":{"rendered":"<div class=\"mt-4 leading-6 md:mb-8\">J&rsquo;esp\u00e8re que vous voulez que tout le monde sache o\u00f9 vous habitez.<\/div>\n<p><\/p>\n<p><em>Saviez-vous que vous pouvez personnaliser Google pour filtrer les d\u00e9chets\u00a0? Suivez ces \u00e9tapes<\/em><em> pour de meilleurs r\u00e9sultats de recherche, notamment en ajoutant mon travail chez Vie Associative comme source pr\u00e9f\u00e9r\u00e9e<\/em><em>.<\/em><\/p>\n<hr>\n<p>Lorsqu&rsquo;Elon Musk a achet\u00e9 Twitter en 2022, il a promis \u00e0 plusieurs reprises de r\u00e9duire le nombre de robots sur le site et a pr\u00e9sent\u00e9 des plans pour \u00ab authentifier tous les vrais humains \u00bb. Aujourd&rsquo;hui, en 2025, les v\u00e9ritables num\u00e9ros de robots du site de r\u00e9seau social connu sous le nom de X sont inconnus, bien qu&rsquo;une soci\u00e9t\u00e9 de cybers\u00e9curit\u00e9 s&rsquo;adressant \u00e0 Mashable ait d\u00e9clar\u00e9 que 76 % du trafic provenant de X lors du Super Bowl de l&rsquo;ann\u00e9e derni\u00e8re \u00e9tait faux. Ajoutez \u00e0 cela le fait que ces plans visant \u00e0 authentifier les vrais utilisateurs ont d\u00e9sormais \u00e9t\u00e9 remplac\u00e9s par un syst\u00e8me de v\u00e9rification payant, et il est clair que le site est encore en train de trouver comment g\u00e9rer les faux utilisateurs. Le projet le plus r\u00e9cent ? Mettez un certain nombre de vos informations personnelles dans une section \u00ab\u00a0\u00c0 propos de ce compte\u00a0\u00bb sur votre page de profil.<\/p>\n<p>Dans un article publi\u00e9 cette semaine par X, Nikita Bier, responsable du produit X, a d\u00e9clar\u00e9 qu&rsquo;\u00e0 partir de la semaine prochaine, le site de m\u00e9dias sociaux commencerait \u00e0 \u00ab\u00a0exp\u00e9rimenter l&rsquo;affichage de nouvelles informations sur les profils\u00a0\u00bb. Cela inclut le pays dans lequel un utilisateur est bas\u00e9, quand il a rejoint le site, combien de fois il a chang\u00e9 son nom d&rsquo;utilisateur et comment il acc\u00e8de au site (via un ordinateur ou via l&rsquo;application, par exemple).<\/p>\n<div class=\"mx-auto mb-12 mt-5 w-full max-w-3xl rounded-md border-2 border-gray-100 p-3 shadow-md md:px-7 md:pb-7 md:pt-5\" id=\"related-video\">\n<div class=\"mb-3 flex items-center md:mb-5\">\n        <img decoding=\"async\" class=\"mr-4 mt-0 h-10 w-10 md:mr-5 md:h-12 md:w-12\" src=\"https:\/\/vieassociative.be\/actualites\/wp-content\/uploads\/2025\/09\/1757726237_608_Meta-pourrait-devoiler-une-montre-intelligente-pour-controler-ses-lunettes.jpg\" alt=\"Logo du pirate de la vie\"><\/p><\/div>\n<div class=\"aspect-video w-full overflow-hidden rounded-md\">\n<div id=\"video-container-01K7QTKFDF5SWR19BWRHFTHCG6\"><\/div>\n<\/p><\/div>\n<\/div>\n<p>L&rsquo;id\u00e9e, dit Bier, est que la v\u00e9rification de ces informations permettra aux utilisateurs de \u00ab\u00a0v\u00e9rifier l&rsquo;authenticit\u00e9 (d&rsquo;un compte)\u00a0\u00bb. Par exemple, si vous recevez un spam avec un groupe d&rsquo;abonn\u00e9s suspects et qu&rsquo;ils semblent tous \u00eatre de nouveaux comptes de la m\u00eame r\u00e9gion, vous pourrez peut-\u00eatre en d\u00e9duire que vous \u00eates cibl\u00e9 par une sorte d&rsquo;attaque de spam coordonn\u00e9e.<\/p>\n<p>Cependant, dans le m\u00eame temps, la nouvelle section pose des probl\u00e8mes de confidentialit\u00e9. Un utilisateur, par exemple, a demand\u00e9 \u00e0 Bier si les comptes X pourraient refuser que le pays dans lequel ils sont bas\u00e9s soit affich\u00e9 \u00e0 la vue de tous. Un autre, apparemment favorable au nouveau syst\u00e8me, a demand\u00e9 si la page pouvait inclure des informations sur l&rsquo;appareil \u00e0 partir duquel un utilisateur publie, ce \u00e0 quoi Bier a r\u00e9pondu que l&rsquo;\u00e9quipe \u00ab\u00a0exp\u00e9rimente divers d\u00e9tails de l&rsquo;appareil pour que les utilisateurs puissent se faire un jugement sur l&rsquo;authenticit\u00e9\u00a0\u00bb. Ouais.<\/p>\n<p>Bien que rien de tout cela ne soit aussi agressif que de simplement publier votre adresse, cela l\u00e8ve quand m\u00eame le rideau un peu plus que je ne le souhaiterais et laisse la possibilit\u00e9 aux autres de porter des jugements sur vous en fonction de la g\u00e9ographie, ou si Bier donne suite \u00e0 ce deuxi\u00e8me point, votre mod\u00e8le de t\u00e9l\u00e9phone.<\/p>\n<p>Heureusement, il n\u2019est pas encore garanti que cette fonctionnalit\u00e9 soit disponible pour tout le monde. Bier dit que le test initial commencera avec \u00ab\u00a0une poign\u00e9e de membres de l&rsquo;\u00e9quipe X pour obtenir des commentaires\u00a0\u00bb. Et il faut reconna\u00eetre qu&rsquo;il a \u00e9t\u00e9 r\u00e9actif dans ses r\u00e9ponses \u00e0 son message, reconnaissant que dans \u00ab les pays o\u00f9 la parole peut \u00eatre sanctionn\u00e9e, nous devrions remplacer le pays par la r\u00e9gion \u00bb.<\/p>\n<p>Si la nouvelle section vous d\u00e9range, c\u2019est le moment d\u2019en parler. Si, toutefois, il parvient un jour \u00e0 votre profil, il y a une lueur d\u2019espoir. Bier dit que si vous ne souhaitez pas que certaines informations soient rendues publiques sur votre profil, \u00ab\u00a0il y aura des boutons de confidentialit\u00e9\u00a0\u00bb. Cependant, si un utilisateur les configure, dit-il, \u00ab\u00a0cela sera probablement mis en \u00e9vidence sur son profil\u00a0\u00bb.<\/p>\n<p>Pour mon argent, je suis essentiellement pass\u00e9 de X \u00e0 ce stade, et les robots en sont une des principales raisons. N\u00e9anmoins, je ne suis pas s\u00fbr qu&rsquo;encourager les utilisateurs \u00e0 se juger les uns les autres en fonction de l&rsquo;endroit o\u00f9 ils se trouvent (ou m\u00eame des changements de nom d&rsquo;utilisateur, qui sont courants pendant la saison effrayante) soit la bonne d\u00e9cision. Alors que certains pays sont plus associ\u00e9s que d\u2019autres \u00e0 des comptes inauthentiques, les vrais utilisateurs vivent partout, et laisser entendre que les lecteurs devraient en rejeter d\u2019autres simplement en fonction de l\u2019endroit o\u00f9 ils se trouvent risque d\u2019ajouter encore plus de toxicit\u00e9 \u00e0 la pile. Prenez cette r\u00e9ponse bizarre \u00e0 l&rsquo;annonce de Bier, qui implique que&#8230; le Canada ?&#8230; est plein de trolls.<\/p>\n","protected":false},"excerpt":{"rendered":"<p>J&rsquo;esp\u00e8re que vous voulez que tout le monde sache o\u00f9 vous habitez. Saviez-vous que vous pouvez personnaliser Google pour filtrer les d\u00e9chets\u00a0? Suivez ces \u00e9tapes<\/p>\n","protected":false},"author":1,"featured_media":10714,"comment_status":"","ping_status":"","sticky":false,"template":"","format":"standard","meta":{"footnotes":""},"categories":[13],"tags":[8926,248,1323,86,6087,2764,1041,1183,33,8],"class_list":["post-10713","post","type-post","status-publish","format-standard","has-post-thumbnail","hentry","category-technologie","tag-afficher","tag-ces","tag-commencer","tag-informations","tag-page","tag-personnelles","tag-pourrait","tag-profil","tag-sur","tag-votre","generate-columns","tablet-grid-50","mobile-grid-100","grid-parent","grid-33"],"yoast_head":"<!-- This site is optimized with the Yoast SEO plugin v24.0 - https:\/\/yoast.com\/wordpress\/plugins\/seo\/ -->\n<title>X pourrait commencer \u00e0 afficher ces informations personnelles sur votre page de profil | Vie Associative<\/title>\n<meta name=\"robots\" content=\"index, follow, max-snippet:-1, max-image-preview:large, max-video-preview:-1\" \/>\n<link rel=\"canonical\" href=\"https:\/\/vieassociative.be\/actualites\/x-pourrait-commencer-a-afficher-ces-informations-personnelles-sur-votre-page-de-profil\/\" \/>\n<meta property=\"og:locale\" content=\"fr_FR\" \/>\n<meta property=\"og:type\" content=\"article\" \/>\n<meta property=\"og:title\" content=\"X pourrait commencer \u00e0 afficher ces informations personnelles sur votre page de profil | Vie Associative\" \/>\n<meta property=\"og:description\" content=\"J&rsquo;esp\u00e8re que vous voulez que tout le monde sache o\u00f9 vous habitez. Saviez-vous que vous pouvez personnaliser Google pour filtrer les d\u00e9chets\u00a0? Suivez ces \u00e9tapes\" \/>\n<meta property=\"og:url\" content=\"https:\/\/vieassociative.be\/actualites\/x-pourrait-commencer-a-afficher-ces-informations-personnelles-sur-votre-page-de-profil\/\" \/>\n<meta property=\"og:site_name\" content=\"Vie Associative\" \/>\n<meta property=\"article:published_time\" content=\"2025-10-17T01:19:07+00:00\" \/>\n<meta property=\"og:image\" content=\"https:\/\/vieassociative.be\/actualites\/wp-content\/uploads\/2025\/09\/1757726237_608_Meta-pourrait-devoiler-une-montre-intelligente-pour-controler-ses-lunettes.jpg\" \/>\n<meta name=\"author\" content=\"Julien\" \/>\n<meta name=\"twitter:card\" content=\"summary_large_image\" \/>\n<meta name=\"twitter:label1\" content=\"\u00c9crit par\" \/>\n\t<meta name=\"twitter:data1\" content=\"Julien\" \/>\n\t<meta name=\"twitter:label2\" content=\"Dur\u00e9e de lecture est.\" \/>\n\t<meta name=\"twitter:data2\" content=\"4 minutes\" \/>\n<script type=\"application\/ld+json\" class=\"yoast-schema-graph\">{\"@context\":\"https:\/\/schema.org\",\"@graph\":[{\"@type\":\"Article\",\"@id\":\"https:\/\/vieassociative.be\/actualites\/x-pourrait-commencer-a-afficher-ces-informations-personnelles-sur-votre-page-de-profil\/#article\",\"isPartOf\":{\"@id\":\"https:\/\/vieassociative.be\/actualites\/x-pourrait-commencer-a-afficher-ces-informations-personnelles-sur-votre-page-de-profil\/\"},\"author\":{\"name\":\"Julien\",\"@id\":\"https:\/\/vieassociative.be\/actualites\/#\/schema\/person\/b87ac4f82f9d4e7b7cec7395b679edc4\"},\"headline\":\"X pourrait commencer \u00e0 afficher ces informations personnelles sur votre page de profil\",\"datePublished\":\"2025-10-17T01:19:07+00:00\",\"dateModified\":\"2025-10-17T01:19:07+00:00\",\"mainEntityOfPage\":{\"@id\":\"https:\/\/vieassociative.be\/actualites\/x-pourrait-commencer-a-afficher-ces-informations-personnelles-sur-votre-page-de-profil\/\"},\"wordCount\":820,\"publisher\":{\"@id\":\"https:\/\/vieassociative.be\/actualites\/#organization\"},\"image\":{\"@id\":\"https:\/\/vieassociative.be\/actualites\/x-pourrait-commencer-a-afficher-ces-informations-personnelles-sur-votre-page-de-profil\/#primaryimage\"},\"thumbnailUrl\":\"https:\/\/vieassociative.be\/actualites\/wp-content\/uploads\/2025\/10\/X-pourrait-commencer-a-afficher-ces-informations-personnelles-sur-votre.png\",\"keywords\":[\"afficher\",\"ces\",\"commencer\",\"informations\",\"page\",\"personnelles\",\"pourrait\",\"profil\",\"sur\",\"votre\"],\"articleSection\":[\"Technologie\"],\"inLanguage\":\"fr-BE\"},{\"@type\":\"WebPage\",\"@id\":\"https:\/\/vieassociative.be\/actualites\/x-pourrait-commencer-a-afficher-ces-informations-personnelles-sur-votre-page-de-profil\/\",\"url\":\"https:\/\/vieassociative.be\/actualites\/x-pourrait-commencer-a-afficher-ces-informations-personnelles-sur-votre-page-de-profil\/\",\"name\":\"X pourrait commencer \u00e0 afficher ces informations personnelles sur votre page de profil | Vie Associative\",\"isPartOf\":{\"@id\":\"https:\/\/vieassociative.be\/actualites\/#website\"},\"primaryImageOfPage\":{\"@id\":\"https:\/\/vieassociative.be\/actualites\/x-pourrait-commencer-a-afficher-ces-informations-personnelles-sur-votre-page-de-profil\/#primaryimage\"},\"image\":{\"@id\":\"https:\/\/vieassociative.be\/actualites\/x-pourrait-commencer-a-afficher-ces-informations-personnelles-sur-votre-page-de-profil\/#primaryimage\"},\"thumbnailUrl\":\"https:\/\/vieassociative.be\/actualites\/wp-content\/uploads\/2025\/10\/X-pourrait-commencer-a-afficher-ces-informations-personnelles-sur-votre.png\",\"datePublished\":\"2025-10-17T01:19:07+00:00\",\"dateModified\":\"2025-10-17T01:19:07+00:00\",\"breadcrumb\":{\"@id\":\"https:\/\/vieassociative.be\/actualites\/x-pourrait-commencer-a-afficher-ces-informations-personnelles-sur-votre-page-de-profil\/#breadcrumb\"},\"inLanguage\":\"fr-BE\",\"potentialAction\":[{\"@type\":\"ReadAction\",\"target\":[\"https:\/\/vieassociative.be\/actualites\/x-pourrait-commencer-a-afficher-ces-informations-personnelles-sur-votre-page-de-profil\/\"]}]},{\"@type\":\"ImageObject\",\"inLanguage\":\"fr-BE\",\"@id\":\"https:\/\/vieassociative.be\/actualites\/x-pourrait-commencer-a-afficher-ces-informations-personnelles-sur-votre-page-de-profil\/#primaryimage\",\"url\":\"https:\/\/vieassociative.be\/actualites\/wp-content\/uploads\/2025\/10\/X-pourrait-commencer-a-afficher-ces-informations-personnelles-sur-votre.png\",\"contentUrl\":\"https:\/\/vieassociative.be\/actualites\/wp-content\/uploads\/2025\/10\/X-pourrait-commencer-a-afficher-ces-informations-personnelles-sur-votre.png\",\"width\":1200,\"height\":675,\"caption\":\"X pourrait commencer \u00e0 afficher ces informations personnelles sur votre page de profil\"},{\"@type\":\"BreadcrumbList\",\"@id\":\"https:\/\/vieassociative.be\/actualites\/x-pourrait-commencer-a-afficher-ces-informations-personnelles-sur-votre-page-de-profil\/#breadcrumb\",\"itemListElement\":[{\"@type\":\"ListItem\",\"position\":1,\"name\":\"Accueil\",\"item\":\"https:\/\/vieassociative.be\/actualites\/\"},{\"@type\":\"ListItem\",\"position\":2,\"name\":\"X pourrait commencer \u00e0 afficher ces informations personnelles sur votre page de profil\"}]},{\"@type\":\"WebSite\",\"@id\":\"https:\/\/vieassociative.be\/actualites\/#website\",\"url\":\"https:\/\/vieassociative.be\/actualites\/\",\"name\":\"Vie Associative\",\"description\":\"\",\"publisher\":{\"@id\":\"https:\/\/vieassociative.be\/actualites\/#organization\"},\"potentialAction\":[{\"@type\":\"SearchAction\",\"target\":{\"@type\":\"EntryPoint\",\"urlTemplate\":\"https:\/\/vieassociative.be\/actualites\/?s={search_term_string}\"},\"query-input\":{\"@type\":\"PropertyValueSpecification\",\"valueRequired\":true,\"valueName\":\"search_term_string\"}}],\"inLanguage\":\"fr-BE\"},{\"@type\":\"Organization\",\"@id\":\"https:\/\/vieassociative.be\/actualites\/#organization\",\"name\":\"Vie Associative\",\"url\":\"https:\/\/vieassociative.be\/actualites\/\",\"logo\":{\"@type\":\"ImageObject\",\"inLanguage\":\"fr-BE\",\"@id\":\"https:\/\/vieassociative.be\/actualites\/#\/schema\/logo\/image\/\",\"url\":\"https:\/\/vieassociative.be\/actualites\/wp-content\/uploads\/2024\/09\/cropped-vieassociative_favicon.ico.png\",\"contentUrl\":\"https:\/\/vieassociative.be\/actualites\/wp-content\/uploads\/2024\/09\/cropped-vieassociative_favicon.ico.png\",\"width\":512,\"height\":512,\"caption\":\"Vie Associative\"},\"image\":{\"@id\":\"https:\/\/vieassociative.be\/actualites\/#\/schema\/logo\/image\/\"}},{\"@type\":\"Person\",\"@id\":\"https:\/\/vieassociative.be\/actualites\/#\/schema\/person\/b87ac4f82f9d4e7b7cec7395b679edc4\",\"name\":\"Julien\",\"image\":{\"@type\":\"ImageObject\",\"inLanguage\":\"fr-BE\",\"@id\":\"https:\/\/vieassociative.be\/actualites\/#\/schema\/person\/image\/\",\"url\":\"https:\/\/vieassociative.be\/actualites\/wp-content\/uploads\/2024\/09\/vie-associative-1-150x150.jpg\",\"contentUrl\":\"https:\/\/vieassociative.be\/actualites\/wp-content\/uploads\/2024\/09\/vie-associative-1-150x150.jpg\",\"caption\":\"Julien\"},\"description\":\"Je suis Julien, r\u00e9dacteur pour Vie Associative. Passionn\u00e9 par le monde associatif depuis plus de 10 ans, j'ai \u00e0 c\u0153ur de partager des histoires inspirantes et de mettre en lumi\u00e8re les initiatives locales. Mon objectif est de sensibiliser et d'encourager l'engagement communautaire \u00e0 travers mes articles.\",\"sameAs\":[\"https:\/\/vieassociative.be\/\"]}]}<\/script>\n<!-- \/ Yoast SEO plugin. -->","yoast_head_json":{"title":"X pourrait commencer \u00e0 afficher ces informations personnelles sur votre page de profil | Vie Associative","robots":{"index":"index","follow":"follow","max-snippet":"max-snippet:-1","max-image-preview":"max-image-preview:large","max-video-preview":"max-video-preview:-1"},"canonical":"https:\/\/vieassociative.be\/actualites\/x-pourrait-commencer-a-afficher-ces-informations-personnelles-sur-votre-page-de-profil\/","og_locale":"fr_FR","og_type":"article","og_title":"X pourrait commencer \u00e0 afficher ces informations personnelles sur votre page de profil | Vie Associative","og_description":"J&rsquo;esp\u00e8re que vous voulez que tout le monde sache o\u00f9 vous habitez. Saviez-vous que vous pouvez personnaliser Google pour filtrer les d\u00e9chets\u00a0? Suivez ces \u00e9tapes","og_url":"https:\/\/vieassociative.be\/actualites\/x-pourrait-commencer-a-afficher-ces-informations-personnelles-sur-votre-page-de-profil\/","og_site_name":"Vie Associative","article_published_time":"2025-10-17T01:19:07+00:00","og_image":[{"url":"https:\/\/vieassociative.be\/actualites\/wp-content\/uploads\/2025\/09\/1757726237_608_Meta-pourrait-devoiler-une-montre-intelligente-pour-controler-ses-lunettes.jpg","type":"","width":"","height":""}],"author":"Julien","twitter_card":"summary_large_image","twitter_misc":{"\u00c9crit par":"Julien","Dur\u00e9e de lecture est.":"4 minutes"},"schema":{"@context":"https:\/\/schema.org","@graph":[{"@type":"Article","@id":"https:\/\/vieassociative.be\/actualites\/x-pourrait-commencer-a-afficher-ces-informations-personnelles-sur-votre-page-de-profil\/#article","isPartOf":{"@id":"https:\/\/vieassociative.be\/actualites\/x-pourrait-commencer-a-afficher-ces-informations-personnelles-sur-votre-page-de-profil\/"},"author":{"name":"Julien","@id":"https:\/\/vieassociative.be\/actualites\/#\/schema\/person\/b87ac4f82f9d4e7b7cec7395b679edc4"},"headline":"X pourrait commencer \u00e0 afficher ces informations personnelles sur votre page de profil","datePublished":"2025-10-17T01:19:07+00:00","dateModified":"2025-10-17T01:19:07+00:00","mainEntityOfPage":{"@id":"https:\/\/vieassociative.be\/actualites\/x-pourrait-commencer-a-afficher-ces-informations-personnelles-sur-votre-page-de-profil\/"},"wordCount":820,"publisher":{"@id":"https:\/\/vieassociative.be\/actualites\/#organization"},"image":{"@id":"https:\/\/vieassociative.be\/actualites\/x-pourrait-commencer-a-afficher-ces-informations-personnelles-sur-votre-page-de-profil\/#primaryimage"},"thumbnailUrl":"https:\/\/vieassociative.be\/actualites\/wp-content\/uploads\/2025\/10\/X-pourrait-commencer-a-afficher-ces-informations-personnelles-sur-votre.png","keywords":["afficher","ces","commencer","informations","page","personnelles","pourrait","profil","sur","votre"],"articleSection":["Technologie"],"inLanguage":"fr-BE"},{"@type":"WebPage","@id":"https:\/\/vieassociative.be\/actualites\/x-pourrait-commencer-a-afficher-ces-informations-personnelles-sur-votre-page-de-profil\/","url":"https:\/\/vieassociative.be\/actualites\/x-pourrait-commencer-a-afficher-ces-informations-personnelles-sur-votre-page-de-profil\/","name":"X pourrait commencer \u00e0 afficher ces informations personnelles sur votre page de profil | Vie Associative","isPartOf":{"@id":"https:\/\/vieassociative.be\/actualites\/#website"},"primaryImageOfPage":{"@id":"https:\/\/vieassociative.be\/actualites\/x-pourrait-commencer-a-afficher-ces-informations-personnelles-sur-votre-page-de-profil\/#primaryimage"},"image":{"@id":"https:\/\/vieassociative.be\/actualites\/x-pourrait-commencer-a-afficher-ces-informations-personnelles-sur-votre-page-de-profil\/#primaryimage"},"thumbnailUrl":"https:\/\/vieassociative.be\/actualites\/wp-content\/uploads\/2025\/10\/X-pourrait-commencer-a-afficher-ces-informations-personnelles-sur-votre.png","datePublished":"2025-10-17T01:19:07+00:00","dateModified":"2025-10-17T01:19:07+00:00","breadcrumb":{"@id":"https:\/\/vieassociative.be\/actualites\/x-pourrait-commencer-a-afficher-ces-informations-personnelles-sur-votre-page-de-profil\/#breadcrumb"},"inLanguage":"fr-BE","potentialAction":[{"@type":"ReadAction","target":["https:\/\/vieassociative.be\/actualites\/x-pourrait-commencer-a-afficher-ces-informations-personnelles-sur-votre-page-de-profil\/"]}]},{"@type":"ImageObject","inLanguage":"fr-BE","@id":"https:\/\/vieassociative.be\/actualites\/x-pourrait-commencer-a-afficher-ces-informations-personnelles-sur-votre-page-de-profil\/#primaryimage","url":"https:\/\/vieassociative.be\/actualites\/wp-content\/uploads\/2025\/10\/X-pourrait-commencer-a-afficher-ces-informations-personnelles-sur-votre.png","contentUrl":"https:\/\/vieassociative.be\/actualites\/wp-content\/uploads\/2025\/10\/X-pourrait-commencer-a-afficher-ces-informations-personnelles-sur-votre.png","width":1200,"height":675,"caption":"X pourrait commencer \u00e0 afficher ces informations personnelles sur votre page de profil"},{"@type":"BreadcrumbList","@id":"https:\/\/vieassociative.be\/actualites\/x-pourrait-commencer-a-afficher-ces-informations-personnelles-sur-votre-page-de-profil\/#breadcrumb","itemListElement":[{"@type":"ListItem","position":1,"name":"Accueil","item":"https:\/\/vieassociative.be\/actualites\/"},{"@type":"ListItem","position":2,"name":"X pourrait commencer \u00e0 afficher ces informations personnelles sur votre page de profil"}]},{"@type":"WebSite","@id":"https:\/\/vieassociative.be\/actualites\/#website","url":"https:\/\/vieassociative.be\/actualites\/","name":"Vie Associative","description":"","publisher":{"@id":"https:\/\/vieassociative.be\/actualites\/#organization"},"potentialAction":[{"@type":"SearchAction","target":{"@type":"EntryPoint","urlTemplate":"https:\/\/vieassociative.be\/actualites\/?s={search_term_string}"},"query-input":{"@type":"PropertyValueSpecification","valueRequired":true,"valueName":"search_term_string"}}],"inLanguage":"fr-BE"},{"@type":"Organization","@id":"https:\/\/vieassociative.be\/actualites\/#organization","name":"Vie Associative","url":"https:\/\/vieassociative.be\/actualites\/","logo":{"@type":"ImageObject","inLanguage":"fr-BE","@id":"https:\/\/vieassociative.be\/actualites\/#\/schema\/logo\/image\/","url":"https:\/\/vieassociative.be\/actualites\/wp-content\/uploads\/2024\/09\/cropped-vieassociative_favicon.ico.png","contentUrl":"https:\/\/vieassociative.be\/actualites\/wp-content\/uploads\/2024\/09\/cropped-vieassociative_favicon.ico.png","width":512,"height":512,"caption":"Vie Associative"},"image":{"@id":"https:\/\/vieassociative.be\/actualites\/#\/schema\/logo\/image\/"}},{"@type":"Person","@id":"https:\/\/vieassociative.be\/actualites\/#\/schema\/person\/b87ac4f82f9d4e7b7cec7395b679edc4","name":"Julien","image":{"@type":"ImageObject","inLanguage":"fr-BE","@id":"https:\/\/vieassociative.be\/actualites\/#\/schema\/person\/image\/","url":"https:\/\/vieassociative.be\/actualites\/wp-content\/uploads\/2024\/09\/vie-associative-1-150x150.jpg","contentUrl":"https:\/\/vieassociative.be\/actualites\/wp-content\/uploads\/2024\/09\/vie-associative-1-150x150.jpg","caption":"Julien"},"description":"Je suis Julien, r\u00e9dacteur pour Vie Associative. Passionn\u00e9 par le monde associatif depuis plus de 10 ans, j'ai \u00e0 c\u0153ur de partager des histoires inspirantes et de mettre en lumi\u00e8re les initiatives locales. Mon objectif est de sensibiliser et d'encourager l'engagement communautaire \u00e0 travers mes articles.","sameAs":["https:\/\/vieassociative.be\/"]}]}},"_links":{"self":[{"href":"https:\/\/vieassociative.be\/actualites\/wp-json\/wp\/v2\/posts\/10713"}],"collection":[{"href":"https:\/\/vieassociative.be\/actualites\/wp-json\/wp\/v2\/posts"}],"about":[{"href":"https:\/\/vieassociative.be\/actualites\/wp-json\/wp\/v2\/types\/post"}],"author":[{"embeddable":true,"href":"https:\/\/vieassociative.be\/actualites\/wp-json\/wp\/v2\/users\/1"}],"replies":[{"embeddable":true,"href":"https:\/\/vieassociative.be\/actualites\/wp-json\/wp\/v2\/comments?post=10713"}],"version-history":[{"count":0,"href":"https:\/\/vieassociative.be\/actualites\/wp-json\/wp\/v2\/posts\/10713\/revisions"}],"wp:featuredmedia":[{"embeddable":true,"href":"https:\/\/vieassociative.be\/actualites\/wp-json\/wp\/v2\/media\/10714"}],"wp:attachment":[{"href":"https:\/\/vieassociative.be\/actualites\/wp-json\/wp\/v2\/media?parent=10713"}],"wp:term":[{"taxonomy":"category","embeddable":true,"href":"https:\/\/vieassociative.be\/actualites\/wp-json\/wp\/v2\/categories?post=10713"},{"taxonomy":"post_tag","embeddable":true,"href":"https:\/\/vieassociative.be\/actualites\/wp-json\/wp\/v2\/tags?post=10713"}],"curies":[{"name":"wp","href":"https:\/\/api.w.org\/{rel}","templated":true}]}}