{"id":10711,"date":"2025-10-17T01:17:34","date_gmt":"2025-10-16T23:17:34","guid":{"rendered":"https:\/\/vieassociative.be\/actualites\/tivo-a-officiellement-arrete-ses-dvr\/"},"modified":"2025-10-17T01:17:34","modified_gmt":"2025-10-16T23:17:34","slug":"tivo-a-officiellement-arrete-ses-dvr","status":"publish","type":"post","link":"https:\/\/vieassociative.be\/actualites\/tivo-a-officiellement-arrete-ses-dvr\/","title":{"rendered":"TiVo a officiellement arr\u00eat\u00e9 ses DVR"},"content":{"rendered":"<div class=\"mt-4 leading-6 md:mb-8\">C&rsquo;est la fin d&rsquo;une \u00e9poque.<\/div>\n<p><\/p>\n<p><em>Saviez-vous que vous pouvez personnaliser Google pour filtrer les d\u00e9chets\u00a0? Suivez ces \u00e9tapes<\/em><em>  pour de meilleurs r\u00e9sultats de recherche, notamment en ajoutant mon travail chez Vie Associative comme source pr\u00e9f\u00e9r\u00e9e<\/em><em>.<\/em><\/p>\n<hr>\n<p>C&rsquo;est la fin d&rsquo;une \u00e9poque : TiVo ne fabrique ni ne vend plus les DVR qui ont fait la renomm\u00e9e de l&rsquo;entreprise. Si vous en avez encore un, l&rsquo;entreprise continuera \u00e0 le soutenir, mais n&rsquo;en cherchez pas un : TiVo tel que nous le connaissons est effectivement termin\u00e9.<\/p>\n<p>TiVo n&rsquo;a cependant pas fait grand cas de cet arr\u00eat. Il se trouve que Luke Bouma de Cord Cutter News a \u00e9t\u00e9 le premier \u00e0 rep\u00e9rer le d\u00e9veloppement. Plus t\u00f4t ce mois-ci, Bouma a rapport\u00e9 que TiVo Corporation avait silencieusement mis fin \u00e0 sa gamme de DVR, supprimant toutes les r\u00e9f\u00e9rences aux appareils sur son site Web. Suite aux reportages de Bouma, la soci\u00e9t\u00e9 m\u00e8re de TiVo, Xperi, a confirm\u00e9 la nouvelle.<\/p>\n<div class=\"mx-auto mb-12 mt-5 w-full max-w-3xl rounded-md border-2 border-gray-100 p-3 shadow-md md:px-7 md:pb-7 md:pt-5\" id=\"related-video\">\n<div class=\"mb-3 flex items-center md:mb-5\">\n        <img decoding=\"async\" class=\"mr-4 mt-0 h-10 w-10 md:mr-5 md:h-12 md:w-12\" src=\"https:\/\/vieassociative.be\/actualites\/wp-content\/uploads\/2025\/09\/1757726237_608_Meta-pourrait-devoiler-une-montre-intelligente-pour-controler-ses-lunettes.jpg\" alt=\"Logo du pirate de la vie\"><\/p><\/div>\n<div class=\"aspect-video w-full overflow-hidden rounded-md\">\n<div id=\"video-container-01K7QKN1699GJTTJ6KD94BQ8G3\"><\/div>\n<\/p><\/div>\n<\/div>\n<p>Dans une d\u00e9claration \u00e0 PCMag, un porte-parole de Xperi a d\u00e9clar\u00e9 : \u00ab Je peux confirmer qu&rsquo;\u00e0 compter du 1er octobre 2025, TiVo a cess\u00e9 de vendre des produits DVR physiques, y compris du mat\u00e9riel et des accessoires, \u00e0 la fois en ligne et par l&rsquo;interm\u00e9diaire d&rsquo;agents&#8230; TiVo ne fabrique plus de mat\u00e9riel, et notre inventaire restant est maintenant \u00e9puis\u00e9, m\u00eame si nous continuerons \u00e0 offrir une assistance pour les produits \u00e0 l&rsquo;avenir. <\/p>\n<p>TiVo n&rsquo;a pas compl\u00e8tement disparu. La marque d\u00e9veloppe d\u00e9sormais \u00e0 la fois TiVo OS, un syst\u00e8me d&rsquo;exploitation pour smart TV similaire \u00e0 Roku OS ou Fire OS, ainsi que DTS AutoStage Video Service, un service de divertissement d\u00e9velopp\u00e9 pour les voitures. Mais il ne s\u2019agit plus d\u2019un fabricant ou d\u2019un vendeur de DVR, ce qui pourrait choquer un voyageur temporel du d\u00e9but des ann\u00e9es 2000.<\/p>\n<h2 id=\"the-tivo-effect\">L&rsquo;effet TiVo<\/h2>\n<p>La technologie va et vient, mais si vous ne regardiez pas la t\u00e9l\u00e9vision \u00e0 la fin des ann\u00e9es 90 et au d\u00e9but des ann\u00e9es 2000, vous ne sauriez peut-\u00eatre pas \u00e0 quel point TiVo \u00e9tait monumental. La soci\u00e9t\u00e9 a lanc\u00e9 ses premiers DVR en 1999 et a introduit sur le march\u00e9 des fonctionnalit\u00e9s telles que l&rsquo;enregistrement simple en une seule touche, un disque dur pour sauvegarder plusieurs enregistrements \u00e0 la fois et, peut-\u00eatre plus particuli\u00e8rement, la possibilit\u00e9 de \u00ab mettre en pause \u00bb la t\u00e9l\u00e9vision en direct et d&rsquo;avancer rapidement dans les publicit\u00e9s. Le DVR offrait aux t\u00e9l\u00e9spectateurs bien plus qu&rsquo;un simple magn\u00e9toscope, qui permettait uniquement un enregistrement lin\u00e9aire sur des cassettes uniques. TiVo pouvait enregistrer des vid\u00e9os en direct \u00e0 partir de n&rsquo;importe quelle entr\u00e9e, y compris analogique, c\u00e2ble ou satellite, ce qui offrait aux utilisateurs une flexibilit\u00e9 dans le contenu qu&rsquo;ils enregistraient.<\/p>\n<p>Avant TiVo, si vous manquiez le d\u00e9but d&rsquo;une \u00e9mission, vous deviez simplement y faire face et essayer d&rsquo;intervenir du mieux que vous pouviez, en supposant que vous n&rsquo;ayez pas configur\u00e9 un magn\u00e9toscope pour l&rsquo;enregistrer, bien s\u00fbr. Si vous aviez un TiVo, cependant, vous pourriez simplement revenir au d\u00e9but du programme et, lorsque vous atteigniez une pause publicitaire, revenir \u00e0 l&rsquo;\u00e9mission jusqu&rsquo;\u00e0 ce que vous rattrapiez la diffusion en direct. <\/p>\n<p>TiVo a boulevers\u00e9 la fa\u00e7on dont les consommateurs regardent la t\u00e9l\u00e9vision, et nous en voyons probablement les cons\u00e9quences aujourd&rsquo;hui. Le march\u00e9 s&rsquo;est adapt\u00e9 et les c\u00e2blodistributeurs ont commenc\u00e9 \u00e0 proposer leurs propres DVR avec enregistrement dans le cloud plut\u00f4t que sur disque dur. Les services de streaming se sont appuy\u00e9s sur cette dynamique\u00a0: les t\u00e9l\u00e9spectateurs s&rsquo;habituaient d\u00e9j\u00e0 \u00e0 regarder des \u00e9missions quand cela leur convenait, alors pourquoi ne pas prendre de l&rsquo;avance et proposer toutes les \u00e9missions \u00e0 la demande \u00e0 tout moment\u00a0? Plus besoin de choisir les programmes \u00e0 enregistrer : tout est disponible \u00e0 tout moment. <\/p>\n<p>Comme d\u2019autres pionniers de la technologie qui ont pris du retard avec le temps, TiVo a connu des difficult\u00e9s \u00e0 traverser l\u2019\u00e8re du streaming qu\u2019il a sans doute contribu\u00e9 \u00e0 cr\u00e9er. La soci\u00e9t\u00e9 n&rsquo;a pas sorti de DVR depuis 2019, date \u00e0 laquelle elle a lanc\u00e9 le TiVo Edge. Ce DVR prenait en charge des fonctionnalit\u00e9s modernes, telles que 4K Dolby Vision HDR, le son Dolby Atmos et l&rsquo;acc\u00e8s aux principales applications de streaming, en plus de l&rsquo;enregistrement de la t\u00e9l\u00e9vision en direct. Elle a ensuite tent\u00e9 de percer le march\u00e9 des appareils de streaming avec le TiVo Stream 4K, mais la concurrence \u00e9tait trop f\u00e9roce pour avoir un impact. <\/p>\n<p>Ironiquement, alors que TiVo abandonne ses DVR, les services de streaming se tournent de plus en plus fr\u00e9quemment vers des forfaits financ\u00e9s par la publicit\u00e9. TiVo a chang\u00e9 la donne en nous permettant d&rsquo;ignorer les publicit\u00e9s, et le streaming a initialement omis compl\u00e8tement les publicit\u00e9s. Mais de plus en plus de clients acceptent de payer moins pour faire face \u00e0 des publicit\u00e9s. Nous avons en quelque sorte boucl\u00e9 la boucle. <\/p>\n<p>L\u2019\u00e9poque de TiVo est peut-\u00eatre r\u00e9volue, mais son impact perdure. Ce que Skype a fait pour les appels vid\u00e9o, TiVo l&rsquo;a fait pour la t\u00e9l\u00e9vision. J&rsquo;y penserai la prochaine fois que je lancerai quelque chose \u00e0 regarder sur Netflix ou Hulu.  <\/p>\n","protected":false},"excerpt":{"rendered":"<p>C&rsquo;est la fin d&rsquo;une \u00e9poque. Saviez-vous que vous pouvez personnaliser Google pour filtrer les d\u00e9chets\u00a0? Suivez ces \u00e9tapes pour de meilleurs r\u00e9sultats de recherche, notamment<\/p>\n","protected":false},"author":1,"featured_media":10712,"comment_status":"","ping_status":"","sticky":false,"template":"","format":"standard","meta":{"footnotes":""},"categories":[13],"tags":[3276,8925,4739,1055,8924],"class_list":["post-10711","post","type-post","status-publish","format-standard","has-post-thumbnail","hentry","category-technologie","tag-arrete","tag-dvr","tag-officiellement","tag-ses","tag-tivo","generate-columns","tablet-grid-50","mobile-grid-100","grid-parent","grid-33"],"yoast_head":"<!-- This site is optimized with the Yoast SEO plugin v24.0 - https:\/\/yoast.com\/wordpress\/plugins\/seo\/ -->\n<title>TiVo a officiellement arr\u00eat\u00e9 ses DVR | Vie Associative<\/title>\n<meta name=\"robots\" content=\"index, follow, max-snippet:-1, max-image-preview:large, max-video-preview:-1\" \/>\n<link rel=\"canonical\" href=\"https:\/\/vieassociative.be\/actualites\/tivo-a-officiellement-arrete-ses-dvr\/\" \/>\n<meta property=\"og:locale\" content=\"fr_FR\" \/>\n<meta property=\"og:type\" content=\"article\" \/>\n<meta property=\"og:title\" content=\"TiVo a officiellement arr\u00eat\u00e9 ses DVR | Vie Associative\" \/>\n<meta property=\"og:description\" content=\"C&rsquo;est la fin d&rsquo;une \u00e9poque. Saviez-vous que vous pouvez personnaliser Google pour filtrer les d\u00e9chets\u00a0? Suivez ces \u00e9tapes pour de meilleurs r\u00e9sultats de recherche, notamment\" \/>\n<meta property=\"og:url\" content=\"https:\/\/vieassociative.be\/actualites\/tivo-a-officiellement-arrete-ses-dvr\/\" \/>\n<meta property=\"og:site_name\" content=\"Vie Associative\" \/>\n<meta property=\"article:published_time\" content=\"2025-10-16T23:17:34+00:00\" \/>\n<meta property=\"og:image\" content=\"https:\/\/vieassociative.be\/actualites\/wp-content\/uploads\/2025\/09\/1757726237_608_Meta-pourrait-devoiler-une-montre-intelligente-pour-controler-ses-lunettes.jpg\" \/>\n<meta name=\"author\" content=\"Julien\" \/>\n<meta name=\"twitter:card\" content=\"summary_large_image\" \/>\n<meta name=\"twitter:label1\" content=\"\u00c9crit par\" \/>\n\t<meta name=\"twitter:data1\" content=\"Julien\" \/>\n\t<meta name=\"twitter:label2\" content=\"Dur\u00e9e de lecture est.\" \/>\n\t<meta name=\"twitter:data2\" content=\"4 minutes\" \/>\n<script type=\"application\/ld+json\" class=\"yoast-schema-graph\">{\"@context\":\"https:\/\/schema.org\",\"@graph\":[{\"@type\":\"Article\",\"@id\":\"https:\/\/vieassociative.be\/actualites\/tivo-a-officiellement-arrete-ses-dvr\/#article\",\"isPartOf\":{\"@id\":\"https:\/\/vieassociative.be\/actualites\/tivo-a-officiellement-arrete-ses-dvr\/\"},\"author\":{\"name\":\"Julien\",\"@id\":\"https:\/\/vieassociative.be\/actualites\/#\/schema\/person\/b87ac4f82f9d4e7b7cec7395b679edc4\"},\"headline\":\"TiVo a officiellement arr\u00eat\u00e9 ses DVR\",\"datePublished\":\"2025-10-16T23:17:34+00:00\",\"dateModified\":\"2025-10-16T23:17:34+00:00\",\"mainEntityOfPage\":{\"@id\":\"https:\/\/vieassociative.be\/actualites\/tivo-a-officiellement-arrete-ses-dvr\/\"},\"wordCount\":917,\"publisher\":{\"@id\":\"https:\/\/vieassociative.be\/actualites\/#organization\"},\"image\":{\"@id\":\"https:\/\/vieassociative.be\/actualites\/tivo-a-officiellement-arrete-ses-dvr\/#primaryimage\"},\"thumbnailUrl\":\"https:\/\/vieassociative.be\/actualites\/wp-content\/uploads\/2025\/10\/TiVo-a-officiellement-arrete-ses-DVR.jpg\",\"keywords\":[\"arr\u00eate\",\"DVR\",\"officiellement\",\"ses\",\"TiVo\"],\"articleSection\":[\"Technologie\"],\"inLanguage\":\"fr-BE\"},{\"@type\":\"WebPage\",\"@id\":\"https:\/\/vieassociative.be\/actualites\/tivo-a-officiellement-arrete-ses-dvr\/\",\"url\":\"https:\/\/vieassociative.be\/actualites\/tivo-a-officiellement-arrete-ses-dvr\/\",\"name\":\"TiVo a officiellement arr\u00eat\u00e9 ses DVR | Vie Associative\",\"isPartOf\":{\"@id\":\"https:\/\/vieassociative.be\/actualites\/#website\"},\"primaryImageOfPage\":{\"@id\":\"https:\/\/vieassociative.be\/actualites\/tivo-a-officiellement-arrete-ses-dvr\/#primaryimage\"},\"image\":{\"@id\":\"https:\/\/vieassociative.be\/actualites\/tivo-a-officiellement-arrete-ses-dvr\/#primaryimage\"},\"thumbnailUrl\":\"https:\/\/vieassociative.be\/actualites\/wp-content\/uploads\/2025\/10\/TiVo-a-officiellement-arrete-ses-DVR.jpg\",\"datePublished\":\"2025-10-16T23:17:34+00:00\",\"dateModified\":\"2025-10-16T23:17:34+00:00\",\"breadcrumb\":{\"@id\":\"https:\/\/vieassociative.be\/actualites\/tivo-a-officiellement-arrete-ses-dvr\/#breadcrumb\"},\"inLanguage\":\"fr-BE\",\"potentialAction\":[{\"@type\":\"ReadAction\",\"target\":[\"https:\/\/vieassociative.be\/actualites\/tivo-a-officiellement-arrete-ses-dvr\/\"]}]},{\"@type\":\"ImageObject\",\"inLanguage\":\"fr-BE\",\"@id\":\"https:\/\/vieassociative.be\/actualites\/tivo-a-officiellement-arrete-ses-dvr\/#primaryimage\",\"url\":\"https:\/\/vieassociative.be\/actualites\/wp-content\/uploads\/2025\/10\/TiVo-a-officiellement-arrete-ses-DVR.jpg\",\"contentUrl\":\"https:\/\/vieassociative.be\/actualites\/wp-content\/uploads\/2025\/10\/TiVo-a-officiellement-arrete-ses-DVR.jpg\",\"width\":1200,\"height\":675,\"caption\":\"TiVo a officiellement arr\u00eat\u00e9 ses DVR\"},{\"@type\":\"BreadcrumbList\",\"@id\":\"https:\/\/vieassociative.be\/actualites\/tivo-a-officiellement-arrete-ses-dvr\/#breadcrumb\",\"itemListElement\":[{\"@type\":\"ListItem\",\"position\":1,\"name\":\"Accueil\",\"item\":\"https:\/\/vieassociative.be\/actualites\/\"},{\"@type\":\"ListItem\",\"position\":2,\"name\":\"TiVo a officiellement arr\u00eat\u00e9 ses DVR\"}]},{\"@type\":\"WebSite\",\"@id\":\"https:\/\/vieassociative.be\/actualites\/#website\",\"url\":\"https:\/\/vieassociative.be\/actualites\/\",\"name\":\"Vie Associative\",\"description\":\"\",\"publisher\":{\"@id\":\"https:\/\/vieassociative.be\/actualites\/#organization\"},\"potentialAction\":[{\"@type\":\"SearchAction\",\"target\":{\"@type\":\"EntryPoint\",\"urlTemplate\":\"https:\/\/vieassociative.be\/actualites\/?s={search_term_string}\"},\"query-input\":{\"@type\":\"PropertyValueSpecification\",\"valueRequired\":true,\"valueName\":\"search_term_string\"}}],\"inLanguage\":\"fr-BE\"},{\"@type\":\"Organization\",\"@id\":\"https:\/\/vieassociative.be\/actualites\/#organization\",\"name\":\"Vie Associative\",\"url\":\"https:\/\/vieassociative.be\/actualites\/\",\"logo\":{\"@type\":\"ImageObject\",\"inLanguage\":\"fr-BE\",\"@id\":\"https:\/\/vieassociative.be\/actualites\/#\/schema\/logo\/image\/\",\"url\":\"https:\/\/vieassociative.be\/actualites\/wp-content\/uploads\/2024\/09\/cropped-vieassociative_favicon.ico.png\",\"contentUrl\":\"https:\/\/vieassociative.be\/actualites\/wp-content\/uploads\/2024\/09\/cropped-vieassociative_favicon.ico.png\",\"width\":512,\"height\":512,\"caption\":\"Vie Associative\"},\"image\":{\"@id\":\"https:\/\/vieassociative.be\/actualites\/#\/schema\/logo\/image\/\"}},{\"@type\":\"Person\",\"@id\":\"https:\/\/vieassociative.be\/actualites\/#\/schema\/person\/b87ac4f82f9d4e7b7cec7395b679edc4\",\"name\":\"Julien\",\"image\":{\"@type\":\"ImageObject\",\"inLanguage\":\"fr-BE\",\"@id\":\"https:\/\/vieassociative.be\/actualites\/#\/schema\/person\/image\/\",\"url\":\"https:\/\/vieassociative.be\/actualites\/wp-content\/uploads\/2024\/09\/vie-associative-1-150x150.jpg\",\"contentUrl\":\"https:\/\/vieassociative.be\/actualites\/wp-content\/uploads\/2024\/09\/vie-associative-1-150x150.jpg\",\"caption\":\"Julien\"},\"description\":\"Je suis Julien, r\u00e9dacteur pour Vie Associative. Passionn\u00e9 par le monde associatif depuis plus de 10 ans, j'ai \u00e0 c\u0153ur de partager des histoires inspirantes et de mettre en lumi\u00e8re les initiatives locales. Mon objectif est de sensibiliser et d'encourager l'engagement communautaire \u00e0 travers mes articles.\",\"sameAs\":[\"https:\/\/vieassociative.be\/\"]}]}<\/script>\n<!-- \/ Yoast SEO plugin. -->","yoast_head_json":{"title":"TiVo a officiellement arr\u00eat\u00e9 ses DVR | Vie Associative","robots":{"index":"index","follow":"follow","max-snippet":"max-snippet:-1","max-image-preview":"max-image-preview:large","max-video-preview":"max-video-preview:-1"},"canonical":"https:\/\/vieassociative.be\/actualites\/tivo-a-officiellement-arrete-ses-dvr\/","og_locale":"fr_FR","og_type":"article","og_title":"TiVo a officiellement arr\u00eat\u00e9 ses DVR | Vie Associative","og_description":"C&rsquo;est la fin d&rsquo;une \u00e9poque. Saviez-vous que vous pouvez personnaliser Google pour filtrer les d\u00e9chets\u00a0? Suivez ces \u00e9tapes pour de meilleurs r\u00e9sultats de recherche, notamment","og_url":"https:\/\/vieassociative.be\/actualites\/tivo-a-officiellement-arrete-ses-dvr\/","og_site_name":"Vie Associative","article_published_time":"2025-10-16T23:17:34+00:00","og_image":[{"url":"https:\/\/vieassociative.be\/actualites\/wp-content\/uploads\/2025\/09\/1757726237_608_Meta-pourrait-devoiler-une-montre-intelligente-pour-controler-ses-lunettes.jpg","type":"","width":"","height":""}],"author":"Julien","twitter_card":"summary_large_image","twitter_misc":{"\u00c9crit par":"Julien","Dur\u00e9e de lecture est.":"4 minutes"},"schema":{"@context":"https:\/\/schema.org","@graph":[{"@type":"Article","@id":"https:\/\/vieassociative.be\/actualites\/tivo-a-officiellement-arrete-ses-dvr\/#article","isPartOf":{"@id":"https:\/\/vieassociative.be\/actualites\/tivo-a-officiellement-arrete-ses-dvr\/"},"author":{"name":"Julien","@id":"https:\/\/vieassociative.be\/actualites\/#\/schema\/person\/b87ac4f82f9d4e7b7cec7395b679edc4"},"headline":"TiVo a officiellement arr\u00eat\u00e9 ses DVR","datePublished":"2025-10-16T23:17:34+00:00","dateModified":"2025-10-16T23:17:34+00:00","mainEntityOfPage":{"@id":"https:\/\/vieassociative.be\/actualites\/tivo-a-officiellement-arrete-ses-dvr\/"},"wordCount":917,"publisher":{"@id":"https:\/\/vieassociative.be\/actualites\/#organization"},"image":{"@id":"https:\/\/vieassociative.be\/actualites\/tivo-a-officiellement-arrete-ses-dvr\/#primaryimage"},"thumbnailUrl":"https:\/\/vieassociative.be\/actualites\/wp-content\/uploads\/2025\/10\/TiVo-a-officiellement-arrete-ses-DVR.jpg","keywords":["arr\u00eate","DVR","officiellement","ses","TiVo"],"articleSection":["Technologie"],"inLanguage":"fr-BE"},{"@type":"WebPage","@id":"https:\/\/vieassociative.be\/actualites\/tivo-a-officiellement-arrete-ses-dvr\/","url":"https:\/\/vieassociative.be\/actualites\/tivo-a-officiellement-arrete-ses-dvr\/","name":"TiVo a officiellement arr\u00eat\u00e9 ses DVR | Vie Associative","isPartOf":{"@id":"https:\/\/vieassociative.be\/actualites\/#website"},"primaryImageOfPage":{"@id":"https:\/\/vieassociative.be\/actualites\/tivo-a-officiellement-arrete-ses-dvr\/#primaryimage"},"image":{"@id":"https:\/\/vieassociative.be\/actualites\/tivo-a-officiellement-arrete-ses-dvr\/#primaryimage"},"thumbnailUrl":"https:\/\/vieassociative.be\/actualites\/wp-content\/uploads\/2025\/10\/TiVo-a-officiellement-arrete-ses-DVR.jpg","datePublished":"2025-10-16T23:17:34+00:00","dateModified":"2025-10-16T23:17:34+00:00","breadcrumb":{"@id":"https:\/\/vieassociative.be\/actualites\/tivo-a-officiellement-arrete-ses-dvr\/#breadcrumb"},"inLanguage":"fr-BE","potentialAction":[{"@type":"ReadAction","target":["https:\/\/vieassociative.be\/actualites\/tivo-a-officiellement-arrete-ses-dvr\/"]}]},{"@type":"ImageObject","inLanguage":"fr-BE","@id":"https:\/\/vieassociative.be\/actualites\/tivo-a-officiellement-arrete-ses-dvr\/#primaryimage","url":"https:\/\/vieassociative.be\/actualites\/wp-content\/uploads\/2025\/10\/TiVo-a-officiellement-arrete-ses-DVR.jpg","contentUrl":"https:\/\/vieassociative.be\/actualites\/wp-content\/uploads\/2025\/10\/TiVo-a-officiellement-arrete-ses-DVR.jpg","width":1200,"height":675,"caption":"TiVo a officiellement arr\u00eat\u00e9 ses DVR"},{"@type":"BreadcrumbList","@id":"https:\/\/vieassociative.be\/actualites\/tivo-a-officiellement-arrete-ses-dvr\/#breadcrumb","itemListElement":[{"@type":"ListItem","position":1,"name":"Accueil","item":"https:\/\/vieassociative.be\/actualites\/"},{"@type":"ListItem","position":2,"name":"TiVo a officiellement arr\u00eat\u00e9 ses DVR"}]},{"@type":"WebSite","@id":"https:\/\/vieassociative.be\/actualites\/#website","url":"https:\/\/vieassociative.be\/actualites\/","name":"Vie Associative","description":"","publisher":{"@id":"https:\/\/vieassociative.be\/actualites\/#organization"},"potentialAction":[{"@type":"SearchAction","target":{"@type":"EntryPoint","urlTemplate":"https:\/\/vieassociative.be\/actualites\/?s={search_term_string}"},"query-input":{"@type":"PropertyValueSpecification","valueRequired":true,"valueName":"search_term_string"}}],"inLanguage":"fr-BE"},{"@type":"Organization","@id":"https:\/\/vieassociative.be\/actualites\/#organization","name":"Vie Associative","url":"https:\/\/vieassociative.be\/actualites\/","logo":{"@type":"ImageObject","inLanguage":"fr-BE","@id":"https:\/\/vieassociative.be\/actualites\/#\/schema\/logo\/image\/","url":"https:\/\/vieassociative.be\/actualites\/wp-content\/uploads\/2024\/09\/cropped-vieassociative_favicon.ico.png","contentUrl":"https:\/\/vieassociative.be\/actualites\/wp-content\/uploads\/2024\/09\/cropped-vieassociative_favicon.ico.png","width":512,"height":512,"caption":"Vie Associative"},"image":{"@id":"https:\/\/vieassociative.be\/actualites\/#\/schema\/logo\/image\/"}},{"@type":"Person","@id":"https:\/\/vieassociative.be\/actualites\/#\/schema\/person\/b87ac4f82f9d4e7b7cec7395b679edc4","name":"Julien","image":{"@type":"ImageObject","inLanguage":"fr-BE","@id":"https:\/\/vieassociative.be\/actualites\/#\/schema\/person\/image\/","url":"https:\/\/vieassociative.be\/actualites\/wp-content\/uploads\/2024\/09\/vie-associative-1-150x150.jpg","contentUrl":"https:\/\/vieassociative.be\/actualites\/wp-content\/uploads\/2024\/09\/vie-associative-1-150x150.jpg","caption":"Julien"},"description":"Je suis Julien, r\u00e9dacteur pour Vie Associative. Passionn\u00e9 par le monde associatif depuis plus de 10 ans, j'ai \u00e0 c\u0153ur de partager des histoires inspirantes et de mettre en lumi\u00e8re les initiatives locales. Mon objectif est de sensibiliser et d'encourager l'engagement communautaire \u00e0 travers mes articles.","sameAs":["https:\/\/vieassociative.be\/"]}]}},"_links":{"self":[{"href":"https:\/\/vieassociative.be\/actualites\/wp-json\/wp\/v2\/posts\/10711"}],"collection":[{"href":"https:\/\/vieassociative.be\/actualites\/wp-json\/wp\/v2\/posts"}],"about":[{"href":"https:\/\/vieassociative.be\/actualites\/wp-json\/wp\/v2\/types\/post"}],"author":[{"embeddable":true,"href":"https:\/\/vieassociative.be\/actualites\/wp-json\/wp\/v2\/users\/1"}],"replies":[{"embeddable":true,"href":"https:\/\/vieassociative.be\/actualites\/wp-json\/wp\/v2\/comments?post=10711"}],"version-history":[{"count":0,"href":"https:\/\/vieassociative.be\/actualites\/wp-json\/wp\/v2\/posts\/10711\/revisions"}],"wp:featuredmedia":[{"embeddable":true,"href":"https:\/\/vieassociative.be\/actualites\/wp-json\/wp\/v2\/media\/10712"}],"wp:attachment":[{"href":"https:\/\/vieassociative.be\/actualites\/wp-json\/wp\/v2\/media?parent=10711"}],"wp:term":[{"taxonomy":"category","embeddable":true,"href":"https:\/\/vieassociative.be\/actualites\/wp-json\/wp\/v2\/categories?post=10711"},{"taxonomy":"post_tag","embeddable":true,"href":"https:\/\/vieassociative.be\/actualites\/wp-json\/wp\/v2\/tags?post=10711"}],"curies":[{"name":"wp","href":"https:\/\/api.w.org\/{rel}","templated":true}]}}