{"id":10710,"date":"2025-10-16T22:16:59","date_gmt":"2025-10-16T20:16:59","guid":{"rendered":"https:\/\/vieassociative.be\/actualites\/trump-annonce-une-rencontre-avec-poutine-a-budapest\/"},"modified":"2025-10-16T22:16:59","modified_gmt":"2025-10-16T20:16:59","slug":"trump-annonce-une-rencontre-avec-poutine-a-budapest","status":"publish","type":"post","link":"https:\/\/vieassociative.be\/actualites\/trump-annonce-une-rencontre-avec-poutine-a-budapest\/","title":{"rendered":"Trump annonce une rencontre avec Poutine \u00e0 Budapest"},"content":{"rendered":"<p><strong>\u00c0 la mi-ao\u00fbt, Trump a rencontr\u00e9 le chef du Kremlin en Alaska. Il s&rsquo;agissait de la premi\u00e8re rencontre entre un pr\u00e9sident am\u00e9ricain en exercice et Poutine depuis plus de quatre ans. Une autre r\u00e9union va maintenant suivre \u2013 en Hongrie.<\/strong><\/p>\n<p><span id=\"more-427361\"><\/span>Le pr\u00e9sident am\u00e9ricain Donald Trump souhaite rencontrer le chef du Kremlin, Vladimir Poutine, \u00e0 Budapest, la capitale hongroise, dans le cadre de la lutte visant \u00e0 mettre fin \u00e0 la guerre en Ukraine. Il l&rsquo;a annonc\u00e9 sur la plateforme Truth Social apr\u00e8s un appel t\u00e9l\u00e9phonique avec le pr\u00e9sident russe. Trump n&rsquo;a pas donn\u00e9 d&rsquo;heure exacte.<\/p>\n<p>Selon lui, une r\u00e9union des hauts repr\u00e9sentants du gouvernement aura lieu la semaine prochaine. Du c\u00f4t\u00e9 am\u00e9ricain, c&rsquo;est le secr\u00e9taire d&rsquo;\u00c9tat Marco Rubio qui dirigera les n\u00e9gociations. Le lieu o\u00f9 cela se fera doit encore \u00eatre d\u00e9termin\u00e9.<\/p>\n<div id=\"attachment_422449\" class=\"wp-caption alignleft\" style=\"max-width: 300px\"><img fetchpriority=\"high\" decoding=\"async\" class=\"wp-image-422449 size-medium\" src=\"https:\/\/vieassociative.be\/actualites\/wp-content\/uploads\/2025\/10\/Trump-annonce-une-rencontre-avec-Poutine-a-Budapest.jpg\" alt=\"\" width=\"300\" height=\"200\"><\/div>\n<p>Trump a qualifi\u00e9 l\u2019appel t\u00e9l\u00e9phonique avec Poutine de \u00ab tr\u00e8s productif \u00bb. Il s\u2019agissait \u00e9galement des relations commerciales entre les \u00c9tats-Unis et la Russie apr\u00e8s la fin de la guerre en Ukraine. Il est convaincu que le \u00ab succ\u00e8s au Moyen-Orient \u00bb, c\u2019est-\u00e0-dire l\u2019accord de cessez-le-feu apr\u00e8s deux ans de guerre \u00e0 Gaza, contribuera aux n\u00e9gociations visant \u00e0 mettre fin \u00e0 la guerre en Ukraine.<\/p>\n<p><strong>\u2013 Le Kremlin met \u00e0 nouveau en garde contre les livraisons de tomahawks :<\/strong> Le conseiller de Poutine, Youri Ouchakov, a confirm\u00e9 les discussions sur un nouveau sommet. Trump a sugg\u00e9r\u00e9 que Budapest et Poutine l\u2019aient imm\u00e9diatement accept\u00e9. Poutine a r\u00e9it\u00e9r\u00e9 au cours de la conversation que la fourniture discut\u00e9e de missiles de croisi\u00e8re am\u00e9ricains Tomahawk \u00e0 l&rsquo;Ukraine ne changerait pas la situation sur le champ de bataille. Dans le m\u00eame temps, cela causerait des dommages \u00ab importants \u00bb aux relations am\u00e9ricano-russes et aux perspectives d\u2019une solution pacifique.<\/p>\n<p>L&rsquo;envoy\u00e9 sp\u00e9cial de Moscou, Kirill Dmitriev, qui a particip\u00e9 aux n\u00e9gociations avec les \u00c9tats-Unis, avait d\u00e9j\u00e0 \u00e9crit sur Plateforme X : \u00ab\u00a0Le prochain sommet arrive bient\u00f4t\u00a0\u00bb. Dans le m\u00eame temps, le Premier ministre hongrois Viktor Orban a r\u00e9agi promptement et a \u00e9galement \u00e9crit sur X : \u00ab\u00a0Nous sommes pr\u00eats !\u00a0\u00bb<\/p>\n<p><strong>\u2013 Le r\u00f4le de Zelenskyj n\u2019est pas clair :<\/strong> L\u2019annonce de Trump ne fait aucune mention de l\u2019implication du pr\u00e9sident ukrainien Volodymyr Zelensky de quelque mani\u00e8re que ce soit. Le pr\u00e9sident am\u00e9ricain a seulement \u00e9crit qu&rsquo;il parlerait \u00e0 l&rsquo;Ukrainien vendredi \u00e0 la Maison Blanche de son appel t\u00e9l\u00e9phonique avec Poutine.<\/p>\n<p>Lors de sa visite \u00e0 Washington, Zelensky souhaite en effet obtenir l\u2019accord de Trump pour vendre des missiles de croisi\u00e8re \u00e0 longue port\u00e9e Tomahawk \u00e0 son pays. L&rsquo;accord pourrait \u00eatre financ\u00e9 par les partenaires de l&rsquo;OTAN. Le Kremlin a fortement mis en garde le gouvernement am\u00e9ricain contre une telle livraison. L&rsquo;ancien pr\u00e9sident russe et chef adjoint du Conseil de s\u00e9curit\u00e9, Dmitri Medvedev, a m\u00eame fait allusion \u00e0 une \u00e9ventuelle contre-r\u00e9action avec des armes nucl\u00e9aires. La conversation pr\u00e9vue entre Trump et Poutine pourrait d\u00e9sormais apporter une nouvelle dynamique \u00e0 la r\u00e9union.<\/p>\n<div id=\"attachment_422691\" class=\"wp-caption alignleft\" style=\"max-width: 300px\"><img decoding=\"async\" class=\"wp-image-422691 size-medium\" src=\"https:\/\/vieassociative.be\/actualites\/wp-content\/uploads\/2025\/10\/1760645819_441_Trump-annonce-une-rencontre-avec-Poutine-a-Budapest.jpg\" alt=\"\" width=\"300\" height=\"200\"><\/div>\n<p><strong>\u2013 Le sommet de l\u2019Alaska n\u2019a donn\u00e9 aucun r\u00e9sultat :<\/strong> La derni\u00e8re rencontre personnelle entre Trump et Poutine remonte \u00e0 environ deux mois. Le pr\u00e9sident am\u00e9ricain a re\u00e7u en ao\u00fbt le chef du Kremlin dans l&rsquo;\u00c9tat am\u00e9ricain de l&rsquo;Alaska. Il s&rsquo;agissait de la premi\u00e8re rencontre entre un pr\u00e9sident am\u00e9ricain en exercice et Poutine depuis plus de quatre ans. Apr\u00e8s l&rsquo;invasion russe en f\u00e9vrier 2022, le silence radio a \u00e9t\u00e9 largement observ\u00e9 sous le pr\u00e9d\u00e9cesseur d\u00e9mocrate de Trump, Joe Biden, et les \u00c9tats-Unis sont devenus le principal soutien des d\u00e9fenseurs ukrainiens.<\/p>\n<p>Le sommet d\u2019Alaska n\u2019a produit aucun r\u00e9sultat tangible quant \u00e0 une solution rapide et pacifique \u00e0 la guerre en Ukraine. Trump avait \u00e9galement \u00e9voqu\u00e9 \u00e0 plusieurs reprises une r\u00e9union \u00e0 trois entre Poutine, Zelensky et Trump \u2013 mais cela n\u2019a pas encore eu lieu.<\/p>\n<p>Trump pense que la rencontre Poutine-Zelensky est possible : Lorsqu&rsquo;on lui a demand\u00e9 si Trump croyait toujours qu&rsquo;il pouvait r\u00e9unir Poutine et Zelensky \u00e0 la table, sa porte-parole Karoline Leavitt a r\u00e9pondu : \u00ab\u00a0Je pense qu&rsquo;il pense que c&rsquo;est possible.\u00a0\u00bb La premi\u00e8re \u00e9tape consiste \u00e0 planifier la rencontre avec Rubio et la partie russe et \u00e0 pr\u00e9parer la rencontre \u00e0 Budapest.<\/p>\n<p>Apr\u00e8s le sommet de l&rsquo;Alaska, interrog\u00e9 par les journalistes, Leavitt a d\u00e9clar\u00e9 que Poutine avait accept\u00e9 une rencontre avec Zelensky. Cette fois, elle s\u2019est exprim\u00e9e avec plus de prudence : le chef du Kremlin avait accept\u00e9 une rencontre avec Trump, a-t-elle d\u00e9clar\u00e9. Lorsqu&rsquo;on lui a demand\u00e9 ce qui devrait se passer pour que Poutine soit dispos\u00e9 \u00e0 parler \u00e0 Zelensky, elle a r\u00e9pondu : \u00ab\u00a0Je ne veux pas aborder cela.\u00a0\u00bb (dpa)<\/p>\n","protected":false},"excerpt":{"rendered":"<p>\u00c0 la mi-ao\u00fbt, Trump a rencontr\u00e9 le chef du Kremlin en Alaska. Il s&rsquo;agissait de la premi\u00e8re rencontre entre un pr\u00e9sident am\u00e9ricain en exercice et<\/p>\n","protected":false},"author":1,"featured_media":9414,"comment_status":"","ping_status":"","sticky":false,"template":"","format":"standard","meta":{"footnotes":""},"categories":[298],"tags":[1987,61,3270,4227,1184,2425,110],"class_list":["post-10710","post","type-post","status-publish","format-standard","has-post-thumbnail","hentry","category-belgique","tag-annonce","tag-avec","tag-budapest","tag-poutine","tag-rencontre","tag-trump","tag-une","generate-columns","tablet-grid-50","mobile-grid-100","grid-parent","grid-33"],"yoast_head":"<!-- This site is optimized with the Yoast SEO plugin v24.0 - https:\/\/yoast.com\/wordpress\/plugins\/seo\/ -->\n<title>Trump annonce une rencontre avec Poutine \u00e0 Budapest | Vie Associative<\/title>\n<meta name=\"robots\" content=\"index, follow, max-snippet:-1, max-image-preview:large, max-video-preview:-1\" \/>\n<link rel=\"canonical\" href=\"https:\/\/vieassociative.be\/actualites\/trump-annonce-une-rencontre-avec-poutine-a-budapest\/\" \/>\n<meta property=\"og:locale\" content=\"fr_FR\" \/>\n<meta property=\"og:type\" content=\"article\" \/>\n<meta property=\"og:title\" content=\"Trump annonce une rencontre avec Poutine \u00e0 Budapest | Vie Associative\" \/>\n<meta property=\"og:description\" content=\"\u00c0 la mi-ao\u00fbt, Trump a rencontr\u00e9 le chef du Kremlin en Alaska. Il s&rsquo;agissait de la premi\u00e8re rencontre entre un pr\u00e9sident am\u00e9ricain en exercice et\" \/>\n<meta property=\"og:url\" content=\"https:\/\/vieassociative.be\/actualites\/trump-annonce-une-rencontre-avec-poutine-a-budapest\/\" \/>\n<meta property=\"og:site_name\" content=\"Vie Associative\" \/>\n<meta property=\"article:published_time\" content=\"2025-10-16T20:16:59+00:00\" \/>\n<meta property=\"og:image\" content=\"https:\/\/vieassociative.be\/actualites\/wp-content\/uploads\/2024\/09\/header_backgroundk-01-e1726694325946.png\" \/>\n\t<meta property=\"og:image:width\" content=\"279\" \/>\n\t<meta property=\"og:image:height\" content=\"92\" \/>\n\t<meta property=\"og:image:type\" content=\"image\/png\" \/>\n<meta name=\"author\" content=\"Julien\" \/>\n<meta name=\"twitter:card\" content=\"summary_large_image\" \/>\n<meta name=\"twitter:label1\" content=\"\u00c9crit par\" \/>\n\t<meta name=\"twitter:data1\" content=\"Julien\" \/>\n\t<meta name=\"twitter:label2\" content=\"Dur\u00e9e de lecture est.\" \/>\n\t<meta name=\"twitter:data2\" content=\"4 minutes\" \/>\n<script type=\"application\/ld+json\" class=\"yoast-schema-graph\">{\"@context\":\"https:\/\/schema.org\",\"@graph\":[{\"@type\":\"Article\",\"@id\":\"https:\/\/vieassociative.be\/actualites\/trump-annonce-une-rencontre-avec-poutine-a-budapest\/#article\",\"isPartOf\":{\"@id\":\"https:\/\/vieassociative.be\/actualites\/trump-annonce-une-rencontre-avec-poutine-a-budapest\/\"},\"author\":{\"name\":\"Julien\",\"@id\":\"https:\/\/vieassociative.be\/actualites\/#\/schema\/person\/b87ac4f82f9d4e7b7cec7395b679edc4\"},\"headline\":\"Trump annonce une rencontre avec Poutine \u00e0 Budapest\",\"datePublished\":\"2025-10-16T20:16:59+00:00\",\"dateModified\":\"2025-10-16T20:16:59+00:00\",\"mainEntityOfPage\":{\"@id\":\"https:\/\/vieassociative.be\/actualites\/trump-annonce-une-rencontre-avec-poutine-a-budapest\/\"},\"wordCount\":825,\"publisher\":{\"@id\":\"https:\/\/vieassociative.be\/actualites\/#organization\"},\"image\":{\"@id\":\"https:\/\/vieassociative.be\/actualites\/trump-annonce-une-rencontre-avec-poutine-a-budapest\/#primaryimage\"},\"thumbnailUrl\":\"https:\/\/vieassociative.be\/actualites\/wp-content\/uploads\/2025\/08\/1755224245_Le-monde-regarde-lAlaska-Trump-Poutine-peut-il-forcer-le-pie.jpg\",\"keywords\":[\"annonce\",\"avec\",\"Budapest\",\"Poutine\",\"rencontre\",\"Trump\",\"une\"],\"articleSection\":[\"Belgique\"],\"inLanguage\":\"fr-BE\"},{\"@type\":\"WebPage\",\"@id\":\"https:\/\/vieassociative.be\/actualites\/trump-annonce-une-rencontre-avec-poutine-a-budapest\/\",\"url\":\"https:\/\/vieassociative.be\/actualites\/trump-annonce-une-rencontre-avec-poutine-a-budapest\/\",\"name\":\"Trump annonce une rencontre avec Poutine \u00e0 Budapest | Vie Associative\",\"isPartOf\":{\"@id\":\"https:\/\/vieassociative.be\/actualites\/#website\"},\"primaryImageOfPage\":{\"@id\":\"https:\/\/vieassociative.be\/actualites\/trump-annonce-une-rencontre-avec-poutine-a-budapest\/#primaryimage\"},\"image\":{\"@id\":\"https:\/\/vieassociative.be\/actualites\/trump-annonce-une-rencontre-avec-poutine-a-budapest\/#primaryimage\"},\"thumbnailUrl\":\"https:\/\/vieassociative.be\/actualites\/wp-content\/uploads\/2025\/08\/1755224245_Le-monde-regarde-lAlaska-Trump-Poutine-peut-il-forcer-le-pie.jpg\",\"datePublished\":\"2025-10-16T20:16:59+00:00\",\"dateModified\":\"2025-10-16T20:16:59+00:00\",\"breadcrumb\":{\"@id\":\"https:\/\/vieassociative.be\/actualites\/trump-annonce-une-rencontre-avec-poutine-a-budapest\/#breadcrumb\"},\"inLanguage\":\"fr-BE\",\"potentialAction\":[{\"@type\":\"ReadAction\",\"target\":[\"https:\/\/vieassociative.be\/actualites\/trump-annonce-une-rencontre-avec-poutine-a-budapest\/\"]}]},{\"@type\":\"ImageObject\",\"inLanguage\":\"fr-BE\",\"@id\":\"https:\/\/vieassociative.be\/actualites\/trump-annonce-une-rencontre-avec-poutine-a-budapest\/#primaryimage\",\"url\":\"https:\/\/vieassociative.be\/actualites\/wp-content\/uploads\/2025\/08\/1755224245_Le-monde-regarde-lAlaska-Trump-Poutine-peut-il-forcer-le-pie.jpg\",\"contentUrl\":\"https:\/\/vieassociative.be\/actualites\/wp-content\/uploads\/2025\/08\/1755224245_Le-monde-regarde-lAlaska-Trump-Poutine-peut-il-forcer-le-pie.jpg\",\"width\":1200,\"height\":791,\"caption\":\"Le monde regarde l'Alaska: Trump Poutine peut-il forcer le pie \u00e0 la paix en Ukraine? (Questions et r\u00e9ponses)\"},{\"@type\":\"BreadcrumbList\",\"@id\":\"https:\/\/vieassociative.be\/actualites\/trump-annonce-une-rencontre-avec-poutine-a-budapest\/#breadcrumb\",\"itemListElement\":[{\"@type\":\"ListItem\",\"position\":1,\"name\":\"Accueil\",\"item\":\"https:\/\/vieassociative.be\/actualites\/\"},{\"@type\":\"ListItem\",\"position\":2,\"name\":\"Trump annonce une rencontre avec Poutine \u00e0 Budapest\"}]},{\"@type\":\"WebSite\",\"@id\":\"https:\/\/vieassociative.be\/actualites\/#website\",\"url\":\"https:\/\/vieassociative.be\/actualites\/\",\"name\":\"Vie Associative\",\"description\":\"\",\"publisher\":{\"@id\":\"https:\/\/vieassociative.be\/actualites\/#organization\"},\"potentialAction\":[{\"@type\":\"SearchAction\",\"target\":{\"@type\":\"EntryPoint\",\"urlTemplate\":\"https:\/\/vieassociative.be\/actualites\/?s={search_term_string}\"},\"query-input\":{\"@type\":\"PropertyValueSpecification\",\"valueRequired\":true,\"valueName\":\"search_term_string\"}}],\"inLanguage\":\"fr-BE\"},{\"@type\":\"Organization\",\"@id\":\"https:\/\/vieassociative.be\/actualites\/#organization\",\"name\":\"Vie Associative\",\"url\":\"https:\/\/vieassociative.be\/actualites\/\",\"logo\":{\"@type\":\"ImageObject\",\"inLanguage\":\"fr-BE\",\"@id\":\"https:\/\/vieassociative.be\/actualites\/#\/schema\/logo\/image\/\",\"url\":\"https:\/\/vieassociative.be\/actualites\/wp-content\/uploads\/2024\/09\/cropped-vieassociative_favicon.ico.png\",\"contentUrl\":\"https:\/\/vieassociative.be\/actualites\/wp-content\/uploads\/2024\/09\/cropped-vieassociative_favicon.ico.png\",\"width\":512,\"height\":512,\"caption\":\"Vie Associative\"},\"image\":{\"@id\":\"https:\/\/vieassociative.be\/actualites\/#\/schema\/logo\/image\/\"}},{\"@type\":\"Person\",\"@id\":\"https:\/\/vieassociative.be\/actualites\/#\/schema\/person\/b87ac4f82f9d4e7b7cec7395b679edc4\",\"name\":\"Julien\",\"image\":{\"@type\":\"ImageObject\",\"inLanguage\":\"fr-BE\",\"@id\":\"https:\/\/vieassociative.be\/actualites\/#\/schema\/person\/image\/\",\"url\":\"https:\/\/vieassociative.be\/actualites\/wp-content\/uploads\/2024\/09\/vie-associative-1-150x150.jpg\",\"contentUrl\":\"https:\/\/vieassociative.be\/actualites\/wp-content\/uploads\/2024\/09\/vie-associative-1-150x150.jpg\",\"caption\":\"Julien\"},\"description\":\"Je suis Julien, r\u00e9dacteur pour Vie Associative. Passionn\u00e9 par le monde associatif depuis plus de 10 ans, j'ai \u00e0 c\u0153ur de partager des histoires inspirantes et de mettre en lumi\u00e8re les initiatives locales. Mon objectif est de sensibiliser et d'encourager l'engagement communautaire \u00e0 travers mes articles.\",\"sameAs\":[\"https:\/\/vieassociative.be\/\"]}]}<\/script>\n<!-- \/ Yoast SEO plugin. -->","yoast_head_json":{"title":"Trump annonce une rencontre avec Poutine \u00e0 Budapest | Vie Associative","robots":{"index":"index","follow":"follow","max-snippet":"max-snippet:-1","max-image-preview":"max-image-preview:large","max-video-preview":"max-video-preview:-1"},"canonical":"https:\/\/vieassociative.be\/actualites\/trump-annonce-une-rencontre-avec-poutine-a-budapest\/","og_locale":"fr_FR","og_type":"article","og_title":"Trump annonce une rencontre avec Poutine \u00e0 Budapest | Vie Associative","og_description":"\u00c0 la mi-ao\u00fbt, Trump a rencontr\u00e9 le chef du Kremlin en Alaska. Il s&rsquo;agissait de la premi\u00e8re rencontre entre un pr\u00e9sident am\u00e9ricain en exercice et","og_url":"https:\/\/vieassociative.be\/actualites\/trump-annonce-une-rencontre-avec-poutine-a-budapest\/","og_site_name":"Vie Associative","article_published_time":"2025-10-16T20:16:59+00:00","og_image":[{"width":279,"height":92,"url":"https:\/\/vieassociative.be\/actualites\/wp-content\/uploads\/2024\/09\/header_backgroundk-01-e1726694325946.png","type":"image\/png"}],"author":"Julien","twitter_card":"summary_large_image","twitter_misc":{"\u00c9crit par":"Julien","Dur\u00e9e de lecture est.":"4 minutes"},"schema":{"@context":"https:\/\/schema.org","@graph":[{"@type":"Article","@id":"https:\/\/vieassociative.be\/actualites\/trump-annonce-une-rencontre-avec-poutine-a-budapest\/#article","isPartOf":{"@id":"https:\/\/vieassociative.be\/actualites\/trump-annonce-une-rencontre-avec-poutine-a-budapest\/"},"author":{"name":"Julien","@id":"https:\/\/vieassociative.be\/actualites\/#\/schema\/person\/b87ac4f82f9d4e7b7cec7395b679edc4"},"headline":"Trump annonce une rencontre avec Poutine \u00e0 Budapest","datePublished":"2025-10-16T20:16:59+00:00","dateModified":"2025-10-16T20:16:59+00:00","mainEntityOfPage":{"@id":"https:\/\/vieassociative.be\/actualites\/trump-annonce-une-rencontre-avec-poutine-a-budapest\/"},"wordCount":825,"publisher":{"@id":"https:\/\/vieassociative.be\/actualites\/#organization"},"image":{"@id":"https:\/\/vieassociative.be\/actualites\/trump-annonce-une-rencontre-avec-poutine-a-budapest\/#primaryimage"},"thumbnailUrl":"https:\/\/vieassociative.be\/actualites\/wp-content\/uploads\/2025\/08\/1755224245_Le-monde-regarde-lAlaska-Trump-Poutine-peut-il-forcer-le-pie.jpg","keywords":["annonce","avec","Budapest","Poutine","rencontre","Trump","une"],"articleSection":["Belgique"],"inLanguage":"fr-BE"},{"@type":"WebPage","@id":"https:\/\/vieassociative.be\/actualites\/trump-annonce-une-rencontre-avec-poutine-a-budapest\/","url":"https:\/\/vieassociative.be\/actualites\/trump-annonce-une-rencontre-avec-poutine-a-budapest\/","name":"Trump annonce une rencontre avec Poutine \u00e0 Budapest | Vie Associative","isPartOf":{"@id":"https:\/\/vieassociative.be\/actualites\/#website"},"primaryImageOfPage":{"@id":"https:\/\/vieassociative.be\/actualites\/trump-annonce-une-rencontre-avec-poutine-a-budapest\/#primaryimage"},"image":{"@id":"https:\/\/vieassociative.be\/actualites\/trump-annonce-une-rencontre-avec-poutine-a-budapest\/#primaryimage"},"thumbnailUrl":"https:\/\/vieassociative.be\/actualites\/wp-content\/uploads\/2025\/08\/1755224245_Le-monde-regarde-lAlaska-Trump-Poutine-peut-il-forcer-le-pie.jpg","datePublished":"2025-10-16T20:16:59+00:00","dateModified":"2025-10-16T20:16:59+00:00","breadcrumb":{"@id":"https:\/\/vieassociative.be\/actualites\/trump-annonce-une-rencontre-avec-poutine-a-budapest\/#breadcrumb"},"inLanguage":"fr-BE","potentialAction":[{"@type":"ReadAction","target":["https:\/\/vieassociative.be\/actualites\/trump-annonce-une-rencontre-avec-poutine-a-budapest\/"]}]},{"@type":"ImageObject","inLanguage":"fr-BE","@id":"https:\/\/vieassociative.be\/actualites\/trump-annonce-une-rencontre-avec-poutine-a-budapest\/#primaryimage","url":"https:\/\/vieassociative.be\/actualites\/wp-content\/uploads\/2025\/08\/1755224245_Le-monde-regarde-lAlaska-Trump-Poutine-peut-il-forcer-le-pie.jpg","contentUrl":"https:\/\/vieassociative.be\/actualites\/wp-content\/uploads\/2025\/08\/1755224245_Le-monde-regarde-lAlaska-Trump-Poutine-peut-il-forcer-le-pie.jpg","width":1200,"height":791,"caption":"Le monde regarde l'Alaska: Trump Poutine peut-il forcer le pie \u00e0 la paix en Ukraine? (Questions et r\u00e9ponses)"},{"@type":"BreadcrumbList","@id":"https:\/\/vieassociative.be\/actualites\/trump-annonce-une-rencontre-avec-poutine-a-budapest\/#breadcrumb","itemListElement":[{"@type":"ListItem","position":1,"name":"Accueil","item":"https:\/\/vieassociative.be\/actualites\/"},{"@type":"ListItem","position":2,"name":"Trump annonce une rencontre avec Poutine \u00e0 Budapest"}]},{"@type":"WebSite","@id":"https:\/\/vieassociative.be\/actualites\/#website","url":"https:\/\/vieassociative.be\/actualites\/","name":"Vie Associative","description":"","publisher":{"@id":"https:\/\/vieassociative.be\/actualites\/#organization"},"potentialAction":[{"@type":"SearchAction","target":{"@type":"EntryPoint","urlTemplate":"https:\/\/vieassociative.be\/actualites\/?s={search_term_string}"},"query-input":{"@type":"PropertyValueSpecification","valueRequired":true,"valueName":"search_term_string"}}],"inLanguage":"fr-BE"},{"@type":"Organization","@id":"https:\/\/vieassociative.be\/actualites\/#organization","name":"Vie Associative","url":"https:\/\/vieassociative.be\/actualites\/","logo":{"@type":"ImageObject","inLanguage":"fr-BE","@id":"https:\/\/vieassociative.be\/actualites\/#\/schema\/logo\/image\/","url":"https:\/\/vieassociative.be\/actualites\/wp-content\/uploads\/2024\/09\/cropped-vieassociative_favicon.ico.png","contentUrl":"https:\/\/vieassociative.be\/actualites\/wp-content\/uploads\/2024\/09\/cropped-vieassociative_favicon.ico.png","width":512,"height":512,"caption":"Vie Associative"},"image":{"@id":"https:\/\/vieassociative.be\/actualites\/#\/schema\/logo\/image\/"}},{"@type":"Person","@id":"https:\/\/vieassociative.be\/actualites\/#\/schema\/person\/b87ac4f82f9d4e7b7cec7395b679edc4","name":"Julien","image":{"@type":"ImageObject","inLanguage":"fr-BE","@id":"https:\/\/vieassociative.be\/actualites\/#\/schema\/person\/image\/","url":"https:\/\/vieassociative.be\/actualites\/wp-content\/uploads\/2024\/09\/vie-associative-1-150x150.jpg","contentUrl":"https:\/\/vieassociative.be\/actualites\/wp-content\/uploads\/2024\/09\/vie-associative-1-150x150.jpg","caption":"Julien"},"description":"Je suis Julien, r\u00e9dacteur pour Vie Associative. Passionn\u00e9 par le monde associatif depuis plus de 10 ans, j'ai \u00e0 c\u0153ur de partager des histoires inspirantes et de mettre en lumi\u00e8re les initiatives locales. Mon objectif est de sensibiliser et d'encourager l'engagement communautaire \u00e0 travers mes articles.","sameAs":["https:\/\/vieassociative.be\/"]}]}},"_links":{"self":[{"href":"https:\/\/vieassociative.be\/actualites\/wp-json\/wp\/v2\/posts\/10710"}],"collection":[{"href":"https:\/\/vieassociative.be\/actualites\/wp-json\/wp\/v2\/posts"}],"about":[{"href":"https:\/\/vieassociative.be\/actualites\/wp-json\/wp\/v2\/types\/post"}],"author":[{"embeddable":true,"href":"https:\/\/vieassociative.be\/actualites\/wp-json\/wp\/v2\/users\/1"}],"replies":[{"embeddable":true,"href":"https:\/\/vieassociative.be\/actualites\/wp-json\/wp\/v2\/comments?post=10710"}],"version-history":[{"count":0,"href":"https:\/\/vieassociative.be\/actualites\/wp-json\/wp\/v2\/posts\/10710\/revisions"}],"wp:featuredmedia":[{"embeddable":true,"href":"https:\/\/vieassociative.be\/actualites\/wp-json\/wp\/v2\/media\/9414"}],"wp:attachment":[{"href":"https:\/\/vieassociative.be\/actualites\/wp-json\/wp\/v2\/media?parent=10710"}],"wp:term":[{"taxonomy":"category","embeddable":true,"href":"https:\/\/vieassociative.be\/actualites\/wp-json\/wp\/v2\/categories?post=10710"},{"taxonomy":"post_tag","embeddable":true,"href":"https:\/\/vieassociative.be\/actualites\/wp-json\/wp\/v2\/tags?post=10710"}],"curies":[{"name":"wp","href":"https:\/\/api.w.org\/{rel}","templated":true}]}}