{"id":10703,"date":"2025-10-16T16:17:31","date_gmt":"2025-10-16T14:17:31","guid":{"rendered":"https:\/\/vieassociative.be\/actualites\/danciens-responsables-politiques-de-la-cdu-remettent-en-question-le-pare-feu-lafd-est-a-40-pour-cent-en-saxe-anhalt\/"},"modified":"2025-10-16T16:17:31","modified_gmt":"2025-10-16T14:17:31","slug":"danciens-responsables-politiques-de-la-cdu-remettent-en-question-le-pare-feu-lafd-est-a-40-pour-cent-en-saxe-anhalt","status":"publish","type":"post","link":"https:\/\/vieassociative.be\/actualites\/danciens-responsables-politiques-de-la-cdu-remettent-en-question-le-pare-feu-lafd-est-a-40-pour-cent-en-saxe-anhalt\/","title":{"rendered":"D\u2019anciens responsables politiques de la CDU remettent en question le \u00ab pare-feu \u00bb \u2013 l\u2019AfD est \u00e0 40 (!) pour cent en Saxe-Anhalt"},"content":{"rendered":"<p><strong>Trois anciens responsables politiques du parti d\u00e9mocrate-chr\u00e9tien appellent \u00e0 une approche plus d\u00e9tendue \u00e0 l&rsquo;\u00e9gard de l&rsquo;AfD. Leur mont\u00e9e en puissance se manifeste d\u00e9sormais presque partout en R\u00e9publique f\u00e9d\u00e9rale. Un an avant les \u00e9lections r\u00e9gionales en Saxe-Anhalt, les populistes de droite ont atteint leur plus grand nombre de sondages jusqu&rsquo;\u00e0 pr\u00e9sent.<\/strong><\/p>\n<p><span id=\"more-427330\"><\/span>L&rsquo;AfD, que l&rsquo;Office national pour la protection de la Constitution a class\u00e9 comme d\u00e9finitivement extr\u00e9miste de droite en Saxe-Anhalt, dispose actuellement de 40 pour cent des soutiens des \u00e9lecteurs, comme l&rsquo;a d\u00e9termin\u00e9 l&rsquo;institut d&rsquo;opinion Insa pour le portail d&rsquo;information \u00ab Nius \u00bb. La CDU, qui est le Premier ministre, a obtenu 26 pour cent. Derri\u00e8re eux se trouvent la gauche (11 pour cent), le SPD (6), le BSW (6), le FDP (3) et les Verts (3).<\/p>\n<div id=\"attachment_427339\" class=\"wp-caption alignleft\" style=\"max-width: 300px\"><img fetchpriority=\"high\" decoding=\"async\" class=\"wp-image-427339 size-medium\" src=\"https:\/\/vieassociative.be\/actualites\/wp-content\/uploads\/2025\/10\/Danciens-responsables-politiques-de-la-CDU-remettent-en-question-le.jpg\" alt=\"\" width=\"300\" height=\"175\"  ><\/div>\n<p>L&rsquo;AfD accro\u00eet ainsi encore son avance dans les sondages. Le Premier ministre de Saxe-Anhalt, Reiner Haseloff (CDU), a r\u00e9cemment exclu une nouvelle collaboration avec l&rsquo;AfD. Selon les r\u00e9sultats de l&rsquo;enqu\u00eate, une majorit\u00e9 sans l&rsquo;AfD ne serait math\u00e9matiquement possible pour la CDU que dans le cadre d&rsquo;une alliance quadripartite avec le SPD, le BSW et la gauche. Cependant, la CDU a exclu une coalition ou une forme similaire de coop\u00e9ration avec l&rsquo;AfD et la gauche par une r\u00e9solution de la conf\u00e9rence du parti.<\/p>\n<p>L&rsquo;AfD est m\u00eame en hausse dans le Bade-Wurtemberg. A cinq mois des \u00e9lections r\u00e9gionales, la CDU continue de perdre du terrain aupr\u00e8s des \u00e9lecteurs. S&rsquo;il y avait des \u00e9lections r\u00e9gionales ce dimanche, les chr\u00e9tiens-d\u00e9mocrates et leur principal candidat Manuel Hagel obtiendraient 29 pour cent, soit une baisse de 2 points de pourcentage par rapport \u00e0 mai, selon une enqu\u00eate repr\u00e9sentative de l&rsquo;institut d&rsquo;opinion Infratest dimap. Il y a un an, la CDU \u00e9tait encore \u00e0 34 pour cent.<\/p>\n<\/p>\n<div id=\"attachment_427340\" class=\"wp-caption alignleft\" style=\"max-width: 300px\"><img decoding=\"async\" class=\"wp-image-427340 size-medium\" src=\"https:\/\/vieassociative.be\/actualites\/wp-content\/uploads\/2025\/10\/1760624251_535_Danciens-responsables-politiques-de-la-CDU-remettent-en-question-le.jpg\" alt=\"\" width=\"300\" height=\"209\"><\/div>\n<p>L&rsquo;AfD, qui est \u00e9galement consid\u00e9r\u00e9e comme un extr\u00e9miste de droite pr\u00e9sum\u00e9 dans le Bade-Wurtemberg, gagne deux points de pourcentage et occupe pour la premi\u00e8re fois la deuxi\u00e8me place dans cette enqu\u00eate avec 21 pour cent. Les Verts men\u00e9s par le candidat t\u00eate de liste Cem \u00d6zdemir obtiendraient 20 pour cent, comme en mai. Lors des \u00e9lections nationales de 2021, les Verts ont obtenu 32,6 pour cent.<\/p>\n<p>Un d\u00e9bat a repris au sein de l\u2019Union sur la mani\u00e8re de traiter et de coop\u00e9rer avec l\u2019AfD. Trois anciens hommes politiques influents de l&rsquo;Union, dont l&rsquo;ancien secr\u00e9taire g\u00e9n\u00e9ral de la CDU Peter Tauber et l&rsquo;ancien ministre de la D\u00e9fense Karl-Theodor zu Guttenberg (CSU), se sont prononc\u00e9s en faveur d&rsquo;un assouplissement du soi-disant pare-feu de l&rsquo;AfD.<\/p>\n<p>Tauber a d\u00e9clar\u00e9 qu\u2019il ne fallait pas \u00ab d\u00e9battre de tous les sujets en fonction de l\u2019AfD \u00bb. \u00abLa stigmatisation actuelle ne fait qu\u2019aider l\u2019AfD.\u00bb Selon l\u2019ancien pr\u00e9sident de la commission des valeurs fondamentales de la CDU, Andreas R\u00f6dder, isoler l\u2019AfD n\u2019est pas la solution : \u00ab Plus le pare-feu est \u00e9lev\u00e9, plus l\u2019AfD est devenue forte. \u00bb L\u2019ancien secr\u00e9taire g\u00e9n\u00e9ral de la CSU, zu Guttenberg, a \u00e9galement pr\u00e9venu : \u00ab Le d\u00e9senchantement ne peut pas se faire par le boycott. \u00bb<\/p>\n<p>Alors que le secr\u00e9taire g\u00e9n\u00e9ral de la CDU, Carsten Linnemann, n&rsquo;a pas voulu faire de commentaire lorsqu&rsquo;on lui a demand\u00e9, la direction de la CSU a cat\u00e9goriquement rejet\u00e9 toutes les demandes.<\/p>\n<\/p>\n<div id=\"attachment_427341\" class=\"wp-caption alignleft\" style=\"max-width: 300px\"><img decoding=\"async\" class=\"wp-image-427341 size-medium\" src=\"https:\/\/vieassociative.be\/actualites\/wp-content\/uploads\/2025\/10\/1760624251_385_Danciens-responsables-politiques-de-la-CDU-remettent-en-question-le.jpg\" alt=\"\" width=\"300\" height=\"200\"><\/div>\n<p>La pr\u00e9sidente de l&rsquo;AfD, Alice Weidel, \u00e9tait convaincue que la CDU et la CSU coop\u00e9reraient avec son parti dans un avenir proche : apr\u00e8s l&rsquo;\u00e8re du chancelier Friedrich Merz, l&rsquo;Union ne pourra plus refuser, a-t-elle d\u00e9clar\u00e9 dans \u00ab\u00a0Stern\u00a0\u00bb. \u00ab\u00a0Tant qu&rsquo;il exclut toute coop\u00e9ration avec l&rsquo;AfD, il se liera aux Verts, au SPD et \u00e0 la gauche, dont le seul ciment est de maintenir l&rsquo;AfD hors du pouvoir.\u00a0\u00bb<\/p>\n<p>Au sujet du pare-feu\/AfD, le \u00ab\u00a0Reutlinger General-Anzeiger\u00a0\u00bb \u00e9crit : \u00ab\u00a0L&rsquo;AfD n&rsquo;a pas de solutions \u00e0 proposer aux d\u00e9fis complexes de notre \u00e9poque qui vont au-del\u00e0 d&rsquo;un stupide &lsquo;\u00e9trangers dehors&rsquo;. Mais derri\u00e8re le pare-feu avec lequel les partis \u00e9tablis emp\u00eachent l&rsquo;AfD de prendre ses responsabilit\u00e9s se cache toute l&rsquo;ampleur du manque d&rsquo;id\u00e9es et de comp\u00e9tences. Et pendant que les citoyens r\u00e9agissent avec un m\u00e9contentement croissant. Regarder comment le gouvernement tente de d\u00e9velopper un compromis solutions aux int\u00e9r\u00eats divers et souvent contradictoires de la population, l\u2019AfD peut confortablement se pr\u00e9valoir de l\u2019aur\u00e9ole impos\u00e9e de n\u2019avoir jamais d\u00e9\u00e7u ses \u00e9lecteurs. Les discours constants sur la d\u00e9marcation donnent l&rsquo;impression que l&rsquo;AfD est un lieu de d\u00e9sir pour des \u00e9lecteurs d\u00e9\u00e7us qui ne s&rsquo;int\u00e9ressent pas aux id\u00e9ologies, mais aux r\u00e9sultats.\u00bb (dpa\/cr\u00e9)<\/p>\n","protected":false},"excerpt":{"rendered":"<p>Trois anciens responsables politiques du parti d\u00e9mocrate-chr\u00e9tien appellent \u00e0 une approche plus d\u00e9tendue \u00e0 l&rsquo;\u00e9gard de l&rsquo;AfD. Leur mont\u00e9e en puissance se manifeste d\u00e9sormais presque<\/p>\n","protected":false},"author":1,"featured_media":10704,"comment_status":"","ping_status":"","sticky":false,"template":"","format":"standard","meta":{"footnotes":""},"categories":[298],"tags":[5509,8921,8917,76,3439,8920,6477,81,2519,8919,8918,8922],"class_list":["post-10703","post","type-post","status-publish","format-standard","has-post-thumbnail","hentry","category-belgique","tag-cdu","tag-cent","tag-danciens","tag-est","tag-lafd","tag-parefeu","tag-politiques","tag-pour","tag-question","tag-remettent","tag-responsables","tag-saxeanhalt","generate-columns","tablet-grid-50","mobile-grid-100","grid-parent","grid-33"],"yoast_head":"<!-- This site is optimized with the Yoast SEO plugin v24.0 - https:\/\/yoast.com\/wordpress\/plugins\/seo\/ -->\n<title>D\u2019anciens responsables politiques de la CDU remettent en question le \u00ab pare-feu \u00bb \u2013 l\u2019AfD est \u00e0 40 (!) pour cent en Saxe-Anhalt | Vie Associative<\/title>\n<meta name=\"robots\" content=\"index, follow, max-snippet:-1, max-image-preview:large, max-video-preview:-1\" \/>\n<link rel=\"canonical\" href=\"https:\/\/vieassociative.be\/actualites\/danciens-responsables-politiques-de-la-cdu-remettent-en-question-le-pare-feu-lafd-est-a-40-pour-cent-en-saxe-anhalt\/\" \/>\n<meta property=\"og:locale\" content=\"fr_FR\" \/>\n<meta property=\"og:type\" content=\"article\" \/>\n<meta property=\"og:title\" content=\"D\u2019anciens responsables politiques de la CDU remettent en question le \u00ab pare-feu \u00bb \u2013 l\u2019AfD est \u00e0 40 (!) pour cent en Saxe-Anhalt | Vie Associative\" \/>\n<meta property=\"og:description\" content=\"Trois anciens responsables politiques du parti d\u00e9mocrate-chr\u00e9tien appellent \u00e0 une approche plus d\u00e9tendue \u00e0 l&rsquo;\u00e9gard de l&rsquo;AfD. Leur mont\u00e9e en puissance se manifeste d\u00e9sormais presque\" \/>\n<meta property=\"og:url\" content=\"https:\/\/vieassociative.be\/actualites\/danciens-responsables-politiques-de-la-cdu-remettent-en-question-le-pare-feu-lafd-est-a-40-pour-cent-en-saxe-anhalt\/\" \/>\n<meta property=\"og:site_name\" content=\"Vie Associative\" \/>\n<meta property=\"article:published_time\" content=\"2025-10-16T14:17:31+00:00\" \/>\n<meta property=\"og:image\" content=\"https:\/\/vieassociative.be\/actualites\/wp-content\/uploads\/2024\/09\/header_backgroundk-01-e1726694325946.png\" \/>\n\t<meta property=\"og:image:width\" content=\"279\" \/>\n\t<meta property=\"og:image:height\" content=\"92\" \/>\n\t<meta property=\"og:image:type\" content=\"image\/png\" \/>\n<meta name=\"author\" content=\"Julien\" \/>\n<meta name=\"twitter:card\" content=\"summary_large_image\" \/>\n<meta name=\"twitter:label1\" content=\"\u00c9crit par\" \/>\n\t<meta name=\"twitter:data1\" content=\"Julien\" \/>\n\t<meta name=\"twitter:label2\" content=\"Dur\u00e9e de lecture est.\" \/>\n\t<meta name=\"twitter:data2\" content=\"4 minutes\" \/>\n<script type=\"application\/ld+json\" class=\"yoast-schema-graph\">{\"@context\":\"https:\/\/schema.org\",\"@graph\":[{\"@type\":\"Article\",\"@id\":\"https:\/\/vieassociative.be\/actualites\/danciens-responsables-politiques-de-la-cdu-remettent-en-question-le-pare-feu-lafd-est-a-40-pour-cent-en-saxe-anhalt\/#article\",\"isPartOf\":{\"@id\":\"https:\/\/vieassociative.be\/actualites\/danciens-responsables-politiques-de-la-cdu-remettent-en-question-le-pare-feu-lafd-est-a-40-pour-cent-en-saxe-anhalt\/\"},\"author\":{\"name\":\"Julien\",\"@id\":\"https:\/\/vieassociative.be\/actualites\/#\/schema\/person\/b87ac4f82f9d4e7b7cec7395b679edc4\"},\"headline\":\"D\u2019anciens responsables politiques de la CDU remettent en question le \u00ab pare-feu \u00bb \u2013 l\u2019AfD est \u00e0 40 (!) pour cent en Saxe-Anhalt\",\"datePublished\":\"2025-10-16T14:17:31+00:00\",\"dateModified\":\"2025-10-16T14:17:31+00:00\",\"mainEntityOfPage\":{\"@id\":\"https:\/\/vieassociative.be\/actualites\/danciens-responsables-politiques-de-la-cdu-remettent-en-question-le-pare-feu-lafd-est-a-40-pour-cent-en-saxe-anhalt\/\"},\"wordCount\":845,\"publisher\":{\"@id\":\"https:\/\/vieassociative.be\/actualites\/#organization\"},\"image\":{\"@id\":\"https:\/\/vieassociative.be\/actualites\/danciens-responsables-politiques-de-la-cdu-remettent-en-question-le-pare-feu-lafd-est-a-40-pour-cent-en-saxe-anhalt\/#primaryimage\"},\"thumbnailUrl\":\"https:\/\/vieassociative.be\/actualites\/wp-content\/uploads\/2025\/10\/1760624252_Danciens-responsables-politiques-de-la-CDU-remettent-en-question-le.jpg\",\"keywords\":[\"CDU\",\"cent\",\"Danciens\",\"est\",\"lAfD\",\"parefeu\",\"politiques\",\"pour\",\"question\",\"remettent\",\"responsables\",\"SaxeAnhalt\"],\"articleSection\":[\"Belgique\"],\"inLanguage\":\"fr-BE\"},{\"@type\":\"WebPage\",\"@id\":\"https:\/\/vieassociative.be\/actualites\/danciens-responsables-politiques-de-la-cdu-remettent-en-question-le-pare-feu-lafd-est-a-40-pour-cent-en-saxe-anhalt\/\",\"url\":\"https:\/\/vieassociative.be\/actualites\/danciens-responsables-politiques-de-la-cdu-remettent-en-question-le-pare-feu-lafd-est-a-40-pour-cent-en-saxe-anhalt\/\",\"name\":\"D\u2019anciens responsables politiques de la CDU remettent en question le \u00ab pare-feu \u00bb \u2013 l\u2019AfD est \u00e0 40 (!) pour cent en Saxe-Anhalt | Vie Associative\",\"isPartOf\":{\"@id\":\"https:\/\/vieassociative.be\/actualites\/#website\"},\"primaryImageOfPage\":{\"@id\":\"https:\/\/vieassociative.be\/actualites\/danciens-responsables-politiques-de-la-cdu-remettent-en-question-le-pare-feu-lafd-est-a-40-pour-cent-en-saxe-anhalt\/#primaryimage\"},\"image\":{\"@id\":\"https:\/\/vieassociative.be\/actualites\/danciens-responsables-politiques-de-la-cdu-remettent-en-question-le-pare-feu-lafd-est-a-40-pour-cent-en-saxe-anhalt\/#primaryimage\"},\"thumbnailUrl\":\"https:\/\/vieassociative.be\/actualites\/wp-content\/uploads\/2025\/10\/1760624252_Danciens-responsables-politiques-de-la-CDU-remettent-en-question-le.jpg\",\"datePublished\":\"2025-10-16T14:17:31+00:00\",\"dateModified\":\"2025-10-16T14:17:31+00:00\",\"breadcrumb\":{\"@id\":\"https:\/\/vieassociative.be\/actualites\/danciens-responsables-politiques-de-la-cdu-remettent-en-question-le-pare-feu-lafd-est-a-40-pour-cent-en-saxe-anhalt\/#breadcrumb\"},\"inLanguage\":\"fr-BE\",\"potentialAction\":[{\"@type\":\"ReadAction\",\"target\":[\"https:\/\/vieassociative.be\/actualites\/danciens-responsables-politiques-de-la-cdu-remettent-en-question-le-pare-feu-lafd-est-a-40-pour-cent-en-saxe-anhalt\/\"]}]},{\"@type\":\"ImageObject\",\"inLanguage\":\"fr-BE\",\"@id\":\"https:\/\/vieassociative.be\/actualites\/danciens-responsables-politiques-de-la-cdu-remettent-en-question-le-pare-feu-lafd-est-a-40-pour-cent-en-saxe-anhalt\/#primaryimage\",\"url\":\"https:\/\/vieassociative.be\/actualites\/wp-content\/uploads\/2025\/10\/1760624252_Danciens-responsables-politiques-de-la-CDU-remettent-en-question-le.jpg\",\"contentUrl\":\"https:\/\/vieassociative.be\/actualites\/wp-content\/uploads\/2025\/10\/1760624252_Danciens-responsables-politiques-de-la-CDU-remettent-en-question-le.jpg\",\"width\":1200,\"height\":800,\"caption\":\"D\u2019anciens responsables politiques de la CDU remettent en question le \u00ab pare-feu \u00bb \u2013 l\u2019AfD est \u00e0 40 (!) pour cent en Saxe-Anhalt\"},{\"@type\":\"BreadcrumbList\",\"@id\":\"https:\/\/vieassociative.be\/actualites\/danciens-responsables-politiques-de-la-cdu-remettent-en-question-le-pare-feu-lafd-est-a-40-pour-cent-en-saxe-anhalt\/#breadcrumb\",\"itemListElement\":[{\"@type\":\"ListItem\",\"position\":1,\"name\":\"Accueil\",\"item\":\"https:\/\/vieassociative.be\/actualites\/\"},{\"@type\":\"ListItem\",\"position\":2,\"name\":\"D\u2019anciens responsables politiques de la CDU remettent en question le \u00ab pare-feu \u00bb \u2013 l\u2019AfD est \u00e0 40 (!) pour cent en Saxe-Anhalt\"}]},{\"@type\":\"WebSite\",\"@id\":\"https:\/\/vieassociative.be\/actualites\/#website\",\"url\":\"https:\/\/vieassociative.be\/actualites\/\",\"name\":\"Vie Associative\",\"description\":\"\",\"publisher\":{\"@id\":\"https:\/\/vieassociative.be\/actualites\/#organization\"},\"potentialAction\":[{\"@type\":\"SearchAction\",\"target\":{\"@type\":\"EntryPoint\",\"urlTemplate\":\"https:\/\/vieassociative.be\/actualites\/?s={search_term_string}\"},\"query-input\":{\"@type\":\"PropertyValueSpecification\",\"valueRequired\":true,\"valueName\":\"search_term_string\"}}],\"inLanguage\":\"fr-BE\"},{\"@type\":\"Organization\",\"@id\":\"https:\/\/vieassociative.be\/actualites\/#organization\",\"name\":\"Vie Associative\",\"url\":\"https:\/\/vieassociative.be\/actualites\/\",\"logo\":{\"@type\":\"ImageObject\",\"inLanguage\":\"fr-BE\",\"@id\":\"https:\/\/vieassociative.be\/actualites\/#\/schema\/logo\/image\/\",\"url\":\"https:\/\/vieassociative.be\/actualites\/wp-content\/uploads\/2024\/09\/cropped-vieassociative_favicon.ico.png\",\"contentUrl\":\"https:\/\/vieassociative.be\/actualites\/wp-content\/uploads\/2024\/09\/cropped-vieassociative_favicon.ico.png\",\"width\":512,\"height\":512,\"caption\":\"Vie Associative\"},\"image\":{\"@id\":\"https:\/\/vieassociative.be\/actualites\/#\/schema\/logo\/image\/\"}},{\"@type\":\"Person\",\"@id\":\"https:\/\/vieassociative.be\/actualites\/#\/schema\/person\/b87ac4f82f9d4e7b7cec7395b679edc4\",\"name\":\"Julien\",\"image\":{\"@type\":\"ImageObject\",\"inLanguage\":\"fr-BE\",\"@id\":\"https:\/\/vieassociative.be\/actualites\/#\/schema\/person\/image\/\",\"url\":\"https:\/\/vieassociative.be\/actualites\/wp-content\/uploads\/2024\/09\/vie-associative-1-150x150.jpg\",\"contentUrl\":\"https:\/\/vieassociative.be\/actualites\/wp-content\/uploads\/2024\/09\/vie-associative-1-150x150.jpg\",\"caption\":\"Julien\"},\"description\":\"Je suis Julien, r\u00e9dacteur pour Vie Associative. Passionn\u00e9 par le monde associatif depuis plus de 10 ans, j'ai \u00e0 c\u0153ur de partager des histoires inspirantes et de mettre en lumi\u00e8re les initiatives locales. Mon objectif est de sensibiliser et d'encourager l'engagement communautaire \u00e0 travers mes articles.\",\"sameAs\":[\"https:\/\/vieassociative.be\/\"]}]}<\/script>\n<!-- \/ Yoast SEO plugin. -->","yoast_head_json":{"title":"D\u2019anciens responsables politiques de la CDU remettent en question le \u00ab pare-feu \u00bb \u2013 l\u2019AfD est \u00e0 40 (!) pour cent en Saxe-Anhalt | Vie Associative","robots":{"index":"index","follow":"follow","max-snippet":"max-snippet:-1","max-image-preview":"max-image-preview:large","max-video-preview":"max-video-preview:-1"},"canonical":"https:\/\/vieassociative.be\/actualites\/danciens-responsables-politiques-de-la-cdu-remettent-en-question-le-pare-feu-lafd-est-a-40-pour-cent-en-saxe-anhalt\/","og_locale":"fr_FR","og_type":"article","og_title":"D\u2019anciens responsables politiques de la CDU remettent en question le \u00ab pare-feu \u00bb \u2013 l\u2019AfD est \u00e0 40 (!) pour cent en Saxe-Anhalt | Vie Associative","og_description":"Trois anciens responsables politiques du parti d\u00e9mocrate-chr\u00e9tien appellent \u00e0 une approche plus d\u00e9tendue \u00e0 l&rsquo;\u00e9gard de l&rsquo;AfD. Leur mont\u00e9e en puissance se manifeste d\u00e9sormais presque","og_url":"https:\/\/vieassociative.be\/actualites\/danciens-responsables-politiques-de-la-cdu-remettent-en-question-le-pare-feu-lafd-est-a-40-pour-cent-en-saxe-anhalt\/","og_site_name":"Vie Associative","article_published_time":"2025-10-16T14:17:31+00:00","og_image":[{"width":279,"height":92,"url":"https:\/\/vieassociative.be\/actualites\/wp-content\/uploads\/2024\/09\/header_backgroundk-01-e1726694325946.png","type":"image\/png"}],"author":"Julien","twitter_card":"summary_large_image","twitter_misc":{"\u00c9crit par":"Julien","Dur\u00e9e de lecture est.":"4 minutes"},"schema":{"@context":"https:\/\/schema.org","@graph":[{"@type":"Article","@id":"https:\/\/vieassociative.be\/actualites\/danciens-responsables-politiques-de-la-cdu-remettent-en-question-le-pare-feu-lafd-est-a-40-pour-cent-en-saxe-anhalt\/#article","isPartOf":{"@id":"https:\/\/vieassociative.be\/actualites\/danciens-responsables-politiques-de-la-cdu-remettent-en-question-le-pare-feu-lafd-est-a-40-pour-cent-en-saxe-anhalt\/"},"author":{"name":"Julien","@id":"https:\/\/vieassociative.be\/actualites\/#\/schema\/person\/b87ac4f82f9d4e7b7cec7395b679edc4"},"headline":"D\u2019anciens responsables politiques de la CDU remettent en question le \u00ab pare-feu \u00bb \u2013 l\u2019AfD est \u00e0 40 (!) pour cent en Saxe-Anhalt","datePublished":"2025-10-16T14:17:31+00:00","dateModified":"2025-10-16T14:17:31+00:00","mainEntityOfPage":{"@id":"https:\/\/vieassociative.be\/actualites\/danciens-responsables-politiques-de-la-cdu-remettent-en-question-le-pare-feu-lafd-est-a-40-pour-cent-en-saxe-anhalt\/"},"wordCount":845,"publisher":{"@id":"https:\/\/vieassociative.be\/actualites\/#organization"},"image":{"@id":"https:\/\/vieassociative.be\/actualites\/danciens-responsables-politiques-de-la-cdu-remettent-en-question-le-pare-feu-lafd-est-a-40-pour-cent-en-saxe-anhalt\/#primaryimage"},"thumbnailUrl":"https:\/\/vieassociative.be\/actualites\/wp-content\/uploads\/2025\/10\/1760624252_Danciens-responsables-politiques-de-la-CDU-remettent-en-question-le.jpg","keywords":["CDU","cent","Danciens","est","lAfD","parefeu","politiques","pour","question","remettent","responsables","SaxeAnhalt"],"articleSection":["Belgique"],"inLanguage":"fr-BE"},{"@type":"WebPage","@id":"https:\/\/vieassociative.be\/actualites\/danciens-responsables-politiques-de-la-cdu-remettent-en-question-le-pare-feu-lafd-est-a-40-pour-cent-en-saxe-anhalt\/","url":"https:\/\/vieassociative.be\/actualites\/danciens-responsables-politiques-de-la-cdu-remettent-en-question-le-pare-feu-lafd-est-a-40-pour-cent-en-saxe-anhalt\/","name":"D\u2019anciens responsables politiques de la CDU remettent en question le \u00ab pare-feu \u00bb \u2013 l\u2019AfD est \u00e0 40 (!) pour cent en Saxe-Anhalt | Vie Associative","isPartOf":{"@id":"https:\/\/vieassociative.be\/actualites\/#website"},"primaryImageOfPage":{"@id":"https:\/\/vieassociative.be\/actualites\/danciens-responsables-politiques-de-la-cdu-remettent-en-question-le-pare-feu-lafd-est-a-40-pour-cent-en-saxe-anhalt\/#primaryimage"},"image":{"@id":"https:\/\/vieassociative.be\/actualites\/danciens-responsables-politiques-de-la-cdu-remettent-en-question-le-pare-feu-lafd-est-a-40-pour-cent-en-saxe-anhalt\/#primaryimage"},"thumbnailUrl":"https:\/\/vieassociative.be\/actualites\/wp-content\/uploads\/2025\/10\/1760624252_Danciens-responsables-politiques-de-la-CDU-remettent-en-question-le.jpg","datePublished":"2025-10-16T14:17:31+00:00","dateModified":"2025-10-16T14:17:31+00:00","breadcrumb":{"@id":"https:\/\/vieassociative.be\/actualites\/danciens-responsables-politiques-de-la-cdu-remettent-en-question-le-pare-feu-lafd-est-a-40-pour-cent-en-saxe-anhalt\/#breadcrumb"},"inLanguage":"fr-BE","potentialAction":[{"@type":"ReadAction","target":["https:\/\/vieassociative.be\/actualites\/danciens-responsables-politiques-de-la-cdu-remettent-en-question-le-pare-feu-lafd-est-a-40-pour-cent-en-saxe-anhalt\/"]}]},{"@type":"ImageObject","inLanguage":"fr-BE","@id":"https:\/\/vieassociative.be\/actualites\/danciens-responsables-politiques-de-la-cdu-remettent-en-question-le-pare-feu-lafd-est-a-40-pour-cent-en-saxe-anhalt\/#primaryimage","url":"https:\/\/vieassociative.be\/actualites\/wp-content\/uploads\/2025\/10\/1760624252_Danciens-responsables-politiques-de-la-CDU-remettent-en-question-le.jpg","contentUrl":"https:\/\/vieassociative.be\/actualites\/wp-content\/uploads\/2025\/10\/1760624252_Danciens-responsables-politiques-de-la-CDU-remettent-en-question-le.jpg","width":1200,"height":800,"caption":"D\u2019anciens responsables politiques de la CDU remettent en question le \u00ab pare-feu \u00bb \u2013 l\u2019AfD est \u00e0 40 (!) pour cent en Saxe-Anhalt"},{"@type":"BreadcrumbList","@id":"https:\/\/vieassociative.be\/actualites\/danciens-responsables-politiques-de-la-cdu-remettent-en-question-le-pare-feu-lafd-est-a-40-pour-cent-en-saxe-anhalt\/#breadcrumb","itemListElement":[{"@type":"ListItem","position":1,"name":"Accueil","item":"https:\/\/vieassociative.be\/actualites\/"},{"@type":"ListItem","position":2,"name":"D\u2019anciens responsables politiques de la CDU remettent en question le \u00ab pare-feu \u00bb \u2013 l\u2019AfD est \u00e0 40 (!) pour cent en Saxe-Anhalt"}]},{"@type":"WebSite","@id":"https:\/\/vieassociative.be\/actualites\/#website","url":"https:\/\/vieassociative.be\/actualites\/","name":"Vie Associative","description":"","publisher":{"@id":"https:\/\/vieassociative.be\/actualites\/#organization"},"potentialAction":[{"@type":"SearchAction","target":{"@type":"EntryPoint","urlTemplate":"https:\/\/vieassociative.be\/actualites\/?s={search_term_string}"},"query-input":{"@type":"PropertyValueSpecification","valueRequired":true,"valueName":"search_term_string"}}],"inLanguage":"fr-BE"},{"@type":"Organization","@id":"https:\/\/vieassociative.be\/actualites\/#organization","name":"Vie Associative","url":"https:\/\/vieassociative.be\/actualites\/","logo":{"@type":"ImageObject","inLanguage":"fr-BE","@id":"https:\/\/vieassociative.be\/actualites\/#\/schema\/logo\/image\/","url":"https:\/\/vieassociative.be\/actualites\/wp-content\/uploads\/2024\/09\/cropped-vieassociative_favicon.ico.png","contentUrl":"https:\/\/vieassociative.be\/actualites\/wp-content\/uploads\/2024\/09\/cropped-vieassociative_favicon.ico.png","width":512,"height":512,"caption":"Vie Associative"},"image":{"@id":"https:\/\/vieassociative.be\/actualites\/#\/schema\/logo\/image\/"}},{"@type":"Person","@id":"https:\/\/vieassociative.be\/actualites\/#\/schema\/person\/b87ac4f82f9d4e7b7cec7395b679edc4","name":"Julien","image":{"@type":"ImageObject","inLanguage":"fr-BE","@id":"https:\/\/vieassociative.be\/actualites\/#\/schema\/person\/image\/","url":"https:\/\/vieassociative.be\/actualites\/wp-content\/uploads\/2024\/09\/vie-associative-1-150x150.jpg","contentUrl":"https:\/\/vieassociative.be\/actualites\/wp-content\/uploads\/2024\/09\/vie-associative-1-150x150.jpg","caption":"Julien"},"description":"Je suis Julien, r\u00e9dacteur pour Vie Associative. Passionn\u00e9 par le monde associatif depuis plus de 10 ans, j'ai \u00e0 c\u0153ur de partager des histoires inspirantes et de mettre en lumi\u00e8re les initiatives locales. Mon objectif est de sensibiliser et d'encourager l'engagement communautaire \u00e0 travers mes articles.","sameAs":["https:\/\/vieassociative.be\/"]}]}},"_links":{"self":[{"href":"https:\/\/vieassociative.be\/actualites\/wp-json\/wp\/v2\/posts\/10703"}],"collection":[{"href":"https:\/\/vieassociative.be\/actualites\/wp-json\/wp\/v2\/posts"}],"about":[{"href":"https:\/\/vieassociative.be\/actualites\/wp-json\/wp\/v2\/types\/post"}],"author":[{"embeddable":true,"href":"https:\/\/vieassociative.be\/actualites\/wp-json\/wp\/v2\/users\/1"}],"replies":[{"embeddable":true,"href":"https:\/\/vieassociative.be\/actualites\/wp-json\/wp\/v2\/comments?post=10703"}],"version-history":[{"count":0,"href":"https:\/\/vieassociative.be\/actualites\/wp-json\/wp\/v2\/posts\/10703\/revisions"}],"wp:featuredmedia":[{"embeddable":true,"href":"https:\/\/vieassociative.be\/actualites\/wp-json\/wp\/v2\/media\/10704"}],"wp:attachment":[{"href":"https:\/\/vieassociative.be\/actualites\/wp-json\/wp\/v2\/media?parent=10703"}],"wp:term":[{"taxonomy":"category","embeddable":true,"href":"https:\/\/vieassociative.be\/actualites\/wp-json\/wp\/v2\/categories?post=10703"},{"taxonomy":"post_tag","embeddable":true,"href":"https:\/\/vieassociative.be\/actualites\/wp-json\/wp\/v2\/tags?post=10703"}],"curies":[{"name":"wp","href":"https:\/\/api.w.org\/{rel}","templated":true}]}}