{"id":10699,"date":"2025-10-16T10:18:02","date_gmt":"2025-10-16T08:18:02","guid":{"rendered":"https:\/\/vieassociative.be\/actualites\/malgre-la-perte-de-points-lafrique-du-sud-avec-son-selectionneur-belge-hugo-broos-remporte-son-ticket-pour-la-coupe-du-monde\/"},"modified":"2025-10-16T10:18:02","modified_gmt":"2025-10-16T08:18:02","slug":"malgre-la-perte-de-points-lafrique-du-sud-avec-son-selectionneur-belge-hugo-broos-remporte-son-ticket-pour-la-coupe-du-monde","status":"publish","type":"post","link":"https:\/\/vieassociative.be\/actualites\/malgre-la-perte-de-points-lafrique-du-sud-avec-son-selectionneur-belge-hugo-broos-remporte-son-ticket-pour-la-coupe-du-monde\/","title":{"rendered":"Malgr\u00e9 la perte de points : l&rsquo;Afrique du Sud avec son s\u00e9lectionneur belge Hugo Broos remporte son ticket pour la Coupe du Monde"},"content":{"rendered":"<p><strong>Avant m\u00eame que l&rsquo;\u00e9quipe nationale belge de football se qualifie pour la Coupe du monde 2026, qui aura lieu \u00e0 99 % en novembre, un Belge a d\u00e9j\u00e0 achet\u00e9 un billet pour les finales aux \u00c9tats-Unis, au Mexique et au Canada. La Coupe du monde se d\u00e9roulera du 11 juin au 19 juillet 2026 et r\u00e9unira pour la premi\u00e8re fois 48 nations.<\/strong><\/p>\n<p><span id=\"more-427252\"><\/span>Malgr\u00e9 une perte de points, l&rsquo;Afrique du Sud participe \u00e0 une Coupe du Monde pour la premi\u00e8re fois depuis le match \u00e0 domicile du tournoi en 2010. Lors de la derni\u00e8re journ\u00e9e de qualification, l&rsquo;\u00e9quipe du s\u00e9lectionneur belge Hugo Broos a obtenu son billet pour la phase finale de l&rsquo;ann\u00e9e prochaine gr\u00e2ce \u00e0 une victoire 3-0 (2-0) contre le Rwanda \u00e0 Mbombela.<\/p>\n<p>Apr\u00e8s des buts de Thalente Mbatha (5e minute), Oswin Appollis (26e) et Evidence Makgopa (72e), les Sud-Africains ont surpass\u00e9 l&rsquo;\u00e9quipe surprise du B\u00e9nin, qui occupait la premi\u00e8re place du groupe C avant les derni\u00e8res confrontations. La s\u00e9lection de l&rsquo;entra\u00eeneur allemand Gernot Rohr a d\u00fb s&rsquo;avouer vaincue 0:4 (0:2) au Nigeria et a perdu la premi\u00e8re place apr\u00e8s un tripl\u00e9 de Victor Osimhen de Galatasaray Istanbul. Avec une victoire, le B\u00e9nin aurait pu se qualifier pour la premi\u00e8re fois pour une Coupe du Monde.<\/p>\n<div id=\"attachment_135997\" class=\"wp-caption alignleft\" style=\"max-width: 300px\"><img fetchpriority=\"high\" decoding=\"async\" class=\"wp-image-135997 size-medium\" src=\"https:\/\/vieassociative.be\/actualites\/wp-content\/uploads\/2025\/10\/Malgre-la-perte-de-points-lAfrique-du-Sud-avec.jpg\" alt=\"\" width=\"300\" height=\"200\"  ><\/div>\n<p>L&rsquo;Afrique du Sud y est parvenue, m\u00eame si l&rsquo;association avait d\u00e9j\u00e0 \u00e9t\u00e9 s\u00e9v\u00e8rement sanctionn\u00e9e. Cela est devenu n\u00e9cessaire car le professionnel Teboho Mokoena, qui n&rsquo;\u00e9tait en fait pas \u00e9ligible pour jouer en raison d&rsquo;un carton jaune, a \u00e9t\u00e9 ill\u00e9galement appel\u00e9 contre le Lesotho en mars. Une victoire 2-0 s&rsquo;est ensuite transform\u00e9e en une d\u00e9faite 0-3 et trois points s\u00fbrs ont \u00e9t\u00e9 perdus.<\/p>\n<p>Les Sud-Africains n&rsquo;ont pas particip\u00e9 aux trois derniers tournois au Br\u00e9sil (2014), en Russie (2018) et au Qatar (2022). Lors de la Coupe du Monde dans notre propre pays, il y a une bonne quinzaine d&rsquo;ann\u00e9es, le tour pr\u00e9liminaire s&rsquo;est termin\u00e9. M\u00eame lors des deux participations pr\u00e9c\u00e9dentes \u00e0 la Coupe du monde, cela n\u2019a jamais \u00e9t\u00e9 suffisant pour une place en huiti\u00e8mes de finale.<\/p>\n<p>Hugo Broos a connu beaucoup de succ\u00e8s en tant que joueur et entra\u00eeneur. En tant que joueur du RSC Anderlecht, puis du FC Bruges, le Belge de 73 ans a remport\u00e9 deux fois la Coupe des vainqueurs de coupe europ\u00e9enne (1976 et 1978) et une fois la Coupe UEFA (1983). Il fut \u00e9galement quatre fois champion de Belgique (1972, 1974, 1981 et 1988) et cinq fois vainqueur de la Coupe de Belgique (1972, 1973, 1975, 1976 et 1986). Broos \u00e9tait \u00e9galement membre de la l\u00e9gendaire \u00e9quipe nationale belge, pour laquelle il a disput\u00e9 24 matches. Lors de la Coupe du Monde 1986 au Mexique, il termine quatri\u00e8me avec les Diables Rouges.<\/p>\n<p>En tant qu&rsquo;entra\u00eeneur, Broos a remport\u00e9 le championnat \u00e0 trois reprises avec le FC Bruges et le RSC Anderlecht (1992, 1996 et 2004) et a remport\u00e9 la coupe \u00e0 deux reprises avec le FC Bruges (1995 et 1996). Il a \u00e9t\u00e9 \u00e9lu quatre fois entra\u00eeneur de l&rsquo;ann\u00e9e en Belgique. Il a notamment remport\u00e9 la Coupe d&rsquo;Afrique des Nations avec l&rsquo;\u00e9quipe nationale du Cameroun en 2017. (cre\/dpa)<\/p>\n<p><em><strong>Sur le sujet, voir aussi l&rsquo;article suivant sur l&rsquo;OD :<\/strong><\/em><\/p>\n<div class=\"responsive-embed widescreen\">\n<blockquote class=\"wp-embedded-content\" data-secret=\"q6ih0IGfMf\">\n<p>Les Diables Rouges ont presque atteint la Coupe du Monde apr\u00e8s une victoire 4-2 au Pays de Galles &#8211; Mac\u00e9doine du Nord seulement 1-1<\/p>\n<\/blockquote>\n<p><iframe loading=\"lazy\" class=\"wp-embedded-content\" sandbox=\"allow-scripts\" security=\"restricted\" style=\"position: absolute; visibility: hidden;\" title=\"\u201eRote Teufel haben nach 4:2-Sieg in Wales Teilnahme an der WM fast geschafft \u2013 Nordmazedonien nur 1:1\u201c \u2014 Ostbelgien Direkt\" src=\"https:\/\/ostbelgiendirekt.be\/about:blank\" data-secret=\"q6ih0IGfMf\" width=\"500\" height=\"282\" frameborder=\"0\" marginwidth=\"0\" marginheight=\"0\" scrolling=\"no\" data-rocket-lazyload=\"fitvidscompatible\" data-lazy-src=\"https:\/\/ostbelgiendirekt.be\/rote-teufel-sieg-in-wales-427097\/embed#?secret=r1A1XfrIpF#?secret=q6ih0IGfMf\"><\/iframe><noscript><iframe class=\"wp-embedded-content\" sandbox=\"allow-scripts\" security=\"restricted\" style=\"position: absolute; visibility: hidden;\" title=\"\u201eRote Teufel haben nach 4:2-Sieg in Wales Teilnahme an der WM fast geschafft \u2013 Nordmazedonien nur 1:1\u201c \u2014 Ostbelgien Direkt\" src=\"https:\/\/ostbelgiendirekt.be\/rote-teufel-sieg-in-wales-427097\/embed#?secret=r1A1XfrIpF#?secret=q6ih0IGfMf\" data-secret=\"q6ih0IGfMf\" width=\"500\" height=\"282\" frameborder=\"0\" marginwidth=\"0\" marginheight=\"0\" scrolling=\"no\"><\/iframe><\/noscript><\/p>\n<\/div>\n","protected":false},"excerpt":{"rendered":"<p>Avant m\u00eame que l&rsquo;\u00e9quipe nationale belge de football se qualifie pour la Coupe du monde 2026, qui aura lieu \u00e0 99 % en novembre, un<\/p>\n","protected":false},"author":1,"featured_media":10700,"comment_status":"","ping_status":"","sticky":false,"template":"","format":"standard","meta":{"footnotes":""},"categories":[298],"tags":[61,410,8914,2472,8913,8911,4205,237,697,5876,81,2809,8912,800,617,8915],"class_list":["post-10699","post","type-post","status-publish","format-standard","has-post-thumbnail","hentry","category-belgique","tag-avec","tag-belge","tag-broos","tag-coupe","tag-hugo","tag-lafrique","tag-malgre","tag-monde","tag-perte","tag-points","tag-pour","tag-remporte","tag-selectionneur","tag-son","tag-sud","tag-ticket","generate-columns","tablet-grid-50","mobile-grid-100","grid-parent","grid-33"],"yoast_head":"<!-- This site is optimized with the Yoast SEO plugin v24.0 - https:\/\/yoast.com\/wordpress\/plugins\/seo\/ -->\n<title>Malgr\u00e9 la perte de points : l&#039;Afrique du Sud avec son s\u00e9lectionneur belge Hugo Broos remporte son ticket pour la Coupe du Monde | Vie Associative<\/title>\n<meta name=\"robots\" content=\"index, follow, max-snippet:-1, max-image-preview:large, max-video-preview:-1\" \/>\n<link rel=\"canonical\" href=\"https:\/\/vieassociative.be\/actualites\/malgre-la-perte-de-points-lafrique-du-sud-avec-son-selectionneur-belge-hugo-broos-remporte-son-ticket-pour-la-coupe-du-monde\/\" \/>\n<meta property=\"og:locale\" content=\"fr_FR\" \/>\n<meta property=\"og:type\" content=\"article\" \/>\n<meta property=\"og:title\" content=\"Malgr\u00e9 la perte de points : l&#039;Afrique du Sud avec son s\u00e9lectionneur belge Hugo Broos remporte son ticket pour la Coupe du Monde | Vie Associative\" \/>\n<meta property=\"og:description\" content=\"Avant m\u00eame que l&rsquo;\u00e9quipe nationale belge de football se qualifie pour la Coupe du monde 2026, qui aura lieu \u00e0 99 % en novembre, un\" \/>\n<meta property=\"og:url\" content=\"https:\/\/vieassociative.be\/actualites\/malgre-la-perte-de-points-lafrique-du-sud-avec-son-selectionneur-belge-hugo-broos-remporte-son-ticket-pour-la-coupe-du-monde\/\" \/>\n<meta property=\"og:site_name\" content=\"Vie Associative\" \/>\n<meta property=\"article:published_time\" content=\"2025-10-16T08:18:02+00:00\" \/>\n<meta property=\"og:image\" content=\"https:\/\/vieassociative.be\/actualites\/wp-content\/uploads\/2024\/09\/header_backgroundk-01-e1726694325946.png\" \/>\n\t<meta property=\"og:image:width\" content=\"279\" \/>\n\t<meta property=\"og:image:height\" content=\"92\" \/>\n\t<meta property=\"og:image:type\" content=\"image\/png\" \/>\n<meta name=\"author\" content=\"Julien\" \/>\n<meta name=\"twitter:card\" content=\"summary_large_image\" \/>\n<meta name=\"twitter:label1\" content=\"\u00c9crit par\" \/>\n\t<meta name=\"twitter:data1\" content=\"Julien\" \/>\n\t<meta name=\"twitter:label2\" content=\"Dur\u00e9e de lecture est.\" \/>\n\t<meta name=\"twitter:data2\" content=\"3 minutes\" \/>\n<script type=\"application\/ld+json\" class=\"yoast-schema-graph\">{\"@context\":\"https:\/\/schema.org\",\"@graph\":[{\"@type\":\"Article\",\"@id\":\"https:\/\/vieassociative.be\/actualites\/malgre-la-perte-de-points-lafrique-du-sud-avec-son-selectionneur-belge-hugo-broos-remporte-son-ticket-pour-la-coupe-du-monde\/#article\",\"isPartOf\":{\"@id\":\"https:\/\/vieassociative.be\/actualites\/malgre-la-perte-de-points-lafrique-du-sud-avec-son-selectionneur-belge-hugo-broos-remporte-son-ticket-pour-la-coupe-du-monde\/\"},\"author\":{\"name\":\"Julien\",\"@id\":\"https:\/\/vieassociative.be\/actualites\/#\/schema\/person\/b87ac4f82f9d4e7b7cec7395b679edc4\"},\"headline\":\"Malgr\u00e9 la perte de points : l&rsquo;Afrique du Sud avec son s\u00e9lectionneur belge Hugo Broos remporte son ticket pour la Coupe du Monde\",\"datePublished\":\"2025-10-16T08:18:02+00:00\",\"dateModified\":\"2025-10-16T08:18:02+00:00\",\"mainEntityOfPage\":{\"@id\":\"https:\/\/vieassociative.be\/actualites\/malgre-la-perte-de-points-lafrique-du-sud-avec-son-selectionneur-belge-hugo-broos-remporte-son-ticket-pour-la-coupe-du-monde\/\"},\"wordCount\":596,\"publisher\":{\"@id\":\"https:\/\/vieassociative.be\/actualites\/#organization\"},\"image\":{\"@id\":\"https:\/\/vieassociative.be\/actualites\/malgre-la-perte-de-points-lafrique-du-sud-avec-son-selectionneur-belge-hugo-broos-remporte-son-ticket-pour-la-coupe-du-monde\/#primaryimage\"},\"thumbnailUrl\":\"https:\/\/vieassociative.be\/actualites\/wp-content\/uploads\/2025\/10\/1760602683_Malgre-la-perte-de-points-lAfrique-du-Sud-avec.jpg\",\"keywords\":[\"avec\",\"belge\",\"Broos\",\"Coupe\",\"Hugo\",\"lAfrique\",\"malgr\u00e9\",\"monde\",\"perte\",\"points\",\"pour\",\"remport\u00e9\",\"s\u00e9lectionneur\",\"son\",\"Sud\",\"ticket\"],\"articleSection\":[\"Belgique\"],\"inLanguage\":\"fr-BE\"},{\"@type\":\"WebPage\",\"@id\":\"https:\/\/vieassociative.be\/actualites\/malgre-la-perte-de-points-lafrique-du-sud-avec-son-selectionneur-belge-hugo-broos-remporte-son-ticket-pour-la-coupe-du-monde\/\",\"url\":\"https:\/\/vieassociative.be\/actualites\/malgre-la-perte-de-points-lafrique-du-sud-avec-son-selectionneur-belge-hugo-broos-remporte-son-ticket-pour-la-coupe-du-monde\/\",\"name\":\"Malgr\u00e9 la perte de points : l'Afrique du Sud avec son s\u00e9lectionneur belge Hugo Broos remporte son ticket pour la Coupe du Monde | Vie Associative\",\"isPartOf\":{\"@id\":\"https:\/\/vieassociative.be\/actualites\/#website\"},\"primaryImageOfPage\":{\"@id\":\"https:\/\/vieassociative.be\/actualites\/malgre-la-perte-de-points-lafrique-du-sud-avec-son-selectionneur-belge-hugo-broos-remporte-son-ticket-pour-la-coupe-du-monde\/#primaryimage\"},\"image\":{\"@id\":\"https:\/\/vieassociative.be\/actualites\/malgre-la-perte-de-points-lafrique-du-sud-avec-son-selectionneur-belge-hugo-broos-remporte-son-ticket-pour-la-coupe-du-monde\/#primaryimage\"},\"thumbnailUrl\":\"https:\/\/vieassociative.be\/actualites\/wp-content\/uploads\/2025\/10\/1760602683_Malgre-la-perte-de-points-lAfrique-du-Sud-avec.jpg\",\"datePublished\":\"2025-10-16T08:18:02+00:00\",\"dateModified\":\"2025-10-16T08:18:02+00:00\",\"breadcrumb\":{\"@id\":\"https:\/\/vieassociative.be\/actualites\/malgre-la-perte-de-points-lafrique-du-sud-avec-son-selectionneur-belge-hugo-broos-remporte-son-ticket-pour-la-coupe-du-monde\/#breadcrumb\"},\"inLanguage\":\"fr-BE\",\"potentialAction\":[{\"@type\":\"ReadAction\",\"target\":[\"https:\/\/vieassociative.be\/actualites\/malgre-la-perte-de-points-lafrique-du-sud-avec-son-selectionneur-belge-hugo-broos-remporte-son-ticket-pour-la-coupe-du-monde\/\"]}]},{\"@type\":\"ImageObject\",\"inLanguage\":\"fr-BE\",\"@id\":\"https:\/\/vieassociative.be\/actualites\/malgre-la-perte-de-points-lafrique-du-sud-avec-son-selectionneur-belge-hugo-broos-remporte-son-ticket-pour-la-coupe-du-monde\/#primaryimage\",\"url\":\"https:\/\/vieassociative.be\/actualites\/wp-content\/uploads\/2025\/10\/1760602683_Malgre-la-perte-de-points-lAfrique-du-Sud-avec.jpg\",\"contentUrl\":\"https:\/\/vieassociative.be\/actualites\/wp-content\/uploads\/2025\/10\/1760602683_Malgre-la-perte-de-points-lAfrique-du-Sud-avec.jpg\",\"width\":1200,\"height\":965,\"caption\":\"Malgr\u00e9 la perte de points : l'Afrique du Sud avec son s\u00e9lectionneur belge Hugo Broos remporte son ticket pour la Coupe du Monde\"},{\"@type\":\"BreadcrumbList\",\"@id\":\"https:\/\/vieassociative.be\/actualites\/malgre-la-perte-de-points-lafrique-du-sud-avec-son-selectionneur-belge-hugo-broos-remporte-son-ticket-pour-la-coupe-du-monde\/#breadcrumb\",\"itemListElement\":[{\"@type\":\"ListItem\",\"position\":1,\"name\":\"Accueil\",\"item\":\"https:\/\/vieassociative.be\/actualites\/\"},{\"@type\":\"ListItem\",\"position\":2,\"name\":\"Malgr\u00e9 la perte de points : l&rsquo;Afrique du Sud avec son s\u00e9lectionneur belge Hugo Broos remporte son ticket pour la Coupe du Monde\"}]},{\"@type\":\"WebSite\",\"@id\":\"https:\/\/vieassociative.be\/actualites\/#website\",\"url\":\"https:\/\/vieassociative.be\/actualites\/\",\"name\":\"Vie Associative\",\"description\":\"\",\"publisher\":{\"@id\":\"https:\/\/vieassociative.be\/actualites\/#organization\"},\"potentialAction\":[{\"@type\":\"SearchAction\",\"target\":{\"@type\":\"EntryPoint\",\"urlTemplate\":\"https:\/\/vieassociative.be\/actualites\/?s={search_term_string}\"},\"query-input\":{\"@type\":\"PropertyValueSpecification\",\"valueRequired\":true,\"valueName\":\"search_term_string\"}}],\"inLanguage\":\"fr-BE\"},{\"@type\":\"Organization\",\"@id\":\"https:\/\/vieassociative.be\/actualites\/#organization\",\"name\":\"Vie Associative\",\"url\":\"https:\/\/vieassociative.be\/actualites\/\",\"logo\":{\"@type\":\"ImageObject\",\"inLanguage\":\"fr-BE\",\"@id\":\"https:\/\/vieassociative.be\/actualites\/#\/schema\/logo\/image\/\",\"url\":\"https:\/\/vieassociative.be\/actualites\/wp-content\/uploads\/2024\/09\/cropped-vieassociative_favicon.ico.png\",\"contentUrl\":\"https:\/\/vieassociative.be\/actualites\/wp-content\/uploads\/2024\/09\/cropped-vieassociative_favicon.ico.png\",\"width\":512,\"height\":512,\"caption\":\"Vie Associative\"},\"image\":{\"@id\":\"https:\/\/vieassociative.be\/actualites\/#\/schema\/logo\/image\/\"}},{\"@type\":\"Person\",\"@id\":\"https:\/\/vieassociative.be\/actualites\/#\/schema\/person\/b87ac4f82f9d4e7b7cec7395b679edc4\",\"name\":\"Julien\",\"image\":{\"@type\":\"ImageObject\",\"inLanguage\":\"fr-BE\",\"@id\":\"https:\/\/vieassociative.be\/actualites\/#\/schema\/person\/image\/\",\"url\":\"https:\/\/vieassociative.be\/actualites\/wp-content\/uploads\/2024\/09\/vie-associative-1-150x150.jpg\",\"contentUrl\":\"https:\/\/vieassociative.be\/actualites\/wp-content\/uploads\/2024\/09\/vie-associative-1-150x150.jpg\",\"caption\":\"Julien\"},\"description\":\"Je suis Julien, r\u00e9dacteur pour Vie Associative. Passionn\u00e9 par le monde associatif depuis plus de 10 ans, j'ai \u00e0 c\u0153ur de partager des histoires inspirantes et de mettre en lumi\u00e8re les initiatives locales. Mon objectif est de sensibiliser et d'encourager l'engagement communautaire \u00e0 travers mes articles.\",\"sameAs\":[\"https:\/\/vieassociative.be\/\"]}]}<\/script>\n<!-- \/ Yoast SEO plugin. -->","yoast_head_json":{"title":"Malgr\u00e9 la perte de points : l'Afrique du Sud avec son s\u00e9lectionneur belge Hugo Broos remporte son ticket pour la Coupe du Monde | Vie Associative","robots":{"index":"index","follow":"follow","max-snippet":"max-snippet:-1","max-image-preview":"max-image-preview:large","max-video-preview":"max-video-preview:-1"},"canonical":"https:\/\/vieassociative.be\/actualites\/malgre-la-perte-de-points-lafrique-du-sud-avec-son-selectionneur-belge-hugo-broos-remporte-son-ticket-pour-la-coupe-du-monde\/","og_locale":"fr_FR","og_type":"article","og_title":"Malgr\u00e9 la perte de points : l'Afrique du Sud avec son s\u00e9lectionneur belge Hugo Broos remporte son ticket pour la Coupe du Monde | Vie Associative","og_description":"Avant m\u00eame que l&rsquo;\u00e9quipe nationale belge de football se qualifie pour la Coupe du monde 2026, qui aura lieu \u00e0 99 % en novembre, un","og_url":"https:\/\/vieassociative.be\/actualites\/malgre-la-perte-de-points-lafrique-du-sud-avec-son-selectionneur-belge-hugo-broos-remporte-son-ticket-pour-la-coupe-du-monde\/","og_site_name":"Vie Associative","article_published_time":"2025-10-16T08:18:02+00:00","og_image":[{"width":279,"height":92,"url":"https:\/\/vieassociative.be\/actualites\/wp-content\/uploads\/2024\/09\/header_backgroundk-01-e1726694325946.png","type":"image\/png"}],"author":"Julien","twitter_card":"summary_large_image","twitter_misc":{"\u00c9crit par":"Julien","Dur\u00e9e de lecture est.":"3 minutes"},"schema":{"@context":"https:\/\/schema.org","@graph":[{"@type":"Article","@id":"https:\/\/vieassociative.be\/actualites\/malgre-la-perte-de-points-lafrique-du-sud-avec-son-selectionneur-belge-hugo-broos-remporte-son-ticket-pour-la-coupe-du-monde\/#article","isPartOf":{"@id":"https:\/\/vieassociative.be\/actualites\/malgre-la-perte-de-points-lafrique-du-sud-avec-son-selectionneur-belge-hugo-broos-remporte-son-ticket-pour-la-coupe-du-monde\/"},"author":{"name":"Julien","@id":"https:\/\/vieassociative.be\/actualites\/#\/schema\/person\/b87ac4f82f9d4e7b7cec7395b679edc4"},"headline":"Malgr\u00e9 la perte de points : l&rsquo;Afrique du Sud avec son s\u00e9lectionneur belge Hugo Broos remporte son ticket pour la Coupe du Monde","datePublished":"2025-10-16T08:18:02+00:00","dateModified":"2025-10-16T08:18:02+00:00","mainEntityOfPage":{"@id":"https:\/\/vieassociative.be\/actualites\/malgre-la-perte-de-points-lafrique-du-sud-avec-son-selectionneur-belge-hugo-broos-remporte-son-ticket-pour-la-coupe-du-monde\/"},"wordCount":596,"publisher":{"@id":"https:\/\/vieassociative.be\/actualites\/#organization"},"image":{"@id":"https:\/\/vieassociative.be\/actualites\/malgre-la-perte-de-points-lafrique-du-sud-avec-son-selectionneur-belge-hugo-broos-remporte-son-ticket-pour-la-coupe-du-monde\/#primaryimage"},"thumbnailUrl":"https:\/\/vieassociative.be\/actualites\/wp-content\/uploads\/2025\/10\/1760602683_Malgre-la-perte-de-points-lAfrique-du-Sud-avec.jpg","keywords":["avec","belge","Broos","Coupe","Hugo","lAfrique","malgr\u00e9","monde","perte","points","pour","remport\u00e9","s\u00e9lectionneur","son","Sud","ticket"],"articleSection":["Belgique"],"inLanguage":"fr-BE"},{"@type":"WebPage","@id":"https:\/\/vieassociative.be\/actualites\/malgre-la-perte-de-points-lafrique-du-sud-avec-son-selectionneur-belge-hugo-broos-remporte-son-ticket-pour-la-coupe-du-monde\/","url":"https:\/\/vieassociative.be\/actualites\/malgre-la-perte-de-points-lafrique-du-sud-avec-son-selectionneur-belge-hugo-broos-remporte-son-ticket-pour-la-coupe-du-monde\/","name":"Malgr\u00e9 la perte de points : l'Afrique du Sud avec son s\u00e9lectionneur belge Hugo Broos remporte son ticket pour la Coupe du Monde | Vie Associative","isPartOf":{"@id":"https:\/\/vieassociative.be\/actualites\/#website"},"primaryImageOfPage":{"@id":"https:\/\/vieassociative.be\/actualites\/malgre-la-perte-de-points-lafrique-du-sud-avec-son-selectionneur-belge-hugo-broos-remporte-son-ticket-pour-la-coupe-du-monde\/#primaryimage"},"image":{"@id":"https:\/\/vieassociative.be\/actualites\/malgre-la-perte-de-points-lafrique-du-sud-avec-son-selectionneur-belge-hugo-broos-remporte-son-ticket-pour-la-coupe-du-monde\/#primaryimage"},"thumbnailUrl":"https:\/\/vieassociative.be\/actualites\/wp-content\/uploads\/2025\/10\/1760602683_Malgre-la-perte-de-points-lAfrique-du-Sud-avec.jpg","datePublished":"2025-10-16T08:18:02+00:00","dateModified":"2025-10-16T08:18:02+00:00","breadcrumb":{"@id":"https:\/\/vieassociative.be\/actualites\/malgre-la-perte-de-points-lafrique-du-sud-avec-son-selectionneur-belge-hugo-broos-remporte-son-ticket-pour-la-coupe-du-monde\/#breadcrumb"},"inLanguage":"fr-BE","potentialAction":[{"@type":"ReadAction","target":["https:\/\/vieassociative.be\/actualites\/malgre-la-perte-de-points-lafrique-du-sud-avec-son-selectionneur-belge-hugo-broos-remporte-son-ticket-pour-la-coupe-du-monde\/"]}]},{"@type":"ImageObject","inLanguage":"fr-BE","@id":"https:\/\/vieassociative.be\/actualites\/malgre-la-perte-de-points-lafrique-du-sud-avec-son-selectionneur-belge-hugo-broos-remporte-son-ticket-pour-la-coupe-du-monde\/#primaryimage","url":"https:\/\/vieassociative.be\/actualites\/wp-content\/uploads\/2025\/10\/1760602683_Malgre-la-perte-de-points-lAfrique-du-Sud-avec.jpg","contentUrl":"https:\/\/vieassociative.be\/actualites\/wp-content\/uploads\/2025\/10\/1760602683_Malgre-la-perte-de-points-lAfrique-du-Sud-avec.jpg","width":1200,"height":965,"caption":"Malgr\u00e9 la perte de points : l'Afrique du Sud avec son s\u00e9lectionneur belge Hugo Broos remporte son ticket pour la Coupe du Monde"},{"@type":"BreadcrumbList","@id":"https:\/\/vieassociative.be\/actualites\/malgre-la-perte-de-points-lafrique-du-sud-avec-son-selectionneur-belge-hugo-broos-remporte-son-ticket-pour-la-coupe-du-monde\/#breadcrumb","itemListElement":[{"@type":"ListItem","position":1,"name":"Accueil","item":"https:\/\/vieassociative.be\/actualites\/"},{"@type":"ListItem","position":2,"name":"Malgr\u00e9 la perte de points : l&rsquo;Afrique du Sud avec son s\u00e9lectionneur belge Hugo Broos remporte son ticket pour la Coupe du Monde"}]},{"@type":"WebSite","@id":"https:\/\/vieassociative.be\/actualites\/#website","url":"https:\/\/vieassociative.be\/actualites\/","name":"Vie Associative","description":"","publisher":{"@id":"https:\/\/vieassociative.be\/actualites\/#organization"},"potentialAction":[{"@type":"SearchAction","target":{"@type":"EntryPoint","urlTemplate":"https:\/\/vieassociative.be\/actualites\/?s={search_term_string}"},"query-input":{"@type":"PropertyValueSpecification","valueRequired":true,"valueName":"search_term_string"}}],"inLanguage":"fr-BE"},{"@type":"Organization","@id":"https:\/\/vieassociative.be\/actualites\/#organization","name":"Vie Associative","url":"https:\/\/vieassociative.be\/actualites\/","logo":{"@type":"ImageObject","inLanguage":"fr-BE","@id":"https:\/\/vieassociative.be\/actualites\/#\/schema\/logo\/image\/","url":"https:\/\/vieassociative.be\/actualites\/wp-content\/uploads\/2024\/09\/cropped-vieassociative_favicon.ico.png","contentUrl":"https:\/\/vieassociative.be\/actualites\/wp-content\/uploads\/2024\/09\/cropped-vieassociative_favicon.ico.png","width":512,"height":512,"caption":"Vie Associative"},"image":{"@id":"https:\/\/vieassociative.be\/actualites\/#\/schema\/logo\/image\/"}},{"@type":"Person","@id":"https:\/\/vieassociative.be\/actualites\/#\/schema\/person\/b87ac4f82f9d4e7b7cec7395b679edc4","name":"Julien","image":{"@type":"ImageObject","inLanguage":"fr-BE","@id":"https:\/\/vieassociative.be\/actualites\/#\/schema\/person\/image\/","url":"https:\/\/vieassociative.be\/actualites\/wp-content\/uploads\/2024\/09\/vie-associative-1-150x150.jpg","contentUrl":"https:\/\/vieassociative.be\/actualites\/wp-content\/uploads\/2024\/09\/vie-associative-1-150x150.jpg","caption":"Julien"},"description":"Je suis Julien, r\u00e9dacteur pour Vie Associative. Passionn\u00e9 par le monde associatif depuis plus de 10 ans, j'ai \u00e0 c\u0153ur de partager des histoires inspirantes et de mettre en lumi\u00e8re les initiatives locales. Mon objectif est de sensibiliser et d'encourager l'engagement communautaire \u00e0 travers mes articles.","sameAs":["https:\/\/vieassociative.be\/"]}]}},"_links":{"self":[{"href":"https:\/\/vieassociative.be\/actualites\/wp-json\/wp\/v2\/posts\/10699"}],"collection":[{"href":"https:\/\/vieassociative.be\/actualites\/wp-json\/wp\/v2\/posts"}],"about":[{"href":"https:\/\/vieassociative.be\/actualites\/wp-json\/wp\/v2\/types\/post"}],"author":[{"embeddable":true,"href":"https:\/\/vieassociative.be\/actualites\/wp-json\/wp\/v2\/users\/1"}],"replies":[{"embeddable":true,"href":"https:\/\/vieassociative.be\/actualites\/wp-json\/wp\/v2\/comments?post=10699"}],"version-history":[{"count":0,"href":"https:\/\/vieassociative.be\/actualites\/wp-json\/wp\/v2\/posts\/10699\/revisions"}],"wp:featuredmedia":[{"embeddable":true,"href":"https:\/\/vieassociative.be\/actualites\/wp-json\/wp\/v2\/media\/10700"}],"wp:attachment":[{"href":"https:\/\/vieassociative.be\/actualites\/wp-json\/wp\/v2\/media?parent=10699"}],"wp:term":[{"taxonomy":"category","embeddable":true,"href":"https:\/\/vieassociative.be\/actualites\/wp-json\/wp\/v2\/categories?post=10699"},{"taxonomy":"post_tag","embeddable":true,"href":"https:\/\/vieassociative.be\/actualites\/wp-json\/wp\/v2\/tags?post=10699"}],"curies":[{"name":"wp","href":"https:\/\/api.w.org\/{rel}","templated":true}]}}