{"id":10694,"date":"2025-10-16T03:17:54","date_gmt":"2025-10-16T01:17:54","guid":{"rendered":"https:\/\/vieassociative.be\/actualites\/jai-essaye-le-nouvel-audio-bluetooth-le-sur-le-casque-sony-wh-1000xm6\/"},"modified":"2025-10-16T03:17:54","modified_gmt":"2025-10-16T01:17:54","slug":"jai-essaye-le-nouvel-audio-bluetooth-le-sur-le-casque-sony-wh-1000xm6","status":"publish","type":"post","link":"https:\/\/vieassociative.be\/actualites\/jai-essaye-le-nouvel-audio-bluetooth-le-sur-le-casque-sony-wh-1000xm6\/","title":{"rendered":"J&rsquo;ai essay\u00e9 le nouvel audio Bluetooth LE sur le casque Sony WH-1000XM6"},"content":{"rendered":"<div class=\"mt-4 leading-6 md:mb-8\">Vous pouvez d\u00e9sormais avoir des sessions plus longues avec un meilleur son sur toutes les fonctionnalit\u00e9s offertes par le XM6.<\/div>\n<p><\/p>\n<p><em>Saviez-vous que vous pouvez personnaliser Google pour filtrer les d\u00e9chets\u00a0? Suivez ces \u00e9tapes<\/em><em>  pour de meilleurs r\u00e9sultats de recherche, notamment en ajoutant mon travail chez Vie Associative comme source pr\u00e9f\u00e9r\u00e9e<\/em><em>.<\/em><\/p>\n<hr>\n<p>Les nouveaux Sony WH-1000XM6 sont les meilleurs \u00e9couteurs haut de gamme de 2025, et ils ne cessent de s&rsquo;am\u00e9liorer. L\u2019une de mes fonctionnalit\u00e9s pr\u00e9f\u00e9r\u00e9es est sa compatibilit\u00e9 LE Audio Bluetooth, qui est un type Bluetooth plus r\u00e9cent qui consomme moins d\u2019\u00e9nergie et prend en charge une meilleure qualit\u00e9 audio. <\/p>\n<p>Si vous avez d\u00e9j\u00e0 essay\u00e9 d&rsquo;utiliser LE Bluetooth sur vos \u00e9couteurs XM6, vous avez peut-\u00eatre remarqu\u00e9 que certaines fonctionnalit\u00e9s manquaient, telles que le suivi de la t\u00eate, Localiser mon appareil, Gemini Live et le partage audio avec Fast Pair. Eh bien, ce n&rsquo;est plus le cas : la derni\u00e8re mise \u00e0 jour de l&rsquo;application Sound Connect permet de profiter de toutes ces fonctionnalit\u00e9s tout en utilisant la technologie LE Audio.<\/p>\n<div class=\"mx-auto mb-12 mt-5 w-full max-w-3xl rounded-md border-2 border-gray-100 p-3 shadow-md md:px-7 md:pb-7 md:pt-5\" id=\"related-video\">\n<div class=\"mb-3 flex items-center md:mb-5\">\n        <img decoding=\"async\" class=\"mr-4 mt-0 h-10 w-10 md:mr-5 md:h-12 md:w-12\" src=\"https:\/\/vieassociative.be\/actualites\/wp-content\/uploads\/2025\/09\/1757726237_608_Meta-pourrait-devoiler-une-montre-intelligente-pour-controler-ses-lunettes.jpg\" alt=\"Logo du pirate de la vie\"><\/p><\/div>\n<div class=\"aspect-video w-full overflow-hidden rounded-md\">\n<div id=\"video-container-01K7N81248BV7QASQZK901JBAC\"><\/div>\n<\/p><\/div>\n<\/div>\n<div class=\"eloquent-imagery-image\">\n<div class=\"flex justify-center\">\n                    <img decoding=\"async\" class=\"border border-gray-100\" src=\"https:\/\/vieassociative.be\/actualites\/wp-content\/uploads\/2025\/10\/Jai-essaye-le-nouvel-audio-Bluetooth-LE-sur-le-casque.png\" alt=\"Capture d'\u00e9cran de l'application Sound Connect\" width=\"2000\" height=\"1125\" loading=\"lazy\"  >\n            <\/div>\n<\/p><\/div>\n<h2 id=\"how-to-make-sure-you-get-the-update\">Comment \u00eatre s\u00fbr d&rsquo;obtenir la mise \u00e0 jour<\/h2>\n<p>Bien que je sois fan des \u00e9couteurs, je ne peux pas dire que je ressens la m\u00eame chose \u00e0 propos de l&rsquo;application compagnon de Sony. C&rsquo;est d\u00e9routant et peu convivial (et j&rsquo;utilise l&rsquo;application depuis des ann\u00e9es). La mise \u00e0 jour n\u2019\u00e9tait pas facile \u00e0 t\u00e9l\u00e9charger, ni \u00e0 savoir quand elle \u00e9tait termin\u00e9e. Mais finalement, un message est apparu sur mon application me demandant si je voulais la derni\u00e8re mise \u00e0 jour 3.0.0. <\/p>\n<p>Vous pouvez v\u00e9rifier si vous l&rsquo;avez d\u00e9j\u00e0 en cliquant sur les trois points dans le coin sup\u00e9rieur droit du menu principal et en s\u00e9lectionnant \u00ab Version WH-1000XM6 \u00bb. Une fois que vous l&rsquo;avez t\u00e9l\u00e9charg\u00e9, vous devrez effectuer une r\u00e9initialisation mat\u00e9rielle de la connexion entre votre t\u00e9l\u00e9phone et vos \u00e9couteurs pour que la mise \u00e0 jour d\u00e9marre. S\u00e9lectionnez l&rsquo;appareil oubli\u00e9 sur le XM6 dans vos param\u00e8tres Bluetooth et connectez-le \u00e0 nouveau. Une fois que vous avez fait tout cela, vous devriez \u00eatre pr\u00eat.<\/p>\n<h2 id=\"how-le-audio-performs-with-the-new-features\">Comment LE Audio fonctionne avec les nouvelles fonctionnalit\u00e9s<\/h2>\n<p>Il est difficile de dire que le codec LE Audio (LC3) sonne mieux qu&rsquo;avant sans une comparaison c\u00f4te \u00e0 c\u00f4te, mais je peux vous dire qu&rsquo;il sonne bien. L\u2019audio est exactement ce que j\u2019attendrais des meilleurs \u00e9couteurs de 2025.<\/p>\n<p>Le suivi de la t\u00eate, qui cr\u00e9e une qualit\u00e9 sonore spatiale globale, a \u00e9galement tr\u00e8s bien fonctionn\u00e9. Je me suis promen\u00e9 dans mon quartier et j&rsquo;ai pu entendre les conversations que les voisins \u00e0 un demi-p\u00e2t\u00e9 de maisons avaient dans leur all\u00e9e.<\/p>\n<p>En ce qui concerne les assistants vocaux et Gemini Live, votre kilom\u00e9trage peut varier. D&rsquo;apr\u00e8s mon exp\u00e9rience, les micros du WH-1000XM6 peuvent \u00eatre un peu sensibles, l\u00e0 o\u00f9 les r\u00e9ponses interminables de Gemini Live ont \u00e9t\u00e9 coup\u00e9es pr\u00e9matur\u00e9ment \u00e0 cause du bruit autour de moi. J&rsquo;ai fait la plupart de mes tests en me promenant dans mon p\u00e2t\u00e9 de maisons et en travaillant \u00e0 domicile (ma femme travaille \u00e9galement \u00e0 domicile et nous avons un chien bruyant). Mais il s\u2019agit peut-\u00eatre davantage de Gemini Live que des performances audio du LE. En dehors de ces cas, la fonctionnalit\u00e9 a fonctionn\u00e9 comme je m&rsquo;y attendais.<\/p>\n<p>Je peux dire que j&rsquo;ai remarqu\u00e9 que mes sessions sur le XM6 duraient plus longtemps qu&rsquo;avant, ce qui est l&rsquo;un des plus grands avantages de l&rsquo;utilisation de LE Audio. Bien que la fonctionnalit\u00e9 Low Latency soit encore en version b\u00eata, elle r\u00e9pond d\u00e9j\u00e0 aux normes \u00e9lev\u00e9es du XM6.<\/p>\n","protected":false},"excerpt":{"rendered":"<p>Vous pouvez d\u00e9sormais avoir des sessions plus longues avec un meilleur son sur toutes les fonctionnalit\u00e9s offertes par le XM6. Saviez-vous que vous pouvez personnaliser<\/p>\n","protected":false},"author":1,"featured_media":10695,"comment_status":"","ping_status":"","sticky":false,"template":"","format":"standard","meta":{"footnotes":""},"categories":[13],"tags":[7923,5248,6608,2258,823,929,2243,33,7509],"class_list":["post-10694","post","type-post","status-publish","format-standard","has-post-thumbnail","hentry","category-technologie","tag-audio","tag-bluetooth","tag-casque","tag-essaye","tag-jai","tag-nouvel","tag-sony","tag-sur","tag-wh1000xm6","generate-columns","tablet-grid-50","mobile-grid-100","grid-parent","grid-33"],"yoast_head":"<!-- This site is optimized with the Yoast SEO plugin v24.0 - https:\/\/yoast.com\/wordpress\/plugins\/seo\/ -->\n<title>J&#039;ai essay\u00e9 le nouvel audio Bluetooth LE sur le casque Sony WH-1000XM6 | Vie Associative<\/title>\n<meta name=\"robots\" content=\"index, follow, max-snippet:-1, max-image-preview:large, max-video-preview:-1\" \/>\n<link rel=\"canonical\" href=\"https:\/\/vieassociative.be\/actualites\/jai-essaye-le-nouvel-audio-bluetooth-le-sur-le-casque-sony-wh-1000xm6\/\" \/>\n<meta property=\"og:locale\" content=\"fr_FR\" \/>\n<meta property=\"og:type\" content=\"article\" \/>\n<meta property=\"og:title\" content=\"J&#039;ai essay\u00e9 le nouvel audio Bluetooth LE sur le casque Sony WH-1000XM6 | Vie Associative\" \/>\n<meta property=\"og:description\" content=\"Vous pouvez d\u00e9sormais avoir des sessions plus longues avec un meilleur son sur toutes les fonctionnalit\u00e9s offertes par le XM6. Saviez-vous que vous pouvez personnaliser\" \/>\n<meta property=\"og:url\" content=\"https:\/\/vieassociative.be\/actualites\/jai-essaye-le-nouvel-audio-bluetooth-le-sur-le-casque-sony-wh-1000xm6\/\" \/>\n<meta property=\"og:site_name\" content=\"Vie Associative\" \/>\n<meta property=\"article:published_time\" content=\"2025-10-16T01:17:54+00:00\" \/>\n<meta property=\"og:image\" content=\"https:\/\/vieassociative.be\/actualites\/wp-content\/uploads\/2025\/09\/1757726237_608_Meta-pourrait-devoiler-une-montre-intelligente-pour-controler-ses-lunettes.jpg\" \/>\n<meta name=\"author\" content=\"Julien\" \/>\n<meta name=\"twitter:card\" content=\"summary_large_image\" \/>\n<meta name=\"twitter:label1\" content=\"\u00c9crit par\" \/>\n\t<meta name=\"twitter:data1\" content=\"Julien\" \/>\n\t<meta name=\"twitter:label2\" content=\"Dur\u00e9e de lecture est.\" \/>\n\t<meta name=\"twitter:data2\" content=\"3 minutes\" \/>\n<script type=\"application\/ld+json\" class=\"yoast-schema-graph\">{\"@context\":\"https:\/\/schema.org\",\"@graph\":[{\"@type\":\"Article\",\"@id\":\"https:\/\/vieassociative.be\/actualites\/jai-essaye-le-nouvel-audio-bluetooth-le-sur-le-casque-sony-wh-1000xm6\/#article\",\"isPartOf\":{\"@id\":\"https:\/\/vieassociative.be\/actualites\/jai-essaye-le-nouvel-audio-bluetooth-le-sur-le-casque-sony-wh-1000xm6\/\"},\"author\":{\"name\":\"Julien\",\"@id\":\"https:\/\/vieassociative.be\/actualites\/#\/schema\/person\/b87ac4f82f9d4e7b7cec7395b679edc4\"},\"headline\":\"J&rsquo;ai essay\u00e9 le nouvel audio Bluetooth LE sur le casque Sony WH-1000XM6\",\"datePublished\":\"2025-10-16T01:17:54+00:00\",\"dateModified\":\"2025-10-16T01:17:54+00:00\",\"mainEntityOfPage\":{\"@id\":\"https:\/\/vieassociative.be\/actualites\/jai-essaye-le-nouvel-audio-bluetooth-le-sur-le-casque-sony-wh-1000xm6\/\"},\"wordCount\":659,\"publisher\":{\"@id\":\"https:\/\/vieassociative.be\/actualites\/#organization\"},\"image\":{\"@id\":\"https:\/\/vieassociative.be\/actualites\/jai-essaye-le-nouvel-audio-bluetooth-le-sur-le-casque-sony-wh-1000xm6\/#primaryimage\"},\"thumbnailUrl\":\"https:\/\/vieassociative.be\/actualites\/wp-content\/uploads\/2025\/10\/Jai-essaye-le-nouvel-audio-Bluetooth-LE-sur-le-casque.jpg\",\"keywords\":[\"audio\",\"Bluetooth\",\"casque\",\"essay\u00e9\",\"Jai\",\"nouvel\",\"Sony\",\"sur\",\"WH1000XM6\"],\"articleSection\":[\"Technologie\"],\"inLanguage\":\"fr-BE\"},{\"@type\":\"WebPage\",\"@id\":\"https:\/\/vieassociative.be\/actualites\/jai-essaye-le-nouvel-audio-bluetooth-le-sur-le-casque-sony-wh-1000xm6\/\",\"url\":\"https:\/\/vieassociative.be\/actualites\/jai-essaye-le-nouvel-audio-bluetooth-le-sur-le-casque-sony-wh-1000xm6\/\",\"name\":\"J'ai essay\u00e9 le nouvel audio Bluetooth LE sur le casque Sony WH-1000XM6 | Vie Associative\",\"isPartOf\":{\"@id\":\"https:\/\/vieassociative.be\/actualites\/#website\"},\"primaryImageOfPage\":{\"@id\":\"https:\/\/vieassociative.be\/actualites\/jai-essaye-le-nouvel-audio-bluetooth-le-sur-le-casque-sony-wh-1000xm6\/#primaryimage\"},\"image\":{\"@id\":\"https:\/\/vieassociative.be\/actualites\/jai-essaye-le-nouvel-audio-bluetooth-le-sur-le-casque-sony-wh-1000xm6\/#primaryimage\"},\"thumbnailUrl\":\"https:\/\/vieassociative.be\/actualites\/wp-content\/uploads\/2025\/10\/Jai-essaye-le-nouvel-audio-Bluetooth-LE-sur-le-casque.jpg\",\"datePublished\":\"2025-10-16T01:17:54+00:00\",\"dateModified\":\"2025-10-16T01:17:54+00:00\",\"breadcrumb\":{\"@id\":\"https:\/\/vieassociative.be\/actualites\/jai-essaye-le-nouvel-audio-bluetooth-le-sur-le-casque-sony-wh-1000xm6\/#breadcrumb\"},\"inLanguage\":\"fr-BE\",\"potentialAction\":[{\"@type\":\"ReadAction\",\"target\":[\"https:\/\/vieassociative.be\/actualites\/jai-essaye-le-nouvel-audio-bluetooth-le-sur-le-casque-sony-wh-1000xm6\/\"]}]},{\"@type\":\"ImageObject\",\"inLanguage\":\"fr-BE\",\"@id\":\"https:\/\/vieassociative.be\/actualites\/jai-essaye-le-nouvel-audio-bluetooth-le-sur-le-casque-sony-wh-1000xm6\/#primaryimage\",\"url\":\"https:\/\/vieassociative.be\/actualites\/wp-content\/uploads\/2025\/10\/Jai-essaye-le-nouvel-audio-Bluetooth-LE-sur-le-casque.jpg\",\"contentUrl\":\"https:\/\/vieassociative.be\/actualites\/wp-content\/uploads\/2025\/10\/Jai-essaye-le-nouvel-audio-Bluetooth-LE-sur-le-casque.jpg\",\"width\":1200,\"height\":675,\"caption\":\"J'ai essay\u00e9 le nouvel audio Bluetooth LE sur le casque Sony WH-1000XM6\"},{\"@type\":\"BreadcrumbList\",\"@id\":\"https:\/\/vieassociative.be\/actualites\/jai-essaye-le-nouvel-audio-bluetooth-le-sur-le-casque-sony-wh-1000xm6\/#breadcrumb\",\"itemListElement\":[{\"@type\":\"ListItem\",\"position\":1,\"name\":\"Accueil\",\"item\":\"https:\/\/vieassociative.be\/actualites\/\"},{\"@type\":\"ListItem\",\"position\":2,\"name\":\"J&rsquo;ai essay\u00e9 le nouvel audio Bluetooth LE sur le casque Sony WH-1000XM6\"}]},{\"@type\":\"WebSite\",\"@id\":\"https:\/\/vieassociative.be\/actualites\/#website\",\"url\":\"https:\/\/vieassociative.be\/actualites\/\",\"name\":\"Vie Associative\",\"description\":\"\",\"publisher\":{\"@id\":\"https:\/\/vieassociative.be\/actualites\/#organization\"},\"potentialAction\":[{\"@type\":\"SearchAction\",\"target\":{\"@type\":\"EntryPoint\",\"urlTemplate\":\"https:\/\/vieassociative.be\/actualites\/?s={search_term_string}\"},\"query-input\":{\"@type\":\"PropertyValueSpecification\",\"valueRequired\":true,\"valueName\":\"search_term_string\"}}],\"inLanguage\":\"fr-BE\"},{\"@type\":\"Organization\",\"@id\":\"https:\/\/vieassociative.be\/actualites\/#organization\",\"name\":\"Vie Associative\",\"url\":\"https:\/\/vieassociative.be\/actualites\/\",\"logo\":{\"@type\":\"ImageObject\",\"inLanguage\":\"fr-BE\",\"@id\":\"https:\/\/vieassociative.be\/actualites\/#\/schema\/logo\/image\/\",\"url\":\"https:\/\/vieassociative.be\/actualites\/wp-content\/uploads\/2024\/09\/cropped-vieassociative_favicon.ico.png\",\"contentUrl\":\"https:\/\/vieassociative.be\/actualites\/wp-content\/uploads\/2024\/09\/cropped-vieassociative_favicon.ico.png\",\"width\":512,\"height\":512,\"caption\":\"Vie Associative\"},\"image\":{\"@id\":\"https:\/\/vieassociative.be\/actualites\/#\/schema\/logo\/image\/\"}},{\"@type\":\"Person\",\"@id\":\"https:\/\/vieassociative.be\/actualites\/#\/schema\/person\/b87ac4f82f9d4e7b7cec7395b679edc4\",\"name\":\"Julien\",\"image\":{\"@type\":\"ImageObject\",\"inLanguage\":\"fr-BE\",\"@id\":\"https:\/\/vieassociative.be\/actualites\/#\/schema\/person\/image\/\",\"url\":\"https:\/\/vieassociative.be\/actualites\/wp-content\/uploads\/2024\/09\/vie-associative-1-150x150.jpg\",\"contentUrl\":\"https:\/\/vieassociative.be\/actualites\/wp-content\/uploads\/2024\/09\/vie-associative-1-150x150.jpg\",\"caption\":\"Julien\"},\"description\":\"Je suis Julien, r\u00e9dacteur pour Vie Associative. Passionn\u00e9 par le monde associatif depuis plus de 10 ans, j'ai \u00e0 c\u0153ur de partager des histoires inspirantes et de mettre en lumi\u00e8re les initiatives locales. Mon objectif est de sensibiliser et d'encourager l'engagement communautaire \u00e0 travers mes articles.\",\"sameAs\":[\"https:\/\/vieassociative.be\/\"]}]}<\/script>\n<!-- \/ Yoast SEO plugin. -->","yoast_head_json":{"title":"J'ai essay\u00e9 le nouvel audio Bluetooth LE sur le casque Sony WH-1000XM6 | Vie Associative","robots":{"index":"index","follow":"follow","max-snippet":"max-snippet:-1","max-image-preview":"max-image-preview:large","max-video-preview":"max-video-preview:-1"},"canonical":"https:\/\/vieassociative.be\/actualites\/jai-essaye-le-nouvel-audio-bluetooth-le-sur-le-casque-sony-wh-1000xm6\/","og_locale":"fr_FR","og_type":"article","og_title":"J'ai essay\u00e9 le nouvel audio Bluetooth LE sur le casque Sony WH-1000XM6 | Vie Associative","og_description":"Vous pouvez d\u00e9sormais avoir des sessions plus longues avec un meilleur son sur toutes les fonctionnalit\u00e9s offertes par le XM6. Saviez-vous que vous pouvez personnaliser","og_url":"https:\/\/vieassociative.be\/actualites\/jai-essaye-le-nouvel-audio-bluetooth-le-sur-le-casque-sony-wh-1000xm6\/","og_site_name":"Vie Associative","article_published_time":"2025-10-16T01:17:54+00:00","og_image":[{"url":"https:\/\/vieassociative.be\/actualites\/wp-content\/uploads\/2025\/09\/1757726237_608_Meta-pourrait-devoiler-une-montre-intelligente-pour-controler-ses-lunettes.jpg","type":"","width":"","height":""}],"author":"Julien","twitter_card":"summary_large_image","twitter_misc":{"\u00c9crit par":"Julien","Dur\u00e9e de lecture est.":"3 minutes"},"schema":{"@context":"https:\/\/schema.org","@graph":[{"@type":"Article","@id":"https:\/\/vieassociative.be\/actualites\/jai-essaye-le-nouvel-audio-bluetooth-le-sur-le-casque-sony-wh-1000xm6\/#article","isPartOf":{"@id":"https:\/\/vieassociative.be\/actualites\/jai-essaye-le-nouvel-audio-bluetooth-le-sur-le-casque-sony-wh-1000xm6\/"},"author":{"name":"Julien","@id":"https:\/\/vieassociative.be\/actualites\/#\/schema\/person\/b87ac4f82f9d4e7b7cec7395b679edc4"},"headline":"J&rsquo;ai essay\u00e9 le nouvel audio Bluetooth LE sur le casque Sony WH-1000XM6","datePublished":"2025-10-16T01:17:54+00:00","dateModified":"2025-10-16T01:17:54+00:00","mainEntityOfPage":{"@id":"https:\/\/vieassociative.be\/actualites\/jai-essaye-le-nouvel-audio-bluetooth-le-sur-le-casque-sony-wh-1000xm6\/"},"wordCount":659,"publisher":{"@id":"https:\/\/vieassociative.be\/actualites\/#organization"},"image":{"@id":"https:\/\/vieassociative.be\/actualites\/jai-essaye-le-nouvel-audio-bluetooth-le-sur-le-casque-sony-wh-1000xm6\/#primaryimage"},"thumbnailUrl":"https:\/\/vieassociative.be\/actualites\/wp-content\/uploads\/2025\/10\/Jai-essaye-le-nouvel-audio-Bluetooth-LE-sur-le-casque.jpg","keywords":["audio","Bluetooth","casque","essay\u00e9","Jai","nouvel","Sony","sur","WH1000XM6"],"articleSection":["Technologie"],"inLanguage":"fr-BE"},{"@type":"WebPage","@id":"https:\/\/vieassociative.be\/actualites\/jai-essaye-le-nouvel-audio-bluetooth-le-sur-le-casque-sony-wh-1000xm6\/","url":"https:\/\/vieassociative.be\/actualites\/jai-essaye-le-nouvel-audio-bluetooth-le-sur-le-casque-sony-wh-1000xm6\/","name":"J'ai essay\u00e9 le nouvel audio Bluetooth LE sur le casque Sony WH-1000XM6 | Vie Associative","isPartOf":{"@id":"https:\/\/vieassociative.be\/actualites\/#website"},"primaryImageOfPage":{"@id":"https:\/\/vieassociative.be\/actualites\/jai-essaye-le-nouvel-audio-bluetooth-le-sur-le-casque-sony-wh-1000xm6\/#primaryimage"},"image":{"@id":"https:\/\/vieassociative.be\/actualites\/jai-essaye-le-nouvel-audio-bluetooth-le-sur-le-casque-sony-wh-1000xm6\/#primaryimage"},"thumbnailUrl":"https:\/\/vieassociative.be\/actualites\/wp-content\/uploads\/2025\/10\/Jai-essaye-le-nouvel-audio-Bluetooth-LE-sur-le-casque.jpg","datePublished":"2025-10-16T01:17:54+00:00","dateModified":"2025-10-16T01:17:54+00:00","breadcrumb":{"@id":"https:\/\/vieassociative.be\/actualites\/jai-essaye-le-nouvel-audio-bluetooth-le-sur-le-casque-sony-wh-1000xm6\/#breadcrumb"},"inLanguage":"fr-BE","potentialAction":[{"@type":"ReadAction","target":["https:\/\/vieassociative.be\/actualites\/jai-essaye-le-nouvel-audio-bluetooth-le-sur-le-casque-sony-wh-1000xm6\/"]}]},{"@type":"ImageObject","inLanguage":"fr-BE","@id":"https:\/\/vieassociative.be\/actualites\/jai-essaye-le-nouvel-audio-bluetooth-le-sur-le-casque-sony-wh-1000xm6\/#primaryimage","url":"https:\/\/vieassociative.be\/actualites\/wp-content\/uploads\/2025\/10\/Jai-essaye-le-nouvel-audio-Bluetooth-LE-sur-le-casque.jpg","contentUrl":"https:\/\/vieassociative.be\/actualites\/wp-content\/uploads\/2025\/10\/Jai-essaye-le-nouvel-audio-Bluetooth-LE-sur-le-casque.jpg","width":1200,"height":675,"caption":"J'ai essay\u00e9 le nouvel audio Bluetooth LE sur le casque Sony WH-1000XM6"},{"@type":"BreadcrumbList","@id":"https:\/\/vieassociative.be\/actualites\/jai-essaye-le-nouvel-audio-bluetooth-le-sur-le-casque-sony-wh-1000xm6\/#breadcrumb","itemListElement":[{"@type":"ListItem","position":1,"name":"Accueil","item":"https:\/\/vieassociative.be\/actualites\/"},{"@type":"ListItem","position":2,"name":"J&rsquo;ai essay\u00e9 le nouvel audio Bluetooth LE sur le casque Sony WH-1000XM6"}]},{"@type":"WebSite","@id":"https:\/\/vieassociative.be\/actualites\/#website","url":"https:\/\/vieassociative.be\/actualites\/","name":"Vie Associative","description":"","publisher":{"@id":"https:\/\/vieassociative.be\/actualites\/#organization"},"potentialAction":[{"@type":"SearchAction","target":{"@type":"EntryPoint","urlTemplate":"https:\/\/vieassociative.be\/actualites\/?s={search_term_string}"},"query-input":{"@type":"PropertyValueSpecification","valueRequired":true,"valueName":"search_term_string"}}],"inLanguage":"fr-BE"},{"@type":"Organization","@id":"https:\/\/vieassociative.be\/actualites\/#organization","name":"Vie Associative","url":"https:\/\/vieassociative.be\/actualites\/","logo":{"@type":"ImageObject","inLanguage":"fr-BE","@id":"https:\/\/vieassociative.be\/actualites\/#\/schema\/logo\/image\/","url":"https:\/\/vieassociative.be\/actualites\/wp-content\/uploads\/2024\/09\/cropped-vieassociative_favicon.ico.png","contentUrl":"https:\/\/vieassociative.be\/actualites\/wp-content\/uploads\/2024\/09\/cropped-vieassociative_favicon.ico.png","width":512,"height":512,"caption":"Vie Associative"},"image":{"@id":"https:\/\/vieassociative.be\/actualites\/#\/schema\/logo\/image\/"}},{"@type":"Person","@id":"https:\/\/vieassociative.be\/actualites\/#\/schema\/person\/b87ac4f82f9d4e7b7cec7395b679edc4","name":"Julien","image":{"@type":"ImageObject","inLanguage":"fr-BE","@id":"https:\/\/vieassociative.be\/actualites\/#\/schema\/person\/image\/","url":"https:\/\/vieassociative.be\/actualites\/wp-content\/uploads\/2024\/09\/vie-associative-1-150x150.jpg","contentUrl":"https:\/\/vieassociative.be\/actualites\/wp-content\/uploads\/2024\/09\/vie-associative-1-150x150.jpg","caption":"Julien"},"description":"Je suis Julien, r\u00e9dacteur pour Vie Associative. Passionn\u00e9 par le monde associatif depuis plus de 10 ans, j'ai \u00e0 c\u0153ur de partager des histoires inspirantes et de mettre en lumi\u00e8re les initiatives locales. Mon objectif est de sensibiliser et d'encourager l'engagement communautaire \u00e0 travers mes articles.","sameAs":["https:\/\/vieassociative.be\/"]}]}},"_links":{"self":[{"href":"https:\/\/vieassociative.be\/actualites\/wp-json\/wp\/v2\/posts\/10694"}],"collection":[{"href":"https:\/\/vieassociative.be\/actualites\/wp-json\/wp\/v2\/posts"}],"about":[{"href":"https:\/\/vieassociative.be\/actualites\/wp-json\/wp\/v2\/types\/post"}],"author":[{"embeddable":true,"href":"https:\/\/vieassociative.be\/actualites\/wp-json\/wp\/v2\/users\/1"}],"replies":[{"embeddable":true,"href":"https:\/\/vieassociative.be\/actualites\/wp-json\/wp\/v2\/comments?post=10694"}],"version-history":[{"count":0,"href":"https:\/\/vieassociative.be\/actualites\/wp-json\/wp\/v2\/posts\/10694\/revisions"}],"wp:featuredmedia":[{"embeddable":true,"href":"https:\/\/vieassociative.be\/actualites\/wp-json\/wp\/v2\/media\/10695"}],"wp:attachment":[{"href":"https:\/\/vieassociative.be\/actualites\/wp-json\/wp\/v2\/media?parent=10694"}],"wp:term":[{"taxonomy":"category","embeddable":true,"href":"https:\/\/vieassociative.be\/actualites\/wp-json\/wp\/v2\/categories?post=10694"},{"taxonomy":"post_tag","embeddable":true,"href":"https:\/\/vieassociative.be\/actualites\/wp-json\/wp\/v2\/tags?post=10694"}],"curies":[{"name":"wp","href":"https:\/\/api.w.org\/{rel}","templated":true}]}}