{"id":10690,"date":"2025-10-15T22:17:04","date_gmt":"2025-10-15T20:17:04","guid":{"rendered":"https:\/\/vieassociative.be\/actualites\/de-nombreuses-infractions-ont-ete-constatees-lors-dune-grande-inspection-des-camions-par-la-zone-de-police-de-weser-gohl-avec-des-services-partenaires\/"},"modified":"2025-10-15T22:17:04","modified_gmt":"2025-10-15T20:17:04","slug":"de-nombreuses-infractions-ont-ete-constatees-lors-dune-grande-inspection-des-camions-par-la-zone-de-police-de-weser-gohl-avec-des-services-partenaires","status":"publish","type":"post","link":"https:\/\/vieassociative.be\/actualites\/de-nombreuses-infractions-ont-ete-constatees-lors-dune-grande-inspection-des-camions-par-la-zone-de-police-de-weser-gohl-avec-des-services-partenaires\/","title":{"rendered":"De nombreuses infractions ont \u00e9t\u00e9 constat\u00e9es lors d&rsquo;une grande inspection des camions par la zone de police de Weser-G\u00f6hl avec des services partenaires"},"content":{"rendered":"<p><strong>Le mardi 14 octobre 2025, la zone de police de Weser-G\u00f6hl a effectu\u00e9 un contr\u00f4le complet des camions \u00e0 Eynatten en collaboration avec plusieurs services partenaires. De nombreuses violations ont \u00e9t\u00e9 d\u00e9couvertes.<\/strong><\/p>\n<p><span id=\"more-427272\"><\/span>Outre la zone Weser-G\u00f6hl, la police autorouti\u00e8re de Li\u00e8ge, les douanes, le T\u00dcV et l&rsquo;UCR (unit\u00e9 de contr\u00f4le de la R\u00e9gion wallonne, qui s&rsquo;occupe entre autres de l&rsquo;arrimage des chargements et de la r\u00e9glementation technique) ont \u00e9galement \u00e9t\u00e9 impliqu\u00e9s.<\/p>\n<div id=\"attachment_333560\" class=\"wp-caption alignleft\" style=\"max-width: 300px\"><img fetchpriority=\"high\" decoding=\"async\" class=\"wp-image-333560 size-medium\" src=\"https:\/\/vieassociative.be\/actualites\/wp-content\/uploads\/2025\/10\/Controle-des-camions-17-fonctionnaires-en-action-de-nombreuses-violations.jpeg\" alt=\"\" width=\"300\" height=\"200\"  ><\/div>\n<p>L&rsquo;inspection a eu lieu entre 8h30 et 13h30. Au total, 12 agents \u00e9taient en service. Durant cette p\u00e9riode, 23 camions ont \u00e9t\u00e9 contr\u00f4l\u00e9s.<\/p>\n<p>Des amendes d&rsquo;un montant total de 21 344 euros ont \u00e9t\u00e9 inflig\u00e9es sur place. Par ailleurs, plusieurs proc\u00e8s-verbaux ont \u00e9t\u00e9 r\u00e9dig\u00e9s et transmis au parquet pour suite \u00e0 donner.<\/p>\n<p>Trois v\u00e9hicules ont d\u00fb \u00eatre arr\u00eat\u00e9s sur place en raison de graves d\u00e9fauts techniques.<\/p>\n<p>Les violations identifi\u00e9es concernaient principalement :<\/p>\n<ul>\n<li style=\"list-style-type: none;\">\n<ul>\n<li>Violations des p\u00e9riodes de repos l\u00e9galement requises<\/li>\n<li>D\u00e9fauts techniques<\/li>\n<li>L\u00e9gislation sur les tachygraphes<\/li>\n<li>Certificats de test manquants<\/li>\n<li>Arrimage inad\u00e9quat du chargement<\/li>\n<\/ul>\n<\/li>\n<\/ul>\n<p>Outre la d\u00e9couverte de nombreuses violations, il convient \u00e9galement de souligner la coop\u00e9ration intensive et efficace entre les services concern\u00e9s, selon la police. \u00abDe tels contr\u00f4les communs sont effectu\u00e9s r\u00e9guli\u00e8rement et apportent une contribution significative \u00e0 la s\u00e9curit\u00e9 routi\u00e8re et au respect des exigences l\u00e9gales dans les poids lourds.\u00bb (cr\u00e9er)<\/p>\n","protected":false},"excerpt":{"rendered":"<p>Le mardi 14 octobre 2025, la zone de police de Weser-G\u00f6hl a effectu\u00e9 un contr\u00f4le complet des camions \u00e0 Eynatten en collaboration avec plusieurs services<\/p>\n","protected":false},"author":1,"featured_media":10691,"comment_status":"","ping_status":"","sticky":false,"template":"","format":"standard","meta":{"footnotes":""},"categories":[298],"tags":[61,2671,8906,29,698,217,1787,8905,8907,353,8746,1374,676,8908,2741,1427,5023,4291],"class_list":["post-10690","post","type-post","status-publish","format-standard","has-post-thumbnail","hentry","category-belgique","tag-avec","tag-camions","tag-constatees","tag-des","tag-dune","tag-ete","tag-grande","tag-infractions","tag-inspection","tag-lors","tag-nombreuses","tag-ont","tag-par","tag-partenaires","tag-police","tag-services","tag-wesergohl","tag-zone","generate-columns","tablet-grid-50","mobile-grid-100","grid-parent","grid-33"],"yoast_head":"<!-- This site is optimized with the Yoast SEO plugin v24.0 - https:\/\/yoast.com\/wordpress\/plugins\/seo\/ -->\n<title>De nombreuses infractions ont \u00e9t\u00e9 constat\u00e9es lors d&#039;une grande inspection des camions par la zone de police de Weser-G\u00f6hl avec des services partenaires | Vie Associative<\/title>\n<meta name=\"robots\" content=\"index, follow, max-snippet:-1, max-image-preview:large, max-video-preview:-1\" \/>\n<link rel=\"canonical\" href=\"https:\/\/vieassociative.be\/actualites\/de-nombreuses-infractions-ont-ete-constatees-lors-dune-grande-inspection-des-camions-par-la-zone-de-police-de-weser-gohl-avec-des-services-partenaires\/\" \/>\n<meta property=\"og:locale\" content=\"fr_FR\" \/>\n<meta property=\"og:type\" content=\"article\" \/>\n<meta property=\"og:title\" content=\"De nombreuses infractions ont \u00e9t\u00e9 constat\u00e9es lors d&#039;une grande inspection des camions par la zone de police de Weser-G\u00f6hl avec des services partenaires | Vie Associative\" \/>\n<meta property=\"og:description\" content=\"Le mardi 14 octobre 2025, la zone de police de Weser-G\u00f6hl a effectu\u00e9 un contr\u00f4le complet des camions \u00e0 Eynatten en collaboration avec plusieurs services\" \/>\n<meta property=\"og:url\" content=\"https:\/\/vieassociative.be\/actualites\/de-nombreuses-infractions-ont-ete-constatees-lors-dune-grande-inspection-des-camions-par-la-zone-de-police-de-weser-gohl-avec-des-services-partenaires\/\" \/>\n<meta property=\"og:site_name\" content=\"Vie Associative\" \/>\n<meta property=\"article:published_time\" content=\"2025-10-15T20:17:04+00:00\" \/>\n<meta property=\"og:image\" content=\"https:\/\/vieassociative.be\/actualites\/wp-content\/uploads\/2024\/09\/header_backgroundk-01-e1726694325946.png\" \/>\n\t<meta property=\"og:image:width\" content=\"279\" \/>\n\t<meta property=\"og:image:height\" content=\"92\" \/>\n\t<meta property=\"og:image:type\" content=\"image\/png\" \/>\n<meta name=\"author\" content=\"Julien\" \/>\n<meta name=\"twitter:card\" content=\"summary_large_image\" \/>\n<meta name=\"twitter:label1\" content=\"\u00c9crit par\" \/>\n\t<meta name=\"twitter:data1\" content=\"Julien\" \/>\n\t<meta name=\"twitter:label2\" content=\"Dur\u00e9e de lecture est.\" \/>\n\t<meta name=\"twitter:data2\" content=\"1 minute\" \/>\n<script type=\"application\/ld+json\" class=\"yoast-schema-graph\">{\"@context\":\"https:\/\/schema.org\",\"@graph\":[{\"@type\":\"Article\",\"@id\":\"https:\/\/vieassociative.be\/actualites\/de-nombreuses-infractions-ont-ete-constatees-lors-dune-grande-inspection-des-camions-par-la-zone-de-police-de-weser-gohl-avec-des-services-partenaires\/#article\",\"isPartOf\":{\"@id\":\"https:\/\/vieassociative.be\/actualites\/de-nombreuses-infractions-ont-ete-constatees-lors-dune-grande-inspection-des-camions-par-la-zone-de-police-de-weser-gohl-avec-des-services-partenaires\/\"},\"author\":{\"name\":\"Julien\",\"@id\":\"https:\/\/vieassociative.be\/actualites\/#\/schema\/person\/b87ac4f82f9d4e7b7cec7395b679edc4\"},\"headline\":\"De nombreuses infractions ont \u00e9t\u00e9 constat\u00e9es lors d&rsquo;une grande inspection des camions par la zone de police de Weser-G\u00f6hl avec des services partenaires\",\"datePublished\":\"2025-10-15T20:17:04+00:00\",\"dateModified\":\"2025-10-15T20:17:04+00:00\",\"mainEntityOfPage\":{\"@id\":\"https:\/\/vieassociative.be\/actualites\/de-nombreuses-infractions-ont-ete-constatees-lors-dune-grande-inspection-des-camions-par-la-zone-de-police-de-weser-gohl-avec-des-services-partenaires\/\"},\"wordCount\":274,\"publisher\":{\"@id\":\"https:\/\/vieassociative.be\/actualites\/#organization\"},\"image\":{\"@id\":\"https:\/\/vieassociative.be\/actualites\/de-nombreuses-infractions-ont-ete-constatees-lors-dune-grande-inspection-des-camions-par-la-zone-de-police-de-weser-gohl-avec-des-services-partenaires\/#primaryimage\"},\"thumbnailUrl\":\"https:\/\/vieassociative.be\/actualites\/wp-content\/uploads\/2025\/10\/De-nombreuses-infractions-ont-ete-constatees-lors-dune-grande-inspection.jpg\",\"keywords\":[\"avec\",\"camions\",\"constat\u00e9es\",\"Des\",\"dune\",\"\u00e9t\u00e9\",\"grande\",\"infractions\",\"inspection\",\"lors\",\"nombreuses\",\"ont\",\"par\",\"partenaires\",\"police\",\"services\",\"WeserG\u00f6hl\",\"zone\"],\"articleSection\":[\"Belgique\"],\"inLanguage\":\"fr-BE\"},{\"@type\":\"WebPage\",\"@id\":\"https:\/\/vieassociative.be\/actualites\/de-nombreuses-infractions-ont-ete-constatees-lors-dune-grande-inspection-des-camions-par-la-zone-de-police-de-weser-gohl-avec-des-services-partenaires\/\",\"url\":\"https:\/\/vieassociative.be\/actualites\/de-nombreuses-infractions-ont-ete-constatees-lors-dune-grande-inspection-des-camions-par-la-zone-de-police-de-weser-gohl-avec-des-services-partenaires\/\",\"name\":\"De nombreuses infractions ont \u00e9t\u00e9 constat\u00e9es lors d'une grande inspection des camions par la zone de police de Weser-G\u00f6hl avec des services partenaires | Vie Associative\",\"isPartOf\":{\"@id\":\"https:\/\/vieassociative.be\/actualites\/#website\"},\"primaryImageOfPage\":{\"@id\":\"https:\/\/vieassociative.be\/actualites\/de-nombreuses-infractions-ont-ete-constatees-lors-dune-grande-inspection-des-camions-par-la-zone-de-police-de-weser-gohl-avec-des-services-partenaires\/#primaryimage\"},\"image\":{\"@id\":\"https:\/\/vieassociative.be\/actualites\/de-nombreuses-infractions-ont-ete-constatees-lors-dune-grande-inspection-des-camions-par-la-zone-de-police-de-weser-gohl-avec-des-services-partenaires\/#primaryimage\"},\"thumbnailUrl\":\"https:\/\/vieassociative.be\/actualites\/wp-content\/uploads\/2025\/10\/De-nombreuses-infractions-ont-ete-constatees-lors-dune-grande-inspection.jpg\",\"datePublished\":\"2025-10-15T20:17:04+00:00\",\"dateModified\":\"2025-10-15T20:17:04+00:00\",\"breadcrumb\":{\"@id\":\"https:\/\/vieassociative.be\/actualites\/de-nombreuses-infractions-ont-ete-constatees-lors-dune-grande-inspection-des-camions-par-la-zone-de-police-de-weser-gohl-avec-des-services-partenaires\/#breadcrumb\"},\"inLanguage\":\"fr-BE\",\"potentialAction\":[{\"@type\":\"ReadAction\",\"target\":[\"https:\/\/vieassociative.be\/actualites\/de-nombreuses-infractions-ont-ete-constatees-lors-dune-grande-inspection-des-camions-par-la-zone-de-police-de-weser-gohl-avec-des-services-partenaires\/\"]}]},{\"@type\":\"ImageObject\",\"inLanguage\":\"fr-BE\",\"@id\":\"https:\/\/vieassociative.be\/actualites\/de-nombreuses-infractions-ont-ete-constatees-lors-dune-grande-inspection-des-camions-par-la-zone-de-police-de-weser-gohl-avec-des-services-partenaires\/#primaryimage\",\"url\":\"https:\/\/vieassociative.be\/actualites\/wp-content\/uploads\/2025\/10\/De-nombreuses-infractions-ont-ete-constatees-lors-dune-grande-inspection.jpg\",\"contentUrl\":\"https:\/\/vieassociative.be\/actualites\/wp-content\/uploads\/2025\/10\/De-nombreuses-infractions-ont-ete-constatees-lors-dune-grande-inspection.jpg\",\"width\":1200,\"height\":609,\"caption\":\"De nombreuses infractions ont \u00e9t\u00e9 constat\u00e9es lors d'une grande inspection des camions par la zone de police de Weser-G\u00f6hl avec des services partenaires\"},{\"@type\":\"BreadcrumbList\",\"@id\":\"https:\/\/vieassociative.be\/actualites\/de-nombreuses-infractions-ont-ete-constatees-lors-dune-grande-inspection-des-camions-par-la-zone-de-police-de-weser-gohl-avec-des-services-partenaires\/#breadcrumb\",\"itemListElement\":[{\"@type\":\"ListItem\",\"position\":1,\"name\":\"Accueil\",\"item\":\"https:\/\/vieassociative.be\/actualites\/\"},{\"@type\":\"ListItem\",\"position\":2,\"name\":\"De nombreuses infractions ont \u00e9t\u00e9 constat\u00e9es lors d&rsquo;une grande inspection des camions par la zone de police de Weser-G\u00f6hl avec des services partenaires\"}]},{\"@type\":\"WebSite\",\"@id\":\"https:\/\/vieassociative.be\/actualites\/#website\",\"url\":\"https:\/\/vieassociative.be\/actualites\/\",\"name\":\"Vie Associative\",\"description\":\"\",\"publisher\":{\"@id\":\"https:\/\/vieassociative.be\/actualites\/#organization\"},\"potentialAction\":[{\"@type\":\"SearchAction\",\"target\":{\"@type\":\"EntryPoint\",\"urlTemplate\":\"https:\/\/vieassociative.be\/actualites\/?s={search_term_string}\"},\"query-input\":{\"@type\":\"PropertyValueSpecification\",\"valueRequired\":true,\"valueName\":\"search_term_string\"}}],\"inLanguage\":\"fr-BE\"},{\"@type\":\"Organization\",\"@id\":\"https:\/\/vieassociative.be\/actualites\/#organization\",\"name\":\"Vie Associative\",\"url\":\"https:\/\/vieassociative.be\/actualites\/\",\"logo\":{\"@type\":\"ImageObject\",\"inLanguage\":\"fr-BE\",\"@id\":\"https:\/\/vieassociative.be\/actualites\/#\/schema\/logo\/image\/\",\"url\":\"https:\/\/vieassociative.be\/actualites\/wp-content\/uploads\/2024\/09\/cropped-vieassociative_favicon.ico.png\",\"contentUrl\":\"https:\/\/vieassociative.be\/actualites\/wp-content\/uploads\/2024\/09\/cropped-vieassociative_favicon.ico.png\",\"width\":512,\"height\":512,\"caption\":\"Vie Associative\"},\"image\":{\"@id\":\"https:\/\/vieassociative.be\/actualites\/#\/schema\/logo\/image\/\"}},{\"@type\":\"Person\",\"@id\":\"https:\/\/vieassociative.be\/actualites\/#\/schema\/person\/b87ac4f82f9d4e7b7cec7395b679edc4\",\"name\":\"Julien\",\"image\":{\"@type\":\"ImageObject\",\"inLanguage\":\"fr-BE\",\"@id\":\"https:\/\/vieassociative.be\/actualites\/#\/schema\/person\/image\/\",\"url\":\"https:\/\/vieassociative.be\/actualites\/wp-content\/uploads\/2024\/09\/vie-associative-1-150x150.jpg\",\"contentUrl\":\"https:\/\/vieassociative.be\/actualites\/wp-content\/uploads\/2024\/09\/vie-associative-1-150x150.jpg\",\"caption\":\"Julien\"},\"description\":\"Je suis Julien, r\u00e9dacteur pour Vie Associative. Passionn\u00e9 par le monde associatif depuis plus de 10 ans, j'ai \u00e0 c\u0153ur de partager des histoires inspirantes et de mettre en lumi\u00e8re les initiatives locales. Mon objectif est de sensibiliser et d'encourager l'engagement communautaire \u00e0 travers mes articles.\",\"sameAs\":[\"https:\/\/vieassociative.be\/\"]}]}<\/script>\n<!-- \/ Yoast SEO plugin. -->","yoast_head_json":{"title":"De nombreuses infractions ont \u00e9t\u00e9 constat\u00e9es lors d'une grande inspection des camions par la zone de police de Weser-G\u00f6hl avec des services partenaires | Vie Associative","robots":{"index":"index","follow":"follow","max-snippet":"max-snippet:-1","max-image-preview":"max-image-preview:large","max-video-preview":"max-video-preview:-1"},"canonical":"https:\/\/vieassociative.be\/actualites\/de-nombreuses-infractions-ont-ete-constatees-lors-dune-grande-inspection-des-camions-par-la-zone-de-police-de-weser-gohl-avec-des-services-partenaires\/","og_locale":"fr_FR","og_type":"article","og_title":"De nombreuses infractions ont \u00e9t\u00e9 constat\u00e9es lors d'une grande inspection des camions par la zone de police de Weser-G\u00f6hl avec des services partenaires | Vie Associative","og_description":"Le mardi 14 octobre 2025, la zone de police de Weser-G\u00f6hl a effectu\u00e9 un contr\u00f4le complet des camions \u00e0 Eynatten en collaboration avec plusieurs services","og_url":"https:\/\/vieassociative.be\/actualites\/de-nombreuses-infractions-ont-ete-constatees-lors-dune-grande-inspection-des-camions-par-la-zone-de-police-de-weser-gohl-avec-des-services-partenaires\/","og_site_name":"Vie Associative","article_published_time":"2025-10-15T20:17:04+00:00","og_image":[{"width":279,"height":92,"url":"https:\/\/vieassociative.be\/actualites\/wp-content\/uploads\/2024\/09\/header_backgroundk-01-e1726694325946.png","type":"image\/png"}],"author":"Julien","twitter_card":"summary_large_image","twitter_misc":{"\u00c9crit par":"Julien","Dur\u00e9e de lecture est.":"1 minute"},"schema":{"@context":"https:\/\/schema.org","@graph":[{"@type":"Article","@id":"https:\/\/vieassociative.be\/actualites\/de-nombreuses-infractions-ont-ete-constatees-lors-dune-grande-inspection-des-camions-par-la-zone-de-police-de-weser-gohl-avec-des-services-partenaires\/#article","isPartOf":{"@id":"https:\/\/vieassociative.be\/actualites\/de-nombreuses-infractions-ont-ete-constatees-lors-dune-grande-inspection-des-camions-par-la-zone-de-police-de-weser-gohl-avec-des-services-partenaires\/"},"author":{"name":"Julien","@id":"https:\/\/vieassociative.be\/actualites\/#\/schema\/person\/b87ac4f82f9d4e7b7cec7395b679edc4"},"headline":"De nombreuses infractions ont \u00e9t\u00e9 constat\u00e9es lors d&rsquo;une grande inspection des camions par la zone de police de Weser-G\u00f6hl avec des services partenaires","datePublished":"2025-10-15T20:17:04+00:00","dateModified":"2025-10-15T20:17:04+00:00","mainEntityOfPage":{"@id":"https:\/\/vieassociative.be\/actualites\/de-nombreuses-infractions-ont-ete-constatees-lors-dune-grande-inspection-des-camions-par-la-zone-de-police-de-weser-gohl-avec-des-services-partenaires\/"},"wordCount":274,"publisher":{"@id":"https:\/\/vieassociative.be\/actualites\/#organization"},"image":{"@id":"https:\/\/vieassociative.be\/actualites\/de-nombreuses-infractions-ont-ete-constatees-lors-dune-grande-inspection-des-camions-par-la-zone-de-police-de-weser-gohl-avec-des-services-partenaires\/#primaryimage"},"thumbnailUrl":"https:\/\/vieassociative.be\/actualites\/wp-content\/uploads\/2025\/10\/De-nombreuses-infractions-ont-ete-constatees-lors-dune-grande-inspection.jpg","keywords":["avec","camions","constat\u00e9es","Des","dune","\u00e9t\u00e9","grande","infractions","inspection","lors","nombreuses","ont","par","partenaires","police","services","WeserG\u00f6hl","zone"],"articleSection":["Belgique"],"inLanguage":"fr-BE"},{"@type":"WebPage","@id":"https:\/\/vieassociative.be\/actualites\/de-nombreuses-infractions-ont-ete-constatees-lors-dune-grande-inspection-des-camions-par-la-zone-de-police-de-weser-gohl-avec-des-services-partenaires\/","url":"https:\/\/vieassociative.be\/actualites\/de-nombreuses-infractions-ont-ete-constatees-lors-dune-grande-inspection-des-camions-par-la-zone-de-police-de-weser-gohl-avec-des-services-partenaires\/","name":"De nombreuses infractions ont \u00e9t\u00e9 constat\u00e9es lors d'une grande inspection des camions par la zone de police de Weser-G\u00f6hl avec des services partenaires | Vie Associative","isPartOf":{"@id":"https:\/\/vieassociative.be\/actualites\/#website"},"primaryImageOfPage":{"@id":"https:\/\/vieassociative.be\/actualites\/de-nombreuses-infractions-ont-ete-constatees-lors-dune-grande-inspection-des-camions-par-la-zone-de-police-de-weser-gohl-avec-des-services-partenaires\/#primaryimage"},"image":{"@id":"https:\/\/vieassociative.be\/actualites\/de-nombreuses-infractions-ont-ete-constatees-lors-dune-grande-inspection-des-camions-par-la-zone-de-police-de-weser-gohl-avec-des-services-partenaires\/#primaryimage"},"thumbnailUrl":"https:\/\/vieassociative.be\/actualites\/wp-content\/uploads\/2025\/10\/De-nombreuses-infractions-ont-ete-constatees-lors-dune-grande-inspection.jpg","datePublished":"2025-10-15T20:17:04+00:00","dateModified":"2025-10-15T20:17:04+00:00","breadcrumb":{"@id":"https:\/\/vieassociative.be\/actualites\/de-nombreuses-infractions-ont-ete-constatees-lors-dune-grande-inspection-des-camions-par-la-zone-de-police-de-weser-gohl-avec-des-services-partenaires\/#breadcrumb"},"inLanguage":"fr-BE","potentialAction":[{"@type":"ReadAction","target":["https:\/\/vieassociative.be\/actualites\/de-nombreuses-infractions-ont-ete-constatees-lors-dune-grande-inspection-des-camions-par-la-zone-de-police-de-weser-gohl-avec-des-services-partenaires\/"]}]},{"@type":"ImageObject","inLanguage":"fr-BE","@id":"https:\/\/vieassociative.be\/actualites\/de-nombreuses-infractions-ont-ete-constatees-lors-dune-grande-inspection-des-camions-par-la-zone-de-police-de-weser-gohl-avec-des-services-partenaires\/#primaryimage","url":"https:\/\/vieassociative.be\/actualites\/wp-content\/uploads\/2025\/10\/De-nombreuses-infractions-ont-ete-constatees-lors-dune-grande-inspection.jpg","contentUrl":"https:\/\/vieassociative.be\/actualites\/wp-content\/uploads\/2025\/10\/De-nombreuses-infractions-ont-ete-constatees-lors-dune-grande-inspection.jpg","width":1200,"height":609,"caption":"De nombreuses infractions ont \u00e9t\u00e9 constat\u00e9es lors d'une grande inspection des camions par la zone de police de Weser-G\u00f6hl avec des services partenaires"},{"@type":"BreadcrumbList","@id":"https:\/\/vieassociative.be\/actualites\/de-nombreuses-infractions-ont-ete-constatees-lors-dune-grande-inspection-des-camions-par-la-zone-de-police-de-weser-gohl-avec-des-services-partenaires\/#breadcrumb","itemListElement":[{"@type":"ListItem","position":1,"name":"Accueil","item":"https:\/\/vieassociative.be\/actualites\/"},{"@type":"ListItem","position":2,"name":"De nombreuses infractions ont \u00e9t\u00e9 constat\u00e9es lors d&rsquo;une grande inspection des camions par la zone de police de Weser-G\u00f6hl avec des services partenaires"}]},{"@type":"WebSite","@id":"https:\/\/vieassociative.be\/actualites\/#website","url":"https:\/\/vieassociative.be\/actualites\/","name":"Vie Associative","description":"","publisher":{"@id":"https:\/\/vieassociative.be\/actualites\/#organization"},"potentialAction":[{"@type":"SearchAction","target":{"@type":"EntryPoint","urlTemplate":"https:\/\/vieassociative.be\/actualites\/?s={search_term_string}"},"query-input":{"@type":"PropertyValueSpecification","valueRequired":true,"valueName":"search_term_string"}}],"inLanguage":"fr-BE"},{"@type":"Organization","@id":"https:\/\/vieassociative.be\/actualites\/#organization","name":"Vie Associative","url":"https:\/\/vieassociative.be\/actualites\/","logo":{"@type":"ImageObject","inLanguage":"fr-BE","@id":"https:\/\/vieassociative.be\/actualites\/#\/schema\/logo\/image\/","url":"https:\/\/vieassociative.be\/actualites\/wp-content\/uploads\/2024\/09\/cropped-vieassociative_favicon.ico.png","contentUrl":"https:\/\/vieassociative.be\/actualites\/wp-content\/uploads\/2024\/09\/cropped-vieassociative_favicon.ico.png","width":512,"height":512,"caption":"Vie Associative"},"image":{"@id":"https:\/\/vieassociative.be\/actualites\/#\/schema\/logo\/image\/"}},{"@type":"Person","@id":"https:\/\/vieassociative.be\/actualites\/#\/schema\/person\/b87ac4f82f9d4e7b7cec7395b679edc4","name":"Julien","image":{"@type":"ImageObject","inLanguage":"fr-BE","@id":"https:\/\/vieassociative.be\/actualites\/#\/schema\/person\/image\/","url":"https:\/\/vieassociative.be\/actualites\/wp-content\/uploads\/2024\/09\/vie-associative-1-150x150.jpg","contentUrl":"https:\/\/vieassociative.be\/actualites\/wp-content\/uploads\/2024\/09\/vie-associative-1-150x150.jpg","caption":"Julien"},"description":"Je suis Julien, r\u00e9dacteur pour Vie Associative. Passionn\u00e9 par le monde associatif depuis plus de 10 ans, j'ai \u00e0 c\u0153ur de partager des histoires inspirantes et de mettre en lumi\u00e8re les initiatives locales. Mon objectif est de sensibiliser et d'encourager l'engagement communautaire \u00e0 travers mes articles.","sameAs":["https:\/\/vieassociative.be\/"]}]}},"_links":{"self":[{"href":"https:\/\/vieassociative.be\/actualites\/wp-json\/wp\/v2\/posts\/10690"}],"collection":[{"href":"https:\/\/vieassociative.be\/actualites\/wp-json\/wp\/v2\/posts"}],"about":[{"href":"https:\/\/vieassociative.be\/actualites\/wp-json\/wp\/v2\/types\/post"}],"author":[{"embeddable":true,"href":"https:\/\/vieassociative.be\/actualites\/wp-json\/wp\/v2\/users\/1"}],"replies":[{"embeddable":true,"href":"https:\/\/vieassociative.be\/actualites\/wp-json\/wp\/v2\/comments?post=10690"}],"version-history":[{"count":0,"href":"https:\/\/vieassociative.be\/actualites\/wp-json\/wp\/v2\/posts\/10690\/revisions"}],"wp:featuredmedia":[{"embeddable":true,"href":"https:\/\/vieassociative.be\/actualites\/wp-json\/wp\/v2\/media\/10691"}],"wp:attachment":[{"href":"https:\/\/vieassociative.be\/actualites\/wp-json\/wp\/v2\/media?parent=10690"}],"wp:term":[{"taxonomy":"category","embeddable":true,"href":"https:\/\/vieassociative.be\/actualites\/wp-json\/wp\/v2\/categories?post=10690"},{"taxonomy":"post_tag","embeddable":true,"href":"https:\/\/vieassociative.be\/actualites\/wp-json\/wp\/v2\/tags?post=10690"}],"curies":[{"name":"wp","href":"https:\/\/api.w.org\/{rel}","templated":true}]}}