{"id":10681,"date":"2025-10-15T10:17:57","date_gmt":"2025-10-15T08:17:57","guid":{"rendered":"https:\/\/vieassociative.be\/actualites\/de-plus-en-plus-de-dechets-electroniques-mais-pas-des-dechets-mais-une-ressource-valant-des-milliards\/"},"modified":"2025-10-15T10:17:57","modified_gmt":"2025-10-15T08:17:57","slug":"de-plus-en-plus-de-dechets-electroniques-mais-pas-des-dechets-mais-une-ressource-valant-des-milliards","status":"publish","type":"post","link":"https:\/\/vieassociative.be\/actualites\/de-plus-en-plus-de-dechets-electroniques-mais-pas-des-dechets-mais-une-ressource-valant-des-milliards\/","title":{"rendered":"De plus en plus de d\u00e9chets \u00e9lectroniques \u2013 mais \u00ab pas des d\u00e9chets, mais une ressource valant des milliards \u00bb"},"content":{"rendered":"<p><strong>Plus de 10 millions de tonnes de d\u00e9chets \u00e9lectroniques sont g\u00e9n\u00e9r\u00e9es chaque ann\u00e9e en Europe. Pourquoi il y a un grand potentiel et ce que chaque foyer peut apporter.<\/strong><\/p>\n<p><span id=\"more-427131\"><\/span>T\u00e9l\u00e9phones portables, ordinateurs portables, c\u00e2bles et appareils \u00e9lectrom\u00e9nagers usag\u00e9s : les d\u00e9chets \u00e9lectroniques pr\u00e9sentent encore un grand potentiel d\u2019extraction de mati\u00e8res premi\u00e8res. Selon un rapport, les m\u00e9nages et les entreprises de l&rsquo;UE, de Grande-Bretagne, d&rsquo;Islande, de Norv\u00e8ge et de Suisse ont g\u00e9n\u00e9r\u00e9 environ 10,7 millions de tonnes de d\u00e9chets \u00e9lectroniques en 2022, soit environ 20 kilogrammes par habitant.<\/p>\n<p>Environ dix pour cent d\u2019entre elles sont des mati\u00e8res premi\u00e8res critiques \u2013 elles sont tr\u00e8s importantes sur le plan \u00e9conomique, mais il existe un risque \u00e9lev\u00e9 de goulot d\u2019\u00e9tranglement dans l\u2019approvisionnement. Les chiffres proviennent d&rsquo;un rapport compil\u00e9 par le projet FutuRaM, financ\u00e9 par l&rsquo;UE, \u00e0 l&rsquo;occasion de la Journ\u00e9e internationale des d\u00e9chets \u00e9lectroniques, qui a lieu chaque ann\u00e9e le 14 octobre.<\/p>\n<div id=\"attachment_427138\" class=\"wp-caption alignleft\" style=\"max-width: 300px\"><img fetchpriority=\"high\" decoding=\"async\" class=\"wp-image-427138 size-medium\" src=\"https:\/\/vieassociative.be\/actualites\/wp-content\/uploads\/2025\/10\/De-plus-en-plus-de-dechets-electroniques-\u2013-mais.jpg\" alt=\"\" width=\"300\" height=\"207\"><\/div>\n<p>Les d\u00e9chets \u00e9lectroniques contiennent, entre autres, 29 mati\u00e8res premi\u00e8res critiques pour un poids total d&rsquo;environ un million de tonnes. Cependant, seulement 400 000 tonnes environ ont \u00e9t\u00e9 r\u00e9cup\u00e9r\u00e9es.<\/p>\n<p>Le rapport montre quelles mati\u00e8res premi\u00e8res critiques ont \u00e9t\u00e9 r\u00e9cup\u00e9r\u00e9es en 2022\u00a0: environ 162\u00a0000 tonnes de cuivre, 207\u00a0000 tonnes d\u2019aluminium, 12\u00a0000 tonnes de silicium, 1\u00a0000 tonnes de tungst\u00e8ne et deux tonnes de palladium. Mais m\u00eame avec des processus de recyclage conformes aux r\u00e8gles de l&rsquo;UE, environ 100 000 tonnes de mati\u00e8res premi\u00e8res critiques ont \u00e9t\u00e9 perdues, principalement des terres rares difficiles \u00e0 s\u00e9parer les unes des autres.<\/p>\n<p>\u00ab\u00a0L&rsquo;Europe d\u00e9pend de pays tiers pour plus de 90 pour cent de son approvisionnement en mati\u00e8res premi\u00e8res critiques, mais nous ne recyclons qu&rsquo;un pour cent de certaines mati\u00e8res premi\u00e8res\u00a0\u00bb, a d\u00e9clar\u00e9 la commissaire europ\u00e9enne \u00e0 l&rsquo;environnement, Jessika Roswall, dans un communiqu\u00e9 de l&rsquo;association internationale WEEE Forum, qui organise la Journ\u00e9e des d\u00e9chets \u00e9lectroniques et compte 50 organisations membres. DEEE signifie D\u00e9chets d&rsquo;\u00c9quipements \u00c9lectriques et Electroniques.<\/p>\n<p>Dans l&rsquo;ensemble, selon le rapport, 46 pour cent de tous les d\u00e9chets \u00e9lectroniques n&rsquo;ont pas \u00e9t\u00e9 \u00e9limin\u00e9s conform\u00e9ment aux r\u00e9glementations de l&rsquo;UE. Sur ces quelque cinq millions de tonnes de d\u00e9chets \u00e9lectriques, 3,3 millions ont \u00e9t\u00e9 m\u00e9lang\u00e9es \u00e0 d\u2019autres d\u00e9chets m\u00e9talliques, ce qui signifie qu\u2019elles ne peuvent \u00eatre valoris\u00e9es que partiellement au maximum. 700 000 tonnes ont \u00e9t\u00e9 mises en d\u00e9charge avec d&rsquo;autres d\u00e9chets ou br\u00fbl\u00e9es, et 400 000 tonnes ont \u00e9t\u00e9 export\u00e9es pour \u00eatre recycl\u00e9es.<\/p>\n<div id=\"attachment_427139\" class=\"wp-caption alignleft\" style=\"max-width: 300px\"><img decoding=\"async\" class=\"wp-image-427139 size-medium\" src=\"https:\/\/vieassociative.be\/actualites\/wp-content\/uploads\/2025\/10\/1760516277_864_De-plus-en-plus-de-dechets-electroniques-\u2013-mais.jpg\" alt=\"\" width=\"300\" height=\"200\"><\/div>\n<p>La l\u00e9gislation de l\u2019UE vise \u00e0 am\u00e9liorer les taux de recyclage en \u00e9largissant les options de retour pratiques, en augmentant la capacit\u00e9 de recyclage et en utilisant des outils politiques tels que les exigences d\u2019\u00e9coconception ou les dispositions en mati\u00e8re de r\u00e9parabilit\u00e9 et de durabilit\u00e9.<\/p>\n<p>\u00ab Les d\u00e9chets \u00e9lectroniques de l&rsquo;Europe ne sont pas des d\u00e9chets, mais une ressource d&rsquo;un milliard de dollars qui attend d&rsquo;\u00eatre exploit\u00e9e \u00bb, a soulign\u00e9 l&rsquo;auteur principal du rapport, Cornelis Peter Bald\u00e9, du programme Cycles durables de l&rsquo;Institut des Nations Unies pour la formation et la recherche (Unitar-Scycle).<\/p>\n<p>Selon le WEEE Forum, le palladium vaut jusqu&rsquo;\u00e0 30 000 dollars am\u00e9ricains (environ 26 000 euros) par kilogramme, c&rsquo;est pourquoi une l\u00e9g\u00e8re am\u00e9lioration de la r\u00e9cup\u00e9ration pourrait valoir des centaines de millions. Concernant toutes les mati\u00e8res premi\u00e8res critiques, Bald\u00e9 a ajout\u00e9 : \u00ab Chaque kilogramme que nous r\u00e9cup\u00e9rons et chaque appareil que nous r\u00e9parons renforce notre \u00e9conomie, r\u00e9duit notre d\u00e9pendance et cr\u00e9e de nouveaux emplois. \u00bb<\/p>\n<p>Dans leurs pr\u00e9visions pour 2050, les journalistes estiment que la quantit\u00e9 de d\u00e9chets \u00e9lectroniques augmentera entre 1,2 et 1,9 million de tonnes &#8211; selon que l&rsquo;activit\u00e9 continue comme avant, que le recyclage soit am\u00e9lior\u00e9 ou qu&rsquo;une v\u00e9ritable \u00e9conomie circulaire soit d\u00e9velopp\u00e9e.<\/p>\n<\/p>\n<div id=\"attachment_427140\" class=\"wp-caption alignleft\" style=\"max-width: 300px\"><img decoding=\"async\" class=\"wp-image-427140 size-medium\" src=\"https:\/\/vieassociative.be\/actualites\/wp-content\/uploads\/2025\/10\/1760516277_512_De-plus-en-plus-de-dechets-electroniques-\u2013-mais.jpg\" alt=\"\" width=\"300\" height=\"200\"><\/div>\n<p><\/p>\n<p>Les auteurs du rapport s&rsquo;attendent \u00e0 ce que la part des modules solaires dans les d\u00e9chets \u00e9lectroniques augmente particuli\u00e8rement fortement d&rsquo;ici 2050, passant de 0,15 million de tonnes \u00e0 2,2 millions de tonnes. Ils pr\u00e9voient \u00e9galement des augmentations pour les petits et grands appareils \u00e9lectrom\u00e9nagers et informatiques, \u00e0 l\u2019exception des \u00e9crans et moniteurs, pour lesquels ils pr\u00e9voient une baisse.<\/p>\n<p>\u00c0 l&rsquo;occasion de la Journ\u00e9e internationale des d\u00e9chets \u00e9lectroniques, Magdalena Charytanowicz du Forum DEEE a \u00e9galement soulign\u00e9 que l&rsquo;\u00e9conomie circulaire commence dans chaque foyer : \u00ab\u00a0En choisissant de r\u00e9parer, de r\u00e9utiliser ou de restituer les vieux appareils \u00e9lectroniques via des syst\u00e8mes de collecte appropri\u00e9s, les consommateurs contribuent directement \u00e0 garantir l&rsquo;approvisionnement de l&rsquo;Europe en mati\u00e8res premi\u00e8res essentielles, \u00e0 r\u00e9duire les dommages environnementaux caus\u00e9s par l&rsquo;exploitation mini\u00e8re et \u00e0 cr\u00e9er de nouveaux emplois verts.\u00a0\u00bb Selon elle, le succ\u00e8s des mesures d\u00e9pend non seulement de la l\u00e9gislation, mais aussi des d\u00e9cisions quotidiennes des citoyens.<\/p>\n<p>FutuRaM signifie Disponibilit\u00e9 Future des Mati\u00e8res Premi\u00e8res Secondaires. L&rsquo;objectif du projet est de cr\u00e9er et de transmettre des connaissances sur les mati\u00e8res premi\u00e8res secondaires dans l&rsquo;UE. (dpa)<\/p>\n","protected":false},"excerpt":{"rendered":"<p>Plus de 10 millions de tonnes de d\u00e9chets \u00e9lectroniques sont g\u00e9n\u00e9r\u00e9es chaque ann\u00e9e en Europe. Pourquoi il y a un grand potentiel et ce que<\/p>\n","protected":false},"author":1,"featured_media":10682,"comment_status":"","ping_status":"","sticky":false,"template":"","format":"standard","meta":{"footnotes":""},"categories":[298],"tags":[30,29,1660,156,4419,126,8902,110,8903],"class_list":["post-10681","post","type-post","status-publish","format-standard","has-post-thumbnail","hentry","category-belgique","tag-dechets","tag-des","tag-electroniques","tag-mais","tag-milliards","tag-pas","tag-ressource","tag-une","tag-valant","generate-columns","tablet-grid-50","mobile-grid-100","grid-parent","grid-33"],"yoast_head":"<!-- This site is optimized with the Yoast SEO plugin v24.0 - https:\/\/yoast.com\/wordpress\/plugins\/seo\/ -->\n<title>De plus en plus de d\u00e9chets \u00e9lectroniques \u2013 mais \u00ab pas des d\u00e9chets, mais une ressource valant des milliards \u00bb | Vie Associative<\/title>\n<meta name=\"robots\" content=\"index, follow, max-snippet:-1, max-image-preview:large, max-video-preview:-1\" \/>\n<link rel=\"canonical\" href=\"https:\/\/vieassociative.be\/actualites\/de-plus-en-plus-de-dechets-electroniques-mais-pas-des-dechets-mais-une-ressource-valant-des-milliards\/\" \/>\n<meta property=\"og:locale\" content=\"fr_FR\" \/>\n<meta property=\"og:type\" content=\"article\" \/>\n<meta property=\"og:title\" content=\"De plus en plus de d\u00e9chets \u00e9lectroniques \u2013 mais \u00ab pas des d\u00e9chets, mais une ressource valant des milliards \u00bb | Vie Associative\" \/>\n<meta property=\"og:description\" content=\"Plus de 10 millions de tonnes de d\u00e9chets \u00e9lectroniques sont g\u00e9n\u00e9r\u00e9es chaque ann\u00e9e en Europe. Pourquoi il y a un grand potentiel et ce que\" \/>\n<meta property=\"og:url\" content=\"https:\/\/vieassociative.be\/actualites\/de-plus-en-plus-de-dechets-electroniques-mais-pas-des-dechets-mais-une-ressource-valant-des-milliards\/\" \/>\n<meta property=\"og:site_name\" content=\"Vie Associative\" \/>\n<meta property=\"article:published_time\" content=\"2025-10-15T08:17:57+00:00\" \/>\n<meta property=\"og:image\" content=\"https:\/\/vieassociative.be\/actualites\/wp-content\/uploads\/2024\/09\/header_backgroundk-01-e1726694325946.png\" \/>\n\t<meta property=\"og:image:width\" content=\"279\" \/>\n\t<meta property=\"og:image:height\" content=\"92\" \/>\n\t<meta property=\"og:image:type\" content=\"image\/png\" \/>\n<meta name=\"author\" content=\"Julien\" \/>\n<meta name=\"twitter:card\" content=\"summary_large_image\" \/>\n<meta name=\"twitter:label1\" content=\"\u00c9crit par\" \/>\n\t<meta name=\"twitter:data1\" content=\"Julien\" \/>\n\t<meta name=\"twitter:label2\" content=\"Dur\u00e9e de lecture est.\" \/>\n\t<meta name=\"twitter:data2\" content=\"4 minutes\" \/>\n<script type=\"application\/ld+json\" class=\"yoast-schema-graph\">{\"@context\":\"https:\/\/schema.org\",\"@graph\":[{\"@type\":\"Article\",\"@id\":\"https:\/\/vieassociative.be\/actualites\/de-plus-en-plus-de-dechets-electroniques-mais-pas-des-dechets-mais-une-ressource-valant-des-milliards\/#article\",\"isPartOf\":{\"@id\":\"https:\/\/vieassociative.be\/actualites\/de-plus-en-plus-de-dechets-electroniques-mais-pas-des-dechets-mais-une-ressource-valant-des-milliards\/\"},\"author\":{\"name\":\"Julien\",\"@id\":\"https:\/\/vieassociative.be\/actualites\/#\/schema\/person\/b87ac4f82f9d4e7b7cec7395b679edc4\"},\"headline\":\"De plus en plus de d\u00e9chets \u00e9lectroniques \u2013 mais \u00ab pas des d\u00e9chets, mais une ressource valant des milliards \u00bb\",\"datePublished\":\"2025-10-15T08:17:57+00:00\",\"dateModified\":\"2025-10-15T08:17:57+00:00\",\"mainEntityOfPage\":{\"@id\":\"https:\/\/vieassociative.be\/actualites\/de-plus-en-plus-de-dechets-electroniques-mais-pas-des-dechets-mais-une-ressource-valant-des-milliards\/\"},\"wordCount\":892,\"publisher\":{\"@id\":\"https:\/\/vieassociative.be\/actualites\/#organization\"},\"image\":{\"@id\":\"https:\/\/vieassociative.be\/actualites\/de-plus-en-plus-de-dechets-electroniques-mais-pas-des-dechets-mais-une-ressource-valant-des-milliards\/#primaryimage\"},\"thumbnailUrl\":\"https:\/\/vieassociative.be\/actualites\/wp-content\/uploads\/2025\/10\/1760516277_De-plus-en-plus-de-dechets-electroniques-\u2013-mais.jpg\",\"keywords\":[\"d\u00e9chets\",\"Des\",\"\u00e9lectroniques\",\"mais\",\"milliards\",\"pas\",\"ressource\",\"une\",\"valant\"],\"articleSection\":[\"Belgique\"],\"inLanguage\":\"fr-BE\"},{\"@type\":\"WebPage\",\"@id\":\"https:\/\/vieassociative.be\/actualites\/de-plus-en-plus-de-dechets-electroniques-mais-pas-des-dechets-mais-une-ressource-valant-des-milliards\/\",\"url\":\"https:\/\/vieassociative.be\/actualites\/de-plus-en-plus-de-dechets-electroniques-mais-pas-des-dechets-mais-une-ressource-valant-des-milliards\/\",\"name\":\"De plus en plus de d\u00e9chets \u00e9lectroniques \u2013 mais \u00ab pas des d\u00e9chets, mais une ressource valant des milliards \u00bb | Vie Associative\",\"isPartOf\":{\"@id\":\"https:\/\/vieassociative.be\/actualites\/#website\"},\"primaryImageOfPage\":{\"@id\":\"https:\/\/vieassociative.be\/actualites\/de-plus-en-plus-de-dechets-electroniques-mais-pas-des-dechets-mais-une-ressource-valant-des-milliards\/#primaryimage\"},\"image\":{\"@id\":\"https:\/\/vieassociative.be\/actualites\/de-plus-en-plus-de-dechets-electroniques-mais-pas-des-dechets-mais-une-ressource-valant-des-milliards\/#primaryimage\"},\"thumbnailUrl\":\"https:\/\/vieassociative.be\/actualites\/wp-content\/uploads\/2025\/10\/1760516277_De-plus-en-plus-de-dechets-electroniques-\u2013-mais.jpg\",\"datePublished\":\"2025-10-15T08:17:57+00:00\",\"dateModified\":\"2025-10-15T08:17:57+00:00\",\"breadcrumb\":{\"@id\":\"https:\/\/vieassociative.be\/actualites\/de-plus-en-plus-de-dechets-electroniques-mais-pas-des-dechets-mais-une-ressource-valant-des-milliards\/#breadcrumb\"},\"inLanguage\":\"fr-BE\",\"potentialAction\":[{\"@type\":\"ReadAction\",\"target\":[\"https:\/\/vieassociative.be\/actualites\/de-plus-en-plus-de-dechets-electroniques-mais-pas-des-dechets-mais-une-ressource-valant-des-milliards\/\"]}]},{\"@type\":\"ImageObject\",\"inLanguage\":\"fr-BE\",\"@id\":\"https:\/\/vieassociative.be\/actualites\/de-plus-en-plus-de-dechets-electroniques-mais-pas-des-dechets-mais-une-ressource-valant-des-milliards\/#primaryimage\",\"url\":\"https:\/\/vieassociative.be\/actualites\/wp-content\/uploads\/2025\/10\/1760516277_De-plus-en-plus-de-dechets-electroniques-\u2013-mais.jpg\",\"contentUrl\":\"https:\/\/vieassociative.be\/actualites\/wp-content\/uploads\/2025\/10\/1760516277_De-plus-en-plus-de-dechets-electroniques-\u2013-mais.jpg\",\"width\":1200,\"height\":800,\"caption\":\"De plus en plus de d\u00e9chets \u00e9lectroniques \u2013 mais \u00ab pas des d\u00e9chets, mais une ressource valant des milliards \u00bb\"},{\"@type\":\"BreadcrumbList\",\"@id\":\"https:\/\/vieassociative.be\/actualites\/de-plus-en-plus-de-dechets-electroniques-mais-pas-des-dechets-mais-une-ressource-valant-des-milliards\/#breadcrumb\",\"itemListElement\":[{\"@type\":\"ListItem\",\"position\":1,\"name\":\"Accueil\",\"item\":\"https:\/\/vieassociative.be\/actualites\/\"},{\"@type\":\"ListItem\",\"position\":2,\"name\":\"De plus en plus de d\u00e9chets \u00e9lectroniques \u2013 mais \u00ab pas des d\u00e9chets, mais une ressource valant des milliards \u00bb\"}]},{\"@type\":\"WebSite\",\"@id\":\"https:\/\/vieassociative.be\/actualites\/#website\",\"url\":\"https:\/\/vieassociative.be\/actualites\/\",\"name\":\"Vie Associative\",\"description\":\"\",\"publisher\":{\"@id\":\"https:\/\/vieassociative.be\/actualites\/#organization\"},\"potentialAction\":[{\"@type\":\"SearchAction\",\"target\":{\"@type\":\"EntryPoint\",\"urlTemplate\":\"https:\/\/vieassociative.be\/actualites\/?s={search_term_string}\"},\"query-input\":{\"@type\":\"PropertyValueSpecification\",\"valueRequired\":true,\"valueName\":\"search_term_string\"}}],\"inLanguage\":\"fr-BE\"},{\"@type\":\"Organization\",\"@id\":\"https:\/\/vieassociative.be\/actualites\/#organization\",\"name\":\"Vie Associative\",\"url\":\"https:\/\/vieassociative.be\/actualites\/\",\"logo\":{\"@type\":\"ImageObject\",\"inLanguage\":\"fr-BE\",\"@id\":\"https:\/\/vieassociative.be\/actualites\/#\/schema\/logo\/image\/\",\"url\":\"https:\/\/vieassociative.be\/actualites\/wp-content\/uploads\/2024\/09\/cropped-vieassociative_favicon.ico.png\",\"contentUrl\":\"https:\/\/vieassociative.be\/actualites\/wp-content\/uploads\/2024\/09\/cropped-vieassociative_favicon.ico.png\",\"width\":512,\"height\":512,\"caption\":\"Vie Associative\"},\"image\":{\"@id\":\"https:\/\/vieassociative.be\/actualites\/#\/schema\/logo\/image\/\"}},{\"@type\":\"Person\",\"@id\":\"https:\/\/vieassociative.be\/actualites\/#\/schema\/person\/b87ac4f82f9d4e7b7cec7395b679edc4\",\"name\":\"Julien\",\"image\":{\"@type\":\"ImageObject\",\"inLanguage\":\"fr-BE\",\"@id\":\"https:\/\/vieassociative.be\/actualites\/#\/schema\/person\/image\/\",\"url\":\"https:\/\/vieassociative.be\/actualites\/wp-content\/uploads\/2024\/09\/vie-associative-1-150x150.jpg\",\"contentUrl\":\"https:\/\/vieassociative.be\/actualites\/wp-content\/uploads\/2024\/09\/vie-associative-1-150x150.jpg\",\"caption\":\"Julien\"},\"description\":\"Je suis Julien, r\u00e9dacteur pour Vie Associative. Passionn\u00e9 par le monde associatif depuis plus de 10 ans, j'ai \u00e0 c\u0153ur de partager des histoires inspirantes et de mettre en lumi\u00e8re les initiatives locales. Mon objectif est de sensibiliser et d'encourager l'engagement communautaire \u00e0 travers mes articles.\",\"sameAs\":[\"https:\/\/vieassociative.be\/\"]}]}<\/script>\n<!-- \/ Yoast SEO plugin. -->","yoast_head_json":{"title":"De plus en plus de d\u00e9chets \u00e9lectroniques \u2013 mais \u00ab pas des d\u00e9chets, mais une ressource valant des milliards \u00bb | Vie Associative","robots":{"index":"index","follow":"follow","max-snippet":"max-snippet:-1","max-image-preview":"max-image-preview:large","max-video-preview":"max-video-preview:-1"},"canonical":"https:\/\/vieassociative.be\/actualites\/de-plus-en-plus-de-dechets-electroniques-mais-pas-des-dechets-mais-une-ressource-valant-des-milliards\/","og_locale":"fr_FR","og_type":"article","og_title":"De plus en plus de d\u00e9chets \u00e9lectroniques \u2013 mais \u00ab pas des d\u00e9chets, mais une ressource valant des milliards \u00bb | Vie Associative","og_description":"Plus de 10 millions de tonnes de d\u00e9chets \u00e9lectroniques sont g\u00e9n\u00e9r\u00e9es chaque ann\u00e9e en Europe. Pourquoi il y a un grand potentiel et ce que","og_url":"https:\/\/vieassociative.be\/actualites\/de-plus-en-plus-de-dechets-electroniques-mais-pas-des-dechets-mais-une-ressource-valant-des-milliards\/","og_site_name":"Vie Associative","article_published_time":"2025-10-15T08:17:57+00:00","og_image":[{"width":279,"height":92,"url":"https:\/\/vieassociative.be\/actualites\/wp-content\/uploads\/2024\/09\/header_backgroundk-01-e1726694325946.png","type":"image\/png"}],"author":"Julien","twitter_card":"summary_large_image","twitter_misc":{"\u00c9crit par":"Julien","Dur\u00e9e de lecture est.":"4 minutes"},"schema":{"@context":"https:\/\/schema.org","@graph":[{"@type":"Article","@id":"https:\/\/vieassociative.be\/actualites\/de-plus-en-plus-de-dechets-electroniques-mais-pas-des-dechets-mais-une-ressource-valant-des-milliards\/#article","isPartOf":{"@id":"https:\/\/vieassociative.be\/actualites\/de-plus-en-plus-de-dechets-electroniques-mais-pas-des-dechets-mais-une-ressource-valant-des-milliards\/"},"author":{"name":"Julien","@id":"https:\/\/vieassociative.be\/actualites\/#\/schema\/person\/b87ac4f82f9d4e7b7cec7395b679edc4"},"headline":"De plus en plus de d\u00e9chets \u00e9lectroniques \u2013 mais \u00ab pas des d\u00e9chets, mais une ressource valant des milliards \u00bb","datePublished":"2025-10-15T08:17:57+00:00","dateModified":"2025-10-15T08:17:57+00:00","mainEntityOfPage":{"@id":"https:\/\/vieassociative.be\/actualites\/de-plus-en-plus-de-dechets-electroniques-mais-pas-des-dechets-mais-une-ressource-valant-des-milliards\/"},"wordCount":892,"publisher":{"@id":"https:\/\/vieassociative.be\/actualites\/#organization"},"image":{"@id":"https:\/\/vieassociative.be\/actualites\/de-plus-en-plus-de-dechets-electroniques-mais-pas-des-dechets-mais-une-ressource-valant-des-milliards\/#primaryimage"},"thumbnailUrl":"https:\/\/vieassociative.be\/actualites\/wp-content\/uploads\/2025\/10\/1760516277_De-plus-en-plus-de-dechets-electroniques-\u2013-mais.jpg","keywords":["d\u00e9chets","Des","\u00e9lectroniques","mais","milliards","pas","ressource","une","valant"],"articleSection":["Belgique"],"inLanguage":"fr-BE"},{"@type":"WebPage","@id":"https:\/\/vieassociative.be\/actualites\/de-plus-en-plus-de-dechets-electroniques-mais-pas-des-dechets-mais-une-ressource-valant-des-milliards\/","url":"https:\/\/vieassociative.be\/actualites\/de-plus-en-plus-de-dechets-electroniques-mais-pas-des-dechets-mais-une-ressource-valant-des-milliards\/","name":"De plus en plus de d\u00e9chets \u00e9lectroniques \u2013 mais \u00ab pas des d\u00e9chets, mais une ressource valant des milliards \u00bb | Vie Associative","isPartOf":{"@id":"https:\/\/vieassociative.be\/actualites\/#website"},"primaryImageOfPage":{"@id":"https:\/\/vieassociative.be\/actualites\/de-plus-en-plus-de-dechets-electroniques-mais-pas-des-dechets-mais-une-ressource-valant-des-milliards\/#primaryimage"},"image":{"@id":"https:\/\/vieassociative.be\/actualites\/de-plus-en-plus-de-dechets-electroniques-mais-pas-des-dechets-mais-une-ressource-valant-des-milliards\/#primaryimage"},"thumbnailUrl":"https:\/\/vieassociative.be\/actualites\/wp-content\/uploads\/2025\/10\/1760516277_De-plus-en-plus-de-dechets-electroniques-\u2013-mais.jpg","datePublished":"2025-10-15T08:17:57+00:00","dateModified":"2025-10-15T08:17:57+00:00","breadcrumb":{"@id":"https:\/\/vieassociative.be\/actualites\/de-plus-en-plus-de-dechets-electroniques-mais-pas-des-dechets-mais-une-ressource-valant-des-milliards\/#breadcrumb"},"inLanguage":"fr-BE","potentialAction":[{"@type":"ReadAction","target":["https:\/\/vieassociative.be\/actualites\/de-plus-en-plus-de-dechets-electroniques-mais-pas-des-dechets-mais-une-ressource-valant-des-milliards\/"]}]},{"@type":"ImageObject","inLanguage":"fr-BE","@id":"https:\/\/vieassociative.be\/actualites\/de-plus-en-plus-de-dechets-electroniques-mais-pas-des-dechets-mais-une-ressource-valant-des-milliards\/#primaryimage","url":"https:\/\/vieassociative.be\/actualites\/wp-content\/uploads\/2025\/10\/1760516277_De-plus-en-plus-de-dechets-electroniques-\u2013-mais.jpg","contentUrl":"https:\/\/vieassociative.be\/actualites\/wp-content\/uploads\/2025\/10\/1760516277_De-plus-en-plus-de-dechets-electroniques-\u2013-mais.jpg","width":1200,"height":800,"caption":"De plus en plus de d\u00e9chets \u00e9lectroniques \u2013 mais \u00ab pas des d\u00e9chets, mais une ressource valant des milliards \u00bb"},{"@type":"BreadcrumbList","@id":"https:\/\/vieassociative.be\/actualites\/de-plus-en-plus-de-dechets-electroniques-mais-pas-des-dechets-mais-une-ressource-valant-des-milliards\/#breadcrumb","itemListElement":[{"@type":"ListItem","position":1,"name":"Accueil","item":"https:\/\/vieassociative.be\/actualites\/"},{"@type":"ListItem","position":2,"name":"De plus en plus de d\u00e9chets \u00e9lectroniques \u2013 mais \u00ab pas des d\u00e9chets, mais une ressource valant des milliards \u00bb"}]},{"@type":"WebSite","@id":"https:\/\/vieassociative.be\/actualites\/#website","url":"https:\/\/vieassociative.be\/actualites\/","name":"Vie Associative","description":"","publisher":{"@id":"https:\/\/vieassociative.be\/actualites\/#organization"},"potentialAction":[{"@type":"SearchAction","target":{"@type":"EntryPoint","urlTemplate":"https:\/\/vieassociative.be\/actualites\/?s={search_term_string}"},"query-input":{"@type":"PropertyValueSpecification","valueRequired":true,"valueName":"search_term_string"}}],"inLanguage":"fr-BE"},{"@type":"Organization","@id":"https:\/\/vieassociative.be\/actualites\/#organization","name":"Vie Associative","url":"https:\/\/vieassociative.be\/actualites\/","logo":{"@type":"ImageObject","inLanguage":"fr-BE","@id":"https:\/\/vieassociative.be\/actualites\/#\/schema\/logo\/image\/","url":"https:\/\/vieassociative.be\/actualites\/wp-content\/uploads\/2024\/09\/cropped-vieassociative_favicon.ico.png","contentUrl":"https:\/\/vieassociative.be\/actualites\/wp-content\/uploads\/2024\/09\/cropped-vieassociative_favicon.ico.png","width":512,"height":512,"caption":"Vie Associative"},"image":{"@id":"https:\/\/vieassociative.be\/actualites\/#\/schema\/logo\/image\/"}},{"@type":"Person","@id":"https:\/\/vieassociative.be\/actualites\/#\/schema\/person\/b87ac4f82f9d4e7b7cec7395b679edc4","name":"Julien","image":{"@type":"ImageObject","inLanguage":"fr-BE","@id":"https:\/\/vieassociative.be\/actualites\/#\/schema\/person\/image\/","url":"https:\/\/vieassociative.be\/actualites\/wp-content\/uploads\/2024\/09\/vie-associative-1-150x150.jpg","contentUrl":"https:\/\/vieassociative.be\/actualites\/wp-content\/uploads\/2024\/09\/vie-associative-1-150x150.jpg","caption":"Julien"},"description":"Je suis Julien, r\u00e9dacteur pour Vie Associative. Passionn\u00e9 par le monde associatif depuis plus de 10 ans, j'ai \u00e0 c\u0153ur de partager des histoires inspirantes et de mettre en lumi\u00e8re les initiatives locales. Mon objectif est de sensibiliser et d'encourager l'engagement communautaire \u00e0 travers mes articles.","sameAs":["https:\/\/vieassociative.be\/"]}]}},"_links":{"self":[{"href":"https:\/\/vieassociative.be\/actualites\/wp-json\/wp\/v2\/posts\/10681"}],"collection":[{"href":"https:\/\/vieassociative.be\/actualites\/wp-json\/wp\/v2\/posts"}],"about":[{"href":"https:\/\/vieassociative.be\/actualites\/wp-json\/wp\/v2\/types\/post"}],"author":[{"embeddable":true,"href":"https:\/\/vieassociative.be\/actualites\/wp-json\/wp\/v2\/users\/1"}],"replies":[{"embeddable":true,"href":"https:\/\/vieassociative.be\/actualites\/wp-json\/wp\/v2\/comments?post=10681"}],"version-history":[{"count":0,"href":"https:\/\/vieassociative.be\/actualites\/wp-json\/wp\/v2\/posts\/10681\/revisions"}],"wp:featuredmedia":[{"embeddable":true,"href":"https:\/\/vieassociative.be\/actualites\/wp-json\/wp\/v2\/media\/10682"}],"wp:attachment":[{"href":"https:\/\/vieassociative.be\/actualites\/wp-json\/wp\/v2\/media?parent=10681"}],"wp:term":[{"taxonomy":"category","embeddable":true,"href":"https:\/\/vieassociative.be\/actualites\/wp-json\/wp\/v2\/categories?post=10681"},{"taxonomy":"post_tag","embeddable":true,"href":"https:\/\/vieassociative.be\/actualites\/wp-json\/wp\/v2\/tags?post=10681"}],"curies":[{"name":"wp","href":"https:\/\/api.w.org\/{rel}","templated":true}]}}