{"id":10679,"date":"2025-10-15T09:17:31","date_gmt":"2025-10-15T07:17:31","guid":{"rendered":"https:\/\/vieassociative.be\/actualites\/cette-alternative-gopro-est-actuellement-a-21-de-reduction\/"},"modified":"2025-10-15T09:17:31","modified_gmt":"2025-10-15T07:17:31","slug":"cette-alternative-gopro-est-actuellement-a-21-de-reduction","status":"publish","type":"post","link":"https:\/\/vieassociative.be\/actualites\/cette-alternative-gopro-est-actuellement-a-21-de-reduction\/","title":{"rendered":"Cette alternative GoPro est actuellement \u00e0 21\u00a0% de r\u00e9duction"},"content":{"rendered":"<div class=\"mt-4 leading-6 md:mb-8\">Une cam\u00e9ra d&rsquo;action \u00e9tanche avec une autonomie impressionnante qui rivalise avec GoPro.<\/div>\n<p><\/p>\n<p><em>Saviez-vous que vous pouvez personnaliser Google pour filtrer les d\u00e9chets\u00a0? Suivez ces \u00e9tapes<\/em><em> pour de meilleurs r\u00e9sultats de recherche, notamment en ajoutant mon travail chez Vie Associative comme source pr\u00e9f\u00e9r\u00e9e<\/em><em>.<\/em><\/p>\n<hr>\n<p>En ce qui concerne les cam\u00e9ras d&rsquo;action, GoPro est peut-\u00eatre un nom connu, mais il existe encore des concurrents de haute qualit\u00e9 (et souvent plus abordables) qui plaisent \u00e0 la fois aux aventuriers occasionnels et aux utilisateurs exp\u00e9riment\u00e9s. L&rsquo;un d&rsquo;eux, le DJI Osmo Action 5 Pro (Essential Combo)<strong>,<\/strong> est l&rsquo;un des best-sellers n\u00b01 sur Amazon et est actuellement \u00e0 21 % de r\u00e9duction, marquant son prix le plus bas jamais vu \u00e0 269 $.<\/p>\n<div class=\"pogoClear mb-12 mt-10 rounded-md border-2 border-gray-100 py-7 shadow-xl md:py-6\">\n<div class=\"flex flex-wrap justify-between px-7 text-black no-underline md:flex-nowrap md:px-8\">\n<div class=\"order-1 mx-auto flex flex-col justify-center md:order-2 md:ml-4 md:w-full md:grow\">\n<div class=\"block cursor-pointer text-center font-akshar text-2xl font-medium leading-7 text-brand-green duration-200 ease-in-out hover:text-brand-green-700 md:text-left md:text-xl md:leading-6\">DJI Osmo Action 5 Pro (Combo essentiel)\n                <\/div>\n<div class=\"mt-4 hidden md:flex md:justify-between\">\n<div class=\"self-end\">\n<div class=\"mb-0 h-11 md:flex md:flex-col md:justify-center\">\n<div class=\" font-sans leading-4 text-black\">\n<div class=\"flex flex-wrap items-center justify-center gap-1 md:justify-start\">\n        <span class=\"font-bold\"><\/p>\n<p>            269,00\u00a0$<br \/>\n                            <span class=\"font-medium\">chez Amazon<\/span><br \/>\n                    <\/span>\n            <\/div>\n<div class=\"flex items-center justify-center gap-x-1 font-bold md:justify-start\">\n            <span class=\"text-sm line-through\">339,00\u00a0$<\/span><br \/>\n            <span class=\"text-sm text-brand-green\">\u00c9conomisez 70,00\u00a0$<\/span>\n        <\/div>\n<\/p><\/div>\n<\/p><\/div>\n<\/p><\/div>\n<div class=\"w-44 self-end\">\n                            <button class=\"flex justify-center items-center w-full bg-brand-green text-white text-base font-sans font-medium rounded-md hover:bg-brand-green-700 hover:cursor-pointer md:text-sm h-11\"><\/p>\n<p>    Obtenez une offre<br \/>\n<\/button>\n                        <\/div>\n<\/p><\/div>\n<\/p><\/div>\n<div class=\"order-2 mt-5 h-auto w-full md:order-1 md:mt-0 md:hidden\">\n<div class=\"flex aspect-video items-center justify-center\">\n                                            <img decoding=\"async\" class=\"m-0 max-h-full max-w-full rounded-md\" src=\"https:\/\/vieassociative.be\/actualites\/wp-content\/uploads\/2025\/10\/Cette-alternative-GoPro-est-actuellement-a-21-de-reduction.jpg\" alt=\"DJI Osmo Action 5 Pro (Combo essentiel)\" width=\"auto\" height=\"auto\" loading=\"lazy\">\n                                    <\/div>\n<\/p><\/div>\n<div class=\"order-2 ml-2 hidden w-32 shrink-0 items-center md:order-1 md:ml-0 md:flex\">\n<div class=\"flex aspect-video items-center justify-center\">\n                                            <img decoding=\"async\" class=\"m-0 max-h-full max-w-full rounded-md\" src=\"https:\/\/vieassociative.be\/actualites\/wp-content\/uploads\/2025\/10\/Cette-alternative-GoPro-est-actuellement-a-21-de-reduction.jpg\" alt=\"DJI Osmo Action 5 Pro (Combo essentiel)\" width=\"auto\" height=\"auto\" loading=\"lazy\">\n                                    <\/div>\n<\/p><\/div>\n<div class=\"order-3 flex grow flex-wrap md:hidden md:grow-0\">\n<div class=\"mt-4 w-full\">\n                        <button class=\"flex justify-center items-center w-full bg-brand-green text-white text-base font-sans font-medium rounded-md hover:bg-brand-green-700 hover:cursor-pointer md:text-sm h-11\"><\/p>\n<p>    Obtenez une offre<br \/>\n<\/button>\n                    <\/div>\n<div class=\"mx-2 mt-4 w-full\">\n<div class=\" font-sans leading-4 text-black\">\n<div class=\"flex flex-wrap items-center justify-center gap-1 md:justify-start\">\n        <span class=\"font-bold\"><\/p>\n<p>            269,00\u00a0$<br \/>\n                            <span class=\"font-medium\">chez Amazon<\/span><br \/>\n                    <\/span>\n            <\/div>\n<div class=\"flex items-center justify-center gap-x-1 font-bold md:justify-start\">\n            <span class=\"text-sm line-through\">339,00\u00a0$<\/span><br \/>\n            <span class=\"text-sm text-brand-green\">\u00c9conomisez 70,00\u00a0$<\/span>\n        <\/div>\n<\/p><\/div>\n<\/p><\/div>\n<\/p><\/div>\n<\/p><\/div>\n<\/div>\n<p>Cette cam\u00e9ra d&rsquo;action est une cam\u00e9ra robuste et \u00e9tanche (jusqu&rsquo;\u00e0 65,6 pieds) que vous pouvez monter pratiquement n&rsquo;importe o\u00f9. Il dispose d&rsquo;une vid\u00e9o 4K120 10 bits et, \u00e0 5,2 onces, il est l\u00e9ger mais puissant, avec deux \u00e9crans tactiles et plusieurs options de champ de vision, y compris un r\u00e9glage ultra-large sans distorsion. Il enregistre \u00e9galement des vid\u00e9os verticales, avec des outils cr\u00e9atifs tels que le time-lapse, le ralenti et un mode de suivi qui maintient les sujets centr\u00e9s. Son syst\u00e8me de stabilisation num\u00e9rique, RockSteady, assure la fluidit\u00e9 des choses et, m\u00eame s&rsquo;il peut l\u00e9g\u00e8rement r\u00e9tr\u00e9cir la vue de l&rsquo;objectif, l&rsquo;angle extra-large de 155 degr\u00e9s permet toujours une couverture immersive. Par rapport \u00e0 son pr\u00e9d\u00e9cesseur, il dispose d&rsquo;un nouveau capteur d&rsquo;image avec des pixels plus gros, d&rsquo;un processeur plus efficace, de panneaux OLED tactiles sur les deux \u00e9crans et d&rsquo;une batterie plus grosse.<\/p>\n<p>Selon PCMag, qui lui a attribu\u00e9 la note \u00ab\u00a0Exceptionnel\u00a0\u00bb, la dur\u00e9e de vie de sa batterie d\u00e9passe les autres cam\u00e9ras d&rsquo;action. Sa batterie de 1 950 mAh utilise une architecture 4 nm pour son processeur d&rsquo;image. Bien qu&rsquo;elle pr\u00e9tende fournir jusqu&rsquo;\u00e0 quatre heures de prise de vue en continu, le testeur PCMag a constat\u00e9 qu&rsquo;elle dure 26 minutes en 4K60, 154 minutes en 4K30 et 182 minutes en 1080p30 sans surchauffe, alors que la GoPro Hero13 n&rsquo;a fonctionn\u00e9 qu&rsquo;environ une demi-heure avant de surchauffer et n&rsquo;a fourni que 80 minutes en 4K30.<\/p>\n<p>Bien que les fonctionnalit\u00e9s de l&rsquo;application et les options d&rsquo;objectif ne soient pas aussi puissantes ou vari\u00e9es que celles de GoPro, si vous recherchez une cam\u00e9ra d&rsquo;action avec la meilleure autonomie de batterie de sa cat\u00e9gorie, une forte stabilisation num\u00e9rique et la possibilit\u00e9 d&rsquo;enregistrer en continu sans surchauffe, la DJI Osmo Action 5 Pro (Essential Combo) est une centrale durable qui rivalise avec des concurrents comme le Hero13. Et \u00e0 un prix inf\u00e9rieur \u00e0 300 $, cela en vaut vraiment la peine.<\/p>\n","protected":false},"excerpt":{"rendered":"<p>Une cam\u00e9ra d&rsquo;action \u00e9tanche avec une autonomie impressionnante qui rivalise avec GoPro. Saviez-vous que vous pouvez personnaliser Google pour filtrer les d\u00e9chets\u00a0? Suivez ces \u00e9tapes<\/p>\n","protected":false},"author":1,"featured_media":10680,"comment_status":"","ping_status":"","sticky":false,"template":"","format":"standard","meta":{"footnotes":""},"categories":[13],"tags":[19,1126,206,76,3818,308],"class_list":["post-10679","post","type-post","status-publish","format-standard","has-post-thumbnail","hentry","category-technologie","tag-actuellement","tag-alternative","tag-cette","tag-est","tag-gopro","tag-reduction","generate-columns","tablet-grid-50","mobile-grid-100","grid-parent","grid-33"],"yoast_head":"<!-- This site is optimized with the Yoast SEO plugin v24.0 - https:\/\/yoast.com\/wordpress\/plugins\/seo\/ -->\n<title>Cette alternative GoPro est actuellement \u00e0 21\u00a0% de r\u00e9duction | Vie Associative<\/title>\n<meta name=\"robots\" content=\"index, follow, max-snippet:-1, max-image-preview:large, max-video-preview:-1\" \/>\n<link rel=\"canonical\" href=\"https:\/\/vieassociative.be\/actualites\/cette-alternative-gopro-est-actuellement-a-21-de-reduction\/\" \/>\n<meta property=\"og:locale\" content=\"fr_FR\" \/>\n<meta property=\"og:type\" content=\"article\" \/>\n<meta property=\"og:title\" content=\"Cette alternative GoPro est actuellement \u00e0 21\u00a0% de r\u00e9duction | Vie Associative\" \/>\n<meta property=\"og:description\" content=\"Une cam\u00e9ra d&rsquo;action \u00e9tanche avec une autonomie impressionnante qui rivalise avec GoPro. Saviez-vous que vous pouvez personnaliser Google pour filtrer les d\u00e9chets\u00a0? Suivez ces \u00e9tapes\" \/>\n<meta property=\"og:url\" content=\"https:\/\/vieassociative.be\/actualites\/cette-alternative-gopro-est-actuellement-a-21-de-reduction\/\" \/>\n<meta property=\"og:site_name\" content=\"Vie Associative\" \/>\n<meta property=\"article:published_time\" content=\"2025-10-15T07:17:31+00:00\" \/>\n<meta property=\"og:image\" content=\"https:\/\/vieassociative.be\/actualites\/wp-content\/uploads\/2025\/10\/Cette-alternative-GoPro-est-actuellement-a-21-de-reduction.jpg\" \/>\n<meta name=\"author\" content=\"Julien\" \/>\n<meta name=\"twitter:card\" content=\"summary_large_image\" \/>\n<meta name=\"twitter:label1\" content=\"\u00c9crit par\" \/>\n\t<meta name=\"twitter:data1\" content=\"Julien\" \/>\n\t<meta name=\"twitter:label2\" content=\"Dur\u00e9e de lecture est.\" \/>\n\t<meta name=\"twitter:data2\" content=\"2 minutes\" \/>\n<script type=\"application\/ld+json\" class=\"yoast-schema-graph\">{\"@context\":\"https:\/\/schema.org\",\"@graph\":[{\"@type\":\"Article\",\"@id\":\"https:\/\/vieassociative.be\/actualites\/cette-alternative-gopro-est-actuellement-a-21-de-reduction\/#article\",\"isPartOf\":{\"@id\":\"https:\/\/vieassociative.be\/actualites\/cette-alternative-gopro-est-actuellement-a-21-de-reduction\/\"},\"author\":{\"name\":\"Julien\",\"@id\":\"https:\/\/vieassociative.be\/actualites\/#\/schema\/person\/b87ac4f82f9d4e7b7cec7395b679edc4\"},\"headline\":\"Cette alternative GoPro est actuellement \u00e0 21\u00a0% de r\u00e9duction\",\"datePublished\":\"2025-10-15T07:17:31+00:00\",\"dateModified\":\"2025-10-15T07:17:31+00:00\",\"mainEntityOfPage\":{\"@id\":\"https:\/\/vieassociative.be\/actualites\/cette-alternative-gopro-est-actuellement-a-21-de-reduction\/\"},\"wordCount\":498,\"publisher\":{\"@id\":\"https:\/\/vieassociative.be\/actualites\/#organization\"},\"image\":{\"@id\":\"https:\/\/vieassociative.be\/actualites\/cette-alternative-gopro-est-actuellement-a-21-de-reduction\/#primaryimage\"},\"thumbnailUrl\":\"https:\/\/vieassociative.be\/actualites\/wp-content\/uploads\/2025\/10\/Cette-alternative-GoPro-est-actuellement-a-21-de-reduction.png\",\"keywords\":[\"actuellement\",\"alternative\",\"cette\",\"est\",\"GoPro\",\"r\u00e9duction\"],\"articleSection\":[\"Technologie\"],\"inLanguage\":\"fr-BE\"},{\"@type\":\"WebPage\",\"@id\":\"https:\/\/vieassociative.be\/actualites\/cette-alternative-gopro-est-actuellement-a-21-de-reduction\/\",\"url\":\"https:\/\/vieassociative.be\/actualites\/cette-alternative-gopro-est-actuellement-a-21-de-reduction\/\",\"name\":\"Cette alternative GoPro est actuellement \u00e0 21\u00a0% de r\u00e9duction | Vie Associative\",\"isPartOf\":{\"@id\":\"https:\/\/vieassociative.be\/actualites\/#website\"},\"primaryImageOfPage\":{\"@id\":\"https:\/\/vieassociative.be\/actualites\/cette-alternative-gopro-est-actuellement-a-21-de-reduction\/#primaryimage\"},\"image\":{\"@id\":\"https:\/\/vieassociative.be\/actualites\/cette-alternative-gopro-est-actuellement-a-21-de-reduction\/#primaryimage\"},\"thumbnailUrl\":\"https:\/\/vieassociative.be\/actualites\/wp-content\/uploads\/2025\/10\/Cette-alternative-GoPro-est-actuellement-a-21-de-reduction.png\",\"datePublished\":\"2025-10-15T07:17:31+00:00\",\"dateModified\":\"2025-10-15T07:17:31+00:00\",\"breadcrumb\":{\"@id\":\"https:\/\/vieassociative.be\/actualites\/cette-alternative-gopro-est-actuellement-a-21-de-reduction\/#breadcrumb\"},\"inLanguage\":\"fr-BE\",\"potentialAction\":[{\"@type\":\"ReadAction\",\"target\":[\"https:\/\/vieassociative.be\/actualites\/cette-alternative-gopro-est-actuellement-a-21-de-reduction\/\"]}]},{\"@type\":\"ImageObject\",\"inLanguage\":\"fr-BE\",\"@id\":\"https:\/\/vieassociative.be\/actualites\/cette-alternative-gopro-est-actuellement-a-21-de-reduction\/#primaryimage\",\"url\":\"https:\/\/vieassociative.be\/actualites\/wp-content\/uploads\/2025\/10\/Cette-alternative-GoPro-est-actuellement-a-21-de-reduction.png\",\"contentUrl\":\"https:\/\/vieassociative.be\/actualites\/wp-content\/uploads\/2025\/10\/Cette-alternative-GoPro-est-actuellement-a-21-de-reduction.png\",\"width\":1200,\"height\":675,\"caption\":\"Cette alternative GoPro est actuellement \u00e0 21\u00a0% de r\u00e9duction\"},{\"@type\":\"BreadcrumbList\",\"@id\":\"https:\/\/vieassociative.be\/actualites\/cette-alternative-gopro-est-actuellement-a-21-de-reduction\/#breadcrumb\",\"itemListElement\":[{\"@type\":\"ListItem\",\"position\":1,\"name\":\"Accueil\",\"item\":\"https:\/\/vieassociative.be\/actualites\/\"},{\"@type\":\"ListItem\",\"position\":2,\"name\":\"Cette alternative GoPro est actuellement \u00e0 21\u00a0% de r\u00e9duction\"}]},{\"@type\":\"WebSite\",\"@id\":\"https:\/\/vieassociative.be\/actualites\/#website\",\"url\":\"https:\/\/vieassociative.be\/actualites\/\",\"name\":\"Vie Associative\",\"description\":\"\",\"publisher\":{\"@id\":\"https:\/\/vieassociative.be\/actualites\/#organization\"},\"potentialAction\":[{\"@type\":\"SearchAction\",\"target\":{\"@type\":\"EntryPoint\",\"urlTemplate\":\"https:\/\/vieassociative.be\/actualites\/?s={search_term_string}\"},\"query-input\":{\"@type\":\"PropertyValueSpecification\",\"valueRequired\":true,\"valueName\":\"search_term_string\"}}],\"inLanguage\":\"fr-BE\"},{\"@type\":\"Organization\",\"@id\":\"https:\/\/vieassociative.be\/actualites\/#organization\",\"name\":\"Vie Associative\",\"url\":\"https:\/\/vieassociative.be\/actualites\/\",\"logo\":{\"@type\":\"ImageObject\",\"inLanguage\":\"fr-BE\",\"@id\":\"https:\/\/vieassociative.be\/actualites\/#\/schema\/logo\/image\/\",\"url\":\"https:\/\/vieassociative.be\/actualites\/wp-content\/uploads\/2024\/09\/cropped-vieassociative_favicon.ico.png\",\"contentUrl\":\"https:\/\/vieassociative.be\/actualites\/wp-content\/uploads\/2024\/09\/cropped-vieassociative_favicon.ico.png\",\"width\":512,\"height\":512,\"caption\":\"Vie Associative\"},\"image\":{\"@id\":\"https:\/\/vieassociative.be\/actualites\/#\/schema\/logo\/image\/\"}},{\"@type\":\"Person\",\"@id\":\"https:\/\/vieassociative.be\/actualites\/#\/schema\/person\/b87ac4f82f9d4e7b7cec7395b679edc4\",\"name\":\"Julien\",\"image\":{\"@type\":\"ImageObject\",\"inLanguage\":\"fr-BE\",\"@id\":\"https:\/\/vieassociative.be\/actualites\/#\/schema\/person\/image\/\",\"url\":\"https:\/\/vieassociative.be\/actualites\/wp-content\/uploads\/2024\/09\/vie-associative-1-150x150.jpg\",\"contentUrl\":\"https:\/\/vieassociative.be\/actualites\/wp-content\/uploads\/2024\/09\/vie-associative-1-150x150.jpg\",\"caption\":\"Julien\"},\"description\":\"Je suis Julien, r\u00e9dacteur pour Vie Associative. Passionn\u00e9 par le monde associatif depuis plus de 10 ans, j'ai \u00e0 c\u0153ur de partager des histoires inspirantes et de mettre en lumi\u00e8re les initiatives locales. Mon objectif est de sensibiliser et d'encourager l'engagement communautaire \u00e0 travers mes articles.\",\"sameAs\":[\"https:\/\/vieassociative.be\/\"]}]}<\/script>\n<!-- \/ Yoast SEO plugin. -->","yoast_head_json":{"title":"Cette alternative GoPro est actuellement \u00e0 21\u00a0% de r\u00e9duction | Vie Associative","robots":{"index":"index","follow":"follow","max-snippet":"max-snippet:-1","max-image-preview":"max-image-preview:large","max-video-preview":"max-video-preview:-1"},"canonical":"https:\/\/vieassociative.be\/actualites\/cette-alternative-gopro-est-actuellement-a-21-de-reduction\/","og_locale":"fr_FR","og_type":"article","og_title":"Cette alternative GoPro est actuellement \u00e0 21\u00a0% de r\u00e9duction | Vie Associative","og_description":"Une cam\u00e9ra d&rsquo;action \u00e9tanche avec une autonomie impressionnante qui rivalise avec GoPro. Saviez-vous que vous pouvez personnaliser Google pour filtrer les d\u00e9chets\u00a0? Suivez ces \u00e9tapes","og_url":"https:\/\/vieassociative.be\/actualites\/cette-alternative-gopro-est-actuellement-a-21-de-reduction\/","og_site_name":"Vie Associative","article_published_time":"2025-10-15T07:17:31+00:00","og_image":[{"url":"https:\/\/vieassociative.be\/actualites\/wp-content\/uploads\/2025\/10\/Cette-alternative-GoPro-est-actuellement-a-21-de-reduction.jpg","type":"","width":"","height":""}],"author":"Julien","twitter_card":"summary_large_image","twitter_misc":{"\u00c9crit par":"Julien","Dur\u00e9e de lecture est.":"2 minutes"},"schema":{"@context":"https:\/\/schema.org","@graph":[{"@type":"Article","@id":"https:\/\/vieassociative.be\/actualites\/cette-alternative-gopro-est-actuellement-a-21-de-reduction\/#article","isPartOf":{"@id":"https:\/\/vieassociative.be\/actualites\/cette-alternative-gopro-est-actuellement-a-21-de-reduction\/"},"author":{"name":"Julien","@id":"https:\/\/vieassociative.be\/actualites\/#\/schema\/person\/b87ac4f82f9d4e7b7cec7395b679edc4"},"headline":"Cette alternative GoPro est actuellement \u00e0 21\u00a0% de r\u00e9duction","datePublished":"2025-10-15T07:17:31+00:00","dateModified":"2025-10-15T07:17:31+00:00","mainEntityOfPage":{"@id":"https:\/\/vieassociative.be\/actualites\/cette-alternative-gopro-est-actuellement-a-21-de-reduction\/"},"wordCount":498,"publisher":{"@id":"https:\/\/vieassociative.be\/actualites\/#organization"},"image":{"@id":"https:\/\/vieassociative.be\/actualites\/cette-alternative-gopro-est-actuellement-a-21-de-reduction\/#primaryimage"},"thumbnailUrl":"https:\/\/vieassociative.be\/actualites\/wp-content\/uploads\/2025\/10\/Cette-alternative-GoPro-est-actuellement-a-21-de-reduction.png","keywords":["actuellement","alternative","cette","est","GoPro","r\u00e9duction"],"articleSection":["Technologie"],"inLanguage":"fr-BE"},{"@type":"WebPage","@id":"https:\/\/vieassociative.be\/actualites\/cette-alternative-gopro-est-actuellement-a-21-de-reduction\/","url":"https:\/\/vieassociative.be\/actualites\/cette-alternative-gopro-est-actuellement-a-21-de-reduction\/","name":"Cette alternative GoPro est actuellement \u00e0 21\u00a0% de r\u00e9duction | Vie Associative","isPartOf":{"@id":"https:\/\/vieassociative.be\/actualites\/#website"},"primaryImageOfPage":{"@id":"https:\/\/vieassociative.be\/actualites\/cette-alternative-gopro-est-actuellement-a-21-de-reduction\/#primaryimage"},"image":{"@id":"https:\/\/vieassociative.be\/actualites\/cette-alternative-gopro-est-actuellement-a-21-de-reduction\/#primaryimage"},"thumbnailUrl":"https:\/\/vieassociative.be\/actualites\/wp-content\/uploads\/2025\/10\/Cette-alternative-GoPro-est-actuellement-a-21-de-reduction.png","datePublished":"2025-10-15T07:17:31+00:00","dateModified":"2025-10-15T07:17:31+00:00","breadcrumb":{"@id":"https:\/\/vieassociative.be\/actualites\/cette-alternative-gopro-est-actuellement-a-21-de-reduction\/#breadcrumb"},"inLanguage":"fr-BE","potentialAction":[{"@type":"ReadAction","target":["https:\/\/vieassociative.be\/actualites\/cette-alternative-gopro-est-actuellement-a-21-de-reduction\/"]}]},{"@type":"ImageObject","inLanguage":"fr-BE","@id":"https:\/\/vieassociative.be\/actualites\/cette-alternative-gopro-est-actuellement-a-21-de-reduction\/#primaryimage","url":"https:\/\/vieassociative.be\/actualites\/wp-content\/uploads\/2025\/10\/Cette-alternative-GoPro-est-actuellement-a-21-de-reduction.png","contentUrl":"https:\/\/vieassociative.be\/actualites\/wp-content\/uploads\/2025\/10\/Cette-alternative-GoPro-est-actuellement-a-21-de-reduction.png","width":1200,"height":675,"caption":"Cette alternative GoPro est actuellement \u00e0 21\u00a0% de r\u00e9duction"},{"@type":"BreadcrumbList","@id":"https:\/\/vieassociative.be\/actualites\/cette-alternative-gopro-est-actuellement-a-21-de-reduction\/#breadcrumb","itemListElement":[{"@type":"ListItem","position":1,"name":"Accueil","item":"https:\/\/vieassociative.be\/actualites\/"},{"@type":"ListItem","position":2,"name":"Cette alternative GoPro est actuellement \u00e0 21\u00a0% de r\u00e9duction"}]},{"@type":"WebSite","@id":"https:\/\/vieassociative.be\/actualites\/#website","url":"https:\/\/vieassociative.be\/actualites\/","name":"Vie Associative","description":"","publisher":{"@id":"https:\/\/vieassociative.be\/actualites\/#organization"},"potentialAction":[{"@type":"SearchAction","target":{"@type":"EntryPoint","urlTemplate":"https:\/\/vieassociative.be\/actualites\/?s={search_term_string}"},"query-input":{"@type":"PropertyValueSpecification","valueRequired":true,"valueName":"search_term_string"}}],"inLanguage":"fr-BE"},{"@type":"Organization","@id":"https:\/\/vieassociative.be\/actualites\/#organization","name":"Vie Associative","url":"https:\/\/vieassociative.be\/actualites\/","logo":{"@type":"ImageObject","inLanguage":"fr-BE","@id":"https:\/\/vieassociative.be\/actualites\/#\/schema\/logo\/image\/","url":"https:\/\/vieassociative.be\/actualites\/wp-content\/uploads\/2024\/09\/cropped-vieassociative_favicon.ico.png","contentUrl":"https:\/\/vieassociative.be\/actualites\/wp-content\/uploads\/2024\/09\/cropped-vieassociative_favicon.ico.png","width":512,"height":512,"caption":"Vie Associative"},"image":{"@id":"https:\/\/vieassociative.be\/actualites\/#\/schema\/logo\/image\/"}},{"@type":"Person","@id":"https:\/\/vieassociative.be\/actualites\/#\/schema\/person\/b87ac4f82f9d4e7b7cec7395b679edc4","name":"Julien","image":{"@type":"ImageObject","inLanguage":"fr-BE","@id":"https:\/\/vieassociative.be\/actualites\/#\/schema\/person\/image\/","url":"https:\/\/vieassociative.be\/actualites\/wp-content\/uploads\/2024\/09\/vie-associative-1-150x150.jpg","contentUrl":"https:\/\/vieassociative.be\/actualites\/wp-content\/uploads\/2024\/09\/vie-associative-1-150x150.jpg","caption":"Julien"},"description":"Je suis Julien, r\u00e9dacteur pour Vie Associative. Passionn\u00e9 par le monde associatif depuis plus de 10 ans, j'ai \u00e0 c\u0153ur de partager des histoires inspirantes et de mettre en lumi\u00e8re les initiatives locales. Mon objectif est de sensibiliser et d'encourager l'engagement communautaire \u00e0 travers mes articles.","sameAs":["https:\/\/vieassociative.be\/"]}]}},"_links":{"self":[{"href":"https:\/\/vieassociative.be\/actualites\/wp-json\/wp\/v2\/posts\/10679"}],"collection":[{"href":"https:\/\/vieassociative.be\/actualites\/wp-json\/wp\/v2\/posts"}],"about":[{"href":"https:\/\/vieassociative.be\/actualites\/wp-json\/wp\/v2\/types\/post"}],"author":[{"embeddable":true,"href":"https:\/\/vieassociative.be\/actualites\/wp-json\/wp\/v2\/users\/1"}],"replies":[{"embeddable":true,"href":"https:\/\/vieassociative.be\/actualites\/wp-json\/wp\/v2\/comments?post=10679"}],"version-history":[{"count":0,"href":"https:\/\/vieassociative.be\/actualites\/wp-json\/wp\/v2\/posts\/10679\/revisions"}],"wp:featuredmedia":[{"embeddable":true,"href":"https:\/\/vieassociative.be\/actualites\/wp-json\/wp\/v2\/media\/10680"}],"wp:attachment":[{"href":"https:\/\/vieassociative.be\/actualites\/wp-json\/wp\/v2\/media?parent=10679"}],"wp:term":[{"taxonomy":"category","embeddable":true,"href":"https:\/\/vieassociative.be\/actualites\/wp-json\/wp\/v2\/categories?post=10679"},{"taxonomy":"post_tag","embeddable":true,"href":"https:\/\/vieassociative.be\/actualites\/wp-json\/wp\/v2\/tags?post=10679"}],"curies":[{"name":"wp","href":"https:\/\/api.w.org\/{rel}","templated":true}]}}