{"id":10677,"date":"2025-10-15T07:17:00","date_gmt":"2025-10-15T05:17:00","guid":{"rendered":"https:\/\/vieassociative.be\/actualites\/vous-pouvez-egalement-utiliser-des-objectifs-de-productivite-smart-pour-etudier\/"},"modified":"2025-10-15T07:17:00","modified_gmt":"2025-10-15T05:17:00","slug":"vous-pouvez-egalement-utiliser-des-objectifs-de-productivite-smart-pour-etudier","status":"publish","type":"post","link":"https:\/\/vieassociative.be\/actualites\/vous-pouvez-egalement-utiliser-des-objectifs-de-productivite-smart-pour-etudier\/","title":{"rendered":"Vous pouvez \u00e9galement utiliser des objectifs de productivit\u00e9 \u00ab\u00a0SMART\u00a0\u00bb pour \u00e9tudier"},"content":{"rendered":"<div class=\"mt-4 leading-6 md:mb-8\">Les objectifs SMART ne visent pas seulement \u00e0 am\u00e9liorer votre productivit\u00e9 dans le monde du travail.<\/div>\n<p><\/p>\n<p><em>Saviez-vous que vous pouvez personnaliser Google pour filtrer les d\u00e9chets\u00a0? Suivez ces \u00e9tapes<\/em><em> pour de meilleurs r\u00e9sultats de recherche, notamment en ajoutant Vie Associative comme source privil\u00e9gi\u00e9e d&rsquo;actualit\u00e9s technologiques<\/em><em>.<\/em><\/p>\n<hr>\n<p>Si vous travaillez dans le monde de l&rsquo;entreprise, vous avez certainement entendu parler des objectifs SMART, qui visent \u00e0 vous aider \u00e0 mieux travailler avec votre \u00e9quipe et \u00e0 \u00eatre plus productif. De m\u00eame, vous en avez peut-\u00eatre entendu parler dans l&rsquo;espace fitness, car ils sont couramment utilis\u00e9s dans le cadre de plans d&rsquo;entra\u00eenement personnels gr\u00e2ce \u00e0 leur sp\u00e9cificit\u00e9 et leur rigidit\u00e9. Mais le syst\u00e8me SMART est utile pour toutes sortes de t\u00e2ches, surtout si vous \u00eates \u00e9tudiant. Voici quelques conseils pour utiliser les objectifs SMART lorsque vous \u00e9tudiez.<\/p>\n<h2 id=\"what-are-smart-goals\">Quels sont les objectifs SMART\u00a0?<\/h2>\n<p>Les objectifs SMART ne sont pas seulement de bonnes id\u00e9es, enfin, intelligentes. C&rsquo;est en fait un acronyme :<\/p>\n<div class=\"mx-auto mb-12 mt-5 w-full max-w-3xl rounded-md border-2 border-gray-100 p-3 shadow-md md:px-7 md:pb-7 md:pt-5\" id=\"related-video\">\n<div class=\"mb-3 flex items-center md:mb-5\">\n        <img decoding=\"async\" class=\"mr-4 mt-0 h-10 w-10 md:mr-5 md:h-12 md:w-12\" src=\"https:\/\/vieassociative.be\/actualites\/wp-content\/uploads\/2025\/09\/1757726237_608_Meta-pourrait-devoiler-une-montre-intelligente-pour-controler-ses-lunettes.jpg\" alt=\"Logo du pirate de la vie\"><\/p><\/div>\n<div class=\"aspect-video w-full overflow-hidden rounded-md\">\n<div id=\"video-container-01K7K456YDRW9XEAQ03BDFHGY8\"><\/div>\n<\/p><\/div>\n<\/div>\n<ul>\n<li>\n<p><strong>S<\/strong>sp\u00e9cifique<\/p>\n<\/li>\n<li>\n<p><strong>M<\/strong>r\u00e9alisable<\/p>\n<\/li>\n<li>\n<p><strong>UN<\/strong>r\u00e9alisable<\/p>\n<\/li>\n<li>\n<p><strong>R.<\/strong>pertinent<\/p>\n<\/li>\n<li>\n<p><strong>T<\/strong>li\u00e9 au temps<\/p>\n<\/li>\n<\/ul>\n<p>L&rsquo;id\u00e9e est venue du consultant en affaires George T. Doran en 1981, lorsqu&rsquo;il a \u00e9crit dans <em>Examen de la direction<\/em> pour critiquer la mauvaise d\u00e9finition des objectifs qu&rsquo;il a rencontr\u00e9 dans de nombreuses entreprises. (Dans son plan original, le \u00ab A \u00bb signifiait \u00ab attribuable \u00bb, mais avec le temps, \u00ab r\u00e9alisable \u00bb s&rsquo;est impos\u00e9 comme la d\u00e9signation incontournable.)<\/p>\n<p>Lorsque vous utilisez le syst\u00e8me SMART, tous vos objectifs doivent correspondre aux cinq \u00e9l\u00e9ments de l&rsquo;acronyme.<\/p>\n<h2 id=\"how-to-use-smart-goals-to-study-more-effectively\">Comment utiliser les objectifs SMART pour \u00e9tudier plus efficacement <\/h2>\n<p>Le processus commence par la r\u00e9daction d&rsquo;un \u00e9nonc\u00e9 d&rsquo;objectif qui reprend tous les \u00e9l\u00e9ments de l&rsquo;acronyme SMART. Voici un exemple\u00a0: disons que vous avez un test de statistiques la semaine prochaine et que vous avez obtenu un C au dernier. Vous pouvez \u00e9crire\u00a0:\u00a0\u00ab\u00a0Mon objectif est d\u2019obtenir un B+ ou plus \u00e0 l\u2019examen en \u00e9tudiant pendant une heure chaque soir \u00e0 partir de maintenant jusqu\u2019\u00e0 la date de l\u2019examen.\u00a0\u00bb <\/p>\n<p>C&rsquo;est sp\u00e9cifique, car vous d\u00e9finissez non seulement la note exacte que vous souhaitez obtenir, mais \u00e9galement les \u00e9tapes \u00e0 suivre pour l&rsquo;obtenir. C&rsquo;est mesurable, car vous pourrez voir si vous avez atteint l&rsquo;objectif d\u00e8s que votre test sera not\u00e9. C&rsquo;est r\u00e9alisable, car c&rsquo;est juste une note de plus d&rsquo;une lettre que celle que vous avez obtenue la derni\u00e8re fois, donc ce n&rsquo;est pas aussi ambitieux que de viser un A+. C&rsquo;est pertinent, car il s&rsquo;agit d&rsquo;un examen \u00e0 venir, pas d&rsquo;un vague plan pour votre note de fin de semestre. Enfin, c&rsquo;est limit\u00e9 dans le temps, car vous vous basez sur une date imminente et faites un plan pour tous les jours d&rsquo;ici l\u00e0.<\/p>\n<p>Vous pouvez voir en quoi cela diff\u00e8re de \u00ab Mon objectif est d&rsquo;obtenir un A dans cette classe \u00bb ou m\u00eame \u00ab Mon objectif est d&rsquo;obtenir un B au prochain test \u00bb. Les objectifs SMART d\u00e9taillent tous les \u00e9l\u00e9ments n\u00e9cessaires qui contribueront \u00e0 votre r\u00e9ussite. Ils ne laissent pas de marge de man\u0153uvre ni d&rsquo;espace pour les excuses, car ils sont chronom\u00e9tr\u00e9s, ils sont exploitables et ils sont r\u00e9alistes. Plus vous planifiez loin ou plus votre objectif est \u00e9lev\u00e9, plus il est facile de le pousser sur le c\u00f4t\u00e9. Un objectif SMART vous permet de rester concentr\u00e9 et de respecter un calendrier. <\/p>\n<p>Lorsque vous \u00e9tudiez selon un horaire, vous avez besoin d&rsquo;un plan qui s&rsquo;y adapte. Essayez les flashcards utilisant le syst\u00e8me Leitner et la r\u00e9p\u00e9tition espac\u00e9e, deux approches d&rsquo;\u00e9tude qui reposent sur une planification stricte entre maintenant et la date \u00e0 laquelle vous avez besoin de savoir quelque chose. Ce sont des m\u00e9thodes pr\u00e9cieuses car, en espa\u00e7ant le temps entre les s\u00e9ances d\u2019\u00e9tude, elles vous obligent \u00e0 utiliser le rappel actif pour r\u00e9cup\u00e9rer des informations dans votre m\u00e9moire. Ils sont le compl\u00e9ment parfait \u00e0 un objectif SMART. <\/p>\n<p>Enfin, notez vos objectifs SMART. L&rsquo;\u00e9criture manuscrite est toujours recommand\u00e9e, car elle vous aide \u00e0 vous souvenir des choses, mais vous pouvez les noter partout o\u00f9 vous pourriez les voir, comme dans un dossier de devoirs ou \u00e0 proximit\u00e9 de votre espace de travail. Des rappels constants vous aident \u00e0 rester sur la bonne voie avec ce que vous devez faire. <\/p>\n","protected":false},"excerpt":{"rendered":"<p>Les objectifs SMART ne visent pas seulement \u00e0 am\u00e9liorer votre productivit\u00e9 dans le monde du travail. Saviez-vous que vous pouvez personnaliser Google pour filtrer les<\/p>\n","protected":false},"author":1,"featured_media":10678,"comment_status":"","ping_status":"","sticky":false,"template":"","format":"standard","meta":{"footnotes":""},"categories":[37],"tags":[29,172,82,4396,81,5,737,4246,239,4],"class_list":["post-10677","post","type-post","status-publish","format-standard","has-post-thumbnail","hentry","category-famille","tag-des","tag-egalement","tag-etudier","tag-objectifs","tag-pour","tag-pouvez","tag-productivite","tag-smart","tag-utiliser","tag-vous","generate-columns","tablet-grid-50","mobile-grid-100","grid-parent","grid-33"],"yoast_head":"<!-- This site is optimized with the Yoast SEO plugin v24.0 - https:\/\/yoast.com\/wordpress\/plugins\/seo\/ -->\n<title>Vous pouvez \u00e9galement utiliser des objectifs de productivit\u00e9 \u00ab\u00a0SMART\u00a0\u00bb pour \u00e9tudier | Vie Associative<\/title>\n<meta name=\"robots\" content=\"index, follow, max-snippet:-1, max-image-preview:large, max-video-preview:-1\" \/>\n<link rel=\"canonical\" href=\"https:\/\/vieassociative.be\/actualites\/vous-pouvez-egalement-utiliser-des-objectifs-de-productivite-smart-pour-etudier\/\" \/>\n<meta property=\"og:locale\" content=\"fr_FR\" \/>\n<meta property=\"og:type\" content=\"article\" \/>\n<meta property=\"og:title\" content=\"Vous pouvez \u00e9galement utiliser des objectifs de productivit\u00e9 \u00ab\u00a0SMART\u00a0\u00bb pour \u00e9tudier | Vie Associative\" \/>\n<meta property=\"og:description\" content=\"Les objectifs SMART ne visent pas seulement \u00e0 am\u00e9liorer votre productivit\u00e9 dans le monde du travail. Saviez-vous que vous pouvez personnaliser Google pour filtrer les\" \/>\n<meta property=\"og:url\" content=\"https:\/\/vieassociative.be\/actualites\/vous-pouvez-egalement-utiliser-des-objectifs-de-productivite-smart-pour-etudier\/\" \/>\n<meta property=\"og:site_name\" content=\"Vie Associative\" \/>\n<meta property=\"article:published_time\" content=\"2025-10-15T05:17:00+00:00\" \/>\n<meta property=\"og:image\" content=\"https:\/\/vieassociative.be\/actualites\/wp-content\/uploads\/2025\/09\/1757726237_608_Meta-pourrait-devoiler-une-montre-intelligente-pour-controler-ses-lunettes.jpg\" \/>\n<meta name=\"author\" content=\"Julien\" \/>\n<meta name=\"twitter:card\" content=\"summary_large_image\" \/>\n<meta name=\"twitter:label1\" content=\"\u00c9crit par\" \/>\n\t<meta name=\"twitter:data1\" content=\"Julien\" \/>\n\t<meta name=\"twitter:label2\" content=\"Dur\u00e9e de lecture est.\" \/>\n\t<meta name=\"twitter:data2\" content=\"4 minutes\" \/>\n<script type=\"application\/ld+json\" class=\"yoast-schema-graph\">{\"@context\":\"https:\/\/schema.org\",\"@graph\":[{\"@type\":\"Article\",\"@id\":\"https:\/\/vieassociative.be\/actualites\/vous-pouvez-egalement-utiliser-des-objectifs-de-productivite-smart-pour-etudier\/#article\",\"isPartOf\":{\"@id\":\"https:\/\/vieassociative.be\/actualites\/vous-pouvez-egalement-utiliser-des-objectifs-de-productivite-smart-pour-etudier\/\"},\"author\":{\"name\":\"Julien\",\"@id\":\"https:\/\/vieassociative.be\/actualites\/#\/schema\/person\/b87ac4f82f9d4e7b7cec7395b679edc4\"},\"headline\":\"Vous pouvez \u00e9galement utiliser des objectifs de productivit\u00e9 \u00ab\u00a0SMART\u00a0\u00bb pour \u00e9tudier\",\"datePublished\":\"2025-10-15T05:17:00+00:00\",\"dateModified\":\"2025-10-15T05:17:00+00:00\",\"mainEntityOfPage\":{\"@id\":\"https:\/\/vieassociative.be\/actualites\/vous-pouvez-egalement-utiliser-des-objectifs-de-productivite-smart-pour-etudier\/\"},\"wordCount\":757,\"publisher\":{\"@id\":\"https:\/\/vieassociative.be\/actualites\/#organization\"},\"image\":{\"@id\":\"https:\/\/vieassociative.be\/actualites\/vous-pouvez-egalement-utiliser-des-objectifs-de-productivite-smart-pour-etudier\/#primaryimage\"},\"thumbnailUrl\":\"https:\/\/vieassociative.be\/actualites\/wp-content\/uploads\/2025\/10\/Vous-pouvez-egalement-utiliser-des-objectifs-de-productivite-SMART-pour.jpg\",\"keywords\":[\"Des\",\"\u00e9galement\",\"\u00e9tudier\",\"objectifs\",\"pour\",\"pouvez\",\"productivit\u00e9\",\"Smart\",\"utiliser\",\"Vous\"],\"articleSection\":[\"Famille\"],\"inLanguage\":\"fr-BE\"},{\"@type\":\"WebPage\",\"@id\":\"https:\/\/vieassociative.be\/actualites\/vous-pouvez-egalement-utiliser-des-objectifs-de-productivite-smart-pour-etudier\/\",\"url\":\"https:\/\/vieassociative.be\/actualites\/vous-pouvez-egalement-utiliser-des-objectifs-de-productivite-smart-pour-etudier\/\",\"name\":\"Vous pouvez \u00e9galement utiliser des objectifs de productivit\u00e9 \u00ab\u00a0SMART\u00a0\u00bb pour \u00e9tudier | Vie Associative\",\"isPartOf\":{\"@id\":\"https:\/\/vieassociative.be\/actualites\/#website\"},\"primaryImageOfPage\":{\"@id\":\"https:\/\/vieassociative.be\/actualites\/vous-pouvez-egalement-utiliser-des-objectifs-de-productivite-smart-pour-etudier\/#primaryimage\"},\"image\":{\"@id\":\"https:\/\/vieassociative.be\/actualites\/vous-pouvez-egalement-utiliser-des-objectifs-de-productivite-smart-pour-etudier\/#primaryimage\"},\"thumbnailUrl\":\"https:\/\/vieassociative.be\/actualites\/wp-content\/uploads\/2025\/10\/Vous-pouvez-egalement-utiliser-des-objectifs-de-productivite-SMART-pour.jpg\",\"datePublished\":\"2025-10-15T05:17:00+00:00\",\"dateModified\":\"2025-10-15T05:17:00+00:00\",\"breadcrumb\":{\"@id\":\"https:\/\/vieassociative.be\/actualites\/vous-pouvez-egalement-utiliser-des-objectifs-de-productivite-smart-pour-etudier\/#breadcrumb\"},\"inLanguage\":\"fr-BE\",\"potentialAction\":[{\"@type\":\"ReadAction\",\"target\":[\"https:\/\/vieassociative.be\/actualites\/vous-pouvez-egalement-utiliser-des-objectifs-de-productivite-smart-pour-etudier\/\"]}]},{\"@type\":\"ImageObject\",\"inLanguage\":\"fr-BE\",\"@id\":\"https:\/\/vieassociative.be\/actualites\/vous-pouvez-egalement-utiliser-des-objectifs-de-productivite-smart-pour-etudier\/#primaryimage\",\"url\":\"https:\/\/vieassociative.be\/actualites\/wp-content\/uploads\/2025\/10\/Vous-pouvez-egalement-utiliser-des-objectifs-de-productivite-SMART-pour.jpg\",\"contentUrl\":\"https:\/\/vieassociative.be\/actualites\/wp-content\/uploads\/2025\/10\/Vous-pouvez-egalement-utiliser-des-objectifs-de-productivite-SMART-pour.jpg\",\"width\":1200,\"height\":675,\"caption\":\"Vous pouvez \u00e9galement utiliser des objectifs de productivit\u00e9 \u00ab\u00a0SMART\u00a0\u00bb pour \u00e9tudier\"},{\"@type\":\"BreadcrumbList\",\"@id\":\"https:\/\/vieassociative.be\/actualites\/vous-pouvez-egalement-utiliser-des-objectifs-de-productivite-smart-pour-etudier\/#breadcrumb\",\"itemListElement\":[{\"@type\":\"ListItem\",\"position\":1,\"name\":\"Accueil\",\"item\":\"https:\/\/vieassociative.be\/actualites\/\"},{\"@type\":\"ListItem\",\"position\":2,\"name\":\"Vous pouvez \u00e9galement utiliser des objectifs de productivit\u00e9 \u00ab\u00a0SMART\u00a0\u00bb pour \u00e9tudier\"}]},{\"@type\":\"WebSite\",\"@id\":\"https:\/\/vieassociative.be\/actualites\/#website\",\"url\":\"https:\/\/vieassociative.be\/actualites\/\",\"name\":\"Vie Associative\",\"description\":\"\",\"publisher\":{\"@id\":\"https:\/\/vieassociative.be\/actualites\/#organization\"},\"potentialAction\":[{\"@type\":\"SearchAction\",\"target\":{\"@type\":\"EntryPoint\",\"urlTemplate\":\"https:\/\/vieassociative.be\/actualites\/?s={search_term_string}\"},\"query-input\":{\"@type\":\"PropertyValueSpecification\",\"valueRequired\":true,\"valueName\":\"search_term_string\"}}],\"inLanguage\":\"fr-BE\"},{\"@type\":\"Organization\",\"@id\":\"https:\/\/vieassociative.be\/actualites\/#organization\",\"name\":\"Vie Associative\",\"url\":\"https:\/\/vieassociative.be\/actualites\/\",\"logo\":{\"@type\":\"ImageObject\",\"inLanguage\":\"fr-BE\",\"@id\":\"https:\/\/vieassociative.be\/actualites\/#\/schema\/logo\/image\/\",\"url\":\"https:\/\/vieassociative.be\/actualites\/wp-content\/uploads\/2024\/09\/cropped-vieassociative_favicon.ico.png\",\"contentUrl\":\"https:\/\/vieassociative.be\/actualites\/wp-content\/uploads\/2024\/09\/cropped-vieassociative_favicon.ico.png\",\"width\":512,\"height\":512,\"caption\":\"Vie Associative\"},\"image\":{\"@id\":\"https:\/\/vieassociative.be\/actualites\/#\/schema\/logo\/image\/\"}},{\"@type\":\"Person\",\"@id\":\"https:\/\/vieassociative.be\/actualites\/#\/schema\/person\/b87ac4f82f9d4e7b7cec7395b679edc4\",\"name\":\"Julien\",\"image\":{\"@type\":\"ImageObject\",\"inLanguage\":\"fr-BE\",\"@id\":\"https:\/\/vieassociative.be\/actualites\/#\/schema\/person\/image\/\",\"url\":\"https:\/\/vieassociative.be\/actualites\/wp-content\/uploads\/2024\/09\/vie-associative-1-150x150.jpg\",\"contentUrl\":\"https:\/\/vieassociative.be\/actualites\/wp-content\/uploads\/2024\/09\/vie-associative-1-150x150.jpg\",\"caption\":\"Julien\"},\"description\":\"Je suis Julien, r\u00e9dacteur pour Vie Associative. Passionn\u00e9 par le monde associatif depuis plus de 10 ans, j'ai \u00e0 c\u0153ur de partager des histoires inspirantes et de mettre en lumi\u00e8re les initiatives locales. Mon objectif est de sensibiliser et d'encourager l'engagement communautaire \u00e0 travers mes articles.\",\"sameAs\":[\"https:\/\/vieassociative.be\/\"]}]}<\/script>\n<!-- \/ Yoast SEO plugin. -->","yoast_head_json":{"title":"Vous pouvez \u00e9galement utiliser des objectifs de productivit\u00e9 \u00ab\u00a0SMART\u00a0\u00bb pour \u00e9tudier | Vie Associative","robots":{"index":"index","follow":"follow","max-snippet":"max-snippet:-1","max-image-preview":"max-image-preview:large","max-video-preview":"max-video-preview:-1"},"canonical":"https:\/\/vieassociative.be\/actualites\/vous-pouvez-egalement-utiliser-des-objectifs-de-productivite-smart-pour-etudier\/","og_locale":"fr_FR","og_type":"article","og_title":"Vous pouvez \u00e9galement utiliser des objectifs de productivit\u00e9 \u00ab\u00a0SMART\u00a0\u00bb pour \u00e9tudier | Vie Associative","og_description":"Les objectifs SMART ne visent pas seulement \u00e0 am\u00e9liorer votre productivit\u00e9 dans le monde du travail. Saviez-vous que vous pouvez personnaliser Google pour filtrer les","og_url":"https:\/\/vieassociative.be\/actualites\/vous-pouvez-egalement-utiliser-des-objectifs-de-productivite-smart-pour-etudier\/","og_site_name":"Vie Associative","article_published_time":"2025-10-15T05:17:00+00:00","og_image":[{"url":"https:\/\/vieassociative.be\/actualites\/wp-content\/uploads\/2025\/09\/1757726237_608_Meta-pourrait-devoiler-une-montre-intelligente-pour-controler-ses-lunettes.jpg","type":"","width":"","height":""}],"author":"Julien","twitter_card":"summary_large_image","twitter_misc":{"\u00c9crit par":"Julien","Dur\u00e9e de lecture est.":"4 minutes"},"schema":{"@context":"https:\/\/schema.org","@graph":[{"@type":"Article","@id":"https:\/\/vieassociative.be\/actualites\/vous-pouvez-egalement-utiliser-des-objectifs-de-productivite-smart-pour-etudier\/#article","isPartOf":{"@id":"https:\/\/vieassociative.be\/actualites\/vous-pouvez-egalement-utiliser-des-objectifs-de-productivite-smart-pour-etudier\/"},"author":{"name":"Julien","@id":"https:\/\/vieassociative.be\/actualites\/#\/schema\/person\/b87ac4f82f9d4e7b7cec7395b679edc4"},"headline":"Vous pouvez \u00e9galement utiliser des objectifs de productivit\u00e9 \u00ab\u00a0SMART\u00a0\u00bb pour \u00e9tudier","datePublished":"2025-10-15T05:17:00+00:00","dateModified":"2025-10-15T05:17:00+00:00","mainEntityOfPage":{"@id":"https:\/\/vieassociative.be\/actualites\/vous-pouvez-egalement-utiliser-des-objectifs-de-productivite-smart-pour-etudier\/"},"wordCount":757,"publisher":{"@id":"https:\/\/vieassociative.be\/actualites\/#organization"},"image":{"@id":"https:\/\/vieassociative.be\/actualites\/vous-pouvez-egalement-utiliser-des-objectifs-de-productivite-smart-pour-etudier\/#primaryimage"},"thumbnailUrl":"https:\/\/vieassociative.be\/actualites\/wp-content\/uploads\/2025\/10\/Vous-pouvez-egalement-utiliser-des-objectifs-de-productivite-SMART-pour.jpg","keywords":["Des","\u00e9galement","\u00e9tudier","objectifs","pour","pouvez","productivit\u00e9","Smart","utiliser","Vous"],"articleSection":["Famille"],"inLanguage":"fr-BE"},{"@type":"WebPage","@id":"https:\/\/vieassociative.be\/actualites\/vous-pouvez-egalement-utiliser-des-objectifs-de-productivite-smart-pour-etudier\/","url":"https:\/\/vieassociative.be\/actualites\/vous-pouvez-egalement-utiliser-des-objectifs-de-productivite-smart-pour-etudier\/","name":"Vous pouvez \u00e9galement utiliser des objectifs de productivit\u00e9 \u00ab\u00a0SMART\u00a0\u00bb pour \u00e9tudier | Vie Associative","isPartOf":{"@id":"https:\/\/vieassociative.be\/actualites\/#website"},"primaryImageOfPage":{"@id":"https:\/\/vieassociative.be\/actualites\/vous-pouvez-egalement-utiliser-des-objectifs-de-productivite-smart-pour-etudier\/#primaryimage"},"image":{"@id":"https:\/\/vieassociative.be\/actualites\/vous-pouvez-egalement-utiliser-des-objectifs-de-productivite-smart-pour-etudier\/#primaryimage"},"thumbnailUrl":"https:\/\/vieassociative.be\/actualites\/wp-content\/uploads\/2025\/10\/Vous-pouvez-egalement-utiliser-des-objectifs-de-productivite-SMART-pour.jpg","datePublished":"2025-10-15T05:17:00+00:00","dateModified":"2025-10-15T05:17:00+00:00","breadcrumb":{"@id":"https:\/\/vieassociative.be\/actualites\/vous-pouvez-egalement-utiliser-des-objectifs-de-productivite-smart-pour-etudier\/#breadcrumb"},"inLanguage":"fr-BE","potentialAction":[{"@type":"ReadAction","target":["https:\/\/vieassociative.be\/actualites\/vous-pouvez-egalement-utiliser-des-objectifs-de-productivite-smart-pour-etudier\/"]}]},{"@type":"ImageObject","inLanguage":"fr-BE","@id":"https:\/\/vieassociative.be\/actualites\/vous-pouvez-egalement-utiliser-des-objectifs-de-productivite-smart-pour-etudier\/#primaryimage","url":"https:\/\/vieassociative.be\/actualites\/wp-content\/uploads\/2025\/10\/Vous-pouvez-egalement-utiliser-des-objectifs-de-productivite-SMART-pour.jpg","contentUrl":"https:\/\/vieassociative.be\/actualites\/wp-content\/uploads\/2025\/10\/Vous-pouvez-egalement-utiliser-des-objectifs-de-productivite-SMART-pour.jpg","width":1200,"height":675,"caption":"Vous pouvez \u00e9galement utiliser des objectifs de productivit\u00e9 \u00ab\u00a0SMART\u00a0\u00bb pour \u00e9tudier"},{"@type":"BreadcrumbList","@id":"https:\/\/vieassociative.be\/actualites\/vous-pouvez-egalement-utiliser-des-objectifs-de-productivite-smart-pour-etudier\/#breadcrumb","itemListElement":[{"@type":"ListItem","position":1,"name":"Accueil","item":"https:\/\/vieassociative.be\/actualites\/"},{"@type":"ListItem","position":2,"name":"Vous pouvez \u00e9galement utiliser des objectifs de productivit\u00e9 \u00ab\u00a0SMART\u00a0\u00bb pour \u00e9tudier"}]},{"@type":"WebSite","@id":"https:\/\/vieassociative.be\/actualites\/#website","url":"https:\/\/vieassociative.be\/actualites\/","name":"Vie Associative","description":"","publisher":{"@id":"https:\/\/vieassociative.be\/actualites\/#organization"},"potentialAction":[{"@type":"SearchAction","target":{"@type":"EntryPoint","urlTemplate":"https:\/\/vieassociative.be\/actualites\/?s={search_term_string}"},"query-input":{"@type":"PropertyValueSpecification","valueRequired":true,"valueName":"search_term_string"}}],"inLanguage":"fr-BE"},{"@type":"Organization","@id":"https:\/\/vieassociative.be\/actualites\/#organization","name":"Vie Associative","url":"https:\/\/vieassociative.be\/actualites\/","logo":{"@type":"ImageObject","inLanguage":"fr-BE","@id":"https:\/\/vieassociative.be\/actualites\/#\/schema\/logo\/image\/","url":"https:\/\/vieassociative.be\/actualites\/wp-content\/uploads\/2024\/09\/cropped-vieassociative_favicon.ico.png","contentUrl":"https:\/\/vieassociative.be\/actualites\/wp-content\/uploads\/2024\/09\/cropped-vieassociative_favicon.ico.png","width":512,"height":512,"caption":"Vie Associative"},"image":{"@id":"https:\/\/vieassociative.be\/actualites\/#\/schema\/logo\/image\/"}},{"@type":"Person","@id":"https:\/\/vieassociative.be\/actualites\/#\/schema\/person\/b87ac4f82f9d4e7b7cec7395b679edc4","name":"Julien","image":{"@type":"ImageObject","inLanguage":"fr-BE","@id":"https:\/\/vieassociative.be\/actualites\/#\/schema\/person\/image\/","url":"https:\/\/vieassociative.be\/actualites\/wp-content\/uploads\/2024\/09\/vie-associative-1-150x150.jpg","contentUrl":"https:\/\/vieassociative.be\/actualites\/wp-content\/uploads\/2024\/09\/vie-associative-1-150x150.jpg","caption":"Julien"},"description":"Je suis Julien, r\u00e9dacteur pour Vie Associative. Passionn\u00e9 par le monde associatif depuis plus de 10 ans, j'ai \u00e0 c\u0153ur de partager des histoires inspirantes et de mettre en lumi\u00e8re les initiatives locales. Mon objectif est de sensibiliser et d'encourager l'engagement communautaire \u00e0 travers mes articles.","sameAs":["https:\/\/vieassociative.be\/"]}]}},"_links":{"self":[{"href":"https:\/\/vieassociative.be\/actualites\/wp-json\/wp\/v2\/posts\/10677"}],"collection":[{"href":"https:\/\/vieassociative.be\/actualites\/wp-json\/wp\/v2\/posts"}],"about":[{"href":"https:\/\/vieassociative.be\/actualites\/wp-json\/wp\/v2\/types\/post"}],"author":[{"embeddable":true,"href":"https:\/\/vieassociative.be\/actualites\/wp-json\/wp\/v2\/users\/1"}],"replies":[{"embeddable":true,"href":"https:\/\/vieassociative.be\/actualites\/wp-json\/wp\/v2\/comments?post=10677"}],"version-history":[{"count":0,"href":"https:\/\/vieassociative.be\/actualites\/wp-json\/wp\/v2\/posts\/10677\/revisions"}],"wp:featuredmedia":[{"embeddable":true,"href":"https:\/\/vieassociative.be\/actualites\/wp-json\/wp\/v2\/media\/10678"}],"wp:attachment":[{"href":"https:\/\/vieassociative.be\/actualites\/wp-json\/wp\/v2\/media?parent=10677"}],"wp:term":[{"taxonomy":"category","embeddable":true,"href":"https:\/\/vieassociative.be\/actualites\/wp-json\/wp\/v2\/categories?post=10677"},{"taxonomy":"post_tag","embeddable":true,"href":"https:\/\/vieassociative.be\/actualites\/wp-json\/wp\/v2\/tags?post=10677"}],"curies":[{"name":"wp","href":"https:\/\/api.w.org\/{rel}","templated":true}]}}