{"id":10675,"date":"2025-10-15T04:17:29","date_gmt":"2025-10-15T02:17:29","guid":{"rendered":"https:\/\/vieassociative.be\/actualites\/le-cap-vert-en-extase-un-etat-insulaire-se-qualifie-pour-la-premiere-fois-pour-la-coupe-du-monde\/"},"modified":"2025-10-15T04:17:29","modified_gmt":"2025-10-15T02:17:29","slug":"le-cap-vert-en-extase-un-etat-insulaire-se-qualifie-pour-la-premiere-fois-pour-la-coupe-du-monde","status":"publish","type":"post","link":"https:\/\/vieassociative.be\/actualites\/le-cap-vert-en-extase-un-etat-insulaire-se-qualifie-pour-la-premiere-fois-pour-la-coupe-du-monde\/","title":{"rendered":"Le Cap-Vert en extase : un \u00c9tat insulaire se qualifie pour la premi\u00e8re fois pour la Coupe du monde"},"content":{"rendered":"<p><strong>L&rsquo;\u00c9tat insulaire du Cap-Vert n&rsquo;est pas une grande nation du football africain, mais sa premi\u00e8re qualification pour la Coupe du monde est d\u00e9sormais parfaite.<\/strong><\/p>\n<p><span id=\"more-427161\"><\/span>Gianni Infantino a imm\u00e9diatement f\u00e9licit\u00e9 le Cap-Vert, nouveau venu \u00e0 la Coupe du monde, et ressent d\u00e9j\u00e0 une grande gloire pour ce petit \u00c9tat insulaire. \u00ab\u00a0Votre travail de promotion du football au cours des derni\u00e8res ann\u00e9es a \u00e9t\u00e9 incroyable et c&rsquo;est le moment o\u00f9 vos stars seront connues dans le monde entier et inspireront une nouvelle g\u00e9n\u00e9ration de fans de football \u00e0 travers le Cap-Vert\u00a0\u00bb, a \u00e9crit le pr\u00e9sident de la FIFA apr\u00e8s la premi\u00e8re qualification des Africains.<\/p>\n<p>Le pays de 500 000 habitants participe pour la premi\u00e8re fois \u00e0 une Coupe du monde apr\u00e8s une nette victoire 3-0 contre l&rsquo;Eswatini, un outsider. \u00ab\u00a0Quel moment historique\u00a0\u00bb, a d\u00e9clar\u00e9 Infantino dans un message vid\u00e9o. Imm\u00e9diatement apr\u00e8s le coup de sifflet final, les supporters ont fait irruption sur le terrain et ont transform\u00e9 l&rsquo;Est\u00e1dio Nacional en un objet cach\u00e9, o\u00f9 les h\u00e9ros autour des buteurs Dailon Livramento, Willy Semedo et Stopira pouvaient \u00e0 peine se distinguer des joyeux supporters.<\/p>\n<div id=\"attachment_427167\" class=\"wp-caption alignleft\" style=\"max-width: 300px\"><img fetchpriority=\"high\" decoding=\"async\" class=\"wp-image-427167 size-medium\" src=\"https:\/\/vieassociative.be\/actualites\/wp-content\/uploads\/2025\/10\/Le-Cap-Vert-en-extase-un-Etat-insulaire-se-qualifie.jpg\" alt=\"\" width=\"300\" height=\"200\"><\/div>\n<p>\u00ab\u00a0L&rsquo;ambiance dans le pays et dans la diaspora, o\u00f9 des milliers de Cap-Verdiens et de supporters ont souffert pendant la premi\u00e8re moiti\u00e9 du match, est indescriptible\u00a0\u00bb, \u00e9crit le journal \u00ab\u00a0A Nacao\u00a0\u00bb (La Nation) dans un commentaire en ligne. \u00ab\u00a0La fiert\u00e9 du Cap-Vert est plus grande que jamais. Les gens pleurent de bonheur. Un r\u00eave durement combattu, mais r\u00e9alis\u00e9.\u00a0\u00bb<\/p>\n<p>En termes de population, le Cap-Vert sera le deuxi\u00e8me plus petit participant de l&rsquo;histoire de la Coupe du monde &#8211; apr\u00e8s l&rsquo;Islande, qui a fait ses d\u00e9buts en Russie en 2018. Trois matches du tour pr\u00e9liminaire de la Coupe du monde dans des ar\u00e8nes impressionnantes en Am\u00e9rique du Nord sont garantis l&rsquo;\u00e9t\u00e9 prochain (du 11 juin au 19 juillet) avec une victoire \u00e0 domicile contre l&rsquo;Eswatini.<\/p>\n<p>\u00ab L\u2019histoire est \u00e9crite ! \u00bb le journal \u00ab Espresso das Ilhas \u00bb (Island Express) a applaudi et a \u00e9crit sur \u00ab l&rsquo;un des moments les plus excitants de l&rsquo;histoire du sport cap-verdien \u00bb. Patience et qualit\u00e9 technique ont finalement pris le dessus dans le stade sous la grande chaleur et devant un public enthousiaste. (dpa)<\/p>\n","protected":false},"excerpt":{"rendered":"<p>L&rsquo;\u00c9tat insulaire du Cap-Vert n&rsquo;est pas une grande nation du football africain, mais sa premi\u00e8re qualification pour la Coupe du monde est d\u00e9sormais parfaite. Gianni<\/p>\n","protected":false},"author":1,"featured_media":10676,"comment_status":"","ping_status":"","sticky":false,"template":"","format":"standard","meta":{"footnotes":""},"categories":[298],"tags":[8899,2472,1142,8900,774,8901,237,81,610,4062],"class_list":["post-10675","post","type-post","status-publish","format-standard","has-post-thumbnail","hentry","category-belgique","tag-capvert","tag-coupe","tag-etat","tag-extase","tag-fois","tag-insulaire","tag-monde","tag-pour","tag-premiere","tag-qualifie","generate-columns","tablet-grid-50","mobile-grid-100","grid-parent","grid-33"],"yoast_head":"<!-- This site is optimized with the Yoast SEO plugin v24.0 - https:\/\/yoast.com\/wordpress\/plugins\/seo\/ -->\n<title>Le Cap-Vert en extase : un \u00c9tat insulaire se qualifie pour la premi\u00e8re fois pour la Coupe du monde | Vie Associative<\/title>\n<meta name=\"robots\" content=\"index, follow, max-snippet:-1, max-image-preview:large, max-video-preview:-1\" \/>\n<link rel=\"canonical\" href=\"https:\/\/vieassociative.be\/actualites\/le-cap-vert-en-extase-un-etat-insulaire-se-qualifie-pour-la-premiere-fois-pour-la-coupe-du-monde\/\" \/>\n<meta property=\"og:locale\" content=\"fr_FR\" \/>\n<meta property=\"og:type\" content=\"article\" \/>\n<meta property=\"og:title\" content=\"Le Cap-Vert en extase : un \u00c9tat insulaire se qualifie pour la premi\u00e8re fois pour la Coupe du monde | Vie Associative\" \/>\n<meta property=\"og:description\" content=\"L&rsquo;\u00c9tat insulaire du Cap-Vert n&rsquo;est pas une grande nation du football africain, mais sa premi\u00e8re qualification pour la Coupe du monde est d\u00e9sormais parfaite. Gianni\" \/>\n<meta property=\"og:url\" content=\"https:\/\/vieassociative.be\/actualites\/le-cap-vert-en-extase-un-etat-insulaire-se-qualifie-pour-la-premiere-fois-pour-la-coupe-du-monde\/\" \/>\n<meta property=\"og:site_name\" content=\"Vie Associative\" \/>\n<meta property=\"article:published_time\" content=\"2025-10-15T02:17:29+00:00\" \/>\n<meta property=\"og:image\" content=\"https:\/\/vieassociative.be\/actualites\/wp-content\/uploads\/2024\/09\/header_backgroundk-01-e1726694325946.png\" \/>\n\t<meta property=\"og:image:width\" content=\"279\" \/>\n\t<meta property=\"og:image:height\" content=\"92\" \/>\n\t<meta property=\"og:image:type\" content=\"image\/png\" \/>\n<meta name=\"author\" content=\"Julien\" \/>\n<meta name=\"twitter:card\" content=\"summary_large_image\" \/>\n<meta name=\"twitter:label1\" content=\"\u00c9crit par\" \/>\n\t<meta name=\"twitter:data1\" content=\"Julien\" \/>\n\t<meta name=\"twitter:label2\" content=\"Dur\u00e9e de lecture est.\" \/>\n\t<meta name=\"twitter:data2\" content=\"2 minutes\" \/>\n<script type=\"application\/ld+json\" class=\"yoast-schema-graph\">{\"@context\":\"https:\/\/schema.org\",\"@graph\":[{\"@type\":\"Article\",\"@id\":\"https:\/\/vieassociative.be\/actualites\/le-cap-vert-en-extase-un-etat-insulaire-se-qualifie-pour-la-premiere-fois-pour-la-coupe-du-monde\/#article\",\"isPartOf\":{\"@id\":\"https:\/\/vieassociative.be\/actualites\/le-cap-vert-en-extase-un-etat-insulaire-se-qualifie-pour-la-premiere-fois-pour-la-coupe-du-monde\/\"},\"author\":{\"name\":\"Julien\",\"@id\":\"https:\/\/vieassociative.be\/actualites\/#\/schema\/person\/b87ac4f82f9d4e7b7cec7395b679edc4\"},\"headline\":\"Le Cap-Vert en extase : un \u00c9tat insulaire se qualifie pour la premi\u00e8re fois pour la Coupe du monde\",\"datePublished\":\"2025-10-15T02:17:29+00:00\",\"dateModified\":\"2025-10-15T02:17:29+00:00\",\"mainEntityOfPage\":{\"@id\":\"https:\/\/vieassociative.be\/actualites\/le-cap-vert-en-extase-un-etat-insulaire-se-qualifie-pour-la-premiere-fois-pour-la-coupe-du-monde\/\"},\"wordCount\":405,\"publisher\":{\"@id\":\"https:\/\/vieassociative.be\/actualites\/#organization\"},\"image\":{\"@id\":\"https:\/\/vieassociative.be\/actualites\/le-cap-vert-en-extase-un-etat-insulaire-se-qualifie-pour-la-premiere-fois-pour-la-coupe-du-monde\/#primaryimage\"},\"thumbnailUrl\":\"https:\/\/vieassociative.be\/actualites\/wp-content\/uploads\/2025\/10\/1760494650_Le-Cap-Vert-en-extase-un-Etat-insulaire-se-qualifie.jpg\",\"keywords\":[\"CapVert\",\"Coupe\",\"\u00e9tat\",\"extase\",\"fois\",\"insulaire\",\"monde\",\"pour\",\"premi\u00e8re\",\"qualifie\"],\"articleSection\":[\"Belgique\"],\"inLanguage\":\"fr-BE\"},{\"@type\":\"WebPage\",\"@id\":\"https:\/\/vieassociative.be\/actualites\/le-cap-vert-en-extase-un-etat-insulaire-se-qualifie-pour-la-premiere-fois-pour-la-coupe-du-monde\/\",\"url\":\"https:\/\/vieassociative.be\/actualites\/le-cap-vert-en-extase-un-etat-insulaire-se-qualifie-pour-la-premiere-fois-pour-la-coupe-du-monde\/\",\"name\":\"Le Cap-Vert en extase : un \u00c9tat insulaire se qualifie pour la premi\u00e8re fois pour la Coupe du monde | Vie Associative\",\"isPartOf\":{\"@id\":\"https:\/\/vieassociative.be\/actualites\/#website\"},\"primaryImageOfPage\":{\"@id\":\"https:\/\/vieassociative.be\/actualites\/le-cap-vert-en-extase-un-etat-insulaire-se-qualifie-pour-la-premiere-fois-pour-la-coupe-du-monde\/#primaryimage\"},\"image\":{\"@id\":\"https:\/\/vieassociative.be\/actualites\/le-cap-vert-en-extase-un-etat-insulaire-se-qualifie-pour-la-premiere-fois-pour-la-coupe-du-monde\/#primaryimage\"},\"thumbnailUrl\":\"https:\/\/vieassociative.be\/actualites\/wp-content\/uploads\/2025\/10\/1760494650_Le-Cap-Vert-en-extase-un-Etat-insulaire-se-qualifie.jpg\",\"datePublished\":\"2025-10-15T02:17:29+00:00\",\"dateModified\":\"2025-10-15T02:17:29+00:00\",\"breadcrumb\":{\"@id\":\"https:\/\/vieassociative.be\/actualites\/le-cap-vert-en-extase-un-etat-insulaire-se-qualifie-pour-la-premiere-fois-pour-la-coupe-du-monde\/#breadcrumb\"},\"inLanguage\":\"fr-BE\",\"potentialAction\":[{\"@type\":\"ReadAction\",\"target\":[\"https:\/\/vieassociative.be\/actualites\/le-cap-vert-en-extase-un-etat-insulaire-se-qualifie-pour-la-premiere-fois-pour-la-coupe-du-monde\/\"]}]},{\"@type\":\"ImageObject\",\"inLanguage\":\"fr-BE\",\"@id\":\"https:\/\/vieassociative.be\/actualites\/le-cap-vert-en-extase-un-etat-insulaire-se-qualifie-pour-la-premiere-fois-pour-la-coupe-du-monde\/#primaryimage\",\"url\":\"https:\/\/vieassociative.be\/actualites\/wp-content\/uploads\/2025\/10\/1760494650_Le-Cap-Vert-en-extase-un-Etat-insulaire-se-qualifie.jpg\",\"contentUrl\":\"https:\/\/vieassociative.be\/actualites\/wp-content\/uploads\/2025\/10\/1760494650_Le-Cap-Vert-en-extase-un-Etat-insulaire-se-qualifie.jpg\",\"width\":1200,\"height\":800,\"caption\":\"Le Cap-Vert en extase : un \u00c9tat insulaire se qualifie pour la premi\u00e8re fois pour la Coupe du monde\"},{\"@type\":\"BreadcrumbList\",\"@id\":\"https:\/\/vieassociative.be\/actualites\/le-cap-vert-en-extase-un-etat-insulaire-se-qualifie-pour-la-premiere-fois-pour-la-coupe-du-monde\/#breadcrumb\",\"itemListElement\":[{\"@type\":\"ListItem\",\"position\":1,\"name\":\"Accueil\",\"item\":\"https:\/\/vieassociative.be\/actualites\/\"},{\"@type\":\"ListItem\",\"position\":2,\"name\":\"Le Cap-Vert en extase : un \u00c9tat insulaire se qualifie pour la premi\u00e8re fois pour la Coupe du monde\"}]},{\"@type\":\"WebSite\",\"@id\":\"https:\/\/vieassociative.be\/actualites\/#website\",\"url\":\"https:\/\/vieassociative.be\/actualites\/\",\"name\":\"Vie Associative\",\"description\":\"\",\"publisher\":{\"@id\":\"https:\/\/vieassociative.be\/actualites\/#organization\"},\"potentialAction\":[{\"@type\":\"SearchAction\",\"target\":{\"@type\":\"EntryPoint\",\"urlTemplate\":\"https:\/\/vieassociative.be\/actualites\/?s={search_term_string}\"},\"query-input\":{\"@type\":\"PropertyValueSpecification\",\"valueRequired\":true,\"valueName\":\"search_term_string\"}}],\"inLanguage\":\"fr-BE\"},{\"@type\":\"Organization\",\"@id\":\"https:\/\/vieassociative.be\/actualites\/#organization\",\"name\":\"Vie Associative\",\"url\":\"https:\/\/vieassociative.be\/actualites\/\",\"logo\":{\"@type\":\"ImageObject\",\"inLanguage\":\"fr-BE\",\"@id\":\"https:\/\/vieassociative.be\/actualites\/#\/schema\/logo\/image\/\",\"url\":\"https:\/\/vieassociative.be\/actualites\/wp-content\/uploads\/2024\/09\/cropped-vieassociative_favicon.ico.png\",\"contentUrl\":\"https:\/\/vieassociative.be\/actualites\/wp-content\/uploads\/2024\/09\/cropped-vieassociative_favicon.ico.png\",\"width\":512,\"height\":512,\"caption\":\"Vie Associative\"},\"image\":{\"@id\":\"https:\/\/vieassociative.be\/actualites\/#\/schema\/logo\/image\/\"}},{\"@type\":\"Person\",\"@id\":\"https:\/\/vieassociative.be\/actualites\/#\/schema\/person\/b87ac4f82f9d4e7b7cec7395b679edc4\",\"name\":\"Julien\",\"image\":{\"@type\":\"ImageObject\",\"inLanguage\":\"fr-BE\",\"@id\":\"https:\/\/vieassociative.be\/actualites\/#\/schema\/person\/image\/\",\"url\":\"https:\/\/vieassociative.be\/actualites\/wp-content\/uploads\/2024\/09\/vie-associative-1-150x150.jpg\",\"contentUrl\":\"https:\/\/vieassociative.be\/actualites\/wp-content\/uploads\/2024\/09\/vie-associative-1-150x150.jpg\",\"caption\":\"Julien\"},\"description\":\"Je suis Julien, r\u00e9dacteur pour Vie Associative. Passionn\u00e9 par le monde associatif depuis plus de 10 ans, j'ai \u00e0 c\u0153ur de partager des histoires inspirantes et de mettre en lumi\u00e8re les initiatives locales. Mon objectif est de sensibiliser et d'encourager l'engagement communautaire \u00e0 travers mes articles.\",\"sameAs\":[\"https:\/\/vieassociative.be\/\"]}]}<\/script>\n<!-- \/ Yoast SEO plugin. -->","yoast_head_json":{"title":"Le Cap-Vert en extase : un \u00c9tat insulaire se qualifie pour la premi\u00e8re fois pour la Coupe du monde | Vie Associative","robots":{"index":"index","follow":"follow","max-snippet":"max-snippet:-1","max-image-preview":"max-image-preview:large","max-video-preview":"max-video-preview:-1"},"canonical":"https:\/\/vieassociative.be\/actualites\/le-cap-vert-en-extase-un-etat-insulaire-se-qualifie-pour-la-premiere-fois-pour-la-coupe-du-monde\/","og_locale":"fr_FR","og_type":"article","og_title":"Le Cap-Vert en extase : un \u00c9tat insulaire se qualifie pour la premi\u00e8re fois pour la Coupe du monde | Vie Associative","og_description":"L&rsquo;\u00c9tat insulaire du Cap-Vert n&rsquo;est pas une grande nation du football africain, mais sa premi\u00e8re qualification pour la Coupe du monde est d\u00e9sormais parfaite. Gianni","og_url":"https:\/\/vieassociative.be\/actualites\/le-cap-vert-en-extase-un-etat-insulaire-se-qualifie-pour-la-premiere-fois-pour-la-coupe-du-monde\/","og_site_name":"Vie Associative","article_published_time":"2025-10-15T02:17:29+00:00","og_image":[{"width":279,"height":92,"url":"https:\/\/vieassociative.be\/actualites\/wp-content\/uploads\/2024\/09\/header_backgroundk-01-e1726694325946.png","type":"image\/png"}],"author":"Julien","twitter_card":"summary_large_image","twitter_misc":{"\u00c9crit par":"Julien","Dur\u00e9e de lecture est.":"2 minutes"},"schema":{"@context":"https:\/\/schema.org","@graph":[{"@type":"Article","@id":"https:\/\/vieassociative.be\/actualites\/le-cap-vert-en-extase-un-etat-insulaire-se-qualifie-pour-la-premiere-fois-pour-la-coupe-du-monde\/#article","isPartOf":{"@id":"https:\/\/vieassociative.be\/actualites\/le-cap-vert-en-extase-un-etat-insulaire-se-qualifie-pour-la-premiere-fois-pour-la-coupe-du-monde\/"},"author":{"name":"Julien","@id":"https:\/\/vieassociative.be\/actualites\/#\/schema\/person\/b87ac4f82f9d4e7b7cec7395b679edc4"},"headline":"Le Cap-Vert en extase : un \u00c9tat insulaire se qualifie pour la premi\u00e8re fois pour la Coupe du monde","datePublished":"2025-10-15T02:17:29+00:00","dateModified":"2025-10-15T02:17:29+00:00","mainEntityOfPage":{"@id":"https:\/\/vieassociative.be\/actualites\/le-cap-vert-en-extase-un-etat-insulaire-se-qualifie-pour-la-premiere-fois-pour-la-coupe-du-monde\/"},"wordCount":405,"publisher":{"@id":"https:\/\/vieassociative.be\/actualites\/#organization"},"image":{"@id":"https:\/\/vieassociative.be\/actualites\/le-cap-vert-en-extase-un-etat-insulaire-se-qualifie-pour-la-premiere-fois-pour-la-coupe-du-monde\/#primaryimage"},"thumbnailUrl":"https:\/\/vieassociative.be\/actualites\/wp-content\/uploads\/2025\/10\/1760494650_Le-Cap-Vert-en-extase-un-Etat-insulaire-se-qualifie.jpg","keywords":["CapVert","Coupe","\u00e9tat","extase","fois","insulaire","monde","pour","premi\u00e8re","qualifie"],"articleSection":["Belgique"],"inLanguage":"fr-BE"},{"@type":"WebPage","@id":"https:\/\/vieassociative.be\/actualites\/le-cap-vert-en-extase-un-etat-insulaire-se-qualifie-pour-la-premiere-fois-pour-la-coupe-du-monde\/","url":"https:\/\/vieassociative.be\/actualites\/le-cap-vert-en-extase-un-etat-insulaire-se-qualifie-pour-la-premiere-fois-pour-la-coupe-du-monde\/","name":"Le Cap-Vert en extase : un \u00c9tat insulaire se qualifie pour la premi\u00e8re fois pour la Coupe du monde | Vie Associative","isPartOf":{"@id":"https:\/\/vieassociative.be\/actualites\/#website"},"primaryImageOfPage":{"@id":"https:\/\/vieassociative.be\/actualites\/le-cap-vert-en-extase-un-etat-insulaire-se-qualifie-pour-la-premiere-fois-pour-la-coupe-du-monde\/#primaryimage"},"image":{"@id":"https:\/\/vieassociative.be\/actualites\/le-cap-vert-en-extase-un-etat-insulaire-se-qualifie-pour-la-premiere-fois-pour-la-coupe-du-monde\/#primaryimage"},"thumbnailUrl":"https:\/\/vieassociative.be\/actualites\/wp-content\/uploads\/2025\/10\/1760494650_Le-Cap-Vert-en-extase-un-Etat-insulaire-se-qualifie.jpg","datePublished":"2025-10-15T02:17:29+00:00","dateModified":"2025-10-15T02:17:29+00:00","breadcrumb":{"@id":"https:\/\/vieassociative.be\/actualites\/le-cap-vert-en-extase-un-etat-insulaire-se-qualifie-pour-la-premiere-fois-pour-la-coupe-du-monde\/#breadcrumb"},"inLanguage":"fr-BE","potentialAction":[{"@type":"ReadAction","target":["https:\/\/vieassociative.be\/actualites\/le-cap-vert-en-extase-un-etat-insulaire-se-qualifie-pour-la-premiere-fois-pour-la-coupe-du-monde\/"]}]},{"@type":"ImageObject","inLanguage":"fr-BE","@id":"https:\/\/vieassociative.be\/actualites\/le-cap-vert-en-extase-un-etat-insulaire-se-qualifie-pour-la-premiere-fois-pour-la-coupe-du-monde\/#primaryimage","url":"https:\/\/vieassociative.be\/actualites\/wp-content\/uploads\/2025\/10\/1760494650_Le-Cap-Vert-en-extase-un-Etat-insulaire-se-qualifie.jpg","contentUrl":"https:\/\/vieassociative.be\/actualites\/wp-content\/uploads\/2025\/10\/1760494650_Le-Cap-Vert-en-extase-un-Etat-insulaire-se-qualifie.jpg","width":1200,"height":800,"caption":"Le Cap-Vert en extase : un \u00c9tat insulaire se qualifie pour la premi\u00e8re fois pour la Coupe du monde"},{"@type":"BreadcrumbList","@id":"https:\/\/vieassociative.be\/actualites\/le-cap-vert-en-extase-un-etat-insulaire-se-qualifie-pour-la-premiere-fois-pour-la-coupe-du-monde\/#breadcrumb","itemListElement":[{"@type":"ListItem","position":1,"name":"Accueil","item":"https:\/\/vieassociative.be\/actualites\/"},{"@type":"ListItem","position":2,"name":"Le Cap-Vert en extase : un \u00c9tat insulaire se qualifie pour la premi\u00e8re fois pour la Coupe du monde"}]},{"@type":"WebSite","@id":"https:\/\/vieassociative.be\/actualites\/#website","url":"https:\/\/vieassociative.be\/actualites\/","name":"Vie Associative","description":"","publisher":{"@id":"https:\/\/vieassociative.be\/actualites\/#organization"},"potentialAction":[{"@type":"SearchAction","target":{"@type":"EntryPoint","urlTemplate":"https:\/\/vieassociative.be\/actualites\/?s={search_term_string}"},"query-input":{"@type":"PropertyValueSpecification","valueRequired":true,"valueName":"search_term_string"}}],"inLanguage":"fr-BE"},{"@type":"Organization","@id":"https:\/\/vieassociative.be\/actualites\/#organization","name":"Vie Associative","url":"https:\/\/vieassociative.be\/actualites\/","logo":{"@type":"ImageObject","inLanguage":"fr-BE","@id":"https:\/\/vieassociative.be\/actualites\/#\/schema\/logo\/image\/","url":"https:\/\/vieassociative.be\/actualites\/wp-content\/uploads\/2024\/09\/cropped-vieassociative_favicon.ico.png","contentUrl":"https:\/\/vieassociative.be\/actualites\/wp-content\/uploads\/2024\/09\/cropped-vieassociative_favicon.ico.png","width":512,"height":512,"caption":"Vie Associative"},"image":{"@id":"https:\/\/vieassociative.be\/actualites\/#\/schema\/logo\/image\/"}},{"@type":"Person","@id":"https:\/\/vieassociative.be\/actualites\/#\/schema\/person\/b87ac4f82f9d4e7b7cec7395b679edc4","name":"Julien","image":{"@type":"ImageObject","inLanguage":"fr-BE","@id":"https:\/\/vieassociative.be\/actualites\/#\/schema\/person\/image\/","url":"https:\/\/vieassociative.be\/actualites\/wp-content\/uploads\/2024\/09\/vie-associative-1-150x150.jpg","contentUrl":"https:\/\/vieassociative.be\/actualites\/wp-content\/uploads\/2024\/09\/vie-associative-1-150x150.jpg","caption":"Julien"},"description":"Je suis Julien, r\u00e9dacteur pour Vie Associative. Passionn\u00e9 par le monde associatif depuis plus de 10 ans, j'ai \u00e0 c\u0153ur de partager des histoires inspirantes et de mettre en lumi\u00e8re les initiatives locales. Mon objectif est de sensibiliser et d'encourager l'engagement communautaire \u00e0 travers mes articles.","sameAs":["https:\/\/vieassociative.be\/"]}]}},"_links":{"self":[{"href":"https:\/\/vieassociative.be\/actualites\/wp-json\/wp\/v2\/posts\/10675"}],"collection":[{"href":"https:\/\/vieassociative.be\/actualites\/wp-json\/wp\/v2\/posts"}],"about":[{"href":"https:\/\/vieassociative.be\/actualites\/wp-json\/wp\/v2\/types\/post"}],"author":[{"embeddable":true,"href":"https:\/\/vieassociative.be\/actualites\/wp-json\/wp\/v2\/users\/1"}],"replies":[{"embeddable":true,"href":"https:\/\/vieassociative.be\/actualites\/wp-json\/wp\/v2\/comments?post=10675"}],"version-history":[{"count":0,"href":"https:\/\/vieassociative.be\/actualites\/wp-json\/wp\/v2\/posts\/10675\/revisions"}],"wp:featuredmedia":[{"embeddable":true,"href":"https:\/\/vieassociative.be\/actualites\/wp-json\/wp\/v2\/media\/10676"}],"wp:attachment":[{"href":"https:\/\/vieassociative.be\/actualites\/wp-json\/wp\/v2\/media?parent=10675"}],"wp:term":[{"taxonomy":"category","embeddable":true,"href":"https:\/\/vieassociative.be\/actualites\/wp-json\/wp\/v2\/categories?post=10675"},{"taxonomy":"post_tag","embeddable":true,"href":"https:\/\/vieassociative.be\/actualites\/wp-json\/wp\/v2\/tags?post=10675"}],"curies":[{"name":"wp","href":"https:\/\/api.w.org\/{rel}","templated":true}]}}