{"id":10673,"date":"2025-10-15T03:19:35","date_gmt":"2025-10-15T01:19:35","guid":{"rendered":"https:\/\/vieassociative.be\/actualites\/la-mise-a-jour-patch-tuesday-doctobre-de-microsoft-corrige-plus-de-170-failles\/"},"modified":"2025-10-15T03:19:35","modified_gmt":"2025-10-15T01:19:35","slug":"la-mise-a-jour-patch-tuesday-doctobre-de-microsoft-corrige-plus-de-170-failles","status":"publish","type":"post","link":"https:\/\/vieassociative.be\/actualites\/la-mise-a-jour-patch-tuesday-doctobre-de-microsoft-corrige-plus-de-170-failles\/","title":{"rendered":"La mise \u00e0 jour \u00ab Patch Tuesday \u00bb d&rsquo;octobre de Microsoft corrige plus de 170 failles"},"content":{"rendered":"<div class=\"mt-4 leading-6 md:mb-8\">Cela inclut six vuln\u00e9rabilit\u00e9s zero-day.<\/div>\n<p><\/p>\n<p><em>Savez-vous que vous pouvez personnaliser Google pour filtrer les d\u00e9chets\u00a0? Suivez ces \u00e9tapes<\/em><em>  pour de meilleurs r\u00e9sultats de recherche, notamment en ajoutant mon travail chez Vie Associative comme source pr\u00e9f\u00e9r\u00e9e<\/em><em>.<\/em><\/p>\n<hr>\n<p>Le deuxi\u00e8me mardi de chaque mois, Microsoft publie une mise \u00e0 jour de s\u00e9curit\u00e9 majeure pour les utilisateurs de Windows, connue sous le nom de \u00ab Patch Tuesday \u00bb. Certaines parcelles sont plus grandes que d\u2019autres ; tout d\u00e9pend du nombre de vuln\u00e9rabilit\u00e9s d\u00e9couvertes par les chercheurs au cours du mois dernier. La mise \u00e0 jour du Patch Tuesday d&rsquo;octobre est cependant assez volumineuse.<\/p>\n<p>Comme le rapporte Bleeping Computer, cette derni\u00e8re mise \u00e0 jour du Patch Tuesday corrige plus de 170 failles de s\u00e9curit\u00e9 avec Windows. Cela comprend 80 vuln\u00e9rabilit\u00e9s d\u2019\u00e9l\u00e9vation de privil\u00e8ges, 31 vuln\u00e9rabilit\u00e9s d\u2019ex\u00e9cution de code \u00e0 distance, 28 vuln\u00e9rabilit\u00e9s de divulgation d\u2019informations, 11 vuln\u00e9rabilit\u00e9s de contournement de fonctionnalit\u00e9s de s\u00e9curit\u00e9, 11 vuln\u00e9rabilit\u00e9s de d\u00e9ni de service et 10 vuln\u00e9rabilit\u00e9s d\u2019usurpation d\u2019identit\u00e9. <\/p>\n<div class=\"mx-auto mb-12 mt-5 w-full max-w-3xl rounded-md border-2 border-gray-100 p-3 shadow-md md:px-7 md:pb-7 md:pt-5\" id=\"related-video\">\n<div class=\"mb-3 flex items-center md:mb-5\">\n        <img decoding=\"async\" class=\"mr-4 mt-0 h-10 w-10 md:mr-5 md:h-12 md:w-12\" src=\"https:\/\/vieassociative.be\/actualites\/wp-content\/uploads\/2025\/09\/1757726237_608_Meta-pourrait-devoiler-une-montre-intelligente-pour-controler-ses-lunettes.jpg\" alt=\"Logo du pirate de la vie\"><\/p><\/div>\n<div class=\"aspect-video w-full overflow-hidden rounded-md\">\n<div id=\"video-container-01K7JPWSQNMHNQWRRGD5YC7ZMT\"><\/div>\n<\/p><\/div>\n<\/div>\n<p>Bleeping Computer n&rsquo;inclut que les correctifs publi\u00e9s par Microsoft lui-m\u00eame dans ses totaux pour les num\u00e9ros du Patch Tuesday. Le nombre total est plus \u00e9lev\u00e9, car des correctifs pour Azure, Mariner et des vuln\u00e9rabilit\u00e9s ont \u00e9t\u00e9 publi\u00e9s plus t\u00f4t en octobre. Au total, il y a bien plus de 200 correctifs ici. <\/p>\n<p>Bien que tous les correctifs de s\u00e9curit\u00e9 soient importants, certains sont plus critiques que d\u2019autres. \u00c0 ce stade, ce Patch Tuesday inclut des correctifs pour huit vuln\u00e9rabilit\u00e9s qualifi\u00e9es de \u00ab critiques \u00bb, dont cinq vuln\u00e9rabilit\u00e9s d&rsquo;ex\u00e9cution de code \u00e0 distance et trois vuln\u00e9rabilit\u00e9s d&rsquo;\u00e9l\u00e9vation de privil\u00e8ges. <\/p>\n<h2 id=\"six-zero-days\">Six jours z\u00e9ro<\/h2>\n<p>Mais c&rsquo;est encore plus important que <em>que<\/em> sont les correctifs pour six vuln\u00e9rabilit\u00e9s zero-day. Les jours z\u00e9ro sont particuli\u00e8rement dangereux, car certaines vuln\u00e9rabilit\u00e9s sont soit divulgu\u00e9es publiquement, soit exploit\u00e9es avant que le d\u00e9veloppeur du logiciel n&rsquo;ait la possibilit\u00e9 de publier un correctif. Dans ce cas, il y a six jours z\u00e9ro, trois divulgu\u00e9s publiquement et trois exploit\u00e9s sans ce correctif actuel, laissant les utilisateurs Windows vuln\u00e9rables. <\/p>\n<p>Voici les trois vuln\u00e9rabilit\u00e9s exploit\u00e9es :<\/p>\n<ul>\n<li>\n<p><strong>CVE-2025-24990<\/strong><strong>: Vuln\u00e9rabilit\u00e9 d&rsquo;\u00e9l\u00e9vation de privil\u00e8ges du pilote de modem Windows Agere<\/strong>: Cette faille permettait \u00e0 de mauvais acteurs d&rsquo;obtenir des privil\u00e8ges administratifs via un mauvais pilote Agere Modem. Microsoft a maintenant supprim\u00e9 le pilote.<\/p>\n<\/li>\n<li>\n<p><strong>CVE-2025-59230<\/strong><strong>: Vuln\u00e9rabilit\u00e9 d&rsquo;\u00e9l\u00e9vation de privil\u00e8ges du gestionnaire de connexions d&rsquo;acc\u00e8s \u00e0 distance Windows<\/strong>: Cette faille permettait \u00e0 de mauvais acteurs d&rsquo;obtenir les privil\u00e8ges SYSTEM. <\/p>\n<\/li>\n<li>\n<p><strong>CVE-2025-47827<\/strong><strong>: MITRE CVE-2025-47827\u00a0: Contournement du d\u00e9marrage s\u00e9curis\u00e9 dans le syst\u00e8me d&rsquo;exploitation IGEL avant 11<\/strong>: Cette faille a permis \u00e0 des acteurs malveillants de contourner Secure Boot, un processus de s\u00e9curit\u00e9 qui permet d&#8217;emp\u00eacher le chargement de logiciels malveillants au d\u00e9marrage de l&rsquo;ordinateur d&rsquo;un utilisateur. <\/p>\n<\/li>\n<\/ul>\n<p>Voici les trois vuln\u00e9rabilit\u00e9s divulgu\u00e9es publiquement\u00a0:<\/p>\n<ul>\n<li>\n<p><strong>CVE-2025-0033<\/strong><strong>  &#8211; AMD CVE-2025-0033 : Corruption RMP lors de l&rsquo;initialisation SNP<\/strong>: Cette faille AMD pourrait impacter l&rsquo;int\u00e9grit\u00e9 de la m\u00e9moire. Microsoft indique que ce correctif n&rsquo;est pas encore termin\u00e9 et que les correctifs seront d\u00e9ploy\u00e9s via les alertes Azure Service Health lorsqu&rsquo;ils seront pr\u00eats.  <\/p>\n<\/li>\n<li>\n<p><strong>CVE-2025-24052<\/strong><strong>  &#8211; Vuln\u00e9rabilit\u00e9 d&rsquo;\u00e9l\u00e9vation de privil\u00e8ges du pilote de modem Windows Agere<\/strong>: Cette faille peut \u00eatre utilis\u00e9e pour obtenir des privil\u00e8ges administratifs via un Agere Modem Driver. Comme le note Bleeping Computer, il semble assez similaire \u00e0 CVE-2025-24990.<\/p>\n<\/li>\n<li>\n<p><strong>CVE-2025-2884<\/strong><strong>  &#8211; Cert CC\u00a0: vuln\u00e9rabilit\u00e9 de lecture hors limites CVE-2025-2884 dans l&rsquo;impl\u00e9mentation de r\u00e9f\u00e9rence TCG TPM2.0<\/strong>: Cette faille aurait pu permettre une divulgation d&rsquo;informations ou un d\u00e9ni de service du TPM de la cible.<\/p>\n<\/li>\n<\/ul>\n<p>Dans d&rsquo;autres actualit\u00e9s Microsoft, la soci\u00e9t\u00e9 a officiellement mis fin au support de Windows 10. \u00c0 moins que vous ne vous inscriviez aux mises \u00e0 jour de s\u00e9curit\u00e9 \u00e9tendues, votre PC Windows 10 ne recevra plus ces correctifs de s\u00e9curit\u00e9 \u00e0 l&rsquo;avenir.<\/p>\n","protected":false},"excerpt":{"rendered":"<p>Cela inclut six vuln\u00e9rabilit\u00e9s zero-day. Savez-vous que vous pouvez personnaliser Google pour filtrer les d\u00e9chets\u00a0? Suivez ces \u00e9tapes pour de meilleurs r\u00e9sultats de recherche, notamment<\/p>\n","protected":false},"author":1,"featured_media":10674,"comment_status":"","ping_status":"","sticky":false,"template":"","format":"standard","meta":{"footnotes":""},"categories":[13],"tags":[6266,1250,2509,53,1190,2183,5334,8898],"class_list":["post-10673","post","type-post","status-publish","format-standard","has-post-thumbnail","hentry","category-technologie","tag-corrige","tag-doctobre","tag-failles","tag-jour","tag-microsoft","tag-mise","tag-patch","tag-tuesday","generate-columns","tablet-grid-50","mobile-grid-100","grid-parent","grid-33"],"yoast_head":"<!-- This site is optimized with the Yoast SEO plugin v24.0 - https:\/\/yoast.com\/wordpress\/plugins\/seo\/ -->\n<title>La mise \u00e0 jour \u00ab Patch Tuesday \u00bb d&#039;octobre de Microsoft corrige plus de 170 failles | Vie Associative<\/title>\n<meta name=\"robots\" content=\"index, follow, max-snippet:-1, max-image-preview:large, max-video-preview:-1\" \/>\n<link rel=\"canonical\" href=\"https:\/\/vieassociative.be\/actualites\/la-mise-a-jour-patch-tuesday-doctobre-de-microsoft-corrige-plus-de-170-failles\/\" \/>\n<meta property=\"og:locale\" content=\"fr_FR\" \/>\n<meta property=\"og:type\" content=\"article\" \/>\n<meta property=\"og:title\" content=\"La mise \u00e0 jour \u00ab Patch Tuesday \u00bb d&#039;octobre de Microsoft corrige plus de 170 failles | Vie Associative\" \/>\n<meta property=\"og:description\" content=\"Cela inclut six vuln\u00e9rabilit\u00e9s zero-day. Savez-vous que vous pouvez personnaliser Google pour filtrer les d\u00e9chets\u00a0? Suivez ces \u00e9tapes pour de meilleurs r\u00e9sultats de recherche, notamment\" \/>\n<meta property=\"og:url\" content=\"https:\/\/vieassociative.be\/actualites\/la-mise-a-jour-patch-tuesday-doctobre-de-microsoft-corrige-plus-de-170-failles\/\" \/>\n<meta property=\"og:site_name\" content=\"Vie Associative\" \/>\n<meta property=\"article:published_time\" content=\"2025-10-15T01:19:35+00:00\" \/>\n<meta property=\"og:image\" content=\"https:\/\/vieassociative.be\/actualites\/wp-content\/uploads\/2025\/09\/1757726237_608_Meta-pourrait-devoiler-une-montre-intelligente-pour-controler-ses-lunettes.jpg\" \/>\n<meta name=\"author\" content=\"Julien\" \/>\n<meta name=\"twitter:card\" content=\"summary_large_image\" \/>\n<meta name=\"twitter:label1\" content=\"\u00c9crit par\" \/>\n\t<meta name=\"twitter:data1\" content=\"Julien\" \/>\n\t<meta name=\"twitter:label2\" content=\"Dur\u00e9e de lecture est.\" \/>\n\t<meta name=\"twitter:data2\" content=\"3 minutes\" \/>\n<script type=\"application\/ld+json\" class=\"yoast-schema-graph\">{\"@context\":\"https:\/\/schema.org\",\"@graph\":[{\"@type\":\"Article\",\"@id\":\"https:\/\/vieassociative.be\/actualites\/la-mise-a-jour-patch-tuesday-doctobre-de-microsoft-corrige-plus-de-170-failles\/#article\",\"isPartOf\":{\"@id\":\"https:\/\/vieassociative.be\/actualites\/la-mise-a-jour-patch-tuesday-doctobre-de-microsoft-corrige-plus-de-170-failles\/\"},\"author\":{\"name\":\"Julien\",\"@id\":\"https:\/\/vieassociative.be\/actualites\/#\/schema\/person\/b87ac4f82f9d4e7b7cec7395b679edc4\"},\"headline\":\"La mise \u00e0 jour \u00ab Patch Tuesday \u00bb d&rsquo;octobre de Microsoft corrige plus de 170 failles\",\"datePublished\":\"2025-10-15T01:19:35+00:00\",\"dateModified\":\"2025-10-15T01:19:35+00:00\",\"mainEntityOfPage\":{\"@id\":\"https:\/\/vieassociative.be\/actualites\/la-mise-a-jour-patch-tuesday-doctobre-de-microsoft-corrige-plus-de-170-failles\/\"},\"wordCount\":725,\"publisher\":{\"@id\":\"https:\/\/vieassociative.be\/actualites\/#organization\"},\"image\":{\"@id\":\"https:\/\/vieassociative.be\/actualites\/la-mise-a-jour-patch-tuesday-doctobre-de-microsoft-corrige-plus-de-170-failles\/#primaryimage\"},\"thumbnailUrl\":\"https:\/\/vieassociative.be\/actualites\/wp-content\/uploads\/2025\/10\/La-mise-a-jour-Patch-Tuesday-doctobre-de.jpg\",\"keywords\":[\"corrige\",\"doctobre\",\"failles\",\"jour\",\"Microsoft\",\"mise\",\"patch\",\"Tuesday\"],\"articleSection\":[\"Technologie\"],\"inLanguage\":\"fr-BE\"},{\"@type\":\"WebPage\",\"@id\":\"https:\/\/vieassociative.be\/actualites\/la-mise-a-jour-patch-tuesday-doctobre-de-microsoft-corrige-plus-de-170-failles\/\",\"url\":\"https:\/\/vieassociative.be\/actualites\/la-mise-a-jour-patch-tuesday-doctobre-de-microsoft-corrige-plus-de-170-failles\/\",\"name\":\"La mise \u00e0 jour \u00ab Patch Tuesday \u00bb d'octobre de Microsoft corrige plus de 170 failles | Vie Associative\",\"isPartOf\":{\"@id\":\"https:\/\/vieassociative.be\/actualites\/#website\"},\"primaryImageOfPage\":{\"@id\":\"https:\/\/vieassociative.be\/actualites\/la-mise-a-jour-patch-tuesday-doctobre-de-microsoft-corrige-plus-de-170-failles\/#primaryimage\"},\"image\":{\"@id\":\"https:\/\/vieassociative.be\/actualites\/la-mise-a-jour-patch-tuesday-doctobre-de-microsoft-corrige-plus-de-170-failles\/#primaryimage\"},\"thumbnailUrl\":\"https:\/\/vieassociative.be\/actualites\/wp-content\/uploads\/2025\/10\/La-mise-a-jour-Patch-Tuesday-doctobre-de.jpg\",\"datePublished\":\"2025-10-15T01:19:35+00:00\",\"dateModified\":\"2025-10-15T01:19:35+00:00\",\"breadcrumb\":{\"@id\":\"https:\/\/vieassociative.be\/actualites\/la-mise-a-jour-patch-tuesday-doctobre-de-microsoft-corrige-plus-de-170-failles\/#breadcrumb\"},\"inLanguage\":\"fr-BE\",\"potentialAction\":[{\"@type\":\"ReadAction\",\"target\":[\"https:\/\/vieassociative.be\/actualites\/la-mise-a-jour-patch-tuesday-doctobre-de-microsoft-corrige-plus-de-170-failles\/\"]}]},{\"@type\":\"ImageObject\",\"inLanguage\":\"fr-BE\",\"@id\":\"https:\/\/vieassociative.be\/actualites\/la-mise-a-jour-patch-tuesday-doctobre-de-microsoft-corrige-plus-de-170-failles\/#primaryimage\",\"url\":\"https:\/\/vieassociative.be\/actualites\/wp-content\/uploads\/2025\/10\/La-mise-a-jour-Patch-Tuesday-doctobre-de.jpg\",\"contentUrl\":\"https:\/\/vieassociative.be\/actualites\/wp-content\/uploads\/2025\/10\/La-mise-a-jour-Patch-Tuesday-doctobre-de.jpg\",\"width\":1200,\"height\":675,\"caption\":\"La mise \u00e0 jour \u00ab Patch Tuesday \u00bb d'octobre de Microsoft corrige plus de 170 failles\"},{\"@type\":\"BreadcrumbList\",\"@id\":\"https:\/\/vieassociative.be\/actualites\/la-mise-a-jour-patch-tuesday-doctobre-de-microsoft-corrige-plus-de-170-failles\/#breadcrumb\",\"itemListElement\":[{\"@type\":\"ListItem\",\"position\":1,\"name\":\"Accueil\",\"item\":\"https:\/\/vieassociative.be\/actualites\/\"},{\"@type\":\"ListItem\",\"position\":2,\"name\":\"La mise \u00e0 jour \u00ab Patch Tuesday \u00bb d&rsquo;octobre de Microsoft corrige plus de 170 failles\"}]},{\"@type\":\"WebSite\",\"@id\":\"https:\/\/vieassociative.be\/actualites\/#website\",\"url\":\"https:\/\/vieassociative.be\/actualites\/\",\"name\":\"Vie Associative\",\"description\":\"\",\"publisher\":{\"@id\":\"https:\/\/vieassociative.be\/actualites\/#organization\"},\"potentialAction\":[{\"@type\":\"SearchAction\",\"target\":{\"@type\":\"EntryPoint\",\"urlTemplate\":\"https:\/\/vieassociative.be\/actualites\/?s={search_term_string}\"},\"query-input\":{\"@type\":\"PropertyValueSpecification\",\"valueRequired\":true,\"valueName\":\"search_term_string\"}}],\"inLanguage\":\"fr-BE\"},{\"@type\":\"Organization\",\"@id\":\"https:\/\/vieassociative.be\/actualites\/#organization\",\"name\":\"Vie Associative\",\"url\":\"https:\/\/vieassociative.be\/actualites\/\",\"logo\":{\"@type\":\"ImageObject\",\"inLanguage\":\"fr-BE\",\"@id\":\"https:\/\/vieassociative.be\/actualites\/#\/schema\/logo\/image\/\",\"url\":\"https:\/\/vieassociative.be\/actualites\/wp-content\/uploads\/2024\/09\/cropped-vieassociative_favicon.ico.png\",\"contentUrl\":\"https:\/\/vieassociative.be\/actualites\/wp-content\/uploads\/2024\/09\/cropped-vieassociative_favicon.ico.png\",\"width\":512,\"height\":512,\"caption\":\"Vie Associative\"},\"image\":{\"@id\":\"https:\/\/vieassociative.be\/actualites\/#\/schema\/logo\/image\/\"}},{\"@type\":\"Person\",\"@id\":\"https:\/\/vieassociative.be\/actualites\/#\/schema\/person\/b87ac4f82f9d4e7b7cec7395b679edc4\",\"name\":\"Julien\",\"image\":{\"@type\":\"ImageObject\",\"inLanguage\":\"fr-BE\",\"@id\":\"https:\/\/vieassociative.be\/actualites\/#\/schema\/person\/image\/\",\"url\":\"https:\/\/vieassociative.be\/actualites\/wp-content\/uploads\/2024\/09\/vie-associative-1-150x150.jpg\",\"contentUrl\":\"https:\/\/vieassociative.be\/actualites\/wp-content\/uploads\/2024\/09\/vie-associative-1-150x150.jpg\",\"caption\":\"Julien\"},\"description\":\"Je suis Julien, r\u00e9dacteur pour Vie Associative. Passionn\u00e9 par le monde associatif depuis plus de 10 ans, j'ai \u00e0 c\u0153ur de partager des histoires inspirantes et de mettre en lumi\u00e8re les initiatives locales. Mon objectif est de sensibiliser et d'encourager l'engagement communautaire \u00e0 travers mes articles.\",\"sameAs\":[\"https:\/\/vieassociative.be\/\"]}]}<\/script>\n<!-- \/ Yoast SEO plugin. -->","yoast_head_json":{"title":"La mise \u00e0 jour \u00ab Patch Tuesday \u00bb d'octobre de Microsoft corrige plus de 170 failles | Vie Associative","robots":{"index":"index","follow":"follow","max-snippet":"max-snippet:-1","max-image-preview":"max-image-preview:large","max-video-preview":"max-video-preview:-1"},"canonical":"https:\/\/vieassociative.be\/actualites\/la-mise-a-jour-patch-tuesday-doctobre-de-microsoft-corrige-plus-de-170-failles\/","og_locale":"fr_FR","og_type":"article","og_title":"La mise \u00e0 jour \u00ab Patch Tuesday \u00bb d'octobre de Microsoft corrige plus de 170 failles | Vie Associative","og_description":"Cela inclut six vuln\u00e9rabilit\u00e9s zero-day. Savez-vous que vous pouvez personnaliser Google pour filtrer les d\u00e9chets\u00a0? Suivez ces \u00e9tapes pour de meilleurs r\u00e9sultats de recherche, notamment","og_url":"https:\/\/vieassociative.be\/actualites\/la-mise-a-jour-patch-tuesday-doctobre-de-microsoft-corrige-plus-de-170-failles\/","og_site_name":"Vie Associative","article_published_time":"2025-10-15T01:19:35+00:00","og_image":[{"url":"https:\/\/vieassociative.be\/actualites\/wp-content\/uploads\/2025\/09\/1757726237_608_Meta-pourrait-devoiler-une-montre-intelligente-pour-controler-ses-lunettes.jpg","type":"","width":"","height":""}],"author":"Julien","twitter_card":"summary_large_image","twitter_misc":{"\u00c9crit par":"Julien","Dur\u00e9e de lecture est.":"3 minutes"},"schema":{"@context":"https:\/\/schema.org","@graph":[{"@type":"Article","@id":"https:\/\/vieassociative.be\/actualites\/la-mise-a-jour-patch-tuesday-doctobre-de-microsoft-corrige-plus-de-170-failles\/#article","isPartOf":{"@id":"https:\/\/vieassociative.be\/actualites\/la-mise-a-jour-patch-tuesday-doctobre-de-microsoft-corrige-plus-de-170-failles\/"},"author":{"name":"Julien","@id":"https:\/\/vieassociative.be\/actualites\/#\/schema\/person\/b87ac4f82f9d4e7b7cec7395b679edc4"},"headline":"La mise \u00e0 jour \u00ab Patch Tuesday \u00bb d&rsquo;octobre de Microsoft corrige plus de 170 failles","datePublished":"2025-10-15T01:19:35+00:00","dateModified":"2025-10-15T01:19:35+00:00","mainEntityOfPage":{"@id":"https:\/\/vieassociative.be\/actualites\/la-mise-a-jour-patch-tuesday-doctobre-de-microsoft-corrige-plus-de-170-failles\/"},"wordCount":725,"publisher":{"@id":"https:\/\/vieassociative.be\/actualites\/#organization"},"image":{"@id":"https:\/\/vieassociative.be\/actualites\/la-mise-a-jour-patch-tuesday-doctobre-de-microsoft-corrige-plus-de-170-failles\/#primaryimage"},"thumbnailUrl":"https:\/\/vieassociative.be\/actualites\/wp-content\/uploads\/2025\/10\/La-mise-a-jour-Patch-Tuesday-doctobre-de.jpg","keywords":["corrige","doctobre","failles","jour","Microsoft","mise","patch","Tuesday"],"articleSection":["Technologie"],"inLanguage":"fr-BE"},{"@type":"WebPage","@id":"https:\/\/vieassociative.be\/actualites\/la-mise-a-jour-patch-tuesday-doctobre-de-microsoft-corrige-plus-de-170-failles\/","url":"https:\/\/vieassociative.be\/actualites\/la-mise-a-jour-patch-tuesday-doctobre-de-microsoft-corrige-plus-de-170-failles\/","name":"La mise \u00e0 jour \u00ab Patch Tuesday \u00bb d'octobre de Microsoft corrige plus de 170 failles | Vie Associative","isPartOf":{"@id":"https:\/\/vieassociative.be\/actualites\/#website"},"primaryImageOfPage":{"@id":"https:\/\/vieassociative.be\/actualites\/la-mise-a-jour-patch-tuesday-doctobre-de-microsoft-corrige-plus-de-170-failles\/#primaryimage"},"image":{"@id":"https:\/\/vieassociative.be\/actualites\/la-mise-a-jour-patch-tuesday-doctobre-de-microsoft-corrige-plus-de-170-failles\/#primaryimage"},"thumbnailUrl":"https:\/\/vieassociative.be\/actualites\/wp-content\/uploads\/2025\/10\/La-mise-a-jour-Patch-Tuesday-doctobre-de.jpg","datePublished":"2025-10-15T01:19:35+00:00","dateModified":"2025-10-15T01:19:35+00:00","breadcrumb":{"@id":"https:\/\/vieassociative.be\/actualites\/la-mise-a-jour-patch-tuesday-doctobre-de-microsoft-corrige-plus-de-170-failles\/#breadcrumb"},"inLanguage":"fr-BE","potentialAction":[{"@type":"ReadAction","target":["https:\/\/vieassociative.be\/actualites\/la-mise-a-jour-patch-tuesday-doctobre-de-microsoft-corrige-plus-de-170-failles\/"]}]},{"@type":"ImageObject","inLanguage":"fr-BE","@id":"https:\/\/vieassociative.be\/actualites\/la-mise-a-jour-patch-tuesday-doctobre-de-microsoft-corrige-plus-de-170-failles\/#primaryimage","url":"https:\/\/vieassociative.be\/actualites\/wp-content\/uploads\/2025\/10\/La-mise-a-jour-Patch-Tuesday-doctobre-de.jpg","contentUrl":"https:\/\/vieassociative.be\/actualites\/wp-content\/uploads\/2025\/10\/La-mise-a-jour-Patch-Tuesday-doctobre-de.jpg","width":1200,"height":675,"caption":"La mise \u00e0 jour \u00ab Patch Tuesday \u00bb d'octobre de Microsoft corrige plus de 170 failles"},{"@type":"BreadcrumbList","@id":"https:\/\/vieassociative.be\/actualites\/la-mise-a-jour-patch-tuesday-doctobre-de-microsoft-corrige-plus-de-170-failles\/#breadcrumb","itemListElement":[{"@type":"ListItem","position":1,"name":"Accueil","item":"https:\/\/vieassociative.be\/actualites\/"},{"@type":"ListItem","position":2,"name":"La mise \u00e0 jour \u00ab Patch Tuesday \u00bb d&rsquo;octobre de Microsoft corrige plus de 170 failles"}]},{"@type":"WebSite","@id":"https:\/\/vieassociative.be\/actualites\/#website","url":"https:\/\/vieassociative.be\/actualites\/","name":"Vie Associative","description":"","publisher":{"@id":"https:\/\/vieassociative.be\/actualites\/#organization"},"potentialAction":[{"@type":"SearchAction","target":{"@type":"EntryPoint","urlTemplate":"https:\/\/vieassociative.be\/actualites\/?s={search_term_string}"},"query-input":{"@type":"PropertyValueSpecification","valueRequired":true,"valueName":"search_term_string"}}],"inLanguage":"fr-BE"},{"@type":"Organization","@id":"https:\/\/vieassociative.be\/actualites\/#organization","name":"Vie Associative","url":"https:\/\/vieassociative.be\/actualites\/","logo":{"@type":"ImageObject","inLanguage":"fr-BE","@id":"https:\/\/vieassociative.be\/actualites\/#\/schema\/logo\/image\/","url":"https:\/\/vieassociative.be\/actualites\/wp-content\/uploads\/2024\/09\/cropped-vieassociative_favicon.ico.png","contentUrl":"https:\/\/vieassociative.be\/actualites\/wp-content\/uploads\/2024\/09\/cropped-vieassociative_favicon.ico.png","width":512,"height":512,"caption":"Vie Associative"},"image":{"@id":"https:\/\/vieassociative.be\/actualites\/#\/schema\/logo\/image\/"}},{"@type":"Person","@id":"https:\/\/vieassociative.be\/actualites\/#\/schema\/person\/b87ac4f82f9d4e7b7cec7395b679edc4","name":"Julien","image":{"@type":"ImageObject","inLanguage":"fr-BE","@id":"https:\/\/vieassociative.be\/actualites\/#\/schema\/person\/image\/","url":"https:\/\/vieassociative.be\/actualites\/wp-content\/uploads\/2024\/09\/vie-associative-1-150x150.jpg","contentUrl":"https:\/\/vieassociative.be\/actualites\/wp-content\/uploads\/2024\/09\/vie-associative-1-150x150.jpg","caption":"Julien"},"description":"Je suis Julien, r\u00e9dacteur pour Vie Associative. Passionn\u00e9 par le monde associatif depuis plus de 10 ans, j'ai \u00e0 c\u0153ur de partager des histoires inspirantes et de mettre en lumi\u00e8re les initiatives locales. Mon objectif est de sensibiliser et d'encourager l'engagement communautaire \u00e0 travers mes articles.","sameAs":["https:\/\/vieassociative.be\/"]}]}},"_links":{"self":[{"href":"https:\/\/vieassociative.be\/actualites\/wp-json\/wp\/v2\/posts\/10673"}],"collection":[{"href":"https:\/\/vieassociative.be\/actualites\/wp-json\/wp\/v2\/posts"}],"about":[{"href":"https:\/\/vieassociative.be\/actualites\/wp-json\/wp\/v2\/types\/post"}],"author":[{"embeddable":true,"href":"https:\/\/vieassociative.be\/actualites\/wp-json\/wp\/v2\/users\/1"}],"replies":[{"embeddable":true,"href":"https:\/\/vieassociative.be\/actualites\/wp-json\/wp\/v2\/comments?post=10673"}],"version-history":[{"count":0,"href":"https:\/\/vieassociative.be\/actualites\/wp-json\/wp\/v2\/posts\/10673\/revisions"}],"wp:featuredmedia":[{"embeddable":true,"href":"https:\/\/vieassociative.be\/actualites\/wp-json\/wp\/v2\/media\/10674"}],"wp:attachment":[{"href":"https:\/\/vieassociative.be\/actualites\/wp-json\/wp\/v2\/media?parent=10673"}],"wp:term":[{"taxonomy":"category","embeddable":true,"href":"https:\/\/vieassociative.be\/actualites\/wp-json\/wp\/v2\/categories?post=10673"},{"taxonomy":"post_tag","embeddable":true,"href":"https:\/\/vieassociative.be\/actualites\/wp-json\/wp\/v2\/tags?post=10673"}],"curies":[{"name":"wp","href":"https:\/\/api.w.org\/{rel}","templated":true}]}}