{"id":10670,"date":"2025-10-14T22:17:21","date_gmt":"2025-10-14T20:17:21","guid":{"rendered":"https:\/\/vieassociative.be\/actualites\/80-000-a-140-000-participants-et-quelques-trublions-masques-au-rassemblement-national-a-bruxelles\/"},"modified":"2025-10-14T22:17:21","modified_gmt":"2025-10-14T20:17:21","slug":"80-000-a-140-000-participants-et-quelques-trublions-masques-au-rassemblement-national-a-bruxelles","status":"publish","type":"post","link":"https:\/\/vieassociative.be\/actualites\/80-000-a-140-000-participants-et-quelques-trublions-masques-au-rassemblement-national-a-bruxelles\/","title":{"rendered":"80.000 \u00e0 140.000 participants et quelques trublions masqu\u00e9s au rassemblement national \u00e0 Bruxelles"},"content":{"rendered":"<p><strong>Entre 80.000 &#8211; selon la police &#8211; et 140.000 manifestants &#8211; selon le leader du syndicat socialiste Thierry Bodson &#8211; ont pris part mardi au grand rassemblement national \u00e0 Bruxelles. Ils ont suivi l&rsquo;appel des syndicats \u00e0 dire non \u00e0 la \u00ab rupture sociale de l&rsquo;Arizona \u00bb et aux diff\u00e9rentes r\u00e9formes du gouvernement de Bart De Wever (N-VA).<\/strong><\/p>\n<p><span id=\"more-427175\"><\/span>\u00ab Arizona \u00bb fait r\u00e9f\u00e9rence \u00e0 la coalition N-VA, MR, Vooruit, Les Engag\u00e9s et CD&#038;V.<\/p>\n<p>La longue manifestation s&rsquo;est d\u00e9roul\u00e9e en grande partie dans le calme. A la fin du cort\u00e8ge, il y a eu quelques affrontements entre des personnes masqu\u00e9es et les forces de l&rsquo;ordre.<\/p>\n<p>Le train a d\u00e9marr\u00e9 vers 10h45 \u00e0 la Gare du Nord et est reparti vers 12h00. \u00e0 la Gare du Sud. L\u00e0, les manifestants ont remont\u00e9 leurs trains et leurs bus.<\/p>\n<p>La manifestation du 14 octobre \u00e9tait organis\u00e9e par un front syndical commun. Les repr\u00e9sentants syndicaux ont voulu faire entendre leur voix pour d\u00e9noncer \u00ab l&rsquo;effondrement social de l&rsquo;Arizona \u00bb. Ils critiquent l&rsquo;introduction du syst\u00e8me de retraite bonus-malus, la r\u00e9forme des retraites des fonctionnaires, des soldats et des conducteurs de peloton, la nouvelle r\u00e9glementation du travail de nuit et d&rsquo;autres mesures du gouvernement f\u00e9d\u00e9ral.<\/p>\n<div id=\"attachment_427188\" class=\"wp-caption alignleft\" style=\"max-width: 300px\"><img fetchpriority=\"high\" decoding=\"async\" class=\"wp-image-427188 size-medium\" src=\"https:\/\/vieassociative.be\/actualites\/wp-content\/uploads\/2025\/10\/80000-a-140000-participants-et-quelques-trublions-masques-au-rassemblement.jpg\" alt=\"\" width=\"300\" height=\"200\"><\/div>\n<p>Les manifestants ont \u00e9galement protest\u00e9 contre les r\u00e9formes et les mesures prises par les gouvernements r\u00e9gionaux et locaux. Chacun sait que les finances de la F\u00e9d\u00e9ration Wallonie-Bruxelles ne sont pas tout \u00e0 fait roses et que les mesures d&rsquo;aust\u00e9rit\u00e9 annonc\u00e9es suscitent le m\u00e9contentement des enseignants, des \u00e9tudiants et des fonctionnaires.<\/p>\n<p>La manifestation nationale a \u00e9t\u00e9 largement pacifique. A la fin de la manifestation, des affrontements ont toutefois eu lieu entre des personnes masqu\u00e9es et les forces de l&rsquo;ordre. La police de Bruxelles-Capitale\/Ixelles a annonc\u00e9 avoir interpell\u00e9 plusieurs dizaines de personnes.<\/p>\n<p>Les pompiers sont \u00e9galement intervenus pour \u00e9teindre les incendies d\u00e9clench\u00e9s par certains manifestants sur la place de l&rsquo;Yser. La police a \u00e9galement constat\u00e9 que \u00ab des projectiles, des bombes de peinture et des feux d&rsquo;artifice \u00bb avaient \u00e9t\u00e9 lanc\u00e9s en direction du b\u00e2timent du bureau de l&rsquo;immigration, boulevard Pach\u00e9co.<\/p>\n<p>\u00ab\u00a0En raison des d\u00e9g\u00e2ts caus\u00e9s \u00e0 la fa\u00e7ade du b\u00e2timent, nos services ont boucl\u00e9 et interpell\u00e9 les personnes impliqu\u00e9es.\u00a0\u00bb Les forces de l&rsquo;ordre ont \u00e9galement enlev\u00e9 les barricades \u00e9rig\u00e9es par les manifestants sur la voie publique, notamment sur l&rsquo;avenue de la Couronne et le boulevard du Roi Albert.<\/p>\n<p>Cette journ\u00e9e nationale d&rsquo;action a entra\u00een\u00e9 des perturbations dans les transports en bus, tramway et m\u00e9tro du pays. La soci\u00e9t\u00e9 ferroviaire SNCB a cependant \u00e9t\u00e9 relativement \u00e9pargn\u00e9e par les perturbations. Les a\u00e9roports, en revanche, \u00e9taient quasiment \u00e0 l\u2019arr\u00eat. De nombreuses autorit\u00e9s, \u00e9coles, tribunaux, h\u00f4pitaux et prisons fonctionnent \u00e9galement dans une mesure limit\u00e9e.<\/p>\n<div id=\"attachment_427189\" class=\"wp-caption alignleft\" style=\"max-width: 300px\"><img decoding=\"async\" class=\"wp-image-427189 size-medium\" src=\"https:\/\/vieassociative.be\/actualites\/wp-content\/uploads\/2025\/10\/1760473041_915_80000-a-140000-participants-et-quelques-trublions-masques-au-rassemblement.jpg\" alt=\"\" width=\"300\" height=\"200\"  ><\/div>\n<p>Parall\u00e8lement, le syndicat socialiste de la fonction publique, la CGSP, a annonc\u00e9 une nouvelle mobilisation. Ce sera un jour de gr\u00e8ve pour la CGSP, explique Mme Reniers.<br \/>\nCes actions visent \u00e0 d\u00e9noncer les mesures gouvernementales affectant les fonctionnaires, notamment la r\u00e9forme des retraites. Elle assure que les salari\u00e9s du secteur public devront faire de nouvelles concessions. \u00ab Nous avons investi beaucoup de temps dans les n\u00e9gociations, mais nous n&rsquo;avons vu aucune concession concr\u00e8te en r\u00e9ponse \u00e0 nos revendications \u00bb, explique le syndicaliste.<\/p>\n<p>La CGSP estime qu&rsquo;il y a trop peu d&rsquo;investissements dans les services publics. \u00ab Ce sont des services qui n\u00e9cessitent beaucoup de ressources humaines, non seulement dans les soins de sant\u00e9, mais aussi dans l&rsquo;\u00e9ducation, les prisons, les pompiers et la police, pour ne citer que ceux-l\u00e0 \u00bb, explique Mme Reiners. Elle regrette des d\u00e9cisions \u00ab visant \u00e0 r\u00e9duire au minimum les services publics et les effectifs \u00bb.<\/p>\n<p>Le syndicat lib\u00e9ral SLFP doit encore d\u00e9cider en interne s&rsquo;il participera \u00e0 la journ\u00e9e d&rsquo;action, a d\u00e9clar\u00e9 son leader Patrick Roijens. Quant au CSC, le comit\u00e9 national prendra une d\u00e9cision jeudi, a expliqu\u00e9 le vice-pr\u00e9sident du CSC Services publics, St\u00e9phane Deldicque. (cr\u00e9er)<\/p>\n","protected":false},"excerpt":{"rendered":"<p>Entre 80.000 &#8211; selon la police &#8211; et 140.000 manifestants &#8211; selon le leader du syndicat socialiste Thierry Bodson &#8211; ont pris part mardi au<\/p>\n","protected":false},"author":1,"featured_media":10671,"comment_status":"","ping_status":"","sticky":false,"template":"","format":"standard","meta":{"footnotes":""},"categories":[298],"tags":[455,4567,4580,5329,5658,4871,8897],"class_list":["post-10670","post","type-post","status-publish","format-standard","has-post-thumbnail","hentry","category-belgique","tag-bruxelles","tag-masques","tag-national","tag-participants","tag-quelques","tag-rassemblement","tag-trublions","generate-columns","tablet-grid-50","mobile-grid-100","grid-parent","grid-33"],"yoast_head":"<!-- This site is optimized with the Yoast SEO plugin v24.0 - https:\/\/yoast.com\/wordpress\/plugins\/seo\/ -->\n<title>80.000 \u00e0 140.000 participants et quelques trublions masqu\u00e9s au rassemblement national \u00e0 Bruxelles | Vie Associative<\/title>\n<meta name=\"robots\" content=\"index, follow, max-snippet:-1, max-image-preview:large, max-video-preview:-1\" \/>\n<link rel=\"canonical\" href=\"https:\/\/vieassociative.be\/actualites\/80-000-a-140-000-participants-et-quelques-trublions-masques-au-rassemblement-national-a-bruxelles\/\" \/>\n<meta property=\"og:locale\" content=\"fr_FR\" \/>\n<meta property=\"og:type\" content=\"article\" \/>\n<meta property=\"og:title\" content=\"80.000 \u00e0 140.000 participants et quelques trublions masqu\u00e9s au rassemblement national \u00e0 Bruxelles | Vie Associative\" \/>\n<meta property=\"og:description\" content=\"Entre 80.000 &#8211; selon la police &#8211; et 140.000 manifestants &#8211; selon le leader du syndicat socialiste Thierry Bodson &#8211; ont pris part mardi au\" \/>\n<meta property=\"og:url\" content=\"https:\/\/vieassociative.be\/actualites\/80-000-a-140-000-participants-et-quelques-trublions-masques-au-rassemblement-national-a-bruxelles\/\" \/>\n<meta property=\"og:site_name\" content=\"Vie Associative\" \/>\n<meta property=\"article:published_time\" content=\"2025-10-14T20:17:21+00:00\" \/>\n<meta property=\"og:image\" content=\"https:\/\/vieassociative.be\/actualites\/wp-content\/uploads\/2024\/09\/header_backgroundk-01-e1726694325946.png\" \/>\n\t<meta property=\"og:image:width\" content=\"279\" \/>\n\t<meta property=\"og:image:height\" content=\"92\" \/>\n\t<meta property=\"og:image:type\" content=\"image\/png\" \/>\n<meta name=\"author\" content=\"Julien\" \/>\n<meta name=\"twitter:card\" content=\"summary_large_image\" \/>\n<meta name=\"twitter:label1\" content=\"\u00c9crit par\" \/>\n\t<meta name=\"twitter:data1\" content=\"Julien\" \/>\n\t<meta name=\"twitter:label2\" content=\"Dur\u00e9e de lecture est.\" \/>\n\t<meta name=\"twitter:data2\" content=\"3 minutes\" \/>\n<script type=\"application\/ld+json\" class=\"yoast-schema-graph\">{\"@context\":\"https:\/\/schema.org\",\"@graph\":[{\"@type\":\"Article\",\"@id\":\"https:\/\/vieassociative.be\/actualites\/80-000-a-140-000-participants-et-quelques-trublions-masques-au-rassemblement-national-a-bruxelles\/#article\",\"isPartOf\":{\"@id\":\"https:\/\/vieassociative.be\/actualites\/80-000-a-140-000-participants-et-quelques-trublions-masques-au-rassemblement-national-a-bruxelles\/\"},\"author\":{\"name\":\"Julien\",\"@id\":\"https:\/\/vieassociative.be\/actualites\/#\/schema\/person\/b87ac4f82f9d4e7b7cec7395b679edc4\"},\"headline\":\"80.000 \u00e0 140.000 participants et quelques trublions masqu\u00e9s au rassemblement national \u00e0 Bruxelles\",\"datePublished\":\"2025-10-14T20:17:21+00:00\",\"dateModified\":\"2025-10-14T20:17:21+00:00\",\"mainEntityOfPage\":{\"@id\":\"https:\/\/vieassociative.be\/actualites\/80-000-a-140-000-participants-et-quelques-trublions-masques-au-rassemblement-national-a-bruxelles\/\"},\"wordCount\":701,\"publisher\":{\"@id\":\"https:\/\/vieassociative.be\/actualites\/#organization\"},\"image\":{\"@id\":\"https:\/\/vieassociative.be\/actualites\/80-000-a-140-000-participants-et-quelques-trublions-masques-au-rassemblement-national-a-bruxelles\/#primaryimage\"},\"thumbnailUrl\":\"https:\/\/vieassociative.be\/actualites\/wp-content\/uploads\/2025\/10\/1760473042_80000-a-140000-participants-et-quelques-trublions-masques-au-rassemblement.jpg\",\"keywords\":[\"Bruxelles\",\"masques\",\"National\",\"participants\",\"quelques\",\"rassemblement\",\"trublions\"],\"articleSection\":[\"Belgique\"],\"inLanguage\":\"fr-BE\"},{\"@type\":\"WebPage\",\"@id\":\"https:\/\/vieassociative.be\/actualites\/80-000-a-140-000-participants-et-quelques-trublions-masques-au-rassemblement-national-a-bruxelles\/\",\"url\":\"https:\/\/vieassociative.be\/actualites\/80-000-a-140-000-participants-et-quelques-trublions-masques-au-rassemblement-national-a-bruxelles\/\",\"name\":\"80.000 \u00e0 140.000 participants et quelques trublions masqu\u00e9s au rassemblement national \u00e0 Bruxelles | Vie Associative\",\"isPartOf\":{\"@id\":\"https:\/\/vieassociative.be\/actualites\/#website\"},\"primaryImageOfPage\":{\"@id\":\"https:\/\/vieassociative.be\/actualites\/80-000-a-140-000-participants-et-quelques-trublions-masques-au-rassemblement-national-a-bruxelles\/#primaryimage\"},\"image\":{\"@id\":\"https:\/\/vieassociative.be\/actualites\/80-000-a-140-000-participants-et-quelques-trublions-masques-au-rassemblement-national-a-bruxelles\/#primaryimage\"},\"thumbnailUrl\":\"https:\/\/vieassociative.be\/actualites\/wp-content\/uploads\/2025\/10\/1760473042_80000-a-140000-participants-et-quelques-trublions-masques-au-rassemblement.jpg\",\"datePublished\":\"2025-10-14T20:17:21+00:00\",\"dateModified\":\"2025-10-14T20:17:21+00:00\",\"breadcrumb\":{\"@id\":\"https:\/\/vieassociative.be\/actualites\/80-000-a-140-000-participants-et-quelques-trublions-masques-au-rassemblement-national-a-bruxelles\/#breadcrumb\"},\"inLanguage\":\"fr-BE\",\"potentialAction\":[{\"@type\":\"ReadAction\",\"target\":[\"https:\/\/vieassociative.be\/actualites\/80-000-a-140-000-participants-et-quelques-trublions-masques-au-rassemblement-national-a-bruxelles\/\"]}]},{\"@type\":\"ImageObject\",\"inLanguage\":\"fr-BE\",\"@id\":\"https:\/\/vieassociative.be\/actualites\/80-000-a-140-000-participants-et-quelques-trublions-masques-au-rassemblement-national-a-bruxelles\/#primaryimage\",\"url\":\"https:\/\/vieassociative.be\/actualites\/wp-content\/uploads\/2025\/10\/1760473042_80000-a-140000-participants-et-quelques-trublions-masques-au-rassemblement.jpg\",\"contentUrl\":\"https:\/\/vieassociative.be\/actualites\/wp-content\/uploads\/2025\/10\/1760473042_80000-a-140000-participants-et-quelques-trublions-masques-au-rassemblement.jpg\",\"width\":1200,\"height\":800,\"caption\":\"80.000 \u00e0 140.000 participants et quelques trublions masqu\u00e9s au rassemblement national \u00e0 Bruxelles\"},{\"@type\":\"BreadcrumbList\",\"@id\":\"https:\/\/vieassociative.be\/actualites\/80-000-a-140-000-participants-et-quelques-trublions-masques-au-rassemblement-national-a-bruxelles\/#breadcrumb\",\"itemListElement\":[{\"@type\":\"ListItem\",\"position\":1,\"name\":\"Accueil\",\"item\":\"https:\/\/vieassociative.be\/actualites\/\"},{\"@type\":\"ListItem\",\"position\":2,\"name\":\"80.000 \u00e0 140.000 participants et quelques trublions masqu\u00e9s au rassemblement national \u00e0 Bruxelles\"}]},{\"@type\":\"WebSite\",\"@id\":\"https:\/\/vieassociative.be\/actualites\/#website\",\"url\":\"https:\/\/vieassociative.be\/actualites\/\",\"name\":\"Vie Associative\",\"description\":\"\",\"publisher\":{\"@id\":\"https:\/\/vieassociative.be\/actualites\/#organization\"},\"potentialAction\":[{\"@type\":\"SearchAction\",\"target\":{\"@type\":\"EntryPoint\",\"urlTemplate\":\"https:\/\/vieassociative.be\/actualites\/?s={search_term_string}\"},\"query-input\":{\"@type\":\"PropertyValueSpecification\",\"valueRequired\":true,\"valueName\":\"search_term_string\"}}],\"inLanguage\":\"fr-BE\"},{\"@type\":\"Organization\",\"@id\":\"https:\/\/vieassociative.be\/actualites\/#organization\",\"name\":\"Vie Associative\",\"url\":\"https:\/\/vieassociative.be\/actualites\/\",\"logo\":{\"@type\":\"ImageObject\",\"inLanguage\":\"fr-BE\",\"@id\":\"https:\/\/vieassociative.be\/actualites\/#\/schema\/logo\/image\/\",\"url\":\"https:\/\/vieassociative.be\/actualites\/wp-content\/uploads\/2024\/09\/cropped-vieassociative_favicon.ico.png\",\"contentUrl\":\"https:\/\/vieassociative.be\/actualites\/wp-content\/uploads\/2024\/09\/cropped-vieassociative_favicon.ico.png\",\"width\":512,\"height\":512,\"caption\":\"Vie Associative\"},\"image\":{\"@id\":\"https:\/\/vieassociative.be\/actualites\/#\/schema\/logo\/image\/\"}},{\"@type\":\"Person\",\"@id\":\"https:\/\/vieassociative.be\/actualites\/#\/schema\/person\/b87ac4f82f9d4e7b7cec7395b679edc4\",\"name\":\"Julien\",\"image\":{\"@type\":\"ImageObject\",\"inLanguage\":\"fr-BE\",\"@id\":\"https:\/\/vieassociative.be\/actualites\/#\/schema\/person\/image\/\",\"url\":\"https:\/\/vieassociative.be\/actualites\/wp-content\/uploads\/2024\/09\/vie-associative-1-150x150.jpg\",\"contentUrl\":\"https:\/\/vieassociative.be\/actualites\/wp-content\/uploads\/2024\/09\/vie-associative-1-150x150.jpg\",\"caption\":\"Julien\"},\"description\":\"Je suis Julien, r\u00e9dacteur pour Vie Associative. Passionn\u00e9 par le monde associatif depuis plus de 10 ans, j'ai \u00e0 c\u0153ur de partager des histoires inspirantes et de mettre en lumi\u00e8re les initiatives locales. Mon objectif est de sensibiliser et d'encourager l'engagement communautaire \u00e0 travers mes articles.\",\"sameAs\":[\"https:\/\/vieassociative.be\/\"]}]}<\/script>\n<!-- \/ Yoast SEO plugin. -->","yoast_head_json":{"title":"80.000 \u00e0 140.000 participants et quelques trublions masqu\u00e9s au rassemblement national \u00e0 Bruxelles | Vie Associative","robots":{"index":"index","follow":"follow","max-snippet":"max-snippet:-1","max-image-preview":"max-image-preview:large","max-video-preview":"max-video-preview:-1"},"canonical":"https:\/\/vieassociative.be\/actualites\/80-000-a-140-000-participants-et-quelques-trublions-masques-au-rassemblement-national-a-bruxelles\/","og_locale":"fr_FR","og_type":"article","og_title":"80.000 \u00e0 140.000 participants et quelques trublions masqu\u00e9s au rassemblement national \u00e0 Bruxelles | Vie Associative","og_description":"Entre 80.000 &#8211; selon la police &#8211; et 140.000 manifestants &#8211; selon le leader du syndicat socialiste Thierry Bodson &#8211; ont pris part mardi au","og_url":"https:\/\/vieassociative.be\/actualites\/80-000-a-140-000-participants-et-quelques-trublions-masques-au-rassemblement-national-a-bruxelles\/","og_site_name":"Vie Associative","article_published_time":"2025-10-14T20:17:21+00:00","og_image":[{"width":279,"height":92,"url":"https:\/\/vieassociative.be\/actualites\/wp-content\/uploads\/2024\/09\/header_backgroundk-01-e1726694325946.png","type":"image\/png"}],"author":"Julien","twitter_card":"summary_large_image","twitter_misc":{"\u00c9crit par":"Julien","Dur\u00e9e de lecture est.":"3 minutes"},"schema":{"@context":"https:\/\/schema.org","@graph":[{"@type":"Article","@id":"https:\/\/vieassociative.be\/actualites\/80-000-a-140-000-participants-et-quelques-trublions-masques-au-rassemblement-national-a-bruxelles\/#article","isPartOf":{"@id":"https:\/\/vieassociative.be\/actualites\/80-000-a-140-000-participants-et-quelques-trublions-masques-au-rassemblement-national-a-bruxelles\/"},"author":{"name":"Julien","@id":"https:\/\/vieassociative.be\/actualites\/#\/schema\/person\/b87ac4f82f9d4e7b7cec7395b679edc4"},"headline":"80.000 \u00e0 140.000 participants et quelques trublions masqu\u00e9s au rassemblement national \u00e0 Bruxelles","datePublished":"2025-10-14T20:17:21+00:00","dateModified":"2025-10-14T20:17:21+00:00","mainEntityOfPage":{"@id":"https:\/\/vieassociative.be\/actualites\/80-000-a-140-000-participants-et-quelques-trublions-masques-au-rassemblement-national-a-bruxelles\/"},"wordCount":701,"publisher":{"@id":"https:\/\/vieassociative.be\/actualites\/#organization"},"image":{"@id":"https:\/\/vieassociative.be\/actualites\/80-000-a-140-000-participants-et-quelques-trublions-masques-au-rassemblement-national-a-bruxelles\/#primaryimage"},"thumbnailUrl":"https:\/\/vieassociative.be\/actualites\/wp-content\/uploads\/2025\/10\/1760473042_80000-a-140000-participants-et-quelques-trublions-masques-au-rassemblement.jpg","keywords":["Bruxelles","masques","National","participants","quelques","rassemblement","trublions"],"articleSection":["Belgique"],"inLanguage":"fr-BE"},{"@type":"WebPage","@id":"https:\/\/vieassociative.be\/actualites\/80-000-a-140-000-participants-et-quelques-trublions-masques-au-rassemblement-national-a-bruxelles\/","url":"https:\/\/vieassociative.be\/actualites\/80-000-a-140-000-participants-et-quelques-trublions-masques-au-rassemblement-national-a-bruxelles\/","name":"80.000 \u00e0 140.000 participants et quelques trublions masqu\u00e9s au rassemblement national \u00e0 Bruxelles | Vie Associative","isPartOf":{"@id":"https:\/\/vieassociative.be\/actualites\/#website"},"primaryImageOfPage":{"@id":"https:\/\/vieassociative.be\/actualites\/80-000-a-140-000-participants-et-quelques-trublions-masques-au-rassemblement-national-a-bruxelles\/#primaryimage"},"image":{"@id":"https:\/\/vieassociative.be\/actualites\/80-000-a-140-000-participants-et-quelques-trublions-masques-au-rassemblement-national-a-bruxelles\/#primaryimage"},"thumbnailUrl":"https:\/\/vieassociative.be\/actualites\/wp-content\/uploads\/2025\/10\/1760473042_80000-a-140000-participants-et-quelques-trublions-masques-au-rassemblement.jpg","datePublished":"2025-10-14T20:17:21+00:00","dateModified":"2025-10-14T20:17:21+00:00","breadcrumb":{"@id":"https:\/\/vieassociative.be\/actualites\/80-000-a-140-000-participants-et-quelques-trublions-masques-au-rassemblement-national-a-bruxelles\/#breadcrumb"},"inLanguage":"fr-BE","potentialAction":[{"@type":"ReadAction","target":["https:\/\/vieassociative.be\/actualites\/80-000-a-140-000-participants-et-quelques-trublions-masques-au-rassemblement-national-a-bruxelles\/"]}]},{"@type":"ImageObject","inLanguage":"fr-BE","@id":"https:\/\/vieassociative.be\/actualites\/80-000-a-140-000-participants-et-quelques-trublions-masques-au-rassemblement-national-a-bruxelles\/#primaryimage","url":"https:\/\/vieassociative.be\/actualites\/wp-content\/uploads\/2025\/10\/1760473042_80000-a-140000-participants-et-quelques-trublions-masques-au-rassemblement.jpg","contentUrl":"https:\/\/vieassociative.be\/actualites\/wp-content\/uploads\/2025\/10\/1760473042_80000-a-140000-participants-et-quelques-trublions-masques-au-rassemblement.jpg","width":1200,"height":800,"caption":"80.000 \u00e0 140.000 participants et quelques trublions masqu\u00e9s au rassemblement national \u00e0 Bruxelles"},{"@type":"BreadcrumbList","@id":"https:\/\/vieassociative.be\/actualites\/80-000-a-140-000-participants-et-quelques-trublions-masques-au-rassemblement-national-a-bruxelles\/#breadcrumb","itemListElement":[{"@type":"ListItem","position":1,"name":"Accueil","item":"https:\/\/vieassociative.be\/actualites\/"},{"@type":"ListItem","position":2,"name":"80.000 \u00e0 140.000 participants et quelques trublions masqu\u00e9s au rassemblement national \u00e0 Bruxelles"}]},{"@type":"WebSite","@id":"https:\/\/vieassociative.be\/actualites\/#website","url":"https:\/\/vieassociative.be\/actualites\/","name":"Vie Associative","description":"","publisher":{"@id":"https:\/\/vieassociative.be\/actualites\/#organization"},"potentialAction":[{"@type":"SearchAction","target":{"@type":"EntryPoint","urlTemplate":"https:\/\/vieassociative.be\/actualites\/?s={search_term_string}"},"query-input":{"@type":"PropertyValueSpecification","valueRequired":true,"valueName":"search_term_string"}}],"inLanguage":"fr-BE"},{"@type":"Organization","@id":"https:\/\/vieassociative.be\/actualites\/#organization","name":"Vie Associative","url":"https:\/\/vieassociative.be\/actualites\/","logo":{"@type":"ImageObject","inLanguage":"fr-BE","@id":"https:\/\/vieassociative.be\/actualites\/#\/schema\/logo\/image\/","url":"https:\/\/vieassociative.be\/actualites\/wp-content\/uploads\/2024\/09\/cropped-vieassociative_favicon.ico.png","contentUrl":"https:\/\/vieassociative.be\/actualites\/wp-content\/uploads\/2024\/09\/cropped-vieassociative_favicon.ico.png","width":512,"height":512,"caption":"Vie Associative"},"image":{"@id":"https:\/\/vieassociative.be\/actualites\/#\/schema\/logo\/image\/"}},{"@type":"Person","@id":"https:\/\/vieassociative.be\/actualites\/#\/schema\/person\/b87ac4f82f9d4e7b7cec7395b679edc4","name":"Julien","image":{"@type":"ImageObject","inLanguage":"fr-BE","@id":"https:\/\/vieassociative.be\/actualites\/#\/schema\/person\/image\/","url":"https:\/\/vieassociative.be\/actualites\/wp-content\/uploads\/2024\/09\/vie-associative-1-150x150.jpg","contentUrl":"https:\/\/vieassociative.be\/actualites\/wp-content\/uploads\/2024\/09\/vie-associative-1-150x150.jpg","caption":"Julien"},"description":"Je suis Julien, r\u00e9dacteur pour Vie Associative. Passionn\u00e9 par le monde associatif depuis plus de 10 ans, j'ai \u00e0 c\u0153ur de partager des histoires inspirantes et de mettre en lumi\u00e8re les initiatives locales. Mon objectif est de sensibiliser et d'encourager l'engagement communautaire \u00e0 travers mes articles.","sameAs":["https:\/\/vieassociative.be\/"]}]}},"_links":{"self":[{"href":"https:\/\/vieassociative.be\/actualites\/wp-json\/wp\/v2\/posts\/10670"}],"collection":[{"href":"https:\/\/vieassociative.be\/actualites\/wp-json\/wp\/v2\/posts"}],"about":[{"href":"https:\/\/vieassociative.be\/actualites\/wp-json\/wp\/v2\/types\/post"}],"author":[{"embeddable":true,"href":"https:\/\/vieassociative.be\/actualites\/wp-json\/wp\/v2\/users\/1"}],"replies":[{"embeddable":true,"href":"https:\/\/vieassociative.be\/actualites\/wp-json\/wp\/v2\/comments?post=10670"}],"version-history":[{"count":0,"href":"https:\/\/vieassociative.be\/actualites\/wp-json\/wp\/v2\/posts\/10670\/revisions"}],"wp:featuredmedia":[{"embeddable":true,"href":"https:\/\/vieassociative.be\/actualites\/wp-json\/wp\/v2\/media\/10671"}],"wp:attachment":[{"href":"https:\/\/vieassociative.be\/actualites\/wp-json\/wp\/v2\/media?parent=10670"}],"wp:term":[{"taxonomy":"category","embeddable":true,"href":"https:\/\/vieassociative.be\/actualites\/wp-json\/wp\/v2\/categories?post=10670"},{"taxonomy":"post_tag","embeddable":true,"href":"https:\/\/vieassociative.be\/actualites\/wp-json\/wp\/v2\/tags?post=10670"}],"curies":[{"name":"wp","href":"https:\/\/api.w.org\/{rel}","templated":true}]}}