{"id":1067,"date":"2024-10-10T14:17:36","date_gmt":"2024-10-10T12:17:36","guid":{"rendered":"https:\/\/vieassociative.be\/actualites\/les-pommes-de-terre-en-conserve-ont-ete-concues-pour-la-friteuse-a-air\/"},"modified":"2024-10-10T14:17:36","modified_gmt":"2024-10-10T12:17:36","slug":"les-pommes-de-terre-en-conserve-ont-ete-concues-pour-la-friteuse-a-air","status":"publish","type":"post","link":"https:\/\/vieassociative.be\/actualites\/les-pommes-de-terre-en-conserve-ont-ete-concues-pour-la-friteuse-a-air\/","title":{"rendered":"Les pommes de terre en conserve ont \u00e9t\u00e9 con\u00e7ues pour la friteuse \u00e0 air"},"content":{"rendered":"<div class=\"mt-4 leading-6 md:mb-8\">Je pr\u00e9f\u00e8re les pr\u00e9-tranch\u00e9s, car vous obtenez plus de surface dor\u00e9e par pomme de terre, et c&rsquo;est tout l&rsquo;int\u00e9r\u00eat.<\/div>\n<p><\/p>\n<p>Certaines hypoth\u00e8ses concernant la cuisine du Sud ne s&rsquo;appliquent pas \u00e0 moi, principalement celles qui reposent sur le concept selon lequel la plupart des plats du Sud sont faits maison. Ma famille a \u00e9t\u00e9 assez pauvre pendant tr\u00e8s longtemps \u2013 je suis \u00e0 deux ou trois g\u00e9n\u00e9rations de vivre dans une maison au sol en terre battue, selon la branche de l&rsquo;arbre g\u00e9n\u00e9alogique que vous suivez \u2013 et cela a influenc\u00e9 la fa\u00e7on dont mes grands-parents cuisinaient et mangeaient.<\/p>\n<p>Tout faire \u00e0 partir de z\u00e9ro, c&rsquo;est bien et vertueux quand on a de l&rsquo;argent et du temps, mais c&rsquo;est vraiment emb\u00eatant si vous manquez dans l&rsquo;un ou l&rsquo;autre d\u00e9partement. Ayant grandi dans la pauvret\u00e9 et dans une r\u00e9gion o\u00f9 la p\u00e9nurie alimentaire augmentait, mes grands-parents ont adopt\u00e9 les plats cuisin\u00e9s \u2013 en conserve, en bo\u00eete et surgel\u00e9s \u2013 d\u00e8s leur apparition sur les \u00e9tag\u00e8res de Piggly Wiggly, et ils n&rsquo;ont jamais regard\u00e9 en arri\u00e8re.<\/p>\n<p>Et m\u00eame si je pr\u00e9f\u00e8re presque toujours un l\u00e9gume frais (ou surgel\u00e9) \u00e0 un l\u00e9gume en conserve, j&rsquo;ai un faible pour les pommes de terre en conserve, qui apparaissaient toujours avec le r\u00f4ti de ma grand-m\u00e8re (qui \u00e9tait recouvert de cr\u00e8me de champignons et fortement assaisonn\u00e9 d&rsquo;ail). sel).<\/p>\n<p>Ces sensations floues de pomme de terre me sont revenues hier, lorsque j&rsquo;ai lu ce charmant \u00e9crit de Daniel M. Lavery sur le sujet. Lavery y vante les pommes de terre en conserve pour leur c\u00f4t\u00e9 pratique incontest\u00e9, notamment au niveau de la planification des repas. Plut\u00f4t que de pr\u00e9-bouillir des pommes de terre le dimanche en pr\u00e9voyant de les croustillantes ou de les \u00e9craser dans la semaine, vous ne pouvez absolument rien faire, car les pommes de terre en conserve sont toujours pr\u00eates \u00e0 l&#8217;emploi :<\/p>\n<blockquote>\n<p>Mais les pommes de terre en conserve sont des pommes de terre pr\u00e9cuites, \u00e0 bien des \u00e9gards plus pratiques et flexibles que les pommes de terre surgel\u00e9es (qui ont d\u00e9j\u00e0 \u00e9t\u00e9 transform\u00e9es en frites ou en pommes de terre rissol\u00e9es ou sous une autre forme pr\u00e9d\u00e9termin\u00e9e). Ils sont meilleurs lorsque vous les faites croustillants vous-m\u00eame (qu&rsquo;ils soient r\u00f4tis, coup\u00e9s en hachis, gratin\u00e9s, po\u00eal\u00e9s ou frits, etc.), mais parfaitement servis en pur\u00e9e (selon votre d\u00e9finition de servi, je ne dis pas de les servir pour Thanksgiving. mais cela peut \u00eatre transform\u00e9 en un d\u00eener solo tr\u00e8s int\u00e9ressant). Le pire dans le r\u00f4tissage des pommes de terre est toujours l&rsquo;\u00e9bullition difficile, sans laquelle elles sont in\u00e9vitablement coriaces et dures comme la pierre, vous pouvez donc passer directement \u00e0 la partie amusante du brunissage.<\/p>\n<\/blockquote>\n<p>La partie amusante du brunissage est ce qui m&rsquo;int\u00e9resse le plus. Je n&rsquo;utiliserais pas de patates en conserve pour une pur\u00e9e &#8211; du moins pas sans beaucoup de THC \u00e0 bord &#8211; mais lorsqu&rsquo;elles sont enrob\u00e9es d&rsquo;une d\u00e9licieuse graisse, comme la graisse de bacon, et assaisonn\u00e9es. avec du sel et du MSG, les pommes de terre en conserve pr\u00e9tranch\u00e9es peuvent \u00eatre transform\u00e9es en une d\u00e9licieuse collation sal\u00e9e et croustillante en tr\u00e8s peu de temps, surtout si vous disposez d&rsquo;une friteuse \u00e0 air.<\/p>\n<p>En combinant la commodit\u00e9 des pommes de terre en conserve avec les vents fouettants d&rsquo;un puissant petit four \u00e0 convection, vous pouvez avoir des pommes de terre croustillantes et dor\u00e9es pr\u00eates \u00e0 manger en 15 minutes si vous utilisez les patates tranch\u00e9es, ou 25 si vous prenez une bo\u00eete de pommes de terre en conserve. entier. Les deux sont bons, mais je pr\u00e9f\u00e8re les pr\u00e9-tranch\u00e9s, car vous obtenez plus de surface dor\u00e9e par pomme de terre, et c&rsquo;est tout l&rsquo;int\u00e9r\u00eat. Ne vous inqui\u00e9tez pas, vos amis et votre famille ne pourront pas dire que les pommes de terre que vous leur donnez proviennent d&rsquo;une bo\u00eete de conserve \u00e0 80 cents, \u00e0 moins que vous ne le leur disiez. <\/p>\n<h2 id=\"crispy-air-fried-canned-potatoes\">Pommes de terre en conserve croustillantes frites \u00e0 l&rsquo;air<\/h2>\n<p><strong>Ingr\u00e9dients:<\/strong><\/p>\n<ul>\n<li>\n<p>1 bo\u00eete de pommes de terre tranch\u00e9es<\/p>\n<\/li>\n<li>\n<p>1 cuill\u00e8re \u00e0 soupe de graisse de bacon<\/p>\n<\/li>\n<li>\n<p>Sel et MSG, ou tout m\u00e9lange d&rsquo;assaisonnements de votre choix, au go\u00fbt<\/p>\n<\/li>\n<\/ul>\n<p>\u00c9gouttez les pommes de terre, rincez-les et s\u00e9chez-les avec du papier absorbant. Faire fondre la graisse de bacon si n\u00e9cessaire et m\u00e9langer avec les pommes de terre dans un bol \u00e0 m\u00e9langer. Faites-les cuire dans une friteuse chauff\u00e9e \u00e0 400\u2109 pendant 15 minutes, jusqu&rsquo;\u00e0 ce qu&rsquo;ils soient dor\u00e9s et croustillants. Transf\u00e9rer sur du papier absorbant et assaisonner avec l&rsquo;assaisonnement de votre choix. Servir avec de la cr\u00e8me sure pour tremper, si vous le souhaitez.<\/p>\n<p><\/p>\n","protected":false},"excerpt":{"rendered":"<p>Je pr\u00e9f\u00e8re les pr\u00e9-tranch\u00e9s, car vous obtenez plus de surface dor\u00e9e par pomme de terre, et c&rsquo;est tout l&rsquo;int\u00e9r\u00eat. Certaines hypoth\u00e8ses concernant la cuisine du<\/p>\n","protected":false},"author":1,"featured_media":1068,"comment_status":"","ping_status":"","sticky":false,"template":"","format":"standard","meta":{"footnotes":""},"categories":[39],"tags":[1327,1616,1615,217,1326,14,1374,704,81,1166],"class_list":["post-1067","post","type-post","status-publish","format-standard","has-post-thumbnail","hentry","category-gastronomie","tag-air","tag-concues","tag-conserve","tag-ete","tag-friteuse","tag-les","tag-ont","tag-pommes","tag-pour","tag-terre","generate-columns","tablet-grid-50","mobile-grid-100","grid-parent","grid-33"],"yoast_head":"<!-- This site is optimized with the Yoast SEO plugin v24.0 - https:\/\/yoast.com\/wordpress\/plugins\/seo\/ -->\n<title>Les pommes de terre en conserve ont \u00e9t\u00e9 con\u00e7ues pour la friteuse \u00e0 air | Vie Associative<\/title>\n<meta name=\"robots\" content=\"index, follow, max-snippet:-1, max-image-preview:large, max-video-preview:-1\" \/>\n<link rel=\"canonical\" href=\"https:\/\/vieassociative.be\/actualites\/les-pommes-de-terre-en-conserve-ont-ete-concues-pour-la-friteuse-a-air\/\" \/>\n<meta property=\"og:locale\" content=\"fr_FR\" \/>\n<meta property=\"og:type\" content=\"article\" \/>\n<meta property=\"og:title\" content=\"Les pommes de terre en conserve ont \u00e9t\u00e9 con\u00e7ues pour la friteuse \u00e0 air | Vie Associative\" \/>\n<meta property=\"og:description\" content=\"Je pr\u00e9f\u00e8re les pr\u00e9-tranch\u00e9s, car vous obtenez plus de surface dor\u00e9e par pomme de terre, et c&rsquo;est tout l&rsquo;int\u00e9r\u00eat. Certaines hypoth\u00e8ses concernant la cuisine du\" \/>\n<meta property=\"og:url\" content=\"https:\/\/vieassociative.be\/actualites\/les-pommes-de-terre-en-conserve-ont-ete-concues-pour-la-friteuse-a-air\/\" \/>\n<meta property=\"og:site_name\" content=\"Vie Associative\" \/>\n<meta property=\"article:published_time\" content=\"2024-10-10T12:17:36+00:00\" \/>\n<meta property=\"og:image\" content=\"https:\/\/vieassociative.be\/actualites\/wp-content\/uploads\/2024\/09\/header_backgroundk-01-e1726694325946.png\" \/>\n\t<meta property=\"og:image:width\" content=\"279\" \/>\n\t<meta property=\"og:image:height\" content=\"92\" \/>\n\t<meta property=\"og:image:type\" content=\"image\/png\" \/>\n<meta name=\"author\" content=\"Julien\" \/>\n<meta name=\"twitter:card\" content=\"summary_large_image\" \/>\n<meta name=\"twitter:label1\" content=\"\u00c9crit par\" \/>\n\t<meta name=\"twitter:data1\" content=\"Julien\" \/>\n\t<meta name=\"twitter:label2\" content=\"Dur\u00e9e de lecture est.\" \/>\n\t<meta name=\"twitter:data2\" content=\"4 minutes\" \/>\n<script type=\"application\/ld+json\" class=\"yoast-schema-graph\">{\"@context\":\"https:\/\/schema.org\",\"@graph\":[{\"@type\":\"Article\",\"@id\":\"https:\/\/vieassociative.be\/actualites\/les-pommes-de-terre-en-conserve-ont-ete-concues-pour-la-friteuse-a-air\/#article\",\"isPartOf\":{\"@id\":\"https:\/\/vieassociative.be\/actualites\/les-pommes-de-terre-en-conserve-ont-ete-concues-pour-la-friteuse-a-air\/\"},\"author\":{\"name\":\"Julien\",\"@id\":\"https:\/\/vieassociative.be\/actualites\/#\/schema\/person\/b87ac4f82f9d4e7b7cec7395b679edc4\"},\"headline\":\"Les pommes de terre en conserve ont \u00e9t\u00e9 con\u00e7ues pour la friteuse \u00e0 air\",\"datePublished\":\"2024-10-10T12:17:36+00:00\",\"dateModified\":\"2024-10-10T12:17:36+00:00\",\"mainEntityOfPage\":{\"@id\":\"https:\/\/vieassociative.be\/actualites\/les-pommes-de-terre-en-conserve-ont-ete-concues-pour-la-friteuse-a-air\/\"},\"wordCount\":861,\"publisher\":{\"@id\":\"https:\/\/vieassociative.be\/actualites\/#organization\"},\"image\":{\"@id\":\"https:\/\/vieassociative.be\/actualites\/les-pommes-de-terre-en-conserve-ont-ete-concues-pour-la-friteuse-a-air\/#primaryimage\"},\"thumbnailUrl\":\"https:\/\/vieassociative.be\/actualites\/wp-content\/uploads\/2024\/10\/Les-pommes-de-terre-en-conserve-ont-ete-concues-pour.jpg\",\"keywords\":[\"air\",\"con\u00e7ues\",\"conserve\",\"\u00e9t\u00e9\",\"friteuse\",\"Les\",\"ont\",\"pommes\",\"pour\",\"terre\"],\"articleSection\":[\"Gastronomie\"],\"inLanguage\":\"fr-BE\"},{\"@type\":\"WebPage\",\"@id\":\"https:\/\/vieassociative.be\/actualites\/les-pommes-de-terre-en-conserve-ont-ete-concues-pour-la-friteuse-a-air\/\",\"url\":\"https:\/\/vieassociative.be\/actualites\/les-pommes-de-terre-en-conserve-ont-ete-concues-pour-la-friteuse-a-air\/\",\"name\":\"Les pommes de terre en conserve ont \u00e9t\u00e9 con\u00e7ues pour la friteuse \u00e0 air | Vie Associative\",\"isPartOf\":{\"@id\":\"https:\/\/vieassociative.be\/actualites\/#website\"},\"primaryImageOfPage\":{\"@id\":\"https:\/\/vieassociative.be\/actualites\/les-pommes-de-terre-en-conserve-ont-ete-concues-pour-la-friteuse-a-air\/#primaryimage\"},\"image\":{\"@id\":\"https:\/\/vieassociative.be\/actualites\/les-pommes-de-terre-en-conserve-ont-ete-concues-pour-la-friteuse-a-air\/#primaryimage\"},\"thumbnailUrl\":\"https:\/\/vieassociative.be\/actualites\/wp-content\/uploads\/2024\/10\/Les-pommes-de-terre-en-conserve-ont-ete-concues-pour.jpg\",\"datePublished\":\"2024-10-10T12:17:36+00:00\",\"dateModified\":\"2024-10-10T12:17:36+00:00\",\"breadcrumb\":{\"@id\":\"https:\/\/vieassociative.be\/actualites\/les-pommes-de-terre-en-conserve-ont-ete-concues-pour-la-friteuse-a-air\/#breadcrumb\"},\"inLanguage\":\"fr-BE\",\"potentialAction\":[{\"@type\":\"ReadAction\",\"target\":[\"https:\/\/vieassociative.be\/actualites\/les-pommes-de-terre-en-conserve-ont-ete-concues-pour-la-friteuse-a-air\/\"]}]},{\"@type\":\"ImageObject\",\"inLanguage\":\"fr-BE\",\"@id\":\"https:\/\/vieassociative.be\/actualites\/les-pommes-de-terre-en-conserve-ont-ete-concues-pour-la-friteuse-a-air\/#primaryimage\",\"url\":\"https:\/\/vieassociative.be\/actualites\/wp-content\/uploads\/2024\/10\/Les-pommes-de-terre-en-conserve-ont-ete-concues-pour.jpg\",\"contentUrl\":\"https:\/\/vieassociative.be\/actualites\/wp-content\/uploads\/2024\/10\/Les-pommes-de-terre-en-conserve-ont-ete-concues-pour.jpg\",\"width\":1200,\"height\":675,\"caption\":\"Les pommes de terre en conserve ont \u00e9t\u00e9 con\u00e7ues pour la friteuse \u00e0 air\"},{\"@type\":\"BreadcrumbList\",\"@id\":\"https:\/\/vieassociative.be\/actualites\/les-pommes-de-terre-en-conserve-ont-ete-concues-pour-la-friteuse-a-air\/#breadcrumb\",\"itemListElement\":[{\"@type\":\"ListItem\",\"position\":1,\"name\":\"Accueil\",\"item\":\"https:\/\/vieassociative.be\/actualites\/\"},{\"@type\":\"ListItem\",\"position\":2,\"name\":\"Les pommes de terre en conserve ont \u00e9t\u00e9 con\u00e7ues pour la friteuse \u00e0 air\"}]},{\"@type\":\"WebSite\",\"@id\":\"https:\/\/vieassociative.be\/actualites\/#website\",\"url\":\"https:\/\/vieassociative.be\/actualites\/\",\"name\":\"Vie Associative\",\"description\":\"\",\"publisher\":{\"@id\":\"https:\/\/vieassociative.be\/actualites\/#organization\"},\"potentialAction\":[{\"@type\":\"SearchAction\",\"target\":{\"@type\":\"EntryPoint\",\"urlTemplate\":\"https:\/\/vieassociative.be\/actualites\/?s={search_term_string}\"},\"query-input\":{\"@type\":\"PropertyValueSpecification\",\"valueRequired\":true,\"valueName\":\"search_term_string\"}}],\"inLanguage\":\"fr-BE\"},{\"@type\":\"Organization\",\"@id\":\"https:\/\/vieassociative.be\/actualites\/#organization\",\"name\":\"Vie Associative\",\"url\":\"https:\/\/vieassociative.be\/actualites\/\",\"logo\":{\"@type\":\"ImageObject\",\"inLanguage\":\"fr-BE\",\"@id\":\"https:\/\/vieassociative.be\/actualites\/#\/schema\/logo\/image\/\",\"url\":\"https:\/\/vieassociative.be\/actualites\/wp-content\/uploads\/2024\/09\/cropped-vieassociative_favicon.ico.png\",\"contentUrl\":\"https:\/\/vieassociative.be\/actualites\/wp-content\/uploads\/2024\/09\/cropped-vieassociative_favicon.ico.png\",\"width\":512,\"height\":512,\"caption\":\"Vie Associative\"},\"image\":{\"@id\":\"https:\/\/vieassociative.be\/actualites\/#\/schema\/logo\/image\/\"}},{\"@type\":\"Person\",\"@id\":\"https:\/\/vieassociative.be\/actualites\/#\/schema\/person\/b87ac4f82f9d4e7b7cec7395b679edc4\",\"name\":\"Julien\",\"image\":{\"@type\":\"ImageObject\",\"inLanguage\":\"fr-BE\",\"@id\":\"https:\/\/vieassociative.be\/actualites\/#\/schema\/person\/image\/\",\"url\":\"https:\/\/vieassociative.be\/actualites\/wp-content\/uploads\/2024\/09\/vie-associative-1-150x150.jpg\",\"contentUrl\":\"https:\/\/vieassociative.be\/actualites\/wp-content\/uploads\/2024\/09\/vie-associative-1-150x150.jpg\",\"caption\":\"Julien\"},\"description\":\"Je suis Julien, r\u00e9dacteur pour Vie Associative. Passionn\u00e9 par le monde associatif depuis plus de 10 ans, j'ai \u00e0 c\u0153ur de partager des histoires inspirantes et de mettre en lumi\u00e8re les initiatives locales. Mon objectif est de sensibiliser et d'encourager l'engagement communautaire \u00e0 travers mes articles.\",\"sameAs\":[\"https:\/\/vieassociative.be\/\"]}]}<\/script>\n<!-- \/ Yoast SEO plugin. -->","yoast_head_json":{"title":"Les pommes de terre en conserve ont \u00e9t\u00e9 con\u00e7ues pour la friteuse \u00e0 air | Vie Associative","robots":{"index":"index","follow":"follow","max-snippet":"max-snippet:-1","max-image-preview":"max-image-preview:large","max-video-preview":"max-video-preview:-1"},"canonical":"https:\/\/vieassociative.be\/actualites\/les-pommes-de-terre-en-conserve-ont-ete-concues-pour-la-friteuse-a-air\/","og_locale":"fr_FR","og_type":"article","og_title":"Les pommes de terre en conserve ont \u00e9t\u00e9 con\u00e7ues pour la friteuse \u00e0 air | Vie Associative","og_description":"Je pr\u00e9f\u00e8re les pr\u00e9-tranch\u00e9s, car vous obtenez plus de surface dor\u00e9e par pomme de terre, et c&rsquo;est tout l&rsquo;int\u00e9r\u00eat. Certaines hypoth\u00e8ses concernant la cuisine du","og_url":"https:\/\/vieassociative.be\/actualites\/les-pommes-de-terre-en-conserve-ont-ete-concues-pour-la-friteuse-a-air\/","og_site_name":"Vie Associative","article_published_time":"2024-10-10T12:17:36+00:00","og_image":[{"width":279,"height":92,"url":"https:\/\/vieassociative.be\/actualites\/wp-content\/uploads\/2024\/09\/header_backgroundk-01-e1726694325946.png","type":"image\/png"}],"author":"Julien","twitter_card":"summary_large_image","twitter_misc":{"\u00c9crit par":"Julien","Dur\u00e9e de lecture est.":"4 minutes"},"schema":{"@context":"https:\/\/schema.org","@graph":[{"@type":"Article","@id":"https:\/\/vieassociative.be\/actualites\/les-pommes-de-terre-en-conserve-ont-ete-concues-pour-la-friteuse-a-air\/#article","isPartOf":{"@id":"https:\/\/vieassociative.be\/actualites\/les-pommes-de-terre-en-conserve-ont-ete-concues-pour-la-friteuse-a-air\/"},"author":{"name":"Julien","@id":"https:\/\/vieassociative.be\/actualites\/#\/schema\/person\/b87ac4f82f9d4e7b7cec7395b679edc4"},"headline":"Les pommes de terre en conserve ont \u00e9t\u00e9 con\u00e7ues pour la friteuse \u00e0 air","datePublished":"2024-10-10T12:17:36+00:00","dateModified":"2024-10-10T12:17:36+00:00","mainEntityOfPage":{"@id":"https:\/\/vieassociative.be\/actualites\/les-pommes-de-terre-en-conserve-ont-ete-concues-pour-la-friteuse-a-air\/"},"wordCount":861,"publisher":{"@id":"https:\/\/vieassociative.be\/actualites\/#organization"},"image":{"@id":"https:\/\/vieassociative.be\/actualites\/les-pommes-de-terre-en-conserve-ont-ete-concues-pour-la-friteuse-a-air\/#primaryimage"},"thumbnailUrl":"https:\/\/vieassociative.be\/actualites\/wp-content\/uploads\/2024\/10\/Les-pommes-de-terre-en-conserve-ont-ete-concues-pour.jpg","keywords":["air","con\u00e7ues","conserve","\u00e9t\u00e9","friteuse","Les","ont","pommes","pour","terre"],"articleSection":["Gastronomie"],"inLanguage":"fr-BE"},{"@type":"WebPage","@id":"https:\/\/vieassociative.be\/actualites\/les-pommes-de-terre-en-conserve-ont-ete-concues-pour-la-friteuse-a-air\/","url":"https:\/\/vieassociative.be\/actualites\/les-pommes-de-terre-en-conserve-ont-ete-concues-pour-la-friteuse-a-air\/","name":"Les pommes de terre en conserve ont \u00e9t\u00e9 con\u00e7ues pour la friteuse \u00e0 air | Vie Associative","isPartOf":{"@id":"https:\/\/vieassociative.be\/actualites\/#website"},"primaryImageOfPage":{"@id":"https:\/\/vieassociative.be\/actualites\/les-pommes-de-terre-en-conserve-ont-ete-concues-pour-la-friteuse-a-air\/#primaryimage"},"image":{"@id":"https:\/\/vieassociative.be\/actualites\/les-pommes-de-terre-en-conserve-ont-ete-concues-pour-la-friteuse-a-air\/#primaryimage"},"thumbnailUrl":"https:\/\/vieassociative.be\/actualites\/wp-content\/uploads\/2024\/10\/Les-pommes-de-terre-en-conserve-ont-ete-concues-pour.jpg","datePublished":"2024-10-10T12:17:36+00:00","dateModified":"2024-10-10T12:17:36+00:00","breadcrumb":{"@id":"https:\/\/vieassociative.be\/actualites\/les-pommes-de-terre-en-conserve-ont-ete-concues-pour-la-friteuse-a-air\/#breadcrumb"},"inLanguage":"fr-BE","potentialAction":[{"@type":"ReadAction","target":["https:\/\/vieassociative.be\/actualites\/les-pommes-de-terre-en-conserve-ont-ete-concues-pour-la-friteuse-a-air\/"]}]},{"@type":"ImageObject","inLanguage":"fr-BE","@id":"https:\/\/vieassociative.be\/actualites\/les-pommes-de-terre-en-conserve-ont-ete-concues-pour-la-friteuse-a-air\/#primaryimage","url":"https:\/\/vieassociative.be\/actualites\/wp-content\/uploads\/2024\/10\/Les-pommes-de-terre-en-conserve-ont-ete-concues-pour.jpg","contentUrl":"https:\/\/vieassociative.be\/actualites\/wp-content\/uploads\/2024\/10\/Les-pommes-de-terre-en-conserve-ont-ete-concues-pour.jpg","width":1200,"height":675,"caption":"Les pommes de terre en conserve ont \u00e9t\u00e9 con\u00e7ues pour la friteuse \u00e0 air"},{"@type":"BreadcrumbList","@id":"https:\/\/vieassociative.be\/actualites\/les-pommes-de-terre-en-conserve-ont-ete-concues-pour-la-friteuse-a-air\/#breadcrumb","itemListElement":[{"@type":"ListItem","position":1,"name":"Accueil","item":"https:\/\/vieassociative.be\/actualites\/"},{"@type":"ListItem","position":2,"name":"Les pommes de terre en conserve ont \u00e9t\u00e9 con\u00e7ues pour la friteuse \u00e0 air"}]},{"@type":"WebSite","@id":"https:\/\/vieassociative.be\/actualites\/#website","url":"https:\/\/vieassociative.be\/actualites\/","name":"Vie Associative","description":"","publisher":{"@id":"https:\/\/vieassociative.be\/actualites\/#organization"},"potentialAction":[{"@type":"SearchAction","target":{"@type":"EntryPoint","urlTemplate":"https:\/\/vieassociative.be\/actualites\/?s={search_term_string}"},"query-input":{"@type":"PropertyValueSpecification","valueRequired":true,"valueName":"search_term_string"}}],"inLanguage":"fr-BE"},{"@type":"Organization","@id":"https:\/\/vieassociative.be\/actualites\/#organization","name":"Vie Associative","url":"https:\/\/vieassociative.be\/actualites\/","logo":{"@type":"ImageObject","inLanguage":"fr-BE","@id":"https:\/\/vieassociative.be\/actualites\/#\/schema\/logo\/image\/","url":"https:\/\/vieassociative.be\/actualites\/wp-content\/uploads\/2024\/09\/cropped-vieassociative_favicon.ico.png","contentUrl":"https:\/\/vieassociative.be\/actualites\/wp-content\/uploads\/2024\/09\/cropped-vieassociative_favicon.ico.png","width":512,"height":512,"caption":"Vie Associative"},"image":{"@id":"https:\/\/vieassociative.be\/actualites\/#\/schema\/logo\/image\/"}},{"@type":"Person","@id":"https:\/\/vieassociative.be\/actualites\/#\/schema\/person\/b87ac4f82f9d4e7b7cec7395b679edc4","name":"Julien","image":{"@type":"ImageObject","inLanguage":"fr-BE","@id":"https:\/\/vieassociative.be\/actualites\/#\/schema\/person\/image\/","url":"https:\/\/vieassociative.be\/actualites\/wp-content\/uploads\/2024\/09\/vie-associative-1-150x150.jpg","contentUrl":"https:\/\/vieassociative.be\/actualites\/wp-content\/uploads\/2024\/09\/vie-associative-1-150x150.jpg","caption":"Julien"},"description":"Je suis Julien, r\u00e9dacteur pour Vie Associative. Passionn\u00e9 par le monde associatif depuis plus de 10 ans, j'ai \u00e0 c\u0153ur de partager des histoires inspirantes et de mettre en lumi\u00e8re les initiatives locales. Mon objectif est de sensibiliser et d'encourager l'engagement communautaire \u00e0 travers mes articles.","sameAs":["https:\/\/vieassociative.be\/"]}]}},"_links":{"self":[{"href":"https:\/\/vieassociative.be\/actualites\/wp-json\/wp\/v2\/posts\/1067"}],"collection":[{"href":"https:\/\/vieassociative.be\/actualites\/wp-json\/wp\/v2\/posts"}],"about":[{"href":"https:\/\/vieassociative.be\/actualites\/wp-json\/wp\/v2\/types\/post"}],"author":[{"embeddable":true,"href":"https:\/\/vieassociative.be\/actualites\/wp-json\/wp\/v2\/users\/1"}],"replies":[{"embeddable":true,"href":"https:\/\/vieassociative.be\/actualites\/wp-json\/wp\/v2\/comments?post=1067"}],"version-history":[{"count":0,"href":"https:\/\/vieassociative.be\/actualites\/wp-json\/wp\/v2\/posts\/1067\/revisions"}],"wp:featuredmedia":[{"embeddable":true,"href":"https:\/\/vieassociative.be\/actualites\/wp-json\/wp\/v2\/media\/1068"}],"wp:attachment":[{"href":"https:\/\/vieassociative.be\/actualites\/wp-json\/wp\/v2\/media?parent=1067"}],"wp:term":[{"taxonomy":"category","embeddable":true,"href":"https:\/\/vieassociative.be\/actualites\/wp-json\/wp\/v2\/categories?post=1067"},{"taxonomy":"post_tag","embeddable":true,"href":"https:\/\/vieassociative.be\/actualites\/wp-json\/wp\/v2\/tags?post=1067"}],"curies":[{"name":"wp","href":"https:\/\/api.w.org\/{rel}","templated":true}]}}