{"id":10666,"date":"2025-10-14T20:17:00","date_gmt":"2025-10-14T18:17:00","guid":{"rendered":"https:\/\/vieassociative.be\/actualites\/que-faire-maintenant-que-microsoft-ne-prend-plus-en-charge-windows-10\/"},"modified":"2025-10-14T20:17:00","modified_gmt":"2025-10-14T18:17:00","slug":"que-faire-maintenant-que-microsoft-ne-prend-plus-en-charge-windows-10","status":"publish","type":"post","link":"https:\/\/vieassociative.be\/actualites\/que-faire-maintenant-que-microsoft-ne-prend-plus-en-charge-windows-10\/","title":{"rendered":"Que faire maintenant que Microsoft ne prend plus en charge Windows 10"},"content":{"rendered":"<div class=\"mt-4 leading-6 md:mb-8\">Vous pouvez mettre \u00e0 jour vers Windows 11 ou opter pour les mises \u00e0 jour de s\u00e9curit\u00e9 pendant un an suppl\u00e9mentaire.<\/div>\n<p><\/p>\n<p><em>Saviez-vous que vous pouvez personnaliser Google pour filtrer les d\u00e9chets\u00a0? Suivez ces \u00e9tapes<\/em><em>  pour de meilleurs r\u00e9sultats de recherche, notamment en ajoutant mon travail chez Vie Associative comme source pr\u00e9f\u00e9r\u00e9e<\/em><em>.<\/em><\/p>\n<hr>\n<p>C&rsquo;est officiel : depuis le mardi 14 octobre, Microsoft ne prend plus en charge Windows 10. Cela dit, si vous avez allum\u00e9 votre PC Windows 10 ce matin, vous avez lu des titres sugg\u00e9rant le <em>fin<\/em> de Windows 10, vous pourriez \u00eatre un peu confus. Apr\u00e8s tout, votre ordinateur fonctionne toujours. Alors, que se passe-t-il r\u00e9ellement ici ?<\/p>\n<h2 id=\"what-windows-10-end-of-life-really-means\">Ce que signifie r\u00e9ellement la fin de vie de Windows 10<\/h2>\n<p>Comme cela peut maintenant \u00eatre \u00e9vident, Microsoft met fin au support de Windows 10 ne signifie pas que la soci\u00e9t\u00e9 a d\u00e9finitivement arr\u00eat\u00e9 le syst\u00e8me d&rsquo;exploitation. Tous les appareils ex\u00e9cutant encore Windows 10 continueront de fonctionner \u2013 et, en fait, de la m\u00eame mani\u00e8re qu\u2019auparavant. Vous ne remarquerez probablement aucune diff\u00e9rence entre Windows 10 le 14 octobre et le 13 octobre.  <\/p>\n<div class=\"mx-auto mb-12 mt-5 w-full max-w-3xl rounded-md border-2 border-gray-100 p-3 shadow-md md:px-7 md:pb-7 md:pt-5\" id=\"related-video\">\n<div class=\"mb-3 flex items-center md:mb-5\">\n        <img decoding=\"async\" class=\"mr-4 mt-0 h-10 w-10 md:mr-5 md:h-12 md:w-12\" src=\"https:\/\/vieassociative.be\/actualites\/wp-content\/uploads\/2025\/09\/1757726237_608_Meta-pourrait-devoiler-une-montre-intelligente-pour-controler-ses-lunettes.jpg\" alt=\"Logo du pirate de la vie\"><\/p><\/div>\n<div class=\"aspect-video w-full overflow-hidden rounded-md\">\n<div id=\"video-container-01K7HWCEDYDN44ZYF4V68ZW0Q9\"><\/div>\n<\/p><\/div>\n<\/div>\n<p>Le probl\u00e8me n\u2019est pas que Windows 10 ne fonctionnera plus \u00e0 l\u2019avenir ; c&rsquo;est plut\u00f4t que Microsoft ne publiera plus par d\u00e9faut de mises \u00e0 jour de s\u00e9curit\u00e9 pour les utilisateurs de Windows 10. Cela signifie que la prochaine fois que quelqu&rsquo;un d\u00e9couvrira une vuln\u00e9rabilit\u00e9 de s\u00e9curit\u00e9 avec ce syst\u00e8me d&rsquo;exploitation, quelle que soit sa taille, Microsoft n&rsquo;enverra pas de correctif \u00e0 la plupart des utilisateurs de Windows 10. <\/p>\n<p>Le risque li\u00e9 \u00e0 l\u2019utilisation future de Windows 10 commence petit et augmente rapidement. Ce n&rsquo;est que le premier jour de la fin de vie de Windows 10, ce qui signifie qu&rsquo;il y a peu de risques \u00e0 utiliser le syst\u00e8me d&rsquo;exploitation aujourd&rsquo;hui. Cependant, au fil du temps, de plus en plus de failles de s\u00e9curit\u00e9 feront surface. Bient\u00f4t, il y aura un r\u00e9el danger \u00e0 utiliser un PC Windows 10 connect\u00e9 \u00e0 Internet. Il suffit de cliquer sur un lien malveillant dans un courrier ind\u00e9sirable ou de t\u00e9l\u00e9charger un logiciel malveillant d\u00e9guis\u00e9 en logiciel l\u00e9gitime pour que les pirates informatiques attaquent. <\/p>\n<h2 id=\"windows-10-extended-security-updates\">Mises \u00e0 jour de s\u00e9curit\u00e9 \u00e9tendues de Windows 10<\/h2>\n<p>Voici cependant le probl\u00e8me\u00a0: entre les utilisateurs qui ne peuvent pas ou ne veulent pas mettre \u00e0 jour vers Windows 11, ainsi que les organisations qui s&rsquo;appuient sur Windows 10 pour ex\u00e9cuter des programmes et des services sp\u00e9cifiques, il existe toujours un <em>parcelle<\/em> des machines Windows 10 disponibles. Si vous utilisez Windows 10, vous n&rsquo;\u00eates pas seul : certaines estimations estiment la part de march\u00e9 du syst\u00e8me d&rsquo;exploitation \u00e0 40,5 % de toutes les machines Windows. Bien s\u00fbr, il y a plus de PC ex\u00e9cutant Windows 11, mais il pourrait y avoir environ un demi-milliard d\u2019utilisateurs qui viennent de perdre le support officiel de Microsoft. <\/p>\n<p>Microsoft le sait, c&rsquo;est pourquoi cette \u00ab fin de vie \u00bb n&rsquo;est pas vraiment la <em>fin<\/em> pour Windows 10. La soci\u00e9t\u00e9 offre aux utilisateurs de Windows 10 la possibilit\u00e9 de s&rsquo;inscrire aux mises \u00e0 jour de s\u00e9curit\u00e9 \u00e9tendues, ou ESU. Dans le cadre du programme ESU, vous recevrez toujours des correctifs de s\u00e9curit\u00e9 critiques, m\u00eame lorsque vous utilisez Windows 10. Il semble que Microsoft lance en douceur la disparition de Windows 10, mais au moins tous les utilisateurs de Windows 10 ont la possibilit\u00e9 de continuer \u00e0 utiliser le syst\u00e8me d&rsquo;exploitation en toute s\u00e9curit\u00e9. <\/p>\n<p>Cependant, vous ne pouvez pas vous attendre \u00e0 ce que Microsoft inscrive automatiquement votre PC au programme ESU. Vous avez ici l&rsquo;une des trois options suivantes, dont deux gratuites\u00a0:<\/p>\n<ol>\n<li>\n<p>Payez des frais uniques de 30\u00a0$.<\/p>\n<\/li>\n<li>\n<p>Optez pour Windows Backup pour synchroniser votre PC avec le cloud.<\/p>\n<\/li>\n<li>\n<p>\u00c9changez 1 000 points Microsoft Rewards.<\/p>\n<\/li>\n<\/ol>\n<p>Vous retrouverez ces options sur votre PC apr\u00e8s la mise \u00e0 jour vers la derni\u00e8re version possible. De l\u00e0, dirigez-vous vers <strong>Param\u00e8tres > Windows Update<\/strong>et recherchez les options \u00ab La prise en charge de Windows 10 se termine en octobre 2025 \u00bb et \u00ab S&rsquo;inscrire aux mises \u00e0 jour de s\u00e9curit\u00e9 \u00e9tendues pour garantir la s\u00e9curit\u00e9 de votre appareil \u00bb.<\/p>\n<p>Attention toutefois, Microsoft ne consid\u00e8re pas cela comme une solution \u00e0 long terme. Apr\u00e8s tout, cela fait toujours partie du plan de fin de vie de Windows 10. Le programme ESU ne dure que du 15 octobre de cette ann\u00e9e au 13 octobre 2026. Apr\u00e8s <em>que<\/em> \u00c0 ce jour, Microsoft cessera d\u00e9finitivement de publier des mises \u00e0 jour de s\u00e9curit\u00e9 pour Windows 10. De plus, vous ne recevrez que des correctifs de s\u00e9curit\u00e9 : aucune fonctionnalit\u00e9, aucune modification de conception ou assistance technique.<\/p>\n<h2 id=\"updating-to-windows-11\">Mise \u00e0 jour vers Windows 11<\/h2>\n<p>Que ce soit aujourd&rsquo;hui ou le 13 octobre de l&rsquo;ann\u00e9e prochaine, il ne sera pas s\u00fbr d&rsquo;ex\u00e9cuter Windows 10 sur un PC connect\u00e9 \u00e0 Internet sans ces correctifs de s\u00e9curit\u00e9. En tant que tel, votre seule option pour utiliser Windows \u00e0 l\u2019avenir consiste \u00e0 effectuer une mise \u00e0 niveau vers un syst\u00e8me d\u2019exploitation pris en charge activement par Microsoft. Pour le moment, cela signifie Windows 11. <\/p>\n<p>Cela ne signifie pas n\u00e9cessairement acheter un nouveau PC, car Windows 11 peut \u00eatre compatible avec votre machine actuelle. Voici la configuration mat\u00e9rielle minimale requise, telle qu&rsquo;indiqu\u00e9e par Microsoft\u00a0:<\/p>\n<ul>\n<li>\n<p>Processeur : 1 GHz ou plus rapide avec au moins deux c\u0153urs sur une puce 64 bits<\/p>\n<\/li>\n<li>\n<p>M\u00e9moire\u00a0: 4\u00a0Go ou plus<\/p>\n<\/li>\n<li>\n<p>Stockage\u00a0: 64\u00a0Go ou plus<\/p>\n<\/li>\n<li>\n<p>Carte graphique : Compatible avec DirectX 12 ou version ult\u00e9rieure, avec un pilote WDDM 2.0<\/p>\n<\/li>\n<li>\n<p>TPM\u00a0:\u00a0Module de plateforme s\u00e9curis\u00e9e version 2.0 <\/p>\n<\/li>\n<li>\n<p>Affichage\u00a0: 720p ou sup\u00e9rieur, neuf pouces ou plus, avec 8 bits par canal de couleur<\/p>\n<\/li>\n<\/ul>\n<p>Votre PC Windows 10 doit \u00e9galement ex\u00e9cuter Windows 10 version 2004 ou ult\u00e9rieure, et vous devrez au moins ex\u00e9cuter la mise \u00e0 jour de s\u00e9curit\u00e9 du 14 septembre 2021.<\/p>\n<p>Bien que bon nombre de ces exigences semblent assez basiques, celle qui fait tr\u00e9bucher de nombreuses machines par ailleurs performantes est le TPM 2.0. Il s\u2019agit d\u2019une norme de s\u00e9curit\u00e9 qui peut aider \u00e0 pr\u00e9venir les cyberattaques modernes sur Windows, c\u2019est donc formidable de l\u2019avoir. Cependant, si vous poss\u00e9dez un PC ant\u00e9rieur \u00e0 2016, il se peut qu\u2019il ne dispose pas du TPM 2.0. Votre ordinateur est peut-\u00eatre capable d\u2019ex\u00e9cuter Windows 11, mais Microsoft ne l\u2019approuvera pas si vous ne disposez pas de ce mat\u00e9riel de s\u00e9curit\u00e9. <\/p>\n<p>M\u00eame ainsi, vous pouvez contourner Microsoft pour installer Windows 11 sur un PC non pris en charge. Notez simplement que Microsoft n&rsquo;approuve pas cela et peut m\u00eame cesser de prendre en charge votre PC si vous choisissez cette voie, ce qui irait \u00e0 l&rsquo;encontre de l&rsquo;objectif de la mise \u00e0 niveau \u00e0 partir de Windows 10.<\/p>\n","protected":false},"excerpt":{"rendered":"<p>Vous pouvez mettre \u00e0 jour vers Windows 11 ou opter pour les mises \u00e0 jour de s\u00e9curit\u00e9 pendant un an suppl\u00e9mentaire. Saviez-vous que vous pouvez<\/p>\n","protected":false},"author":1,"featured_media":10667,"comment_status":"","ping_status":"","sticky":false,"template":"","format":"standard","meta":{"footnotes":""},"categories":[13],"tags":[3135,127,233,1190,3315,171],"class_list":["post-10666","post","type-post","status-publish","format-standard","has-post-thumbnail","hentry","category-technologie","tag-charge","tag-faire","tag-maintenant","tag-microsoft","tag-prend","tag-windows","generate-columns","tablet-grid-50","mobile-grid-100","grid-parent","grid-33"],"yoast_head":"<!-- This site is optimized with the Yoast SEO plugin v24.0 - https:\/\/yoast.com\/wordpress\/plugins\/seo\/ -->\n<title>Que faire maintenant que Microsoft ne prend plus en charge Windows 10 | Vie Associative<\/title>\n<meta name=\"robots\" content=\"index, follow, max-snippet:-1, max-image-preview:large, max-video-preview:-1\" \/>\n<link rel=\"canonical\" href=\"https:\/\/vieassociative.be\/actualites\/que-faire-maintenant-que-microsoft-ne-prend-plus-en-charge-windows-10\/\" \/>\n<meta property=\"og:locale\" content=\"fr_FR\" \/>\n<meta property=\"og:type\" content=\"article\" \/>\n<meta property=\"og:title\" content=\"Que faire maintenant que Microsoft ne prend plus en charge Windows 10 | Vie Associative\" \/>\n<meta property=\"og:description\" content=\"Vous pouvez mettre \u00e0 jour vers Windows 11 ou opter pour les mises \u00e0 jour de s\u00e9curit\u00e9 pendant un an suppl\u00e9mentaire. Saviez-vous que vous pouvez\" \/>\n<meta property=\"og:url\" content=\"https:\/\/vieassociative.be\/actualites\/que-faire-maintenant-que-microsoft-ne-prend-plus-en-charge-windows-10\/\" \/>\n<meta property=\"og:site_name\" content=\"Vie Associative\" \/>\n<meta property=\"article:published_time\" content=\"2025-10-14T18:17:00+00:00\" \/>\n<meta property=\"og:image\" content=\"https:\/\/vieassociative.be\/actualites\/wp-content\/uploads\/2025\/09\/1757726237_608_Meta-pourrait-devoiler-une-montre-intelligente-pour-controler-ses-lunettes.jpg\" \/>\n<meta name=\"author\" content=\"Julien\" \/>\n<meta name=\"twitter:card\" content=\"summary_large_image\" \/>\n<meta name=\"twitter:label1\" content=\"\u00c9crit par\" \/>\n\t<meta name=\"twitter:data1\" content=\"Julien\" \/>\n\t<meta name=\"twitter:label2\" content=\"Dur\u00e9e de lecture est.\" \/>\n\t<meta name=\"twitter:data2\" content=\"5 minutes\" \/>\n<script type=\"application\/ld+json\" class=\"yoast-schema-graph\">{\"@context\":\"https:\/\/schema.org\",\"@graph\":[{\"@type\":\"Article\",\"@id\":\"https:\/\/vieassociative.be\/actualites\/que-faire-maintenant-que-microsoft-ne-prend-plus-en-charge-windows-10\/#article\",\"isPartOf\":{\"@id\":\"https:\/\/vieassociative.be\/actualites\/que-faire-maintenant-que-microsoft-ne-prend-plus-en-charge-windows-10\/\"},\"author\":{\"name\":\"Julien\",\"@id\":\"https:\/\/vieassociative.be\/actualites\/#\/schema\/person\/b87ac4f82f9d4e7b7cec7395b679edc4\"},\"headline\":\"Que faire maintenant que Microsoft ne prend plus en charge Windows 10\",\"datePublished\":\"2025-10-14T18:17:00+00:00\",\"dateModified\":\"2025-10-14T18:17:00+00:00\",\"mainEntityOfPage\":{\"@id\":\"https:\/\/vieassociative.be\/actualites\/que-faire-maintenant-que-microsoft-ne-prend-plus-en-charge-windows-10\/\"},\"wordCount\":1123,\"publisher\":{\"@id\":\"https:\/\/vieassociative.be\/actualites\/#organization\"},\"image\":{\"@id\":\"https:\/\/vieassociative.be\/actualites\/que-faire-maintenant-que-microsoft-ne-prend-plus-en-charge-windows-10\/#primaryimage\"},\"thumbnailUrl\":\"https:\/\/vieassociative.be\/actualites\/wp-content\/uploads\/2025\/10\/Que-faire-maintenant-que-Microsoft-ne-prend-plus-en-charge.jpg\",\"keywords\":[\"charge\",\"faire\",\"maintenant\",\"Microsoft\",\"prend\",\"Windows\"],\"articleSection\":[\"Technologie\"],\"inLanguage\":\"fr-BE\"},{\"@type\":\"WebPage\",\"@id\":\"https:\/\/vieassociative.be\/actualites\/que-faire-maintenant-que-microsoft-ne-prend-plus-en-charge-windows-10\/\",\"url\":\"https:\/\/vieassociative.be\/actualites\/que-faire-maintenant-que-microsoft-ne-prend-plus-en-charge-windows-10\/\",\"name\":\"Que faire maintenant que Microsoft ne prend plus en charge Windows 10 | Vie Associative\",\"isPartOf\":{\"@id\":\"https:\/\/vieassociative.be\/actualites\/#website\"},\"primaryImageOfPage\":{\"@id\":\"https:\/\/vieassociative.be\/actualites\/que-faire-maintenant-que-microsoft-ne-prend-plus-en-charge-windows-10\/#primaryimage\"},\"image\":{\"@id\":\"https:\/\/vieassociative.be\/actualites\/que-faire-maintenant-que-microsoft-ne-prend-plus-en-charge-windows-10\/#primaryimage\"},\"thumbnailUrl\":\"https:\/\/vieassociative.be\/actualites\/wp-content\/uploads\/2025\/10\/Que-faire-maintenant-que-Microsoft-ne-prend-plus-en-charge.jpg\",\"datePublished\":\"2025-10-14T18:17:00+00:00\",\"dateModified\":\"2025-10-14T18:17:00+00:00\",\"breadcrumb\":{\"@id\":\"https:\/\/vieassociative.be\/actualites\/que-faire-maintenant-que-microsoft-ne-prend-plus-en-charge-windows-10\/#breadcrumb\"},\"inLanguage\":\"fr-BE\",\"potentialAction\":[{\"@type\":\"ReadAction\",\"target\":[\"https:\/\/vieassociative.be\/actualites\/que-faire-maintenant-que-microsoft-ne-prend-plus-en-charge-windows-10\/\"]}]},{\"@type\":\"ImageObject\",\"inLanguage\":\"fr-BE\",\"@id\":\"https:\/\/vieassociative.be\/actualites\/que-faire-maintenant-que-microsoft-ne-prend-plus-en-charge-windows-10\/#primaryimage\",\"url\":\"https:\/\/vieassociative.be\/actualites\/wp-content\/uploads\/2025\/10\/Que-faire-maintenant-que-Microsoft-ne-prend-plus-en-charge.jpg\",\"contentUrl\":\"https:\/\/vieassociative.be\/actualites\/wp-content\/uploads\/2025\/10\/Que-faire-maintenant-que-Microsoft-ne-prend-plus-en-charge.jpg\",\"width\":1200,\"height\":675,\"caption\":\"Que faire maintenant que Microsoft ne prend plus en charge Windows 10\"},{\"@type\":\"BreadcrumbList\",\"@id\":\"https:\/\/vieassociative.be\/actualites\/que-faire-maintenant-que-microsoft-ne-prend-plus-en-charge-windows-10\/#breadcrumb\",\"itemListElement\":[{\"@type\":\"ListItem\",\"position\":1,\"name\":\"Accueil\",\"item\":\"https:\/\/vieassociative.be\/actualites\/\"},{\"@type\":\"ListItem\",\"position\":2,\"name\":\"Que faire maintenant que Microsoft ne prend plus en charge Windows 10\"}]},{\"@type\":\"WebSite\",\"@id\":\"https:\/\/vieassociative.be\/actualites\/#website\",\"url\":\"https:\/\/vieassociative.be\/actualites\/\",\"name\":\"Vie Associative\",\"description\":\"\",\"publisher\":{\"@id\":\"https:\/\/vieassociative.be\/actualites\/#organization\"},\"potentialAction\":[{\"@type\":\"SearchAction\",\"target\":{\"@type\":\"EntryPoint\",\"urlTemplate\":\"https:\/\/vieassociative.be\/actualites\/?s={search_term_string}\"},\"query-input\":{\"@type\":\"PropertyValueSpecification\",\"valueRequired\":true,\"valueName\":\"search_term_string\"}}],\"inLanguage\":\"fr-BE\"},{\"@type\":\"Organization\",\"@id\":\"https:\/\/vieassociative.be\/actualites\/#organization\",\"name\":\"Vie Associative\",\"url\":\"https:\/\/vieassociative.be\/actualites\/\",\"logo\":{\"@type\":\"ImageObject\",\"inLanguage\":\"fr-BE\",\"@id\":\"https:\/\/vieassociative.be\/actualites\/#\/schema\/logo\/image\/\",\"url\":\"https:\/\/vieassociative.be\/actualites\/wp-content\/uploads\/2024\/09\/cropped-vieassociative_favicon.ico.png\",\"contentUrl\":\"https:\/\/vieassociative.be\/actualites\/wp-content\/uploads\/2024\/09\/cropped-vieassociative_favicon.ico.png\",\"width\":512,\"height\":512,\"caption\":\"Vie Associative\"},\"image\":{\"@id\":\"https:\/\/vieassociative.be\/actualites\/#\/schema\/logo\/image\/\"}},{\"@type\":\"Person\",\"@id\":\"https:\/\/vieassociative.be\/actualites\/#\/schema\/person\/b87ac4f82f9d4e7b7cec7395b679edc4\",\"name\":\"Julien\",\"image\":{\"@type\":\"ImageObject\",\"inLanguage\":\"fr-BE\",\"@id\":\"https:\/\/vieassociative.be\/actualites\/#\/schema\/person\/image\/\",\"url\":\"https:\/\/vieassociative.be\/actualites\/wp-content\/uploads\/2024\/09\/vie-associative-1-150x150.jpg\",\"contentUrl\":\"https:\/\/vieassociative.be\/actualites\/wp-content\/uploads\/2024\/09\/vie-associative-1-150x150.jpg\",\"caption\":\"Julien\"},\"description\":\"Je suis Julien, r\u00e9dacteur pour Vie Associative. Passionn\u00e9 par le monde associatif depuis plus de 10 ans, j'ai \u00e0 c\u0153ur de partager des histoires inspirantes et de mettre en lumi\u00e8re les initiatives locales. Mon objectif est de sensibiliser et d'encourager l'engagement communautaire \u00e0 travers mes articles.\",\"sameAs\":[\"https:\/\/vieassociative.be\/\"]}]}<\/script>\n<!-- \/ Yoast SEO plugin. -->","yoast_head_json":{"title":"Que faire maintenant que Microsoft ne prend plus en charge Windows 10 | Vie Associative","robots":{"index":"index","follow":"follow","max-snippet":"max-snippet:-1","max-image-preview":"max-image-preview:large","max-video-preview":"max-video-preview:-1"},"canonical":"https:\/\/vieassociative.be\/actualites\/que-faire-maintenant-que-microsoft-ne-prend-plus-en-charge-windows-10\/","og_locale":"fr_FR","og_type":"article","og_title":"Que faire maintenant que Microsoft ne prend plus en charge Windows 10 | Vie Associative","og_description":"Vous pouvez mettre \u00e0 jour vers Windows 11 ou opter pour les mises \u00e0 jour de s\u00e9curit\u00e9 pendant un an suppl\u00e9mentaire. Saviez-vous que vous pouvez","og_url":"https:\/\/vieassociative.be\/actualites\/que-faire-maintenant-que-microsoft-ne-prend-plus-en-charge-windows-10\/","og_site_name":"Vie Associative","article_published_time":"2025-10-14T18:17:00+00:00","og_image":[{"url":"https:\/\/vieassociative.be\/actualites\/wp-content\/uploads\/2025\/09\/1757726237_608_Meta-pourrait-devoiler-une-montre-intelligente-pour-controler-ses-lunettes.jpg","type":"","width":"","height":""}],"author":"Julien","twitter_card":"summary_large_image","twitter_misc":{"\u00c9crit par":"Julien","Dur\u00e9e de lecture est.":"5 minutes"},"schema":{"@context":"https:\/\/schema.org","@graph":[{"@type":"Article","@id":"https:\/\/vieassociative.be\/actualites\/que-faire-maintenant-que-microsoft-ne-prend-plus-en-charge-windows-10\/#article","isPartOf":{"@id":"https:\/\/vieassociative.be\/actualites\/que-faire-maintenant-que-microsoft-ne-prend-plus-en-charge-windows-10\/"},"author":{"name":"Julien","@id":"https:\/\/vieassociative.be\/actualites\/#\/schema\/person\/b87ac4f82f9d4e7b7cec7395b679edc4"},"headline":"Que faire maintenant que Microsoft ne prend plus en charge Windows 10","datePublished":"2025-10-14T18:17:00+00:00","dateModified":"2025-10-14T18:17:00+00:00","mainEntityOfPage":{"@id":"https:\/\/vieassociative.be\/actualites\/que-faire-maintenant-que-microsoft-ne-prend-plus-en-charge-windows-10\/"},"wordCount":1123,"publisher":{"@id":"https:\/\/vieassociative.be\/actualites\/#organization"},"image":{"@id":"https:\/\/vieassociative.be\/actualites\/que-faire-maintenant-que-microsoft-ne-prend-plus-en-charge-windows-10\/#primaryimage"},"thumbnailUrl":"https:\/\/vieassociative.be\/actualites\/wp-content\/uploads\/2025\/10\/Que-faire-maintenant-que-Microsoft-ne-prend-plus-en-charge.jpg","keywords":["charge","faire","maintenant","Microsoft","prend","Windows"],"articleSection":["Technologie"],"inLanguage":"fr-BE"},{"@type":"WebPage","@id":"https:\/\/vieassociative.be\/actualites\/que-faire-maintenant-que-microsoft-ne-prend-plus-en-charge-windows-10\/","url":"https:\/\/vieassociative.be\/actualites\/que-faire-maintenant-que-microsoft-ne-prend-plus-en-charge-windows-10\/","name":"Que faire maintenant que Microsoft ne prend plus en charge Windows 10 | Vie Associative","isPartOf":{"@id":"https:\/\/vieassociative.be\/actualites\/#website"},"primaryImageOfPage":{"@id":"https:\/\/vieassociative.be\/actualites\/que-faire-maintenant-que-microsoft-ne-prend-plus-en-charge-windows-10\/#primaryimage"},"image":{"@id":"https:\/\/vieassociative.be\/actualites\/que-faire-maintenant-que-microsoft-ne-prend-plus-en-charge-windows-10\/#primaryimage"},"thumbnailUrl":"https:\/\/vieassociative.be\/actualites\/wp-content\/uploads\/2025\/10\/Que-faire-maintenant-que-Microsoft-ne-prend-plus-en-charge.jpg","datePublished":"2025-10-14T18:17:00+00:00","dateModified":"2025-10-14T18:17:00+00:00","breadcrumb":{"@id":"https:\/\/vieassociative.be\/actualites\/que-faire-maintenant-que-microsoft-ne-prend-plus-en-charge-windows-10\/#breadcrumb"},"inLanguage":"fr-BE","potentialAction":[{"@type":"ReadAction","target":["https:\/\/vieassociative.be\/actualites\/que-faire-maintenant-que-microsoft-ne-prend-plus-en-charge-windows-10\/"]}]},{"@type":"ImageObject","inLanguage":"fr-BE","@id":"https:\/\/vieassociative.be\/actualites\/que-faire-maintenant-que-microsoft-ne-prend-plus-en-charge-windows-10\/#primaryimage","url":"https:\/\/vieassociative.be\/actualites\/wp-content\/uploads\/2025\/10\/Que-faire-maintenant-que-Microsoft-ne-prend-plus-en-charge.jpg","contentUrl":"https:\/\/vieassociative.be\/actualites\/wp-content\/uploads\/2025\/10\/Que-faire-maintenant-que-Microsoft-ne-prend-plus-en-charge.jpg","width":1200,"height":675,"caption":"Que faire maintenant que Microsoft ne prend plus en charge Windows 10"},{"@type":"BreadcrumbList","@id":"https:\/\/vieassociative.be\/actualites\/que-faire-maintenant-que-microsoft-ne-prend-plus-en-charge-windows-10\/#breadcrumb","itemListElement":[{"@type":"ListItem","position":1,"name":"Accueil","item":"https:\/\/vieassociative.be\/actualites\/"},{"@type":"ListItem","position":2,"name":"Que faire maintenant que Microsoft ne prend plus en charge Windows 10"}]},{"@type":"WebSite","@id":"https:\/\/vieassociative.be\/actualites\/#website","url":"https:\/\/vieassociative.be\/actualites\/","name":"Vie Associative","description":"","publisher":{"@id":"https:\/\/vieassociative.be\/actualites\/#organization"},"potentialAction":[{"@type":"SearchAction","target":{"@type":"EntryPoint","urlTemplate":"https:\/\/vieassociative.be\/actualites\/?s={search_term_string}"},"query-input":{"@type":"PropertyValueSpecification","valueRequired":true,"valueName":"search_term_string"}}],"inLanguage":"fr-BE"},{"@type":"Organization","@id":"https:\/\/vieassociative.be\/actualites\/#organization","name":"Vie Associative","url":"https:\/\/vieassociative.be\/actualites\/","logo":{"@type":"ImageObject","inLanguage":"fr-BE","@id":"https:\/\/vieassociative.be\/actualites\/#\/schema\/logo\/image\/","url":"https:\/\/vieassociative.be\/actualites\/wp-content\/uploads\/2024\/09\/cropped-vieassociative_favicon.ico.png","contentUrl":"https:\/\/vieassociative.be\/actualites\/wp-content\/uploads\/2024\/09\/cropped-vieassociative_favicon.ico.png","width":512,"height":512,"caption":"Vie Associative"},"image":{"@id":"https:\/\/vieassociative.be\/actualites\/#\/schema\/logo\/image\/"}},{"@type":"Person","@id":"https:\/\/vieassociative.be\/actualites\/#\/schema\/person\/b87ac4f82f9d4e7b7cec7395b679edc4","name":"Julien","image":{"@type":"ImageObject","inLanguage":"fr-BE","@id":"https:\/\/vieassociative.be\/actualites\/#\/schema\/person\/image\/","url":"https:\/\/vieassociative.be\/actualites\/wp-content\/uploads\/2024\/09\/vie-associative-1-150x150.jpg","contentUrl":"https:\/\/vieassociative.be\/actualites\/wp-content\/uploads\/2024\/09\/vie-associative-1-150x150.jpg","caption":"Julien"},"description":"Je suis Julien, r\u00e9dacteur pour Vie Associative. Passionn\u00e9 par le monde associatif depuis plus de 10 ans, j'ai \u00e0 c\u0153ur de partager des histoires inspirantes et de mettre en lumi\u00e8re les initiatives locales. Mon objectif est de sensibiliser et d'encourager l'engagement communautaire \u00e0 travers mes articles.","sameAs":["https:\/\/vieassociative.be\/"]}]}},"_links":{"self":[{"href":"https:\/\/vieassociative.be\/actualites\/wp-json\/wp\/v2\/posts\/10666"}],"collection":[{"href":"https:\/\/vieassociative.be\/actualites\/wp-json\/wp\/v2\/posts"}],"about":[{"href":"https:\/\/vieassociative.be\/actualites\/wp-json\/wp\/v2\/types\/post"}],"author":[{"embeddable":true,"href":"https:\/\/vieassociative.be\/actualites\/wp-json\/wp\/v2\/users\/1"}],"replies":[{"embeddable":true,"href":"https:\/\/vieassociative.be\/actualites\/wp-json\/wp\/v2\/comments?post=10666"}],"version-history":[{"count":0,"href":"https:\/\/vieassociative.be\/actualites\/wp-json\/wp\/v2\/posts\/10666\/revisions"}],"wp:featuredmedia":[{"embeddable":true,"href":"https:\/\/vieassociative.be\/actualites\/wp-json\/wp\/v2\/media\/10667"}],"wp:attachment":[{"href":"https:\/\/vieassociative.be\/actualites\/wp-json\/wp\/v2\/media?parent=10666"}],"wp:term":[{"taxonomy":"category","embeddable":true,"href":"https:\/\/vieassociative.be\/actualites\/wp-json\/wp\/v2\/categories?post=10666"},{"taxonomy":"post_tag","embeddable":true,"href":"https:\/\/vieassociative.be\/actualites\/wp-json\/wp\/v2\/tags?post=10666"}],"curies":[{"name":"wp","href":"https:\/\/api.w.org\/{rel}","templated":true}]}}