{"id":10662,"date":"2025-10-14T16:17:13","date_gmt":"2025-10-14T14:17:13","guid":{"rendered":"https:\/\/vieassociative.be\/actualites\/sp-neycken-bartholemy-sen-va-servaty-est-de-retour\/"},"modified":"2025-10-14T16:17:13","modified_gmt":"2025-10-14T14:17:13","slug":"sp-neycken-bartholemy-sen-va-servaty-est-de-retour","status":"publish","type":"post","link":"https:\/\/vieassociative.be\/actualites\/sp-neycken-bartholemy-sen-va-servaty-est-de-retour\/","title":{"rendered":"SP : Neycken-Bartholemy s&rsquo;en va \u2013 Servaty est de retour"},"content":{"rendered":"<p><strong>Il y a un changement de personnel au sein du groupe parlementaire SP de la DG Parlement : Kirsten Neycken-Bartholemy a d\u00e9cid\u00e9 de d\u00e9missionner compl\u00e8tement de son mandat pour des raisons de sant\u00e9. Son successeur sera Charles Servaty.<\/strong><\/p>\n<p><span id=\"more-427143\"><\/span>Kirsten Neycken-Bartholemy explique : \u00ab\u00a0Apr\u00e8s m\u00fbre r\u00e9flexion, j&rsquo;ai d\u00e9cid\u00e9 de d\u00e9missionner de mon mandat pour des raisons de sant\u00e9. Cela n&rsquo;a pas \u00e9t\u00e9 une ann\u00e9e facile pour moi, que ce soit sur le plan politique ou priv\u00e9. Mon corps m&rsquo;a montr\u00e9 ses limites, et elles m&rsquo;ont finalement amen\u00e9 \u00e0 prendre la d\u00e9cision de terminer mon mandat le c\u0153ur lourd.\u00a0\u00bb<\/p>\n<p>Neycken-Bartholemy a rejoint le PDG en 2013, initialement en remplacement. Elle est rest\u00e9e membre du groupe parlementaire SP jusqu&rsquo;en 2019. Au cours de la l\u00e9gislature 2019-2024, elle a progress\u00e9 en 2022. Au cours de cette l\u00e9gislature, elle a d&rsquo;abord assum\u00e9 le mandat de chef de groupe parlementaire en plus de la commission de l&rsquo;\u00e9ducation.<\/p>\n<div id=\"attachment_396333\" class=\"wp-caption alignleft\" style=\"max-width: 300px\"><img fetchpriority=\"high\" decoding=\"async\" class=\"wp-image-396333 size-medium\" src=\"https:\/\/vieassociative.be\/actualites\/wp-content\/uploads\/2025\/08\/Le-gouvernement-de-Paasch-a-perdu-la-gravite-SP-pour.jpg\" alt=\"\" width=\"300\" height=\"201\"  ><\/div>\n<p>\u00ab\u00a0Le SP Ostbelgien tient \u00e0 remercier du fond du c\u0153ur Kirsten Neycken-Bartholemy pour ses ann\u00e9es d&rsquo;engagement et son engagement v\u00e9h\u00e9ment en faveur de la population\u00a0\u00bb, poursuit le communiqu\u00e9 du parti.<\/p>\n<p>Charles Servaty devrait entrer au Parlement plus tard ce mois-ci. Il reprendra les travaux en cours au sein de la Commission I et de la Commission de l&rsquo;\u00e9ducation (Commission III) et y mettra principalement l&rsquo;accent social.<\/p>\n<p>Le communiqu\u00e9 de presse poursuit en disant que Servaty attend avec impatience son retour au Parlement, pour travailler ensemble et relever le d\u00e9fi dans de nouvelles conditions. Quiconque conna\u00eet un peu cet homme de 59 ans peut le confirmer, car pratiquement aucun autre homme politique de l&rsquo;Est de la Belgique n&rsquo;aime autant que Charles Servaty toute cette agitation parlementaire avec ses r\u00e9unions, ses questions, ses r\u00e9ponses, ses interpellations et ses documents. (cr\u00e9er)<\/p>\n","protected":false},"excerpt":{"rendered":"<p>Il y a un changement de personnel au sein du groupe parlementaire SP de la DG Parlement : Kirsten Neycken-Bartholemy a d\u00e9cid\u00e9 de d\u00e9missionner compl\u00e8tement<\/p>\n","protected":false},"author":1,"featured_media":10663,"comment_status":"","ping_status":"","sticky":false,"template":"","format":"standard","meta":{"footnotes":""},"categories":[298],"tags":[76,8893,787,3956,8894],"class_list":["post-10662","post","type-post","status-publish","format-standard","has-post-thumbnail","hentry","category-belgique","tag-est","tag-neyckenbartholemy","tag-retour","tag-sen","tag-servaty","generate-columns","tablet-grid-50","mobile-grid-100","grid-parent","grid-33"],"yoast_head":"<!-- This site is optimized with the Yoast SEO plugin v24.0 - https:\/\/yoast.com\/wordpress\/plugins\/seo\/ -->\n<title>SP : Neycken-Bartholemy s&#039;en va \u2013 Servaty est de retour | Vie Associative<\/title>\n<meta name=\"robots\" content=\"index, follow, max-snippet:-1, max-image-preview:large, max-video-preview:-1\" \/>\n<link rel=\"canonical\" href=\"https:\/\/vieassociative.be\/actualites\/sp-neycken-bartholemy-sen-va-servaty-est-de-retour\/\" \/>\n<meta property=\"og:locale\" content=\"fr_FR\" \/>\n<meta property=\"og:type\" content=\"article\" \/>\n<meta property=\"og:title\" content=\"SP : Neycken-Bartholemy s&#039;en va \u2013 Servaty est de retour | Vie Associative\" \/>\n<meta property=\"og:description\" content=\"Il y a un changement de personnel au sein du groupe parlementaire SP de la DG Parlement : Kirsten Neycken-Bartholemy a d\u00e9cid\u00e9 de d\u00e9missionner compl\u00e8tement\" \/>\n<meta property=\"og:url\" content=\"https:\/\/vieassociative.be\/actualites\/sp-neycken-bartholemy-sen-va-servaty-est-de-retour\/\" \/>\n<meta property=\"og:site_name\" content=\"Vie Associative\" \/>\n<meta property=\"article:published_time\" content=\"2025-10-14T14:17:13+00:00\" \/>\n<meta property=\"og:image\" content=\"https:\/\/vieassociative.be\/actualites\/wp-content\/uploads\/2024\/09\/header_backgroundk-01-e1726694325946.png\" \/>\n\t<meta property=\"og:image:width\" content=\"279\" \/>\n\t<meta property=\"og:image:height\" content=\"92\" \/>\n\t<meta property=\"og:image:type\" content=\"image\/png\" \/>\n<meta name=\"author\" content=\"Julien\" \/>\n<meta name=\"twitter:card\" content=\"summary_large_image\" \/>\n<meta name=\"twitter:label1\" content=\"\u00c9crit par\" \/>\n\t<meta name=\"twitter:data1\" content=\"Julien\" \/>\n\t<meta name=\"twitter:label2\" content=\"Dur\u00e9e de lecture est.\" \/>\n\t<meta name=\"twitter:data2\" content=\"2 minutes\" \/>\n<script type=\"application\/ld+json\" class=\"yoast-schema-graph\">{\"@context\":\"https:\/\/schema.org\",\"@graph\":[{\"@type\":\"Article\",\"@id\":\"https:\/\/vieassociative.be\/actualites\/sp-neycken-bartholemy-sen-va-servaty-est-de-retour\/#article\",\"isPartOf\":{\"@id\":\"https:\/\/vieassociative.be\/actualites\/sp-neycken-bartholemy-sen-va-servaty-est-de-retour\/\"},\"author\":{\"name\":\"Julien\",\"@id\":\"https:\/\/vieassociative.be\/actualites\/#\/schema\/person\/b87ac4f82f9d4e7b7cec7395b679edc4\"},\"headline\":\"SP : Neycken-Bartholemy s&rsquo;en va \u2013 Servaty est de retour\",\"datePublished\":\"2025-10-14T14:17:13+00:00\",\"dateModified\":\"2025-10-14T14:17:13+00:00\",\"mainEntityOfPage\":{\"@id\":\"https:\/\/vieassociative.be\/actualites\/sp-neycken-bartholemy-sen-va-servaty-est-de-retour\/\"},\"wordCount\":325,\"publisher\":{\"@id\":\"https:\/\/vieassociative.be\/actualites\/#organization\"},\"image\":{\"@id\":\"https:\/\/vieassociative.be\/actualites\/sp-neycken-bartholemy-sen-va-servaty-est-de-retour\/#primaryimage\"},\"thumbnailUrl\":\"https:\/\/vieassociative.be\/actualites\/wp-content\/uploads\/2025\/10\/SP-Neycken-Bartholemy-sen-va-\u2013-Servaty-est-de-retour.jpeg\",\"keywords\":[\"est\",\"NeyckenBartholemy\",\"retour\",\"sen\",\"Servaty\"],\"articleSection\":[\"Belgique\"],\"inLanguage\":\"fr-BE\"},{\"@type\":\"WebPage\",\"@id\":\"https:\/\/vieassociative.be\/actualites\/sp-neycken-bartholemy-sen-va-servaty-est-de-retour\/\",\"url\":\"https:\/\/vieassociative.be\/actualites\/sp-neycken-bartholemy-sen-va-servaty-est-de-retour\/\",\"name\":\"SP : Neycken-Bartholemy s'en va \u2013 Servaty est de retour | Vie Associative\",\"isPartOf\":{\"@id\":\"https:\/\/vieassociative.be\/actualites\/#website\"},\"primaryImageOfPage\":{\"@id\":\"https:\/\/vieassociative.be\/actualites\/sp-neycken-bartholemy-sen-va-servaty-est-de-retour\/#primaryimage\"},\"image\":{\"@id\":\"https:\/\/vieassociative.be\/actualites\/sp-neycken-bartholemy-sen-va-servaty-est-de-retour\/#primaryimage\"},\"thumbnailUrl\":\"https:\/\/vieassociative.be\/actualites\/wp-content\/uploads\/2025\/10\/SP-Neycken-Bartholemy-sen-va-\u2013-Servaty-est-de-retour.jpeg\",\"datePublished\":\"2025-10-14T14:17:13+00:00\",\"dateModified\":\"2025-10-14T14:17:13+00:00\",\"breadcrumb\":{\"@id\":\"https:\/\/vieassociative.be\/actualites\/sp-neycken-bartholemy-sen-va-servaty-est-de-retour\/#breadcrumb\"},\"inLanguage\":\"fr-BE\",\"potentialAction\":[{\"@type\":\"ReadAction\",\"target\":[\"https:\/\/vieassociative.be\/actualites\/sp-neycken-bartholemy-sen-va-servaty-est-de-retour\/\"]}]},{\"@type\":\"ImageObject\",\"inLanguage\":\"fr-BE\",\"@id\":\"https:\/\/vieassociative.be\/actualites\/sp-neycken-bartholemy-sen-va-servaty-est-de-retour\/#primaryimage\",\"url\":\"https:\/\/vieassociative.be\/actualites\/wp-content\/uploads\/2025\/10\/SP-Neycken-Bartholemy-sen-va-\u2013-Servaty-est-de-retour.jpeg\",\"contentUrl\":\"https:\/\/vieassociative.be\/actualites\/wp-content\/uploads\/2025\/10\/SP-Neycken-Bartholemy-sen-va-\u2013-Servaty-est-de-retour.jpeg\",\"width\":1200,\"height\":800,\"caption\":\"SP : Neycken-Bartholemy s'en va \u2013 Servaty est de retour\"},{\"@type\":\"BreadcrumbList\",\"@id\":\"https:\/\/vieassociative.be\/actualites\/sp-neycken-bartholemy-sen-va-servaty-est-de-retour\/#breadcrumb\",\"itemListElement\":[{\"@type\":\"ListItem\",\"position\":1,\"name\":\"Accueil\",\"item\":\"https:\/\/vieassociative.be\/actualites\/\"},{\"@type\":\"ListItem\",\"position\":2,\"name\":\"SP : Neycken-Bartholemy s&rsquo;en va \u2013 Servaty est de retour\"}]},{\"@type\":\"WebSite\",\"@id\":\"https:\/\/vieassociative.be\/actualites\/#website\",\"url\":\"https:\/\/vieassociative.be\/actualites\/\",\"name\":\"Vie Associative\",\"description\":\"\",\"publisher\":{\"@id\":\"https:\/\/vieassociative.be\/actualites\/#organization\"},\"potentialAction\":[{\"@type\":\"SearchAction\",\"target\":{\"@type\":\"EntryPoint\",\"urlTemplate\":\"https:\/\/vieassociative.be\/actualites\/?s={search_term_string}\"},\"query-input\":{\"@type\":\"PropertyValueSpecification\",\"valueRequired\":true,\"valueName\":\"search_term_string\"}}],\"inLanguage\":\"fr-BE\"},{\"@type\":\"Organization\",\"@id\":\"https:\/\/vieassociative.be\/actualites\/#organization\",\"name\":\"Vie Associative\",\"url\":\"https:\/\/vieassociative.be\/actualites\/\",\"logo\":{\"@type\":\"ImageObject\",\"inLanguage\":\"fr-BE\",\"@id\":\"https:\/\/vieassociative.be\/actualites\/#\/schema\/logo\/image\/\",\"url\":\"https:\/\/vieassociative.be\/actualites\/wp-content\/uploads\/2024\/09\/cropped-vieassociative_favicon.ico.png\",\"contentUrl\":\"https:\/\/vieassociative.be\/actualites\/wp-content\/uploads\/2024\/09\/cropped-vieassociative_favicon.ico.png\",\"width\":512,\"height\":512,\"caption\":\"Vie Associative\"},\"image\":{\"@id\":\"https:\/\/vieassociative.be\/actualites\/#\/schema\/logo\/image\/\"}},{\"@type\":\"Person\",\"@id\":\"https:\/\/vieassociative.be\/actualites\/#\/schema\/person\/b87ac4f82f9d4e7b7cec7395b679edc4\",\"name\":\"Julien\",\"image\":{\"@type\":\"ImageObject\",\"inLanguage\":\"fr-BE\",\"@id\":\"https:\/\/vieassociative.be\/actualites\/#\/schema\/person\/image\/\",\"url\":\"https:\/\/vieassociative.be\/actualites\/wp-content\/uploads\/2024\/09\/vie-associative-1-150x150.jpg\",\"contentUrl\":\"https:\/\/vieassociative.be\/actualites\/wp-content\/uploads\/2024\/09\/vie-associative-1-150x150.jpg\",\"caption\":\"Julien\"},\"description\":\"Je suis Julien, r\u00e9dacteur pour Vie Associative. Passionn\u00e9 par le monde associatif depuis plus de 10 ans, j'ai \u00e0 c\u0153ur de partager des histoires inspirantes et de mettre en lumi\u00e8re les initiatives locales. Mon objectif est de sensibiliser et d'encourager l'engagement communautaire \u00e0 travers mes articles.\",\"sameAs\":[\"https:\/\/vieassociative.be\/\"]}]}<\/script>\n<!-- \/ Yoast SEO plugin. -->","yoast_head_json":{"title":"SP : Neycken-Bartholemy s'en va \u2013 Servaty est de retour | Vie Associative","robots":{"index":"index","follow":"follow","max-snippet":"max-snippet:-1","max-image-preview":"max-image-preview:large","max-video-preview":"max-video-preview:-1"},"canonical":"https:\/\/vieassociative.be\/actualites\/sp-neycken-bartholemy-sen-va-servaty-est-de-retour\/","og_locale":"fr_FR","og_type":"article","og_title":"SP : Neycken-Bartholemy s'en va \u2013 Servaty est de retour | Vie Associative","og_description":"Il y a un changement de personnel au sein du groupe parlementaire SP de la DG Parlement : Kirsten Neycken-Bartholemy a d\u00e9cid\u00e9 de d\u00e9missionner compl\u00e8tement","og_url":"https:\/\/vieassociative.be\/actualites\/sp-neycken-bartholemy-sen-va-servaty-est-de-retour\/","og_site_name":"Vie Associative","article_published_time":"2025-10-14T14:17:13+00:00","og_image":[{"width":279,"height":92,"url":"https:\/\/vieassociative.be\/actualites\/wp-content\/uploads\/2024\/09\/header_backgroundk-01-e1726694325946.png","type":"image\/png"}],"author":"Julien","twitter_card":"summary_large_image","twitter_misc":{"\u00c9crit par":"Julien","Dur\u00e9e de lecture est.":"2 minutes"},"schema":{"@context":"https:\/\/schema.org","@graph":[{"@type":"Article","@id":"https:\/\/vieassociative.be\/actualites\/sp-neycken-bartholemy-sen-va-servaty-est-de-retour\/#article","isPartOf":{"@id":"https:\/\/vieassociative.be\/actualites\/sp-neycken-bartholemy-sen-va-servaty-est-de-retour\/"},"author":{"name":"Julien","@id":"https:\/\/vieassociative.be\/actualites\/#\/schema\/person\/b87ac4f82f9d4e7b7cec7395b679edc4"},"headline":"SP : Neycken-Bartholemy s&rsquo;en va \u2013 Servaty est de retour","datePublished":"2025-10-14T14:17:13+00:00","dateModified":"2025-10-14T14:17:13+00:00","mainEntityOfPage":{"@id":"https:\/\/vieassociative.be\/actualites\/sp-neycken-bartholemy-sen-va-servaty-est-de-retour\/"},"wordCount":325,"publisher":{"@id":"https:\/\/vieassociative.be\/actualites\/#organization"},"image":{"@id":"https:\/\/vieassociative.be\/actualites\/sp-neycken-bartholemy-sen-va-servaty-est-de-retour\/#primaryimage"},"thumbnailUrl":"https:\/\/vieassociative.be\/actualites\/wp-content\/uploads\/2025\/10\/SP-Neycken-Bartholemy-sen-va-\u2013-Servaty-est-de-retour.jpeg","keywords":["est","NeyckenBartholemy","retour","sen","Servaty"],"articleSection":["Belgique"],"inLanguage":"fr-BE"},{"@type":"WebPage","@id":"https:\/\/vieassociative.be\/actualites\/sp-neycken-bartholemy-sen-va-servaty-est-de-retour\/","url":"https:\/\/vieassociative.be\/actualites\/sp-neycken-bartholemy-sen-va-servaty-est-de-retour\/","name":"SP : Neycken-Bartholemy s'en va \u2013 Servaty est de retour | Vie Associative","isPartOf":{"@id":"https:\/\/vieassociative.be\/actualites\/#website"},"primaryImageOfPage":{"@id":"https:\/\/vieassociative.be\/actualites\/sp-neycken-bartholemy-sen-va-servaty-est-de-retour\/#primaryimage"},"image":{"@id":"https:\/\/vieassociative.be\/actualites\/sp-neycken-bartholemy-sen-va-servaty-est-de-retour\/#primaryimage"},"thumbnailUrl":"https:\/\/vieassociative.be\/actualites\/wp-content\/uploads\/2025\/10\/SP-Neycken-Bartholemy-sen-va-\u2013-Servaty-est-de-retour.jpeg","datePublished":"2025-10-14T14:17:13+00:00","dateModified":"2025-10-14T14:17:13+00:00","breadcrumb":{"@id":"https:\/\/vieassociative.be\/actualites\/sp-neycken-bartholemy-sen-va-servaty-est-de-retour\/#breadcrumb"},"inLanguage":"fr-BE","potentialAction":[{"@type":"ReadAction","target":["https:\/\/vieassociative.be\/actualites\/sp-neycken-bartholemy-sen-va-servaty-est-de-retour\/"]}]},{"@type":"ImageObject","inLanguage":"fr-BE","@id":"https:\/\/vieassociative.be\/actualites\/sp-neycken-bartholemy-sen-va-servaty-est-de-retour\/#primaryimage","url":"https:\/\/vieassociative.be\/actualites\/wp-content\/uploads\/2025\/10\/SP-Neycken-Bartholemy-sen-va-\u2013-Servaty-est-de-retour.jpeg","contentUrl":"https:\/\/vieassociative.be\/actualites\/wp-content\/uploads\/2025\/10\/SP-Neycken-Bartholemy-sen-va-\u2013-Servaty-est-de-retour.jpeg","width":1200,"height":800,"caption":"SP : Neycken-Bartholemy s'en va \u2013 Servaty est de retour"},{"@type":"BreadcrumbList","@id":"https:\/\/vieassociative.be\/actualites\/sp-neycken-bartholemy-sen-va-servaty-est-de-retour\/#breadcrumb","itemListElement":[{"@type":"ListItem","position":1,"name":"Accueil","item":"https:\/\/vieassociative.be\/actualites\/"},{"@type":"ListItem","position":2,"name":"SP : Neycken-Bartholemy s&rsquo;en va \u2013 Servaty est de retour"}]},{"@type":"WebSite","@id":"https:\/\/vieassociative.be\/actualites\/#website","url":"https:\/\/vieassociative.be\/actualites\/","name":"Vie Associative","description":"","publisher":{"@id":"https:\/\/vieassociative.be\/actualites\/#organization"},"potentialAction":[{"@type":"SearchAction","target":{"@type":"EntryPoint","urlTemplate":"https:\/\/vieassociative.be\/actualites\/?s={search_term_string}"},"query-input":{"@type":"PropertyValueSpecification","valueRequired":true,"valueName":"search_term_string"}}],"inLanguage":"fr-BE"},{"@type":"Organization","@id":"https:\/\/vieassociative.be\/actualites\/#organization","name":"Vie Associative","url":"https:\/\/vieassociative.be\/actualites\/","logo":{"@type":"ImageObject","inLanguage":"fr-BE","@id":"https:\/\/vieassociative.be\/actualites\/#\/schema\/logo\/image\/","url":"https:\/\/vieassociative.be\/actualites\/wp-content\/uploads\/2024\/09\/cropped-vieassociative_favicon.ico.png","contentUrl":"https:\/\/vieassociative.be\/actualites\/wp-content\/uploads\/2024\/09\/cropped-vieassociative_favicon.ico.png","width":512,"height":512,"caption":"Vie Associative"},"image":{"@id":"https:\/\/vieassociative.be\/actualites\/#\/schema\/logo\/image\/"}},{"@type":"Person","@id":"https:\/\/vieassociative.be\/actualites\/#\/schema\/person\/b87ac4f82f9d4e7b7cec7395b679edc4","name":"Julien","image":{"@type":"ImageObject","inLanguage":"fr-BE","@id":"https:\/\/vieassociative.be\/actualites\/#\/schema\/person\/image\/","url":"https:\/\/vieassociative.be\/actualites\/wp-content\/uploads\/2024\/09\/vie-associative-1-150x150.jpg","contentUrl":"https:\/\/vieassociative.be\/actualites\/wp-content\/uploads\/2024\/09\/vie-associative-1-150x150.jpg","caption":"Julien"},"description":"Je suis Julien, r\u00e9dacteur pour Vie Associative. Passionn\u00e9 par le monde associatif depuis plus de 10 ans, j'ai \u00e0 c\u0153ur de partager des histoires inspirantes et de mettre en lumi\u00e8re les initiatives locales. Mon objectif est de sensibiliser et d'encourager l'engagement communautaire \u00e0 travers mes articles.","sameAs":["https:\/\/vieassociative.be\/"]}]}},"_links":{"self":[{"href":"https:\/\/vieassociative.be\/actualites\/wp-json\/wp\/v2\/posts\/10662"}],"collection":[{"href":"https:\/\/vieassociative.be\/actualites\/wp-json\/wp\/v2\/posts"}],"about":[{"href":"https:\/\/vieassociative.be\/actualites\/wp-json\/wp\/v2\/types\/post"}],"author":[{"embeddable":true,"href":"https:\/\/vieassociative.be\/actualites\/wp-json\/wp\/v2\/users\/1"}],"replies":[{"embeddable":true,"href":"https:\/\/vieassociative.be\/actualites\/wp-json\/wp\/v2\/comments?post=10662"}],"version-history":[{"count":0,"href":"https:\/\/vieassociative.be\/actualites\/wp-json\/wp\/v2\/posts\/10662\/revisions"}],"wp:featuredmedia":[{"embeddable":true,"href":"https:\/\/vieassociative.be\/actualites\/wp-json\/wp\/v2\/media\/10663"}],"wp:attachment":[{"href":"https:\/\/vieassociative.be\/actualites\/wp-json\/wp\/v2\/media?parent=10662"}],"wp:term":[{"taxonomy":"category","embeddable":true,"href":"https:\/\/vieassociative.be\/actualites\/wp-json\/wp\/v2\/categories?post=10662"},{"taxonomy":"post_tag","embeddable":true,"href":"https:\/\/vieassociative.be\/actualites\/wp-json\/wp\/v2\/tags?post=10662"}],"curies":[{"name":"wp","href":"https:\/\/api.w.org\/{rel}","templated":true}]}}