{"id":10658,"date":"2025-10-14T10:17:45","date_gmt":"2025-10-14T08:17:45","guid":{"rendered":"https:\/\/vieassociative.be\/actualites\/rat-perturbe-le-match-au-pays-de-galles-la-tentative-de-capture-de-courtois-echoue\/"},"modified":"2025-10-14T10:17:45","modified_gmt":"2025-10-14T08:17:45","slug":"rat-perturbe-le-match-au-pays-de-galles-la-tentative-de-capture-de-courtois-echoue","status":"publish","type":"post","link":"https:\/\/vieassociative.be\/actualites\/rat-perturbe-le-match-au-pays-de-galles-la-tentative-de-capture-de-courtois-echoue\/","title":{"rendered":"Rat perturbe le match au Pays de Galles : la tentative de capture de Courtois \u00e9choue"},"content":{"rendered":"<p><strong>Un rat a provoqu\u00e9 un moment \u00e9trange lors des \u00e9liminatoires de la Coupe du monde entre le Pays de Galles et la Belgique.<\/strong><\/p>\n<p><span id=\"more-427124\"><\/span>Le rongeur a travers\u00e9 la moiti\u00e9 de terrain belge apr\u00e8s un peu plus d&rsquo;une heure de jeu, c&rsquo;est pourquoi l&rsquo;arbitre allemand Daniel Siebert a bri\u00e8vement interrompu le match \u00e0 Cardiff. L&rsquo;international gallois Brennan Johnson a finalement escort\u00e9 le visiteur non invit\u00e9 du stade sous les applaudissements des supporters.<\/p>\n<p>Dans un premier temps, le Belge Thibaut Courtois a tent\u00e9 en vain d&rsquo;attraper un rat au lieu d&rsquo;un ballon. Le gardien du Real Madrid s&rsquo;est pench\u00e9 pour attraper le rat avec son gant de gardien droit. Mais l\u2019animal s\u2019en est sorti de peu, au grand amusement du public. Courtois a d\u00e9plor\u00e9, puis a suivi le rat quelques pas avant que Johnson ne prenne le relais. (dpa)<\/p>\n","protected":false},"excerpt":{"rendered":"<p>Un rat a provoqu\u00e9 un moment \u00e9trange lors des \u00e9liminatoires de la Coupe du monde entre le Pays de Galles et la Belgique. Le rongeur<\/p>\n","protected":false},"author":1,"featured_media":10659,"comment_status":"","ping_status":"","sticky":false,"template":"","format":"standard","meta":{"footnotes":""},"categories":[298],"tags":[2284,5753,2978,3996,2685,3513,8891,8890,7155],"class_list":["post-10658","post","type-post","status-publish","format-standard","has-post-thumbnail","hentry","category-belgique","tag-capture","tag-courtois","tag-echoue","tag-galles","tag-match","tag-pays","tag-perturbe","tag-rat","tag-tentative","generate-columns","tablet-grid-50","mobile-grid-100","grid-parent","grid-33"],"yoast_head":"<!-- This site is optimized with the Yoast SEO plugin v24.0 - https:\/\/yoast.com\/wordpress\/plugins\/seo\/ -->\n<title>Rat perturbe le match au Pays de Galles : la tentative de capture de Courtois \u00e9choue | Vie Associative<\/title>\n<meta name=\"robots\" content=\"index, follow, max-snippet:-1, max-image-preview:large, max-video-preview:-1\" \/>\n<link rel=\"canonical\" href=\"https:\/\/vieassociative.be\/actualites\/rat-perturbe-le-match-au-pays-de-galles-la-tentative-de-capture-de-courtois-echoue\/\" \/>\n<meta property=\"og:locale\" content=\"fr_FR\" \/>\n<meta property=\"og:type\" content=\"article\" \/>\n<meta property=\"og:title\" content=\"Rat perturbe le match au Pays de Galles : la tentative de capture de Courtois \u00e9choue | Vie Associative\" \/>\n<meta property=\"og:description\" content=\"Un rat a provoqu\u00e9 un moment \u00e9trange lors des \u00e9liminatoires de la Coupe du monde entre le Pays de Galles et la Belgique. Le rongeur\" \/>\n<meta property=\"og:url\" content=\"https:\/\/vieassociative.be\/actualites\/rat-perturbe-le-match-au-pays-de-galles-la-tentative-de-capture-de-courtois-echoue\/\" \/>\n<meta property=\"og:site_name\" content=\"Vie Associative\" \/>\n<meta property=\"article:published_time\" content=\"2025-10-14T08:17:45+00:00\" \/>\n<meta property=\"og:image\" content=\"https:\/\/vieassociative.be\/actualites\/wp-content\/uploads\/2024\/09\/header_backgroundk-01-e1726694325946.png\" \/>\n\t<meta property=\"og:image:width\" content=\"279\" \/>\n\t<meta property=\"og:image:height\" content=\"92\" \/>\n\t<meta property=\"og:image:type\" content=\"image\/png\" \/>\n<meta name=\"author\" content=\"Julien\" \/>\n<meta name=\"twitter:card\" content=\"summary_large_image\" \/>\n<meta name=\"twitter:label1\" content=\"\u00c9crit par\" \/>\n\t<meta name=\"twitter:data1\" content=\"Julien\" \/>\n\t<meta name=\"twitter:label2\" content=\"Dur\u00e9e de lecture est.\" \/>\n\t<meta name=\"twitter:data2\" content=\"1 minute\" \/>\n<script type=\"application\/ld+json\" class=\"yoast-schema-graph\">{\"@context\":\"https:\/\/schema.org\",\"@graph\":[{\"@type\":\"Article\",\"@id\":\"https:\/\/vieassociative.be\/actualites\/rat-perturbe-le-match-au-pays-de-galles-la-tentative-de-capture-de-courtois-echoue\/#article\",\"isPartOf\":{\"@id\":\"https:\/\/vieassociative.be\/actualites\/rat-perturbe-le-match-au-pays-de-galles-la-tentative-de-capture-de-courtois-echoue\/\"},\"author\":{\"name\":\"Julien\",\"@id\":\"https:\/\/vieassociative.be\/actualites\/#\/schema\/person\/b87ac4f82f9d4e7b7cec7395b679edc4\"},\"headline\":\"Rat perturbe le match au Pays de Galles : la tentative de capture de Courtois \u00e9choue\",\"datePublished\":\"2025-10-14T08:17:45+00:00\",\"dateModified\":\"2025-10-14T08:17:45+00:00\",\"mainEntityOfPage\":{\"@id\":\"https:\/\/vieassociative.be\/actualites\/rat-perturbe-le-match-au-pays-de-galles-la-tentative-de-capture-de-courtois-echoue\/\"},\"wordCount\":163,\"publisher\":{\"@id\":\"https:\/\/vieassociative.be\/actualites\/#organization\"},\"image\":{\"@id\":\"https:\/\/vieassociative.be\/actualites\/rat-perturbe-le-match-au-pays-de-galles-la-tentative-de-capture-de-courtois-echoue\/#primaryimage\"},\"thumbnailUrl\":\"https:\/\/vieassociative.be\/actualites\/wp-content\/uploads\/2025\/10\/Rat-perturbe-le-match-au-Pays-de-Galles-la.jpg\",\"keywords\":[\"capture\",\"Courtois\",\"\u00e9choue\",\"Galles\",\"match\",\"pays\",\"perturbe\",\"Rat\",\"tentative\"],\"articleSection\":[\"Belgique\"],\"inLanguage\":\"fr-BE\"},{\"@type\":\"WebPage\",\"@id\":\"https:\/\/vieassociative.be\/actualites\/rat-perturbe-le-match-au-pays-de-galles-la-tentative-de-capture-de-courtois-echoue\/\",\"url\":\"https:\/\/vieassociative.be\/actualites\/rat-perturbe-le-match-au-pays-de-galles-la-tentative-de-capture-de-courtois-echoue\/\",\"name\":\"Rat perturbe le match au Pays de Galles : la tentative de capture de Courtois \u00e9choue | Vie Associative\",\"isPartOf\":{\"@id\":\"https:\/\/vieassociative.be\/actualites\/#website\"},\"primaryImageOfPage\":{\"@id\":\"https:\/\/vieassociative.be\/actualites\/rat-perturbe-le-match-au-pays-de-galles-la-tentative-de-capture-de-courtois-echoue\/#primaryimage\"},\"image\":{\"@id\":\"https:\/\/vieassociative.be\/actualites\/rat-perturbe-le-match-au-pays-de-galles-la-tentative-de-capture-de-courtois-echoue\/#primaryimage\"},\"thumbnailUrl\":\"https:\/\/vieassociative.be\/actualites\/wp-content\/uploads\/2025\/10\/Rat-perturbe-le-match-au-Pays-de-Galles-la.jpg\",\"datePublished\":\"2025-10-14T08:17:45+00:00\",\"dateModified\":\"2025-10-14T08:17:45+00:00\",\"breadcrumb\":{\"@id\":\"https:\/\/vieassociative.be\/actualites\/rat-perturbe-le-match-au-pays-de-galles-la-tentative-de-capture-de-courtois-echoue\/#breadcrumb\"},\"inLanguage\":\"fr-BE\",\"potentialAction\":[{\"@type\":\"ReadAction\",\"target\":[\"https:\/\/vieassociative.be\/actualites\/rat-perturbe-le-match-au-pays-de-galles-la-tentative-de-capture-de-courtois-echoue\/\"]}]},{\"@type\":\"ImageObject\",\"inLanguage\":\"fr-BE\",\"@id\":\"https:\/\/vieassociative.be\/actualites\/rat-perturbe-le-match-au-pays-de-galles-la-tentative-de-capture-de-courtois-echoue\/#primaryimage\",\"url\":\"https:\/\/vieassociative.be\/actualites\/wp-content\/uploads\/2025\/10\/Rat-perturbe-le-match-au-Pays-de-Galles-la.jpg\",\"contentUrl\":\"https:\/\/vieassociative.be\/actualites\/wp-content\/uploads\/2025\/10\/Rat-perturbe-le-match-au-Pays-de-Galles-la.jpg\",\"width\":1200,\"height\":844,\"caption\":\"Rat perturbe le match au Pays de Galles : la tentative de capture de Courtois \u00e9choue\"},{\"@type\":\"BreadcrumbList\",\"@id\":\"https:\/\/vieassociative.be\/actualites\/rat-perturbe-le-match-au-pays-de-galles-la-tentative-de-capture-de-courtois-echoue\/#breadcrumb\",\"itemListElement\":[{\"@type\":\"ListItem\",\"position\":1,\"name\":\"Accueil\",\"item\":\"https:\/\/vieassociative.be\/actualites\/\"},{\"@type\":\"ListItem\",\"position\":2,\"name\":\"Rat perturbe le match au Pays de Galles : la tentative de capture de Courtois \u00e9choue\"}]},{\"@type\":\"WebSite\",\"@id\":\"https:\/\/vieassociative.be\/actualites\/#website\",\"url\":\"https:\/\/vieassociative.be\/actualites\/\",\"name\":\"Vie Associative\",\"description\":\"\",\"publisher\":{\"@id\":\"https:\/\/vieassociative.be\/actualites\/#organization\"},\"potentialAction\":[{\"@type\":\"SearchAction\",\"target\":{\"@type\":\"EntryPoint\",\"urlTemplate\":\"https:\/\/vieassociative.be\/actualites\/?s={search_term_string}\"},\"query-input\":{\"@type\":\"PropertyValueSpecification\",\"valueRequired\":true,\"valueName\":\"search_term_string\"}}],\"inLanguage\":\"fr-BE\"},{\"@type\":\"Organization\",\"@id\":\"https:\/\/vieassociative.be\/actualites\/#organization\",\"name\":\"Vie Associative\",\"url\":\"https:\/\/vieassociative.be\/actualites\/\",\"logo\":{\"@type\":\"ImageObject\",\"inLanguage\":\"fr-BE\",\"@id\":\"https:\/\/vieassociative.be\/actualites\/#\/schema\/logo\/image\/\",\"url\":\"https:\/\/vieassociative.be\/actualites\/wp-content\/uploads\/2024\/09\/cropped-vieassociative_favicon.ico.png\",\"contentUrl\":\"https:\/\/vieassociative.be\/actualites\/wp-content\/uploads\/2024\/09\/cropped-vieassociative_favicon.ico.png\",\"width\":512,\"height\":512,\"caption\":\"Vie Associative\"},\"image\":{\"@id\":\"https:\/\/vieassociative.be\/actualites\/#\/schema\/logo\/image\/\"}},{\"@type\":\"Person\",\"@id\":\"https:\/\/vieassociative.be\/actualites\/#\/schema\/person\/b87ac4f82f9d4e7b7cec7395b679edc4\",\"name\":\"Julien\",\"image\":{\"@type\":\"ImageObject\",\"inLanguage\":\"fr-BE\",\"@id\":\"https:\/\/vieassociative.be\/actualites\/#\/schema\/person\/image\/\",\"url\":\"https:\/\/vieassociative.be\/actualites\/wp-content\/uploads\/2024\/09\/vie-associative-1-150x150.jpg\",\"contentUrl\":\"https:\/\/vieassociative.be\/actualites\/wp-content\/uploads\/2024\/09\/vie-associative-1-150x150.jpg\",\"caption\":\"Julien\"},\"description\":\"Je suis Julien, r\u00e9dacteur pour Vie Associative. Passionn\u00e9 par le monde associatif depuis plus de 10 ans, j'ai \u00e0 c\u0153ur de partager des histoires inspirantes et de mettre en lumi\u00e8re les initiatives locales. Mon objectif est de sensibiliser et d'encourager l'engagement communautaire \u00e0 travers mes articles.\",\"sameAs\":[\"https:\/\/vieassociative.be\/\"]}]}<\/script>\n<!-- \/ Yoast SEO plugin. -->","yoast_head_json":{"title":"Rat perturbe le match au Pays de Galles : la tentative de capture de Courtois \u00e9choue | Vie Associative","robots":{"index":"index","follow":"follow","max-snippet":"max-snippet:-1","max-image-preview":"max-image-preview:large","max-video-preview":"max-video-preview:-1"},"canonical":"https:\/\/vieassociative.be\/actualites\/rat-perturbe-le-match-au-pays-de-galles-la-tentative-de-capture-de-courtois-echoue\/","og_locale":"fr_FR","og_type":"article","og_title":"Rat perturbe le match au Pays de Galles : la tentative de capture de Courtois \u00e9choue | Vie Associative","og_description":"Un rat a provoqu\u00e9 un moment \u00e9trange lors des \u00e9liminatoires de la Coupe du monde entre le Pays de Galles et la Belgique. Le rongeur","og_url":"https:\/\/vieassociative.be\/actualites\/rat-perturbe-le-match-au-pays-de-galles-la-tentative-de-capture-de-courtois-echoue\/","og_site_name":"Vie Associative","article_published_time":"2025-10-14T08:17:45+00:00","og_image":[{"width":279,"height":92,"url":"https:\/\/vieassociative.be\/actualites\/wp-content\/uploads\/2024\/09\/header_backgroundk-01-e1726694325946.png","type":"image\/png"}],"author":"Julien","twitter_card":"summary_large_image","twitter_misc":{"\u00c9crit par":"Julien","Dur\u00e9e de lecture est.":"1 minute"},"schema":{"@context":"https:\/\/schema.org","@graph":[{"@type":"Article","@id":"https:\/\/vieassociative.be\/actualites\/rat-perturbe-le-match-au-pays-de-galles-la-tentative-de-capture-de-courtois-echoue\/#article","isPartOf":{"@id":"https:\/\/vieassociative.be\/actualites\/rat-perturbe-le-match-au-pays-de-galles-la-tentative-de-capture-de-courtois-echoue\/"},"author":{"name":"Julien","@id":"https:\/\/vieassociative.be\/actualites\/#\/schema\/person\/b87ac4f82f9d4e7b7cec7395b679edc4"},"headline":"Rat perturbe le match au Pays de Galles : la tentative de capture de Courtois \u00e9choue","datePublished":"2025-10-14T08:17:45+00:00","dateModified":"2025-10-14T08:17:45+00:00","mainEntityOfPage":{"@id":"https:\/\/vieassociative.be\/actualites\/rat-perturbe-le-match-au-pays-de-galles-la-tentative-de-capture-de-courtois-echoue\/"},"wordCount":163,"publisher":{"@id":"https:\/\/vieassociative.be\/actualites\/#organization"},"image":{"@id":"https:\/\/vieassociative.be\/actualites\/rat-perturbe-le-match-au-pays-de-galles-la-tentative-de-capture-de-courtois-echoue\/#primaryimage"},"thumbnailUrl":"https:\/\/vieassociative.be\/actualites\/wp-content\/uploads\/2025\/10\/Rat-perturbe-le-match-au-Pays-de-Galles-la.jpg","keywords":["capture","Courtois","\u00e9choue","Galles","match","pays","perturbe","Rat","tentative"],"articleSection":["Belgique"],"inLanguage":"fr-BE"},{"@type":"WebPage","@id":"https:\/\/vieassociative.be\/actualites\/rat-perturbe-le-match-au-pays-de-galles-la-tentative-de-capture-de-courtois-echoue\/","url":"https:\/\/vieassociative.be\/actualites\/rat-perturbe-le-match-au-pays-de-galles-la-tentative-de-capture-de-courtois-echoue\/","name":"Rat perturbe le match au Pays de Galles : la tentative de capture de Courtois \u00e9choue | Vie Associative","isPartOf":{"@id":"https:\/\/vieassociative.be\/actualites\/#website"},"primaryImageOfPage":{"@id":"https:\/\/vieassociative.be\/actualites\/rat-perturbe-le-match-au-pays-de-galles-la-tentative-de-capture-de-courtois-echoue\/#primaryimage"},"image":{"@id":"https:\/\/vieassociative.be\/actualites\/rat-perturbe-le-match-au-pays-de-galles-la-tentative-de-capture-de-courtois-echoue\/#primaryimage"},"thumbnailUrl":"https:\/\/vieassociative.be\/actualites\/wp-content\/uploads\/2025\/10\/Rat-perturbe-le-match-au-Pays-de-Galles-la.jpg","datePublished":"2025-10-14T08:17:45+00:00","dateModified":"2025-10-14T08:17:45+00:00","breadcrumb":{"@id":"https:\/\/vieassociative.be\/actualites\/rat-perturbe-le-match-au-pays-de-galles-la-tentative-de-capture-de-courtois-echoue\/#breadcrumb"},"inLanguage":"fr-BE","potentialAction":[{"@type":"ReadAction","target":["https:\/\/vieassociative.be\/actualites\/rat-perturbe-le-match-au-pays-de-galles-la-tentative-de-capture-de-courtois-echoue\/"]}]},{"@type":"ImageObject","inLanguage":"fr-BE","@id":"https:\/\/vieassociative.be\/actualites\/rat-perturbe-le-match-au-pays-de-galles-la-tentative-de-capture-de-courtois-echoue\/#primaryimage","url":"https:\/\/vieassociative.be\/actualites\/wp-content\/uploads\/2025\/10\/Rat-perturbe-le-match-au-Pays-de-Galles-la.jpg","contentUrl":"https:\/\/vieassociative.be\/actualites\/wp-content\/uploads\/2025\/10\/Rat-perturbe-le-match-au-Pays-de-Galles-la.jpg","width":1200,"height":844,"caption":"Rat perturbe le match au Pays de Galles : la tentative de capture de Courtois \u00e9choue"},{"@type":"BreadcrumbList","@id":"https:\/\/vieassociative.be\/actualites\/rat-perturbe-le-match-au-pays-de-galles-la-tentative-de-capture-de-courtois-echoue\/#breadcrumb","itemListElement":[{"@type":"ListItem","position":1,"name":"Accueil","item":"https:\/\/vieassociative.be\/actualites\/"},{"@type":"ListItem","position":2,"name":"Rat perturbe le match au Pays de Galles : la tentative de capture de Courtois \u00e9choue"}]},{"@type":"WebSite","@id":"https:\/\/vieassociative.be\/actualites\/#website","url":"https:\/\/vieassociative.be\/actualites\/","name":"Vie Associative","description":"","publisher":{"@id":"https:\/\/vieassociative.be\/actualites\/#organization"},"potentialAction":[{"@type":"SearchAction","target":{"@type":"EntryPoint","urlTemplate":"https:\/\/vieassociative.be\/actualites\/?s={search_term_string}"},"query-input":{"@type":"PropertyValueSpecification","valueRequired":true,"valueName":"search_term_string"}}],"inLanguage":"fr-BE"},{"@type":"Organization","@id":"https:\/\/vieassociative.be\/actualites\/#organization","name":"Vie Associative","url":"https:\/\/vieassociative.be\/actualites\/","logo":{"@type":"ImageObject","inLanguage":"fr-BE","@id":"https:\/\/vieassociative.be\/actualites\/#\/schema\/logo\/image\/","url":"https:\/\/vieassociative.be\/actualites\/wp-content\/uploads\/2024\/09\/cropped-vieassociative_favicon.ico.png","contentUrl":"https:\/\/vieassociative.be\/actualites\/wp-content\/uploads\/2024\/09\/cropped-vieassociative_favicon.ico.png","width":512,"height":512,"caption":"Vie Associative"},"image":{"@id":"https:\/\/vieassociative.be\/actualites\/#\/schema\/logo\/image\/"}},{"@type":"Person","@id":"https:\/\/vieassociative.be\/actualites\/#\/schema\/person\/b87ac4f82f9d4e7b7cec7395b679edc4","name":"Julien","image":{"@type":"ImageObject","inLanguage":"fr-BE","@id":"https:\/\/vieassociative.be\/actualites\/#\/schema\/person\/image\/","url":"https:\/\/vieassociative.be\/actualites\/wp-content\/uploads\/2024\/09\/vie-associative-1-150x150.jpg","contentUrl":"https:\/\/vieassociative.be\/actualites\/wp-content\/uploads\/2024\/09\/vie-associative-1-150x150.jpg","caption":"Julien"},"description":"Je suis Julien, r\u00e9dacteur pour Vie Associative. Passionn\u00e9 par le monde associatif depuis plus de 10 ans, j'ai \u00e0 c\u0153ur de partager des histoires inspirantes et de mettre en lumi\u00e8re les initiatives locales. Mon objectif est de sensibiliser et d'encourager l'engagement communautaire \u00e0 travers mes articles.","sameAs":["https:\/\/vieassociative.be\/"]}]}},"_links":{"self":[{"href":"https:\/\/vieassociative.be\/actualites\/wp-json\/wp\/v2\/posts\/10658"}],"collection":[{"href":"https:\/\/vieassociative.be\/actualites\/wp-json\/wp\/v2\/posts"}],"about":[{"href":"https:\/\/vieassociative.be\/actualites\/wp-json\/wp\/v2\/types\/post"}],"author":[{"embeddable":true,"href":"https:\/\/vieassociative.be\/actualites\/wp-json\/wp\/v2\/users\/1"}],"replies":[{"embeddable":true,"href":"https:\/\/vieassociative.be\/actualites\/wp-json\/wp\/v2\/comments?post=10658"}],"version-history":[{"count":0,"href":"https:\/\/vieassociative.be\/actualites\/wp-json\/wp\/v2\/posts\/10658\/revisions"}],"wp:featuredmedia":[{"embeddable":true,"href":"https:\/\/vieassociative.be\/actualites\/wp-json\/wp\/v2\/media\/10659"}],"wp:attachment":[{"href":"https:\/\/vieassociative.be\/actualites\/wp-json\/wp\/v2\/media?parent=10658"}],"wp:term":[{"taxonomy":"category","embeddable":true,"href":"https:\/\/vieassociative.be\/actualites\/wp-json\/wp\/v2\/categories?post=10658"},{"taxonomy":"post_tag","embeddable":true,"href":"https:\/\/vieassociative.be\/actualites\/wp-json\/wp\/v2\/tags?post=10658"}],"curies":[{"name":"wp","href":"https:\/\/api.w.org\/{rel}","templated":true}]}}