{"id":1065,"date":"2024-10-10T12:18:15","date_gmt":"2024-10-10T10:18:15","guid":{"rendered":"https:\/\/vieassociative.be\/actualites\/ma-balance-intelligente-preferee-est-a-30-de-reduction-pour-le-prime-day-doctobre\/"},"modified":"2024-10-10T12:18:15","modified_gmt":"2024-10-10T10:18:15","slug":"ma-balance-intelligente-preferee-est-a-30-de-reduction-pour-le-prime-day-doctobre","status":"publish","type":"post","link":"https:\/\/vieassociative.be\/actualites\/ma-balance-intelligente-preferee-est-a-30-de-reduction-pour-le-prime-day-doctobre\/","title":{"rendered":"Ma balance intelligente pr\u00e9f\u00e9r\u00e9e est \u00e0 30\u00a0% de r\u00e9duction pour le Prime Day d&rsquo;octobre"},"content":{"rendered":"<div class=\"mt-4 leading-6 md:mb-8\">C&rsquo;est \u00e9l\u00e9gant. Cela fonctionne tr\u00e8s bien. Maintenant, c&rsquo;est aussi moins cher.<\/div>\n<p><\/p>\n<p>Bien qu&rsquo;il y ait des avantages et des inconv\u00e9nients \u00e0 suivre de trop pr\u00e8s vos donn\u00e9es de sant\u00e9, si et quand vous choisissez de vous peser, vous devriez le faire avec la balance la meilleure et la plus utile. Personnellement, j&rsquo;utilise une balance intelligente iHealth Nexus et je l&rsquo;adore. <\/p>\n<p>Et comme il est en vente lors du Prime Day d&rsquo;Amazon d&rsquo;octobre, je vais vous dire pourquoi, au cas o\u00f9 vous d\u00e9cideriez que vous pourriez l&rsquo;aimer aussi. (C&rsquo;est g\u00e9nial, mais j&rsquo;aurais quand m\u00eame pr\u00e9f\u00e9r\u00e9 payer moins cher.)<\/p>\n<p>J&rsquo;ai eu ce truc en d\u00e9cembre, alors que je traversais une phase o\u00f9 j&rsquo;ai d\u00e9cid\u00e9 d&rsquo;utiliser la technologie pour surveiller de plus pr\u00e8s mes donn\u00e9es de sant\u00e9. Apr\u00e8s avoir investi dans une nouvelle Apple Watch (pour avoir une meilleure id\u00e9e du nombre de calories que je br\u00fblais et de la quantit\u00e9 de sommeil que je dormais), j&rsquo;ai pens\u00e9 que je ferais mieux de passer \u00e0 l&rsquo;\u00e9tape suivante et d&rsquo;acheter une balance intelligente qui se synchroniserait. avec mon application Apple Health, simplifiant toutes les complexit\u00e9s de qui je suis, physiquement, en graphiques et en chiffres. <\/p>\n<p>Le iHealth Nexus \u00e9tait mon choix et j&rsquo;en suis vraiment content. Il propose des lectures de votre poids, de votre pourcentage de graisse corporelle, de votre pourcentage d&rsquo;eau corporelle, de votre masse musculaire, de votre masse maigre et de votre masse osseuse, et calcule votre IMC, votre apport calorique quotidien et votre graisse visc\u00e9rale. \u00c9videmment, une grande partie de cela est probablement quelque peu invent\u00e9e (et l&rsquo;IMC est g\u00e9n\u00e9ralement une mauvaise mesure de votre sant\u00e9 globale), mais j&rsquo;aime que voir et suivre toutes ces donn\u00e9es soit un plaisir. <em>option<\/em>. <\/p>\n<h2 id=\"what-i-like-best-about-the-ihealth-nexus-smart-scale\">Ce que j&rsquo;aime le plus dans la balance intelligente iHealth Nexus<\/h2>\n<p>Ce que je pr\u00e9f\u00e8re \u00e0 propos de la balance, c&rsquo;est la facilit\u00e9 avec laquelle elle se synchronise avec Apple Health, qui \u00e0 son tour la synchronise avec toutes les autres applications que j&rsquo;utilise pour des choses comme le suivi de mes entra\u00eenements et de mon apport calorique. M\u00eame mes applications de t\u00e9l\u00e9sant\u00e9 sont li\u00e9es \u00e0 Apple Health, de sorte que les donn\u00e9es de la balance sont instantan\u00e9ment partag\u00e9es avec chaque application et plate-forme que j&rsquo;utilise. Les lectures apparaissent sur mon t\u00e9l\u00e9phone d\u00e8s que je monte sur la balance (bien s\u00fbr, la mesure la plus \u00e9l\u00e9mentaire de mon poids appara\u00eet \u00e9galement sur un \u00e9cran LED sur l&rsquo;appareil lui-m\u00eame). <\/p>\n<p>J&rsquo;appr\u00e9cie \u00e9galement qu&rsquo;en plus de me montrer mes lectures quotidiennes, l&rsquo;application cr\u00e9e automatiquement des graphiques qui illustrent les changements au fil du temps. C&rsquo;est agr\u00e9able de voir les tendances de mon poids ou de mon IMC refl\u00e9t\u00e9es d&rsquo;une mani\u00e8re facile \u00e0 comprendre, au lieu de comparer manuellement les lectures de chaque jour \u00e0 celles d&rsquo;avant. <\/p>\n<p>Enfin &#8211; et ce n&rsquo;est pas aussi important pour les performances de l&rsquo;appareil que pour mes pr\u00e9f\u00e9rences personnelles &#8211; il est \u00e9l\u00e9gant et a vraiment fi\u00e8re allure dans ma salle de bain : plat, blanc pur, esth\u00e9tique et suffisamment l\u00e9ger pour que je puisse sortir du chemin avec mon orteil quand j&rsquo;en aurai fini. J&rsquo;en ai achet\u00e9 un en noir \u00e0 mon petit ami apr\u00e8s avoir conclu qu&rsquo;il serait \u00e9galement tr\u00e8s \u00e9l\u00e9gant dans sa salle de bain, puis j&rsquo;ai dit \u00e0 mon ami d&rsquo;en acheter un lorsqu&rsquo;il serait en vente pour Prime Day cet \u00e9t\u00e9. Ils aiment tous les deux le leur autant que j&rsquo;aime le mien \u2013 et maintenant, comme c&rsquo;est encore moins cher que lors du Prime Day il y a quelques mois, c&rsquo;est \u00e0 votre tour. <\/p>\n<div class=\"w-full mt-12 text-center sm:text-left\" x-data=\"{ showAll: false }\">\n<div class=\"flex flex-col items-center justify-between sm:px-6 sm:flex-row\">\n<span class=\"text-sm italic\">Les offres sont s\u00e9lectionn\u00e9es par notre \u00e9quipe commerciale<\/span>\n<\/div>\n<\/div>\n","protected":false},"excerpt":{"rendered":"<p>C&rsquo;est \u00e9l\u00e9gant. Cela fonctionne tr\u00e8s bien. Maintenant, c&rsquo;est aussi moins cher. Bien qu&rsquo;il y ait des avantages et des inconv\u00e9nients \u00e0 suivre de trop pr\u00e8s<\/p>\n","protected":false},"author":1,"featured_media":1066,"comment_status":"","ping_status":"","sticky":false,"template":"","format":"standard","meta":{"footnotes":""},"categories":[40],"tags":[1613,347,1250,76,1614,81,52,346,308],"class_list":["post-1065","post","type-post","status-publish","format-standard","has-post-thumbnail","hentry","category-maison","tag-balance","tag-day","tag-doctobre","tag-est","tag-intelligente","tag-pour","tag-preferee","tag-prime","tag-reduction","generate-columns","tablet-grid-50","mobile-grid-100","grid-parent","grid-33"],"yoast_head":"<!-- This site is optimized with the Yoast SEO plugin v24.0 - https:\/\/yoast.com\/wordpress\/plugins\/seo\/ -->\n<title>Ma balance intelligente pr\u00e9f\u00e9r\u00e9e est \u00e0 30\u00a0% de r\u00e9duction pour le Prime Day d&#039;octobre | Vie Associative<\/title>\n<meta name=\"robots\" content=\"index, follow, max-snippet:-1, max-image-preview:large, max-video-preview:-1\" \/>\n<link rel=\"canonical\" href=\"https:\/\/vieassociative.be\/actualites\/ma-balance-intelligente-preferee-est-a-30-de-reduction-pour-le-prime-day-doctobre\/\" \/>\n<meta property=\"og:locale\" content=\"fr_FR\" \/>\n<meta property=\"og:type\" content=\"article\" \/>\n<meta property=\"og:title\" content=\"Ma balance intelligente pr\u00e9f\u00e9r\u00e9e est \u00e0 30\u00a0% de r\u00e9duction pour le Prime Day d&#039;octobre | Vie Associative\" \/>\n<meta property=\"og:description\" content=\"C&rsquo;est \u00e9l\u00e9gant. Cela fonctionne tr\u00e8s bien. Maintenant, c&rsquo;est aussi moins cher. Bien qu&rsquo;il y ait des avantages et des inconv\u00e9nients \u00e0 suivre de trop pr\u00e8s\" \/>\n<meta property=\"og:url\" content=\"https:\/\/vieassociative.be\/actualites\/ma-balance-intelligente-preferee-est-a-30-de-reduction-pour-le-prime-day-doctobre\/\" \/>\n<meta property=\"og:site_name\" content=\"Vie Associative\" \/>\n<meta property=\"article:published_time\" content=\"2024-10-10T10:18:15+00:00\" \/>\n<meta property=\"og:image\" content=\"https:\/\/vieassociative.be\/actualites\/wp-content\/uploads\/2024\/09\/header_backgroundk-01-e1726694325946.png\" \/>\n\t<meta property=\"og:image:width\" content=\"279\" \/>\n\t<meta property=\"og:image:height\" content=\"92\" \/>\n\t<meta property=\"og:image:type\" content=\"image\/png\" \/>\n<meta name=\"author\" content=\"Julien\" \/>\n<meta name=\"twitter:card\" content=\"summary_large_image\" \/>\n<meta name=\"twitter:label1\" content=\"\u00c9crit par\" \/>\n\t<meta name=\"twitter:data1\" content=\"Julien\" \/>\n\t<meta name=\"twitter:label2\" content=\"Dur\u00e9e de lecture est.\" \/>\n\t<meta name=\"twitter:data2\" content=\"3 minutes\" \/>\n<script type=\"application\/ld+json\" class=\"yoast-schema-graph\">{\"@context\":\"https:\/\/schema.org\",\"@graph\":[{\"@type\":\"Article\",\"@id\":\"https:\/\/vieassociative.be\/actualites\/ma-balance-intelligente-preferee-est-a-30-de-reduction-pour-le-prime-day-doctobre\/#article\",\"isPartOf\":{\"@id\":\"https:\/\/vieassociative.be\/actualites\/ma-balance-intelligente-preferee-est-a-30-de-reduction-pour-le-prime-day-doctobre\/\"},\"author\":{\"name\":\"Julien\",\"@id\":\"https:\/\/vieassociative.be\/actualites\/#\/schema\/person\/b87ac4f82f9d4e7b7cec7395b679edc4\"},\"headline\":\"Ma balance intelligente pr\u00e9f\u00e9r\u00e9e est \u00e0 30\u00a0% de r\u00e9duction pour le Prime Day d&rsquo;octobre\",\"datePublished\":\"2024-10-10T10:18:15+00:00\",\"dateModified\":\"2024-10-10T10:18:15+00:00\",\"mainEntityOfPage\":{\"@id\":\"https:\/\/vieassociative.be\/actualites\/ma-balance-intelligente-preferee-est-a-30-de-reduction-pour-le-prime-day-doctobre\/\"},\"wordCount\":694,\"publisher\":{\"@id\":\"https:\/\/vieassociative.be\/actualites\/#organization\"},\"image\":{\"@id\":\"https:\/\/vieassociative.be\/actualites\/ma-balance-intelligente-preferee-est-a-30-de-reduction-pour-le-prime-day-doctobre\/#primaryimage\"},\"thumbnailUrl\":\"https:\/\/vieassociative.be\/actualites\/wp-content\/uploads\/2024\/10\/Ma-balance-intelligente-preferee-est-a-30-de-reduction-pour.png\",\"keywords\":[\"balance\",\"Day\",\"doctobre\",\"est\",\"intelligente\",\"pour\",\"pr\u00e9f\u00e9r\u00e9e\",\"Prime\",\"r\u00e9duction\"],\"articleSection\":[\"Maison\"],\"inLanguage\":\"fr-BE\"},{\"@type\":\"WebPage\",\"@id\":\"https:\/\/vieassociative.be\/actualites\/ma-balance-intelligente-preferee-est-a-30-de-reduction-pour-le-prime-day-doctobre\/\",\"url\":\"https:\/\/vieassociative.be\/actualites\/ma-balance-intelligente-preferee-est-a-30-de-reduction-pour-le-prime-day-doctobre\/\",\"name\":\"Ma balance intelligente pr\u00e9f\u00e9r\u00e9e est \u00e0 30\u00a0% de r\u00e9duction pour le Prime Day d'octobre | Vie Associative\",\"isPartOf\":{\"@id\":\"https:\/\/vieassociative.be\/actualites\/#website\"},\"primaryImageOfPage\":{\"@id\":\"https:\/\/vieassociative.be\/actualites\/ma-balance-intelligente-preferee-est-a-30-de-reduction-pour-le-prime-day-doctobre\/#primaryimage\"},\"image\":{\"@id\":\"https:\/\/vieassociative.be\/actualites\/ma-balance-intelligente-preferee-est-a-30-de-reduction-pour-le-prime-day-doctobre\/#primaryimage\"},\"thumbnailUrl\":\"https:\/\/vieassociative.be\/actualites\/wp-content\/uploads\/2024\/10\/Ma-balance-intelligente-preferee-est-a-30-de-reduction-pour.png\",\"datePublished\":\"2024-10-10T10:18:15+00:00\",\"dateModified\":\"2024-10-10T10:18:15+00:00\",\"breadcrumb\":{\"@id\":\"https:\/\/vieassociative.be\/actualites\/ma-balance-intelligente-preferee-est-a-30-de-reduction-pour-le-prime-day-doctobre\/#breadcrumb\"},\"inLanguage\":\"fr-BE\",\"potentialAction\":[{\"@type\":\"ReadAction\",\"target\":[\"https:\/\/vieassociative.be\/actualites\/ma-balance-intelligente-preferee-est-a-30-de-reduction-pour-le-prime-day-doctobre\/\"]}]},{\"@type\":\"ImageObject\",\"inLanguage\":\"fr-BE\",\"@id\":\"https:\/\/vieassociative.be\/actualites\/ma-balance-intelligente-preferee-est-a-30-de-reduction-pour-le-prime-day-doctobre\/#primaryimage\",\"url\":\"https:\/\/vieassociative.be\/actualites\/wp-content\/uploads\/2024\/10\/Ma-balance-intelligente-preferee-est-a-30-de-reduction-pour.png\",\"contentUrl\":\"https:\/\/vieassociative.be\/actualites\/wp-content\/uploads\/2024\/10\/Ma-balance-intelligente-preferee-est-a-30-de-reduction-pour.png\",\"width\":1199,\"height\":675,\"caption\":\"Ma balance intelligente pr\u00e9f\u00e9r\u00e9e est \u00e0 30\u00a0% de r\u00e9duction pour le Prime Day d'octobre\"},{\"@type\":\"BreadcrumbList\",\"@id\":\"https:\/\/vieassociative.be\/actualites\/ma-balance-intelligente-preferee-est-a-30-de-reduction-pour-le-prime-day-doctobre\/#breadcrumb\",\"itemListElement\":[{\"@type\":\"ListItem\",\"position\":1,\"name\":\"Accueil\",\"item\":\"https:\/\/vieassociative.be\/actualites\/\"},{\"@type\":\"ListItem\",\"position\":2,\"name\":\"Ma balance intelligente pr\u00e9f\u00e9r\u00e9e est \u00e0 30\u00a0% de r\u00e9duction pour le Prime Day d&rsquo;octobre\"}]},{\"@type\":\"WebSite\",\"@id\":\"https:\/\/vieassociative.be\/actualites\/#website\",\"url\":\"https:\/\/vieassociative.be\/actualites\/\",\"name\":\"Vie Associative\",\"description\":\"\",\"publisher\":{\"@id\":\"https:\/\/vieassociative.be\/actualites\/#organization\"},\"potentialAction\":[{\"@type\":\"SearchAction\",\"target\":{\"@type\":\"EntryPoint\",\"urlTemplate\":\"https:\/\/vieassociative.be\/actualites\/?s={search_term_string}\"},\"query-input\":{\"@type\":\"PropertyValueSpecification\",\"valueRequired\":true,\"valueName\":\"search_term_string\"}}],\"inLanguage\":\"fr-BE\"},{\"@type\":\"Organization\",\"@id\":\"https:\/\/vieassociative.be\/actualites\/#organization\",\"name\":\"Vie Associative\",\"url\":\"https:\/\/vieassociative.be\/actualites\/\",\"logo\":{\"@type\":\"ImageObject\",\"inLanguage\":\"fr-BE\",\"@id\":\"https:\/\/vieassociative.be\/actualites\/#\/schema\/logo\/image\/\",\"url\":\"https:\/\/vieassociative.be\/actualites\/wp-content\/uploads\/2024\/09\/cropped-vieassociative_favicon.ico.png\",\"contentUrl\":\"https:\/\/vieassociative.be\/actualites\/wp-content\/uploads\/2024\/09\/cropped-vieassociative_favicon.ico.png\",\"width\":512,\"height\":512,\"caption\":\"Vie Associative\"},\"image\":{\"@id\":\"https:\/\/vieassociative.be\/actualites\/#\/schema\/logo\/image\/\"}},{\"@type\":\"Person\",\"@id\":\"https:\/\/vieassociative.be\/actualites\/#\/schema\/person\/b87ac4f82f9d4e7b7cec7395b679edc4\",\"name\":\"Julien\",\"image\":{\"@type\":\"ImageObject\",\"inLanguage\":\"fr-BE\",\"@id\":\"https:\/\/vieassociative.be\/actualites\/#\/schema\/person\/image\/\",\"url\":\"https:\/\/vieassociative.be\/actualites\/wp-content\/uploads\/2024\/09\/vie-associative-1-150x150.jpg\",\"contentUrl\":\"https:\/\/vieassociative.be\/actualites\/wp-content\/uploads\/2024\/09\/vie-associative-1-150x150.jpg\",\"caption\":\"Julien\"},\"description\":\"Je suis Julien, r\u00e9dacteur pour Vie Associative. Passionn\u00e9 par le monde associatif depuis plus de 10 ans, j'ai \u00e0 c\u0153ur de partager des histoires inspirantes et de mettre en lumi\u00e8re les initiatives locales. Mon objectif est de sensibiliser et d'encourager l'engagement communautaire \u00e0 travers mes articles.\",\"sameAs\":[\"https:\/\/vieassociative.be\/\"]}]}<\/script>\n<!-- \/ Yoast SEO plugin. -->","yoast_head_json":{"title":"Ma balance intelligente pr\u00e9f\u00e9r\u00e9e est \u00e0 30\u00a0% de r\u00e9duction pour le Prime Day d'octobre | Vie Associative","robots":{"index":"index","follow":"follow","max-snippet":"max-snippet:-1","max-image-preview":"max-image-preview:large","max-video-preview":"max-video-preview:-1"},"canonical":"https:\/\/vieassociative.be\/actualites\/ma-balance-intelligente-preferee-est-a-30-de-reduction-pour-le-prime-day-doctobre\/","og_locale":"fr_FR","og_type":"article","og_title":"Ma balance intelligente pr\u00e9f\u00e9r\u00e9e est \u00e0 30\u00a0% de r\u00e9duction pour le Prime Day d'octobre | Vie Associative","og_description":"C&rsquo;est \u00e9l\u00e9gant. Cela fonctionne tr\u00e8s bien. Maintenant, c&rsquo;est aussi moins cher. Bien qu&rsquo;il y ait des avantages et des inconv\u00e9nients \u00e0 suivre de trop pr\u00e8s","og_url":"https:\/\/vieassociative.be\/actualites\/ma-balance-intelligente-preferee-est-a-30-de-reduction-pour-le-prime-day-doctobre\/","og_site_name":"Vie Associative","article_published_time":"2024-10-10T10:18:15+00:00","og_image":[{"width":279,"height":92,"url":"https:\/\/vieassociative.be\/actualites\/wp-content\/uploads\/2024\/09\/header_backgroundk-01-e1726694325946.png","type":"image\/png"}],"author":"Julien","twitter_card":"summary_large_image","twitter_misc":{"\u00c9crit par":"Julien","Dur\u00e9e de lecture est.":"3 minutes"},"schema":{"@context":"https:\/\/schema.org","@graph":[{"@type":"Article","@id":"https:\/\/vieassociative.be\/actualites\/ma-balance-intelligente-preferee-est-a-30-de-reduction-pour-le-prime-day-doctobre\/#article","isPartOf":{"@id":"https:\/\/vieassociative.be\/actualites\/ma-balance-intelligente-preferee-est-a-30-de-reduction-pour-le-prime-day-doctobre\/"},"author":{"name":"Julien","@id":"https:\/\/vieassociative.be\/actualites\/#\/schema\/person\/b87ac4f82f9d4e7b7cec7395b679edc4"},"headline":"Ma balance intelligente pr\u00e9f\u00e9r\u00e9e est \u00e0 30\u00a0% de r\u00e9duction pour le Prime Day d&rsquo;octobre","datePublished":"2024-10-10T10:18:15+00:00","dateModified":"2024-10-10T10:18:15+00:00","mainEntityOfPage":{"@id":"https:\/\/vieassociative.be\/actualites\/ma-balance-intelligente-preferee-est-a-30-de-reduction-pour-le-prime-day-doctobre\/"},"wordCount":694,"publisher":{"@id":"https:\/\/vieassociative.be\/actualites\/#organization"},"image":{"@id":"https:\/\/vieassociative.be\/actualites\/ma-balance-intelligente-preferee-est-a-30-de-reduction-pour-le-prime-day-doctobre\/#primaryimage"},"thumbnailUrl":"https:\/\/vieassociative.be\/actualites\/wp-content\/uploads\/2024\/10\/Ma-balance-intelligente-preferee-est-a-30-de-reduction-pour.png","keywords":["balance","Day","doctobre","est","intelligente","pour","pr\u00e9f\u00e9r\u00e9e","Prime","r\u00e9duction"],"articleSection":["Maison"],"inLanguage":"fr-BE"},{"@type":"WebPage","@id":"https:\/\/vieassociative.be\/actualites\/ma-balance-intelligente-preferee-est-a-30-de-reduction-pour-le-prime-day-doctobre\/","url":"https:\/\/vieassociative.be\/actualites\/ma-balance-intelligente-preferee-est-a-30-de-reduction-pour-le-prime-day-doctobre\/","name":"Ma balance intelligente pr\u00e9f\u00e9r\u00e9e est \u00e0 30\u00a0% de r\u00e9duction pour le Prime Day d'octobre | Vie Associative","isPartOf":{"@id":"https:\/\/vieassociative.be\/actualites\/#website"},"primaryImageOfPage":{"@id":"https:\/\/vieassociative.be\/actualites\/ma-balance-intelligente-preferee-est-a-30-de-reduction-pour-le-prime-day-doctobre\/#primaryimage"},"image":{"@id":"https:\/\/vieassociative.be\/actualites\/ma-balance-intelligente-preferee-est-a-30-de-reduction-pour-le-prime-day-doctobre\/#primaryimage"},"thumbnailUrl":"https:\/\/vieassociative.be\/actualites\/wp-content\/uploads\/2024\/10\/Ma-balance-intelligente-preferee-est-a-30-de-reduction-pour.png","datePublished":"2024-10-10T10:18:15+00:00","dateModified":"2024-10-10T10:18:15+00:00","breadcrumb":{"@id":"https:\/\/vieassociative.be\/actualites\/ma-balance-intelligente-preferee-est-a-30-de-reduction-pour-le-prime-day-doctobre\/#breadcrumb"},"inLanguage":"fr-BE","potentialAction":[{"@type":"ReadAction","target":["https:\/\/vieassociative.be\/actualites\/ma-balance-intelligente-preferee-est-a-30-de-reduction-pour-le-prime-day-doctobre\/"]}]},{"@type":"ImageObject","inLanguage":"fr-BE","@id":"https:\/\/vieassociative.be\/actualites\/ma-balance-intelligente-preferee-est-a-30-de-reduction-pour-le-prime-day-doctobre\/#primaryimage","url":"https:\/\/vieassociative.be\/actualites\/wp-content\/uploads\/2024\/10\/Ma-balance-intelligente-preferee-est-a-30-de-reduction-pour.png","contentUrl":"https:\/\/vieassociative.be\/actualites\/wp-content\/uploads\/2024\/10\/Ma-balance-intelligente-preferee-est-a-30-de-reduction-pour.png","width":1199,"height":675,"caption":"Ma balance intelligente pr\u00e9f\u00e9r\u00e9e est \u00e0 30\u00a0% de r\u00e9duction pour le Prime Day d'octobre"},{"@type":"BreadcrumbList","@id":"https:\/\/vieassociative.be\/actualites\/ma-balance-intelligente-preferee-est-a-30-de-reduction-pour-le-prime-day-doctobre\/#breadcrumb","itemListElement":[{"@type":"ListItem","position":1,"name":"Accueil","item":"https:\/\/vieassociative.be\/actualites\/"},{"@type":"ListItem","position":2,"name":"Ma balance intelligente pr\u00e9f\u00e9r\u00e9e est \u00e0 30\u00a0% de r\u00e9duction pour le Prime Day d&rsquo;octobre"}]},{"@type":"WebSite","@id":"https:\/\/vieassociative.be\/actualites\/#website","url":"https:\/\/vieassociative.be\/actualites\/","name":"Vie Associative","description":"","publisher":{"@id":"https:\/\/vieassociative.be\/actualites\/#organization"},"potentialAction":[{"@type":"SearchAction","target":{"@type":"EntryPoint","urlTemplate":"https:\/\/vieassociative.be\/actualites\/?s={search_term_string}"},"query-input":{"@type":"PropertyValueSpecification","valueRequired":true,"valueName":"search_term_string"}}],"inLanguage":"fr-BE"},{"@type":"Organization","@id":"https:\/\/vieassociative.be\/actualites\/#organization","name":"Vie Associative","url":"https:\/\/vieassociative.be\/actualites\/","logo":{"@type":"ImageObject","inLanguage":"fr-BE","@id":"https:\/\/vieassociative.be\/actualites\/#\/schema\/logo\/image\/","url":"https:\/\/vieassociative.be\/actualites\/wp-content\/uploads\/2024\/09\/cropped-vieassociative_favicon.ico.png","contentUrl":"https:\/\/vieassociative.be\/actualites\/wp-content\/uploads\/2024\/09\/cropped-vieassociative_favicon.ico.png","width":512,"height":512,"caption":"Vie Associative"},"image":{"@id":"https:\/\/vieassociative.be\/actualites\/#\/schema\/logo\/image\/"}},{"@type":"Person","@id":"https:\/\/vieassociative.be\/actualites\/#\/schema\/person\/b87ac4f82f9d4e7b7cec7395b679edc4","name":"Julien","image":{"@type":"ImageObject","inLanguage":"fr-BE","@id":"https:\/\/vieassociative.be\/actualites\/#\/schema\/person\/image\/","url":"https:\/\/vieassociative.be\/actualites\/wp-content\/uploads\/2024\/09\/vie-associative-1-150x150.jpg","contentUrl":"https:\/\/vieassociative.be\/actualites\/wp-content\/uploads\/2024\/09\/vie-associative-1-150x150.jpg","caption":"Julien"},"description":"Je suis Julien, r\u00e9dacteur pour Vie Associative. Passionn\u00e9 par le monde associatif depuis plus de 10 ans, j'ai \u00e0 c\u0153ur de partager des histoires inspirantes et de mettre en lumi\u00e8re les initiatives locales. Mon objectif est de sensibiliser et d'encourager l'engagement communautaire \u00e0 travers mes articles.","sameAs":["https:\/\/vieassociative.be\/"]}]}},"_links":{"self":[{"href":"https:\/\/vieassociative.be\/actualites\/wp-json\/wp\/v2\/posts\/1065"}],"collection":[{"href":"https:\/\/vieassociative.be\/actualites\/wp-json\/wp\/v2\/posts"}],"about":[{"href":"https:\/\/vieassociative.be\/actualites\/wp-json\/wp\/v2\/types\/post"}],"author":[{"embeddable":true,"href":"https:\/\/vieassociative.be\/actualites\/wp-json\/wp\/v2\/users\/1"}],"replies":[{"embeddable":true,"href":"https:\/\/vieassociative.be\/actualites\/wp-json\/wp\/v2\/comments?post=1065"}],"version-history":[{"count":0,"href":"https:\/\/vieassociative.be\/actualites\/wp-json\/wp\/v2\/posts\/1065\/revisions"}],"wp:featuredmedia":[{"embeddable":true,"href":"https:\/\/vieassociative.be\/actualites\/wp-json\/wp\/v2\/media\/1066"}],"wp:attachment":[{"href":"https:\/\/vieassociative.be\/actualites\/wp-json\/wp\/v2\/media?parent=1065"}],"wp:term":[{"taxonomy":"category","embeddable":true,"href":"https:\/\/vieassociative.be\/actualites\/wp-json\/wp\/v2\/categories?post=1065"},{"taxonomy":"post_tag","embeddable":true,"href":"https:\/\/vieassociative.be\/actualites\/wp-json\/wp\/v2\/tags?post=1065"}],"curies":[{"name":"wp","href":"https:\/\/api.w.org\/{rel}","templated":true}]}}