{"id":10649,"date":"2025-10-14T04:17:07","date_gmt":"2025-10-14T02:17:07","guid":{"rendered":"https:\/\/vieassociative.be\/actualites\/les-diables-rouges-ont-presque-atteint-la-coupe-du-monde-apres-une-victoire-4-2-au-pays-de-galles-macedoine-du-nord-seulement-1-1\/"},"modified":"2025-10-14T04:17:07","modified_gmt":"2025-10-14T02:17:07","slug":"les-diables-rouges-ont-presque-atteint-la-coupe-du-monde-apres-une-victoire-4-2-au-pays-de-galles-macedoine-du-nord-seulement-1-1","status":"publish","type":"post","link":"https:\/\/vieassociative.be\/actualites\/les-diables-rouges-ont-presque-atteint-la-coupe-du-monde-apres-une-victoire-4-2-au-pays-de-galles-macedoine-du-nord-seulement-1-1\/","title":{"rendered":"Les Diables Rouges ont presque atteint la Coupe du Monde apr\u00e8s une victoire 4-2 au Pays de Galles &#8211; Mac\u00e9doine du Nord seulement 1-1"},"content":{"rendered":"<p><strong>L&rsquo;\u00e9quipe nationale belge de football est tr\u00e8s proche des finales de la Coupe du monde aux \u00c9tats-Unis, au Mexique et au Canada. Les Diables Rouges se sont impos\u00e9s 4-2 contre le Pays de Galles \u00e0 Cardiff lundi. Pendant ce temps, la Mac\u00e9doine du Nord n&rsquo;a pas pu surmonter un match nul 1-1 contre le Kazakhstan. La Belgique est d\u00e9sormais leader du groupe J.<\/strong><\/p>\n<p><span id=\"more-427097\"><\/span>Les Diables Rouges \u00e9taient men\u00e9s en d\u00e9but de match \u00e0 Cardiff mais se sont finalement impos\u00e9s 2-4 gr\u00e2ce \u00e0 un doubl\u00e9 de Kevin De Bruyne sur penalty, un but de Thomas Meunier et un autre de Leandro Trossard.<\/p>\n<p>Le onze de d\u00e9part belge : Courtois \u2013 Meunier, Debast, Theate, De Cuyper \u2013 Raskin, Ohana, De Bruyne \u2013 Trossard, De Ketelaere, Doku.<\/p>\n<div id=\"attachment_427100\" class=\"wp-caption alignleft\" style=\"max-width: 300px\"><img fetchpriority=\"high\" decoding=\"async\" class=\"wp-image-427100 size-medium\" src=\"https:\/\/vieassociative.be\/actualites\/wp-content\/uploads\/2025\/10\/Les-Diables-Rouges-ont-presque-atteint-la-Coupe-du-Monde.jpg\" alt=\"\" width=\"300\" height=\"202\"><\/div>\n<p>Incapables de battre la Mac\u00e9doine du Nord, les Diables Rouges se sont rendus sous pression au Pays de Galles lundi soir o\u00f9 ils ont affront\u00e9 une \u00e9quipe qui pourrait r\u00e9aliser un coup majeur en cas de victoire. A cette occasion, le s\u00e9lectionneur belge Rudi Garcia a proc\u00e9d\u00e9 \u00e0 trois changements dans le onze de d\u00e9part, en faisant notamment entrer d\u00e8s le d\u00e9part Charles De Ketelaere.<\/p>\n<p>Pouss\u00e9s par leurs supporters enthousiastes, les Gallois ont d\u00e9marr\u00e9 le match \u00e0 toute vitesse et ont mis la d\u00e9fense belge sous pression, qui a \u00e9chapp\u00e9 de peu \u00e0 un but contre son camp \u00e0 deux reprises. Le but est finalement intervenu apr\u00e8s un corner avec une t\u00eate bien ex\u00e9cut\u00e9e de Joe Rodon (8e).<\/p>\n<p>Mais alors que les Diables Rouges \u00e9taient d\u00e9j\u00e0 sur le terrain, ils ont eu de la chance lorsqu&rsquo;une passe de De Ketelaere a touch\u00e9 la main d&rsquo;Ethan Ampadu. Le capitaine de la soir\u00e9e, Kevin De Bruyne, prenait ses responsabilit\u00e9s et \u00e9galisait contre le cours du jeu sur penalty (18e).<\/p>\n<\/p>\n<div id=\"attachment_427121\" class=\"wp-caption alignleft\" style=\"max-width: 300px\"><img decoding=\"async\" class=\"wp-image-427121 size-medium\" src=\"https:\/\/vieassociative.be\/actualites\/wp-content\/uploads\/2025\/10\/1760408227_392_Les-Diables-Rouges-ont-presque-atteint-la-Coupe-du-Monde.jpg\" alt=\"\" width=\"300\" height=\"214\"><\/div>\n<p>\u00c0 partir de ce moment, le vent a tourn\u00e9. Quelques minutes plus tard, un tr\u00e8s long ballon de Leandro Trossard atterrit sur J\u00e9r\u00e9my Doku, qui attend patiemment que Thomas Meunier lui redonne le ballon. Le Lillois envoie le ballon de toutes ses forces dans le but adverse et donne l&rsquo;avantage aux Diables (24e).<\/p>\n<p>Sans une belle parade d&rsquo;un d\u00e9fenseur gallois de Trossard (30e) ou une frappe mieux plac\u00e9e de De Bruyne depuis une excellente position (34e), l&rsquo;avance avant la pause aurait pu \u00eatre encore plus importante. Les Belges rentraient finalement aux vestiaires avec une avance de 1-2, aid\u00e9s par un tr\u00e8s bel arr\u00eat de Thibaut Courtois juste avant la mi-temps.<\/p>\n<p>Le rythme s\u2019est consid\u00e9rablement ralenti en seconde p\u00e9riode. Cependant, cela n&rsquo;a pas emp\u00each\u00e9 Doku de faire deux belles incursions au milieu avant de tenter une frappe du pied gauche, qui n&rsquo;a pas abouti. Dans le m\u00eame temps, les Gallois n&rsquo;ont pas vraiment abandonn\u00e9, mais ils ont manqu\u00e9 de pr\u00e9cision dans leur finition pour r\u00e9ellement constituer une menace.<\/p>\n<div id=\"attachment_427119\" class=\"wp-caption alignleft\" style=\"max-width: 300px\"><img decoding=\"async\" class=\"wp-image-427119 size-medium\" src=\"https:\/\/vieassociative.be\/actualites\/wp-content\/uploads\/2025\/10\/1760408227_21_Les-Diables-Rouges-ont-presque-atteint-la-Coupe-du-Monde.jpg\" alt=\"\" width=\"300\" height=\"213\"><\/div>\n<p>Les h\u00f4tes se sont finalement priv\u00e9s de la victoire en fin de match lorsque Jordan James a montr\u00e9 un mauvais r\u00e9flexe face \u00e0 un ballon de Trossard et a tendu le bras pour emp\u00eacher le ballon de passer. L&rsquo;arbitre n&rsquo;a alors eu d&rsquo;autre choix que de d\u00e9signer \u00e0 nouveau le point de penalty. De Bruyne a inscrit son deuxi\u00e8me but (75e).<\/p>\n<p>Apr\u00e8s l&rsquo;entr\u00e9e d&rsquo;Axel Witsel tandis que Lo\u00efs Openda restait sur le banc, la fin de match a \u00e9galement \u00e9t\u00e9 marqu\u00e9e par un homme : Trossard. D&rsquo;abord, le joueur d&rsquo;Arsenal perd le ballon dans une position tr\u00e8s dangereuse, permettant aux Gallois de r\u00e9duire le d\u00e9ficit (89e), avant de marquer \u00e0 son tour apr\u00e8s une contre-attaque bien ex\u00e9cut\u00e9e des Diables (90e).<\/p>\n<p>L&rsquo;\u00e9quipe de Rudi Garcia a finalement remport\u00e9 une victoire importante (2:4), qui lui a donn\u00e9 un r\u00e9pit, d&rsquo;autant plus que la Mac\u00e9doine du Nord n&rsquo;a pas r\u00e9ussi \u00e0 battre le Kazakhstan (1:1).<\/p>\n<p>Une victoire lors des deux derniers matchs en novembre au Kazakhstan et contre le Liechtenstein suffit \u00e0 la Belgique pour r\u00e9server d\u00e9finitivement son billet pour la Coupe du Monde 2026. (cr\u00e9er)<\/p>\n","protected":false},"excerpt":{"rendered":"<p>L&rsquo;\u00e9quipe nationale belge de football est tr\u00e8s proche des finales de la Coupe du monde aux \u00c9tats-Unis, au Mexique et au Canada. Les Diables Rouges<\/p>\n","protected":false},"author":1,"featured_media":10650,"comment_status":"","ping_status":"","sticky":false,"template":"","format":"standard","meta":{"footnotes":""},"categories":[298],"tags":[472,2567,2472,2389,3996,14,3997,237,2634,1374,3513,340,2366,2583,110,784],"class_list":["post-10649","post","type-post","status-publish","format-standard","has-post-thumbnail","hentry","category-belgique","tag-apres","tag-atteint","tag-coupe","tag-diables","tag-galles","tag-les","tag-macedoine","tag-monde","tag-nord","tag-ont","tag-pays","tag-presque","tag-rouges","tag-seulement","tag-une","tag-victoire","generate-columns","tablet-grid-50","mobile-grid-100","grid-parent","grid-33"],"yoast_head":"<!-- This site is optimized with the Yoast SEO plugin v24.0 - https:\/\/yoast.com\/wordpress\/plugins\/seo\/ -->\n<title>Les Diables Rouges ont presque atteint la Coupe du Monde apr\u00e8s une victoire 4-2 au Pays de Galles - Mac\u00e9doine du Nord seulement 1-1 | Vie Associative<\/title>\n<meta name=\"robots\" content=\"index, follow, max-snippet:-1, max-image-preview:large, max-video-preview:-1\" \/>\n<link rel=\"canonical\" href=\"https:\/\/vieassociative.be\/actualites\/les-diables-rouges-ont-presque-atteint-la-coupe-du-monde-apres-une-victoire-4-2-au-pays-de-galles-macedoine-du-nord-seulement-1-1\/\" \/>\n<meta property=\"og:locale\" content=\"fr_FR\" \/>\n<meta property=\"og:type\" content=\"article\" \/>\n<meta property=\"og:title\" content=\"Les Diables Rouges ont presque atteint la Coupe du Monde apr\u00e8s une victoire 4-2 au Pays de Galles - Mac\u00e9doine du Nord seulement 1-1 | Vie Associative\" \/>\n<meta property=\"og:description\" content=\"L&rsquo;\u00e9quipe nationale belge de football est tr\u00e8s proche des finales de la Coupe du monde aux \u00c9tats-Unis, au Mexique et au Canada. Les Diables Rouges\" \/>\n<meta property=\"og:url\" content=\"https:\/\/vieassociative.be\/actualites\/les-diables-rouges-ont-presque-atteint-la-coupe-du-monde-apres-une-victoire-4-2-au-pays-de-galles-macedoine-du-nord-seulement-1-1\/\" \/>\n<meta property=\"og:site_name\" content=\"Vie Associative\" \/>\n<meta property=\"article:published_time\" content=\"2025-10-14T02:17:07+00:00\" \/>\n<meta property=\"og:image\" content=\"https:\/\/vieassociative.be\/actualites\/wp-content\/uploads\/2024\/09\/header_backgroundk-01-e1726694325946.png\" \/>\n\t<meta property=\"og:image:width\" content=\"279\" \/>\n\t<meta property=\"og:image:height\" content=\"92\" \/>\n\t<meta property=\"og:image:type\" content=\"image\/png\" \/>\n<meta name=\"author\" content=\"Julien\" \/>\n<meta name=\"twitter:card\" content=\"summary_large_image\" \/>\n<meta name=\"twitter:label1\" content=\"\u00c9crit par\" \/>\n\t<meta name=\"twitter:data1\" content=\"Julien\" \/>\n\t<meta name=\"twitter:label2\" content=\"Dur\u00e9e de lecture est.\" \/>\n\t<meta name=\"twitter:data2\" content=\"3 minutes\" \/>\n<script type=\"application\/ld+json\" class=\"yoast-schema-graph\">{\"@context\":\"https:\/\/schema.org\",\"@graph\":[{\"@type\":\"Article\",\"@id\":\"https:\/\/vieassociative.be\/actualites\/les-diables-rouges-ont-presque-atteint-la-coupe-du-monde-apres-une-victoire-4-2-au-pays-de-galles-macedoine-du-nord-seulement-1-1\/#article\",\"isPartOf\":{\"@id\":\"https:\/\/vieassociative.be\/actualites\/les-diables-rouges-ont-presque-atteint-la-coupe-du-monde-apres-une-victoire-4-2-au-pays-de-galles-macedoine-du-nord-seulement-1-1\/\"},\"author\":{\"name\":\"Julien\",\"@id\":\"https:\/\/vieassociative.be\/actualites\/#\/schema\/person\/b87ac4f82f9d4e7b7cec7395b679edc4\"},\"headline\":\"Les Diables Rouges ont presque atteint la Coupe du Monde apr\u00e8s une victoire 4-2 au Pays de Galles &#8211; Mac\u00e9doine du Nord seulement 1-1\",\"datePublished\":\"2025-10-14T02:17:07+00:00\",\"dateModified\":\"2025-10-14T02:17:07+00:00\",\"mainEntityOfPage\":{\"@id\":\"https:\/\/vieassociative.be\/actualites\/les-diables-rouges-ont-presque-atteint-la-coupe-du-monde-apres-une-victoire-4-2-au-pays-de-galles-macedoine-du-nord-seulement-1-1\/\"},\"wordCount\":729,\"publisher\":{\"@id\":\"https:\/\/vieassociative.be\/actualites\/#organization\"},\"image\":{\"@id\":\"https:\/\/vieassociative.be\/actualites\/les-diables-rouges-ont-presque-atteint-la-coupe-du-monde-apres-une-victoire-4-2-au-pays-de-galles-macedoine-du-nord-seulement-1-1\/#primaryimage\"},\"thumbnailUrl\":\"https:\/\/vieassociative.be\/actualites\/wp-content\/uploads\/2025\/10\/1760408228_Les-Diables-Rouges-ont-presque-atteint-la-Coupe-du-Monde.jpg\",\"keywords\":[\"Apr\u00e8s\",\"atteint\",\"Coupe\",\"Diables\",\"Galles\",\"Les\",\"Mac\u00e9doine\",\"monde\",\"Nord\",\"ont\",\"pays\",\"presque\",\"rouges\",\"seulement\",\"une\",\"victoire\"],\"articleSection\":[\"Belgique\"],\"inLanguage\":\"fr-BE\"},{\"@type\":\"WebPage\",\"@id\":\"https:\/\/vieassociative.be\/actualites\/les-diables-rouges-ont-presque-atteint-la-coupe-du-monde-apres-une-victoire-4-2-au-pays-de-galles-macedoine-du-nord-seulement-1-1\/\",\"url\":\"https:\/\/vieassociative.be\/actualites\/les-diables-rouges-ont-presque-atteint-la-coupe-du-monde-apres-une-victoire-4-2-au-pays-de-galles-macedoine-du-nord-seulement-1-1\/\",\"name\":\"Les Diables Rouges ont presque atteint la Coupe du Monde apr\u00e8s une victoire 4-2 au Pays de Galles - Mac\u00e9doine du Nord seulement 1-1 | Vie Associative\",\"isPartOf\":{\"@id\":\"https:\/\/vieassociative.be\/actualites\/#website\"},\"primaryImageOfPage\":{\"@id\":\"https:\/\/vieassociative.be\/actualites\/les-diables-rouges-ont-presque-atteint-la-coupe-du-monde-apres-une-victoire-4-2-au-pays-de-galles-macedoine-du-nord-seulement-1-1\/#primaryimage\"},\"image\":{\"@id\":\"https:\/\/vieassociative.be\/actualites\/les-diables-rouges-ont-presque-atteint-la-coupe-du-monde-apres-une-victoire-4-2-au-pays-de-galles-macedoine-du-nord-seulement-1-1\/#primaryimage\"},\"thumbnailUrl\":\"https:\/\/vieassociative.be\/actualites\/wp-content\/uploads\/2025\/10\/1760408228_Les-Diables-Rouges-ont-presque-atteint-la-Coupe-du-Monde.jpg\",\"datePublished\":\"2025-10-14T02:17:07+00:00\",\"dateModified\":\"2025-10-14T02:17:07+00:00\",\"breadcrumb\":{\"@id\":\"https:\/\/vieassociative.be\/actualites\/les-diables-rouges-ont-presque-atteint-la-coupe-du-monde-apres-une-victoire-4-2-au-pays-de-galles-macedoine-du-nord-seulement-1-1\/#breadcrumb\"},\"inLanguage\":\"fr-BE\",\"potentialAction\":[{\"@type\":\"ReadAction\",\"target\":[\"https:\/\/vieassociative.be\/actualites\/les-diables-rouges-ont-presque-atteint-la-coupe-du-monde-apres-une-victoire-4-2-au-pays-de-galles-macedoine-du-nord-seulement-1-1\/\"]}]},{\"@type\":\"ImageObject\",\"inLanguage\":\"fr-BE\",\"@id\":\"https:\/\/vieassociative.be\/actualites\/les-diables-rouges-ont-presque-atteint-la-coupe-du-monde-apres-une-victoire-4-2-au-pays-de-galles-macedoine-du-nord-seulement-1-1\/#primaryimage\",\"url\":\"https:\/\/vieassociative.be\/actualites\/wp-content\/uploads\/2025\/10\/1760408228_Les-Diables-Rouges-ont-presque-atteint-la-Coupe-du-Monde.jpg\",\"contentUrl\":\"https:\/\/vieassociative.be\/actualites\/wp-content\/uploads\/2025\/10\/1760408228_Les-Diables-Rouges-ont-presque-atteint-la-Coupe-du-Monde.jpg\",\"width\":1200,\"height\":813,\"caption\":\"Les Diables Rouges ont presque atteint la Coupe du Monde apr\u00e8s une victoire 4-2 au Pays de Galles - Mac\u00e9doine du Nord seulement 1-1\"},{\"@type\":\"BreadcrumbList\",\"@id\":\"https:\/\/vieassociative.be\/actualites\/les-diables-rouges-ont-presque-atteint-la-coupe-du-monde-apres-une-victoire-4-2-au-pays-de-galles-macedoine-du-nord-seulement-1-1\/#breadcrumb\",\"itemListElement\":[{\"@type\":\"ListItem\",\"position\":1,\"name\":\"Accueil\",\"item\":\"https:\/\/vieassociative.be\/actualites\/\"},{\"@type\":\"ListItem\",\"position\":2,\"name\":\"Les Diables Rouges ont presque atteint la Coupe du Monde apr\u00e8s une victoire 4-2 au Pays de Galles &#8211; Mac\u00e9doine du Nord seulement 1-1\"}]},{\"@type\":\"WebSite\",\"@id\":\"https:\/\/vieassociative.be\/actualites\/#website\",\"url\":\"https:\/\/vieassociative.be\/actualites\/\",\"name\":\"Vie Associative\",\"description\":\"\",\"publisher\":{\"@id\":\"https:\/\/vieassociative.be\/actualites\/#organization\"},\"potentialAction\":[{\"@type\":\"SearchAction\",\"target\":{\"@type\":\"EntryPoint\",\"urlTemplate\":\"https:\/\/vieassociative.be\/actualites\/?s={search_term_string}\"},\"query-input\":{\"@type\":\"PropertyValueSpecification\",\"valueRequired\":true,\"valueName\":\"search_term_string\"}}],\"inLanguage\":\"fr-BE\"},{\"@type\":\"Organization\",\"@id\":\"https:\/\/vieassociative.be\/actualites\/#organization\",\"name\":\"Vie Associative\",\"url\":\"https:\/\/vieassociative.be\/actualites\/\",\"logo\":{\"@type\":\"ImageObject\",\"inLanguage\":\"fr-BE\",\"@id\":\"https:\/\/vieassociative.be\/actualites\/#\/schema\/logo\/image\/\",\"url\":\"https:\/\/vieassociative.be\/actualites\/wp-content\/uploads\/2024\/09\/cropped-vieassociative_favicon.ico.png\",\"contentUrl\":\"https:\/\/vieassociative.be\/actualites\/wp-content\/uploads\/2024\/09\/cropped-vieassociative_favicon.ico.png\",\"width\":512,\"height\":512,\"caption\":\"Vie Associative\"},\"image\":{\"@id\":\"https:\/\/vieassociative.be\/actualites\/#\/schema\/logo\/image\/\"}},{\"@type\":\"Person\",\"@id\":\"https:\/\/vieassociative.be\/actualites\/#\/schema\/person\/b87ac4f82f9d4e7b7cec7395b679edc4\",\"name\":\"Julien\",\"image\":{\"@type\":\"ImageObject\",\"inLanguage\":\"fr-BE\",\"@id\":\"https:\/\/vieassociative.be\/actualites\/#\/schema\/person\/image\/\",\"url\":\"https:\/\/vieassociative.be\/actualites\/wp-content\/uploads\/2024\/09\/vie-associative-1-150x150.jpg\",\"contentUrl\":\"https:\/\/vieassociative.be\/actualites\/wp-content\/uploads\/2024\/09\/vie-associative-1-150x150.jpg\",\"caption\":\"Julien\"},\"description\":\"Je suis Julien, r\u00e9dacteur pour Vie Associative. Passionn\u00e9 par le monde associatif depuis plus de 10 ans, j'ai \u00e0 c\u0153ur de partager des histoires inspirantes et de mettre en lumi\u00e8re les initiatives locales. Mon objectif est de sensibiliser et d'encourager l'engagement communautaire \u00e0 travers mes articles.\",\"sameAs\":[\"https:\/\/vieassociative.be\/\"]}]}<\/script>\n<!-- \/ Yoast SEO plugin. -->","yoast_head_json":{"title":"Les Diables Rouges ont presque atteint la Coupe du Monde apr\u00e8s une victoire 4-2 au Pays de Galles - Mac\u00e9doine du Nord seulement 1-1 | Vie Associative","robots":{"index":"index","follow":"follow","max-snippet":"max-snippet:-1","max-image-preview":"max-image-preview:large","max-video-preview":"max-video-preview:-1"},"canonical":"https:\/\/vieassociative.be\/actualites\/les-diables-rouges-ont-presque-atteint-la-coupe-du-monde-apres-une-victoire-4-2-au-pays-de-galles-macedoine-du-nord-seulement-1-1\/","og_locale":"fr_FR","og_type":"article","og_title":"Les Diables Rouges ont presque atteint la Coupe du Monde apr\u00e8s une victoire 4-2 au Pays de Galles - Mac\u00e9doine du Nord seulement 1-1 | Vie Associative","og_description":"L&rsquo;\u00e9quipe nationale belge de football est tr\u00e8s proche des finales de la Coupe du monde aux \u00c9tats-Unis, au Mexique et au Canada. Les Diables Rouges","og_url":"https:\/\/vieassociative.be\/actualites\/les-diables-rouges-ont-presque-atteint-la-coupe-du-monde-apres-une-victoire-4-2-au-pays-de-galles-macedoine-du-nord-seulement-1-1\/","og_site_name":"Vie Associative","article_published_time":"2025-10-14T02:17:07+00:00","og_image":[{"width":279,"height":92,"url":"https:\/\/vieassociative.be\/actualites\/wp-content\/uploads\/2024\/09\/header_backgroundk-01-e1726694325946.png","type":"image\/png"}],"author":"Julien","twitter_card":"summary_large_image","twitter_misc":{"\u00c9crit par":"Julien","Dur\u00e9e de lecture est.":"3 minutes"},"schema":{"@context":"https:\/\/schema.org","@graph":[{"@type":"Article","@id":"https:\/\/vieassociative.be\/actualites\/les-diables-rouges-ont-presque-atteint-la-coupe-du-monde-apres-une-victoire-4-2-au-pays-de-galles-macedoine-du-nord-seulement-1-1\/#article","isPartOf":{"@id":"https:\/\/vieassociative.be\/actualites\/les-diables-rouges-ont-presque-atteint-la-coupe-du-monde-apres-une-victoire-4-2-au-pays-de-galles-macedoine-du-nord-seulement-1-1\/"},"author":{"name":"Julien","@id":"https:\/\/vieassociative.be\/actualites\/#\/schema\/person\/b87ac4f82f9d4e7b7cec7395b679edc4"},"headline":"Les Diables Rouges ont presque atteint la Coupe du Monde apr\u00e8s une victoire 4-2 au Pays de Galles &#8211; Mac\u00e9doine du Nord seulement 1-1","datePublished":"2025-10-14T02:17:07+00:00","dateModified":"2025-10-14T02:17:07+00:00","mainEntityOfPage":{"@id":"https:\/\/vieassociative.be\/actualites\/les-diables-rouges-ont-presque-atteint-la-coupe-du-monde-apres-une-victoire-4-2-au-pays-de-galles-macedoine-du-nord-seulement-1-1\/"},"wordCount":729,"publisher":{"@id":"https:\/\/vieassociative.be\/actualites\/#organization"},"image":{"@id":"https:\/\/vieassociative.be\/actualites\/les-diables-rouges-ont-presque-atteint-la-coupe-du-monde-apres-une-victoire-4-2-au-pays-de-galles-macedoine-du-nord-seulement-1-1\/#primaryimage"},"thumbnailUrl":"https:\/\/vieassociative.be\/actualites\/wp-content\/uploads\/2025\/10\/1760408228_Les-Diables-Rouges-ont-presque-atteint-la-Coupe-du-Monde.jpg","keywords":["Apr\u00e8s","atteint","Coupe","Diables","Galles","Les","Mac\u00e9doine","monde","Nord","ont","pays","presque","rouges","seulement","une","victoire"],"articleSection":["Belgique"],"inLanguage":"fr-BE"},{"@type":"WebPage","@id":"https:\/\/vieassociative.be\/actualites\/les-diables-rouges-ont-presque-atteint-la-coupe-du-monde-apres-une-victoire-4-2-au-pays-de-galles-macedoine-du-nord-seulement-1-1\/","url":"https:\/\/vieassociative.be\/actualites\/les-diables-rouges-ont-presque-atteint-la-coupe-du-monde-apres-une-victoire-4-2-au-pays-de-galles-macedoine-du-nord-seulement-1-1\/","name":"Les Diables Rouges ont presque atteint la Coupe du Monde apr\u00e8s une victoire 4-2 au Pays de Galles - Mac\u00e9doine du Nord seulement 1-1 | Vie Associative","isPartOf":{"@id":"https:\/\/vieassociative.be\/actualites\/#website"},"primaryImageOfPage":{"@id":"https:\/\/vieassociative.be\/actualites\/les-diables-rouges-ont-presque-atteint-la-coupe-du-monde-apres-une-victoire-4-2-au-pays-de-galles-macedoine-du-nord-seulement-1-1\/#primaryimage"},"image":{"@id":"https:\/\/vieassociative.be\/actualites\/les-diables-rouges-ont-presque-atteint-la-coupe-du-monde-apres-une-victoire-4-2-au-pays-de-galles-macedoine-du-nord-seulement-1-1\/#primaryimage"},"thumbnailUrl":"https:\/\/vieassociative.be\/actualites\/wp-content\/uploads\/2025\/10\/1760408228_Les-Diables-Rouges-ont-presque-atteint-la-Coupe-du-Monde.jpg","datePublished":"2025-10-14T02:17:07+00:00","dateModified":"2025-10-14T02:17:07+00:00","breadcrumb":{"@id":"https:\/\/vieassociative.be\/actualites\/les-diables-rouges-ont-presque-atteint-la-coupe-du-monde-apres-une-victoire-4-2-au-pays-de-galles-macedoine-du-nord-seulement-1-1\/#breadcrumb"},"inLanguage":"fr-BE","potentialAction":[{"@type":"ReadAction","target":["https:\/\/vieassociative.be\/actualites\/les-diables-rouges-ont-presque-atteint-la-coupe-du-monde-apres-une-victoire-4-2-au-pays-de-galles-macedoine-du-nord-seulement-1-1\/"]}]},{"@type":"ImageObject","inLanguage":"fr-BE","@id":"https:\/\/vieassociative.be\/actualites\/les-diables-rouges-ont-presque-atteint-la-coupe-du-monde-apres-une-victoire-4-2-au-pays-de-galles-macedoine-du-nord-seulement-1-1\/#primaryimage","url":"https:\/\/vieassociative.be\/actualites\/wp-content\/uploads\/2025\/10\/1760408228_Les-Diables-Rouges-ont-presque-atteint-la-Coupe-du-Monde.jpg","contentUrl":"https:\/\/vieassociative.be\/actualites\/wp-content\/uploads\/2025\/10\/1760408228_Les-Diables-Rouges-ont-presque-atteint-la-Coupe-du-Monde.jpg","width":1200,"height":813,"caption":"Les Diables Rouges ont presque atteint la Coupe du Monde apr\u00e8s une victoire 4-2 au Pays de Galles - Mac\u00e9doine du Nord seulement 1-1"},{"@type":"BreadcrumbList","@id":"https:\/\/vieassociative.be\/actualites\/les-diables-rouges-ont-presque-atteint-la-coupe-du-monde-apres-une-victoire-4-2-au-pays-de-galles-macedoine-du-nord-seulement-1-1\/#breadcrumb","itemListElement":[{"@type":"ListItem","position":1,"name":"Accueil","item":"https:\/\/vieassociative.be\/actualites\/"},{"@type":"ListItem","position":2,"name":"Les Diables Rouges ont presque atteint la Coupe du Monde apr\u00e8s une victoire 4-2 au Pays de Galles &#8211; Mac\u00e9doine du Nord seulement 1-1"}]},{"@type":"WebSite","@id":"https:\/\/vieassociative.be\/actualites\/#website","url":"https:\/\/vieassociative.be\/actualites\/","name":"Vie Associative","description":"","publisher":{"@id":"https:\/\/vieassociative.be\/actualites\/#organization"},"potentialAction":[{"@type":"SearchAction","target":{"@type":"EntryPoint","urlTemplate":"https:\/\/vieassociative.be\/actualites\/?s={search_term_string}"},"query-input":{"@type":"PropertyValueSpecification","valueRequired":true,"valueName":"search_term_string"}}],"inLanguage":"fr-BE"},{"@type":"Organization","@id":"https:\/\/vieassociative.be\/actualites\/#organization","name":"Vie Associative","url":"https:\/\/vieassociative.be\/actualites\/","logo":{"@type":"ImageObject","inLanguage":"fr-BE","@id":"https:\/\/vieassociative.be\/actualites\/#\/schema\/logo\/image\/","url":"https:\/\/vieassociative.be\/actualites\/wp-content\/uploads\/2024\/09\/cropped-vieassociative_favicon.ico.png","contentUrl":"https:\/\/vieassociative.be\/actualites\/wp-content\/uploads\/2024\/09\/cropped-vieassociative_favicon.ico.png","width":512,"height":512,"caption":"Vie Associative"},"image":{"@id":"https:\/\/vieassociative.be\/actualites\/#\/schema\/logo\/image\/"}},{"@type":"Person","@id":"https:\/\/vieassociative.be\/actualites\/#\/schema\/person\/b87ac4f82f9d4e7b7cec7395b679edc4","name":"Julien","image":{"@type":"ImageObject","inLanguage":"fr-BE","@id":"https:\/\/vieassociative.be\/actualites\/#\/schema\/person\/image\/","url":"https:\/\/vieassociative.be\/actualites\/wp-content\/uploads\/2024\/09\/vie-associative-1-150x150.jpg","contentUrl":"https:\/\/vieassociative.be\/actualites\/wp-content\/uploads\/2024\/09\/vie-associative-1-150x150.jpg","caption":"Julien"},"description":"Je suis Julien, r\u00e9dacteur pour Vie Associative. Passionn\u00e9 par le monde associatif depuis plus de 10 ans, j'ai \u00e0 c\u0153ur de partager des histoires inspirantes et de mettre en lumi\u00e8re les initiatives locales. Mon objectif est de sensibiliser et d'encourager l'engagement communautaire \u00e0 travers mes articles.","sameAs":["https:\/\/vieassociative.be\/"]}]}},"_links":{"self":[{"href":"https:\/\/vieassociative.be\/actualites\/wp-json\/wp\/v2\/posts\/10649"}],"collection":[{"href":"https:\/\/vieassociative.be\/actualites\/wp-json\/wp\/v2\/posts"}],"about":[{"href":"https:\/\/vieassociative.be\/actualites\/wp-json\/wp\/v2\/types\/post"}],"author":[{"embeddable":true,"href":"https:\/\/vieassociative.be\/actualites\/wp-json\/wp\/v2\/users\/1"}],"replies":[{"embeddable":true,"href":"https:\/\/vieassociative.be\/actualites\/wp-json\/wp\/v2\/comments?post=10649"}],"version-history":[{"count":0,"href":"https:\/\/vieassociative.be\/actualites\/wp-json\/wp\/v2\/posts\/10649\/revisions"}],"wp:featuredmedia":[{"embeddable":true,"href":"https:\/\/vieassociative.be\/actualites\/wp-json\/wp\/v2\/media\/10650"}],"wp:attachment":[{"href":"https:\/\/vieassociative.be\/actualites\/wp-json\/wp\/v2\/media?parent=10649"}],"wp:term":[{"taxonomy":"category","embeddable":true,"href":"https:\/\/vieassociative.be\/actualites\/wp-json\/wp\/v2\/categories?post=10649"},{"taxonomy":"post_tag","embeddable":true,"href":"https:\/\/vieassociative.be\/actualites\/wp-json\/wp\/v2\/tags?post=10649"}],"curies":[{"name":"wp","href":"https:\/\/api.w.org\/{rel}","templated":true}]}}