{"id":10645,"date":"2025-10-14T02:19:24","date_gmt":"2025-10-14T00:19:24","guid":{"rendered":"https:\/\/vieassociative.be\/actualites\/comment-je-me-sens-apres-30-jours-avec-le-rameur-hydrow-arc\/"},"modified":"2025-10-14T02:19:24","modified_gmt":"2025-10-14T00:19:24","slug":"comment-je-me-sens-apres-30-jours-avec-le-rameur-hydrow-arc","status":"publish","type":"post","link":"https:\/\/vieassociative.be\/actualites\/comment-je-me-sens-apres-30-jours-avec-le-rameur-hydrow-arc\/","title":{"rendered":"Comment je me sens apr\u00e8s 30 jours avec le rameur Hydrow Arc"},"content":{"rendered":"<div class=\"mt-4 leading-6 md:mb-8\">Je suis officiellement accro \u00e0 l&rsquo;aviron.<\/div>\n<p><\/p>\n<p><em>Saviez-vous que vous pouvez personnaliser Google pour filtrer les d\u00e9chets\u00a0? Suivez ces \u00e9tapes<\/em><em> pour de meilleurs r\u00e9sultats de recherche, notamment en ajoutant mon travail chez Vie Associative comme source pr\u00e9f\u00e9r\u00e9e<\/em><em>.<\/em><\/p>\n<hr>\n<p>Lorsque j\u2019ai d\u00e9ball\u00e9 pour la premi\u00e8re fois le rameur Hydrow Arc, j\u2019\u00e9tais prudemment optimiste. Alors que les rameurs toujours <em>sonnait<\/em> g\u00e9nial en th\u00e9orie &#8211; un entra\u00eenement complet du corps efficace, \u00e0 faible impact ! &#8211; lorsque je les ai essay\u00e9s dans le pass\u00e9, j&rsquo;avais l&rsquo;impression que la r\u00e9alit\u00e9 \u00e9tait loin d&rsquo;\u00eatre \u00e0 la hauteur du battage m\u00e9diatique, mais mes premi\u00e8res impressions \u00e9taient prometteuses et la machine elle-m\u00eame est vraiment sympa.<\/p>\n<p>Et maintenant, apr\u00e8s 30 jours d\u2019aviron constant, je peux affirmer avec confiance que mes jambes se sentent effectivement plus fortes que jamais. De plus, je ne me lasse pas encore de cet entra\u00eenement. Voici comment s&rsquo;est d\u00e9roul\u00e9 mon dernier mois d&rsquo;entra\u00eenement et comment je me sens maintenant.<\/p>\n<div class=\"mx-auto mb-12 mt-5 w-full max-w-3xl rounded-md border-2 border-gray-100 p-3 shadow-md md:px-7 md:pb-7 md:pt-5\" id=\"related-video\">\n<div class=\"mb-3 flex items-center md:mb-5\">\n        <img decoding=\"async\" class=\"mr-4 mt-0 h-10 w-10 md:mr-5 md:h-12 md:w-12\" src=\"https:\/\/vieassociative.be\/actualites\/wp-content\/uploads\/2025\/09\/1757726237_608_Meta-pourrait-devoiler-une-montre-intelligente-pour-controler-ses-lunettes.jpg\" alt=\"Logo du pirate de la vie\"><\/p><\/div>\n<div class=\"aspect-video w-full overflow-hidden rounded-md\">\n<div id=\"video-container-01K7FYKZ75V8Y8HPQHWZCMHH59\"><\/div>\n<\/p><\/div>\n<\/div>\n<div class=\"pogoClear mb-12 mt-10 rounded-md border-2 border-gray-100 py-7 shadow-xl md:py-6\">\n<div class=\"flex flex-wrap justify-between px-7 text-black no-underline md:flex-nowrap md:px-8\">\n<div class=\"order-1 mx-auto flex flex-col justify-center md:order-2 md:ml-4 md:w-full md:grow\">\n<div class=\"block cursor-pointer text-center font-akshar text-2xl font-medium leading-7 text-brand-green duration-200 ease-in-out hover:text-brand-green-700 md:text-left md:text-xl md:leading-6\">Rameur \u00e0 arc Hydrow\n                <\/div>\n<div class=\"mt-4 hidden md:flex md:justify-between\">\n<div class=\"self-end\">\n<div class=\"mb-0 h-11 md:flex md:flex-col md:justify-center\">\n<div class=\" font-sans leading-4 text-black\">\n<div class=\"flex flex-wrap items-center justify-center gap-1 md:justify-start\">\n        <span class=\"font-bold\"><\/p>\n<p>            2\u00a0295,00\u00a0$<br \/>\n                            <span class=\"font-medium\">chez Hydrow<\/span><br \/>\n                    <\/span>\n            <\/div>\n<\/p><\/div>\n<\/p><\/div>\n<\/p><\/div>\n<div class=\"w-44 self-end\">\n                            <button class=\"flex justify-center items-center w-full bg-brand-green text-white text-base font-sans font-medium rounded-md hover:bg-brand-green-700 hover:cursor-pointer md:text-sm h-11\"><\/p>\n<p>    Achetez maintenant<br \/>\n<\/button>\n                        <\/div>\n<\/p><\/div>\n<\/p><\/div>\n<div class=\"order-2 mt-5 h-auto w-full md:order-1 md:mt-0 md:hidden\">\n<div class=\"flex aspect-video items-center justify-center\">\n                                            <img decoding=\"async\" class=\"m-0 max-h-full max-w-full rounded-md\" src=\"https:\/\/vieassociative.be\/actualites\/wp-content\/uploads\/2025\/09\/Jai-essaye-la-nouvelle-machine-a-ramer-de-lhydrow-et.webp.webp\" alt=\"Rameur \u00e0 arc Hydrow\" width=\"auto\" height=\"auto\" loading=\"lazy\">\n                                    <\/div>\n<\/p><\/div>\n<div class=\"order-2 ml-2 hidden w-32 shrink-0 items-center md:order-1 md:ml-0 md:flex\">\n<div class=\"flex aspect-video items-center justify-center\">\n                                            <img decoding=\"async\" class=\"m-0 max-h-full max-w-full rounded-md\" src=\"https:\/\/vieassociative.be\/actualites\/wp-content\/uploads\/2025\/09\/Jai-essaye-la-nouvelle-machine-a-ramer-de-lhydrow-et.webp.webp\" alt=\"Rameur \u00e0 arc Hydrow\" width=\"auto\" height=\"auto\" loading=\"lazy\">\n                                    <\/div>\n<\/p><\/div>\n<div class=\"order-3 flex grow flex-wrap md:hidden md:grow-0\">\n<div class=\"mt-4 w-full\">\n                        <button class=\"flex justify-center items-center w-full bg-brand-green text-white text-base font-sans font-medium rounded-md hover:bg-brand-green-700 hover:cursor-pointer md:text-sm h-11\"><\/p>\n<p>    Achetez maintenant<br \/>\n<\/button>\n                    <\/div>\n<div class=\"mx-2 mt-4 w-full\">\n<div class=\" font-sans leading-4 text-black\">\n<div class=\"flex flex-wrap items-center justify-center gap-1 md:justify-start\">\n        <span class=\"font-bold\"><\/p>\n<p>            2\u00a0295,00\u00a0$<br \/>\n                            <span class=\"font-medium\">chez Hydrow<\/span><br \/>\n                    <\/span>\n            <\/div>\n<\/p><\/div>\n<\/p><\/div>\n<\/p><\/div>\n<\/p><\/div>\n<\/div>\n<h2 id=\"week-one-getting-acquainted-with-rowing\">Premi\u00e8re semaine\u00a0: se familiariser avec l&rsquo;aviron<\/h2>\n<p>Pour \u00eatre honn\u00eate, mes premi\u00e8res s\u00e9ances avec cette machine ont \u00e9t\u00e9 une v\u00e9ritable le\u00e7on d\u2019humilit\u00e9. Bien que j&rsquo;aie d\u00e9j\u00e0 ram\u00e9, ces premi\u00e8res s\u00e9ances d&rsquo;entra\u00eenement de 20 minutes m&rsquo;ont rappel\u00e9 que l&rsquo;aviron est beaucoup plus difficile qu&rsquo;il n&rsquo;y para\u00eet. Vos quadriceps br\u00fblent, vos ischio-jambiers s&rsquo;engagent d&rsquo;une mani\u00e8re que vous aviez oubli\u00e9, et vos fessiers ? Ils font <em>travail<\/em>. La r\u00e9sistance \u00e9lectromagn\u00e9tique de l&rsquo;Arc (ou \u00ab\u00a0r\u00e9glage de la tra\u00een\u00e9e\u00a0\u00bb) est incroyablement douce, et ce mouvement fluide m&rsquo;a permis de me concentrer sur la forme sans les arr\u00eats et d\u00e9marrages discordants des machines moins ch\u00e8res auxquelles je suis habitu\u00e9 au gymnase. Mais cela signifiait aussi pouvoir se concentrer v\u00e9ritablement sur la br\u00fblure.<\/p>\n<p>En ce qui concerne la machine elle-m\u00eame, l&rsquo;\u00e9cran tactile HD pivotant de 24 pouces de l&rsquo;Hydrow est imm\u00e9diatement devenu ma fonctionnalit\u00e9 pr\u00e9f\u00e9r\u00e9e. Il s&rsquo;agit du plus grand \u00e9cran de l&rsquo;entreprise \u00e0 ce jour, et lorsque vous \u00eates en plein entra\u00eenement et que vous regardez un instructeur ramer sur des voies navigables pittoresques en Croatie ou sur la rivi\u00e8re Charles, cette qualit\u00e9 immersive compte vraiment. Cela m&rsquo;a suffisamment aid\u00e9 pour que je puisse oublier que je souffrais pendant les deux derni\u00e8res minutes d&rsquo;un intervalle de puissance.<\/p>\n<h2 id=\"weeks-two-and-three-starting-to-build-strength\">Semaines deux et trois : Commencer \u00e0 d\u00e9velopper sa force<\/h2>\n<p>J&rsquo;\u00e9tais d\u00e9j\u00e0 familier avec les avantages et les d\u00e9fis de la course et du levage, mais quelques semaines seulement apr\u00e8s le d\u00e9but de mon programme d&rsquo;aviron, j&rsquo;ai senti une force unique et surprenante commencer \u00e0 se d\u00e9velopper, non seulement en masse, mais en puissance fonctionnelle qui se traduisait dans les mouvements quotidiens. <\/p>\n<p>Le syst\u00e8me HydroMetrics (la fonction de suivi exclusive d&rsquo;Hydrow) est devenu \u00e9trangement addictif au cours de cette phase. Il mesure vos performances dans trois domaines cl\u00e9s\u00a0: <strong>Pr\u00e9cision<\/strong> (\u00e0 quel point votre coup est coh\u00e9rent), <strong>Endurance<\/strong> (dans quelle mesure vous maintenez la production), et <strong>Pouvoir <\/strong>(combien de force vous g\u00e9n\u00e9rez). Voir ces scores s&rsquo;am\u00e9liorer m&rsquo;a donn\u00e9 la preuve concr\u00e8te que je n&rsquo;\u00e9tais pas seulement <em>sentiment<\/em> plus fort &#8211; j&rsquo;\u00e9tais <em>obtenir<\/em> plus fort. Au fur et \u00e0 mesure que mon indice HydroMetrics sur 30 jours grimpait, cette gamification m&rsquo;a fait revenir.<\/p>\n<p>La biblioth\u00e8que d&rsquo;entra\u00eenements de l&rsquo;Arc est immense : vous pouvez choisir parmi des milliers de cours, allant de s\u00e9ances rapides de 10 minutes \u00e0 des d\u00e9fis d&rsquo;endurance de 45 minutes. Je me suis retrouv\u00e9 attir\u00e9 par les rang\u00e9es panoramiques de 30 minutes le matin et les s\u00e9ances plus courtes et de haute intensit\u00e9 le soir. La vari\u00e9t\u00e9 signifiait que je ne m&rsquo;ennuyais jamais et le format \u00e0 la demande me permettait de m&rsquo;entra\u00eener \u00e0 6 heures du matin ou \u00e0 22 heures sans planifier un horaire de studio. Le fonctionnement silencieux de la machine signifiait \u00e9galement que je n&rsquo;avais pas \u00e0 planifier les horaires de sommeil de mon colocataire. <\/p>\n<h2 id=\"week-four-feeling-the-full-body-difference\">Quatri\u00e8me semaine\u00a0: ressentir la diff\u00e9rence dans tout le corps<\/h2>\n<p>L&rsquo;aviron est souvent consid\u00e9r\u00e9 comme un entra\u00eenement complet du corps, et apr\u00e8s un mois, je comprends certainement pourquoi. Si vous ne vous y \u00eates pas engag\u00e9, vous pourriez supposer que l\u2019aviron est davantage un entra\u00eenement du haut du corps. Mais l\u2019une des premi\u00e8res choses que j\u2019ai apprises avec mon Arc, c\u2019est que je devais utiliser bien plus de puissance avec mes jambes que je ne le pensais auparavant. Apr\u00e8s un mois, mon corps se sentait plus stable, ma posture s&rsquo;\u00e9tait am\u00e9lior\u00e9e (gr\u00e2ce \u00e0 tout cet engagement pendant la phase d&rsquo;entra\u00eenement) et mes bras &#8211; bien qu&rsquo;ils ne soient pas l&rsquo;objectif principal &#8211; \u00e9taient d\u00e9finitivement plus toniques. <\/p>\n<p>Au-del\u00e0 des gains physiques, qui ne peuvent \u00eatre qu&rsquo;anecdotiques apr\u00e8s seulement un mois d&rsquo;essai comme celui-ci, j&rsquo;ai remarqu\u00e9 un b\u00e9n\u00e9fice mental que je n&rsquo;avais pas pr\u00e9vu : les recommandations d&rsquo;entra\u00eenement personnalis\u00e9es me donnaient moins l&rsquo;impression de me forcer \u00e0 faire de l&rsquo;exercice et davantage la machine. <em>savait<\/em> ce qu&rsquo;il fallait pour me motiver. Certains jours, cela sugg\u00e9rait des rang\u00e9es d&rsquo;endurance\u00a0; d&rsquo;autres jours, il servait des intervalles de puissance. Ces conseils intelligents ont \u00e9limin\u00e9 la fatigue d\u00e9cisionnelle qui tue souvent mes s\u00e9quences d&rsquo;entra\u00eenement. <\/p>\n<h2 id=\"the-bottom-line\">L&rsquo;essentiel<\/h2>\n<p>Apr\u00e8s 30 jours avec le rameur Hydrow Arc, mes jambes se sentent plus fortes que jamais, non pas d&rsquo;une mani\u00e8re \u00ab je ne peux pas monter les escaliers \u00bb, mais d&rsquo;une mani\u00e8re \u00ab je me sens puissante et capable \u00bb. La machine a tenu la promesse de construire ce qu\u2019Hydrow appelle gentiment la \u00ab force fluide \u00bb : ce genre de forme physique fonctionnelle et compl\u00e8te qui facilite la vie quotidienne.<\/p>\n<p>L&rsquo;Arc est-il une solution d&rsquo;entra\u00eenement parfaite ? Eh bien, c&rsquo;est une machine de haute qualit\u00e9 avec un encombrement important et un prix \u00e9lev\u00e9, donc ce n&rsquo;est pas pour tout le monde. Mais si vous souhaitez s\u00e9rieusement d\u00e9velopper votre force de mani\u00e8re efficace, si vous souhaitez un entra\u00eenement \u00e0 faible impact qui vous met r\u00e9ellement au d\u00e9fi et si vous appr\u00e9ciez une technologie intelligente qui s&rsquo;adapte \u00e0 vos progr\u00e8s, cela vaut la peine d&rsquo;y r\u00e9fl\u00e9chir, malgr\u00e9 l&rsquo;investissement substantiel n\u00e9cessaire. Apr\u00e8s 30 jours, je ne suis pas seulement plus fort, je suis accro \u00e0 l&rsquo;aviron. <\/p>\n","protected":false},"excerpt":{"rendered":"<p>Je suis officiellement accro \u00e0 l&rsquo;aviron. Saviez-vous que vous pouvez personnaliser Google pour filtrer les d\u00e9chets\u00a0? Suivez ces \u00e9tapes pour de meilleurs r\u00e9sultats de recherche,<\/p>\n","protected":false},"author":1,"featured_media":10646,"comment_status":"","ping_status":"","sticky":false,"template":"","format":"standard","meta":{"footnotes":""},"categories":[38],"tags":[472,5642,61,44,8887,937,8886,4017],"class_list":["post-10645","post","type-post","status-publish","format-standard","has-post-thumbnail","hentry","category-sante","tag-apres","tag-arc","tag-avec","tag-comment","tag-hydrow","tag-jours","tag-rameur","tag-sens","generate-columns","tablet-grid-50","mobile-grid-100","grid-parent","grid-33"],"yoast_head":"<!-- This site is optimized with the Yoast SEO plugin v24.0 - https:\/\/yoast.com\/wordpress\/plugins\/seo\/ -->\n<title>Comment je me sens apr\u00e8s 30 jours avec le rameur Hydrow Arc | Vie Associative<\/title>\n<meta name=\"robots\" content=\"index, follow, max-snippet:-1, max-image-preview:large, max-video-preview:-1\" \/>\n<link rel=\"canonical\" href=\"https:\/\/vieassociative.be\/actualites\/comment-je-me-sens-apres-30-jours-avec-le-rameur-hydrow-arc\/\" \/>\n<meta property=\"og:locale\" content=\"fr_FR\" \/>\n<meta property=\"og:type\" content=\"article\" \/>\n<meta property=\"og:title\" content=\"Comment je me sens apr\u00e8s 30 jours avec le rameur Hydrow Arc | Vie Associative\" \/>\n<meta property=\"og:description\" content=\"Je suis officiellement accro \u00e0 l&rsquo;aviron. Saviez-vous que vous pouvez personnaliser Google pour filtrer les d\u00e9chets\u00a0? Suivez ces \u00e9tapes pour de meilleurs r\u00e9sultats de recherche,\" \/>\n<meta property=\"og:url\" content=\"https:\/\/vieassociative.be\/actualites\/comment-je-me-sens-apres-30-jours-avec-le-rameur-hydrow-arc\/\" \/>\n<meta property=\"og:site_name\" content=\"Vie Associative\" \/>\n<meta property=\"article:published_time\" content=\"2025-10-14T00:19:24+00:00\" \/>\n<meta property=\"og:image\" content=\"https:\/\/vieassociative.be\/actualites\/wp-content\/uploads\/2025\/09\/1757726237_608_Meta-pourrait-devoiler-une-montre-intelligente-pour-controler-ses-lunettes.jpg\" \/>\n<meta name=\"author\" content=\"Julien\" \/>\n<meta name=\"twitter:card\" content=\"summary_large_image\" \/>\n<meta name=\"twitter:label1\" content=\"\u00c9crit par\" \/>\n\t<meta name=\"twitter:data1\" content=\"Julien\" \/>\n\t<meta name=\"twitter:label2\" content=\"Dur\u00e9e de lecture est.\" \/>\n\t<meta name=\"twitter:data2\" content=\"5 minutes\" \/>\n<script type=\"application\/ld+json\" class=\"yoast-schema-graph\">{\"@context\":\"https:\/\/schema.org\",\"@graph\":[{\"@type\":\"Article\",\"@id\":\"https:\/\/vieassociative.be\/actualites\/comment-je-me-sens-apres-30-jours-avec-le-rameur-hydrow-arc\/#article\",\"isPartOf\":{\"@id\":\"https:\/\/vieassociative.be\/actualites\/comment-je-me-sens-apres-30-jours-avec-le-rameur-hydrow-arc\/\"},\"author\":{\"name\":\"Julien\",\"@id\":\"https:\/\/vieassociative.be\/actualites\/#\/schema\/person\/b87ac4f82f9d4e7b7cec7395b679edc4\"},\"headline\":\"Comment je me sens apr\u00e8s 30 jours avec le rameur Hydrow Arc\",\"datePublished\":\"2025-10-14T00:19:24+00:00\",\"dateModified\":\"2025-10-14T00:19:24+00:00\",\"mainEntityOfPage\":{\"@id\":\"https:\/\/vieassociative.be\/actualites\/comment-je-me-sens-apres-30-jours-avec-le-rameur-hydrow-arc\/\"},\"wordCount\":1143,\"publisher\":{\"@id\":\"https:\/\/vieassociative.be\/actualites\/#organization\"},\"image\":{\"@id\":\"https:\/\/vieassociative.be\/actualites\/comment-je-me-sens-apres-30-jours-avec-le-rameur-hydrow-arc\/#primaryimage\"},\"thumbnailUrl\":\"https:\/\/vieassociative.be\/actualites\/wp-content\/uploads\/2025\/10\/Comment-je-me-sens-apres-30-jours-avec-le-rameur.png\",\"keywords\":[\"Apr\u00e8s\",\"Arc\",\"avec\",\"Comment\",\"Hydrow\",\"jours\",\"rameur\",\"sens\"],\"articleSection\":[\"Sant\u00e9\"],\"inLanguage\":\"fr-BE\"},{\"@type\":\"WebPage\",\"@id\":\"https:\/\/vieassociative.be\/actualites\/comment-je-me-sens-apres-30-jours-avec-le-rameur-hydrow-arc\/\",\"url\":\"https:\/\/vieassociative.be\/actualites\/comment-je-me-sens-apres-30-jours-avec-le-rameur-hydrow-arc\/\",\"name\":\"Comment je me sens apr\u00e8s 30 jours avec le rameur Hydrow Arc | Vie Associative\",\"isPartOf\":{\"@id\":\"https:\/\/vieassociative.be\/actualites\/#website\"},\"primaryImageOfPage\":{\"@id\":\"https:\/\/vieassociative.be\/actualites\/comment-je-me-sens-apres-30-jours-avec-le-rameur-hydrow-arc\/#primaryimage\"},\"image\":{\"@id\":\"https:\/\/vieassociative.be\/actualites\/comment-je-me-sens-apres-30-jours-avec-le-rameur-hydrow-arc\/#primaryimage\"},\"thumbnailUrl\":\"https:\/\/vieassociative.be\/actualites\/wp-content\/uploads\/2025\/10\/Comment-je-me-sens-apres-30-jours-avec-le-rameur.png\",\"datePublished\":\"2025-10-14T00:19:24+00:00\",\"dateModified\":\"2025-10-14T00:19:24+00:00\",\"breadcrumb\":{\"@id\":\"https:\/\/vieassociative.be\/actualites\/comment-je-me-sens-apres-30-jours-avec-le-rameur-hydrow-arc\/#breadcrumb\"},\"inLanguage\":\"fr-BE\",\"potentialAction\":[{\"@type\":\"ReadAction\",\"target\":[\"https:\/\/vieassociative.be\/actualites\/comment-je-me-sens-apres-30-jours-avec-le-rameur-hydrow-arc\/\"]}]},{\"@type\":\"ImageObject\",\"inLanguage\":\"fr-BE\",\"@id\":\"https:\/\/vieassociative.be\/actualites\/comment-je-me-sens-apres-30-jours-avec-le-rameur-hydrow-arc\/#primaryimage\",\"url\":\"https:\/\/vieassociative.be\/actualites\/wp-content\/uploads\/2025\/10\/Comment-je-me-sens-apres-30-jours-avec-le-rameur.png\",\"contentUrl\":\"https:\/\/vieassociative.be\/actualites\/wp-content\/uploads\/2025\/10\/Comment-je-me-sens-apres-30-jours-avec-le-rameur.png\",\"width\":1200,\"height\":675,\"caption\":\"Comment je me sens apr\u00e8s 30 jours avec le rameur Hydrow Arc\"},{\"@type\":\"BreadcrumbList\",\"@id\":\"https:\/\/vieassociative.be\/actualites\/comment-je-me-sens-apres-30-jours-avec-le-rameur-hydrow-arc\/#breadcrumb\",\"itemListElement\":[{\"@type\":\"ListItem\",\"position\":1,\"name\":\"Accueil\",\"item\":\"https:\/\/vieassociative.be\/actualites\/\"},{\"@type\":\"ListItem\",\"position\":2,\"name\":\"Comment je me sens apr\u00e8s 30 jours avec le rameur Hydrow Arc\"}]},{\"@type\":\"WebSite\",\"@id\":\"https:\/\/vieassociative.be\/actualites\/#website\",\"url\":\"https:\/\/vieassociative.be\/actualites\/\",\"name\":\"Vie Associative\",\"description\":\"\",\"publisher\":{\"@id\":\"https:\/\/vieassociative.be\/actualites\/#organization\"},\"potentialAction\":[{\"@type\":\"SearchAction\",\"target\":{\"@type\":\"EntryPoint\",\"urlTemplate\":\"https:\/\/vieassociative.be\/actualites\/?s={search_term_string}\"},\"query-input\":{\"@type\":\"PropertyValueSpecification\",\"valueRequired\":true,\"valueName\":\"search_term_string\"}}],\"inLanguage\":\"fr-BE\"},{\"@type\":\"Organization\",\"@id\":\"https:\/\/vieassociative.be\/actualites\/#organization\",\"name\":\"Vie Associative\",\"url\":\"https:\/\/vieassociative.be\/actualites\/\",\"logo\":{\"@type\":\"ImageObject\",\"inLanguage\":\"fr-BE\",\"@id\":\"https:\/\/vieassociative.be\/actualites\/#\/schema\/logo\/image\/\",\"url\":\"https:\/\/vieassociative.be\/actualites\/wp-content\/uploads\/2024\/09\/cropped-vieassociative_favicon.ico.png\",\"contentUrl\":\"https:\/\/vieassociative.be\/actualites\/wp-content\/uploads\/2024\/09\/cropped-vieassociative_favicon.ico.png\",\"width\":512,\"height\":512,\"caption\":\"Vie Associative\"},\"image\":{\"@id\":\"https:\/\/vieassociative.be\/actualites\/#\/schema\/logo\/image\/\"}},{\"@type\":\"Person\",\"@id\":\"https:\/\/vieassociative.be\/actualites\/#\/schema\/person\/b87ac4f82f9d4e7b7cec7395b679edc4\",\"name\":\"Julien\",\"image\":{\"@type\":\"ImageObject\",\"inLanguage\":\"fr-BE\",\"@id\":\"https:\/\/vieassociative.be\/actualites\/#\/schema\/person\/image\/\",\"url\":\"https:\/\/vieassociative.be\/actualites\/wp-content\/uploads\/2024\/09\/vie-associative-1-150x150.jpg\",\"contentUrl\":\"https:\/\/vieassociative.be\/actualites\/wp-content\/uploads\/2024\/09\/vie-associative-1-150x150.jpg\",\"caption\":\"Julien\"},\"description\":\"Je suis Julien, r\u00e9dacteur pour Vie Associative. Passionn\u00e9 par le monde associatif depuis plus de 10 ans, j'ai \u00e0 c\u0153ur de partager des histoires inspirantes et de mettre en lumi\u00e8re les initiatives locales. Mon objectif est de sensibiliser et d'encourager l'engagement communautaire \u00e0 travers mes articles.\",\"sameAs\":[\"https:\/\/vieassociative.be\/\"]}]}<\/script>\n<!-- \/ Yoast SEO plugin. -->","yoast_head_json":{"title":"Comment je me sens apr\u00e8s 30 jours avec le rameur Hydrow Arc | Vie Associative","robots":{"index":"index","follow":"follow","max-snippet":"max-snippet:-1","max-image-preview":"max-image-preview:large","max-video-preview":"max-video-preview:-1"},"canonical":"https:\/\/vieassociative.be\/actualites\/comment-je-me-sens-apres-30-jours-avec-le-rameur-hydrow-arc\/","og_locale":"fr_FR","og_type":"article","og_title":"Comment je me sens apr\u00e8s 30 jours avec le rameur Hydrow Arc | Vie Associative","og_description":"Je suis officiellement accro \u00e0 l&rsquo;aviron. Saviez-vous que vous pouvez personnaliser Google pour filtrer les d\u00e9chets\u00a0? Suivez ces \u00e9tapes pour de meilleurs r\u00e9sultats de recherche,","og_url":"https:\/\/vieassociative.be\/actualites\/comment-je-me-sens-apres-30-jours-avec-le-rameur-hydrow-arc\/","og_site_name":"Vie Associative","article_published_time":"2025-10-14T00:19:24+00:00","og_image":[{"url":"https:\/\/vieassociative.be\/actualites\/wp-content\/uploads\/2025\/09\/1757726237_608_Meta-pourrait-devoiler-une-montre-intelligente-pour-controler-ses-lunettes.jpg","type":"","width":"","height":""}],"author":"Julien","twitter_card":"summary_large_image","twitter_misc":{"\u00c9crit par":"Julien","Dur\u00e9e de lecture est.":"5 minutes"},"schema":{"@context":"https:\/\/schema.org","@graph":[{"@type":"Article","@id":"https:\/\/vieassociative.be\/actualites\/comment-je-me-sens-apres-30-jours-avec-le-rameur-hydrow-arc\/#article","isPartOf":{"@id":"https:\/\/vieassociative.be\/actualites\/comment-je-me-sens-apres-30-jours-avec-le-rameur-hydrow-arc\/"},"author":{"name":"Julien","@id":"https:\/\/vieassociative.be\/actualites\/#\/schema\/person\/b87ac4f82f9d4e7b7cec7395b679edc4"},"headline":"Comment je me sens apr\u00e8s 30 jours avec le rameur Hydrow Arc","datePublished":"2025-10-14T00:19:24+00:00","dateModified":"2025-10-14T00:19:24+00:00","mainEntityOfPage":{"@id":"https:\/\/vieassociative.be\/actualites\/comment-je-me-sens-apres-30-jours-avec-le-rameur-hydrow-arc\/"},"wordCount":1143,"publisher":{"@id":"https:\/\/vieassociative.be\/actualites\/#organization"},"image":{"@id":"https:\/\/vieassociative.be\/actualites\/comment-je-me-sens-apres-30-jours-avec-le-rameur-hydrow-arc\/#primaryimage"},"thumbnailUrl":"https:\/\/vieassociative.be\/actualites\/wp-content\/uploads\/2025\/10\/Comment-je-me-sens-apres-30-jours-avec-le-rameur.png","keywords":["Apr\u00e8s","Arc","avec","Comment","Hydrow","jours","rameur","sens"],"articleSection":["Sant\u00e9"],"inLanguage":"fr-BE"},{"@type":"WebPage","@id":"https:\/\/vieassociative.be\/actualites\/comment-je-me-sens-apres-30-jours-avec-le-rameur-hydrow-arc\/","url":"https:\/\/vieassociative.be\/actualites\/comment-je-me-sens-apres-30-jours-avec-le-rameur-hydrow-arc\/","name":"Comment je me sens apr\u00e8s 30 jours avec le rameur Hydrow Arc | Vie Associative","isPartOf":{"@id":"https:\/\/vieassociative.be\/actualites\/#website"},"primaryImageOfPage":{"@id":"https:\/\/vieassociative.be\/actualites\/comment-je-me-sens-apres-30-jours-avec-le-rameur-hydrow-arc\/#primaryimage"},"image":{"@id":"https:\/\/vieassociative.be\/actualites\/comment-je-me-sens-apres-30-jours-avec-le-rameur-hydrow-arc\/#primaryimage"},"thumbnailUrl":"https:\/\/vieassociative.be\/actualites\/wp-content\/uploads\/2025\/10\/Comment-je-me-sens-apres-30-jours-avec-le-rameur.png","datePublished":"2025-10-14T00:19:24+00:00","dateModified":"2025-10-14T00:19:24+00:00","breadcrumb":{"@id":"https:\/\/vieassociative.be\/actualites\/comment-je-me-sens-apres-30-jours-avec-le-rameur-hydrow-arc\/#breadcrumb"},"inLanguage":"fr-BE","potentialAction":[{"@type":"ReadAction","target":["https:\/\/vieassociative.be\/actualites\/comment-je-me-sens-apres-30-jours-avec-le-rameur-hydrow-arc\/"]}]},{"@type":"ImageObject","inLanguage":"fr-BE","@id":"https:\/\/vieassociative.be\/actualites\/comment-je-me-sens-apres-30-jours-avec-le-rameur-hydrow-arc\/#primaryimage","url":"https:\/\/vieassociative.be\/actualites\/wp-content\/uploads\/2025\/10\/Comment-je-me-sens-apres-30-jours-avec-le-rameur.png","contentUrl":"https:\/\/vieassociative.be\/actualites\/wp-content\/uploads\/2025\/10\/Comment-je-me-sens-apres-30-jours-avec-le-rameur.png","width":1200,"height":675,"caption":"Comment je me sens apr\u00e8s 30 jours avec le rameur Hydrow Arc"},{"@type":"BreadcrumbList","@id":"https:\/\/vieassociative.be\/actualites\/comment-je-me-sens-apres-30-jours-avec-le-rameur-hydrow-arc\/#breadcrumb","itemListElement":[{"@type":"ListItem","position":1,"name":"Accueil","item":"https:\/\/vieassociative.be\/actualites\/"},{"@type":"ListItem","position":2,"name":"Comment je me sens apr\u00e8s 30 jours avec le rameur Hydrow Arc"}]},{"@type":"WebSite","@id":"https:\/\/vieassociative.be\/actualites\/#website","url":"https:\/\/vieassociative.be\/actualites\/","name":"Vie Associative","description":"","publisher":{"@id":"https:\/\/vieassociative.be\/actualites\/#organization"},"potentialAction":[{"@type":"SearchAction","target":{"@type":"EntryPoint","urlTemplate":"https:\/\/vieassociative.be\/actualites\/?s={search_term_string}"},"query-input":{"@type":"PropertyValueSpecification","valueRequired":true,"valueName":"search_term_string"}}],"inLanguage":"fr-BE"},{"@type":"Organization","@id":"https:\/\/vieassociative.be\/actualites\/#organization","name":"Vie Associative","url":"https:\/\/vieassociative.be\/actualites\/","logo":{"@type":"ImageObject","inLanguage":"fr-BE","@id":"https:\/\/vieassociative.be\/actualites\/#\/schema\/logo\/image\/","url":"https:\/\/vieassociative.be\/actualites\/wp-content\/uploads\/2024\/09\/cropped-vieassociative_favicon.ico.png","contentUrl":"https:\/\/vieassociative.be\/actualites\/wp-content\/uploads\/2024\/09\/cropped-vieassociative_favicon.ico.png","width":512,"height":512,"caption":"Vie Associative"},"image":{"@id":"https:\/\/vieassociative.be\/actualites\/#\/schema\/logo\/image\/"}},{"@type":"Person","@id":"https:\/\/vieassociative.be\/actualites\/#\/schema\/person\/b87ac4f82f9d4e7b7cec7395b679edc4","name":"Julien","image":{"@type":"ImageObject","inLanguage":"fr-BE","@id":"https:\/\/vieassociative.be\/actualites\/#\/schema\/person\/image\/","url":"https:\/\/vieassociative.be\/actualites\/wp-content\/uploads\/2024\/09\/vie-associative-1-150x150.jpg","contentUrl":"https:\/\/vieassociative.be\/actualites\/wp-content\/uploads\/2024\/09\/vie-associative-1-150x150.jpg","caption":"Julien"},"description":"Je suis Julien, r\u00e9dacteur pour Vie Associative. Passionn\u00e9 par le monde associatif depuis plus de 10 ans, j'ai \u00e0 c\u0153ur de partager des histoires inspirantes et de mettre en lumi\u00e8re les initiatives locales. Mon objectif est de sensibiliser et d'encourager l'engagement communautaire \u00e0 travers mes articles.","sameAs":["https:\/\/vieassociative.be\/"]}]}},"_links":{"self":[{"href":"https:\/\/vieassociative.be\/actualites\/wp-json\/wp\/v2\/posts\/10645"}],"collection":[{"href":"https:\/\/vieassociative.be\/actualites\/wp-json\/wp\/v2\/posts"}],"about":[{"href":"https:\/\/vieassociative.be\/actualites\/wp-json\/wp\/v2\/types\/post"}],"author":[{"embeddable":true,"href":"https:\/\/vieassociative.be\/actualites\/wp-json\/wp\/v2\/users\/1"}],"replies":[{"embeddable":true,"href":"https:\/\/vieassociative.be\/actualites\/wp-json\/wp\/v2\/comments?post=10645"}],"version-history":[{"count":0,"href":"https:\/\/vieassociative.be\/actualites\/wp-json\/wp\/v2\/posts\/10645\/revisions"}],"wp:featuredmedia":[{"embeddable":true,"href":"https:\/\/vieassociative.be\/actualites\/wp-json\/wp\/v2\/media\/10646"}],"wp:attachment":[{"href":"https:\/\/vieassociative.be\/actualites\/wp-json\/wp\/v2\/media?parent=10645"}],"wp:term":[{"taxonomy":"category","embeddable":true,"href":"https:\/\/vieassociative.be\/actualites\/wp-json\/wp\/v2\/categories?post=10645"},{"taxonomy":"post_tag","embeddable":true,"href":"https:\/\/vieassociative.be\/actualites\/wp-json\/wp\/v2\/tags?post=10645"}],"curies":[{"name":"wp","href":"https:\/\/api.w.org\/{rel}","templated":true}]}}