{"id":10643,"date":"2025-10-13T21:17:35","date_gmt":"2025-10-13T19:17:35","guid":{"rendered":"https:\/\/vieassociative.be\/actualites\/apple-tv-change-de-nom\/"},"modified":"2025-10-13T21:17:35","modified_gmt":"2025-10-13T19:17:35","slug":"apple-tv-change-de-nom","status":"publish","type":"post","link":"https:\/\/vieassociative.be\/actualites\/apple-tv-change-de-nom\/","title":{"rendered":"Apple TV+ change de nom"},"content":{"rendered":"<div class=\"mt-4 leading-6 md:mb-8\">L\u2019entreprise admet enfin que personne ne l\u2019appelle ainsi.<\/div>\n<p><\/p>\n<p>J&rsquo;aime <em>Rupture<\/em> autant que le prochain obs\u00e9d\u00e9 de la t\u00e9l\u00e9vision (m\u00eame si j&rsquo;avoue que je suis un \u00e9viteur en s\u00e9rie de <em>Ted Lasso<\/em>\u2014 d\u00e9sol\u00e9), mais je dois \u00eatre honn\u00eate : personne n&rsquo;appelle le service, ces \u00e9missions sont h\u00e9berg\u00e9es sur \u00ab Apple TV+ \u00bb. Et maintenant, ils n\u2019y sont plus oblig\u00e9s, car le streamer porte un nouveau nom.<\/p>\n<p>Je comprends ce qu&rsquo;Apple recherchait avec ce symbole \u00ab\u00a0+\u00a0\u00bb. Il disposait d\u00e9j\u00e0 d&rsquo;un bo\u00eetier de streaming appel\u00e9 Apple TV et d&rsquo;une application \u00e0 la carte appel\u00e9e Apple TV, il lui fallait donc appeler autrement sa plate-forme de streaming par abonnement. Mais tous ceux \u00e0 qui j&rsquo;ai parl\u00e9 d&rsquo;une \u00e9mission Apple TV+, que ce soit en ligne ou en personne, ont tendance \u00e0 supprimer le \u00ab plus \u00bb du nom, oubliant peut-\u00eatre m\u00eame qu&rsquo;il \u00e9tait l\u00e0 en premier lieu, en particulier parce que l&rsquo;application \u00e0 la carte plus-moins susmentionn\u00e9e est toujours l&rsquo;endroit o\u00f9 vous allez r\u00e9ellement regarder votre contenu Apple TV+. <\/p>\n<p>Maintenant, il semble que m\u00eame Apple abandonne le nom et fait la m\u00eame chose intuitive que tous mes amis et ma famille font d\u00e9j\u00e0 depuis des ann\u00e9es, car au bas d&rsquo;un communiqu\u00e9 de presse plus t\u00f4t dans la journ\u00e9e, la soci\u00e9t\u00e9 a discr\u00e8tement admis qu&rsquo;Apple TV+ s&rsquo;appellerait d\u00e9sormais simplement Apple TV.<\/p>\n<div class=\"mx-auto mb-12 mt-5 w-full max-w-3xl rounded-md border-2 border-gray-100 p-3 shadow-md md:px-7 md:pb-7 md:pt-5\" id=\"related-video\">\n<div class=\"mb-3 flex items-center md:mb-5\">\n        <img decoding=\"async\" class=\"mr-4 mt-0 h-10 w-10 md:mr-5 md:h-12 md:w-12\" src=\"https:\/\/vieassociative.be\/actualites\/wp-content\/uploads\/2025\/09\/1757726237_608_Meta-pourrait-devoiler-une-montre-intelligente-pour-controler-ses-lunettes.jpg\" alt=\"Logo du pirate de la vie\"><\/p><\/div>\n<div class=\"aspect-video w-full overflow-hidden rounded-md\">\n<div id=\"video-container-01K7FEF1P8EMT1YTQPBKHQF8RG\"><\/div>\n<\/p><\/div>\n<\/div>\n<h2 id=\"why-apple-tv-is-no-more\">Pourquoi Apple TV+ n&rsquo;existe plus<\/h2>\n<p>Malgr\u00e9 le conflit avec d&rsquo;autres produits Apple, cela a du sens&#8230; surtout. Apple TV+ est une bouch\u00e9e, et un peu redondante, et ressemble trop \u00e0 Paramount+ ou \u00e0 Disney+ (un service que je n&rsquo;aime pas beaucoup). Mon cerveau veut naturellement appeler l&rsquo;application sur laquelle je regarde le contenu Apple \u00ab\u00a0Apple TV\u00a0\u00bb. On peut \u00e9galement soutenir que le fait d&rsquo;appeler la plate-forme Apple TV+ implique que vous avez besoin d&rsquo;un mat\u00e9riel Apple TV pour la regarder, donc le nouveau nom est sans doute plus descriptif que l&rsquo;ancien.<\/p>\n<p>Cela dit, aussi intelligente que soit la d\u00e9cision, Apple enterre l\u2019annonce. C&rsquo;est arriv\u00e9 \u00e0 la fin d&rsquo;un article sur <em>F1 Le Film<\/em>La premi\u00e8re de streaming par abonnement (pr\u00e9vue pour le 12 d\u00e9cembre, d&rsquo;ailleurs), et d&rsquo;une mani\u00e8re qui n&rsquo;\u00e9tait pas tr\u00e8s descriptive. Tout ce que nous savons, c&rsquo;est que, selon la soci\u00e9t\u00e9, \u00ab\u00a0Apple TV+ est d\u00e9sormais simplement Apple TV, avec une nouvelle identit\u00e9 dynamique\u00a0\u00bb. Au moment d&rsquo;\u00e9crire ces lignes, ni l&rsquo;application Apple TV ni le site Web Apple TV+ n&rsquo;ont \u00e9t\u00e9 mis \u00e0 jour pour correspondre \u00e0 ce nouveau surnom, donc votre estimation est aussi bonne que la mienne quant \u00e0 ce \u00e0 quoi ressemblera le changement de marque une fois mis en ligne. Il pourrait s&rsquo;agir d&rsquo;une nouvelle relance majeure, avec une nouvelle interface utilisateur, ou d&rsquo;un changement discret qu&rsquo;Apple tentera de se faufiler avec le moins de fanfare possible.<\/p>\n<p>Quoi qu&rsquo;il en soit, si vous voyez la marque Apple TV+ dispara\u00eetre de votre application Apple TV, c&rsquo;est pourquoi. Tout le contenu de votre abonnement sera toujours l\u00e0, sans le symbole plus \u00e0 c\u00f4t\u00e9. La grande question en suspens est donc de savoir comment cela affectera la boutique \u00e0 la carte d&rsquo;Apple ou son mat\u00e9riel Apple TV.<\/p>\n<h2 id=\"what-will-become-of-the-old-apple-tv\">Que va devenir l\u2019ancienne Apple TV ?<\/h2>\n<p>Pour le premier, il semble que ce ne sera pas un grand changement, car Apple <em>F1<\/em> Le blog admet que m\u00eame si le film n&rsquo;est pas encore disponible en streaming via l&rsquo;abonnement Apple TV r\u00e9cemment rebaptis\u00e9, il ne peut \u00eatre achet\u00e9 que dans l&rsquo;application Apple TV plus large. Cela implique que le service d&rsquo;abonnement et le reste de l&rsquo;application continueront tous deux \u00e0 fonctionner comme des entit\u00e9s distinctes \u00e0 l&rsquo;avenir, et m\u00eame s&rsquo;il est un peu d\u00e9routant pour eux de partager un nom, je ne peux pas dire qu&rsquo;appeler le service Apple TV+ \u00e9tait une excellente solution \u00e0 ce probl\u00e8me. Au lieu de cela, les \u00e9missions par abonnement b\u00e9n\u00e9ficieront probablement d&rsquo;une l\u00e9g\u00e8re modification visuelle de la section dans laquelle elles vivent d\u00e9j\u00e0 dans l&rsquo;application Apple TV.<\/p>\n<p>Mais comment cela affectera-t-il le mat\u00e9riel, en particulier le bo\u00eetier de streaming Apple TV\u00a0? Je pouvais voir que c&rsquo;\u00e9tait un peu plus d\u00e9routant. Imaginez un membre de la famille moins instruit qui ach\u00e8te une Apple TV physique chez Walmart, pour se rendre compte qu&rsquo;il doit toujours payer un abonnement pour r\u00e9ellement regarder des \u00e9missions Apple TV. Malgr\u00e9 tous ses d\u00e9fauts, au moins \u00ab\u00a0Apple TV+\u00a0\u00bb impliquait que l&rsquo;achat de la bo\u00eete de streaming d&rsquo;Apple ne vous donnait pas automatiquement acc\u00e8s \u00e0 ses \u00e9missions (m\u00eame si, encore une fois, vous pouvez regarder ces \u00e9missions sans mat\u00e9riel Apple TV).<\/p>\n<p>Cela dit, il est possible qu&rsquo;une solution soit \u00e0 venir : selon Mark Gurman de Bloomberg, un pr\u00e9dicteur toujours pr\u00e9cis de tout ce qui concerne Apple, la soci\u00e9t\u00e9 est sur le point d&rsquo;annoncer une nouvelle gamme de mat\u00e9riel MacBook plus tard cette semaine. Le changement de nom Apple TV+ pourrait-il impliquer que nous verrons un bo\u00eetier de streaming Apple TV renomm\u00e9 aux c\u00f4t\u00e9s de ces nouveaux ordinateurs portables ? Nous le saurons peut-\u00eatre bient\u00f4t.<\/p>\n","protected":false},"excerpt":{"rendered":"<p>L\u2019entreprise admet enfin que personne ne l\u2019appelle ainsi. J&rsquo;aime Rupture autant que le prochain obs\u00e9d\u00e9 de la t\u00e9l\u00e9vision (m\u00eame si j&rsquo;avoue que je suis un<\/p>\n","protected":false},"author":1,"featured_media":10644,"comment_status":"","ping_status":"","sticky":false,"template":"","format":"standard","meta":{"footnotes":""},"categories":[36],"tags":[54,5363,3921],"class_list":["post-10643","post","type-post","status-publish","format-standard","has-post-thumbnail","hentry","category-divertissement","tag-apple","tag-change","tag-nom","generate-columns","tablet-grid-50","mobile-grid-100","grid-parent","grid-33"],"yoast_head":"<!-- This site is optimized with the Yoast SEO plugin v24.0 - https:\/\/yoast.com\/wordpress\/plugins\/seo\/ -->\n<title>Apple TV+ change de nom | Vie Associative<\/title>\n<meta name=\"robots\" content=\"index, follow, max-snippet:-1, max-image-preview:large, max-video-preview:-1\" \/>\n<link rel=\"canonical\" href=\"https:\/\/vieassociative.be\/actualites\/apple-tv-change-de-nom\/\" \/>\n<meta property=\"og:locale\" content=\"fr_FR\" \/>\n<meta property=\"og:type\" content=\"article\" \/>\n<meta property=\"og:title\" content=\"Apple TV+ change de nom | Vie Associative\" \/>\n<meta property=\"og:description\" content=\"L\u2019entreprise admet enfin que personne ne l\u2019appelle ainsi. J&rsquo;aime Rupture autant que le prochain obs\u00e9d\u00e9 de la t\u00e9l\u00e9vision (m\u00eame si j&rsquo;avoue que je suis un\" \/>\n<meta property=\"og:url\" content=\"https:\/\/vieassociative.be\/actualites\/apple-tv-change-de-nom\/\" \/>\n<meta property=\"og:site_name\" content=\"Vie Associative\" \/>\n<meta property=\"article:published_time\" content=\"2025-10-13T19:17:35+00:00\" \/>\n<meta property=\"og:image\" content=\"https:\/\/vieassociative.be\/actualites\/wp-content\/uploads\/2025\/09\/1757726237_608_Meta-pourrait-devoiler-une-montre-intelligente-pour-controler-ses-lunettes.jpg\" \/>\n<meta name=\"author\" content=\"Julien\" \/>\n<meta name=\"twitter:card\" content=\"summary_large_image\" \/>\n<meta name=\"twitter:label1\" content=\"\u00c9crit par\" \/>\n\t<meta name=\"twitter:data1\" content=\"Julien\" \/>\n\t<meta name=\"twitter:label2\" content=\"Dur\u00e9e de lecture est.\" \/>\n\t<meta name=\"twitter:data2\" content=\"4 minutes\" \/>\n<script type=\"application\/ld+json\" class=\"yoast-schema-graph\">{\"@context\":\"https:\/\/schema.org\",\"@graph\":[{\"@type\":\"Article\",\"@id\":\"https:\/\/vieassociative.be\/actualites\/apple-tv-change-de-nom\/#article\",\"isPartOf\":{\"@id\":\"https:\/\/vieassociative.be\/actualites\/apple-tv-change-de-nom\/\"},\"author\":{\"name\":\"Julien\",\"@id\":\"https:\/\/vieassociative.be\/actualites\/#\/schema\/person\/b87ac4f82f9d4e7b7cec7395b679edc4\"},\"headline\":\"Apple TV+ change de nom\",\"datePublished\":\"2025-10-13T19:17:35+00:00\",\"dateModified\":\"2025-10-13T19:17:35+00:00\",\"mainEntityOfPage\":{\"@id\":\"https:\/\/vieassociative.be\/actualites\/apple-tv-change-de-nom\/\"},\"wordCount\":911,\"publisher\":{\"@id\":\"https:\/\/vieassociative.be\/actualites\/#organization\"},\"image\":{\"@id\":\"https:\/\/vieassociative.be\/actualites\/apple-tv-change-de-nom\/#primaryimage\"},\"thumbnailUrl\":\"https:\/\/vieassociative.be\/actualites\/wp-content\/uploads\/2025\/10\/Apple-TV-change-de-nom.png\",\"keywords\":[\"Apple\",\"chang\u00e9\",\"nom\"],\"articleSection\":[\"Divertissement\"],\"inLanguage\":\"fr-BE\"},{\"@type\":\"WebPage\",\"@id\":\"https:\/\/vieassociative.be\/actualites\/apple-tv-change-de-nom\/\",\"url\":\"https:\/\/vieassociative.be\/actualites\/apple-tv-change-de-nom\/\",\"name\":\"Apple TV+ change de nom | Vie Associative\",\"isPartOf\":{\"@id\":\"https:\/\/vieassociative.be\/actualites\/#website\"},\"primaryImageOfPage\":{\"@id\":\"https:\/\/vieassociative.be\/actualites\/apple-tv-change-de-nom\/#primaryimage\"},\"image\":{\"@id\":\"https:\/\/vieassociative.be\/actualites\/apple-tv-change-de-nom\/#primaryimage\"},\"thumbnailUrl\":\"https:\/\/vieassociative.be\/actualites\/wp-content\/uploads\/2025\/10\/Apple-TV-change-de-nom.png\",\"datePublished\":\"2025-10-13T19:17:35+00:00\",\"dateModified\":\"2025-10-13T19:17:35+00:00\",\"breadcrumb\":{\"@id\":\"https:\/\/vieassociative.be\/actualites\/apple-tv-change-de-nom\/#breadcrumb\"},\"inLanguage\":\"fr-BE\",\"potentialAction\":[{\"@type\":\"ReadAction\",\"target\":[\"https:\/\/vieassociative.be\/actualites\/apple-tv-change-de-nom\/\"]}]},{\"@type\":\"ImageObject\",\"inLanguage\":\"fr-BE\",\"@id\":\"https:\/\/vieassociative.be\/actualites\/apple-tv-change-de-nom\/#primaryimage\",\"url\":\"https:\/\/vieassociative.be\/actualites\/wp-content\/uploads\/2025\/10\/Apple-TV-change-de-nom.png\",\"contentUrl\":\"https:\/\/vieassociative.be\/actualites\/wp-content\/uploads\/2025\/10\/Apple-TV-change-de-nom.png\",\"width\":1200,\"height\":675,\"caption\":\"Apple TV+ change de nom\"},{\"@type\":\"BreadcrumbList\",\"@id\":\"https:\/\/vieassociative.be\/actualites\/apple-tv-change-de-nom\/#breadcrumb\",\"itemListElement\":[{\"@type\":\"ListItem\",\"position\":1,\"name\":\"Accueil\",\"item\":\"https:\/\/vieassociative.be\/actualites\/\"},{\"@type\":\"ListItem\",\"position\":2,\"name\":\"Apple TV+ change de nom\"}]},{\"@type\":\"WebSite\",\"@id\":\"https:\/\/vieassociative.be\/actualites\/#website\",\"url\":\"https:\/\/vieassociative.be\/actualites\/\",\"name\":\"Vie Associative\",\"description\":\"\",\"publisher\":{\"@id\":\"https:\/\/vieassociative.be\/actualites\/#organization\"},\"potentialAction\":[{\"@type\":\"SearchAction\",\"target\":{\"@type\":\"EntryPoint\",\"urlTemplate\":\"https:\/\/vieassociative.be\/actualites\/?s={search_term_string}\"},\"query-input\":{\"@type\":\"PropertyValueSpecification\",\"valueRequired\":true,\"valueName\":\"search_term_string\"}}],\"inLanguage\":\"fr-BE\"},{\"@type\":\"Organization\",\"@id\":\"https:\/\/vieassociative.be\/actualites\/#organization\",\"name\":\"Vie Associative\",\"url\":\"https:\/\/vieassociative.be\/actualites\/\",\"logo\":{\"@type\":\"ImageObject\",\"inLanguage\":\"fr-BE\",\"@id\":\"https:\/\/vieassociative.be\/actualites\/#\/schema\/logo\/image\/\",\"url\":\"https:\/\/vieassociative.be\/actualites\/wp-content\/uploads\/2024\/09\/cropped-vieassociative_favicon.ico.png\",\"contentUrl\":\"https:\/\/vieassociative.be\/actualites\/wp-content\/uploads\/2024\/09\/cropped-vieassociative_favicon.ico.png\",\"width\":512,\"height\":512,\"caption\":\"Vie Associative\"},\"image\":{\"@id\":\"https:\/\/vieassociative.be\/actualites\/#\/schema\/logo\/image\/\"}},{\"@type\":\"Person\",\"@id\":\"https:\/\/vieassociative.be\/actualites\/#\/schema\/person\/b87ac4f82f9d4e7b7cec7395b679edc4\",\"name\":\"Julien\",\"image\":{\"@type\":\"ImageObject\",\"inLanguage\":\"fr-BE\",\"@id\":\"https:\/\/vieassociative.be\/actualites\/#\/schema\/person\/image\/\",\"url\":\"https:\/\/vieassociative.be\/actualites\/wp-content\/uploads\/2024\/09\/vie-associative-1-150x150.jpg\",\"contentUrl\":\"https:\/\/vieassociative.be\/actualites\/wp-content\/uploads\/2024\/09\/vie-associative-1-150x150.jpg\",\"caption\":\"Julien\"},\"description\":\"Je suis Julien, r\u00e9dacteur pour Vie Associative. Passionn\u00e9 par le monde associatif depuis plus de 10 ans, j'ai \u00e0 c\u0153ur de partager des histoires inspirantes et de mettre en lumi\u00e8re les initiatives locales. Mon objectif est de sensibiliser et d'encourager l'engagement communautaire \u00e0 travers mes articles.\",\"sameAs\":[\"https:\/\/vieassociative.be\/\"]}]}<\/script>\n<!-- \/ Yoast SEO plugin. -->","yoast_head_json":{"title":"Apple TV+ change de nom | Vie Associative","robots":{"index":"index","follow":"follow","max-snippet":"max-snippet:-1","max-image-preview":"max-image-preview:large","max-video-preview":"max-video-preview:-1"},"canonical":"https:\/\/vieassociative.be\/actualites\/apple-tv-change-de-nom\/","og_locale":"fr_FR","og_type":"article","og_title":"Apple TV+ change de nom | Vie Associative","og_description":"L\u2019entreprise admet enfin que personne ne l\u2019appelle ainsi. J&rsquo;aime Rupture autant que le prochain obs\u00e9d\u00e9 de la t\u00e9l\u00e9vision (m\u00eame si j&rsquo;avoue que je suis un","og_url":"https:\/\/vieassociative.be\/actualites\/apple-tv-change-de-nom\/","og_site_name":"Vie Associative","article_published_time":"2025-10-13T19:17:35+00:00","og_image":[{"url":"https:\/\/vieassociative.be\/actualites\/wp-content\/uploads\/2025\/09\/1757726237_608_Meta-pourrait-devoiler-une-montre-intelligente-pour-controler-ses-lunettes.jpg","type":"","width":"","height":""}],"author":"Julien","twitter_card":"summary_large_image","twitter_misc":{"\u00c9crit par":"Julien","Dur\u00e9e de lecture est.":"4 minutes"},"schema":{"@context":"https:\/\/schema.org","@graph":[{"@type":"Article","@id":"https:\/\/vieassociative.be\/actualites\/apple-tv-change-de-nom\/#article","isPartOf":{"@id":"https:\/\/vieassociative.be\/actualites\/apple-tv-change-de-nom\/"},"author":{"name":"Julien","@id":"https:\/\/vieassociative.be\/actualites\/#\/schema\/person\/b87ac4f82f9d4e7b7cec7395b679edc4"},"headline":"Apple TV+ change de nom","datePublished":"2025-10-13T19:17:35+00:00","dateModified":"2025-10-13T19:17:35+00:00","mainEntityOfPage":{"@id":"https:\/\/vieassociative.be\/actualites\/apple-tv-change-de-nom\/"},"wordCount":911,"publisher":{"@id":"https:\/\/vieassociative.be\/actualites\/#organization"},"image":{"@id":"https:\/\/vieassociative.be\/actualites\/apple-tv-change-de-nom\/#primaryimage"},"thumbnailUrl":"https:\/\/vieassociative.be\/actualites\/wp-content\/uploads\/2025\/10\/Apple-TV-change-de-nom.png","keywords":["Apple","chang\u00e9","nom"],"articleSection":["Divertissement"],"inLanguage":"fr-BE"},{"@type":"WebPage","@id":"https:\/\/vieassociative.be\/actualites\/apple-tv-change-de-nom\/","url":"https:\/\/vieassociative.be\/actualites\/apple-tv-change-de-nom\/","name":"Apple TV+ change de nom | Vie Associative","isPartOf":{"@id":"https:\/\/vieassociative.be\/actualites\/#website"},"primaryImageOfPage":{"@id":"https:\/\/vieassociative.be\/actualites\/apple-tv-change-de-nom\/#primaryimage"},"image":{"@id":"https:\/\/vieassociative.be\/actualites\/apple-tv-change-de-nom\/#primaryimage"},"thumbnailUrl":"https:\/\/vieassociative.be\/actualites\/wp-content\/uploads\/2025\/10\/Apple-TV-change-de-nom.png","datePublished":"2025-10-13T19:17:35+00:00","dateModified":"2025-10-13T19:17:35+00:00","breadcrumb":{"@id":"https:\/\/vieassociative.be\/actualites\/apple-tv-change-de-nom\/#breadcrumb"},"inLanguage":"fr-BE","potentialAction":[{"@type":"ReadAction","target":["https:\/\/vieassociative.be\/actualites\/apple-tv-change-de-nom\/"]}]},{"@type":"ImageObject","inLanguage":"fr-BE","@id":"https:\/\/vieassociative.be\/actualites\/apple-tv-change-de-nom\/#primaryimage","url":"https:\/\/vieassociative.be\/actualites\/wp-content\/uploads\/2025\/10\/Apple-TV-change-de-nom.png","contentUrl":"https:\/\/vieassociative.be\/actualites\/wp-content\/uploads\/2025\/10\/Apple-TV-change-de-nom.png","width":1200,"height":675,"caption":"Apple TV+ change de nom"},{"@type":"BreadcrumbList","@id":"https:\/\/vieassociative.be\/actualites\/apple-tv-change-de-nom\/#breadcrumb","itemListElement":[{"@type":"ListItem","position":1,"name":"Accueil","item":"https:\/\/vieassociative.be\/actualites\/"},{"@type":"ListItem","position":2,"name":"Apple TV+ change de nom"}]},{"@type":"WebSite","@id":"https:\/\/vieassociative.be\/actualites\/#website","url":"https:\/\/vieassociative.be\/actualites\/","name":"Vie Associative","description":"","publisher":{"@id":"https:\/\/vieassociative.be\/actualites\/#organization"},"potentialAction":[{"@type":"SearchAction","target":{"@type":"EntryPoint","urlTemplate":"https:\/\/vieassociative.be\/actualites\/?s={search_term_string}"},"query-input":{"@type":"PropertyValueSpecification","valueRequired":true,"valueName":"search_term_string"}}],"inLanguage":"fr-BE"},{"@type":"Organization","@id":"https:\/\/vieassociative.be\/actualites\/#organization","name":"Vie Associative","url":"https:\/\/vieassociative.be\/actualites\/","logo":{"@type":"ImageObject","inLanguage":"fr-BE","@id":"https:\/\/vieassociative.be\/actualites\/#\/schema\/logo\/image\/","url":"https:\/\/vieassociative.be\/actualites\/wp-content\/uploads\/2024\/09\/cropped-vieassociative_favicon.ico.png","contentUrl":"https:\/\/vieassociative.be\/actualites\/wp-content\/uploads\/2024\/09\/cropped-vieassociative_favicon.ico.png","width":512,"height":512,"caption":"Vie Associative"},"image":{"@id":"https:\/\/vieassociative.be\/actualites\/#\/schema\/logo\/image\/"}},{"@type":"Person","@id":"https:\/\/vieassociative.be\/actualites\/#\/schema\/person\/b87ac4f82f9d4e7b7cec7395b679edc4","name":"Julien","image":{"@type":"ImageObject","inLanguage":"fr-BE","@id":"https:\/\/vieassociative.be\/actualites\/#\/schema\/person\/image\/","url":"https:\/\/vieassociative.be\/actualites\/wp-content\/uploads\/2024\/09\/vie-associative-1-150x150.jpg","contentUrl":"https:\/\/vieassociative.be\/actualites\/wp-content\/uploads\/2024\/09\/vie-associative-1-150x150.jpg","caption":"Julien"},"description":"Je suis Julien, r\u00e9dacteur pour Vie Associative. Passionn\u00e9 par le monde associatif depuis plus de 10 ans, j'ai \u00e0 c\u0153ur de partager des histoires inspirantes et de mettre en lumi\u00e8re les initiatives locales. Mon objectif est de sensibiliser et d'encourager l'engagement communautaire \u00e0 travers mes articles.","sameAs":["https:\/\/vieassociative.be\/"]}]}},"_links":{"self":[{"href":"https:\/\/vieassociative.be\/actualites\/wp-json\/wp\/v2\/posts\/10643"}],"collection":[{"href":"https:\/\/vieassociative.be\/actualites\/wp-json\/wp\/v2\/posts"}],"about":[{"href":"https:\/\/vieassociative.be\/actualites\/wp-json\/wp\/v2\/types\/post"}],"author":[{"embeddable":true,"href":"https:\/\/vieassociative.be\/actualites\/wp-json\/wp\/v2\/users\/1"}],"replies":[{"embeddable":true,"href":"https:\/\/vieassociative.be\/actualites\/wp-json\/wp\/v2\/comments?post=10643"}],"version-history":[{"count":0,"href":"https:\/\/vieassociative.be\/actualites\/wp-json\/wp\/v2\/posts\/10643\/revisions"}],"wp:featuredmedia":[{"embeddable":true,"href":"https:\/\/vieassociative.be\/actualites\/wp-json\/wp\/v2\/media\/10644"}],"wp:attachment":[{"href":"https:\/\/vieassociative.be\/actualites\/wp-json\/wp\/v2\/media?parent=10643"}],"wp:term":[{"taxonomy":"category","embeddable":true,"href":"https:\/\/vieassociative.be\/actualites\/wp-json\/wp\/v2\/categories?post=10643"},{"taxonomy":"post_tag","embeddable":true,"href":"https:\/\/vieassociative.be\/actualites\/wp-json\/wp\/v2\/tags?post=10643"}],"curies":[{"name":"wp","href":"https:\/\/api.w.org\/{rel}","templated":true}]}}