{"id":10639,"date":"2025-10-13T16:17:21","date_gmt":"2025-10-13T14:17:21","guid":{"rendered":"https:\/\/vieassociative.be\/actualites\/combien-de-temps-durera-laccord-de-paix-de-trump-interjection\/"},"modified":"2025-10-13T16:17:21","modified_gmt":"2025-10-13T14:17:21","slug":"combien-de-temps-durera-laccord-de-paix-de-trump-interjection","status":"publish","type":"post","link":"https:\/\/vieassociative.be\/actualites\/combien-de-temps-durera-laccord-de-paix-de-trump-interjection\/","title":{"rendered":"Combien de temps durera l\u2019accord de paix de Trump ? (interjection)"},"content":{"rendered":"<p><strong>Les otages sont libres, du moins ceux qui ont surv\u00e9cu \u00e0 la terreur du Hamas. Le pr\u00e9sident am\u00e9ricain Donald Trump est en f\u00eate. Seul un acteur ou un courtier comme lui pourrait cr\u00e9er quelque chose comme \u00e7a. Mais combien de temps durera son accord de paix ?<\/strong><\/p>\n<p><span id=\"more-427061\"><\/span>Lorsque des dictateurs ou des autocrates parlent de paix, la prudence est de mise. Souvenons-nous du discours m\u00e9morable du pr\u00e9sident russe Vladimir Poutine devant le Bundestag allemand en septembre 2001. Certains parlementaires avaient les larmes aux yeux et l&rsquo;appel \u00e0 la paix du leader du Kremlin ne laissait personne indiff\u00e9rent. Personne n\u2019aurait pu imaginer que Poutine deviendrait un criminel de guerre vingt bonnes d\u00e9cennies plus tard.<\/p>\n<div id=\"attachment_427070\" class=\"wp-caption alignleft\" style=\"max-width: 300px\"><img fetchpriority=\"high\" decoding=\"async\" class=\"wp-image-427070 size-medium\" src=\"https:\/\/vieassociative.be\/actualites\/wp-content\/uploads\/2025\/10\/Combien-de-temps-durera-laccord-de-paix-de-Trump.jpg\" alt=\"\" width=\"300\" height=\"200\"><\/div>\n<p>Le plan de paix du pr\u00e9sident am\u00e9ricain Trump est tout sauf d\u00e9nu\u00e9 d\u2019inqui\u00e9tude. Regardez la photo ci-dessus : elle montre des partisans arm\u00e9s de l&rsquo;organisation terroriste islamiste Hamas gardant les v\u00e9hicules de la Croix-Rouge transportant des otages lib\u00e9r\u00e9s jusqu&rsquo;\u00e0 la fronti\u00e8re isra\u00e9lienne, dans le sud de la bande de Gaza. Est-ce \u00e0 cela que ressemble une force de maintien de la paix ?<\/p>\n<p>Lundi, peu avant midi, les agences ont publi\u00e9 un rapport selon lequel le Hamas avait annonc\u00e9 qu&rsquo;il poursuivrait sa lutte contre Isra\u00ebl apr\u00e8s la lib\u00e9ration des derniers otages. La question des prisonniers palestiniens restera une priorit\u00e9 absolue pour le peuple palestinien et sa r\u00e9sistance, a d\u00e9clar\u00e9 le Hamas dans un communiqu\u00e9.<\/p>\n<p>\u00ab Le peuple palestinien n\u2019aura pas de repos tant que le dernier prisonnier ne sera pas lib\u00e9r\u00e9 des prisons des nouveaux nazis et que l\u2019occupation ne sera pas retir\u00e9e de notre terre et de nos lieux saints \u00bb, a poursuivi le Hamas.<\/p>\n<p>Comme chacun le sait, selon cet accord, Isra\u00ebl doit lib\u00e9rer pr\u00e8s de 2 000 prisonniers palestiniens. Le Hamas rejette cat\u00e9goriquement la solution \u00e0 deux \u00c9tats envisag\u00e9e par la communaut\u00e9 internationale pour la r\u00e9gion \u2013 un \u00c9tat palestinien ind\u00e9pendant vivant en paix aux c\u00f4t\u00e9s d\u2019Isra\u00ebl. L\u2019organisation terroriste veut plut\u00f4t d\u00e9truire Isra\u00ebl et \u00e9tablir un \u00c9tat islamique en Palestine.<\/p>\n<div id=\"attachment_427072\" class=\"wp-caption alignleft\" style=\"max-width: 300px\"><img decoding=\"async\" class=\"wp-image-427072 size-medium\" src=\"https:\/\/vieassociative.be\/actualites\/wp-content\/uploads\/2025\/10\/1760365041_484_Combien-de-temps-durera-laccord-de-paix-de-Trump.jpg\" alt=\"\" width=\"300\" height=\"200\"><\/div>\n<p>Cela ne ressemble pas vraiment \u00e0 la paix. Le Hamas est consid\u00e9rablement affaibli militairement et la pression exerc\u00e9e sur lui par le Qatar et la Turquie s\u2019est probablement accrue. Mais qui peut garantir que les terroristes ne se mobiliseront pas \u00e0 nouveau et ne retrouveront pas leur force d\u2019antan, comme les talibans ont r\u00e9ussi \u00e0 le faire, m\u00eame si l\u2019on croyait autrefois qu\u2019ils \u00e9taient d\u00e9finitivement \u00e9limin\u00e9s ?<\/p>\n<p>Lundi \u00e9galement, les agences ont rapport\u00e9 que l&rsquo;administration am\u00e9ricaine du pr\u00e9sident Trump avait donn\u00e9 au Hamas la permission de s&rsquo;armer temporairement \u00e0 nouveau. Le Hamas tente de r\u00e9tablir l&rsquo;ordre apr\u00e8s des mois de guerre, a d\u00e9clar\u00e9 Trump lors de son voyage au Moyen-Orient, selon les journalistes qui l&rsquo;accompagnaient.<\/p>\n<p>Cette annonce surprenante fait \u00e9galement craindre que, malgr\u00e9 toute la joie suscit\u00e9e par la lib\u00e9ration des derniers otages, l&rsquo;accord de paix de Trump soit sur un terrain fragile. G\u00e9rard Cr\u00e9mer<\/p>\n<p><em><strong>Sur le sujet, voir aussi l&rsquo;article suivant sur l&rsquo;OD :<\/strong><\/em><\/p>\n<div class=\"responsive-embed widescreen\">\n<blockquote class=\"wp-embedded-content\" data-secret=\"6II9hkDDg7\">\n<p>Tous les otages sont de retour en Isra\u00ebl apr\u00e8s 738 jours<\/p>\n<\/blockquote>\n<p><iframe loading=\"lazy\" class=\"wp-embedded-content\" sandbox=\"allow-scripts\" security=\"restricted\" style=\"position: absolute; visibility: hidden;\" title=\"\u201eAlle Geiseln sind nach 738 Tagen zur\u00fcck in Israel\u201c \u2014 Ostbelgien Direkt\" src=\"https:\/\/ostbelgiendirekt.be\/about:blank\" data-secret=\"6II9hkDDg7\" width=\"500\" height=\"282\" frameborder=\"0\" marginwidth=\"0\" marginheight=\"0\" scrolling=\"no\" data-rocket-lazyload=\"fitvidscompatible\" data-lazy-src=\"https:\/\/ostbelgiendirekt.be\/wer-sind-geiseln-aus-gaza-426805\/embed#?secret=OSxTWLnTqA#?secret=6II9hkDDg7\"><\/iframe><noscript><iframe class=\"wp-embedded-content\" sandbox=\"allow-scripts\" security=\"restricted\" style=\"position: absolute; visibility: hidden;\" title=\"\u201eAlle Geiseln sind nach 738 Tagen zur\u00fcck in Israel\u201c \u2014 Ostbelgien Direkt\" src=\"https:\/\/ostbelgiendirekt.be\/wer-sind-geiseln-aus-gaza-426805\/embed#?secret=OSxTWLnTqA#?secret=6II9hkDDg7\" data-secret=\"6II9hkDDg7\" width=\"500\" height=\"282\" frameborder=\"0\" marginwidth=\"0\" marginheight=\"0\" scrolling=\"no\"><\/iframe><\/noscript><\/p>\n<\/div>\n","protected":false},"excerpt":{"rendered":"<p>Les otages sont libres, du moins ceux qui ont surv\u00e9cu \u00e0 la terreur du Hamas. Le pr\u00e9sident am\u00e9ricain Donald Trump est en f\u00eate. Seul un<\/p>\n","protected":false},"author":1,"featured_media":10640,"comment_status":"","ping_status":"","sticky":false,"template":"","format":"standard","meta":{"footnotes":""},"categories":[298],"tags":[2602,8885,2885,3058,3280,790,2425],"class_list":["post-10639","post","type-post","status-publish","format-standard","has-post-thumbnail","hentry","category-belgique","tag-combien","tag-durera","tag-interjection","tag-laccord","tag-paix","tag-temps","tag-trump","generate-columns","tablet-grid-50","mobile-grid-100","grid-parent","grid-33"],"yoast_head":"<!-- This site is optimized with the Yoast SEO plugin v24.0 - https:\/\/yoast.com\/wordpress\/plugins\/seo\/ -->\n<title>Combien de temps durera l\u2019accord de paix de Trump ? (interjection) | Vie Associative<\/title>\n<meta name=\"robots\" content=\"index, follow, max-snippet:-1, max-image-preview:large, max-video-preview:-1\" \/>\n<link rel=\"canonical\" href=\"https:\/\/vieassociative.be\/actualites\/combien-de-temps-durera-laccord-de-paix-de-trump-interjection\/\" \/>\n<meta property=\"og:locale\" content=\"fr_FR\" \/>\n<meta property=\"og:type\" content=\"article\" \/>\n<meta property=\"og:title\" content=\"Combien de temps durera l\u2019accord de paix de Trump ? (interjection) | Vie Associative\" \/>\n<meta property=\"og:description\" content=\"Les otages sont libres, du moins ceux qui ont surv\u00e9cu \u00e0 la terreur du Hamas. Le pr\u00e9sident am\u00e9ricain Donald Trump est en f\u00eate. Seul un\" \/>\n<meta property=\"og:url\" content=\"https:\/\/vieassociative.be\/actualites\/combien-de-temps-durera-laccord-de-paix-de-trump-interjection\/\" \/>\n<meta property=\"og:site_name\" content=\"Vie Associative\" \/>\n<meta property=\"article:published_time\" content=\"2025-10-13T14:17:21+00:00\" \/>\n<meta property=\"og:image\" content=\"https:\/\/vieassociative.be\/actualites\/wp-content\/uploads\/2024\/09\/header_backgroundk-01-e1726694325946.png\" \/>\n\t<meta property=\"og:image:width\" content=\"279\" \/>\n\t<meta property=\"og:image:height\" content=\"92\" \/>\n\t<meta property=\"og:image:type\" content=\"image\/png\" \/>\n<meta name=\"author\" content=\"Julien\" \/>\n<meta name=\"twitter:card\" content=\"summary_large_image\" \/>\n<meta name=\"twitter:label1\" content=\"\u00c9crit par\" \/>\n\t<meta name=\"twitter:data1\" content=\"Julien\" \/>\n\t<meta name=\"twitter:label2\" content=\"Dur\u00e9e de lecture est.\" \/>\n\t<meta name=\"twitter:data2\" content=\"3 minutes\" \/>\n<script type=\"application\/ld+json\" class=\"yoast-schema-graph\">{\"@context\":\"https:\/\/schema.org\",\"@graph\":[{\"@type\":\"Article\",\"@id\":\"https:\/\/vieassociative.be\/actualites\/combien-de-temps-durera-laccord-de-paix-de-trump-interjection\/#article\",\"isPartOf\":{\"@id\":\"https:\/\/vieassociative.be\/actualites\/combien-de-temps-durera-laccord-de-paix-de-trump-interjection\/\"},\"author\":{\"name\":\"Julien\",\"@id\":\"https:\/\/vieassociative.be\/actualites\/#\/schema\/person\/b87ac4f82f9d4e7b7cec7395b679edc4\"},\"headline\":\"Combien de temps durera l\u2019accord de paix de Trump ? (interjection)\",\"datePublished\":\"2025-10-13T14:17:21+00:00\",\"dateModified\":\"2025-10-13T14:17:21+00:00\",\"mainEntityOfPage\":{\"@id\":\"https:\/\/vieassociative.be\/actualites\/combien-de-temps-durera-laccord-de-paix-de-trump-interjection\/\"},\"wordCount\":559,\"publisher\":{\"@id\":\"https:\/\/vieassociative.be\/actualites\/#organization\"},\"image\":{\"@id\":\"https:\/\/vieassociative.be\/actualites\/combien-de-temps-durera-laccord-de-paix-de-trump-interjection\/#primaryimage\"},\"thumbnailUrl\":\"https:\/\/vieassociative.be\/actualites\/wp-content\/uploads\/2025\/10\/1760365042_Combien-de-temps-durera-laccord-de-paix-de-Trump.jpg\",\"keywords\":[\"Combien\",\"durera\",\"interjection\",\"Laccord\",\"paix\",\"temps\",\"Trump\"],\"articleSection\":[\"Belgique\"],\"inLanguage\":\"fr-BE\"},{\"@type\":\"WebPage\",\"@id\":\"https:\/\/vieassociative.be\/actualites\/combien-de-temps-durera-laccord-de-paix-de-trump-interjection\/\",\"url\":\"https:\/\/vieassociative.be\/actualites\/combien-de-temps-durera-laccord-de-paix-de-trump-interjection\/\",\"name\":\"Combien de temps durera l\u2019accord de paix de Trump ? (interjection) | Vie Associative\",\"isPartOf\":{\"@id\":\"https:\/\/vieassociative.be\/actualites\/#website\"},\"primaryImageOfPage\":{\"@id\":\"https:\/\/vieassociative.be\/actualites\/combien-de-temps-durera-laccord-de-paix-de-trump-interjection\/#primaryimage\"},\"image\":{\"@id\":\"https:\/\/vieassociative.be\/actualites\/combien-de-temps-durera-laccord-de-paix-de-trump-interjection\/#primaryimage\"},\"thumbnailUrl\":\"https:\/\/vieassociative.be\/actualites\/wp-content\/uploads\/2025\/10\/1760365042_Combien-de-temps-durera-laccord-de-paix-de-Trump.jpg\",\"datePublished\":\"2025-10-13T14:17:21+00:00\",\"dateModified\":\"2025-10-13T14:17:21+00:00\",\"breadcrumb\":{\"@id\":\"https:\/\/vieassociative.be\/actualites\/combien-de-temps-durera-laccord-de-paix-de-trump-interjection\/#breadcrumb\"},\"inLanguage\":\"fr-BE\",\"potentialAction\":[{\"@type\":\"ReadAction\",\"target\":[\"https:\/\/vieassociative.be\/actualites\/combien-de-temps-durera-laccord-de-paix-de-trump-interjection\/\"]}]},{\"@type\":\"ImageObject\",\"inLanguage\":\"fr-BE\",\"@id\":\"https:\/\/vieassociative.be\/actualites\/combien-de-temps-durera-laccord-de-paix-de-trump-interjection\/#primaryimage\",\"url\":\"https:\/\/vieassociative.be\/actualites\/wp-content\/uploads\/2025\/10\/1760365042_Combien-de-temps-durera-laccord-de-paix-de-Trump.jpg\",\"contentUrl\":\"https:\/\/vieassociative.be\/actualites\/wp-content\/uploads\/2025\/10\/1760365042_Combien-de-temps-durera-laccord-de-paix-de-Trump.jpg\",\"width\":1200,\"height\":800,\"caption\":\"Combien de temps durera l\u2019accord de paix de Trump ? (interjection)\"},{\"@type\":\"BreadcrumbList\",\"@id\":\"https:\/\/vieassociative.be\/actualites\/combien-de-temps-durera-laccord-de-paix-de-trump-interjection\/#breadcrumb\",\"itemListElement\":[{\"@type\":\"ListItem\",\"position\":1,\"name\":\"Accueil\",\"item\":\"https:\/\/vieassociative.be\/actualites\/\"},{\"@type\":\"ListItem\",\"position\":2,\"name\":\"Combien de temps durera l\u2019accord de paix de Trump ? (interjection)\"}]},{\"@type\":\"WebSite\",\"@id\":\"https:\/\/vieassociative.be\/actualites\/#website\",\"url\":\"https:\/\/vieassociative.be\/actualites\/\",\"name\":\"Vie Associative\",\"description\":\"\",\"publisher\":{\"@id\":\"https:\/\/vieassociative.be\/actualites\/#organization\"},\"potentialAction\":[{\"@type\":\"SearchAction\",\"target\":{\"@type\":\"EntryPoint\",\"urlTemplate\":\"https:\/\/vieassociative.be\/actualites\/?s={search_term_string}\"},\"query-input\":{\"@type\":\"PropertyValueSpecification\",\"valueRequired\":true,\"valueName\":\"search_term_string\"}}],\"inLanguage\":\"fr-BE\"},{\"@type\":\"Organization\",\"@id\":\"https:\/\/vieassociative.be\/actualites\/#organization\",\"name\":\"Vie Associative\",\"url\":\"https:\/\/vieassociative.be\/actualites\/\",\"logo\":{\"@type\":\"ImageObject\",\"inLanguage\":\"fr-BE\",\"@id\":\"https:\/\/vieassociative.be\/actualites\/#\/schema\/logo\/image\/\",\"url\":\"https:\/\/vieassociative.be\/actualites\/wp-content\/uploads\/2024\/09\/cropped-vieassociative_favicon.ico.png\",\"contentUrl\":\"https:\/\/vieassociative.be\/actualites\/wp-content\/uploads\/2024\/09\/cropped-vieassociative_favicon.ico.png\",\"width\":512,\"height\":512,\"caption\":\"Vie Associative\"},\"image\":{\"@id\":\"https:\/\/vieassociative.be\/actualites\/#\/schema\/logo\/image\/\"}},{\"@type\":\"Person\",\"@id\":\"https:\/\/vieassociative.be\/actualites\/#\/schema\/person\/b87ac4f82f9d4e7b7cec7395b679edc4\",\"name\":\"Julien\",\"image\":{\"@type\":\"ImageObject\",\"inLanguage\":\"fr-BE\",\"@id\":\"https:\/\/vieassociative.be\/actualites\/#\/schema\/person\/image\/\",\"url\":\"https:\/\/vieassociative.be\/actualites\/wp-content\/uploads\/2024\/09\/vie-associative-1-150x150.jpg\",\"contentUrl\":\"https:\/\/vieassociative.be\/actualites\/wp-content\/uploads\/2024\/09\/vie-associative-1-150x150.jpg\",\"caption\":\"Julien\"},\"description\":\"Je suis Julien, r\u00e9dacteur pour Vie Associative. Passionn\u00e9 par le monde associatif depuis plus de 10 ans, j'ai \u00e0 c\u0153ur de partager des histoires inspirantes et de mettre en lumi\u00e8re les initiatives locales. Mon objectif est de sensibiliser et d'encourager l'engagement communautaire \u00e0 travers mes articles.\",\"sameAs\":[\"https:\/\/vieassociative.be\/\"]}]}<\/script>\n<!-- \/ Yoast SEO plugin. -->","yoast_head_json":{"title":"Combien de temps durera l\u2019accord de paix de Trump ? (interjection) | Vie Associative","robots":{"index":"index","follow":"follow","max-snippet":"max-snippet:-1","max-image-preview":"max-image-preview:large","max-video-preview":"max-video-preview:-1"},"canonical":"https:\/\/vieassociative.be\/actualites\/combien-de-temps-durera-laccord-de-paix-de-trump-interjection\/","og_locale":"fr_FR","og_type":"article","og_title":"Combien de temps durera l\u2019accord de paix de Trump ? (interjection) | Vie Associative","og_description":"Les otages sont libres, du moins ceux qui ont surv\u00e9cu \u00e0 la terreur du Hamas. Le pr\u00e9sident am\u00e9ricain Donald Trump est en f\u00eate. Seul un","og_url":"https:\/\/vieassociative.be\/actualites\/combien-de-temps-durera-laccord-de-paix-de-trump-interjection\/","og_site_name":"Vie Associative","article_published_time":"2025-10-13T14:17:21+00:00","og_image":[{"width":279,"height":92,"url":"https:\/\/vieassociative.be\/actualites\/wp-content\/uploads\/2024\/09\/header_backgroundk-01-e1726694325946.png","type":"image\/png"}],"author":"Julien","twitter_card":"summary_large_image","twitter_misc":{"\u00c9crit par":"Julien","Dur\u00e9e de lecture est.":"3 minutes"},"schema":{"@context":"https:\/\/schema.org","@graph":[{"@type":"Article","@id":"https:\/\/vieassociative.be\/actualites\/combien-de-temps-durera-laccord-de-paix-de-trump-interjection\/#article","isPartOf":{"@id":"https:\/\/vieassociative.be\/actualites\/combien-de-temps-durera-laccord-de-paix-de-trump-interjection\/"},"author":{"name":"Julien","@id":"https:\/\/vieassociative.be\/actualites\/#\/schema\/person\/b87ac4f82f9d4e7b7cec7395b679edc4"},"headline":"Combien de temps durera l\u2019accord de paix de Trump ? (interjection)","datePublished":"2025-10-13T14:17:21+00:00","dateModified":"2025-10-13T14:17:21+00:00","mainEntityOfPage":{"@id":"https:\/\/vieassociative.be\/actualites\/combien-de-temps-durera-laccord-de-paix-de-trump-interjection\/"},"wordCount":559,"publisher":{"@id":"https:\/\/vieassociative.be\/actualites\/#organization"},"image":{"@id":"https:\/\/vieassociative.be\/actualites\/combien-de-temps-durera-laccord-de-paix-de-trump-interjection\/#primaryimage"},"thumbnailUrl":"https:\/\/vieassociative.be\/actualites\/wp-content\/uploads\/2025\/10\/1760365042_Combien-de-temps-durera-laccord-de-paix-de-Trump.jpg","keywords":["Combien","durera","interjection","Laccord","paix","temps","Trump"],"articleSection":["Belgique"],"inLanguage":"fr-BE"},{"@type":"WebPage","@id":"https:\/\/vieassociative.be\/actualites\/combien-de-temps-durera-laccord-de-paix-de-trump-interjection\/","url":"https:\/\/vieassociative.be\/actualites\/combien-de-temps-durera-laccord-de-paix-de-trump-interjection\/","name":"Combien de temps durera l\u2019accord de paix de Trump ? (interjection) | Vie Associative","isPartOf":{"@id":"https:\/\/vieassociative.be\/actualites\/#website"},"primaryImageOfPage":{"@id":"https:\/\/vieassociative.be\/actualites\/combien-de-temps-durera-laccord-de-paix-de-trump-interjection\/#primaryimage"},"image":{"@id":"https:\/\/vieassociative.be\/actualites\/combien-de-temps-durera-laccord-de-paix-de-trump-interjection\/#primaryimage"},"thumbnailUrl":"https:\/\/vieassociative.be\/actualites\/wp-content\/uploads\/2025\/10\/1760365042_Combien-de-temps-durera-laccord-de-paix-de-Trump.jpg","datePublished":"2025-10-13T14:17:21+00:00","dateModified":"2025-10-13T14:17:21+00:00","breadcrumb":{"@id":"https:\/\/vieassociative.be\/actualites\/combien-de-temps-durera-laccord-de-paix-de-trump-interjection\/#breadcrumb"},"inLanguage":"fr-BE","potentialAction":[{"@type":"ReadAction","target":["https:\/\/vieassociative.be\/actualites\/combien-de-temps-durera-laccord-de-paix-de-trump-interjection\/"]}]},{"@type":"ImageObject","inLanguage":"fr-BE","@id":"https:\/\/vieassociative.be\/actualites\/combien-de-temps-durera-laccord-de-paix-de-trump-interjection\/#primaryimage","url":"https:\/\/vieassociative.be\/actualites\/wp-content\/uploads\/2025\/10\/1760365042_Combien-de-temps-durera-laccord-de-paix-de-Trump.jpg","contentUrl":"https:\/\/vieassociative.be\/actualites\/wp-content\/uploads\/2025\/10\/1760365042_Combien-de-temps-durera-laccord-de-paix-de-Trump.jpg","width":1200,"height":800,"caption":"Combien de temps durera l\u2019accord de paix de Trump ? (interjection)"},{"@type":"BreadcrumbList","@id":"https:\/\/vieassociative.be\/actualites\/combien-de-temps-durera-laccord-de-paix-de-trump-interjection\/#breadcrumb","itemListElement":[{"@type":"ListItem","position":1,"name":"Accueil","item":"https:\/\/vieassociative.be\/actualites\/"},{"@type":"ListItem","position":2,"name":"Combien de temps durera l\u2019accord de paix de Trump ? (interjection)"}]},{"@type":"WebSite","@id":"https:\/\/vieassociative.be\/actualites\/#website","url":"https:\/\/vieassociative.be\/actualites\/","name":"Vie Associative","description":"","publisher":{"@id":"https:\/\/vieassociative.be\/actualites\/#organization"},"potentialAction":[{"@type":"SearchAction","target":{"@type":"EntryPoint","urlTemplate":"https:\/\/vieassociative.be\/actualites\/?s={search_term_string}"},"query-input":{"@type":"PropertyValueSpecification","valueRequired":true,"valueName":"search_term_string"}}],"inLanguage":"fr-BE"},{"@type":"Organization","@id":"https:\/\/vieassociative.be\/actualites\/#organization","name":"Vie Associative","url":"https:\/\/vieassociative.be\/actualites\/","logo":{"@type":"ImageObject","inLanguage":"fr-BE","@id":"https:\/\/vieassociative.be\/actualites\/#\/schema\/logo\/image\/","url":"https:\/\/vieassociative.be\/actualites\/wp-content\/uploads\/2024\/09\/cropped-vieassociative_favicon.ico.png","contentUrl":"https:\/\/vieassociative.be\/actualites\/wp-content\/uploads\/2024\/09\/cropped-vieassociative_favicon.ico.png","width":512,"height":512,"caption":"Vie Associative"},"image":{"@id":"https:\/\/vieassociative.be\/actualites\/#\/schema\/logo\/image\/"}},{"@type":"Person","@id":"https:\/\/vieassociative.be\/actualites\/#\/schema\/person\/b87ac4f82f9d4e7b7cec7395b679edc4","name":"Julien","image":{"@type":"ImageObject","inLanguage":"fr-BE","@id":"https:\/\/vieassociative.be\/actualites\/#\/schema\/person\/image\/","url":"https:\/\/vieassociative.be\/actualites\/wp-content\/uploads\/2024\/09\/vie-associative-1-150x150.jpg","contentUrl":"https:\/\/vieassociative.be\/actualites\/wp-content\/uploads\/2024\/09\/vie-associative-1-150x150.jpg","caption":"Julien"},"description":"Je suis Julien, r\u00e9dacteur pour Vie Associative. Passionn\u00e9 par le monde associatif depuis plus de 10 ans, j'ai \u00e0 c\u0153ur de partager des histoires inspirantes et de mettre en lumi\u00e8re les initiatives locales. Mon objectif est de sensibiliser et d'encourager l'engagement communautaire \u00e0 travers mes articles.","sameAs":["https:\/\/vieassociative.be\/"]}]}},"_links":{"self":[{"href":"https:\/\/vieassociative.be\/actualites\/wp-json\/wp\/v2\/posts\/10639"}],"collection":[{"href":"https:\/\/vieassociative.be\/actualites\/wp-json\/wp\/v2\/posts"}],"about":[{"href":"https:\/\/vieassociative.be\/actualites\/wp-json\/wp\/v2\/types\/post"}],"author":[{"embeddable":true,"href":"https:\/\/vieassociative.be\/actualites\/wp-json\/wp\/v2\/users\/1"}],"replies":[{"embeddable":true,"href":"https:\/\/vieassociative.be\/actualites\/wp-json\/wp\/v2\/comments?post=10639"}],"version-history":[{"count":0,"href":"https:\/\/vieassociative.be\/actualites\/wp-json\/wp\/v2\/posts\/10639\/revisions"}],"wp:featuredmedia":[{"embeddable":true,"href":"https:\/\/vieassociative.be\/actualites\/wp-json\/wp\/v2\/media\/10640"}],"wp:attachment":[{"href":"https:\/\/vieassociative.be\/actualites\/wp-json\/wp\/v2\/media?parent=10639"}],"wp:term":[{"taxonomy":"category","embeddable":true,"href":"https:\/\/vieassociative.be\/actualites\/wp-json\/wp\/v2\/categories?post=10639"},{"taxonomy":"post_tag","embeddable":true,"href":"https:\/\/vieassociative.be\/actualites\/wp-json\/wp\/v2\/tags?post=10639"}],"curies":[{"name":"wp","href":"https:\/\/api.w.org\/{rel}","templated":true}]}}