{"id":10637,"date":"2025-10-13T15:17:16","date_gmt":"2025-10-13T13:17:16","guid":{"rendered":"https:\/\/vieassociative.be\/actualites\/utilisez-la-methode-des-lieux-pour-vous-souvenir-de-tout\/"},"modified":"2025-10-13T15:17:16","modified_gmt":"2025-10-13T13:17:16","slug":"utilisez-la-methode-des-lieux-pour-vous-souvenir-de-tout","status":"publish","type":"post","link":"https:\/\/vieassociative.be\/actualites\/utilisez-la-methode-des-lieux-pour-vous-souvenir-de-tout\/","title":{"rendered":"Utilisez la \u00ab m\u00e9thode des lieux \u00bb pour vous souvenir de tout"},"content":{"rendered":"<div class=\"mt-4 leading-6 md:mb-8\">Cette technique vous aide \u00e0 utiliser des images pour r\u00e9cup\u00e9rer des mots et est utile lorsque vous passez un test.<\/div>\n<p><\/p>\n<p><em>Saviez-vous que vous pouvez personnaliser Google pour filtrer les d\u00e9chets\u00a0? Suivez ces \u00e9tapes<\/em><em> pour de meilleurs r\u00e9sultats de recherche, notamment en ajoutant Vie Associative comme source privil\u00e9gi\u00e9e d&rsquo;actualit\u00e9s technologiques<\/em><em>.<\/em><\/p>\n<hr>\n<p>La m\u00e9thode des loci (ou technique des loci) est une astuce de m\u00e9morisation mn\u00e9motechnique ayant de nombreuses utilisations, allant de l&rsquo;aide aux personnes atteintes de troubles cognitifs l\u00e9gers \u00e0 apprendre et \u00e0 m\u00e9moriser des informations, jusqu&rsquo;\u00e0 la pr\u00e9paration d&rsquo;une personne \u00e0 prononcer un discours. <\/p>\n<p>Mais vous pouvez l\u2019utiliser dans presque tous les contextes, pour tout ce dont vous devez vous souvenir. \u00c9videmment, vous \u00eates ici parce que cela est utile lorsque vous passez un test, mais les fa\u00e7ons dont vous pouvez l&rsquo;appliquer dans ce sc\u00e9nario sont un peu uniques et vous devrez comprendre quelque chose qui semble idiot au d\u00e9but. Voici quoi faire.<\/p>\n<div class=\"mx-auto mb-12 mt-5 w-full max-w-3xl rounded-md border-2 border-gray-100 p-3 shadow-md md:px-7 md:pb-7 md:pt-5\" id=\"related-video\">\n<div class=\"mb-3 flex items-center md:mb-5\">\n        <img decoding=\"async\" class=\"mr-4 mt-0 h-10 w-10 md:mr-5 md:h-12 md:w-12\" src=\"https:\/\/vieassociative.be\/actualites\/wp-content\/uploads\/2025\/09\/1757726237_608_Meta-pourrait-devoiler-une-montre-intelligente-pour-controler-ses-lunettes.jpg\" alt=\"Logo du pirate de la vie\"><\/p><\/div>\n<div class=\"aspect-video w-full overflow-hidden rounded-md\">\n<div id=\"video-container-01K7ETBSMNFHPXY9Z3DWCYVQV1\"><\/div>\n<\/p><\/div>\n<\/div>\n<h2 id=\"what-is-the-method-of-loci\">Quelle est la m\u00e9thode des lieux ?<\/h2>\n<p>Si \u00ab loci \u00bb ressemble \u00e0 \u00ab emplacement \u00bb, c&rsquo;est parce que c&rsquo;est le but de cette m\u00e9thode : emplacement, emplacement, emplacement. Pour utiliser cette technique, vous utilisez des visualisations d&rsquo;environnements spatiaux sp\u00e9cifiques pour vous aider \u00e0 rappeler des informations. Il existe depuis des si\u00e8cles et est toujours utilis\u00e9 aujourd&rsquo;hui, car les participants au concours de m\u00e9moire affirment qu&rsquo;il les aide \u00e0 se souvenir de tout, des visages aux chiffres. (Saviez-vous qu&rsquo;il existe des concours de m\u00e9moire\u00a0?)<\/p>\n<p>Pensez \u00e0 un endroit que vous connaissez bien, id\u00e9alement un endroit qui pr\u00e9sente de nombreuses caract\u00e9ristiques d\u00e9terminantes. Il s&rsquo;agit peut-\u00eatre d&rsquo;une rue avec de nombreux magasins diff\u00e9rents, d&rsquo;une pi\u00e8ce avec des surfaces et des coins vari\u00e9s ou de la maison de votre enfance. N&rsquo;importe quel endroit singulier fonctionne, mais il est crucial que ce soit celui que vous connaissez bien et que vous puissiez vraiment visualiser dans votre esprit. <\/p>\n<p>Lorsque vous devez m\u00e9moriser une tonne de choses, comme des \u00e9l\u00e9ments d&rsquo;une liste ou des sujets \u00e0 aborder dans un discours, imaginez-vous les placer, un par un, dans l&rsquo;un de ces petits <em>lieux<\/em>. Un sujet peut \u00eatre plac\u00e9 dans un coin, un autre sur le bureau et un autre sur le rebord de la fen\u00eatre, par exemple. Lorsque vous souhaitez r\u00e9cup\u00e9rer ou rappeler des informations, imaginez-vous en train de parcourir \u00e0 nouveau la zone, en ramassant ce dont vous devez vous souvenir \u00e0 sa place.<\/p>\n<p>Pourquoi est-ce que \u00e7a marche ? De mani\u00e8re g\u00e9n\u00e9rale, votre cerveau se souvient mieux des images que des mots ou des chiffres. Par cons\u00e9quent, attacher les mots ou les chiffres dont vous devez vous souvenir \u00e0 une image facilite leur r\u00e9cup\u00e9ration.<\/p>\n<h2 id=\"how-to-use-use-the-method-of-loci-in-real-life\">Comment utiliser la m\u00e9thode des loci dans la vraie vie<\/h2>\n<p>Une fa\u00e7on d&rsquo;exploiter la puissance de cette astuce de m\u00e9moire consiste \u00e0 \u00ab placer \u00bb vos \u00e9l\u00e9ments de m\u00e9moire dans la pi\u00e8ce dans laquelle vous vous trouverez lorsque vous aurez besoin de les rappeler. Si vous savez que vous devez prendre la parole lors d&rsquo;une r\u00e9union dans une certaine salle de conf\u00e9rence ou passer un test dans une salle de classe particuli\u00e8re, utilisez ce cadre imaginaire comme endroit o\u00f9 vous d\u00e9posez les \u00e9l\u00e9ments de votre liste.<\/p>\n<p>Mieux encore, pr\u00e9parez-vous dans cet espace. Si vous le pouvez, asseyez-vous dans la salle de classe o\u00f9 vous passerez votre examen pendant que vous vous pr\u00e9parez, en restant peut-\u00eatre tard apr\u00e8s le cours ou en y entrant lorsqu&rsquo;elle est inoccup\u00e9e \u00e0 un moment donn\u00e9 de la semaine. Imaginez-vous placer les choses que vous \u00e9tudiez, une par une, \u00e0 diff\u00e9rents endroits de la pi\u00e8ce. Vous pouvez m\u00eame vous promener et mimer si cela vous semble utile. Assurez-vous simplement que <em>lieux<\/em> vous choisissez sont permanents. N&rsquo;attribuez pas un fait cl\u00e9, par exemple, \u00e0 un pot de stylos sur le bureau du professeur, qui peut \u00eatre retir\u00e9 de la salle avant la date de votre examen. Choisissez des \u00e9l\u00e9ments comme le radiateur, un carrelage de plafond d\u00e9color\u00e9, le podium ou un arr\u00eat de porte. <\/p>\n<p>Si vous ne pouvez pas \u00e9tudier dans la salle de classe elle-m\u00eame, cette astuce n\u00e9cessite que vous planifiiez \u00e0 l&rsquo;avance et que vous vous familiarisiez avec la pi\u00e8ce uniquement par m\u00e9moire, alors choisissez un choix encore plus large. <em>lieux<\/em>comme la porte ou la fen\u00eatre. Et n&rsquo;oublie pas que cela peut <em>tous<\/em> \u00eatre un jeu mental. Vos emplacements peuvent \u00eatre n&rsquo;importe o\u00f9 dont vous vous souvenez bien, comme la salle de repos de votre travail ou votre chambre, \u00e0 condition que vous puissiez retrouver cette carte mentale dans votre esprit au moment du test.<\/p>\n<h2 id=\"why-it-works\">Pourquoi \u00e7a marche<\/h2>\n<p>Cela peut para\u00eetre frivole, mais cela fonctionne. Cela fait partie d&rsquo;une technique de m\u00e9moire plus large appel\u00e9e association. Avec une association, vous pouvez inventer des phrases mn\u00e9motechniques, chanter une petite chanson ou, oui, utiliser la m\u00e9thode des loci. L&rsquo;objectif est d&rsquo;associer vos nouvelles connaissances \u00e0 quelque chose d&rsquo;autre, donc chaque fois que vous pensez \u00e0 cette autre chose (dans ce cas, un emplacement), vous vous souviendrez automatiquement de la p\u00e9pite d&rsquo;informations que vous y avez associ\u00e9e.<\/p>\n","protected":false},"excerpt":{"rendered":"<p>Cette technique vous aide \u00e0 utiliser des images pour r\u00e9cup\u00e9rer des mots et est utile lorsque vous passez un test. Saviez-vous que vous pouvez personnaliser<\/p>\n","protected":false},"author":1,"featured_media":10638,"comment_status":"","ping_status":"","sticky":false,"template":"","format":"standard","meta":{"footnotes":""},"categories":[37],"tags":[29,8884,106,81,1568,236,105,4],"class_list":["post-10637","post","type-post","status-publish","format-standard","has-post-thumbnail","hentry","category-famille","tag-des","tag-lieux","tag-methode","tag-pour","tag-souvenir","tag-tout","tag-utilisez","tag-vous","generate-columns","tablet-grid-50","mobile-grid-100","grid-parent","grid-33"],"yoast_head":"<!-- This site is optimized with the Yoast SEO plugin v24.0 - https:\/\/yoast.com\/wordpress\/plugins\/seo\/ -->\n<title>Utilisez la \u00ab m\u00e9thode des lieux \u00bb pour vous souvenir de tout | Vie Associative<\/title>\n<meta name=\"robots\" content=\"index, follow, max-snippet:-1, max-image-preview:large, max-video-preview:-1\" \/>\n<link rel=\"canonical\" href=\"https:\/\/vieassociative.be\/actualites\/utilisez-la-methode-des-lieux-pour-vous-souvenir-de-tout\/\" \/>\n<meta property=\"og:locale\" content=\"fr_FR\" \/>\n<meta property=\"og:type\" content=\"article\" \/>\n<meta property=\"og:title\" content=\"Utilisez la \u00ab m\u00e9thode des lieux \u00bb pour vous souvenir de tout | Vie Associative\" \/>\n<meta property=\"og:description\" content=\"Cette technique vous aide \u00e0 utiliser des images pour r\u00e9cup\u00e9rer des mots et est utile lorsque vous passez un test. Saviez-vous que vous pouvez personnaliser\" \/>\n<meta property=\"og:url\" content=\"https:\/\/vieassociative.be\/actualites\/utilisez-la-methode-des-lieux-pour-vous-souvenir-de-tout\/\" \/>\n<meta property=\"og:site_name\" content=\"Vie Associative\" \/>\n<meta property=\"article:published_time\" content=\"2025-10-13T13:17:16+00:00\" \/>\n<meta property=\"og:image\" content=\"https:\/\/vieassociative.be\/actualites\/wp-content\/uploads\/2025\/09\/1757726237_608_Meta-pourrait-devoiler-une-montre-intelligente-pour-controler-ses-lunettes.jpg\" \/>\n<meta name=\"author\" content=\"Julien\" \/>\n<meta name=\"twitter:card\" content=\"summary_large_image\" \/>\n<meta name=\"twitter:label1\" content=\"\u00c9crit par\" \/>\n\t<meta name=\"twitter:data1\" content=\"Julien\" \/>\n\t<meta name=\"twitter:label2\" content=\"Dur\u00e9e de lecture est.\" \/>\n\t<meta name=\"twitter:data2\" content=\"4 minutes\" \/>\n<script type=\"application\/ld+json\" class=\"yoast-schema-graph\">{\"@context\":\"https:\/\/schema.org\",\"@graph\":[{\"@type\":\"Article\",\"@id\":\"https:\/\/vieassociative.be\/actualites\/utilisez-la-methode-des-lieux-pour-vous-souvenir-de-tout\/#article\",\"isPartOf\":{\"@id\":\"https:\/\/vieassociative.be\/actualites\/utilisez-la-methode-des-lieux-pour-vous-souvenir-de-tout\/\"},\"author\":{\"name\":\"Julien\",\"@id\":\"https:\/\/vieassociative.be\/actualites\/#\/schema\/person\/b87ac4f82f9d4e7b7cec7395b679edc4\"},\"headline\":\"Utilisez la \u00ab m\u00e9thode des lieux \u00bb pour vous souvenir de tout\",\"datePublished\":\"2025-10-13T13:17:16+00:00\",\"dateModified\":\"2025-10-13T13:17:16+00:00\",\"mainEntityOfPage\":{\"@id\":\"https:\/\/vieassociative.be\/actualites\/utilisez-la-methode-des-lieux-pour-vous-souvenir-de-tout\/\"},\"wordCount\":906,\"publisher\":{\"@id\":\"https:\/\/vieassociative.be\/actualites\/#organization\"},\"image\":{\"@id\":\"https:\/\/vieassociative.be\/actualites\/utilisez-la-methode-des-lieux-pour-vous-souvenir-de-tout\/#primaryimage\"},\"thumbnailUrl\":\"https:\/\/vieassociative.be\/actualites\/wp-content\/uploads\/2025\/10\/Utilisez-la-methode-des-lieux-pour-vous-souvenir.jpg\",\"keywords\":[\"Des\",\"lieux\",\"m\u00e9thode\",\"pour\",\"souvenir\",\"tout\",\"Utilisez\",\"Vous\"],\"articleSection\":[\"Famille\"],\"inLanguage\":\"fr-BE\"},{\"@type\":\"WebPage\",\"@id\":\"https:\/\/vieassociative.be\/actualites\/utilisez-la-methode-des-lieux-pour-vous-souvenir-de-tout\/\",\"url\":\"https:\/\/vieassociative.be\/actualites\/utilisez-la-methode-des-lieux-pour-vous-souvenir-de-tout\/\",\"name\":\"Utilisez la \u00ab m\u00e9thode des lieux \u00bb pour vous souvenir de tout | Vie Associative\",\"isPartOf\":{\"@id\":\"https:\/\/vieassociative.be\/actualites\/#website\"},\"primaryImageOfPage\":{\"@id\":\"https:\/\/vieassociative.be\/actualites\/utilisez-la-methode-des-lieux-pour-vous-souvenir-de-tout\/#primaryimage\"},\"image\":{\"@id\":\"https:\/\/vieassociative.be\/actualites\/utilisez-la-methode-des-lieux-pour-vous-souvenir-de-tout\/#primaryimage\"},\"thumbnailUrl\":\"https:\/\/vieassociative.be\/actualites\/wp-content\/uploads\/2025\/10\/Utilisez-la-methode-des-lieux-pour-vous-souvenir.jpg\",\"datePublished\":\"2025-10-13T13:17:16+00:00\",\"dateModified\":\"2025-10-13T13:17:16+00:00\",\"breadcrumb\":{\"@id\":\"https:\/\/vieassociative.be\/actualites\/utilisez-la-methode-des-lieux-pour-vous-souvenir-de-tout\/#breadcrumb\"},\"inLanguage\":\"fr-BE\",\"potentialAction\":[{\"@type\":\"ReadAction\",\"target\":[\"https:\/\/vieassociative.be\/actualites\/utilisez-la-methode-des-lieux-pour-vous-souvenir-de-tout\/\"]}]},{\"@type\":\"ImageObject\",\"inLanguage\":\"fr-BE\",\"@id\":\"https:\/\/vieassociative.be\/actualites\/utilisez-la-methode-des-lieux-pour-vous-souvenir-de-tout\/#primaryimage\",\"url\":\"https:\/\/vieassociative.be\/actualites\/wp-content\/uploads\/2025\/10\/Utilisez-la-methode-des-lieux-pour-vous-souvenir.jpg\",\"contentUrl\":\"https:\/\/vieassociative.be\/actualites\/wp-content\/uploads\/2025\/10\/Utilisez-la-methode-des-lieux-pour-vous-souvenir.jpg\",\"width\":1200,\"height\":675,\"caption\":\"Utilisez la \u00ab m\u00e9thode des lieux \u00bb pour vous souvenir de tout\"},{\"@type\":\"BreadcrumbList\",\"@id\":\"https:\/\/vieassociative.be\/actualites\/utilisez-la-methode-des-lieux-pour-vous-souvenir-de-tout\/#breadcrumb\",\"itemListElement\":[{\"@type\":\"ListItem\",\"position\":1,\"name\":\"Accueil\",\"item\":\"https:\/\/vieassociative.be\/actualites\/\"},{\"@type\":\"ListItem\",\"position\":2,\"name\":\"Utilisez la \u00ab m\u00e9thode des lieux \u00bb pour vous souvenir de tout\"}]},{\"@type\":\"WebSite\",\"@id\":\"https:\/\/vieassociative.be\/actualites\/#website\",\"url\":\"https:\/\/vieassociative.be\/actualites\/\",\"name\":\"Vie Associative\",\"description\":\"\",\"publisher\":{\"@id\":\"https:\/\/vieassociative.be\/actualites\/#organization\"},\"potentialAction\":[{\"@type\":\"SearchAction\",\"target\":{\"@type\":\"EntryPoint\",\"urlTemplate\":\"https:\/\/vieassociative.be\/actualites\/?s={search_term_string}\"},\"query-input\":{\"@type\":\"PropertyValueSpecification\",\"valueRequired\":true,\"valueName\":\"search_term_string\"}}],\"inLanguage\":\"fr-BE\"},{\"@type\":\"Organization\",\"@id\":\"https:\/\/vieassociative.be\/actualites\/#organization\",\"name\":\"Vie Associative\",\"url\":\"https:\/\/vieassociative.be\/actualites\/\",\"logo\":{\"@type\":\"ImageObject\",\"inLanguage\":\"fr-BE\",\"@id\":\"https:\/\/vieassociative.be\/actualites\/#\/schema\/logo\/image\/\",\"url\":\"https:\/\/vieassociative.be\/actualites\/wp-content\/uploads\/2024\/09\/cropped-vieassociative_favicon.ico.png\",\"contentUrl\":\"https:\/\/vieassociative.be\/actualites\/wp-content\/uploads\/2024\/09\/cropped-vieassociative_favicon.ico.png\",\"width\":512,\"height\":512,\"caption\":\"Vie Associative\"},\"image\":{\"@id\":\"https:\/\/vieassociative.be\/actualites\/#\/schema\/logo\/image\/\"}},{\"@type\":\"Person\",\"@id\":\"https:\/\/vieassociative.be\/actualites\/#\/schema\/person\/b87ac4f82f9d4e7b7cec7395b679edc4\",\"name\":\"Julien\",\"image\":{\"@type\":\"ImageObject\",\"inLanguage\":\"fr-BE\",\"@id\":\"https:\/\/vieassociative.be\/actualites\/#\/schema\/person\/image\/\",\"url\":\"https:\/\/vieassociative.be\/actualites\/wp-content\/uploads\/2024\/09\/vie-associative-1-150x150.jpg\",\"contentUrl\":\"https:\/\/vieassociative.be\/actualites\/wp-content\/uploads\/2024\/09\/vie-associative-1-150x150.jpg\",\"caption\":\"Julien\"},\"description\":\"Je suis Julien, r\u00e9dacteur pour Vie Associative. Passionn\u00e9 par le monde associatif depuis plus de 10 ans, j'ai \u00e0 c\u0153ur de partager des histoires inspirantes et de mettre en lumi\u00e8re les initiatives locales. Mon objectif est de sensibiliser et d'encourager l'engagement communautaire \u00e0 travers mes articles.\",\"sameAs\":[\"https:\/\/vieassociative.be\/\"]}]}<\/script>\n<!-- \/ Yoast SEO plugin. -->","yoast_head_json":{"title":"Utilisez la \u00ab m\u00e9thode des lieux \u00bb pour vous souvenir de tout | Vie Associative","robots":{"index":"index","follow":"follow","max-snippet":"max-snippet:-1","max-image-preview":"max-image-preview:large","max-video-preview":"max-video-preview:-1"},"canonical":"https:\/\/vieassociative.be\/actualites\/utilisez-la-methode-des-lieux-pour-vous-souvenir-de-tout\/","og_locale":"fr_FR","og_type":"article","og_title":"Utilisez la \u00ab m\u00e9thode des lieux \u00bb pour vous souvenir de tout | Vie Associative","og_description":"Cette technique vous aide \u00e0 utiliser des images pour r\u00e9cup\u00e9rer des mots et est utile lorsque vous passez un test. Saviez-vous que vous pouvez personnaliser","og_url":"https:\/\/vieassociative.be\/actualites\/utilisez-la-methode-des-lieux-pour-vous-souvenir-de-tout\/","og_site_name":"Vie Associative","article_published_time":"2025-10-13T13:17:16+00:00","og_image":[{"url":"https:\/\/vieassociative.be\/actualites\/wp-content\/uploads\/2025\/09\/1757726237_608_Meta-pourrait-devoiler-une-montre-intelligente-pour-controler-ses-lunettes.jpg","type":"","width":"","height":""}],"author":"Julien","twitter_card":"summary_large_image","twitter_misc":{"\u00c9crit par":"Julien","Dur\u00e9e de lecture est.":"4 minutes"},"schema":{"@context":"https:\/\/schema.org","@graph":[{"@type":"Article","@id":"https:\/\/vieassociative.be\/actualites\/utilisez-la-methode-des-lieux-pour-vous-souvenir-de-tout\/#article","isPartOf":{"@id":"https:\/\/vieassociative.be\/actualites\/utilisez-la-methode-des-lieux-pour-vous-souvenir-de-tout\/"},"author":{"name":"Julien","@id":"https:\/\/vieassociative.be\/actualites\/#\/schema\/person\/b87ac4f82f9d4e7b7cec7395b679edc4"},"headline":"Utilisez la \u00ab m\u00e9thode des lieux \u00bb pour vous souvenir de tout","datePublished":"2025-10-13T13:17:16+00:00","dateModified":"2025-10-13T13:17:16+00:00","mainEntityOfPage":{"@id":"https:\/\/vieassociative.be\/actualites\/utilisez-la-methode-des-lieux-pour-vous-souvenir-de-tout\/"},"wordCount":906,"publisher":{"@id":"https:\/\/vieassociative.be\/actualites\/#organization"},"image":{"@id":"https:\/\/vieassociative.be\/actualites\/utilisez-la-methode-des-lieux-pour-vous-souvenir-de-tout\/#primaryimage"},"thumbnailUrl":"https:\/\/vieassociative.be\/actualites\/wp-content\/uploads\/2025\/10\/Utilisez-la-methode-des-lieux-pour-vous-souvenir.jpg","keywords":["Des","lieux","m\u00e9thode","pour","souvenir","tout","Utilisez","Vous"],"articleSection":["Famille"],"inLanguage":"fr-BE"},{"@type":"WebPage","@id":"https:\/\/vieassociative.be\/actualites\/utilisez-la-methode-des-lieux-pour-vous-souvenir-de-tout\/","url":"https:\/\/vieassociative.be\/actualites\/utilisez-la-methode-des-lieux-pour-vous-souvenir-de-tout\/","name":"Utilisez la \u00ab m\u00e9thode des lieux \u00bb pour vous souvenir de tout | Vie Associative","isPartOf":{"@id":"https:\/\/vieassociative.be\/actualites\/#website"},"primaryImageOfPage":{"@id":"https:\/\/vieassociative.be\/actualites\/utilisez-la-methode-des-lieux-pour-vous-souvenir-de-tout\/#primaryimage"},"image":{"@id":"https:\/\/vieassociative.be\/actualites\/utilisez-la-methode-des-lieux-pour-vous-souvenir-de-tout\/#primaryimage"},"thumbnailUrl":"https:\/\/vieassociative.be\/actualites\/wp-content\/uploads\/2025\/10\/Utilisez-la-methode-des-lieux-pour-vous-souvenir.jpg","datePublished":"2025-10-13T13:17:16+00:00","dateModified":"2025-10-13T13:17:16+00:00","breadcrumb":{"@id":"https:\/\/vieassociative.be\/actualites\/utilisez-la-methode-des-lieux-pour-vous-souvenir-de-tout\/#breadcrumb"},"inLanguage":"fr-BE","potentialAction":[{"@type":"ReadAction","target":["https:\/\/vieassociative.be\/actualites\/utilisez-la-methode-des-lieux-pour-vous-souvenir-de-tout\/"]}]},{"@type":"ImageObject","inLanguage":"fr-BE","@id":"https:\/\/vieassociative.be\/actualites\/utilisez-la-methode-des-lieux-pour-vous-souvenir-de-tout\/#primaryimage","url":"https:\/\/vieassociative.be\/actualites\/wp-content\/uploads\/2025\/10\/Utilisez-la-methode-des-lieux-pour-vous-souvenir.jpg","contentUrl":"https:\/\/vieassociative.be\/actualites\/wp-content\/uploads\/2025\/10\/Utilisez-la-methode-des-lieux-pour-vous-souvenir.jpg","width":1200,"height":675,"caption":"Utilisez la \u00ab m\u00e9thode des lieux \u00bb pour vous souvenir de tout"},{"@type":"BreadcrumbList","@id":"https:\/\/vieassociative.be\/actualites\/utilisez-la-methode-des-lieux-pour-vous-souvenir-de-tout\/#breadcrumb","itemListElement":[{"@type":"ListItem","position":1,"name":"Accueil","item":"https:\/\/vieassociative.be\/actualites\/"},{"@type":"ListItem","position":2,"name":"Utilisez la \u00ab m\u00e9thode des lieux \u00bb pour vous souvenir de tout"}]},{"@type":"WebSite","@id":"https:\/\/vieassociative.be\/actualites\/#website","url":"https:\/\/vieassociative.be\/actualites\/","name":"Vie Associative","description":"","publisher":{"@id":"https:\/\/vieassociative.be\/actualites\/#organization"},"potentialAction":[{"@type":"SearchAction","target":{"@type":"EntryPoint","urlTemplate":"https:\/\/vieassociative.be\/actualites\/?s={search_term_string}"},"query-input":{"@type":"PropertyValueSpecification","valueRequired":true,"valueName":"search_term_string"}}],"inLanguage":"fr-BE"},{"@type":"Organization","@id":"https:\/\/vieassociative.be\/actualites\/#organization","name":"Vie Associative","url":"https:\/\/vieassociative.be\/actualites\/","logo":{"@type":"ImageObject","inLanguage":"fr-BE","@id":"https:\/\/vieassociative.be\/actualites\/#\/schema\/logo\/image\/","url":"https:\/\/vieassociative.be\/actualites\/wp-content\/uploads\/2024\/09\/cropped-vieassociative_favicon.ico.png","contentUrl":"https:\/\/vieassociative.be\/actualites\/wp-content\/uploads\/2024\/09\/cropped-vieassociative_favicon.ico.png","width":512,"height":512,"caption":"Vie Associative"},"image":{"@id":"https:\/\/vieassociative.be\/actualites\/#\/schema\/logo\/image\/"}},{"@type":"Person","@id":"https:\/\/vieassociative.be\/actualites\/#\/schema\/person\/b87ac4f82f9d4e7b7cec7395b679edc4","name":"Julien","image":{"@type":"ImageObject","inLanguage":"fr-BE","@id":"https:\/\/vieassociative.be\/actualites\/#\/schema\/person\/image\/","url":"https:\/\/vieassociative.be\/actualites\/wp-content\/uploads\/2024\/09\/vie-associative-1-150x150.jpg","contentUrl":"https:\/\/vieassociative.be\/actualites\/wp-content\/uploads\/2024\/09\/vie-associative-1-150x150.jpg","caption":"Julien"},"description":"Je suis Julien, r\u00e9dacteur pour Vie Associative. Passionn\u00e9 par le monde associatif depuis plus de 10 ans, j'ai \u00e0 c\u0153ur de partager des histoires inspirantes et de mettre en lumi\u00e8re les initiatives locales. Mon objectif est de sensibiliser et d'encourager l'engagement communautaire \u00e0 travers mes articles.","sameAs":["https:\/\/vieassociative.be\/"]}]}},"_links":{"self":[{"href":"https:\/\/vieassociative.be\/actualites\/wp-json\/wp\/v2\/posts\/10637"}],"collection":[{"href":"https:\/\/vieassociative.be\/actualites\/wp-json\/wp\/v2\/posts"}],"about":[{"href":"https:\/\/vieassociative.be\/actualites\/wp-json\/wp\/v2\/types\/post"}],"author":[{"embeddable":true,"href":"https:\/\/vieassociative.be\/actualites\/wp-json\/wp\/v2\/users\/1"}],"replies":[{"embeddable":true,"href":"https:\/\/vieassociative.be\/actualites\/wp-json\/wp\/v2\/comments?post=10637"}],"version-history":[{"count":0,"href":"https:\/\/vieassociative.be\/actualites\/wp-json\/wp\/v2\/posts\/10637\/revisions"}],"wp:featuredmedia":[{"embeddable":true,"href":"https:\/\/vieassociative.be\/actualites\/wp-json\/wp\/v2\/media\/10638"}],"wp:attachment":[{"href":"https:\/\/vieassociative.be\/actualites\/wp-json\/wp\/v2\/media?parent=10637"}],"wp:term":[{"taxonomy":"category","embeddable":true,"href":"https:\/\/vieassociative.be\/actualites\/wp-json\/wp\/v2\/categories?post=10637"},{"taxonomy":"post_tag","embeddable":true,"href":"https:\/\/vieassociative.be\/actualites\/wp-json\/wp\/v2\/tags?post=10637"}],"curies":[{"name":"wp","href":"https:\/\/api.w.org\/{rel}","templated":true}]}}