{"id":10633,"date":"2025-10-13T10:17:54","date_gmt":"2025-10-13T08:17:54","guid":{"rendered":"https:\/\/vieassociative.be\/actualites\/le-depute-patrick-spies-critique-linterdiction-de-labattage-a-domicile-en-wallonie\/"},"modified":"2025-10-13T10:17:54","modified_gmt":"2025-10-13T08:17:54","slug":"le-depute-patrick-spies-critique-linterdiction-de-labattage-a-domicile-en-wallonie","status":"publish","type":"post","link":"https:\/\/vieassociative.be\/actualites\/le-depute-patrick-spies-critique-linterdiction-de-labattage-a-domicile-en-wallonie\/","title":{"rendered":"Le d\u00e9put\u00e9 Patrick Spies critique l&rsquo;interdiction de l&rsquo;abattage \u00e0 domicile en Wallonie"},"content":{"rendered":"<p><strong>Lors d&rsquo;une s\u00e9ance du Parlement wallon, le d\u00e9put\u00e9 r\u00e9gional de l&rsquo;Est de la Belgique Patrick Spies (PS\/SP) a interrog\u00e9 le Premier ministre Adrien Dolimont (MR), charg\u00e9 du bien-\u00eatre animal, sur deux questions cl\u00e9s dans le domaine de l&rsquo;abattage : le projet pilote d&rsquo;abattage \u00e0 la ferme et l&rsquo;interdiction pr\u00e9vue de l&rsquo;abattage \u00e0 domicile.<\/strong><\/p>\n<p><span id=\"more-426898\"><\/span>\u00abJe pense qu&rsquo;il est important de faire une distinction claire entre l&rsquo;abattage \u00e0 la ferme et l&rsquo;abattage \u00e0 domicile\u00bb, souligne Spies. \u00ab\u00a0Alors que le projet pilote d&rsquo;abattage \u00e0 la ferme vise \u00e0 permettre l&rsquo;abattage directement \u00e0 la ferme, l&rsquo;abattage \u00e0 domicile concerne l&rsquo;abattage priv\u00e9 d&rsquo;animaux par des propri\u00e9taires de petits animaux. Ces deux choses ne doivent pas \u00eatre m\u00e9lang\u00e9es.\u00a0\u00bb<\/p>\n<p>Dans sa premi\u00e8re question, le d\u00e9put\u00e9 s&rsquo;est enquis de l&rsquo;\u00e9tat d&rsquo;avancement du projet pilote de l&rsquo;Universit\u00e9 de Li\u00e8ge, qui vise \u00e0 cr\u00e9er le cadre pratique des unit\u00e9s d&rsquo;abattage mobiles. Le Premier ministre Dolimont a confirm\u00e9 qu&rsquo;un accord correspondant avait d\u00e9j\u00e0 \u00e9t\u00e9 sign\u00e9 avec l&rsquo;Universit\u00e9 de Li\u00e8ge en juillet.<\/p>\n<div id=\"attachment_426905\" class=\"wp-caption alignleft\" style=\"max-width: 240px\"><img fetchpriority=\"high\" decoding=\"async\" class=\"wp-image-426905 size-medium\" src=\"https:\/\/vieassociative.be\/actualites\/wp-content\/uploads\/2025\/10\/Le-depute-Patrick-Spies-critique-linterdiction-de-labattage-a-domicile.jpg\" alt=\"\" width=\"240\" height=\"300\"><\/div>\n<p>Le projet devrait se d\u00e9rouler de juillet 2025 \u00e0 juin 2027, avec une unit\u00e9 d&rsquo;abattage mobile qui sera appuy\u00e9e scientifiquement. Depuis mai 2021, environ 365 000 euros de fonds publics ont \u00e9t\u00e9 utilis\u00e9s pour des \u00e9tudes et des travaux pr\u00e9paratoires sur la mise en \u0153uvre pratique de l&rsquo;abattage \u00e0 la ferme. L\u2019objectif est \u00ab d\u2019\u00e9viter le stress des animaux pendant le transport et d\u2019am\u00e9liorer leur bien-\u00eatre gr\u00e2ce \u00e0 des trajets plus courts et des environnements familiers \u00bb, pr\u00e9cise Dolimont.<\/p>\n<p>Spies salue express\u00e9ment cette approche : \u00ab\u00a0Je suis clairement en faveur de ce projet pilote. L&rsquo;abattage \u00e0 la ferme est une approche innovante, respectueuse des animaux et pratique qui peut compl\u00e9ter de mani\u00e8re significative les structures existantes. Il serait irr\u00e9aliste de s&rsquo;attendre \u00e0 ce que l&rsquo;abattage \u00e0 la ferme remplace les abattoirs &#8211; mais ils peuvent constituer un compl\u00e9ment pr\u00e9cieux, en particulier pour les petites entreprises.\u00a0\u00bb<\/p>\n<p><strong>\u2013 L\u2019interdiction de l\u2019abattage domestique ne refl\u00e8te pas la r\u00e9alit\u00e9 des zones rurales :<\/strong> Spies est en revanche beaucoup plus critique \u00e0 l&rsquo;\u00e9gard du deuxi\u00e8me sujet, \u00e0 savoir l&rsquo;interdiction compl\u00e8te pr\u00e9vue de l&rsquo;abattage priv\u00e9 de porcs, de moutons, de ch\u00e8vres et de gibier d&rsquo;\u00e9levage. Selon Dolimont, l&rsquo;abattage priv\u00e9 de lapins et de volailles devrait rester autoris\u00e9, \u00ab\u00a0mais pour combien de temps ?\u00a0\u00bb demande Spies.<\/p>\n<p>\u00ab\u00a0Surtout dans nos zones rurales, de nombreuses personnes \u00e9l\u00e8vent quelques moutons ou ch\u00e8vres &#8211; non pas \u00e0 des fins commerciales, mais pour leurs propres besoins. \u00c0 l&rsquo;avenir, les obliger \u00e0 faire un long voyage jusqu&rsquo;\u00e0 l&rsquo;abattoir pour chaque animal est tout simplement irr\u00e9aliste\u00a0\u00bb, explique Spies.<br \/>\n\u00ab\u00a0Bien s\u00fbr, chaque abattage doit \u00eatre effectu\u00e9 de mani\u00e8re professionnelle et dans le respect du bien-\u00eatre animal &#8211; mais une interdiction g\u00e9n\u00e9rale n&rsquo;est pas une solution. C&rsquo;est un vote de censure g\u00e9n\u00e9ral envers tous ceux qui traitent leurs animaux de mani\u00e8re responsable.\u00a0\u00bb<\/p>\n<div id=\"attachment_426902\" class=\"wp-caption alignleft\" style=\"max-width: 300px\"><img decoding=\"async\" class=\"wp-image-426902 size-medium\" src=\"https:\/\/vieassociative.be\/actualites\/wp-content\/uploads\/2025\/10\/1760343474_571_Le-depute-Patrick-Spies-critique-linterdiction-de-labattage-a-domicile.jpg\" alt=\"\" width=\"300\" height=\"200\"><\/div>\n<p>Lors du d\u00e9bat parlementaire, Spies a directement abord\u00e9 la contradiction dans la position du gouvernement : \u00ab\u00a0Je trouve votre position quelque peu contradictoire. D&rsquo;un c\u00f4t\u00e9, vous voulez autoriser l&rsquo;abattage \u00e0 la ferme afin de raccourcir les trajets de transport et d&rsquo;am\u00e9liorer le bien-\u00eatre des animaux &#8211; de l&rsquo;autre, vous interdisez compl\u00e8tement l&rsquo;abattage national. Cela ne va pas ensemble.\u00a0\u00bb<\/p>\n<p>Le ministre a justifi\u00e9 cette interdiction en affirmant que \u00ab\u00a0la bonne anesth\u00e9sie des animaux par des particuliers peut difficilement \u00eatre garantie\u00a0\u00bb et que les contr\u00f4les sur les propri\u00e9taires priv\u00e9s sont \u00ab\u00a0pratiquement impossibles\u00a0\u00bb.<\/p>\n<p>Les espions y voient une mesure disproportionn\u00e9e. \u00ab\u00a0Au lieu d&rsquo;interdire fondamentalement tout abattage priv\u00e9, il faudrait promouvoir sp\u00e9cifiquement l&rsquo;\u00e9ducation, la formation et le contr\u00f4le. Les griefs individuels ne doivent pas conduire \u00e0 une suspicion g\u00e9n\u00e9rale de tous les propri\u00e9taires d&rsquo;animaux\u00a0\u00bb, a-t-il d\u00e9clar\u00e9.<\/p>\n<p><strong><\/strong> Au moins, Spies consid\u00e8re comme positif que, selon la r\u00e9ponse du ministre, il y ait une exception \u00e0 l&rsquo;interdiction pour les propri\u00e9taires d&rsquo;animaux professionnels. Les propri\u00e9taires d&rsquo;animaux officiellement enregistr\u00e9s comme exploitation agricole aupr\u00e8s de l&rsquo;ARSIA (registre wallon des animaux) continueront \u00e0 l&rsquo;avenir \u00e0 \u00eatre autoris\u00e9s \u00e0 abattre leurs propres animaux. Toutefois, seulement si la viande est destin\u00e9e exclusivement \u00e0 votre propre consommation domestique.<\/p>\n<p>Conclusion : selon Spies, l&rsquo;interdiction pr\u00e9vue concerne principalement les propri\u00e9taires d&rsquo;animaux de loisir et les petites entreprises, c&rsquo;est-\u00e0-dire ceux qui ne d\u00e9tiennent g\u00e9n\u00e9ralement que quelques animaux et les abattent traditionnellement pour leur propre usage.<br \/>\nSpies appelle le gouvernement wallon \u00e0 agir \u00ab avec plus de proportion \u00bb :<br \/>\n\u00ab\u00a0Le bien-\u00eatre animal ne doit pas servir de pr\u00e9texte pour emp\u00eacher les formes d&rsquo;\u00e9levage traditionnelles et responsables dans les zones rurales. Quiconque conna\u00eet la r\u00e9alit\u00e9 du terrain sait que bien-\u00eatre animal et expertise peuvent aller de pair.\u00a0\u00bb<\/p>\n<p>Dans le m\u00eame temps, il souligne l\u2019importance d\u2019une discussion objective et diff\u00e9renci\u00e9e :<br \/>\n\u00ab\u00a0Nous devons examiner s\u00e9par\u00e9ment l&rsquo;abattage \u00e0 la ferme et l&rsquo;abattage \u00e0 domicile. M\u00eame si je soutiens pleinement le projet d&rsquo;abattage \u00e0 la ferme, je ne peux pas saluer l&rsquo;interdiction pr\u00e9vue de l&rsquo;abattage \u00e0 domicile priv\u00e9. Je crains que le gouvernement ne politise cela sans tenir compte de la r\u00e9alit\u00e9 de la vie de nombreuses personnes dans les zones rurales.\u00a0\u00bb<\/p>\n","protected":false},"excerpt":{"rendered":"<p>Lors d&rsquo;une s\u00e9ance du Parlement wallon, le d\u00e9put\u00e9 r\u00e9gional de l&rsquo;Est de la Belgique Patrick Spies (PS\/SP) a interrog\u00e9 le Premier ministre Adrien Dolimont (MR),<\/p>\n","protected":false},"author":1,"featured_media":10634,"comment_status":"","ping_status":"","sticky":false,"template":"","format":"standard","meta":{"footnotes":""},"categories":[298],"tags":[3364,6922,2351,8883,4830,3954,5919,2970],"class_list":["post-10633","post","type-post","status-publish","format-standard","has-post-thumbnail","hentry","category-belgique","tag-critique","tag-depute","tag-domicile","tag-labattage","tag-linterdiction","tag-patrick","tag-spies","tag-wallonie","generate-columns","tablet-grid-50","mobile-grid-100","grid-parent","grid-33"],"yoast_head":"<!-- This site is optimized with the Yoast SEO plugin v24.0 - https:\/\/yoast.com\/wordpress\/plugins\/seo\/ -->\n<title>Le d\u00e9put\u00e9 Patrick Spies critique l&#039;interdiction de l&#039;abattage \u00e0 domicile en Wallonie | Vie Associative<\/title>\n<meta name=\"robots\" content=\"index, follow, max-snippet:-1, max-image-preview:large, max-video-preview:-1\" \/>\n<link rel=\"canonical\" href=\"https:\/\/vieassociative.be\/actualites\/le-depute-patrick-spies-critique-linterdiction-de-labattage-a-domicile-en-wallonie\/\" \/>\n<meta property=\"og:locale\" content=\"fr_FR\" \/>\n<meta property=\"og:type\" content=\"article\" \/>\n<meta property=\"og:title\" content=\"Le d\u00e9put\u00e9 Patrick Spies critique l&#039;interdiction de l&#039;abattage \u00e0 domicile en Wallonie | Vie Associative\" \/>\n<meta property=\"og:description\" content=\"Lors d&rsquo;une s\u00e9ance du Parlement wallon, le d\u00e9put\u00e9 r\u00e9gional de l&rsquo;Est de la Belgique Patrick Spies (PS\/SP) a interrog\u00e9 le Premier ministre Adrien Dolimont (MR),\" \/>\n<meta property=\"og:url\" content=\"https:\/\/vieassociative.be\/actualites\/le-depute-patrick-spies-critique-linterdiction-de-labattage-a-domicile-en-wallonie\/\" \/>\n<meta property=\"og:site_name\" content=\"Vie Associative\" \/>\n<meta property=\"article:published_time\" content=\"2025-10-13T08:17:54+00:00\" \/>\n<meta property=\"og:image\" content=\"https:\/\/vieassociative.be\/actualites\/wp-content\/uploads\/2024\/09\/header_backgroundk-01-e1726694325946.png\" \/>\n\t<meta property=\"og:image:width\" content=\"279\" \/>\n\t<meta property=\"og:image:height\" content=\"92\" \/>\n\t<meta property=\"og:image:type\" content=\"image\/png\" \/>\n<meta name=\"author\" content=\"Julien\" \/>\n<meta name=\"twitter:card\" content=\"summary_large_image\" \/>\n<meta name=\"twitter:label1\" content=\"\u00c9crit par\" \/>\n\t<meta name=\"twitter:data1\" content=\"Julien\" \/>\n\t<meta name=\"twitter:label2\" content=\"Dur\u00e9e de lecture est.\" \/>\n\t<meta name=\"twitter:data2\" content=\"4 minutes\" \/>\n<script type=\"application\/ld+json\" class=\"yoast-schema-graph\">{\"@context\":\"https:\/\/schema.org\",\"@graph\":[{\"@type\":\"Article\",\"@id\":\"https:\/\/vieassociative.be\/actualites\/le-depute-patrick-spies-critique-linterdiction-de-labattage-a-domicile-en-wallonie\/#article\",\"isPartOf\":{\"@id\":\"https:\/\/vieassociative.be\/actualites\/le-depute-patrick-spies-critique-linterdiction-de-labattage-a-domicile-en-wallonie\/\"},\"author\":{\"name\":\"Julien\",\"@id\":\"https:\/\/vieassociative.be\/actualites\/#\/schema\/person\/b87ac4f82f9d4e7b7cec7395b679edc4\"},\"headline\":\"Le d\u00e9put\u00e9 Patrick Spies critique l&rsquo;interdiction de l&rsquo;abattage \u00e0 domicile en Wallonie\",\"datePublished\":\"2025-10-13T08:17:54+00:00\",\"dateModified\":\"2025-10-13T08:17:54+00:00\",\"mainEntityOfPage\":{\"@id\":\"https:\/\/vieassociative.be\/actualites\/le-depute-patrick-spies-critique-linterdiction-de-labattage-a-domicile-en-wallonie\/\"},\"wordCount\":928,\"publisher\":{\"@id\":\"https:\/\/vieassociative.be\/actualites\/#organization\"},\"image\":{\"@id\":\"https:\/\/vieassociative.be\/actualites\/le-depute-patrick-spies-critique-linterdiction-de-labattage-a-domicile-en-wallonie\/#primaryimage\"},\"thumbnailUrl\":\"https:\/\/vieassociative.be\/actualites\/wp-content\/uploads\/2025\/10\/1760343475_Le-depute-Patrick-Spies-critique-linterdiction-de-labattage-a-domicile.jpg\",\"keywords\":[\"critique\",\"d\u00e9put\u00e9\",\"domicile\",\"labattage\",\"linterdiction\",\"Patrick\",\"Spies\",\"Wallonie\"],\"articleSection\":[\"Belgique\"],\"inLanguage\":\"fr-BE\"},{\"@type\":\"WebPage\",\"@id\":\"https:\/\/vieassociative.be\/actualites\/le-depute-patrick-spies-critique-linterdiction-de-labattage-a-domicile-en-wallonie\/\",\"url\":\"https:\/\/vieassociative.be\/actualites\/le-depute-patrick-spies-critique-linterdiction-de-labattage-a-domicile-en-wallonie\/\",\"name\":\"Le d\u00e9put\u00e9 Patrick Spies critique l'interdiction de l'abattage \u00e0 domicile en Wallonie | Vie Associative\",\"isPartOf\":{\"@id\":\"https:\/\/vieassociative.be\/actualites\/#website\"},\"primaryImageOfPage\":{\"@id\":\"https:\/\/vieassociative.be\/actualites\/le-depute-patrick-spies-critique-linterdiction-de-labattage-a-domicile-en-wallonie\/#primaryimage\"},\"image\":{\"@id\":\"https:\/\/vieassociative.be\/actualites\/le-depute-patrick-spies-critique-linterdiction-de-labattage-a-domicile-en-wallonie\/#primaryimage\"},\"thumbnailUrl\":\"https:\/\/vieassociative.be\/actualites\/wp-content\/uploads\/2025\/10\/1760343475_Le-depute-Patrick-Spies-critique-linterdiction-de-labattage-a-domicile.jpg\",\"datePublished\":\"2025-10-13T08:17:54+00:00\",\"dateModified\":\"2025-10-13T08:17:54+00:00\",\"breadcrumb\":{\"@id\":\"https:\/\/vieassociative.be\/actualites\/le-depute-patrick-spies-critique-linterdiction-de-labattage-a-domicile-en-wallonie\/#breadcrumb\"},\"inLanguage\":\"fr-BE\",\"potentialAction\":[{\"@type\":\"ReadAction\",\"target\":[\"https:\/\/vieassociative.be\/actualites\/le-depute-patrick-spies-critique-linterdiction-de-labattage-a-domicile-en-wallonie\/\"]}]},{\"@type\":\"ImageObject\",\"inLanguage\":\"fr-BE\",\"@id\":\"https:\/\/vieassociative.be\/actualites\/le-depute-patrick-spies-critique-linterdiction-de-labattage-a-domicile-en-wallonie\/#primaryimage\",\"url\":\"https:\/\/vieassociative.be\/actualites\/wp-content\/uploads\/2025\/10\/1760343475_Le-depute-Patrick-Spies-critique-linterdiction-de-labattage-a-domicile.jpg\",\"contentUrl\":\"https:\/\/vieassociative.be\/actualites\/wp-content\/uploads\/2025\/10\/1760343475_Le-depute-Patrick-Spies-critique-linterdiction-de-labattage-a-domicile.jpg\",\"width\":1200,\"height\":801,\"caption\":\"Le d\u00e9put\u00e9 Patrick Spies critique l'interdiction de l'abattage \u00e0 domicile en Wallonie\"},{\"@type\":\"BreadcrumbList\",\"@id\":\"https:\/\/vieassociative.be\/actualites\/le-depute-patrick-spies-critique-linterdiction-de-labattage-a-domicile-en-wallonie\/#breadcrumb\",\"itemListElement\":[{\"@type\":\"ListItem\",\"position\":1,\"name\":\"Accueil\",\"item\":\"https:\/\/vieassociative.be\/actualites\/\"},{\"@type\":\"ListItem\",\"position\":2,\"name\":\"Le d\u00e9put\u00e9 Patrick Spies critique l&rsquo;interdiction de l&rsquo;abattage \u00e0 domicile en Wallonie\"}]},{\"@type\":\"WebSite\",\"@id\":\"https:\/\/vieassociative.be\/actualites\/#website\",\"url\":\"https:\/\/vieassociative.be\/actualites\/\",\"name\":\"Vie Associative\",\"description\":\"\",\"publisher\":{\"@id\":\"https:\/\/vieassociative.be\/actualites\/#organization\"},\"potentialAction\":[{\"@type\":\"SearchAction\",\"target\":{\"@type\":\"EntryPoint\",\"urlTemplate\":\"https:\/\/vieassociative.be\/actualites\/?s={search_term_string}\"},\"query-input\":{\"@type\":\"PropertyValueSpecification\",\"valueRequired\":true,\"valueName\":\"search_term_string\"}}],\"inLanguage\":\"fr-BE\"},{\"@type\":\"Organization\",\"@id\":\"https:\/\/vieassociative.be\/actualites\/#organization\",\"name\":\"Vie Associative\",\"url\":\"https:\/\/vieassociative.be\/actualites\/\",\"logo\":{\"@type\":\"ImageObject\",\"inLanguage\":\"fr-BE\",\"@id\":\"https:\/\/vieassociative.be\/actualites\/#\/schema\/logo\/image\/\",\"url\":\"https:\/\/vieassociative.be\/actualites\/wp-content\/uploads\/2024\/09\/cropped-vieassociative_favicon.ico.png\",\"contentUrl\":\"https:\/\/vieassociative.be\/actualites\/wp-content\/uploads\/2024\/09\/cropped-vieassociative_favicon.ico.png\",\"width\":512,\"height\":512,\"caption\":\"Vie Associative\"},\"image\":{\"@id\":\"https:\/\/vieassociative.be\/actualites\/#\/schema\/logo\/image\/\"}},{\"@type\":\"Person\",\"@id\":\"https:\/\/vieassociative.be\/actualites\/#\/schema\/person\/b87ac4f82f9d4e7b7cec7395b679edc4\",\"name\":\"Julien\",\"image\":{\"@type\":\"ImageObject\",\"inLanguage\":\"fr-BE\",\"@id\":\"https:\/\/vieassociative.be\/actualites\/#\/schema\/person\/image\/\",\"url\":\"https:\/\/vieassociative.be\/actualites\/wp-content\/uploads\/2024\/09\/vie-associative-1-150x150.jpg\",\"contentUrl\":\"https:\/\/vieassociative.be\/actualites\/wp-content\/uploads\/2024\/09\/vie-associative-1-150x150.jpg\",\"caption\":\"Julien\"},\"description\":\"Je suis Julien, r\u00e9dacteur pour Vie Associative. Passionn\u00e9 par le monde associatif depuis plus de 10 ans, j'ai \u00e0 c\u0153ur de partager des histoires inspirantes et de mettre en lumi\u00e8re les initiatives locales. Mon objectif est de sensibiliser et d'encourager l'engagement communautaire \u00e0 travers mes articles.\",\"sameAs\":[\"https:\/\/vieassociative.be\/\"]}]}<\/script>\n<!-- \/ Yoast SEO plugin. -->","yoast_head_json":{"title":"Le d\u00e9put\u00e9 Patrick Spies critique l'interdiction de l'abattage \u00e0 domicile en Wallonie | Vie Associative","robots":{"index":"index","follow":"follow","max-snippet":"max-snippet:-1","max-image-preview":"max-image-preview:large","max-video-preview":"max-video-preview:-1"},"canonical":"https:\/\/vieassociative.be\/actualites\/le-depute-patrick-spies-critique-linterdiction-de-labattage-a-domicile-en-wallonie\/","og_locale":"fr_FR","og_type":"article","og_title":"Le d\u00e9put\u00e9 Patrick Spies critique l'interdiction de l'abattage \u00e0 domicile en Wallonie | Vie Associative","og_description":"Lors d&rsquo;une s\u00e9ance du Parlement wallon, le d\u00e9put\u00e9 r\u00e9gional de l&rsquo;Est de la Belgique Patrick Spies (PS\/SP) a interrog\u00e9 le Premier ministre Adrien Dolimont (MR),","og_url":"https:\/\/vieassociative.be\/actualites\/le-depute-patrick-spies-critique-linterdiction-de-labattage-a-domicile-en-wallonie\/","og_site_name":"Vie Associative","article_published_time":"2025-10-13T08:17:54+00:00","og_image":[{"width":279,"height":92,"url":"https:\/\/vieassociative.be\/actualites\/wp-content\/uploads\/2024\/09\/header_backgroundk-01-e1726694325946.png","type":"image\/png"}],"author":"Julien","twitter_card":"summary_large_image","twitter_misc":{"\u00c9crit par":"Julien","Dur\u00e9e de lecture est.":"4 minutes"},"schema":{"@context":"https:\/\/schema.org","@graph":[{"@type":"Article","@id":"https:\/\/vieassociative.be\/actualites\/le-depute-patrick-spies-critique-linterdiction-de-labattage-a-domicile-en-wallonie\/#article","isPartOf":{"@id":"https:\/\/vieassociative.be\/actualites\/le-depute-patrick-spies-critique-linterdiction-de-labattage-a-domicile-en-wallonie\/"},"author":{"name":"Julien","@id":"https:\/\/vieassociative.be\/actualites\/#\/schema\/person\/b87ac4f82f9d4e7b7cec7395b679edc4"},"headline":"Le d\u00e9put\u00e9 Patrick Spies critique l&rsquo;interdiction de l&rsquo;abattage \u00e0 domicile en Wallonie","datePublished":"2025-10-13T08:17:54+00:00","dateModified":"2025-10-13T08:17:54+00:00","mainEntityOfPage":{"@id":"https:\/\/vieassociative.be\/actualites\/le-depute-patrick-spies-critique-linterdiction-de-labattage-a-domicile-en-wallonie\/"},"wordCount":928,"publisher":{"@id":"https:\/\/vieassociative.be\/actualites\/#organization"},"image":{"@id":"https:\/\/vieassociative.be\/actualites\/le-depute-patrick-spies-critique-linterdiction-de-labattage-a-domicile-en-wallonie\/#primaryimage"},"thumbnailUrl":"https:\/\/vieassociative.be\/actualites\/wp-content\/uploads\/2025\/10\/1760343475_Le-depute-Patrick-Spies-critique-linterdiction-de-labattage-a-domicile.jpg","keywords":["critique","d\u00e9put\u00e9","domicile","labattage","linterdiction","Patrick","Spies","Wallonie"],"articleSection":["Belgique"],"inLanguage":"fr-BE"},{"@type":"WebPage","@id":"https:\/\/vieassociative.be\/actualites\/le-depute-patrick-spies-critique-linterdiction-de-labattage-a-domicile-en-wallonie\/","url":"https:\/\/vieassociative.be\/actualites\/le-depute-patrick-spies-critique-linterdiction-de-labattage-a-domicile-en-wallonie\/","name":"Le d\u00e9put\u00e9 Patrick Spies critique l'interdiction de l'abattage \u00e0 domicile en Wallonie | Vie Associative","isPartOf":{"@id":"https:\/\/vieassociative.be\/actualites\/#website"},"primaryImageOfPage":{"@id":"https:\/\/vieassociative.be\/actualites\/le-depute-patrick-spies-critique-linterdiction-de-labattage-a-domicile-en-wallonie\/#primaryimage"},"image":{"@id":"https:\/\/vieassociative.be\/actualites\/le-depute-patrick-spies-critique-linterdiction-de-labattage-a-domicile-en-wallonie\/#primaryimage"},"thumbnailUrl":"https:\/\/vieassociative.be\/actualites\/wp-content\/uploads\/2025\/10\/1760343475_Le-depute-Patrick-Spies-critique-linterdiction-de-labattage-a-domicile.jpg","datePublished":"2025-10-13T08:17:54+00:00","dateModified":"2025-10-13T08:17:54+00:00","breadcrumb":{"@id":"https:\/\/vieassociative.be\/actualites\/le-depute-patrick-spies-critique-linterdiction-de-labattage-a-domicile-en-wallonie\/#breadcrumb"},"inLanguage":"fr-BE","potentialAction":[{"@type":"ReadAction","target":["https:\/\/vieassociative.be\/actualites\/le-depute-patrick-spies-critique-linterdiction-de-labattage-a-domicile-en-wallonie\/"]}]},{"@type":"ImageObject","inLanguage":"fr-BE","@id":"https:\/\/vieassociative.be\/actualites\/le-depute-patrick-spies-critique-linterdiction-de-labattage-a-domicile-en-wallonie\/#primaryimage","url":"https:\/\/vieassociative.be\/actualites\/wp-content\/uploads\/2025\/10\/1760343475_Le-depute-Patrick-Spies-critique-linterdiction-de-labattage-a-domicile.jpg","contentUrl":"https:\/\/vieassociative.be\/actualites\/wp-content\/uploads\/2025\/10\/1760343475_Le-depute-Patrick-Spies-critique-linterdiction-de-labattage-a-domicile.jpg","width":1200,"height":801,"caption":"Le d\u00e9put\u00e9 Patrick Spies critique l'interdiction de l'abattage \u00e0 domicile en Wallonie"},{"@type":"BreadcrumbList","@id":"https:\/\/vieassociative.be\/actualites\/le-depute-patrick-spies-critique-linterdiction-de-labattage-a-domicile-en-wallonie\/#breadcrumb","itemListElement":[{"@type":"ListItem","position":1,"name":"Accueil","item":"https:\/\/vieassociative.be\/actualites\/"},{"@type":"ListItem","position":2,"name":"Le d\u00e9put\u00e9 Patrick Spies critique l&rsquo;interdiction de l&rsquo;abattage \u00e0 domicile en Wallonie"}]},{"@type":"WebSite","@id":"https:\/\/vieassociative.be\/actualites\/#website","url":"https:\/\/vieassociative.be\/actualites\/","name":"Vie Associative","description":"","publisher":{"@id":"https:\/\/vieassociative.be\/actualites\/#organization"},"potentialAction":[{"@type":"SearchAction","target":{"@type":"EntryPoint","urlTemplate":"https:\/\/vieassociative.be\/actualites\/?s={search_term_string}"},"query-input":{"@type":"PropertyValueSpecification","valueRequired":true,"valueName":"search_term_string"}}],"inLanguage":"fr-BE"},{"@type":"Organization","@id":"https:\/\/vieassociative.be\/actualites\/#organization","name":"Vie Associative","url":"https:\/\/vieassociative.be\/actualites\/","logo":{"@type":"ImageObject","inLanguage":"fr-BE","@id":"https:\/\/vieassociative.be\/actualites\/#\/schema\/logo\/image\/","url":"https:\/\/vieassociative.be\/actualites\/wp-content\/uploads\/2024\/09\/cropped-vieassociative_favicon.ico.png","contentUrl":"https:\/\/vieassociative.be\/actualites\/wp-content\/uploads\/2024\/09\/cropped-vieassociative_favicon.ico.png","width":512,"height":512,"caption":"Vie Associative"},"image":{"@id":"https:\/\/vieassociative.be\/actualites\/#\/schema\/logo\/image\/"}},{"@type":"Person","@id":"https:\/\/vieassociative.be\/actualites\/#\/schema\/person\/b87ac4f82f9d4e7b7cec7395b679edc4","name":"Julien","image":{"@type":"ImageObject","inLanguage":"fr-BE","@id":"https:\/\/vieassociative.be\/actualites\/#\/schema\/person\/image\/","url":"https:\/\/vieassociative.be\/actualites\/wp-content\/uploads\/2024\/09\/vie-associative-1-150x150.jpg","contentUrl":"https:\/\/vieassociative.be\/actualites\/wp-content\/uploads\/2024\/09\/vie-associative-1-150x150.jpg","caption":"Julien"},"description":"Je suis Julien, r\u00e9dacteur pour Vie Associative. Passionn\u00e9 par le monde associatif depuis plus de 10 ans, j'ai \u00e0 c\u0153ur de partager des histoires inspirantes et de mettre en lumi\u00e8re les initiatives locales. Mon objectif est de sensibiliser et d'encourager l'engagement communautaire \u00e0 travers mes articles.","sameAs":["https:\/\/vieassociative.be\/"]}]}},"_links":{"self":[{"href":"https:\/\/vieassociative.be\/actualites\/wp-json\/wp\/v2\/posts\/10633"}],"collection":[{"href":"https:\/\/vieassociative.be\/actualites\/wp-json\/wp\/v2\/posts"}],"about":[{"href":"https:\/\/vieassociative.be\/actualites\/wp-json\/wp\/v2\/types\/post"}],"author":[{"embeddable":true,"href":"https:\/\/vieassociative.be\/actualites\/wp-json\/wp\/v2\/users\/1"}],"replies":[{"embeddable":true,"href":"https:\/\/vieassociative.be\/actualites\/wp-json\/wp\/v2\/comments?post=10633"}],"version-history":[{"count":0,"href":"https:\/\/vieassociative.be\/actualites\/wp-json\/wp\/v2\/posts\/10633\/revisions"}],"wp:featuredmedia":[{"embeddable":true,"href":"https:\/\/vieassociative.be\/actualites\/wp-json\/wp\/v2\/media\/10634"}],"wp:attachment":[{"href":"https:\/\/vieassociative.be\/actualites\/wp-json\/wp\/v2\/media?parent=10633"}],"wp:term":[{"taxonomy":"category","embeddable":true,"href":"https:\/\/vieassociative.be\/actualites\/wp-json\/wp\/v2\/categories?post=10633"},{"taxonomy":"post_tag","embeddable":true,"href":"https:\/\/vieassociative.be\/actualites\/wp-json\/wp\/v2\/tags?post=10633"}],"curies":[{"name":"wp","href":"https:\/\/api.w.org\/{rel}","templated":true}]}}